{"id":442173,"date":"2017-03-11T22:40:55","date_gmt":"2017-03-11T22:40:55","guid":{"rendered":"https:\/\/www.pressenza.com\/?p=442173\/"},"modified":"2017-03-11T23:19:25","modified_gmt":"2017-03-11T23:19:25","slug":"banca-y-punto","status":"publish","type":"post","link":"https:\/\/www.pressenza.com\/es\/2017\/03\/banca-y-punto\/","title":{"rendered":"Banca y punto"},"content":{"rendered":"<p>En la argentina de macri \u2013 as\u00ed, con min\u00fasculas \u2013 la pobreza sube porque los salarios bajan. La indigencia sube, por las nubes, como el precio del gas, de la fruta, de la leche. Y todo a media luz, para que el kilowatt no duela. Duelen s\u00ed, los comercios que cierran. Alquiler desmedido contra consumo medido. En la argentina \u2013 empeque\u00f1ecida \u2013 de macri, la importaci\u00f3n se abre y las f\u00e1bricas se cierran. Se abren los cofres de las ganancias en moneda dura del latifundio, mientras los pobres cierran puertas de coches por dos monedas que no duran. O los lavan, por diez, veinte o cincuenta, mientras el que preside y su caterva lavan negocios sucios en oscuras diez, veinte o cien cuentas. Nada debe impedir el negocio, mucho menos la conciencia. As\u00ed, m\u00e1s que con, nos quedamos sin ciencia, porque investigar cuesta y duele. Sobre todo al norte que ha patentado hasta el susto.<\/p>\n<p>En la argentina sin plata, tina a secas, se miente por la tele noche y d\u00eda, pantalla que no muestra lo que a todos nos pasa. Libertad de expresi\u00f3n que expulsa periodistas, ahoga la cr\u00edtica y extermina la democracia, una mina cada vez m\u00e1s extra\u00f1a. Esa pantalla que oculta, que hace parecer que lo blanco es negro y deja un amarillento color sobre todo. Tal vez cambiemos \u2013 as\u00ed, muy con min\u00fascula \u2013 hasta la bandera, poniendo un d\u00f3lar como sol entre dos franjas de celestial mercado.<\/p>\n<p>En la argentina de ayer \u2013 que cronol\u00f3gicamente es la de hoy \u2013 al que es rebelde sin causa, se le arma una. A quien contradice \u2013 o sea dice en contra &#8211; se le abrir\u00e1 expediente y encerrar\u00e1 en la c\u00e1rcel, como manda la justicia falsa de ojos vendados y bolsillos abiertos. Y garrote para el que no entienda, que ac\u00e1 se acab\u00f3 el despilfarro.<\/p>\n<p>Porque despilfarro es gastar para que ni\u00f1os aprendan lo que no tienen que aprender, que la salud sea un bien de todos y todas, no un negocio de pocos, que roban pero no andan en moto. Despilfarro los remedios para los viejos que igual, tarde o temprano, se van a morir. Ahora &#8211; para fastidio de las arcas de los garcas \u2013 m\u00e1s tarde que temprano. Si es que \u2013 a despecho de los augurios estad\u00edsticos &#8211; la angustia de ver morir de hambre a hijas o a hijos, no los mata antes.<\/p>\n<p>Hambre s\u00ed, eso dicen los n\u00fameros, hay en argentina. Tierra de promisi\u00f3n agropecuaria, campo infinito que ya no alimenta los est\u00f3magos que vagan por las ciudades en busca de pan para saciar su rabia. Deuda social con los que no saben c\u00f3mo cobrarla y deuda infernal, de nuevo, mortal, con los que s\u00ed saben c\u00f3mo hacerlo.<\/p>\n<p>Porque la sumisi\u00f3n es su misi\u00f3n. Someterse y arrodillarse, ya que ser soberano y libre es meterse en problemas. Tener como amigos a los hermanos del sur es unir lo que debe ser dividido, seg\u00fan el norte. Norte que ya tiene en sus entra\u00f1as bastante cala\u00f1a del sur y quiere ahora exorcizarla. Discriminaci\u00f3n que imitan los cobardes de ac\u00e1 para parecerse a los cobardes de all\u00e1.<\/p>\n<p>Podr\u00eda contarlo en cifras, como suelen contarse estas cosas, pero hoy prefiero decirlo con todas las letras, para que, ojal\u00e1, se entienda mejor.<\/p>\n<p>As\u00ed est\u00e1 la argentina, que parece que fuera de macri, puesto menor, mandadero de mandantes. As\u00ed tambi\u00e9n est\u00e1 el brasil de temer, en el que la esperanza ha sido congelada por veinte a\u00f1os. El paraguay colorado, tierra de color rojizo, mezcla de arcilla y violencia. El querido chile, que a pesar de haberle agregado sacarina, no puede sacarse el amargo gusto de pinochet y friedmann. La colombia, donde la paz es una mueca asesinada todos los d\u00edas por un sicario a sueldo de terratenientes. \u00a0As\u00ed est\u00e1 tambi\u00e9n el m\u00e9jico de indios y mestizos, traicionados por un malinche de rostro blanco y una vez m\u00e1s enga\u00f1ados, esta vez por un yanqui descort\u00e9s. Y ahora amenazan con ce\u00f1ir su lasso sobre el Ecuador rebelde, para convertirlo en perrito simp\u00e1tico como el per\u00fa de kuczinski.<\/p>\n<p>Es que son todos lo mismo y para lo mismo. No es casual, es igual. No es ficci\u00f3n, aunque a veces parezca. No es error, ni improvisaci\u00f3n, es plan. Es premeditaci\u00f3n y alevos\u00eda. A eso vinieron. Son la banca. Y punto.<\/p>\n<p>&nbsp;<\/p>\n","protected":false},"excerpt":{"rendered":"<p>En la argentina de macri \u2013 as\u00ed, con min\u00fasculas \u2013 la pobreza sube porque los salarios bajan. La indigencia sube, por las nubes, como el precio del gas, de la fruta, de la leche. Y todo a media luz, para&hellip;<\/p>\n","protected":false},"author":970,"featured_media":442236,"comment_status":"closed","ping_status":"closed","sticky":false,"template":"","format":"standard","meta":{"footnotes":""},"categories":[11389,161,74,67],"tags":[26,34396,25496,26225,28151],"class_list":["post-442173","post","type-post","status-publish","format-standard","has-post-thumbnail","hentry","category-contenido-original","category-opiniones","category-politica-es","category-sudamerica","tag-argentina","tag-elecciones-ecuador","tag-foro-comunicacion-para-la-integracion-de-nuestramerica","tag-macri","tag-pobreza-cero"],"yoast_head":"<!-- This site is optimized with the Yoast SEO plugin v27.1.1 - https:\/\/yoast.com\/product\/yoast-seo-wordpress\/ -->\n<title>Banca y punto<\/title>\n<meta name=\"description\" content=\"En la argentina de macri \u2013 as\u00ed, con min\u00fasculas \u2013 la pobreza sube porque los salarios bajan. La indigencia sube, por las nubes, como el precio del gas, de\" \/>\n<meta name=\"robots\" content=\"index, follow, max-snippet:-1, max-image-preview:large, max-video-preview:-1\" \/>\n<link rel=\"canonical\" href=\"https:\/\/www.pressenza.com\/es\/2017\/03\/banca-y-punto\/\" \/>\n<meta property=\"og:locale\" content=\"es_ES\" \/>\n<meta property=\"og:type\" content=\"article\" \/>\n<meta property=\"og:title\" content=\"Banca y punto\" \/>\n<meta property=\"og:description\" content=\"En la argentina de macri \u2013 as\u00ed, con min\u00fasculas \u2013 la pobreza sube porque los salarios bajan. La indigencia sube, por las nubes, como el precio del gas, de\" \/>\n<meta property=\"og:url\" content=\"https:\/\/www.pressenza.com\/es\/2017\/03\/banca-y-punto\/\" \/>\n<meta property=\"og:site_name\" content=\"Pressenza\" \/>\n<meta property=\"article:publisher\" content=\"https:\/\/www.facebook.com\/PressenzaItalia\" \/>\n<meta property=\"article:author\" content=\"https:\/\/www.facebook.com\/javier.tolcachier?fref=ts\" \/>\n<meta property=\"article:published_time\" content=\"2017-03-11T22:40:55+00:00\" \/>\n<meta property=\"article:modified_time\" content=\"2017-03-11T23:19:25+00:00\" \/>\n<meta property=\"og:image\" content=\"https:\/\/www.pressenza.com\/wp-content\/uploads\/2017\/03\/Visita_do_presidente_da_Argentina_Maur--cio_Macri_ao_Brasil_06-1.jpg\" \/>\n\t<meta property=\"og:image:width\" content=\"2048\" \/>\n\t<meta property=\"og:image:height\" content=\"1366\" \/>\n\t<meta property=\"og:image:type\" content=\"image\/jpeg\" \/>\n<meta name=\"author\" content=\"Javier Tolcachier\" \/>\n<meta name=\"twitter:card\" content=\"summary_large_image\" \/>\n<meta name=\"twitter:creator\" content=\"@jtolcachier\" \/>\n<meta name=\"twitter:site\" content=\"@PressenzaIPA\" \/>\n<meta name=\"twitter:label1\" content=\"Escrito por\" \/>\n\t<meta name=\"twitter:data1\" content=\"Javier Tolcachier\" \/>\n\t<meta name=\"twitter:label2\" content=\"Tiempo de lectura\" \/>\n\t<meta name=\"twitter:data2\" content=\"4 minutos\" \/>\n<script type=\"application\/ld+json\" class=\"yoast-schema-graph\">{\"@context\":\"https:\/\/schema.org\",\"@graph\":[{\"@type\":\"Article\",\"@id\":\"https:\/\/www.pressenza.com\/es\/2017\/03\/banca-y-punto\/#article\",\"isPartOf\":{\"@id\":\"https:\/\/www.pressenza.com\/es\/2017\/03\/banca-y-punto\/\"},\"author\":{\"name\":\"Javier Tolcachier\",\"@id\":\"https:\/\/www.pressenza.com\/es\/#\/schema\/person\/f353f6d4eed144101dedba60e6227564\"},\"headline\":\"Banca y punto\",\"datePublished\":\"2017-03-11T22:40:55+00:00\",\"dateModified\":\"2017-03-11T23:19:25+00:00\",\"mainEntityOfPage\":{\"@id\":\"https:\/\/www.pressenza.com\/es\/2017\/03\/banca-y-punto\/\"},\"wordCount\":755,\"publisher\":{\"@id\":\"https:\/\/www.pressenza.com\/es\/#organization\"},\"image\":{\"@id\":\"https:\/\/www.pressenza.com\/es\/2017\/03\/banca-y-punto\/#primaryimage\"},\"thumbnailUrl\":\"https:\/\/www.pressenza.com\/wp-content\/uploads\/2017\/03\/Visita_do_presidente_da_Argentina_Maur--cio_Macri_ao_Brasil_06-1.jpg\",\"keywords\":[\"Argentina\",\"Elecciones Ecuador\",\"Foro Comunicaci\u00f3n para la Integraci\u00f3n de NuestrAm\u00e9rica\",\"Macri\",\"pobreza cero\"],\"articleSection\":[\"Contenido Original\",\"Opiniones\",\"Pol\u00edtica\",\"Sudam\u00e9rica\"],\"inLanguage\":\"es\"},{\"@type\":\"WebPage\",\"@id\":\"https:\/\/www.pressenza.com\/es\/2017\/03\/banca-y-punto\/\",\"url\":\"https:\/\/www.pressenza.com\/es\/2017\/03\/banca-y-punto\/\",\"name\":\"Banca y punto\",\"isPartOf\":{\"@id\":\"https:\/\/www.pressenza.com\/es\/#website\"},\"primaryImageOfPage\":{\"@id\":\"https:\/\/www.pressenza.com\/es\/2017\/03\/banca-y-punto\/#primaryimage\"},\"image\":{\"@id\":\"https:\/\/www.pressenza.com\/es\/2017\/03\/banca-y-punto\/#primaryimage\"},\"thumbnailUrl\":\"https:\/\/www.pressenza.com\/wp-content\/uploads\/2017\/03\/Visita_do_presidente_da_Argentina_Maur--cio_Macri_ao_Brasil_06-1.jpg\",\"datePublished\":\"2017-03-11T22:40:55+00:00\",\"dateModified\":\"2017-03-11T23:19:25+00:00\",\"description\":\"En la argentina de macri \u2013 as\u00ed, con min\u00fasculas \u2013 la pobreza sube porque los salarios bajan. La indigencia sube, por las nubes, como el precio del gas, de\",\"breadcrumb\":{\"@id\":\"https:\/\/www.pressenza.com\/es\/2017\/03\/banca-y-punto\/#breadcrumb\"},\"inLanguage\":\"es\",\"potentialAction\":[{\"@type\":\"ReadAction\",\"target\":[\"https:\/\/www.pressenza.com\/es\/2017\/03\/banca-y-punto\/\"]}]},{\"@type\":\"ImageObject\",\"inLanguage\":\"es\",\"@id\":\"https:\/\/www.pressenza.com\/es\/2017\/03\/banca-y-punto\/#primaryimage\",\"url\":\"https:\/\/www.pressenza.com\/wp-content\/uploads\/2017\/03\/Visita_do_presidente_da_Argentina_Maur--cio_Macri_ao_Brasil_06-1.jpg\",\"contentUrl\":\"https:\/\/www.pressenza.com\/wp-content\/uploads\/2017\/03\/Visita_do_presidente_da_Argentina_Maur--cio_Macri_ao_Brasil_06-1.jpg\",\"width\":2048,\"height\":1366},{\"@type\":\"BreadcrumbList\",\"@id\":\"https:\/\/www.pressenza.com\/es\/2017\/03\/banca-y-punto\/#breadcrumb\",\"itemListElement\":[{\"@type\":\"ListItem\",\"position\":1,\"name\":\"Accueil\",\"item\":\"https:\/\/www.pressenza.com\/es\/\"},{\"@type\":\"ListItem\",\"position\":2,\"name\":\"Banca y punto\"}]},{\"@type\":\"WebSite\",\"@id\":\"https:\/\/www.pressenza.com\/es\/#website\",\"url\":\"https:\/\/www.pressenza.com\/es\/\",\"name\":\"Pressenza\",\"description\":\"International Press Agency\",\"publisher\":{\"@id\":\"https:\/\/www.pressenza.com\/es\/#organization\"},\"potentialAction\":[{\"@type\":\"SearchAction\",\"target\":{\"@type\":\"EntryPoint\",\"urlTemplate\":\"https:\/\/www.pressenza.com\/es\/?s={search_term_string}\"},\"query-input\":{\"@type\":\"PropertyValueSpecification\",\"valueRequired\":true,\"valueName\":\"search_term_string\"}}],\"inLanguage\":\"es\"},{\"@type\":\"Organization\",\"@id\":\"https:\/\/www.pressenza.com\/es\/#organization\",\"name\":\"Pressenza\",\"url\":\"https:\/\/www.pressenza.com\/es\/\",\"logo\":{\"@type\":\"ImageObject\",\"inLanguage\":\"es\",\"@id\":\"https:\/\/www.pressenza.com\/es\/#\/schema\/logo\/image\/\",\"url\":\"https:\/\/www.pressenza.com\/wp-content\/uploads\/2022\/10\/pressenza_logo_200x200.jpg\",\"contentUrl\":\"https:\/\/www.pressenza.com\/wp-content\/uploads\/2022\/10\/pressenza_logo_200x200.jpg\",\"width\":200,\"height\":200,\"caption\":\"Pressenza\"},\"image\":{\"@id\":\"https:\/\/www.pressenza.com\/es\/#\/schema\/logo\/image\/\"},\"sameAs\":[\"https:\/\/www.facebook.com\/PressenzaItalia\",\"https:\/\/x.com\/PressenzaIPA\"]},{\"@type\":\"Person\",\"@id\":\"https:\/\/www.pressenza.com\/es\/#\/schema\/person\/f353f6d4eed144101dedba60e6227564\",\"name\":\"Javier Tolcachier\",\"description\":\"Javier Tolcachier is a researcher from the World Centre of Humanist Studies, an organism of the Humanist Movement. Mail: javiertolcachier@disroot.org Twitter: @jtolcachier\",\"sameAs\":[\"https:\/\/www.facebook.com\/javier.tolcachier?fref=ts\",\"https:\/\/x.com\/jtolcachier\"],\"url\":\"https:\/\/www.pressenza.com\/es\/author\/javier-tolcachier\/\"}]}<\/script>\n<!-- \/ Yoast SEO plugin. -->","yoast_head_json":{"title":"Banca y punto","description":"En la argentina de macri \u2013 as\u00ed, con min\u00fasculas \u2013 la pobreza sube porque los salarios bajan. La indigencia sube, por las nubes, como el precio del gas, de","robots":{"index":"index","follow":"follow","max-snippet":"max-snippet:-1","max-image-preview":"max-image-preview:large","max-video-preview":"max-video-preview:-1"},"canonical":"https:\/\/www.pressenza.com\/es\/2017\/03\/banca-y-punto\/","og_locale":"es_ES","og_type":"article","og_title":"Banca y punto","og_description":"En la argentina de macri \u2013 as\u00ed, con min\u00fasculas \u2013 la pobreza sube porque los salarios bajan. La indigencia sube, por las nubes, como el precio del gas, de","og_url":"https:\/\/www.pressenza.com\/es\/2017\/03\/banca-y-punto\/","og_site_name":"Pressenza","article_publisher":"https:\/\/www.facebook.com\/PressenzaItalia","article_author":"https:\/\/www.facebook.com\/javier.tolcachier?fref=ts","article_published_time":"2017-03-11T22:40:55+00:00","article_modified_time":"2017-03-11T23:19:25+00:00","og_image":[{"width":2048,"height":1366,"url":"https:\/\/www.pressenza.com\/wp-content\/uploads\/2017\/03\/Visita_do_presidente_da_Argentina_Maur--cio_Macri_ao_Brasil_06-1.jpg","type":"image\/jpeg"}],"author":"Javier Tolcachier","twitter_card":"summary_large_image","twitter_creator":"@jtolcachier","twitter_site":"@PressenzaIPA","twitter_misc":{"Escrito por":"Javier Tolcachier","Tiempo de lectura":"4 minutos"},"schema":{"@context":"https:\/\/schema.org","@graph":[{"@type":"Article","@id":"https:\/\/www.pressenza.com\/es\/2017\/03\/banca-y-punto\/#article","isPartOf":{"@id":"https:\/\/www.pressenza.com\/es\/2017\/03\/banca-y-punto\/"},"author":{"name":"Javier Tolcachier","@id":"https:\/\/www.pressenza.com\/es\/#\/schema\/person\/f353f6d4eed144101dedba60e6227564"},"headline":"Banca y punto","datePublished":"2017-03-11T22:40:55+00:00","dateModified":"2017-03-11T23:19:25+00:00","mainEntityOfPage":{"@id":"https:\/\/www.pressenza.com\/es\/2017\/03\/banca-y-punto\/"},"wordCount":755,"publisher":{"@id":"https:\/\/www.pressenza.com\/es\/#organization"},"image":{"@id":"https:\/\/www.pressenza.com\/es\/2017\/03\/banca-y-punto\/#primaryimage"},"thumbnailUrl":"https:\/\/www.pressenza.com\/wp-content\/uploads\/2017\/03\/Visita_do_presidente_da_Argentina_Maur--cio_Macri_ao_Brasil_06-1.jpg","keywords":["Argentina","Elecciones Ecuador","Foro Comunicaci\u00f3n para la Integraci\u00f3n de NuestrAm\u00e9rica","Macri","pobreza cero"],"articleSection":["Contenido Original","Opiniones","Pol\u00edtica","Sudam\u00e9rica"],"inLanguage":"es"},{"@type":"WebPage","@id":"https:\/\/www.pressenza.com\/es\/2017\/03\/banca-y-punto\/","url":"https:\/\/www.pressenza.com\/es\/2017\/03\/banca-y-punto\/","name":"Banca y punto","isPartOf":{"@id":"https:\/\/www.pressenza.com\/es\/#website"},"primaryImageOfPage":{"@id":"https:\/\/www.pressenza.com\/es\/2017\/03\/banca-y-punto\/#primaryimage"},"image":{"@id":"https:\/\/www.pressenza.com\/es\/2017\/03\/banca-y-punto\/#primaryimage"},"thumbnailUrl":"https:\/\/www.pressenza.com\/wp-content\/uploads\/2017\/03\/Visita_do_presidente_da_Argentina_Maur--cio_Macri_ao_Brasil_06-1.jpg","datePublished":"2017-03-11T22:40:55+00:00","dateModified":"2017-03-11T23:19:25+00:00","description":"En la argentina de macri \u2013 as\u00ed, con min\u00fasculas \u2013 la pobreza sube porque los salarios bajan. La indigencia sube, por las nubes, como el precio del gas, de","breadcrumb":{"@id":"https:\/\/www.pressenza.com\/es\/2017\/03\/banca-y-punto\/#breadcrumb"},"inLanguage":"es","potentialAction":[{"@type":"ReadAction","target":["https:\/\/www.pressenza.com\/es\/2017\/03\/banca-y-punto\/"]}]},{"@type":"ImageObject","inLanguage":"es","@id":"https:\/\/www.pressenza.com\/es\/2017\/03\/banca-y-punto\/#primaryimage","url":"https:\/\/www.pressenza.com\/wp-content\/uploads\/2017\/03\/Visita_do_presidente_da_Argentina_Maur--cio_Macri_ao_Brasil_06-1.jpg","contentUrl":"https:\/\/www.pressenza.com\/wp-content\/uploads\/2017\/03\/Visita_do_presidente_da_Argentina_Maur--cio_Macri_ao_Brasil_06-1.jpg","width":2048,"height":1366},{"@type":"BreadcrumbList","@id":"https:\/\/www.pressenza.com\/es\/2017\/03\/banca-y-punto\/#breadcrumb","itemListElement":[{"@type":"ListItem","position":1,"name":"Accueil","item":"https:\/\/www.pressenza.com\/es\/"},{"@type":"ListItem","position":2,"name":"Banca y punto"}]},{"@type":"WebSite","@id":"https:\/\/www.pressenza.com\/es\/#website","url":"https:\/\/www.pressenza.com\/es\/","name":"Pressenza","description":"International Press Agency","publisher":{"@id":"https:\/\/www.pressenza.com\/es\/#organization"},"potentialAction":[{"@type":"SearchAction","target":{"@type":"EntryPoint","urlTemplate":"https:\/\/www.pressenza.com\/es\/?s={search_term_string}"},"query-input":{"@type":"PropertyValueSpecification","valueRequired":true,"valueName":"search_term_string"}}],"inLanguage":"es"},{"@type":"Organization","@id":"https:\/\/www.pressenza.com\/es\/#organization","name":"Pressenza","url":"https:\/\/www.pressenza.com\/es\/","logo":{"@type":"ImageObject","inLanguage":"es","@id":"https:\/\/www.pressenza.com\/es\/#\/schema\/logo\/image\/","url":"https:\/\/www.pressenza.com\/wp-content\/uploads\/2022\/10\/pressenza_logo_200x200.jpg","contentUrl":"https:\/\/www.pressenza.com\/wp-content\/uploads\/2022\/10\/pressenza_logo_200x200.jpg","width":200,"height":200,"caption":"Pressenza"},"image":{"@id":"https:\/\/www.pressenza.com\/es\/#\/schema\/logo\/image\/"},"sameAs":["https:\/\/www.facebook.com\/PressenzaItalia","https:\/\/x.com\/PressenzaIPA"]},{"@type":"Person","@id":"https:\/\/www.pressenza.com\/es\/#\/schema\/person\/f353f6d4eed144101dedba60e6227564","name":"Javier Tolcachier","description":"Javier Tolcachier is a researcher from the World Centre of Humanist Studies, an organism of the Humanist Movement. Mail: javiertolcachier@disroot.org Twitter: @jtolcachier","sameAs":["https:\/\/www.facebook.com\/javier.tolcachier?fref=ts","https:\/\/x.com\/jtolcachier"],"url":"https:\/\/www.pressenza.com\/es\/author\/javier-tolcachier\/"}]}},"place":"C\u00f3rdoba, Argentina","original_article_url":"","_links":{"self":[{"href":"https:\/\/www.pressenza.com\/es\/wp-json\/wp\/v2\/posts\/442173","targetHints":{"allow":["GET"]}}],"collection":[{"href":"https:\/\/www.pressenza.com\/es\/wp-json\/wp\/v2\/posts"}],"about":[{"href":"https:\/\/www.pressenza.com\/es\/wp-json\/wp\/v2\/types\/post"}],"author":[{"embeddable":true,"href":"https:\/\/www.pressenza.com\/es\/wp-json\/wp\/v2\/users\/970"}],"replies":[{"embeddable":true,"href":"https:\/\/www.pressenza.com\/es\/wp-json\/wp\/v2\/comments?post=442173"}],"version-history":[{"count":0,"href":"https:\/\/www.pressenza.com\/es\/wp-json\/wp\/v2\/posts\/442173\/revisions"}],"wp:featuredmedia":[{"embeddable":true,"href":"https:\/\/www.pressenza.com\/es\/wp-json\/wp\/v2\/media\/442236"}],"wp:attachment":[{"href":"https:\/\/www.pressenza.com\/es\/wp-json\/wp\/v2\/media?parent=442173"}],"wp:term":[{"taxonomy":"category","embeddable":true,"href":"https:\/\/www.pressenza.com\/es\/wp-json\/wp\/v2\/categories?post=442173"},{"taxonomy":"post_tag","embeddable":true,"href":"https:\/\/www.pressenza.com\/es\/wp-json\/wp\/v2\/tags?post=442173"}],"curies":[{"name":"wp","href":"https:\/\/api.w.org\/{rel}","templated":true}]}}