{"id":441835,"date":"2017-03-10T14:49:26","date_gmt":"2017-03-10T14:49:26","guid":{"rendered":"https:\/\/www.pressenza.com\/?p=441835\/"},"modified":"2017-03-10T14:49:26","modified_gmt":"2017-03-10T14:49:26","slug":"nosotrasabortamos","status":"publish","type":"post","link":"https:\/\/www.pressenza.com\/es\/2017\/03\/nosotrasabortamos\/","title":{"rendered":"#NosotrasAbortamos"},"content":{"rendered":"<p><em>Por<strong> lavaca<\/strong><\/em><\/p>\n<p>El 8 de marzo en Buenos Aires, en el marco del Paro Internacional de mujeres, un grupo de actrices, bailarinas, abogadas y periodistas, protagoniz\u00f3 frente al Congreso de la Naci\u00f3n una acci\u00f3n p\u00fablica reclamando\u00a0\u2013\u00a1una vez m\u00e1s!\u2013 el derecho de las mujeres a disponer libremente de su cuerpo a trav\u00e9s de una Ley de aborto.<\/p>\n<p>El texto\u00a0le\u00eddo\u00a0expresa crudamente\u00a0la situaci\u00f3n de peligro, fragilidad y desamparo que atraviesan diariamente miles de mujeres en Argentina y merece ser conocido por los legisladores para que legislen y por todos, para que sepan y acompa\u00f1en.<\/p>\n<div style=\"position: relative; height: 0; padding-bottom: 56.25%;\"><iframe loading=\"lazy\" style=\"position: absolute; width: 100%; height: 100%; left: 0;\" src=\"https:\/\/www.youtube.com\/embed\/tXyAR72VkvM?ecver=2\" width=\"715\" height=\"402\" frameborder=\"0\" allowfullscreen=\"allowfullscreen\"><\/iframe><\/div>\n<h6>Producci\u00f3n de lavaca. C\u00e1mara y edici\u00f3n: Bruno Ciancaglini.\u00a0C\u00e1mara: Nacho Yuchark.\u00a0Sonido: Franco Ciancaglini<\/h6>\n<p>&nbsp;<\/p>\n<p><em>Diputados, diputadas, senadores y senadoras:<\/em><\/p>\n<p><em>El primer proyecto para la interrupci\u00f3n voluntaria del embarazo se present\u00f3 en este Congreso en 1937; el sexto, el 30 de junio del a\u00f1o pasado.<\/em><\/p>\n<p><em>Hasta ahora, nunca lo trataron. Simplemente lo dejaron caer, como quien tira disimuladamente un papel a la basura.<\/em><\/p>\n<p><em>Ustedes ya saben que en Argentina se realizan 500.000 abortos clandestinos por a\u00f1o y que por d\u00eda una mujer muere por las consecuencia de esos abortos sin ley.<\/em><\/p>\n<p><em>Ustedes ya saben que la clandestinidad del aborto, adem\u00e1s de generar negocios millonarios, genera impunidad sobre las consecuencias de una mala praxis.<\/em><\/p>\n<p><em>El resultado: la Salud p\u00fablica recibe a m\u00e1s de 70.000 mujeres al a\u00f1o que deben ser hospitalizadas por las complicaciones de esos abortos sin ley.<\/em><\/p>\n<p><em>Lo que quiz\u00e1s ustedes no sepan es c\u00f3mo las mujeres se practican un aborto sin ley en este pa\u00eds y desde hace much\u00edsimos a\u00f1os.<\/em><\/p>\n<p><em>Estamos aqu\u00ed para reparar esa falta de informaci\u00f3n.<\/em><\/p>\n<p><em>Cuando una mujer decide abortar, no sabe c\u00f3mo hacerlo. Le pregunta entonces a una amiga, o familiar, o consulta en Internet c\u00f3mo hacerse un aborto casero.<\/em><\/p>\n<p><em>Si la decisi\u00f3n la tom\u00f3 a tiempo, puede recurrir a las pastillas. Para conseguirlas, primero tiene que conseguir una receta falsificada. Con esa receta trucha va a la farmacia, y paga mil pesos.<\/em><\/p>\n<p><em>Seguramente tampoco est\u00e1n al tanto de que las pastillas abortivas aumentaron un 47% m\u00e1s que cualquier otro medicamento.<\/em><\/p>\n<p><em>Ya en el ba\u00f1o de su casa, la mujer se introduce 2 pastillas en la vagina pero no como para ponerse un tamp\u00f3n: tiene que ser mucho m\u00e1s atr\u00e1s, m\u00e1s adentro, m\u00e1s arriba, hasta llegar ah\u00ed, justo donde dobla el \u00fatero, porque si no, no funciona.<\/em><\/p>\n<p><em>En diferentes tandas, tiene que meterse as\u00ed doce pastillas.<\/em><\/p>\n<p><em>Si todo sale bien, la mujer tiene contracciones, dolores en el bajo vientre y sangrado durante 24 horas. Este sangrado puede durar hasta 45 d\u00edas y parar\u00e1 poco a poco.<\/em><\/p>\n<p><em>Si todo sale mal \u2013es decir, si no pasa nada\u2013, tiene que volver a meterse 12 pastillas la semana pr\u00f3xima. Y si ni as\u00ed logra producirse un aborto, tiene que conseguir un m\u00e9dico abortero clandestino.<\/em><\/p>\n<p><em>Por 5000 d\u00f3lares consigue que en un consultorio sin control y muchas veces sin higiene, le den una cita.<\/em><\/p>\n<p><em>La mujer llega acompa\u00f1ada por una amiga, la hacen pasar sola a una sala con una camilla y la duermen.<\/em><\/p>\n<p><em>La despiertan a las cachetadas, le colocan la bombacha de prepo, un ap\u00f3sito gordo y con una palmadita en la espalda, la despiden.<\/em><\/p>\n<p><em>Si pregunta qu\u00e9 tiene que hacer ahora, le responden \u201cnada\u201d. Si pregunta qu\u00e9 hace si le pasa algo, le responden \u201cand\u00e1 al hospital y de esto no digas nada\u201d.<\/em><\/p>\n<p><em>Todav\u00eda mareada por la anestesia, aturdida, con el ap\u00f3sito mojado por la sangre, la mujer sale a la calle abrazada por su amiga.<\/em><\/p>\n<p><em>Si la mujer es madre, llegar\u00e1 as\u00ed a su casa para hacer la cena y atender a sus hijos.<\/em><\/p>\n<p><em>Si la mujer es trabajadora llegar\u00e1 as\u00ed a su trabajo, con el ap\u00f3sito entre las piernas.<\/em><\/p>\n<p><em>Si la mujer es estudiante, rendir\u00e1 as\u00ed el examen.<\/em><\/p>\n<p><em>Y si es empleada del Congreso de la Naci\u00f3n, se sentar\u00e1 as\u00ed en su escritorio a ordenar la rutina legislativa.<\/em><\/p>\n<p><em>En cualquier caso, estas mujeres estar\u00e1n as\u00ed, sangrando en silencio durante semanas hasta que el aborto sea un recuerdo negado.<\/em><\/p>\n<p><em>Si as\u00ed fuera, tendr\u00e1 suerte. Si no, habr\u00e1 hemorragia; y ah\u00ed s\u00ed tendr\u00e1 que verselas con la medicina, la justicia, la prensa, la opini\u00f3n p\u00fablica y todos los que no estuvieron cuando ella entr\u00f3 a ese consultorio mugriento en mal estado.<\/em><\/p>\n<p><em>Diputados, diputadas, senadores y senadoras, quedan ustedes debidamente informados.<\/em><\/p>\n<p><em>Con ley o sin ley, nosotras abortamos.<\/em><\/p>\n<p><em>\u00a1Ley de aborto ya! \u00a1Ley de aborto ya!<\/em><\/p>\n<p>&nbsp;<\/p>\n<p>Finalizada la acci\u00f3n, al cierre del video se consigna:<\/p>\n<p><em>Y justo en este momento, la vicepresidenta de la Naci\u00f3n Gabriela Michetti y las legisladoras del bloque oficialista, eleg\u00edan las escalinatas del Congreso para hacer una presentaci\u00f3n ante la prensa.<\/em><\/p>\n<p><em>Agradecemos a las actrices, abogadas, bailarinas y periodistas que participaron de esta acci\u00f3n.<\/em><\/p>\n","protected":false},"excerpt":{"rendered":"<p>Por lavaca El 8 de marzo en Buenos Aires, en el marco del Paro Internacional de mujeres, un grupo de actrices, bailarinas, abogadas y periodistas, protagoniz\u00f3 frente al Congreso de la Naci\u00f3n una acci\u00f3n p\u00fablica reclamando\u00a0\u2013\u00a1una vez m\u00e1s!\u2013 el derecho&hellip;<\/p>\n","protected":false},"author":1254,"featured_media":441847,"comment_status":"closed","ping_status":"closed","sticky":false,"template":"","format":"standard","meta":{"footnotes":""},"categories":[79,1241,67,25678],"tags":[17734,35639,32287,35455,5371,503,1025,769],"class_list":["post-441835","post","type-post","status-publish","format-standard","has-post-thumbnail","hentry","category-derechos-humanos","category-diversidad","category-sudamerica","category-video-es","tag-niunamenos","tag-nosotrasabortamos","tag-nosotrasparamos","tag-8m","tag-aborto","tag-genero","tag-mujeres","tag-no-discriminacion"],"yoast_head":"<!-- This site is optimized with the Yoast SEO plugin v27.1.1 - https:\/\/yoast.com\/product\/yoast-seo-wordpress\/ -->\n<title>#NosotrasAbortamos<\/title>\n<meta name=\"description\" content=\"Por lavaca El 8 de marzo en Buenos Aires, en el marco del Paro Internacional de mujeres, un grupo de actrices, bailarinas, abogadas y periodistas,\" \/>\n<meta name=\"robots\" content=\"index, follow, max-snippet:-1, max-image-preview:large, max-video-preview:-1\" \/>\n<link rel=\"canonical\" href=\"https:\/\/www.pressenza.com\/es\/2017\/03\/nosotrasabortamos\/\" \/>\n<meta property=\"og:locale\" content=\"es_ES\" \/>\n<meta property=\"og:type\" content=\"article\" \/>\n<meta property=\"og:title\" content=\"#NosotrasAbortamos\" \/>\n<meta property=\"og:description\" content=\"Por lavaca El 8 de marzo en Buenos Aires, en el marco del Paro Internacional de mujeres, un grupo de actrices, bailarinas, abogadas y periodistas,\" \/>\n<meta property=\"og:url\" content=\"https:\/\/www.pressenza.com\/es\/2017\/03\/nosotrasabortamos\/\" \/>\n<meta property=\"og:site_name\" content=\"Pressenza\" \/>\n<meta property=\"article:publisher\" content=\"https:\/\/www.facebook.com\/PressenzaItalia\" \/>\n<meta property=\"article:author\" content=\"https:\/\/www.facebook.com\/pressenza\" \/>\n<meta property=\"article:published_time\" content=\"2017-03-10T14:49:26+00:00\" \/>\n<meta property=\"og:image\" content=\"https:\/\/www.pressenza.com\/wp-content\/uploads\/2017\/03\/lavaca-pantalla.jpg\" \/>\n\t<meta property=\"og:image:width\" content=\"1024\" \/>\n\t<meta property=\"og:image:height\" content=\"525\" \/>\n\t<meta property=\"og:image:type\" content=\"image\/jpeg\" \/>\n<meta name=\"author\" content=\"Redacci\u00f3n Mar del Plata\" \/>\n<meta name=\"twitter:card\" content=\"summary_large_image\" \/>\n<meta name=\"twitter:creator\" content=\"@Pressenza\" \/>\n<meta name=\"twitter:site\" content=\"@PressenzaIPA\" \/>\n<meta name=\"twitter:label1\" content=\"Escrito por\" \/>\n\t<meta name=\"twitter:data1\" content=\"Redacci\u00f3n Mar del Plata\" \/>\n\t<meta name=\"twitter:label2\" content=\"Tiempo de lectura\" \/>\n\t<meta name=\"twitter:data2\" content=\"4 minutos\" \/>\n<script type=\"application\/ld+json\" class=\"yoast-schema-graph\">{\"@context\":\"https:\/\/schema.org\",\"@graph\":[{\"@type\":\"Article\",\"@id\":\"https:\/\/www.pressenza.com\/es\/2017\/03\/nosotrasabortamos\/#article\",\"isPartOf\":{\"@id\":\"https:\/\/www.pressenza.com\/es\/2017\/03\/nosotrasabortamos\/\"},\"author\":{\"name\":\"Redacci\u00f3n Mar del Plata\",\"@id\":\"https:\/\/www.pressenza.com\/es\/#\/schema\/person\/738658b5125ecea661a8a0b96dba8b69\"},\"headline\":\"#NosotrasAbortamos\",\"datePublished\":\"2017-03-10T14:49:26+00:00\",\"mainEntityOfPage\":{\"@id\":\"https:\/\/www.pressenza.com\/es\/2017\/03\/nosotrasabortamos\/\"},\"wordCount\":823,\"publisher\":{\"@id\":\"https:\/\/www.pressenza.com\/es\/#organization\"},\"image\":{\"@id\":\"https:\/\/www.pressenza.com\/es\/2017\/03\/nosotrasabortamos\/#primaryimage\"},\"thumbnailUrl\":\"https:\/\/www.pressenza.com\/wp-content\/uploads\/2017\/03\/lavaca-pantalla.jpg\",\"keywords\":[\"#NiUnaMenos\",\"#NosotrasAbortamos\",\"#NosotrasParamos\",\"8M\",\"aborto\",\"G\u00e9nero\",\"Mujeres\",\"No Discriminaci\u00f3n\"],\"articleSection\":[\"Derechos Humanos\",\"Diversidad\",\"Sudam\u00e9rica\",\"Video\"],\"inLanguage\":\"es\"},{\"@type\":\"WebPage\",\"@id\":\"https:\/\/www.pressenza.com\/es\/2017\/03\/nosotrasabortamos\/\",\"url\":\"https:\/\/www.pressenza.com\/es\/2017\/03\/nosotrasabortamos\/\",\"name\":\"#NosotrasAbortamos\",\"isPartOf\":{\"@id\":\"https:\/\/www.pressenza.com\/es\/#website\"},\"primaryImageOfPage\":{\"@id\":\"https:\/\/www.pressenza.com\/es\/2017\/03\/nosotrasabortamos\/#primaryimage\"},\"image\":{\"@id\":\"https:\/\/www.pressenza.com\/es\/2017\/03\/nosotrasabortamos\/#primaryimage\"},\"thumbnailUrl\":\"https:\/\/www.pressenza.com\/wp-content\/uploads\/2017\/03\/lavaca-pantalla.jpg\",\"datePublished\":\"2017-03-10T14:49:26+00:00\",\"description\":\"Por lavaca El 8 de marzo en Buenos Aires, en el marco del Paro Internacional de mujeres, un grupo de actrices, bailarinas, abogadas y periodistas,\",\"breadcrumb\":{\"@id\":\"https:\/\/www.pressenza.com\/es\/2017\/03\/nosotrasabortamos\/#breadcrumb\"},\"inLanguage\":\"es\",\"potentialAction\":[{\"@type\":\"ReadAction\",\"target\":[\"https:\/\/www.pressenza.com\/es\/2017\/03\/nosotrasabortamos\/\"]}]},{\"@type\":\"ImageObject\",\"inLanguage\":\"es\",\"@id\":\"https:\/\/www.pressenza.com\/es\/2017\/03\/nosotrasabortamos\/#primaryimage\",\"url\":\"https:\/\/www.pressenza.com\/wp-content\/uploads\/2017\/03\/lavaca-pantalla.jpg\",\"contentUrl\":\"https:\/\/www.pressenza.com\/wp-content\/uploads\/2017\/03\/lavaca-pantalla.jpg\",\"width\":1024,\"height\":525},{\"@type\":\"BreadcrumbList\",\"@id\":\"https:\/\/www.pressenza.com\/es\/2017\/03\/nosotrasabortamos\/#breadcrumb\",\"itemListElement\":[{\"@type\":\"ListItem\",\"position\":1,\"name\":\"Accueil\",\"item\":\"https:\/\/www.pressenza.com\/es\/\"},{\"@type\":\"ListItem\",\"position\":2,\"name\":\"#NosotrasAbortamos\"}]},{\"@type\":\"WebSite\",\"@id\":\"https:\/\/www.pressenza.com\/es\/#website\",\"url\":\"https:\/\/www.pressenza.com\/es\/\",\"name\":\"Pressenza\",\"description\":\"International Press Agency\",\"publisher\":{\"@id\":\"https:\/\/www.pressenza.com\/es\/#organization\"},\"potentialAction\":[{\"@type\":\"SearchAction\",\"target\":{\"@type\":\"EntryPoint\",\"urlTemplate\":\"https:\/\/www.pressenza.com\/es\/?s={search_term_string}\"},\"query-input\":{\"@type\":\"PropertyValueSpecification\",\"valueRequired\":true,\"valueName\":\"search_term_string\"}}],\"inLanguage\":\"es\"},{\"@type\":\"Organization\",\"@id\":\"https:\/\/www.pressenza.com\/es\/#organization\",\"name\":\"Pressenza\",\"url\":\"https:\/\/www.pressenza.com\/es\/\",\"logo\":{\"@type\":\"ImageObject\",\"inLanguage\":\"es\",\"@id\":\"https:\/\/www.pressenza.com\/es\/#\/schema\/logo\/image\/\",\"url\":\"https:\/\/www.pressenza.com\/wp-content\/uploads\/2022\/10\/pressenza_logo_200x200.jpg\",\"contentUrl\":\"https:\/\/www.pressenza.com\/wp-content\/uploads\/2022\/10\/pressenza_logo_200x200.jpg\",\"width\":200,\"height\":200,\"caption\":\"Pressenza\"},\"image\":{\"@id\":\"https:\/\/www.pressenza.com\/es\/#\/schema\/logo\/image\/\"},\"sameAs\":[\"https:\/\/www.facebook.com\/PressenzaItalia\",\"https:\/\/x.com\/PressenzaIPA\"]},{\"@type\":\"Person\",\"@id\":\"https:\/\/www.pressenza.com\/es\/#\/schema\/person\/738658b5125ecea661a8a0b96dba8b69\",\"name\":\"Redacci\u00f3n Mar del Plata\",\"description\":\"News published by the Pressenza bureau in Mar Del Plata, Argentina\",\"sameAs\":[\"https:\/\/www.facebook.com\/pressenza\",\"https:\/\/x.com\/Pressenza\"],\"url\":\"https:\/\/www.pressenza.com\/es\/author\/redaccion-mar-del-plata\/\"}]}<\/script>\n<!-- \/ Yoast SEO plugin. -->","yoast_head_json":{"title":"#NosotrasAbortamos","description":"Por lavaca El 8 de marzo en Buenos Aires, en el marco del Paro Internacional de mujeres, un grupo de actrices, bailarinas, abogadas y periodistas,","robots":{"index":"index","follow":"follow","max-snippet":"max-snippet:-1","max-image-preview":"max-image-preview:large","max-video-preview":"max-video-preview:-1"},"canonical":"https:\/\/www.pressenza.com\/es\/2017\/03\/nosotrasabortamos\/","og_locale":"es_ES","og_type":"article","og_title":"#NosotrasAbortamos","og_description":"Por lavaca El 8 de marzo en Buenos Aires, en el marco del Paro Internacional de mujeres, un grupo de actrices, bailarinas, abogadas y periodistas,","og_url":"https:\/\/www.pressenza.com\/es\/2017\/03\/nosotrasabortamos\/","og_site_name":"Pressenza","article_publisher":"https:\/\/www.facebook.com\/PressenzaItalia","article_author":"https:\/\/www.facebook.com\/pressenza","article_published_time":"2017-03-10T14:49:26+00:00","og_image":[{"width":1024,"height":525,"url":"https:\/\/www.pressenza.com\/wp-content\/uploads\/2017\/03\/lavaca-pantalla.jpg","type":"image\/jpeg"}],"author":"Redacci\u00f3n Mar del Plata","twitter_card":"summary_large_image","twitter_creator":"@Pressenza","twitter_site":"@PressenzaIPA","twitter_misc":{"Escrito por":"Redacci\u00f3n Mar del Plata","Tiempo de lectura":"4 minutos"},"schema":{"@context":"https:\/\/schema.org","@graph":[{"@type":"Article","@id":"https:\/\/www.pressenza.com\/es\/2017\/03\/nosotrasabortamos\/#article","isPartOf":{"@id":"https:\/\/www.pressenza.com\/es\/2017\/03\/nosotrasabortamos\/"},"author":{"name":"Redacci\u00f3n Mar del Plata","@id":"https:\/\/www.pressenza.com\/es\/#\/schema\/person\/738658b5125ecea661a8a0b96dba8b69"},"headline":"#NosotrasAbortamos","datePublished":"2017-03-10T14:49:26+00:00","mainEntityOfPage":{"@id":"https:\/\/www.pressenza.com\/es\/2017\/03\/nosotrasabortamos\/"},"wordCount":823,"publisher":{"@id":"https:\/\/www.pressenza.com\/es\/#organization"},"image":{"@id":"https:\/\/www.pressenza.com\/es\/2017\/03\/nosotrasabortamos\/#primaryimage"},"thumbnailUrl":"https:\/\/www.pressenza.com\/wp-content\/uploads\/2017\/03\/lavaca-pantalla.jpg","keywords":["#NiUnaMenos","#NosotrasAbortamos","#NosotrasParamos","8M","aborto","G\u00e9nero","Mujeres","No Discriminaci\u00f3n"],"articleSection":["Derechos Humanos","Diversidad","Sudam\u00e9rica","Video"],"inLanguage":"es"},{"@type":"WebPage","@id":"https:\/\/www.pressenza.com\/es\/2017\/03\/nosotrasabortamos\/","url":"https:\/\/www.pressenza.com\/es\/2017\/03\/nosotrasabortamos\/","name":"#NosotrasAbortamos","isPartOf":{"@id":"https:\/\/www.pressenza.com\/es\/#website"},"primaryImageOfPage":{"@id":"https:\/\/www.pressenza.com\/es\/2017\/03\/nosotrasabortamos\/#primaryimage"},"image":{"@id":"https:\/\/www.pressenza.com\/es\/2017\/03\/nosotrasabortamos\/#primaryimage"},"thumbnailUrl":"https:\/\/www.pressenza.com\/wp-content\/uploads\/2017\/03\/lavaca-pantalla.jpg","datePublished":"2017-03-10T14:49:26+00:00","description":"Por lavaca El 8 de marzo en Buenos Aires, en el marco del Paro Internacional de mujeres, un grupo de actrices, bailarinas, abogadas y periodistas,","breadcrumb":{"@id":"https:\/\/www.pressenza.com\/es\/2017\/03\/nosotrasabortamos\/#breadcrumb"},"inLanguage":"es","potentialAction":[{"@type":"ReadAction","target":["https:\/\/www.pressenza.com\/es\/2017\/03\/nosotrasabortamos\/"]}]},{"@type":"ImageObject","inLanguage":"es","@id":"https:\/\/www.pressenza.com\/es\/2017\/03\/nosotrasabortamos\/#primaryimage","url":"https:\/\/www.pressenza.com\/wp-content\/uploads\/2017\/03\/lavaca-pantalla.jpg","contentUrl":"https:\/\/www.pressenza.com\/wp-content\/uploads\/2017\/03\/lavaca-pantalla.jpg","width":1024,"height":525},{"@type":"BreadcrumbList","@id":"https:\/\/www.pressenza.com\/es\/2017\/03\/nosotrasabortamos\/#breadcrumb","itemListElement":[{"@type":"ListItem","position":1,"name":"Accueil","item":"https:\/\/www.pressenza.com\/es\/"},{"@type":"ListItem","position":2,"name":"#NosotrasAbortamos"}]},{"@type":"WebSite","@id":"https:\/\/www.pressenza.com\/es\/#website","url":"https:\/\/www.pressenza.com\/es\/","name":"Pressenza","description":"International Press Agency","publisher":{"@id":"https:\/\/www.pressenza.com\/es\/#organization"},"potentialAction":[{"@type":"SearchAction","target":{"@type":"EntryPoint","urlTemplate":"https:\/\/www.pressenza.com\/es\/?s={search_term_string}"},"query-input":{"@type":"PropertyValueSpecification","valueRequired":true,"valueName":"search_term_string"}}],"inLanguage":"es"},{"@type":"Organization","@id":"https:\/\/www.pressenza.com\/es\/#organization","name":"Pressenza","url":"https:\/\/www.pressenza.com\/es\/","logo":{"@type":"ImageObject","inLanguage":"es","@id":"https:\/\/www.pressenza.com\/es\/#\/schema\/logo\/image\/","url":"https:\/\/www.pressenza.com\/wp-content\/uploads\/2022\/10\/pressenza_logo_200x200.jpg","contentUrl":"https:\/\/www.pressenza.com\/wp-content\/uploads\/2022\/10\/pressenza_logo_200x200.jpg","width":200,"height":200,"caption":"Pressenza"},"image":{"@id":"https:\/\/www.pressenza.com\/es\/#\/schema\/logo\/image\/"},"sameAs":["https:\/\/www.facebook.com\/PressenzaItalia","https:\/\/x.com\/PressenzaIPA"]},{"@type":"Person","@id":"https:\/\/www.pressenza.com\/es\/#\/schema\/person\/738658b5125ecea661a8a0b96dba8b69","name":"Redacci\u00f3n Mar del Plata","description":"News published by the Pressenza bureau in Mar Del Plata, Argentina","sameAs":["https:\/\/www.facebook.com\/pressenza","https:\/\/x.com\/Pressenza"],"url":"https:\/\/www.pressenza.com\/es\/author\/redaccion-mar-del-plata\/"}]}},"place":"lavaca. Ciudad de Buenos Aires, Argentina","original_article_url":"https:\/\/www.youtube.com\/watch?v=tXyAR72VkvM#","_links":{"self":[{"href":"https:\/\/www.pressenza.com\/es\/wp-json\/wp\/v2\/posts\/441835","targetHints":{"allow":["GET"]}}],"collection":[{"href":"https:\/\/www.pressenza.com\/es\/wp-json\/wp\/v2\/posts"}],"about":[{"href":"https:\/\/www.pressenza.com\/es\/wp-json\/wp\/v2\/types\/post"}],"author":[{"embeddable":true,"href":"https:\/\/www.pressenza.com\/es\/wp-json\/wp\/v2\/users\/1254"}],"replies":[{"embeddable":true,"href":"https:\/\/www.pressenza.com\/es\/wp-json\/wp\/v2\/comments?post=441835"}],"version-history":[{"count":0,"href":"https:\/\/www.pressenza.com\/es\/wp-json\/wp\/v2\/posts\/441835\/revisions"}],"wp:featuredmedia":[{"embeddable":true,"href":"https:\/\/www.pressenza.com\/es\/wp-json\/wp\/v2\/media\/441847"}],"wp:attachment":[{"href":"https:\/\/www.pressenza.com\/es\/wp-json\/wp\/v2\/media?parent=441835"}],"wp:term":[{"taxonomy":"category","embeddable":true,"href":"https:\/\/www.pressenza.com\/es\/wp-json\/wp\/v2\/categories?post=441835"},{"taxonomy":"post_tag","embeddable":true,"href":"https:\/\/www.pressenza.com\/es\/wp-json\/wp\/v2\/tags?post=441835"}],"curies":[{"name":"wp","href":"https:\/\/api.w.org\/{rel}","templated":true}]}}