{"id":44095,"date":"2013-03-22T12:12:04","date_gmt":"2013-03-22T12:12:04","guid":{"rendered":"http:\/\/www.pressenza.com\/?p=44095"},"modified":"2013-03-22T20:10:52","modified_gmt":"2013-03-22T20:10:52","slug":"pescadores-artesanales-chilenos-llevan-a-subsecretario-de-pesca-a-la-justicia-por-bacalao","status":"publish","type":"post","link":"https:\/\/www.pressenza.com\/es\/2013\/03\/pescadores-artesanales-chilenos-llevan-a-subsecretario-de-pesca-a-la-justicia-por-bacalao\/","title":{"rendered":"Pescadores artesanales chilenos:  llevan a Subsecretario de Pesca a la justicia por bacalao"},"content":{"rendered":"<p><i>Alegatos realizados ante la Corte de Apelaciones de Valpara\u00edso, Chile, por recurso de protecci\u00f3n de \u00a0pescadores de Valdivia, denuncian que el gobierno vulnera el art. 19 N\u00ba8 de la Constituci\u00f3n Pol\u00edtica del Estado, que lo obliga a preservar los recursos naturales. <\/i><\/p>\n<p><i>Esto, luego que determinara una cuota de captura 500% superior a la recomendada por el IFOP, para esta especie sobreexplotada.<\/i><\/p>\n<p>Pescadores Artesanales<b> <\/b>de Valdivia, agrupados en Ademarval A.G, presentaron hoy sus alegatos ante la Corte de Apelaciones de Valpara\u00edso, luego que la entidad acogiera un recurso de protecci\u00f3n contra el Subsecretario de Pesca (Subpesca), Pablo Galilea, quien determin\u00f3 una cuota de captura 500% superior a la recomendada t\u00e9cnicamente por el Instituto de Fomento Pesquero (IFOP) para una especie sobreexplotada, como es el bacalao de profundidad.<\/p>\n<p>El presidente de ADEMARVAL, Ra\u00fal Gonz\u00e1lez, se\u00f1al\u00f3 que \u201cla actitud del gobierno en materia de sustentabilidad parece un chiste, durante los \u00faltimos a\u00f1os sus propios expertos han determinado que el bacalao es una especie que se encuentra sobreexplotada. No obstante, en vez de disminuir las cuotas, Subpesca las fij\u00f3 \u00a0en 3.000 ton., a pesar que el IFOP recomend\u00f3 s\u00f3lo 500 toneladas de captura para el 2013 (500% de aumento)\u201d.<\/p>\n<p>El dirigente agreg\u00f3 que \u201cesta inconsistencia del gobierno, donde priman los privilegios de siempre, por sobre los intereses del pa\u00eds y los nuestros\u201d, los llev\u00f3 a elevar el tema a la justicia.<\/p>\n<p>Al respecto, indic\u00f3 que tal como se\u00f1ala el libelo, Subpesca est\u00e1 cometiendo un <i>acto ilegal<\/i> al fijar una cuota distinta a la recomendaci\u00f3n del IFOP; \u00a0una <i>omisi\u00f3n ilegal, al no considerar un informe que por ley <\/i>\u00a0\u00a0est\u00e1n obligados a tomar en cuenta; y, lo m\u00e1s importante, est\u00e1n vulnerando el art\u00edculo 19 N\u00ba8 de la Constituci\u00f3n Pol\u00edtica, en el que se establece que <i>\u2018es deber del Estado velar (\u2026) y tutelar la preservaci\u00f3n de la naturaleza\u2019, <\/i>incumplimiento que afecta directamente la actual fuente laboral y de generaciones futuras del sector artesanal.<\/p>\n<p>Con esta presentaci\u00f3n, los pescadores artesanales, esperan que la Corte de Apelaciones deje sin efecto la Resoluci\u00f3n Exenta N\u00ba 3182 que aprob\u00f3 las bases administrativas de subasta; disminuya o rebaje la cuota, sin perjuicio de las otras medidas que pudiera adoptar para proteger a los afectados y el recurso pesquero.<\/p>\n<p>&nbsp;<\/p>\n<p>&nbsp;<\/p>\n","protected":false},"excerpt":{"rendered":"<p>Alegatos realizados ante la Corte de Apelaciones de Valpara\u00edso, Chile, por recurso de protecci\u00f3n de \u00a0pescadores de Valdivia, denuncian que el gobierno vulnera el art. 19 N\u00ba8 de la Constituci\u00f3n Pol\u00edtica del Estado, que lo obliga a preservar los recursos&hellip;<\/p>\n","protected":false},"author":43,"featured_media":44173,"comment_status":"closed","ping_status":"open","sticky":false,"template":"","format":"standard","meta":{"footnotes":""},"categories":[149,74,67],"tags":[],"class_list":["post-44095","post","type-post","status-publish","format-standard","has-post-thumbnail","hentry","category-comunicados-de-prensa","category-politica-es","category-sudamerica"],"yoast_head":"<!-- This site is optimized with the Yoast SEO plugin v27.1.1 - https:\/\/yoast.com\/product\/yoast-seo-wordpress\/ -->\n<title>Pescadores artesanales chilenos: llevan a Subsecretario de Pesca a la justicia por bacalao<\/title>\n<meta name=\"description\" content=\"Alegatos realizados ante la Corte de Apelaciones de Valpara\u00edso, Chile, por recurso de protecci\u00f3n de \u00a0pescadores de Valdivia, denuncian que el gobierno\" \/>\n<meta name=\"robots\" content=\"index, follow, max-snippet:-1, max-image-preview:large, max-video-preview:-1\" \/>\n<link rel=\"canonical\" href=\"https:\/\/www.pressenza.com\/es\/2013\/03\/pescadores-artesanales-chilenos-llevan-a-subsecretario-de-pesca-a-la-justicia-por-bacalao\/\" \/>\n<meta property=\"og:locale\" content=\"es_ES\" \/>\n<meta property=\"og:type\" content=\"article\" \/>\n<meta property=\"og:title\" content=\"Pescadores artesanales chilenos: llevan a Subsecretario de Pesca a la justicia por bacalao\" \/>\n<meta property=\"og:description\" content=\"Alegatos realizados ante la Corte de Apelaciones de Valpara\u00edso, Chile, por recurso de protecci\u00f3n de \u00a0pescadores de Valdivia, denuncian que el gobierno\" \/>\n<meta property=\"og:url\" content=\"https:\/\/www.pressenza.com\/es\/2013\/03\/pescadores-artesanales-chilenos-llevan-a-subsecretario-de-pesca-a-la-justicia-por-bacalao\/\" \/>\n<meta property=\"og:site_name\" content=\"Pressenza\" \/>\n<meta property=\"article:publisher\" content=\"https:\/\/www.facebook.com\/PressenzaItalia\" \/>\n<meta property=\"article:author\" content=\"https:\/\/www.facebook.com\/pressenza\" \/>\n<meta property=\"article:published_time\" content=\"2013-03-22T12:12:04+00:00\" \/>\n<meta property=\"article:modified_time\" content=\"2013-03-22T20:10:52+00:00\" \/>\n<meta property=\"og:image\" content=\"https:\/\/www.pressenza.com\/wp-content\/uploads\/2013\/03\/pesca-artesanal.jpg\" \/>\n\t<meta property=\"og:image:width\" content=\"2048\" \/>\n\t<meta property=\"og:image:height\" content=\"1536\" \/>\n\t<meta property=\"og:image:type\" content=\"image\/jpeg\" \/>\n<meta name=\"author\" content=\"Redacci\u00f3n Chile\" \/>\n<meta name=\"twitter:card\" content=\"summary_large_image\" \/>\n<meta name=\"twitter:creator\" content=\"@pressenza\" \/>\n<meta name=\"twitter:site\" content=\"@PressenzaIPA\" \/>\n<meta name=\"twitter:label1\" content=\"Escrito por\" \/>\n\t<meta name=\"twitter:data1\" content=\"Redacci\u00f3n Chile\" \/>\n\t<meta name=\"twitter:label2\" content=\"Tiempo de lectura\" \/>\n\t<meta name=\"twitter:data2\" content=\"2 minutos\" \/>\n<script type=\"application\/ld+json\" class=\"yoast-schema-graph\">{\"@context\":\"https:\/\/schema.org\",\"@graph\":[{\"@type\":\"Article\",\"@id\":\"https:\/\/www.pressenza.com\/es\/2013\/03\/pescadores-artesanales-chilenos-llevan-a-subsecretario-de-pesca-a-la-justicia-por-bacalao\/#article\",\"isPartOf\":{\"@id\":\"https:\/\/www.pressenza.com\/es\/2013\/03\/pescadores-artesanales-chilenos-llevan-a-subsecretario-de-pesca-a-la-justicia-por-bacalao\/\"},\"author\":{\"name\":\"Redacci\u00f3n Chile\",\"@id\":\"https:\/\/www.pressenza.com\/es\/#\/schema\/person\/d7db40df35d6698ba69ba9ee260944ed\"},\"headline\":\"Pescadores artesanales chilenos: llevan a Subsecretario de Pesca a la justicia por bacalao\",\"datePublished\":\"2013-03-22T12:12:04+00:00\",\"dateModified\":\"2013-03-22T20:10:52+00:00\",\"mainEntityOfPage\":{\"@id\":\"https:\/\/www.pressenza.com\/es\/2013\/03\/pescadores-artesanales-chilenos-llevan-a-subsecretario-de-pesca-a-la-justicia-por-bacalao\/\"},\"wordCount\":398,\"publisher\":{\"@id\":\"https:\/\/www.pressenza.com\/es\/#organization\"},\"image\":{\"@id\":\"https:\/\/www.pressenza.com\/es\/2013\/03\/pescadores-artesanales-chilenos-llevan-a-subsecretario-de-pesca-a-la-justicia-por-bacalao\/#primaryimage\"},\"thumbnailUrl\":\"https:\/\/www.pressenza.com\/wp-content\/uploads\/2013\/03\/pesca-artesanal.jpg\",\"articleSection\":[\"Comunicados de Prensa\",\"Pol\u00edtica\",\"Sudam\u00e9rica\"],\"inLanguage\":\"es\"},{\"@type\":\"WebPage\",\"@id\":\"https:\/\/www.pressenza.com\/es\/2013\/03\/pescadores-artesanales-chilenos-llevan-a-subsecretario-de-pesca-a-la-justicia-por-bacalao\/\",\"url\":\"https:\/\/www.pressenza.com\/es\/2013\/03\/pescadores-artesanales-chilenos-llevan-a-subsecretario-de-pesca-a-la-justicia-por-bacalao\/\",\"name\":\"Pescadores artesanales chilenos: llevan a Subsecretario de Pesca a la justicia por bacalao\",\"isPartOf\":{\"@id\":\"https:\/\/www.pressenza.com\/es\/#website\"},\"primaryImageOfPage\":{\"@id\":\"https:\/\/www.pressenza.com\/es\/2013\/03\/pescadores-artesanales-chilenos-llevan-a-subsecretario-de-pesca-a-la-justicia-por-bacalao\/#primaryimage\"},\"image\":{\"@id\":\"https:\/\/www.pressenza.com\/es\/2013\/03\/pescadores-artesanales-chilenos-llevan-a-subsecretario-de-pesca-a-la-justicia-por-bacalao\/#primaryimage\"},\"thumbnailUrl\":\"https:\/\/www.pressenza.com\/wp-content\/uploads\/2013\/03\/pesca-artesanal.jpg\",\"datePublished\":\"2013-03-22T12:12:04+00:00\",\"dateModified\":\"2013-03-22T20:10:52+00:00\",\"description\":\"Alegatos realizados ante la Corte de Apelaciones de Valpara\u00edso, Chile, por recurso de protecci\u00f3n de \u00a0pescadores de Valdivia, denuncian que el gobierno\",\"breadcrumb\":{\"@id\":\"https:\/\/www.pressenza.com\/es\/2013\/03\/pescadores-artesanales-chilenos-llevan-a-subsecretario-de-pesca-a-la-justicia-por-bacalao\/#breadcrumb\"},\"inLanguage\":\"es\",\"potentialAction\":[{\"@type\":\"ReadAction\",\"target\":[\"https:\/\/www.pressenza.com\/es\/2013\/03\/pescadores-artesanales-chilenos-llevan-a-subsecretario-de-pesca-a-la-justicia-por-bacalao\/\"]}]},{\"@type\":\"ImageObject\",\"inLanguage\":\"es\",\"@id\":\"https:\/\/www.pressenza.com\/es\/2013\/03\/pescadores-artesanales-chilenos-llevan-a-subsecretario-de-pesca-a-la-justicia-por-bacalao\/#primaryimage\",\"url\":\"https:\/\/www.pressenza.com\/wp-content\/uploads\/2013\/03\/pesca-artesanal.jpg\",\"contentUrl\":\"https:\/\/www.pressenza.com\/wp-content\/uploads\/2013\/03\/pesca-artesanal.jpg\",\"width\":2048,\"height\":1536},{\"@type\":\"BreadcrumbList\",\"@id\":\"https:\/\/www.pressenza.com\/es\/2013\/03\/pescadores-artesanales-chilenos-llevan-a-subsecretario-de-pesca-a-la-justicia-por-bacalao\/#breadcrumb\",\"itemListElement\":[{\"@type\":\"ListItem\",\"position\":1,\"name\":\"Accueil\",\"item\":\"https:\/\/www.pressenza.com\/es\/\"},{\"@type\":\"ListItem\",\"position\":2,\"name\":\"Pescadores artesanales chilenos: llevan a Subsecretario de Pesca a la justicia por bacalao\"}]},{\"@type\":\"WebSite\",\"@id\":\"https:\/\/www.pressenza.com\/es\/#website\",\"url\":\"https:\/\/www.pressenza.com\/es\/\",\"name\":\"Pressenza\",\"description\":\"International Press Agency\",\"publisher\":{\"@id\":\"https:\/\/www.pressenza.com\/es\/#organization\"},\"potentialAction\":[{\"@type\":\"SearchAction\",\"target\":{\"@type\":\"EntryPoint\",\"urlTemplate\":\"https:\/\/www.pressenza.com\/es\/?s={search_term_string}\"},\"query-input\":{\"@type\":\"PropertyValueSpecification\",\"valueRequired\":true,\"valueName\":\"search_term_string\"}}],\"inLanguage\":\"es\"},{\"@type\":\"Organization\",\"@id\":\"https:\/\/www.pressenza.com\/es\/#organization\",\"name\":\"Pressenza\",\"url\":\"https:\/\/www.pressenza.com\/es\/\",\"logo\":{\"@type\":\"ImageObject\",\"inLanguage\":\"es\",\"@id\":\"https:\/\/www.pressenza.com\/es\/#\/schema\/logo\/image\/\",\"url\":\"https:\/\/www.pressenza.com\/wp-content\/uploads\/2022\/10\/pressenza_logo_200x200.jpg\",\"contentUrl\":\"https:\/\/www.pressenza.com\/wp-content\/uploads\/2022\/10\/pressenza_logo_200x200.jpg\",\"width\":200,\"height\":200,\"caption\":\"Pressenza\"},\"image\":{\"@id\":\"https:\/\/www.pressenza.com\/es\/#\/schema\/logo\/image\/\"},\"sameAs\":[\"https:\/\/www.facebook.com\/PressenzaItalia\",\"https:\/\/x.com\/PressenzaIPA\"]},{\"@type\":\"Person\",\"@id\":\"https:\/\/www.pressenza.com\/es\/#\/schema\/person\/d7db40df35d6698ba69ba9ee260944ed\",\"name\":\"Redacci\u00f3n Chile\",\"description\":\"News from the Pressenza Bureau in Chile\",\"sameAs\":[\"https:\/\/www.facebook.com\/pressenza\",\"https:\/\/x.com\/pressenza\"],\"url\":\"https:\/\/www.pressenza.com\/es\/author\/redaccion-chile\/\"}]}<\/script>\n<!-- \/ Yoast SEO plugin. -->","yoast_head_json":{"title":"Pescadores artesanales chilenos: llevan a Subsecretario de Pesca a la justicia por bacalao","description":"Alegatos realizados ante la Corte de Apelaciones de Valpara\u00edso, Chile, por recurso de protecci\u00f3n de \u00a0pescadores de Valdivia, denuncian que el gobierno","robots":{"index":"index","follow":"follow","max-snippet":"max-snippet:-1","max-image-preview":"max-image-preview:large","max-video-preview":"max-video-preview:-1"},"canonical":"https:\/\/www.pressenza.com\/es\/2013\/03\/pescadores-artesanales-chilenos-llevan-a-subsecretario-de-pesca-a-la-justicia-por-bacalao\/","og_locale":"es_ES","og_type":"article","og_title":"Pescadores artesanales chilenos: llevan a Subsecretario de Pesca a la justicia por bacalao","og_description":"Alegatos realizados ante la Corte de Apelaciones de Valpara\u00edso, Chile, por recurso de protecci\u00f3n de \u00a0pescadores de Valdivia, denuncian que el gobierno","og_url":"https:\/\/www.pressenza.com\/es\/2013\/03\/pescadores-artesanales-chilenos-llevan-a-subsecretario-de-pesca-a-la-justicia-por-bacalao\/","og_site_name":"Pressenza","article_publisher":"https:\/\/www.facebook.com\/PressenzaItalia","article_author":"https:\/\/www.facebook.com\/pressenza","article_published_time":"2013-03-22T12:12:04+00:00","article_modified_time":"2013-03-22T20:10:52+00:00","og_image":[{"width":2048,"height":1536,"url":"https:\/\/www.pressenza.com\/wp-content\/uploads\/2013\/03\/pesca-artesanal.jpg","type":"image\/jpeg"}],"author":"Redacci\u00f3n Chile","twitter_card":"summary_large_image","twitter_creator":"@pressenza","twitter_site":"@PressenzaIPA","twitter_misc":{"Escrito por":"Redacci\u00f3n Chile","Tiempo de lectura":"2 minutos"},"schema":{"@context":"https:\/\/schema.org","@graph":[{"@type":"Article","@id":"https:\/\/www.pressenza.com\/es\/2013\/03\/pescadores-artesanales-chilenos-llevan-a-subsecretario-de-pesca-a-la-justicia-por-bacalao\/#article","isPartOf":{"@id":"https:\/\/www.pressenza.com\/es\/2013\/03\/pescadores-artesanales-chilenos-llevan-a-subsecretario-de-pesca-a-la-justicia-por-bacalao\/"},"author":{"name":"Redacci\u00f3n Chile","@id":"https:\/\/www.pressenza.com\/es\/#\/schema\/person\/d7db40df35d6698ba69ba9ee260944ed"},"headline":"Pescadores artesanales chilenos: llevan a Subsecretario de Pesca a la justicia por bacalao","datePublished":"2013-03-22T12:12:04+00:00","dateModified":"2013-03-22T20:10:52+00:00","mainEntityOfPage":{"@id":"https:\/\/www.pressenza.com\/es\/2013\/03\/pescadores-artesanales-chilenos-llevan-a-subsecretario-de-pesca-a-la-justicia-por-bacalao\/"},"wordCount":398,"publisher":{"@id":"https:\/\/www.pressenza.com\/es\/#organization"},"image":{"@id":"https:\/\/www.pressenza.com\/es\/2013\/03\/pescadores-artesanales-chilenos-llevan-a-subsecretario-de-pesca-a-la-justicia-por-bacalao\/#primaryimage"},"thumbnailUrl":"https:\/\/www.pressenza.com\/wp-content\/uploads\/2013\/03\/pesca-artesanal.jpg","articleSection":["Comunicados de Prensa","Pol\u00edtica","Sudam\u00e9rica"],"inLanguage":"es"},{"@type":"WebPage","@id":"https:\/\/www.pressenza.com\/es\/2013\/03\/pescadores-artesanales-chilenos-llevan-a-subsecretario-de-pesca-a-la-justicia-por-bacalao\/","url":"https:\/\/www.pressenza.com\/es\/2013\/03\/pescadores-artesanales-chilenos-llevan-a-subsecretario-de-pesca-a-la-justicia-por-bacalao\/","name":"Pescadores artesanales chilenos: llevan a Subsecretario de Pesca a la justicia por bacalao","isPartOf":{"@id":"https:\/\/www.pressenza.com\/es\/#website"},"primaryImageOfPage":{"@id":"https:\/\/www.pressenza.com\/es\/2013\/03\/pescadores-artesanales-chilenos-llevan-a-subsecretario-de-pesca-a-la-justicia-por-bacalao\/#primaryimage"},"image":{"@id":"https:\/\/www.pressenza.com\/es\/2013\/03\/pescadores-artesanales-chilenos-llevan-a-subsecretario-de-pesca-a-la-justicia-por-bacalao\/#primaryimage"},"thumbnailUrl":"https:\/\/www.pressenza.com\/wp-content\/uploads\/2013\/03\/pesca-artesanal.jpg","datePublished":"2013-03-22T12:12:04+00:00","dateModified":"2013-03-22T20:10:52+00:00","description":"Alegatos realizados ante la Corte de Apelaciones de Valpara\u00edso, Chile, por recurso de protecci\u00f3n de \u00a0pescadores de Valdivia, denuncian que el gobierno","breadcrumb":{"@id":"https:\/\/www.pressenza.com\/es\/2013\/03\/pescadores-artesanales-chilenos-llevan-a-subsecretario-de-pesca-a-la-justicia-por-bacalao\/#breadcrumb"},"inLanguage":"es","potentialAction":[{"@type":"ReadAction","target":["https:\/\/www.pressenza.com\/es\/2013\/03\/pescadores-artesanales-chilenos-llevan-a-subsecretario-de-pesca-a-la-justicia-por-bacalao\/"]}]},{"@type":"ImageObject","inLanguage":"es","@id":"https:\/\/www.pressenza.com\/es\/2013\/03\/pescadores-artesanales-chilenos-llevan-a-subsecretario-de-pesca-a-la-justicia-por-bacalao\/#primaryimage","url":"https:\/\/www.pressenza.com\/wp-content\/uploads\/2013\/03\/pesca-artesanal.jpg","contentUrl":"https:\/\/www.pressenza.com\/wp-content\/uploads\/2013\/03\/pesca-artesanal.jpg","width":2048,"height":1536},{"@type":"BreadcrumbList","@id":"https:\/\/www.pressenza.com\/es\/2013\/03\/pescadores-artesanales-chilenos-llevan-a-subsecretario-de-pesca-a-la-justicia-por-bacalao\/#breadcrumb","itemListElement":[{"@type":"ListItem","position":1,"name":"Accueil","item":"https:\/\/www.pressenza.com\/es\/"},{"@type":"ListItem","position":2,"name":"Pescadores artesanales chilenos: llevan a Subsecretario de Pesca a la justicia por bacalao"}]},{"@type":"WebSite","@id":"https:\/\/www.pressenza.com\/es\/#website","url":"https:\/\/www.pressenza.com\/es\/","name":"Pressenza","description":"International Press Agency","publisher":{"@id":"https:\/\/www.pressenza.com\/es\/#organization"},"potentialAction":[{"@type":"SearchAction","target":{"@type":"EntryPoint","urlTemplate":"https:\/\/www.pressenza.com\/es\/?s={search_term_string}"},"query-input":{"@type":"PropertyValueSpecification","valueRequired":true,"valueName":"search_term_string"}}],"inLanguage":"es"},{"@type":"Organization","@id":"https:\/\/www.pressenza.com\/es\/#organization","name":"Pressenza","url":"https:\/\/www.pressenza.com\/es\/","logo":{"@type":"ImageObject","inLanguage":"es","@id":"https:\/\/www.pressenza.com\/es\/#\/schema\/logo\/image\/","url":"https:\/\/www.pressenza.com\/wp-content\/uploads\/2022\/10\/pressenza_logo_200x200.jpg","contentUrl":"https:\/\/www.pressenza.com\/wp-content\/uploads\/2022\/10\/pressenza_logo_200x200.jpg","width":200,"height":200,"caption":"Pressenza"},"image":{"@id":"https:\/\/www.pressenza.com\/es\/#\/schema\/logo\/image\/"},"sameAs":["https:\/\/www.facebook.com\/PressenzaItalia","https:\/\/x.com\/PressenzaIPA"]},{"@type":"Person","@id":"https:\/\/www.pressenza.com\/es\/#\/schema\/person\/d7db40df35d6698ba69ba9ee260944ed","name":"Redacci\u00f3n Chile","description":"News from the Pressenza Bureau in Chile","sameAs":["https:\/\/www.facebook.com\/pressenza","https:\/\/x.com\/pressenza"],"url":"https:\/\/www.pressenza.com\/es\/author\/redaccion-chile\/"}]}},"place":"Santiago de Chile","original_article_url":"","_links":{"self":[{"href":"https:\/\/www.pressenza.com\/es\/wp-json\/wp\/v2\/posts\/44095","targetHints":{"allow":["GET"]}}],"collection":[{"href":"https:\/\/www.pressenza.com\/es\/wp-json\/wp\/v2\/posts"}],"about":[{"href":"https:\/\/www.pressenza.com\/es\/wp-json\/wp\/v2\/types\/post"}],"author":[{"embeddable":true,"href":"https:\/\/www.pressenza.com\/es\/wp-json\/wp\/v2\/users\/43"}],"replies":[{"embeddable":true,"href":"https:\/\/www.pressenza.com\/es\/wp-json\/wp\/v2\/comments?post=44095"}],"version-history":[{"count":0,"href":"https:\/\/www.pressenza.com\/es\/wp-json\/wp\/v2\/posts\/44095\/revisions"}],"wp:featuredmedia":[{"embeddable":true,"href":"https:\/\/www.pressenza.com\/es\/wp-json\/wp\/v2\/media\/44173"}],"wp:attachment":[{"href":"https:\/\/www.pressenza.com\/es\/wp-json\/wp\/v2\/media?parent=44095"}],"wp:term":[{"taxonomy":"category","embeddable":true,"href":"https:\/\/www.pressenza.com\/es\/wp-json\/wp\/v2\/categories?post=44095"},{"taxonomy":"post_tag","embeddable":true,"href":"https:\/\/www.pressenza.com\/es\/wp-json\/wp\/v2\/tags?post=44095"}],"curies":[{"name":"wp","href":"https:\/\/api.w.org\/{rel}","templated":true}]}}