{"id":438279,"date":"2017-03-03T21:56:32","date_gmt":"2017-03-03T21:56:32","guid":{"rendered":"https:\/\/www.pressenza.com\/?p=438279\/"},"modified":"2017-03-03T21:56:32","modified_gmt":"2017-03-03T21:56:32","slug":"adios-las-armas-las-farc","status":"publish","type":"post","link":"https:\/\/www.pressenza.com\/es\/2017\/03\/adios-las-armas-las-farc\/","title":{"rendered":"El adi\u00f3s a las armas de las FARC"},"content":{"rendered":"<p><span class=\"postauthor\">Por <a title=\"Art\u00edculos de Constanza Vieira\" href=\"http:\/\/www.ipsnoticias.net\/author\/constanza-vieira\/\">Constanza Vieira<\/a><\/span><\/p>\n<p>El mi\u00e9rcoles 1 de marzo comenz\u00f3 el proceso de dejaci\u00f3n de armas de la guerrilla comunista FARC (Fuerzas Armadas Revolucionarias de Colombia), el cual debe culminar en tres meses.<span id=\"more-134113\"><\/span><\/p>\n<p>Las FARC se comprometieron a entregar ese d\u00eda a la Organizaci\u00f3n de las Naciones Unidas (ONU) la lista de todo su armamento: cantidad y tipo de armas de toda la tropa guerrillera.<\/p>\n<p>En primera fila, en fecha pr\u00f3xima renuncian a su armamento los comandantes y guerrilleros que hacen parte del Mecanismo de Monitoreo y Verificaci\u00f3n (MM&amp;V), una instancia tripartita de la ONU, el gobierno de Juan Manuel Santos y las FARC, prevista en el acuerdo de paz, rubricado en septiembre y modificado y ratificado en noviembre.<\/p>\n<p>Son, actualmente, 140 excombatientes desplegados en el MM&amp;V, movi\u00e9ndose por todo el pa\u00eds.<\/p>\n<p>La guerrilla est\u00e1 proporcionando tambi\u00e9n las coordenadas donde se encuentra \u201cla principal arma de la artiller\u00eda de guerrillas, que son los explosivos\u201d, como explic\u00f3 el comandante de nombre de guerra Pastor Alape el mismo mi\u00e9rcoles 1. La destrucci\u00f3n de la primera parte de esta artiller\u00eda comenz\u00f3 el a\u00f1o pasado.<\/p>\n<p>Estos acontecimientos son el primer paso del \u201cadi\u00f3s a las armas\u201d de la guerrilla y termina a finales de mayo.<\/p>\n<p>En total son cerca de 7.000 excombatientes, que ya se encuentran concentrados en 26 zonas rurales, sus nuevos <a href=\"http:\/\/especiales.presidencia.gov.co\/Documents\/20170210-zonas-veredales\/zonas-veredales.html\">campamentos de transici\u00f3n a la vida civil<\/a>.<\/p>\n<p>Hace 12 d\u00edas terminaron de movilizarse a esas llamadas \u201czonas veredales\u201d. Recorrieron durante tres semanas cientos de kil\u00f3metros en todo tipo de transportes, protegidos por el ej\u00e9rcito, confraternizando con los soldados, y sin incidentes.<\/p>\n<p>El n\u00famero de habitantes de las zonas crece, pues en las filas de las FARC est\u00e1n naciendo beb\u00e9s a raz\u00f3n de 1,9 al d\u00eda: es el \u201cbaby boom\u201d de la paz.<\/p>\n<div id=\"attachment_134117\" class=\"wp-caption aligncenter\"><a href=\"http:\/\/cdn.ipsnoticias.net\/wp-content\/uploads\/2017\/03\/2017-03-02-PHOTO-190.jpg\"><img loading=\"lazy\" decoding=\"async\" class=\"size-full wp-image-134117\" title=\"El adi\u00f3s a las armas de las FARC\" src=\"http:\/\/cdn.ipsnoticias.net\/wp-content\/uploads\/2017\/03\/2017-03-02-PHOTO-190.jpg\" alt=\"El adi\u00f3s a las armas de las FARC\" width=\"640\" height=\"427\" \/><\/a><\/p>\n<p class=\"wp-caption-text\">Un grupo de los ahora 7.000 excombatientes de las FARC se trasladan a una de las 26 \u201czonas veredales\u201d, donde en febrero se instalaron en \u00e1reas rurales los campamentos de transici\u00f3n a la vida civil. Cr\u00e9dito: Nelson C\u00e1rdenas\/SIG<\/p>\n<\/div>\n<p>Estas zonas fueron delimitadas con ayuda de la <a href=\"https:\/\/colombia.unmissions.org\/\">Misi\u00f3n de Naciones Unidas<\/a>, dispuesta <a href=\"https:\/\/colombia.unmissions.org\/sites\/default\/files\/n1601742.pdf\">por el Consejo de Seguridad<\/a> en enero de 2016.<\/p>\n<p>All\u00ed, la ONU recibir\u00e1 en custodia las armas, de acuerdo a un cronograma. Luego las fundir\u00e1n, para hacer tres monumentos conmemorativos. Uno ir\u00e1 a la sede de la ONU en Nueva York, otro a Cuba, anfitriona durante cuatro a\u00f1os de los di\u00e1logos de paz, y el tercero ser\u00e1 instalado en Colombia.<\/p>\n<p>\u201cLlegamos a tener (\u2026) f\u00e1bricas de cohetes, llegamos a experimentar con cohetes de dos tiempos\u201d, dijo en una entrevista por televisi\u00f3n Iv\u00e1n M\u00e1rquez, jefe negociador de las FARC. IPS conoce, por haber estado presente en un territorio en disputa en el Norte del Cauca, que esos cohetes eran, o son, antitanque.<\/p>\n<p>Precisamente la presencia internacional en el MM&amp;V hace la diferencia clave, en comparaci\u00f3n con anteriores intentos de paz fallidos en la guerra colombiana, surgida hace siete d\u00e9cadas.<\/p>\n<p>Esta \u201cpata\u201d internacional del tr\u00edpode es una misi\u00f3n pol\u00edtica desarmada, que pasar\u00e1 pr\u00e1cticamente todo 2017 en terreno en Colombia. Los observadores internacionales ser\u00edan, actualmente, 450, la mayor\u00eda latinoamericanos.<\/p>\n<p>En este tr\u00edpode, el <a href=\"https:\/\/colombia.unmissions.org\/sites\/default\/files\/2017-02-2020mmv20-20tercer20informe20mensual20del20mecanismo20de20monitoreo20y20verificaciocc81n.pdf\">dato m\u00e1s reciente<\/a> , del 7 de febrero, indica que 40 por ciento de los verificadores de la guerrilla son mujeres, 13 por ciento entre los internacionales y en el personal gubernamental, 6,5 por ciento.<\/p>\n<p>Es un momento hist\u00f3rico.<\/p>\n<p>Esta insurgencia campesina surgida en 1964 lleva en su ADN la lecci\u00f3n aprendida de que las armas no se entregan; se guardan y no se usan mientras los pactos de paz se cumplan, previendo tiempos peores por la traici\u00f3n del Estado, recurrente, si se repasa la larga historia de las rebeliones en Colombia.<\/p>\n<p>Pero son otros tiempos, y una diferencia adicional es que, esta vez, hay una sensaci\u00f3n de fin de una era: las FARC est\u00e1n \u00edntimamente decididas a retirarse de la guerra e irrumpir como partido en el escenario pol\u00edtico, si bien unos 200 guerrilleros se declararon en disidencia y siguieron en insurgencia.<\/p>\n<p>El acuerdo con las FARC prev\u00e9 una reforma pol\u00edtica inclusiva y soluciones para los campesinos y los cocaleros. Son reformas, en realidad, liberales, pero que, con tal de no hacerlas, los gobiernos de turno prefirieron mantener al pueblo en guerra.<\/p>\n<p>Uno a uno, mediante un procedimiento abreviado (v\u00eda r\u00e1pida), el Congreso legislativo aprueba desde diciembre los proyectos de ley que necesita el acuerdo de paz, y que el gobierno le presenta. Los congresistas pueden discutir y aprobar o improbar los proyectos, pero no cambiarlos.<\/p>\n<p>Una de estas iniciativas propone que se proh\u00edba, por la Constituci\u00f3n, promover, organizar y financiar estructuras paramilitares, as\u00ed como crear una unidad especializada en la persecuci\u00f3n e investigaci\u00f3n de este fen\u00f3meno, responsable de 80 por ciento de los cr\u00edmenes de la guerra colombiana.<\/p>\n<p>La desactivaci\u00f3n de estos escuadrones, movidos por intereses privados, es uno compromiso crucial del estado en el acuerdo con las FARC. Aunque se ve mejor\u00eda desde que fueron desmantelados por el gobierno de \u00c1lvaro Uribe (2002-2010), est\u00e1n copando los espacios que ha dejado esa guerrilla.<\/p>\n<p>Mientras, arrecia el asesinato de l\u00edderes sociales y emergen escuadrones de la muerte en los campos. La cifra m\u00e1s conservadora sobre el creciente asesinato de l\u00edderes populares es la del gobierno, con 58 muertos el a\u00f1o pasado. El programa no gubernamental <a href=\"http:\/\/www.colectivodeabogados.org\/Contra-las-cuerdas-Informe-anual-2016-programa-Somos-Defensores#.WK7ydkQ6bR8.twitter\">Somos Defensores<\/a> contabiliz\u00f3 en 2016 el asesinato de 80 dirigentes, un incremento de 22 por ciento respecto a 2015.<\/p>\n<p>\u00bfVuelve la ofensiva paramilitar? El estado dice que no tiene que ver con esos cr\u00edmenes. Que no existen, hoy, escuadrones de la muerte que trabajen en coordinaci\u00f3n con la fuerza p\u00fablica. Frente a esta afirmaci\u00f3n, las opiniones se dividen.<\/p>\n<p>Calienta motores la campa\u00f1a para las elecciones presidenciales de 2018, que definen si el acuerdo se cumple o no: el escenario ser\u00e1 parecido al del plebiscito del 2 de octubre, en el cual perdi\u00f3 el \u201cs\u00ed\u201d a refrendar el acuerdo.<\/p>\n<p>Aunque fue una derrota por escaso margen, oblig\u00f3 a Santos a renegociar 57 aspectos que hab\u00eda pactado en el acuerdo de paz.<\/p>\n<p>Son los primeros pasos de la paz, luego de decenios de guerra.<\/p>\n","protected":false},"excerpt":{"rendered":"<p>Por Constanza Vieira El mi\u00e9rcoles 1 de marzo comenz\u00f3 el proceso de dejaci\u00f3n de armas de la guerrilla comunista FARC (Fuerzas Armadas Revolucionarias de Colombia), el cual debe culminar en tres meses. Las FARC se comprometieron a entregar ese d\u00eda&hellip;<\/p>\n","protected":false},"author":347,"featured_media":438281,"comment_status":"closed","ping_status":"closed","sticky":false,"template":"","format":"standard","meta":{"footnotes":""},"categories":[161,1243,67],"tags":[709,6618,14513],"class_list":["post-438279","post","type-post","status-publish","format-standard","has-post-thumbnail","hentry","category-opiniones","category-paz-desarme","category-sudamerica","tag-desarme","tag-farc-es","tag-proceso-de-paz-en-colombia"],"yoast_head":"<!-- This site is optimized with the Yoast SEO plugin v27.1.1 - https:\/\/yoast.com\/product\/yoast-seo-wordpress\/ -->\n<title>El adi\u00f3s a las armas de las FARC<\/title>\n<meta name=\"description\" content=\"Por Constanza Vieira El mi\u00e9rcoles 1 de marzo comenz\u00f3 el proceso de dejaci\u00f3n de armas de la guerrilla comunista FARC (Fuerzas Armadas Revolucionarias de\" \/>\n<meta name=\"robots\" content=\"index, follow, max-snippet:-1, max-image-preview:large, max-video-preview:-1\" \/>\n<link rel=\"canonical\" href=\"https:\/\/www.pressenza.com\/es\/2017\/03\/adios-las-armas-las-farc\/\" \/>\n<meta property=\"og:locale\" content=\"es_ES\" \/>\n<meta property=\"og:type\" content=\"article\" \/>\n<meta property=\"og:title\" content=\"El adi\u00f3s a las armas de las FARC\" \/>\n<meta property=\"og:description\" content=\"Por Constanza Vieira El mi\u00e9rcoles 1 de marzo comenz\u00f3 el proceso de dejaci\u00f3n de armas de la guerrilla comunista FARC (Fuerzas Armadas Revolucionarias de\" \/>\n<meta property=\"og:url\" content=\"https:\/\/www.pressenza.com\/es\/2017\/03\/adios-las-armas-las-farc\/\" \/>\n<meta property=\"og:site_name\" content=\"Pressenza\" \/>\n<meta property=\"article:publisher\" content=\"https:\/\/www.facebook.com\/PressenzaItalia\" \/>\n<meta property=\"article:author\" content=\"http:\/\/www.facebook.com\/ipsnoticias\" \/>\n<meta property=\"article:published_time\" content=\"2017-03-03T21:56:32+00:00\" \/>\n<meta property=\"og:image\" content=\"https:\/\/www.pressenza.com\/wp-content\/uploads\/2017\/03\/170301_notaArmas_1800-629x377.jpg\" \/>\n\t<meta property=\"og:image:width\" content=\"629\" \/>\n\t<meta property=\"og:image:height\" content=\"377\" \/>\n\t<meta property=\"og:image:type\" content=\"image\/jpeg\" \/>\n<meta name=\"author\" content=\"Inter Press Service\" \/>\n<meta name=\"twitter:card\" content=\"summary_large_image\" \/>\n<meta name=\"twitter:creator\" content=\"@ipsnoticias\" \/>\n<meta name=\"twitter:site\" content=\"@PressenzaIPA\" \/>\n<meta name=\"twitter:label1\" content=\"Escrito por\" \/>\n\t<meta name=\"twitter:data1\" content=\"Inter Press Service\" \/>\n\t<meta name=\"twitter:label2\" content=\"Tiempo de lectura\" \/>\n\t<meta name=\"twitter:data2\" content=\"5 minutos\" \/>\n<script type=\"application\/ld+json\" class=\"yoast-schema-graph\">{\"@context\":\"https:\/\/schema.org\",\"@graph\":[{\"@type\":\"Article\",\"@id\":\"https:\/\/www.pressenza.com\/es\/2017\/03\/adios-las-armas-las-farc\/#article\",\"isPartOf\":{\"@id\":\"https:\/\/www.pressenza.com\/es\/2017\/03\/adios-las-armas-las-farc\/\"},\"author\":{\"name\":\"Inter Press Service\",\"@id\":\"https:\/\/www.pressenza.com\/es\/#\/schema\/person\/7467f88f6765c239bdd52f3c432de81a\"},\"headline\":\"El adi\u00f3s a las armas de las FARC\",\"datePublished\":\"2017-03-03T21:56:32+00:00\",\"mainEntityOfPage\":{\"@id\":\"https:\/\/www.pressenza.com\/es\/2017\/03\/adios-las-armas-las-farc\/\"},\"wordCount\":1059,\"publisher\":{\"@id\":\"https:\/\/www.pressenza.com\/es\/#organization\"},\"image\":{\"@id\":\"https:\/\/www.pressenza.com\/es\/2017\/03\/adios-las-armas-las-farc\/#primaryimage\"},\"thumbnailUrl\":\"https:\/\/www.pressenza.com\/wp-content\/uploads\/2017\/03\/170301_notaArmas_1800-629x377.jpg\",\"keywords\":[\"Desarme\",\"FARC\",\"Proceso de Paz en Colombia\"],\"articleSection\":[\"Opiniones\",\"Paz y Desarme\",\"Sudam\u00e9rica\"],\"inLanguage\":\"es\"},{\"@type\":\"WebPage\",\"@id\":\"https:\/\/www.pressenza.com\/es\/2017\/03\/adios-las-armas-las-farc\/\",\"url\":\"https:\/\/www.pressenza.com\/es\/2017\/03\/adios-las-armas-las-farc\/\",\"name\":\"El adi\u00f3s a las armas de las FARC\",\"isPartOf\":{\"@id\":\"https:\/\/www.pressenza.com\/es\/#website\"},\"primaryImageOfPage\":{\"@id\":\"https:\/\/www.pressenza.com\/es\/2017\/03\/adios-las-armas-las-farc\/#primaryimage\"},\"image\":{\"@id\":\"https:\/\/www.pressenza.com\/es\/2017\/03\/adios-las-armas-las-farc\/#primaryimage\"},\"thumbnailUrl\":\"https:\/\/www.pressenza.com\/wp-content\/uploads\/2017\/03\/170301_notaArmas_1800-629x377.jpg\",\"datePublished\":\"2017-03-03T21:56:32+00:00\",\"description\":\"Por Constanza Vieira El mi\u00e9rcoles 1 de marzo comenz\u00f3 el proceso de dejaci\u00f3n de armas de la guerrilla comunista FARC (Fuerzas Armadas Revolucionarias de\",\"breadcrumb\":{\"@id\":\"https:\/\/www.pressenza.com\/es\/2017\/03\/adios-las-armas-las-farc\/#breadcrumb\"},\"inLanguage\":\"es\",\"potentialAction\":[{\"@type\":\"ReadAction\",\"target\":[\"https:\/\/www.pressenza.com\/es\/2017\/03\/adios-las-armas-las-farc\/\"]}]},{\"@type\":\"ImageObject\",\"inLanguage\":\"es\",\"@id\":\"https:\/\/www.pressenza.com\/es\/2017\/03\/adios-las-armas-las-farc\/#primaryimage\",\"url\":\"https:\/\/www.pressenza.com\/wp-content\/uploads\/2017\/03\/170301_notaArmas_1800-629x377.jpg\",\"contentUrl\":\"https:\/\/www.pressenza.com\/wp-content\/uploads\/2017\/03\/170301_notaArmas_1800-629x377.jpg\",\"width\":629,\"height\":377},{\"@type\":\"BreadcrumbList\",\"@id\":\"https:\/\/www.pressenza.com\/es\/2017\/03\/adios-las-armas-las-farc\/#breadcrumb\",\"itemListElement\":[{\"@type\":\"ListItem\",\"position\":1,\"name\":\"Accueil\",\"item\":\"https:\/\/www.pressenza.com\/es\/\"},{\"@type\":\"ListItem\",\"position\":2,\"name\":\"El adi\u00f3s a las armas de las FARC\"}]},{\"@type\":\"WebSite\",\"@id\":\"https:\/\/www.pressenza.com\/es\/#website\",\"url\":\"https:\/\/www.pressenza.com\/es\/\",\"name\":\"Pressenza\",\"description\":\"International Press Agency\",\"publisher\":{\"@id\":\"https:\/\/www.pressenza.com\/es\/#organization\"},\"potentialAction\":[{\"@type\":\"SearchAction\",\"target\":{\"@type\":\"EntryPoint\",\"urlTemplate\":\"https:\/\/www.pressenza.com\/es\/?s={search_term_string}\"},\"query-input\":{\"@type\":\"PropertyValueSpecification\",\"valueRequired\":true,\"valueName\":\"search_term_string\"}}],\"inLanguage\":\"es\"},{\"@type\":\"Organization\",\"@id\":\"https:\/\/www.pressenza.com\/es\/#organization\",\"name\":\"Pressenza\",\"url\":\"https:\/\/www.pressenza.com\/es\/\",\"logo\":{\"@type\":\"ImageObject\",\"inLanguage\":\"es\",\"@id\":\"https:\/\/www.pressenza.com\/es\/#\/schema\/logo\/image\/\",\"url\":\"https:\/\/www.pressenza.com\/wp-content\/uploads\/2022\/10\/pressenza_logo_200x200.jpg\",\"contentUrl\":\"https:\/\/www.pressenza.com\/wp-content\/uploads\/2022\/10\/pressenza_logo_200x200.jpg\",\"width\":200,\"height\":200,\"caption\":\"Pressenza\"},\"image\":{\"@id\":\"https:\/\/www.pressenza.com\/es\/#\/schema\/logo\/image\/\"},\"sameAs\":[\"https:\/\/www.facebook.com\/PressenzaItalia\",\"https:\/\/x.com\/PressenzaIPA\"]},{\"@type\":\"Person\",\"@id\":\"https:\/\/www.pressenza.com\/es\/#\/schema\/person\/7467f88f6765c239bdd52f3c432de81a\",\"name\":\"Inter Press Service\",\"description\":\"IPS is an international communications institution at the heart of a global news agency that amplifies the voices of the South and civil society on development, globalisation, human rights and the environment. www.ipsnews.net\",\"sameAs\":[\"http:\/\/www.facebook.com\/ipsnoticias\",\"https:\/\/x.com\/ipsnoticias\"],\"url\":\"https:\/\/www.pressenza.com\/es\/author\/ips-inter-press-service\/\"}]}<\/script>\n<!-- \/ Yoast SEO plugin. -->","yoast_head_json":{"title":"El adi\u00f3s a las armas de las FARC","description":"Por Constanza Vieira El mi\u00e9rcoles 1 de marzo comenz\u00f3 el proceso de dejaci\u00f3n de armas de la guerrilla comunista FARC (Fuerzas Armadas Revolucionarias de","robots":{"index":"index","follow":"follow","max-snippet":"max-snippet:-1","max-image-preview":"max-image-preview:large","max-video-preview":"max-video-preview:-1"},"canonical":"https:\/\/www.pressenza.com\/es\/2017\/03\/adios-las-armas-las-farc\/","og_locale":"es_ES","og_type":"article","og_title":"El adi\u00f3s a las armas de las FARC","og_description":"Por Constanza Vieira El mi\u00e9rcoles 1 de marzo comenz\u00f3 el proceso de dejaci\u00f3n de armas de la guerrilla comunista FARC (Fuerzas Armadas Revolucionarias de","og_url":"https:\/\/www.pressenza.com\/es\/2017\/03\/adios-las-armas-las-farc\/","og_site_name":"Pressenza","article_publisher":"https:\/\/www.facebook.com\/PressenzaItalia","article_author":"http:\/\/www.facebook.com\/ipsnoticias","article_published_time":"2017-03-03T21:56:32+00:00","og_image":[{"width":629,"height":377,"url":"https:\/\/www.pressenza.com\/wp-content\/uploads\/2017\/03\/170301_notaArmas_1800-629x377.jpg","type":"image\/jpeg"}],"author":"Inter Press Service","twitter_card":"summary_large_image","twitter_creator":"@ipsnoticias","twitter_site":"@PressenzaIPA","twitter_misc":{"Escrito por":"Inter Press Service","Tiempo de lectura":"5 minutos"},"schema":{"@context":"https:\/\/schema.org","@graph":[{"@type":"Article","@id":"https:\/\/www.pressenza.com\/es\/2017\/03\/adios-las-armas-las-farc\/#article","isPartOf":{"@id":"https:\/\/www.pressenza.com\/es\/2017\/03\/adios-las-armas-las-farc\/"},"author":{"name":"Inter Press Service","@id":"https:\/\/www.pressenza.com\/es\/#\/schema\/person\/7467f88f6765c239bdd52f3c432de81a"},"headline":"El adi\u00f3s a las armas de las FARC","datePublished":"2017-03-03T21:56:32+00:00","mainEntityOfPage":{"@id":"https:\/\/www.pressenza.com\/es\/2017\/03\/adios-las-armas-las-farc\/"},"wordCount":1059,"publisher":{"@id":"https:\/\/www.pressenza.com\/es\/#organization"},"image":{"@id":"https:\/\/www.pressenza.com\/es\/2017\/03\/adios-las-armas-las-farc\/#primaryimage"},"thumbnailUrl":"https:\/\/www.pressenza.com\/wp-content\/uploads\/2017\/03\/170301_notaArmas_1800-629x377.jpg","keywords":["Desarme","FARC","Proceso de Paz en Colombia"],"articleSection":["Opiniones","Paz y Desarme","Sudam\u00e9rica"],"inLanguage":"es"},{"@type":"WebPage","@id":"https:\/\/www.pressenza.com\/es\/2017\/03\/adios-las-armas-las-farc\/","url":"https:\/\/www.pressenza.com\/es\/2017\/03\/adios-las-armas-las-farc\/","name":"El adi\u00f3s a las armas de las FARC","isPartOf":{"@id":"https:\/\/www.pressenza.com\/es\/#website"},"primaryImageOfPage":{"@id":"https:\/\/www.pressenza.com\/es\/2017\/03\/adios-las-armas-las-farc\/#primaryimage"},"image":{"@id":"https:\/\/www.pressenza.com\/es\/2017\/03\/adios-las-armas-las-farc\/#primaryimage"},"thumbnailUrl":"https:\/\/www.pressenza.com\/wp-content\/uploads\/2017\/03\/170301_notaArmas_1800-629x377.jpg","datePublished":"2017-03-03T21:56:32+00:00","description":"Por Constanza Vieira El mi\u00e9rcoles 1 de marzo comenz\u00f3 el proceso de dejaci\u00f3n de armas de la guerrilla comunista FARC (Fuerzas Armadas Revolucionarias de","breadcrumb":{"@id":"https:\/\/www.pressenza.com\/es\/2017\/03\/adios-las-armas-las-farc\/#breadcrumb"},"inLanguage":"es","potentialAction":[{"@type":"ReadAction","target":["https:\/\/www.pressenza.com\/es\/2017\/03\/adios-las-armas-las-farc\/"]}]},{"@type":"ImageObject","inLanguage":"es","@id":"https:\/\/www.pressenza.com\/es\/2017\/03\/adios-las-armas-las-farc\/#primaryimage","url":"https:\/\/www.pressenza.com\/wp-content\/uploads\/2017\/03\/170301_notaArmas_1800-629x377.jpg","contentUrl":"https:\/\/www.pressenza.com\/wp-content\/uploads\/2017\/03\/170301_notaArmas_1800-629x377.jpg","width":629,"height":377},{"@type":"BreadcrumbList","@id":"https:\/\/www.pressenza.com\/es\/2017\/03\/adios-las-armas-las-farc\/#breadcrumb","itemListElement":[{"@type":"ListItem","position":1,"name":"Accueil","item":"https:\/\/www.pressenza.com\/es\/"},{"@type":"ListItem","position":2,"name":"El adi\u00f3s a las armas de las FARC"}]},{"@type":"WebSite","@id":"https:\/\/www.pressenza.com\/es\/#website","url":"https:\/\/www.pressenza.com\/es\/","name":"Pressenza","description":"International Press Agency","publisher":{"@id":"https:\/\/www.pressenza.com\/es\/#organization"},"potentialAction":[{"@type":"SearchAction","target":{"@type":"EntryPoint","urlTemplate":"https:\/\/www.pressenza.com\/es\/?s={search_term_string}"},"query-input":{"@type":"PropertyValueSpecification","valueRequired":true,"valueName":"search_term_string"}}],"inLanguage":"es"},{"@type":"Organization","@id":"https:\/\/www.pressenza.com\/es\/#organization","name":"Pressenza","url":"https:\/\/www.pressenza.com\/es\/","logo":{"@type":"ImageObject","inLanguage":"es","@id":"https:\/\/www.pressenza.com\/es\/#\/schema\/logo\/image\/","url":"https:\/\/www.pressenza.com\/wp-content\/uploads\/2022\/10\/pressenza_logo_200x200.jpg","contentUrl":"https:\/\/www.pressenza.com\/wp-content\/uploads\/2022\/10\/pressenza_logo_200x200.jpg","width":200,"height":200,"caption":"Pressenza"},"image":{"@id":"https:\/\/www.pressenza.com\/es\/#\/schema\/logo\/image\/"},"sameAs":["https:\/\/www.facebook.com\/PressenzaItalia","https:\/\/x.com\/PressenzaIPA"]},{"@type":"Person","@id":"https:\/\/www.pressenza.com\/es\/#\/schema\/person\/7467f88f6765c239bdd52f3c432de81a","name":"Inter Press Service","description":"IPS is an international communications institution at the heart of a global news agency that amplifies the voices of the South and civil society on development, globalisation, human rights and the environment. www.ipsnews.net","sameAs":["http:\/\/www.facebook.com\/ipsnoticias","https:\/\/x.com\/ipsnoticias"],"url":"https:\/\/www.pressenza.com\/es\/author\/ips-inter-press-service\/"}]}},"place":"Bogot\u00e1, Colombia","original_article_url":"http:\/\/www.ipsnoticias.net\/2017\/03\/el-adios-a-las-armas-de-las-farc\/?#","_links":{"self":[{"href":"https:\/\/www.pressenza.com\/es\/wp-json\/wp\/v2\/posts\/438279","targetHints":{"allow":["GET"]}}],"collection":[{"href":"https:\/\/www.pressenza.com\/es\/wp-json\/wp\/v2\/posts"}],"about":[{"href":"https:\/\/www.pressenza.com\/es\/wp-json\/wp\/v2\/types\/post"}],"author":[{"embeddable":true,"href":"https:\/\/www.pressenza.com\/es\/wp-json\/wp\/v2\/users\/347"}],"replies":[{"embeddable":true,"href":"https:\/\/www.pressenza.com\/es\/wp-json\/wp\/v2\/comments?post=438279"}],"version-history":[{"count":0,"href":"https:\/\/www.pressenza.com\/es\/wp-json\/wp\/v2\/posts\/438279\/revisions"}],"wp:featuredmedia":[{"embeddable":true,"href":"https:\/\/www.pressenza.com\/es\/wp-json\/wp\/v2\/media\/438281"}],"wp:attachment":[{"href":"https:\/\/www.pressenza.com\/es\/wp-json\/wp\/v2\/media?parent=438279"}],"wp:term":[{"taxonomy":"category","embeddable":true,"href":"https:\/\/www.pressenza.com\/es\/wp-json\/wp\/v2\/categories?post=438279"},{"taxonomy":"post_tag","embeddable":true,"href":"https:\/\/www.pressenza.com\/es\/wp-json\/wp\/v2\/tags?post=438279"}],"curies":[{"name":"wp","href":"https:\/\/api.w.org\/{rel}","templated":true}]}}