{"id":436541,"date":"2017-02-27T14:35:08","date_gmt":"2017-02-27T14:35:08","guid":{"rendered":"https:\/\/www.pressenza.com\/?p=436541\/"},"modified":"2017-02-27T15:10:00","modified_gmt":"2017-02-27T15:10:00","slug":"las-voces-silenciosas","status":"publish","type":"post","link":"https:\/\/www.pressenza.com\/es\/2017\/02\/las-voces-silenciosas\/","title":{"rendered":"Las voces silenciosas"},"content":{"rendered":"<p align=\"left\"><span style=\"color: #000000;\"><span style=\"font-family: Helvetica,serif;\"><span style=\"font-size: small;\"><span style=\"font-family: Times New Roman,serif;\"><span style=\"font-size: large;\">De nada sirve una voz de alerta cuando no hay qui\u00e9n la escuche<\/span><\/span><span style=\"font-family: Times New Roman,serif;\"><span style=\"font-size: large;\">.<\/span><\/span><\/span><\/span><\/span><\/p>\n<p align=\"left\"><span style=\"color: #000000;\"><span style=\"font-family: Helvetica,serif;\"><span style=\"font-size: small;\"><span style=\"font-family: Times New Roman,serif;\"><span style=\"font-size: medium;\">No s\u00e9 cu\u00e1l s\u00edndrome podr\u00eda calzar, pero a mi mente vienen algunos cuyas caracter\u00edsticas incluyen gran tolerancia al dolor, una constante tendencia al ensimismamiento, disminuci\u00f3n de la atenci\u00f3n, de la memoria y otras funciones indispensables para el desempe\u00f1o normal de una persona o de un grupo social. He buscado todas las posibles razones para tanto silencio colectivo y me propuse interrogar a personas cercanas para recibir alguna luz capaz de explicarme el porqu\u00e9 de su apat\u00eda. Durante este ejercicio, una y otra vez he recibido similares respuestas: \u201cno leo peri\u00f3dicos\u201d, \u201ccancel\u00e9 mi suscripci\u00f3n\u201d, \u201cya no te sigo en Facebook porque a diario publicas asesinatos y esas cosas\u201d, \u201cno veo televisi\u00f3n local, me deprime\u201d, \u201cno creo en la pol\u00edtica\u201d, \u201cesto nunca va a cambiar\u201d, \u201cno necesito enterarme\u201d y as\u00ed por el estilo.<\/span><\/span><\/span><\/span><\/span><\/p>\n<p class=\"western\" lang=\"en-US\" align=\"left\">Hasta que \u00a1por fin! veo abrirse una fisura por la cual se desliza el concepto preciso: <span style=\"color: #262626;\"><i>\u201cla alienaci\u00f3n de tipo social se encuentra estrechamente vinculada a la manipulaci\u00f3n social, la manipulaci\u00f3n pol\u00edtica, la opresi\u00f3n y la anulaci\u00f3n cultural. En este caso, el individuo o la comunidad, transforman a punto tal su conciencia de manera de convertirla en contradictoria con lo que se espera normalmente de ellos.\u201d<\/i><\/span><span style=\"color: #262626;\"> As\u00ed descrito, me parece reconocer de inmediato el s\u00edndrome que explica el silencio y el encierro voluntario, la resignaci\u00f3n ante lo aparentemente inevitable y, sobre todo, la respuesta ante el miedo y la amenaza, protagonistas de nuestro entorno.<\/span><\/p>\n<p class=\"western\" lang=\"en-US\" align=\"left\"><span style=\"color: #262626;\">\u00bfPor qu\u00e9 perdemos la memoria? \u00bfQu\u00e9 motiva nuestro af\u00e1n de olvidar un pasado cuyos elementos permanecen vivos y golpean con fuerza demoledora a las causas sociales, a la justicia y a las oportunidades de desarrollo de una naci\u00f3n? Me parece posible identificar all\u00ed el punto neur\u00e1lgico, ese centro del dolor al que deseamos aislar para no sufrir, ese peque\u00f1o aleph protegido con u\u00f1as y dientes para no volver a experimentar la dura sensaci\u00f3n de fracaso. Entonces, cual mecanismo psicol\u00f3gico natural, dadas las circunstancias, nos volcamos hacia las neblinas medi\u00e1ticas del entretenimiento, del chisme y la fanfarria pol\u00edtica para por lo menos creer en nuestra voluntad de participar. Sin embargo la mentira no dura indefinidamente y, poco a poco, volvemos a la concha s\u00f3lida de la cotidianidad mientras las amenazas del pasado toman cuerpo. <\/span><\/p>\n<p class=\"western\" lang=\"en-US\" align=\"left\"><span style=\"color: #262626;\">Este s\u00edndrome devastador para la integridad de una sociedad se presenta en relaci\u00f3n directa con su capacidad de negaci\u00f3n; las actividades rutinarias pueden durante un tiempo enterrar sus miedos m\u00e1s profundos, pero solo hasta que las amenazas comiencen a hacerse realidad con una fuerza potenciada por el silencio. De fen\u00f3menos colectivos caracterizados por el \u201cno querer saber\u201d hemos visto a lo largo de la Historia el surgimiento de sistemas oscurantistas capaces de anular la voluntad de las grandes comunidades humanas, convirti\u00e9ndolas en c\u00f3mplices de su propia desgracia, de la destrucci\u00f3n de sus logros m\u00e1s queridos y de todas sus libertades.<\/span><\/p>\n<p class=\"western\" lang=\"en-US\" align=\"left\"><span style=\"color: #262626;\">Para semejante mal, la cura es el examen de conciencia. Uno capaz de sacar de los armarios los cad\u00e1veres ocultos, iluminar los rincones y sacudirle el polvo a leyes y normas cuyo imperio se debe restablecer. La discusi\u00f3n, el debate y el reconocimiento de problemas comunes es un ejercicio valioso por ser la \u00fanica v\u00eda para encontrar soluciones de beneficio colectivo. Desde ese punto de convergencia resulta posible combatir el ostracismo individual y transformar la din\u00e1mica social en un factor efectivo de cambio. De lo contrario se comete una especie de pecado de abstenci\u00f3n, cada d\u00eda m\u00e1s caro y destructivo.<\/span><\/p>\n","protected":false},"excerpt":{"rendered":"<p>De nada sirve una voz de alerta cuando no hay qui\u00e9n la escuche. No s\u00e9 cu\u00e1l s\u00edndrome podr\u00eda calzar, pero a mi mente vienen algunos cuyas caracter\u00edsticas incluyen gran tolerancia al dolor, una constante tendencia al ensimismamiento, disminuci\u00f3n de la&hellip;<\/p>\n","protected":false},"author":1296,"featured_media":436551,"comment_status":"closed","ping_status":"closed","sticky":false,"template":"","format":"standard","meta":{"footnotes":""},"categories":[69,11389,79,161],"tags":[35278,18568,355,35277],"class_list":["post-436541","post","type-post","status-publish","format-standard","has-post-thumbnail","hentry","category-america-central","category-contenido-original","category-derechos-humanos","category-opiniones","tag-complicidad","tag-conciencia","tag-crisis-es","tag-ensimismamiento"],"yoast_head":"<!-- This site is optimized with the Yoast SEO plugin v27.1.1 - https:\/\/yoast.com\/product\/yoast-seo-wordpress\/ -->\n<title>Las voces silenciosas<\/title>\n<meta name=\"description\" content=\"De nada sirve una voz de alerta cuando no hay qui\u00e9n la escuche. No s\u00e9 cu\u00e1l s\u00edndrome podr\u00eda calzar, pero a mi mente vienen algunos cuyas caracter\u00edsticas\" \/>\n<meta name=\"robots\" content=\"index, follow, max-snippet:-1, max-image-preview:large, max-video-preview:-1\" \/>\n<link rel=\"canonical\" href=\"https:\/\/www.pressenza.com\/es\/2017\/02\/las-voces-silenciosas\/\" \/>\n<meta property=\"og:locale\" content=\"es_ES\" \/>\n<meta property=\"og:type\" content=\"article\" \/>\n<meta property=\"og:title\" content=\"Las voces silenciosas\" \/>\n<meta property=\"og:description\" content=\"De nada sirve una voz de alerta cuando no hay qui\u00e9n la escuche. No s\u00e9 cu\u00e1l s\u00edndrome podr\u00eda calzar, pero a mi mente vienen algunos cuyas caracter\u00edsticas\" \/>\n<meta property=\"og:url\" content=\"https:\/\/www.pressenza.com\/es\/2017\/02\/las-voces-silenciosas\/\" \/>\n<meta property=\"og:site_name\" content=\"Pressenza\" \/>\n<meta property=\"article:publisher\" content=\"https:\/\/www.facebook.com\/PressenzaItalia\" \/>\n<meta property=\"article:author\" content=\"https:\/\/www.facebook.com\/pages\/Carolina-V\u00e1squez-Araya\/241844515845237?fref=ts\" \/>\n<meta property=\"article:published_time\" content=\"2017-02-27T14:35:08+00:00\" \/>\n<meta property=\"article:modified_time\" content=\"2017-02-27T15:10:00+00:00\" \/>\n<meta property=\"og:image\" content=\"https:\/\/www.pressenza.com\/wp-content\/uploads\/2017\/02\/fotonoticia_20141111123831_800.jpg\" \/>\n\t<meta property=\"og:image:width\" content=\"800\" \/>\n\t<meta property=\"og:image:height\" content=\"391\" \/>\n\t<meta property=\"og:image:type\" content=\"image\/jpeg\" \/>\n<meta name=\"author\" content=\"Carolina V\u00e1squez Araya\" \/>\n<meta name=\"twitter:card\" content=\"summary_large_image\" \/>\n<meta name=\"twitter:creator\" content=\"@carvasar\" \/>\n<meta name=\"twitter:site\" content=\"@PressenzaIPA\" \/>\n<meta name=\"twitter:label1\" content=\"Escrito por\" \/>\n\t<meta name=\"twitter:data1\" content=\"Carolina V\u00e1squez Araya\" \/>\n\t<meta name=\"twitter:label2\" content=\"Tiempo de lectura\" \/>\n\t<meta name=\"twitter:data2\" content=\"3 minutos\" \/>\n<script type=\"application\/ld+json\" class=\"yoast-schema-graph\">{\"@context\":\"https:\/\/schema.org\",\"@graph\":[{\"@type\":\"Article\",\"@id\":\"https:\/\/www.pressenza.com\/es\/2017\/02\/las-voces-silenciosas\/#article\",\"isPartOf\":{\"@id\":\"https:\/\/www.pressenza.com\/es\/2017\/02\/las-voces-silenciosas\/\"},\"author\":{\"name\":\"Carolina V\u00e1squez Araya\",\"@id\":\"https:\/\/www.pressenza.com\/es\/#\/schema\/person\/6936ca3bb8dee618b5cdfd0e4427cdd6\"},\"headline\":\"Las voces silenciosas\",\"datePublished\":\"2017-02-27T14:35:08+00:00\",\"dateModified\":\"2017-02-27T15:10:00+00:00\",\"mainEntityOfPage\":{\"@id\":\"https:\/\/www.pressenza.com\/es\/2017\/02\/las-voces-silenciosas\/\"},\"wordCount\":631,\"publisher\":{\"@id\":\"https:\/\/www.pressenza.com\/es\/#organization\"},\"image\":{\"@id\":\"https:\/\/www.pressenza.com\/es\/2017\/02\/las-voces-silenciosas\/#primaryimage\"},\"thumbnailUrl\":\"https:\/\/www.pressenza.com\/wp-content\/uploads\/2017\/02\/fotonoticia_20141111123831_800.jpg\",\"keywords\":[\"complicidad\",\"conciencia\",\"crisis\",\"ensimismamiento\"],\"articleSection\":[\"Am\u00e9rica Central\",\"Contenido Original\",\"Derechos Humanos\",\"Opiniones\"],\"inLanguage\":\"es\"},{\"@type\":\"WebPage\",\"@id\":\"https:\/\/www.pressenza.com\/es\/2017\/02\/las-voces-silenciosas\/\",\"url\":\"https:\/\/www.pressenza.com\/es\/2017\/02\/las-voces-silenciosas\/\",\"name\":\"Las voces silenciosas\",\"isPartOf\":{\"@id\":\"https:\/\/www.pressenza.com\/es\/#website\"},\"primaryImageOfPage\":{\"@id\":\"https:\/\/www.pressenza.com\/es\/2017\/02\/las-voces-silenciosas\/#primaryimage\"},\"image\":{\"@id\":\"https:\/\/www.pressenza.com\/es\/2017\/02\/las-voces-silenciosas\/#primaryimage\"},\"thumbnailUrl\":\"https:\/\/www.pressenza.com\/wp-content\/uploads\/2017\/02\/fotonoticia_20141111123831_800.jpg\",\"datePublished\":\"2017-02-27T14:35:08+00:00\",\"dateModified\":\"2017-02-27T15:10:00+00:00\",\"description\":\"De nada sirve una voz de alerta cuando no hay qui\u00e9n la escuche. No s\u00e9 cu\u00e1l s\u00edndrome podr\u00eda calzar, pero a mi mente vienen algunos cuyas caracter\u00edsticas\",\"breadcrumb\":{\"@id\":\"https:\/\/www.pressenza.com\/es\/2017\/02\/las-voces-silenciosas\/#breadcrumb\"},\"inLanguage\":\"es\",\"potentialAction\":[{\"@type\":\"ReadAction\",\"target\":[\"https:\/\/www.pressenza.com\/es\/2017\/02\/las-voces-silenciosas\/\"]}]},{\"@type\":\"ImageObject\",\"inLanguage\":\"es\",\"@id\":\"https:\/\/www.pressenza.com\/es\/2017\/02\/las-voces-silenciosas\/#primaryimage\",\"url\":\"https:\/\/www.pressenza.com\/wp-content\/uploads\/2017\/02\/fotonoticia_20141111123831_800.jpg\",\"contentUrl\":\"https:\/\/www.pressenza.com\/wp-content\/uploads\/2017\/02\/fotonoticia_20141111123831_800.jpg\",\"width\":800,\"height\":391},{\"@type\":\"BreadcrumbList\",\"@id\":\"https:\/\/www.pressenza.com\/es\/2017\/02\/las-voces-silenciosas\/#breadcrumb\",\"itemListElement\":[{\"@type\":\"ListItem\",\"position\":1,\"name\":\"Accueil\",\"item\":\"https:\/\/www.pressenza.com\/es\/\"},{\"@type\":\"ListItem\",\"position\":2,\"name\":\"Las voces silenciosas\"}]},{\"@type\":\"WebSite\",\"@id\":\"https:\/\/www.pressenza.com\/es\/#website\",\"url\":\"https:\/\/www.pressenza.com\/es\/\",\"name\":\"Pressenza\",\"description\":\"International Press Agency\",\"publisher\":{\"@id\":\"https:\/\/www.pressenza.com\/es\/#organization\"},\"potentialAction\":[{\"@type\":\"SearchAction\",\"target\":{\"@type\":\"EntryPoint\",\"urlTemplate\":\"https:\/\/www.pressenza.com\/es\/?s={search_term_string}\"},\"query-input\":{\"@type\":\"PropertyValueSpecification\",\"valueRequired\":true,\"valueName\":\"search_term_string\"}}],\"inLanguage\":\"es\"},{\"@type\":\"Organization\",\"@id\":\"https:\/\/www.pressenza.com\/es\/#organization\",\"name\":\"Pressenza\",\"url\":\"https:\/\/www.pressenza.com\/es\/\",\"logo\":{\"@type\":\"ImageObject\",\"inLanguage\":\"es\",\"@id\":\"https:\/\/www.pressenza.com\/es\/#\/schema\/logo\/image\/\",\"url\":\"https:\/\/www.pressenza.com\/wp-content\/uploads\/2022\/10\/pressenza_logo_200x200.jpg\",\"contentUrl\":\"https:\/\/www.pressenza.com\/wp-content\/uploads\/2022\/10\/pressenza_logo_200x200.jpg\",\"width\":200,\"height\":200,\"caption\":\"Pressenza\"},\"image\":{\"@id\":\"https:\/\/www.pressenza.com\/es\/#\/schema\/logo\/image\/\"},\"sameAs\":[\"https:\/\/www.facebook.com\/PressenzaItalia\",\"https:\/\/x.com\/PressenzaIPA\"]},{\"@type\":\"Person\",\"@id\":\"https:\/\/www.pressenza.com\/es\/#\/schema\/person\/6936ca3bb8dee618b5cdfd0e4427cdd6\",\"name\":\"Carolina V\u00e1squez Araya\",\"description\":\"Periodista y editora con m\u00e1s de 30 a\u00f1os de experiencia, cuyos logros profesionales en el desarrollo de proyectos de gran \u00e9xito avalan sus cualidades de liderazgo, creatividad y relaciones p\u00fablicas. Ha aportado sus conocimientos en proyectos de organizaciones con intereses orientados al desarrollo social, cultural y econ\u00f3mico del pa\u00eds, con especial \u00e9nfasis en el sector de cultura y educaci\u00f3n, emprendimiento, derechos humanos, justicia, ambiente, mujeres y ni\u00f1ez. Chilena en Guatemala. elquintopatio.wordpress.com\",\"sameAs\":[\"https:\/\/www.facebook.com\/pages\/Carolina-V\u00e1squez-Araya\/241844515845237?fref=ts\",\"https:\/\/x.com\/carvasar\"],\"url\":\"https:\/\/www.pressenza.com\/es\/author\/carolina-vasquez-araya\/\"}]}<\/script>\n<!-- \/ Yoast SEO plugin. -->","yoast_head_json":{"title":"Las voces silenciosas","description":"De nada sirve una voz de alerta cuando no hay qui\u00e9n la escuche. No s\u00e9 cu\u00e1l s\u00edndrome podr\u00eda calzar, pero a mi mente vienen algunos cuyas caracter\u00edsticas","robots":{"index":"index","follow":"follow","max-snippet":"max-snippet:-1","max-image-preview":"max-image-preview:large","max-video-preview":"max-video-preview:-1"},"canonical":"https:\/\/www.pressenza.com\/es\/2017\/02\/las-voces-silenciosas\/","og_locale":"es_ES","og_type":"article","og_title":"Las voces silenciosas","og_description":"De nada sirve una voz de alerta cuando no hay qui\u00e9n la escuche. No s\u00e9 cu\u00e1l s\u00edndrome podr\u00eda calzar, pero a mi mente vienen algunos cuyas caracter\u00edsticas","og_url":"https:\/\/www.pressenza.com\/es\/2017\/02\/las-voces-silenciosas\/","og_site_name":"Pressenza","article_publisher":"https:\/\/www.facebook.com\/PressenzaItalia","article_author":"https:\/\/www.facebook.com\/pages\/Carolina-V\u00e1squez-Araya\/241844515845237?fref=ts","article_published_time":"2017-02-27T14:35:08+00:00","article_modified_time":"2017-02-27T15:10:00+00:00","og_image":[{"width":800,"height":391,"url":"https:\/\/www.pressenza.com\/wp-content\/uploads\/2017\/02\/fotonoticia_20141111123831_800.jpg","type":"image\/jpeg"}],"author":"Carolina V\u00e1squez Araya","twitter_card":"summary_large_image","twitter_creator":"@carvasar","twitter_site":"@PressenzaIPA","twitter_misc":{"Escrito por":"Carolina V\u00e1squez Araya","Tiempo de lectura":"3 minutos"},"schema":{"@context":"https:\/\/schema.org","@graph":[{"@type":"Article","@id":"https:\/\/www.pressenza.com\/es\/2017\/02\/las-voces-silenciosas\/#article","isPartOf":{"@id":"https:\/\/www.pressenza.com\/es\/2017\/02\/las-voces-silenciosas\/"},"author":{"name":"Carolina V\u00e1squez Araya","@id":"https:\/\/www.pressenza.com\/es\/#\/schema\/person\/6936ca3bb8dee618b5cdfd0e4427cdd6"},"headline":"Las voces silenciosas","datePublished":"2017-02-27T14:35:08+00:00","dateModified":"2017-02-27T15:10:00+00:00","mainEntityOfPage":{"@id":"https:\/\/www.pressenza.com\/es\/2017\/02\/las-voces-silenciosas\/"},"wordCount":631,"publisher":{"@id":"https:\/\/www.pressenza.com\/es\/#organization"},"image":{"@id":"https:\/\/www.pressenza.com\/es\/2017\/02\/las-voces-silenciosas\/#primaryimage"},"thumbnailUrl":"https:\/\/www.pressenza.com\/wp-content\/uploads\/2017\/02\/fotonoticia_20141111123831_800.jpg","keywords":["complicidad","conciencia","crisis","ensimismamiento"],"articleSection":["Am\u00e9rica Central","Contenido Original","Derechos Humanos","Opiniones"],"inLanguage":"es"},{"@type":"WebPage","@id":"https:\/\/www.pressenza.com\/es\/2017\/02\/las-voces-silenciosas\/","url":"https:\/\/www.pressenza.com\/es\/2017\/02\/las-voces-silenciosas\/","name":"Las voces silenciosas","isPartOf":{"@id":"https:\/\/www.pressenza.com\/es\/#website"},"primaryImageOfPage":{"@id":"https:\/\/www.pressenza.com\/es\/2017\/02\/las-voces-silenciosas\/#primaryimage"},"image":{"@id":"https:\/\/www.pressenza.com\/es\/2017\/02\/las-voces-silenciosas\/#primaryimage"},"thumbnailUrl":"https:\/\/www.pressenza.com\/wp-content\/uploads\/2017\/02\/fotonoticia_20141111123831_800.jpg","datePublished":"2017-02-27T14:35:08+00:00","dateModified":"2017-02-27T15:10:00+00:00","description":"De nada sirve una voz de alerta cuando no hay qui\u00e9n la escuche. No s\u00e9 cu\u00e1l s\u00edndrome podr\u00eda calzar, pero a mi mente vienen algunos cuyas caracter\u00edsticas","breadcrumb":{"@id":"https:\/\/www.pressenza.com\/es\/2017\/02\/las-voces-silenciosas\/#breadcrumb"},"inLanguage":"es","potentialAction":[{"@type":"ReadAction","target":["https:\/\/www.pressenza.com\/es\/2017\/02\/las-voces-silenciosas\/"]}]},{"@type":"ImageObject","inLanguage":"es","@id":"https:\/\/www.pressenza.com\/es\/2017\/02\/las-voces-silenciosas\/#primaryimage","url":"https:\/\/www.pressenza.com\/wp-content\/uploads\/2017\/02\/fotonoticia_20141111123831_800.jpg","contentUrl":"https:\/\/www.pressenza.com\/wp-content\/uploads\/2017\/02\/fotonoticia_20141111123831_800.jpg","width":800,"height":391},{"@type":"BreadcrumbList","@id":"https:\/\/www.pressenza.com\/es\/2017\/02\/las-voces-silenciosas\/#breadcrumb","itemListElement":[{"@type":"ListItem","position":1,"name":"Accueil","item":"https:\/\/www.pressenza.com\/es\/"},{"@type":"ListItem","position":2,"name":"Las voces silenciosas"}]},{"@type":"WebSite","@id":"https:\/\/www.pressenza.com\/es\/#website","url":"https:\/\/www.pressenza.com\/es\/","name":"Pressenza","description":"International Press Agency","publisher":{"@id":"https:\/\/www.pressenza.com\/es\/#organization"},"potentialAction":[{"@type":"SearchAction","target":{"@type":"EntryPoint","urlTemplate":"https:\/\/www.pressenza.com\/es\/?s={search_term_string}"},"query-input":{"@type":"PropertyValueSpecification","valueRequired":true,"valueName":"search_term_string"}}],"inLanguage":"es"},{"@type":"Organization","@id":"https:\/\/www.pressenza.com\/es\/#organization","name":"Pressenza","url":"https:\/\/www.pressenza.com\/es\/","logo":{"@type":"ImageObject","inLanguage":"es","@id":"https:\/\/www.pressenza.com\/es\/#\/schema\/logo\/image\/","url":"https:\/\/www.pressenza.com\/wp-content\/uploads\/2022\/10\/pressenza_logo_200x200.jpg","contentUrl":"https:\/\/www.pressenza.com\/wp-content\/uploads\/2022\/10\/pressenza_logo_200x200.jpg","width":200,"height":200,"caption":"Pressenza"},"image":{"@id":"https:\/\/www.pressenza.com\/es\/#\/schema\/logo\/image\/"},"sameAs":["https:\/\/www.facebook.com\/PressenzaItalia","https:\/\/x.com\/PressenzaIPA"]},{"@type":"Person","@id":"https:\/\/www.pressenza.com\/es\/#\/schema\/person\/6936ca3bb8dee618b5cdfd0e4427cdd6","name":"Carolina V\u00e1squez Araya","description":"Periodista y editora con m\u00e1s de 30 a\u00f1os de experiencia, cuyos logros profesionales en el desarrollo de proyectos de gran \u00e9xito avalan sus cualidades de liderazgo, creatividad y relaciones p\u00fablicas. Ha aportado sus conocimientos en proyectos de organizaciones con intereses orientados al desarrollo social, cultural y econ\u00f3mico del pa\u00eds, con especial \u00e9nfasis en el sector de cultura y educaci\u00f3n, emprendimiento, derechos humanos, justicia, ambiente, mujeres y ni\u00f1ez. Chilena en Guatemala. elquintopatio.wordpress.com","sameAs":["https:\/\/www.facebook.com\/pages\/Carolina-V\u00e1squez-Araya\/241844515845237?fref=ts","https:\/\/x.com\/carvasar"],"url":"https:\/\/www.pressenza.com\/es\/author\/carolina-vasquez-araya\/"}]}},"place":"Ciudad de Guatemala, Guatemala","original_article_url":"","_links":{"self":[{"href":"https:\/\/www.pressenza.com\/es\/wp-json\/wp\/v2\/posts\/436541","targetHints":{"allow":["GET"]}}],"collection":[{"href":"https:\/\/www.pressenza.com\/es\/wp-json\/wp\/v2\/posts"}],"about":[{"href":"https:\/\/www.pressenza.com\/es\/wp-json\/wp\/v2\/types\/post"}],"author":[{"embeddable":true,"href":"https:\/\/www.pressenza.com\/es\/wp-json\/wp\/v2\/users\/1296"}],"replies":[{"embeddable":true,"href":"https:\/\/www.pressenza.com\/es\/wp-json\/wp\/v2\/comments?post=436541"}],"version-history":[{"count":0,"href":"https:\/\/www.pressenza.com\/es\/wp-json\/wp\/v2\/posts\/436541\/revisions"}],"wp:featuredmedia":[{"embeddable":true,"href":"https:\/\/www.pressenza.com\/es\/wp-json\/wp\/v2\/media\/436551"}],"wp:attachment":[{"href":"https:\/\/www.pressenza.com\/es\/wp-json\/wp\/v2\/media?parent=436541"}],"wp:term":[{"taxonomy":"category","embeddable":true,"href":"https:\/\/www.pressenza.com\/es\/wp-json\/wp\/v2\/categories?post=436541"},{"taxonomy":"post_tag","embeddable":true,"href":"https:\/\/www.pressenza.com\/es\/wp-json\/wp\/v2\/tags?post=436541"}],"curies":[{"name":"wp","href":"https:\/\/api.w.org\/{rel}","templated":true}]}}