{"id":436382,"date":"2017-02-26T19:45:29","date_gmt":"2017-02-26T19:45:29","guid":{"rendered":"https:\/\/www.pressenza.com\/?p=436382\/"},"modified":"2017-02-26T19:45:29","modified_gmt":"2017-02-26T19:45:29","slug":"protestan-carnavales-brasil-michel-temer","status":"publish","type":"post","link":"https:\/\/www.pressenza.com\/es\/2017\/02\/protestan-carnavales-brasil-michel-temer\/","title":{"rendered":"Protestan en carnavales de Brasil contra Michel Temer"},"content":{"rendered":"<p>Cientos de brasile\u00f1os aprovecharon las fiestas del carnaval para manifestar su descontento con las pol\u00edticas neoliberales que ha impuesto el presidente de facto Michel Temer. Tambi\u00e9n exigen restablecer los derechos pol\u00edticos de la presidenta constitucional del pa\u00eds, Dilma Rousseff, elegida con m\u00e1s de 50 millones de votos en la urnas.<\/p>\n<p>En la fiesta del viernes en Bah\u00eda, el grupo Baiana System grit\u00f3 con millares de personas \u00abFora Temer\u00bb y \u00abGolpistas no pasar\u00e1n\u00bb.<\/p>\n<p>El cantante principal de la banda, Russo Passapusso, decidi\u00f3 llevar el debate pol\u00edtico al desfile de su tr\u00edo en Barra-Ondina. Junto al p\u00fablico, core\u00f3 junto a miles de brasile\u00f1os \u00ab\u00a1machista, fascista, no pasar\u00e1n!\u00bb.<\/p>\n<p>En la celebraci\u00f3n de R\u00edo de Janeiro, una de las manifestantes, Valeria Mattos, dijo que protestaba no solo para rechazar a Temer \u00absino para traer de vuelta a Dilma Rousseff, elegida dos veces por el pueblo\u00bb.<\/p>\n<p>Victor Velasco, por su parte, expres\u00f3 que si bien \u200b\u200b\u200b\u200b\u200b\u00bbel carnaval es un momento de felicidad, tambi\u00e9n es un momento para protestar, el carnaval tambi\u00e9n es un momento pol\u00edtico\u00bb.<\/p>\n<blockquote class=\"twitter-tweet\" data-lang=\"es\">\n<p dir=\"ltr\" lang=\"es\">Salvador &#8211; Bah\u00eda | Es <a href=\"https:\/\/twitter.com\/hashtag\/carnaval?src=hash\">#carnaval<\/a>, pero todos los que se ven ah\u00ed no se olvidaron del golpe en Brasil <a href=\"https:\/\/twitter.com\/teleSURtv\">@teleSURtv<\/a> <a href=\"https:\/\/t.co\/9d00ZnK1nB\">pic.twitter.com\/9d00ZnK1nB<\/a><\/p>\n<p>\u2014 Nacho Lemus (@LemusteleSUR) <a href=\"https:\/\/twitter.com\/LemusteleSUR\/status\/835574946151694337\">25 de febrero de 2017<\/a><\/p><\/blockquote>\n<p><script async src=\"\/\/platform.twitter.com\/widgets.js\" charset=\"utf-8\"><\/script><\/p>\n<p><em><strong>de Telesur<\/strong><\/em><\/p>\n","protected":false},"excerpt":{"rendered":"<p>Cientos de brasile\u00f1os aprovecharon las fiestas del carnaval para manifestar su descontento con las pol\u00edticas neoliberales que ha impuesto el presidente de facto Michel Temer. Tambi\u00e9n exigen restablecer los derechos pol\u00edticos de la presidenta constitucional del pa\u00eds, Dilma Rousseff, elegida&hellip;<\/p>\n","protected":false},"author":1330,"featured_media":436383,"comment_status":"closed","ping_status":"closed","sticky":false,"template":"","format":"standard","meta":{"footnotes":""},"categories":[75,67,25678],"tags":[2749,15926,19908,26105],"class_list":["post-436382","post","type-post","status-publish","format-standard","has-post-thumbnail","hentry","category-cultura-es","category-sudamerica","category-video-es","tag-brasil-es","tag-carnaval-es","tag-demcoracia","tag-michel-temer"],"yoast_head":"<!-- This site is optimized with the Yoast SEO plugin v27.1.1 - https:\/\/yoast.com\/product\/yoast-seo-wordpress\/ -->\n<title>Protestan en carnavales de Brasil contra Michel Temer<\/title>\n<meta name=\"description\" content=\"Cientos de brasile\u00f1os aprovecharon las fiestas del carnaval para manifestar su descontento con las pol\u00edticas neoliberales que ha impuesto el presidente de\" \/>\n<meta name=\"robots\" content=\"index, follow, max-snippet:-1, max-image-preview:large, max-video-preview:-1\" \/>\n<link rel=\"canonical\" href=\"https:\/\/www.pressenza.com\/es\/2017\/02\/protestan-carnavales-brasil-michel-temer\/\" \/>\n<meta property=\"og:locale\" content=\"es_ES\" \/>\n<meta property=\"og:type\" content=\"article\" \/>\n<meta property=\"og:title\" content=\"Protestan en carnavales de Brasil contra Michel Temer\" \/>\n<meta property=\"og:description\" content=\"Cientos de brasile\u00f1os aprovecharon las fiestas del carnaval para manifestar su descontento con las pol\u00edticas neoliberales que ha impuesto el presidente de\" \/>\n<meta property=\"og:url\" content=\"https:\/\/www.pressenza.com\/es\/2017\/02\/protestan-carnavales-brasil-michel-temer\/\" \/>\n<meta property=\"og:site_name\" content=\"Pressenza\" \/>\n<meta property=\"article:publisher\" content=\"https:\/\/www.facebook.com\/PressenzaItalia\" \/>\n<meta property=\"article:published_time\" content=\"2017-02-26T19:45:29+00:00\" \/>\n<meta property=\"og:image\" content=\"https:\/\/www.pressenza.com\/wp-content\/uploads\/2017\/02\/foratemer-800x445-2-938e8.jpg\" \/>\n\t<meta property=\"og:image:width\" content=\"430\" \/>\n\t<meta property=\"og:image:height\" content=\"240\" \/>\n\t<meta property=\"og:image:type\" content=\"image\/jpeg\" \/>\n<meta name=\"author\" content=\"ALBA TV\" \/>\n<meta name=\"twitter:card\" content=\"summary_large_image\" \/>\n<meta name=\"twitter:creator\" content=\"@PressenzaIPA\" \/>\n<meta name=\"twitter:site\" content=\"@PressenzaIPA\" \/>\n<meta name=\"twitter:label1\" content=\"Escrito por\" \/>\n\t<meta name=\"twitter:data1\" content=\"ALBA TV\" \/>\n\t<meta name=\"twitter:label2\" content=\"Tiempo de lectura\" \/>\n\t<meta name=\"twitter:data2\" content=\"1 minuto\" \/>\n<script type=\"application\/ld+json\" class=\"yoast-schema-graph\">{\"@context\":\"https:\/\/schema.org\",\"@graph\":[{\"@type\":\"Article\",\"@id\":\"https:\/\/www.pressenza.com\/es\/2017\/02\/protestan-carnavales-brasil-michel-temer\/#article\",\"isPartOf\":{\"@id\":\"https:\/\/www.pressenza.com\/es\/2017\/02\/protestan-carnavales-brasil-michel-temer\/\"},\"author\":{\"name\":\"ALBA TV\",\"@id\":\"https:\/\/www.pressenza.com\/es\/#\/schema\/person\/235c51d13ccf6d3897c991369403f976\"},\"headline\":\"Protestan en carnavales de Brasil contra Michel Temer\",\"datePublished\":\"2017-02-26T19:45:29+00:00\",\"mainEntityOfPage\":{\"@id\":\"https:\/\/www.pressenza.com\/es\/2017\/02\/protestan-carnavales-brasil-michel-temer\/\"},\"wordCount\":230,\"publisher\":{\"@id\":\"https:\/\/www.pressenza.com\/es\/#organization\"},\"image\":{\"@id\":\"https:\/\/www.pressenza.com\/es\/2017\/02\/protestan-carnavales-brasil-michel-temer\/#primaryimage\"},\"thumbnailUrl\":\"https:\/\/www.pressenza.com\/wp-content\/uploads\/2017\/02\/foratemer-800x445-2-938e8.jpg\",\"keywords\":[\"Brasil\",\"carnaval\",\"demcoracia\",\"Michel Temer\"],\"articleSection\":[\"Cultura y Medios\",\"Sudam\u00e9rica\",\"Video\"],\"inLanguage\":\"es\"},{\"@type\":\"WebPage\",\"@id\":\"https:\/\/www.pressenza.com\/es\/2017\/02\/protestan-carnavales-brasil-michel-temer\/\",\"url\":\"https:\/\/www.pressenza.com\/es\/2017\/02\/protestan-carnavales-brasil-michel-temer\/\",\"name\":\"Protestan en carnavales de Brasil contra Michel Temer\",\"isPartOf\":{\"@id\":\"https:\/\/www.pressenza.com\/es\/#website\"},\"primaryImageOfPage\":{\"@id\":\"https:\/\/www.pressenza.com\/es\/2017\/02\/protestan-carnavales-brasil-michel-temer\/#primaryimage\"},\"image\":{\"@id\":\"https:\/\/www.pressenza.com\/es\/2017\/02\/protestan-carnavales-brasil-michel-temer\/#primaryimage\"},\"thumbnailUrl\":\"https:\/\/www.pressenza.com\/wp-content\/uploads\/2017\/02\/foratemer-800x445-2-938e8.jpg\",\"datePublished\":\"2017-02-26T19:45:29+00:00\",\"description\":\"Cientos de brasile\u00f1os aprovecharon las fiestas del carnaval para manifestar su descontento con las pol\u00edticas neoliberales que ha impuesto el presidente de\",\"breadcrumb\":{\"@id\":\"https:\/\/www.pressenza.com\/es\/2017\/02\/protestan-carnavales-brasil-michel-temer\/#breadcrumb\"},\"inLanguage\":\"es\",\"potentialAction\":[{\"@type\":\"ReadAction\",\"target\":[\"https:\/\/www.pressenza.com\/es\/2017\/02\/protestan-carnavales-brasil-michel-temer\/\"]}]},{\"@type\":\"ImageObject\",\"inLanguage\":\"es\",\"@id\":\"https:\/\/www.pressenza.com\/es\/2017\/02\/protestan-carnavales-brasil-michel-temer\/#primaryimage\",\"url\":\"https:\/\/www.pressenza.com\/wp-content\/uploads\/2017\/02\/foratemer-800x445-2-938e8.jpg\",\"contentUrl\":\"https:\/\/www.pressenza.com\/wp-content\/uploads\/2017\/02\/foratemer-800x445-2-938e8.jpg\",\"width\":430,\"height\":240},{\"@type\":\"BreadcrumbList\",\"@id\":\"https:\/\/www.pressenza.com\/es\/2017\/02\/protestan-carnavales-brasil-michel-temer\/#breadcrumb\",\"itemListElement\":[{\"@type\":\"ListItem\",\"position\":1,\"name\":\"Accueil\",\"item\":\"https:\/\/www.pressenza.com\/es\/\"},{\"@type\":\"ListItem\",\"position\":2,\"name\":\"Protestan en carnavales de Brasil contra Michel Temer\"}]},{\"@type\":\"WebSite\",\"@id\":\"https:\/\/www.pressenza.com\/es\/#website\",\"url\":\"https:\/\/www.pressenza.com\/es\/\",\"name\":\"Pressenza\",\"description\":\"International Press Agency\",\"publisher\":{\"@id\":\"https:\/\/www.pressenza.com\/es\/#organization\"},\"potentialAction\":[{\"@type\":\"SearchAction\",\"target\":{\"@type\":\"EntryPoint\",\"urlTemplate\":\"https:\/\/www.pressenza.com\/es\/?s={search_term_string}\"},\"query-input\":{\"@type\":\"PropertyValueSpecification\",\"valueRequired\":true,\"valueName\":\"search_term_string\"}}],\"inLanguage\":\"es\"},{\"@type\":\"Organization\",\"@id\":\"https:\/\/www.pressenza.com\/es\/#organization\",\"name\":\"Pressenza\",\"url\":\"https:\/\/www.pressenza.com\/es\/\",\"logo\":{\"@type\":\"ImageObject\",\"inLanguage\":\"es\",\"@id\":\"https:\/\/www.pressenza.com\/es\/#\/schema\/logo\/image\/\",\"url\":\"https:\/\/www.pressenza.com\/wp-content\/uploads\/2022\/10\/pressenza_logo_200x200.jpg\",\"contentUrl\":\"https:\/\/www.pressenza.com\/wp-content\/uploads\/2022\/10\/pressenza_logo_200x200.jpg\",\"width\":200,\"height\":200,\"caption\":\"Pressenza\"},\"image\":{\"@id\":\"https:\/\/www.pressenza.com\/es\/#\/schema\/logo\/image\/\"},\"sameAs\":[\"https:\/\/www.facebook.com\/PressenzaItalia\",\"https:\/\/x.com\/PressenzaIPA\"]},{\"@type\":\"Person\",\"@id\":\"https:\/\/www.pressenza.com\/es\/#\/schema\/person\/235c51d13ccf6d3897c991369403f976\",\"name\":\"ALBA TV\",\"url\":\"https:\/\/www.pressenza.com\/es\/author\/alba-tv\/\"}]}<\/script>\n<!-- \/ Yoast SEO plugin. -->","yoast_head_json":{"title":"Protestan en carnavales de Brasil contra Michel Temer","description":"Cientos de brasile\u00f1os aprovecharon las fiestas del carnaval para manifestar su descontento con las pol\u00edticas neoliberales que ha impuesto el presidente de","robots":{"index":"index","follow":"follow","max-snippet":"max-snippet:-1","max-image-preview":"max-image-preview:large","max-video-preview":"max-video-preview:-1"},"canonical":"https:\/\/www.pressenza.com\/es\/2017\/02\/protestan-carnavales-brasil-michel-temer\/","og_locale":"es_ES","og_type":"article","og_title":"Protestan en carnavales de Brasil contra Michel Temer","og_description":"Cientos de brasile\u00f1os aprovecharon las fiestas del carnaval para manifestar su descontento con las pol\u00edticas neoliberales que ha impuesto el presidente de","og_url":"https:\/\/www.pressenza.com\/es\/2017\/02\/protestan-carnavales-brasil-michel-temer\/","og_site_name":"Pressenza","article_publisher":"https:\/\/www.facebook.com\/PressenzaItalia","article_published_time":"2017-02-26T19:45:29+00:00","og_image":[{"width":430,"height":240,"url":"https:\/\/www.pressenza.com\/wp-content\/uploads\/2017\/02\/foratemer-800x445-2-938e8.jpg","type":"image\/jpeg"}],"author":"ALBA TV","twitter_card":"summary_large_image","twitter_creator":"@PressenzaIPA","twitter_site":"@PressenzaIPA","twitter_misc":{"Escrito por":"ALBA TV","Tiempo de lectura":"1 minuto"},"schema":{"@context":"https:\/\/schema.org","@graph":[{"@type":"Article","@id":"https:\/\/www.pressenza.com\/es\/2017\/02\/protestan-carnavales-brasil-michel-temer\/#article","isPartOf":{"@id":"https:\/\/www.pressenza.com\/es\/2017\/02\/protestan-carnavales-brasil-michel-temer\/"},"author":{"name":"ALBA TV","@id":"https:\/\/www.pressenza.com\/es\/#\/schema\/person\/235c51d13ccf6d3897c991369403f976"},"headline":"Protestan en carnavales de Brasil contra Michel Temer","datePublished":"2017-02-26T19:45:29+00:00","mainEntityOfPage":{"@id":"https:\/\/www.pressenza.com\/es\/2017\/02\/protestan-carnavales-brasil-michel-temer\/"},"wordCount":230,"publisher":{"@id":"https:\/\/www.pressenza.com\/es\/#organization"},"image":{"@id":"https:\/\/www.pressenza.com\/es\/2017\/02\/protestan-carnavales-brasil-michel-temer\/#primaryimage"},"thumbnailUrl":"https:\/\/www.pressenza.com\/wp-content\/uploads\/2017\/02\/foratemer-800x445-2-938e8.jpg","keywords":["Brasil","carnaval","demcoracia","Michel Temer"],"articleSection":["Cultura y Medios","Sudam\u00e9rica","Video"],"inLanguage":"es"},{"@type":"WebPage","@id":"https:\/\/www.pressenza.com\/es\/2017\/02\/protestan-carnavales-brasil-michel-temer\/","url":"https:\/\/www.pressenza.com\/es\/2017\/02\/protestan-carnavales-brasil-michel-temer\/","name":"Protestan en carnavales de Brasil contra Michel Temer","isPartOf":{"@id":"https:\/\/www.pressenza.com\/es\/#website"},"primaryImageOfPage":{"@id":"https:\/\/www.pressenza.com\/es\/2017\/02\/protestan-carnavales-brasil-michel-temer\/#primaryimage"},"image":{"@id":"https:\/\/www.pressenza.com\/es\/2017\/02\/protestan-carnavales-brasil-michel-temer\/#primaryimage"},"thumbnailUrl":"https:\/\/www.pressenza.com\/wp-content\/uploads\/2017\/02\/foratemer-800x445-2-938e8.jpg","datePublished":"2017-02-26T19:45:29+00:00","description":"Cientos de brasile\u00f1os aprovecharon las fiestas del carnaval para manifestar su descontento con las pol\u00edticas neoliberales que ha impuesto el presidente de","breadcrumb":{"@id":"https:\/\/www.pressenza.com\/es\/2017\/02\/protestan-carnavales-brasil-michel-temer\/#breadcrumb"},"inLanguage":"es","potentialAction":[{"@type":"ReadAction","target":["https:\/\/www.pressenza.com\/es\/2017\/02\/protestan-carnavales-brasil-michel-temer\/"]}]},{"@type":"ImageObject","inLanguage":"es","@id":"https:\/\/www.pressenza.com\/es\/2017\/02\/protestan-carnavales-brasil-michel-temer\/#primaryimage","url":"https:\/\/www.pressenza.com\/wp-content\/uploads\/2017\/02\/foratemer-800x445-2-938e8.jpg","contentUrl":"https:\/\/www.pressenza.com\/wp-content\/uploads\/2017\/02\/foratemer-800x445-2-938e8.jpg","width":430,"height":240},{"@type":"BreadcrumbList","@id":"https:\/\/www.pressenza.com\/es\/2017\/02\/protestan-carnavales-brasil-michel-temer\/#breadcrumb","itemListElement":[{"@type":"ListItem","position":1,"name":"Accueil","item":"https:\/\/www.pressenza.com\/es\/"},{"@type":"ListItem","position":2,"name":"Protestan en carnavales de Brasil contra Michel Temer"}]},{"@type":"WebSite","@id":"https:\/\/www.pressenza.com\/es\/#website","url":"https:\/\/www.pressenza.com\/es\/","name":"Pressenza","description":"International Press Agency","publisher":{"@id":"https:\/\/www.pressenza.com\/es\/#organization"},"potentialAction":[{"@type":"SearchAction","target":{"@type":"EntryPoint","urlTemplate":"https:\/\/www.pressenza.com\/es\/?s={search_term_string}"},"query-input":{"@type":"PropertyValueSpecification","valueRequired":true,"valueName":"search_term_string"}}],"inLanguage":"es"},{"@type":"Organization","@id":"https:\/\/www.pressenza.com\/es\/#organization","name":"Pressenza","url":"https:\/\/www.pressenza.com\/es\/","logo":{"@type":"ImageObject","inLanguage":"es","@id":"https:\/\/www.pressenza.com\/es\/#\/schema\/logo\/image\/","url":"https:\/\/www.pressenza.com\/wp-content\/uploads\/2022\/10\/pressenza_logo_200x200.jpg","contentUrl":"https:\/\/www.pressenza.com\/wp-content\/uploads\/2022\/10\/pressenza_logo_200x200.jpg","width":200,"height":200,"caption":"Pressenza"},"image":{"@id":"https:\/\/www.pressenza.com\/es\/#\/schema\/logo\/image\/"},"sameAs":["https:\/\/www.facebook.com\/PressenzaItalia","https:\/\/x.com\/PressenzaIPA"]},{"@type":"Person","@id":"https:\/\/www.pressenza.com\/es\/#\/schema\/person\/235c51d13ccf6d3897c991369403f976","name":"ALBA TV","url":"https:\/\/www.pressenza.com\/es\/author\/alba-tv\/"}]}},"place":"Salvador do Bahia, Brasil","original_article_url":"http:\/\/www.albatv.org\/Protestan-en-carnavales-de-Brasil.html?#","_links":{"self":[{"href":"https:\/\/www.pressenza.com\/es\/wp-json\/wp\/v2\/posts\/436382","targetHints":{"allow":["GET"]}}],"collection":[{"href":"https:\/\/www.pressenza.com\/es\/wp-json\/wp\/v2\/posts"}],"about":[{"href":"https:\/\/www.pressenza.com\/es\/wp-json\/wp\/v2\/types\/post"}],"author":[{"embeddable":true,"href":"https:\/\/www.pressenza.com\/es\/wp-json\/wp\/v2\/users\/1330"}],"replies":[{"embeddable":true,"href":"https:\/\/www.pressenza.com\/es\/wp-json\/wp\/v2\/comments?post=436382"}],"version-history":[{"count":0,"href":"https:\/\/www.pressenza.com\/es\/wp-json\/wp\/v2\/posts\/436382\/revisions"}],"wp:featuredmedia":[{"embeddable":true,"href":"https:\/\/www.pressenza.com\/es\/wp-json\/wp\/v2\/media\/436383"}],"wp:attachment":[{"href":"https:\/\/www.pressenza.com\/es\/wp-json\/wp\/v2\/media?parent=436382"}],"wp:term":[{"taxonomy":"category","embeddable":true,"href":"https:\/\/www.pressenza.com\/es\/wp-json\/wp\/v2\/categories?post=436382"},{"taxonomy":"post_tag","embeddable":true,"href":"https:\/\/www.pressenza.com\/es\/wp-json\/wp\/v2\/tags?post=436382"}],"curies":[{"name":"wp","href":"https:\/\/api.w.org\/{rel}","templated":true}]}}