{"id":435128,"date":"2017-02-23T01:23:38","date_gmt":"2017-02-23T01:23:38","guid":{"rendered":"https:\/\/www.pressenza.com\/?p=435128\/"},"modified":"2017-02-23T01:28:44","modified_gmt":"2017-02-23T01:28:44","slug":"tambien-macri-se-ha-encontrado-protestas-al-recibir-la-llave-madrid","status":"publish","type":"post","link":"https:\/\/www.pressenza.com\/es\/2017\/02\/tambien-macri-se-ha-encontrado-protestas-al-recibir-la-llave-madrid\/","title":{"rendered":"Tambi\u00e9n Macri se ha encontrado con protestas al recibir la Llave de Madrid"},"content":{"rendered":"<blockquote><p>Carmena homenajea a Macri y en la calle le reciben con una protesta.<\/p><\/blockquote>\n<p><em>Por<strong> Argus Zoello<\/strong><\/em><\/p>\n<p>Pese a la ingente cantidad de mensajes que la Alcaldesa de Madrid ha recibido en veinticuatro horas pidiendo que no lo hiciera, Manuela Carmena ha decidido entregar la Llave de la Ciudad a Mauricio Macri.<\/p>\n<p>Mientras, en la calle un centenar de personas segu\u00edan pidiendo que no le fuera entregado este reconocimiento al tiempo que ped\u00edan libertad para la activista social Milagro Sala y los presos pol\u00edticos argentinos al tiempo que denunciaban las pol\u00edticas antisociales de Mauricio Macri.<\/p>\n<p>Un Macri que significativamente ha explicado que ha venido a Espa\u00f1a para hacer negocios. Nos preguntamos qu\u00e9 tipo de negocios (\u00bftal vez familiares, tal vez para sus amigos&#8230;?) y d\u00f3nde terminar\u00e1n los beneficios de esos negocios. \u00bfQuiz\u00e1s de nuevo&#8230; en Panam\u00e1?<\/p>\n<p>Menos mal que el simbolismo de la Llave de la Ciudad de Madrid no est\u00e1 relacionado con sus puertas, porque si la \u00abseguridad\u00bb de esta ciudad dependiera de un personaje como Macri, estar\u00edamos perdidos. Entendemos que se trata de otra cosa o eso cre\u00edamos. Cre\u00edamos que se trataba del reconocimiento por su labor a favor de su pueblo, por ejemplo.<\/p>\n<p>Pero no reconocemos en Macri a alguien que vele por los intereses del pueblo argentino cuando encarcela a activistas sociales, persigue al pueblo mapuche para despojarle de sus bienes, beneficia a grandes empresas firmando el conocido \u00abtarifazo\u00bb, compra y cambia jueces a su gusto, despide a doscientos mil trabajadores en un tiempo record de mantado, prepara una amnist\u00eda fiscal para beneficiar a sus cercanos y as\u00ed un largo etc\u00e9tera.<\/p>\n<p>Todo ello ha hecho que el gesto de Manuela Carmena haya decepcionado a muchos los que la consideraban defensora de los derechos humanos.<\/p>\n<p>Que Carmena quiera quedar bien con \u00abdios\u00bb y con el \u00abdiablo\u00bb, le ha llevado en esta ocasi\u00f3n a traicionar principios fundamentales.<\/p>\n<p>Algunos han dicho que se ha visto presionada por el Gobierno nacional pero, tal vez, tal vez un portavoz del Ayuntamiento de Madrid podr\u00eda haber dado alguna explicaci\u00f3n p\u00fablica. Algo que tampoco ha ocurrido.<\/p>\n<p>Ser\u00e1 para nosotros \u00e9ste un viaje significativo y a quien no se le olvidar\u00e1, estamos seguros, es a Mauricio Macri.<\/p>\n<div class=\"post-gallery\">\n\t\t\t<figure class=\"post-gallery-item\">\n\t\t\t\t<img decoding=\"async\" src=\"https:\/\/www.pressenza.com\/wp-content\/uploads\/2017\/02\/20170222_171848-720x405.jpg\" loading=\"lazy\">\n\t\t\t\t<figcaption>\n\t\t\t\t\t\n\t\t\t\t<\/figcaption>\n\t\t\t<\/figure>\n\t\t\t<figure class=\"post-gallery-item\">\n\t\t\t\t<img decoding=\"async\" src=\"https:\/\/www.pressenza.com\/wp-content\/uploads\/2017\/02\/20170222_171913-720x405.jpg\" loading=\"lazy\">\n\t\t\t\t<figcaption>\n\t\t\t\t\t\n\t\t\t\t<\/figcaption>\n\t\t\t<\/figure>\n\t\t\t<figure class=\"post-gallery-item\">\n\t\t\t\t<img decoding=\"async\" src=\"https:\/\/www.pressenza.com\/wp-content\/uploads\/2017\/02\/20170222_171908-720x405.jpg\" loading=\"lazy\">\n\t\t\t\t<figcaption>\n\t\t\t\t\t\n\t\t\t\t<\/figcaption>\n\t\t\t<\/figure>\n\t\t\t<figure class=\"post-gallery-item\">\n\t\t\t\t<img decoding=\"async\" src=\"https:\/\/www.pressenza.com\/wp-content\/uploads\/2017\/02\/20170222_171853-720x405.jpg\" loading=\"lazy\">\n\t\t\t\t<figcaption>\n\t\t\t\t\t\n\t\t\t\t<\/figcaption>\n\t\t\t<\/figure>\n\t\t\t<figure class=\"post-gallery-item\">\n\t\t\t\t<img decoding=\"async\" src=\"https:\/\/www.pressenza.com\/wp-content\/uploads\/2017\/02\/20170222_171816-720x405.jpg\" loading=\"lazy\">\n\t\t\t\t<figcaption>\n\t\t\t\t\t\n\t\t\t\t<\/figcaption>\n\t\t\t<\/figure>\n\t\t\t<figure class=\"post-gallery-item\">\n\t\t\t\t<img decoding=\"async\" src=\"https:\/\/www.pressenza.com\/wp-content\/uploads\/2017\/02\/20170222_171801-720x405.jpg\" loading=\"lazy\">\n\t\t\t\t<figcaption>\n\t\t\t\t\t\n\t\t\t\t<\/figcaption>\n\t\t\t<\/figure>\n\t\t\t<figure class=\"post-gallery-item\">\n\t\t\t\t<img decoding=\"async\" src=\"https:\/\/www.pressenza.com\/wp-content\/uploads\/2017\/02\/20170222_171753-720x405.jpg\" loading=\"lazy\">\n\t\t\t\t<figcaption>\n\t\t\t\t\t\n\t\t\t\t<\/figcaption>\n\t\t\t<\/figure>\n\t\t\t<figure class=\"post-gallery-item\">\n\t\t\t\t<img decoding=\"async\" src=\"https:\/\/www.pressenza.com\/wp-content\/uploads\/2017\/02\/20170222_171620-720x405.jpg\" loading=\"lazy\">\n\t\t\t\t<figcaption>\n\t\t\t\t\t\n\t\t\t\t<\/figcaption>\n\t\t\t<\/figure>\n\t\t\t<figure class=\"post-gallery-item\">\n\t\t\t\t<img decoding=\"async\" src=\"https:\/\/www.pressenza.com\/wp-content\/uploads\/2017\/02\/20170222_171608-720x405.jpg\" loading=\"lazy\">\n\t\t\t\t<figcaption>\n\t\t\t\t\t\n\t\t\t\t<\/figcaption>\n\t\t\t<\/figure><\/div>\n","protected":false},"excerpt":{"rendered":"<p>Carmena homenajea a Macri y en la calle le reciben con una protesta. Por Argus Zoello Pese a la ingente cantidad de mensajes que la Alcaldesa de Madrid ha recibido en veinticuatro horas pidiendo que no lo hiciera, Manuela Carmena&hellip;<\/p>\n","protected":false},"author":94,"featured_media":435141,"comment_status":"closed","ping_status":"closed","sticky":false,"template":"","format":"standard","meta":{"footnotes":""},"categories":[11389,79,74],"tags":[26,1065,28203,17366,4862,1266],"class_list":["post-435128","post","type-post","status-publish","format-standard","has-post-thumbnail","hentry","category-contenido-original","category-derechos-humanos","category-politica-es","tag-argentina","tag-espana","tag-libertad-milagro-sala","tag-manuela-carmena","tag-mauricio-macri","tag-milagro-sala"],"yoast_head":"<!-- This site is optimized with the Yoast SEO plugin v27.1.1 - https:\/\/yoast.com\/product\/yoast-seo-wordpress\/ -->\n<title>Tambi\u00e9n Macri se ha encontrado con protestas al recibir la Llave de Madrid<\/title>\n<meta name=\"description\" content=\"Carmena homenajea a Macri y en la calle le reciben con una protesta. Por Argus Zoello Pese a la ingente cantidad de mensajes que la Alcaldesa de Madrid ha\" \/>\n<meta name=\"robots\" content=\"index, follow, max-snippet:-1, max-image-preview:large, max-video-preview:-1\" \/>\n<link rel=\"canonical\" href=\"https:\/\/www.pressenza.com\/es\/2017\/02\/tambien-macri-se-ha-encontrado-protestas-al-recibir-la-llave-madrid\/\" \/>\n<meta property=\"og:locale\" content=\"es_ES\" \/>\n<meta property=\"og:type\" content=\"article\" \/>\n<meta property=\"og:title\" content=\"Tambi\u00e9n Macri se ha encontrado con protestas al recibir la Llave de Madrid\" \/>\n<meta property=\"og:description\" content=\"Carmena homenajea a Macri y en la calle le reciben con una protesta. Por Argus Zoello Pese a la ingente cantidad de mensajes que la Alcaldesa de Madrid ha\" \/>\n<meta property=\"og:url\" content=\"https:\/\/www.pressenza.com\/es\/2017\/02\/tambien-macri-se-ha-encontrado-protestas-al-recibir-la-llave-madrid\/\" \/>\n<meta property=\"og:site_name\" content=\"Pressenza\" \/>\n<meta property=\"article:publisher\" content=\"https:\/\/www.facebook.com\/PressenzaItalia\" \/>\n<meta property=\"article:author\" content=\"https:\/\/www.facebook.com\/pressenza\" \/>\n<meta property=\"article:published_time\" content=\"2017-02-23T01:23:38+00:00\" \/>\n<meta property=\"article:modified_time\" content=\"2017-02-23T01:28:44+00:00\" \/>\n<meta property=\"og:image\" content=\"https:\/\/www.pressenza.com\/wp-content\/uploads\/2017\/02\/20170222_171728.jpg\" \/>\n\t<meta property=\"og:image:width\" content=\"2048\" \/>\n\t<meta property=\"og:image:height\" content=\"1152\" \/>\n\t<meta property=\"og:image:type\" content=\"image\/jpeg\" \/>\n<meta name=\"author\" content=\"Redacci\u00f3n Madrid\" \/>\n<meta name=\"twitter:card\" content=\"summary_large_image\" \/>\n<meta name=\"twitter:creator\" content=\"@pressenza\" \/>\n<meta name=\"twitter:site\" content=\"@PressenzaIPA\" \/>\n<meta name=\"twitter:label1\" content=\"Escrito por\" \/>\n\t<meta name=\"twitter:data1\" content=\"Redacci\u00f3n Madrid\" \/>\n\t<meta name=\"twitter:label2\" content=\"Tiempo de lectura\" \/>\n\t<meta name=\"twitter:data2\" content=\"2 minutos\" \/>\n<script type=\"application\/ld+json\" class=\"yoast-schema-graph\">{\"@context\":\"https:\/\/schema.org\",\"@graph\":[{\"@type\":\"Article\",\"@id\":\"https:\/\/www.pressenza.com\/es\/2017\/02\/tambien-macri-se-ha-encontrado-protestas-al-recibir-la-llave-madrid\/#article\",\"isPartOf\":{\"@id\":\"https:\/\/www.pressenza.com\/es\/2017\/02\/tambien-macri-se-ha-encontrado-protestas-al-recibir-la-llave-madrid\/\"},\"author\":{\"name\":\"Redacci\u00f3n Madrid\",\"@id\":\"https:\/\/www.pressenza.com\/es\/#\/schema\/person\/828fc40eeca2ad7be3630e5a46adba94\"},\"headline\":\"Tambi\u00e9n Macri se ha encontrado con protestas al recibir la Llave de Madrid\",\"datePublished\":\"2017-02-23T01:23:38+00:00\",\"dateModified\":\"2017-02-23T01:28:44+00:00\",\"mainEntityOfPage\":{\"@id\":\"https:\/\/www.pressenza.com\/es\/2017\/02\/tambien-macri-se-ha-encontrado-protestas-al-recibir-la-llave-madrid\/\"},\"wordCount\":395,\"publisher\":{\"@id\":\"https:\/\/www.pressenza.com\/es\/#organization\"},\"image\":{\"@id\":\"https:\/\/www.pressenza.com\/es\/2017\/02\/tambien-macri-se-ha-encontrado-protestas-al-recibir-la-llave-madrid\/#primaryimage\"},\"thumbnailUrl\":\"https:\/\/www.pressenza.com\/wp-content\/uploads\/2017\/02\/20170222_171728.jpg\",\"keywords\":[\"Argentina\",\"Espa\u00f1a\",\"Libertad Milagro Sala\",\"Manuela Carmena\",\"Mauricio Macri\",\"Milagro Sala\"],\"articleSection\":[\"Contenido Original\",\"Derechos Humanos\",\"Pol\u00edtica\"],\"inLanguage\":\"es\"},{\"@type\":\"WebPage\",\"@id\":\"https:\/\/www.pressenza.com\/es\/2017\/02\/tambien-macri-se-ha-encontrado-protestas-al-recibir-la-llave-madrid\/\",\"url\":\"https:\/\/www.pressenza.com\/es\/2017\/02\/tambien-macri-se-ha-encontrado-protestas-al-recibir-la-llave-madrid\/\",\"name\":\"Tambi\u00e9n Macri se ha encontrado con protestas al recibir la Llave de Madrid\",\"isPartOf\":{\"@id\":\"https:\/\/www.pressenza.com\/es\/#website\"},\"primaryImageOfPage\":{\"@id\":\"https:\/\/www.pressenza.com\/es\/2017\/02\/tambien-macri-se-ha-encontrado-protestas-al-recibir-la-llave-madrid\/#primaryimage\"},\"image\":{\"@id\":\"https:\/\/www.pressenza.com\/es\/2017\/02\/tambien-macri-se-ha-encontrado-protestas-al-recibir-la-llave-madrid\/#primaryimage\"},\"thumbnailUrl\":\"https:\/\/www.pressenza.com\/wp-content\/uploads\/2017\/02\/20170222_171728.jpg\",\"datePublished\":\"2017-02-23T01:23:38+00:00\",\"dateModified\":\"2017-02-23T01:28:44+00:00\",\"description\":\"Carmena homenajea a Macri y en la calle le reciben con una protesta. Por Argus Zoello Pese a la ingente cantidad de mensajes que la Alcaldesa de Madrid ha\",\"breadcrumb\":{\"@id\":\"https:\/\/www.pressenza.com\/es\/2017\/02\/tambien-macri-se-ha-encontrado-protestas-al-recibir-la-llave-madrid\/#breadcrumb\"},\"inLanguage\":\"es\",\"potentialAction\":[{\"@type\":\"ReadAction\",\"target\":[\"https:\/\/www.pressenza.com\/es\/2017\/02\/tambien-macri-se-ha-encontrado-protestas-al-recibir-la-llave-madrid\/\"]}]},{\"@type\":\"ImageObject\",\"inLanguage\":\"es\",\"@id\":\"https:\/\/www.pressenza.com\/es\/2017\/02\/tambien-macri-se-ha-encontrado-protestas-al-recibir-la-llave-madrid\/#primaryimage\",\"url\":\"https:\/\/www.pressenza.com\/wp-content\/uploads\/2017\/02\/20170222_171728.jpg\",\"contentUrl\":\"https:\/\/www.pressenza.com\/wp-content\/uploads\/2017\/02\/20170222_171728.jpg\",\"width\":2048,\"height\":1152},{\"@type\":\"BreadcrumbList\",\"@id\":\"https:\/\/www.pressenza.com\/es\/2017\/02\/tambien-macri-se-ha-encontrado-protestas-al-recibir-la-llave-madrid\/#breadcrumb\",\"itemListElement\":[{\"@type\":\"ListItem\",\"position\":1,\"name\":\"Accueil\",\"item\":\"https:\/\/www.pressenza.com\/es\/\"},{\"@type\":\"ListItem\",\"position\":2,\"name\":\"Tambi\u00e9n Macri se ha encontrado con protestas al recibir la Llave de Madrid\"}]},{\"@type\":\"WebSite\",\"@id\":\"https:\/\/www.pressenza.com\/es\/#website\",\"url\":\"https:\/\/www.pressenza.com\/es\/\",\"name\":\"Pressenza\",\"description\":\"International Press Agency\",\"publisher\":{\"@id\":\"https:\/\/www.pressenza.com\/es\/#organization\"},\"potentialAction\":[{\"@type\":\"SearchAction\",\"target\":{\"@type\":\"EntryPoint\",\"urlTemplate\":\"https:\/\/www.pressenza.com\/es\/?s={search_term_string}\"},\"query-input\":{\"@type\":\"PropertyValueSpecification\",\"valueRequired\":true,\"valueName\":\"search_term_string\"}}],\"inLanguage\":\"es\"},{\"@type\":\"Organization\",\"@id\":\"https:\/\/www.pressenza.com\/es\/#organization\",\"name\":\"Pressenza\",\"url\":\"https:\/\/www.pressenza.com\/es\/\",\"logo\":{\"@type\":\"ImageObject\",\"inLanguage\":\"es\",\"@id\":\"https:\/\/www.pressenza.com\/es\/#\/schema\/logo\/image\/\",\"url\":\"https:\/\/www.pressenza.com\/wp-content\/uploads\/2022\/10\/pressenza_logo_200x200.jpg\",\"contentUrl\":\"https:\/\/www.pressenza.com\/wp-content\/uploads\/2022\/10\/pressenza_logo_200x200.jpg\",\"width\":200,\"height\":200,\"caption\":\"Pressenza\"},\"image\":{\"@id\":\"https:\/\/www.pressenza.com\/es\/#\/schema\/logo\/image\/\"},\"sameAs\":[\"https:\/\/www.facebook.com\/PressenzaItalia\",\"https:\/\/x.com\/PressenzaIPA\"]},{\"@type\":\"Person\",\"@id\":\"https:\/\/www.pressenza.com\/es\/#\/schema\/person\/828fc40eeca2ad7be3630e5a46adba94\",\"name\":\"Redacci\u00f3n Madrid\",\"description\":\"News from the Pressenza Bureau in Madrid, Spain\",\"sameAs\":[\"https:\/\/www.facebook.com\/pressenza\",\"https:\/\/x.com\/pressenza\"],\"url\":\"https:\/\/www.pressenza.com\/es\/author\/redaccion-madrid\/\"}]}<\/script>\n<!-- \/ Yoast SEO plugin. -->","yoast_head_json":{"title":"Tambi\u00e9n Macri se ha encontrado con protestas al recibir la Llave de Madrid","description":"Carmena homenajea a Macri y en la calle le reciben con una protesta. Por Argus Zoello Pese a la ingente cantidad de mensajes que la Alcaldesa de Madrid ha","robots":{"index":"index","follow":"follow","max-snippet":"max-snippet:-1","max-image-preview":"max-image-preview:large","max-video-preview":"max-video-preview:-1"},"canonical":"https:\/\/www.pressenza.com\/es\/2017\/02\/tambien-macri-se-ha-encontrado-protestas-al-recibir-la-llave-madrid\/","og_locale":"es_ES","og_type":"article","og_title":"Tambi\u00e9n Macri se ha encontrado con protestas al recibir la Llave de Madrid","og_description":"Carmena homenajea a Macri y en la calle le reciben con una protesta. Por Argus Zoello Pese a la ingente cantidad de mensajes que la Alcaldesa de Madrid ha","og_url":"https:\/\/www.pressenza.com\/es\/2017\/02\/tambien-macri-se-ha-encontrado-protestas-al-recibir-la-llave-madrid\/","og_site_name":"Pressenza","article_publisher":"https:\/\/www.facebook.com\/PressenzaItalia","article_author":"https:\/\/www.facebook.com\/pressenza","article_published_time":"2017-02-23T01:23:38+00:00","article_modified_time":"2017-02-23T01:28:44+00:00","og_image":[{"width":2048,"height":1152,"url":"https:\/\/www.pressenza.com\/wp-content\/uploads\/2017\/02\/20170222_171728.jpg","type":"image\/jpeg"}],"author":"Redacci\u00f3n Madrid","twitter_card":"summary_large_image","twitter_creator":"@pressenza","twitter_site":"@PressenzaIPA","twitter_misc":{"Escrito por":"Redacci\u00f3n Madrid","Tiempo de lectura":"2 minutos"},"schema":{"@context":"https:\/\/schema.org","@graph":[{"@type":"Article","@id":"https:\/\/www.pressenza.com\/es\/2017\/02\/tambien-macri-se-ha-encontrado-protestas-al-recibir-la-llave-madrid\/#article","isPartOf":{"@id":"https:\/\/www.pressenza.com\/es\/2017\/02\/tambien-macri-se-ha-encontrado-protestas-al-recibir-la-llave-madrid\/"},"author":{"name":"Redacci\u00f3n Madrid","@id":"https:\/\/www.pressenza.com\/es\/#\/schema\/person\/828fc40eeca2ad7be3630e5a46adba94"},"headline":"Tambi\u00e9n Macri se ha encontrado con protestas al recibir la Llave de Madrid","datePublished":"2017-02-23T01:23:38+00:00","dateModified":"2017-02-23T01:28:44+00:00","mainEntityOfPage":{"@id":"https:\/\/www.pressenza.com\/es\/2017\/02\/tambien-macri-se-ha-encontrado-protestas-al-recibir-la-llave-madrid\/"},"wordCount":395,"publisher":{"@id":"https:\/\/www.pressenza.com\/es\/#organization"},"image":{"@id":"https:\/\/www.pressenza.com\/es\/2017\/02\/tambien-macri-se-ha-encontrado-protestas-al-recibir-la-llave-madrid\/#primaryimage"},"thumbnailUrl":"https:\/\/www.pressenza.com\/wp-content\/uploads\/2017\/02\/20170222_171728.jpg","keywords":["Argentina","Espa\u00f1a","Libertad Milagro Sala","Manuela Carmena","Mauricio Macri","Milagro Sala"],"articleSection":["Contenido Original","Derechos Humanos","Pol\u00edtica"],"inLanguage":"es"},{"@type":"WebPage","@id":"https:\/\/www.pressenza.com\/es\/2017\/02\/tambien-macri-se-ha-encontrado-protestas-al-recibir-la-llave-madrid\/","url":"https:\/\/www.pressenza.com\/es\/2017\/02\/tambien-macri-se-ha-encontrado-protestas-al-recibir-la-llave-madrid\/","name":"Tambi\u00e9n Macri se ha encontrado con protestas al recibir la Llave de Madrid","isPartOf":{"@id":"https:\/\/www.pressenza.com\/es\/#website"},"primaryImageOfPage":{"@id":"https:\/\/www.pressenza.com\/es\/2017\/02\/tambien-macri-se-ha-encontrado-protestas-al-recibir-la-llave-madrid\/#primaryimage"},"image":{"@id":"https:\/\/www.pressenza.com\/es\/2017\/02\/tambien-macri-se-ha-encontrado-protestas-al-recibir-la-llave-madrid\/#primaryimage"},"thumbnailUrl":"https:\/\/www.pressenza.com\/wp-content\/uploads\/2017\/02\/20170222_171728.jpg","datePublished":"2017-02-23T01:23:38+00:00","dateModified":"2017-02-23T01:28:44+00:00","description":"Carmena homenajea a Macri y en la calle le reciben con una protesta. Por Argus Zoello Pese a la ingente cantidad de mensajes que la Alcaldesa de Madrid ha","breadcrumb":{"@id":"https:\/\/www.pressenza.com\/es\/2017\/02\/tambien-macri-se-ha-encontrado-protestas-al-recibir-la-llave-madrid\/#breadcrumb"},"inLanguage":"es","potentialAction":[{"@type":"ReadAction","target":["https:\/\/www.pressenza.com\/es\/2017\/02\/tambien-macri-se-ha-encontrado-protestas-al-recibir-la-llave-madrid\/"]}]},{"@type":"ImageObject","inLanguage":"es","@id":"https:\/\/www.pressenza.com\/es\/2017\/02\/tambien-macri-se-ha-encontrado-protestas-al-recibir-la-llave-madrid\/#primaryimage","url":"https:\/\/www.pressenza.com\/wp-content\/uploads\/2017\/02\/20170222_171728.jpg","contentUrl":"https:\/\/www.pressenza.com\/wp-content\/uploads\/2017\/02\/20170222_171728.jpg","width":2048,"height":1152},{"@type":"BreadcrumbList","@id":"https:\/\/www.pressenza.com\/es\/2017\/02\/tambien-macri-se-ha-encontrado-protestas-al-recibir-la-llave-madrid\/#breadcrumb","itemListElement":[{"@type":"ListItem","position":1,"name":"Accueil","item":"https:\/\/www.pressenza.com\/es\/"},{"@type":"ListItem","position":2,"name":"Tambi\u00e9n Macri se ha encontrado con protestas al recibir la Llave de Madrid"}]},{"@type":"WebSite","@id":"https:\/\/www.pressenza.com\/es\/#website","url":"https:\/\/www.pressenza.com\/es\/","name":"Pressenza","description":"International Press Agency","publisher":{"@id":"https:\/\/www.pressenza.com\/es\/#organization"},"potentialAction":[{"@type":"SearchAction","target":{"@type":"EntryPoint","urlTemplate":"https:\/\/www.pressenza.com\/es\/?s={search_term_string}"},"query-input":{"@type":"PropertyValueSpecification","valueRequired":true,"valueName":"search_term_string"}}],"inLanguage":"es"},{"@type":"Organization","@id":"https:\/\/www.pressenza.com\/es\/#organization","name":"Pressenza","url":"https:\/\/www.pressenza.com\/es\/","logo":{"@type":"ImageObject","inLanguage":"es","@id":"https:\/\/www.pressenza.com\/es\/#\/schema\/logo\/image\/","url":"https:\/\/www.pressenza.com\/wp-content\/uploads\/2022\/10\/pressenza_logo_200x200.jpg","contentUrl":"https:\/\/www.pressenza.com\/wp-content\/uploads\/2022\/10\/pressenza_logo_200x200.jpg","width":200,"height":200,"caption":"Pressenza"},"image":{"@id":"https:\/\/www.pressenza.com\/es\/#\/schema\/logo\/image\/"},"sameAs":["https:\/\/www.facebook.com\/PressenzaItalia","https:\/\/x.com\/PressenzaIPA"]},{"@type":"Person","@id":"https:\/\/www.pressenza.com\/es\/#\/schema\/person\/828fc40eeca2ad7be3630e5a46adba94","name":"Redacci\u00f3n Madrid","description":"News from the Pressenza Bureau in Madrid, Spain","sameAs":["https:\/\/www.facebook.com\/pressenza","https:\/\/x.com\/pressenza"],"url":"https:\/\/www.pressenza.com\/es\/author\/redaccion-madrid\/"}]}},"place":"Madrid (Espa\u00f1a)","original_article_url":"","_links":{"self":[{"href":"https:\/\/www.pressenza.com\/es\/wp-json\/wp\/v2\/posts\/435128","targetHints":{"allow":["GET"]}}],"collection":[{"href":"https:\/\/www.pressenza.com\/es\/wp-json\/wp\/v2\/posts"}],"about":[{"href":"https:\/\/www.pressenza.com\/es\/wp-json\/wp\/v2\/types\/post"}],"author":[{"embeddable":true,"href":"https:\/\/www.pressenza.com\/es\/wp-json\/wp\/v2\/users\/94"}],"replies":[{"embeddable":true,"href":"https:\/\/www.pressenza.com\/es\/wp-json\/wp\/v2\/comments?post=435128"}],"version-history":[{"count":0,"href":"https:\/\/www.pressenza.com\/es\/wp-json\/wp\/v2\/posts\/435128\/revisions"}],"wp:featuredmedia":[{"embeddable":true,"href":"https:\/\/www.pressenza.com\/es\/wp-json\/wp\/v2\/media\/435141"}],"wp:attachment":[{"href":"https:\/\/www.pressenza.com\/es\/wp-json\/wp\/v2\/media?parent=435128"}],"wp:term":[{"taxonomy":"category","embeddable":true,"href":"https:\/\/www.pressenza.com\/es\/wp-json\/wp\/v2\/categories?post=435128"},{"taxonomy":"post_tag","embeddable":true,"href":"https:\/\/www.pressenza.com\/es\/wp-json\/wp\/v2\/tags?post=435128"}],"curies":[{"name":"wp","href":"https:\/\/api.w.org\/{rel}","templated":true}]}}