{"id":433442,"date":"2017-02-18T22:54:24","date_gmt":"2017-02-18T22:54:24","guid":{"rendered":"https:\/\/www.pressenza.com\/?p=433442\/"},"modified":"2017-02-19T21:19:29","modified_gmt":"2017-02-19T21:19:29","slug":"multitudinaria-manifestacion-barcelona-queremos-acoger","status":"publish","type":"post","link":"https:\/\/www.pressenza.com\/es\/2017\/02\/multitudinaria-manifestacion-barcelona-queremos-acoger\/","title":{"rendered":"Multitudinaria manifestaci\u00f3n en Barcelona: \u00abqueremos acoger\u00bb"},"content":{"rendered":"<p>ESPA\u00d1OL:<\/p>\n<p><em>Miles de personas han participado en la marcha bajo el lema \u00abVolem acollir\u00bb (Queremos acoger)\u00bb, organizada por la campa\u00f1a \u00abCasa Nostra, Casa Vostra\u00bb. La alta afluencia de personas principalmente durante el recorrido de la manifestaci\u00f3n por Via Laietana ha hecho retrasar la marcha. En las pancartas se le\u00eda \u00abCatalunya, terra d&#8217;acollida\u00bb (Catalu\u00f1a, tierra de acogida) o \u00abProu excuses. \u00a1Volem acollir ara!\u00bb (\u00abBasta de excusas. \u00a1Queremos acoger ahora!\u00bb).<\/em><\/p>\n<p>La estimaci\u00f3n de la polic\u00eda local \u00a0ha sido de 160.000 manifestantes y de 500.000 seg\u00fan los organizadores. Para los participantes no hab\u00eda duda del inmenso clamor. Ha sido una manifestaci\u00f3n, c\u00e1lida, emotiva, amable y sobre todo llena de esperanza. Algo est\u00e1 cambiando cuando las calles se inundan de gente por pura solidaridad, para cambiar las violentas pol\u00edticas de los gobiernos y entes europeos.<\/p>\n<p>Los coordinadores de la campa\u00f1a \u00abCasa nostra, casa vostra\u00bb, Rub\u00e9n Wagensberg y Lara Costafreda, han destacado que la movilizaci\u00f3n ha sido la mayor de Europa en apoyo de los refugiados, y han reclamado un gran pacto social en Catalu\u00f1a para pedir en Madrid y en Bruselas que se abran las fronteras a los demandantes de asilo.<\/p>\n<p>\u00abEl clamor es un\u00e1nime: se han acabado las excusas, queremos acoger y queremos acoger ahora\u00bb, ha expresado Costafreda.<\/p>\n<div class=\"post-gallery\">\n\t\t\t<figure class=\"post-gallery-item\">\n\t\t\t\t<img decoding=\"async\" src=\"https:\/\/www.pressenza.com\/wp-content\/uploads\/2017\/02\/a-720x480.jpg\" loading=\"lazy\">\n\t\t\t\t<figcaption>\n\t\t\t\t\t\n\t\t\t\t<\/figcaption>\n\t\t\t<\/figure>\n\t\t\t<figure class=\"post-gallery-item\">\n\t\t\t\t<img decoding=\"async\" src=\"https:\/\/www.pressenza.com\/wp-content\/uploads\/2017\/02\/12-1-720x540.jpg\" loading=\"lazy\">\n\t\t\t\t<figcaption>\n\t\t\t\t\t\n\t\t\t\t<\/figcaption>\n\t\t\t<\/figure>\n\t\t\t<figure class=\"post-gallery-item\">\n\t\t\t\t<img decoding=\"async\" src=\"https:\/\/www.pressenza.com\/wp-content\/uploads\/2017\/02\/11-1-720x540.jpg\" loading=\"lazy\">\n\t\t\t\t<figcaption>\n\t\t\t\t\t\n\t\t\t\t<\/figcaption>\n\t\t\t<\/figure>\n\t\t\t<figure class=\"post-gallery-item\">\n\t\t\t\t<img decoding=\"async\" src=\"https:\/\/www.pressenza.com\/wp-content\/uploads\/2017\/02\/10-2-720x540.jpg\" loading=\"lazy\">\n\t\t\t\t<figcaption>\n\t\t\t\t\t\n\t\t\t\t<\/figcaption>\n\t\t\t<\/figure>\n\t\t\t<figure class=\"post-gallery-item\">\n\t\t\t\t<img decoding=\"async\" src=\"https:\/\/www.pressenza.com\/wp-content\/uploads\/2017\/02\/8-720x540.jpg\" loading=\"lazy\">\n\t\t\t\t<figcaption>\n\t\t\t\t\t\n\t\t\t\t<\/figcaption>\n\t\t\t<\/figure>\n\t\t\t<figure class=\"post-gallery-item\">\n\t\t\t\t<img decoding=\"async\" src=\"https:\/\/www.pressenza.com\/wp-content\/uploads\/2017\/02\/7-720x540.jpg\" loading=\"lazy\">\n\t\t\t\t<figcaption>\n\t\t\t\t\t\n\t\t\t\t<\/figcaption>\n\t\t\t<\/figure>\n\t\t\t<figure class=\"post-gallery-item\">\n\t\t\t\t<img decoding=\"async\" src=\"https:\/\/www.pressenza.com\/wp-content\/uploads\/2017\/02\/6-720x540.jpg\" loading=\"lazy\">\n\t\t\t\t<figcaption>\n\t\t\t\t\t\n\t\t\t\t<\/figcaption>\n\t\t\t<\/figure>\n\t\t\t<figure class=\"post-gallery-item\">\n\t\t\t\t<img decoding=\"async\" src=\"https:\/\/www.pressenza.com\/wp-content\/uploads\/2017\/02\/5-720x540.jpg\" loading=\"lazy\">\n\t\t\t\t<figcaption>\n\t\t\t\t\t\n\t\t\t\t<\/figcaption>\n\t\t\t<\/figure>\n\t\t\t<figure class=\"post-gallery-item\">\n\t\t\t\t<img decoding=\"async\" src=\"https:\/\/www.pressenza.com\/wp-content\/uploads\/2017\/02\/4-720x540.jpg\" loading=\"lazy\">\n\t\t\t\t<figcaption>\n\t\t\t\t\t\n\t\t\t\t<\/figcaption>\n\t\t\t<\/figure>\n\t\t\t<figure class=\"post-gallery-item\">\n\t\t\t\t<img decoding=\"async\" src=\"https:\/\/www.pressenza.com\/wp-content\/uploads\/2017\/02\/1-1-720x540.jpg\" loading=\"lazy\">\n\t\t\t\t<figcaption>\n\t\t\t\t\t\n\t\t\t\t<\/figcaption>\n\t\t\t<\/figure>\n\t\t\t<figure class=\"post-gallery-item\">\n\t\t\t\t<img decoding=\"async\" src=\"https:\/\/www.pressenza.com\/wp-content\/uploads\/2017\/02\/y-720x480.jpg\" loading=\"lazy\">\n\t\t\t\t<figcaption>\n\t\t\t\t\t\n\t\t\t\t<\/figcaption>\n\t\t\t<\/figure>\n\t\t\t<figure class=\"post-gallery-item\">\n\t\t\t\t<img decoding=\"async\" src=\"https:\/\/www.pressenza.com\/wp-content\/uploads\/2017\/02\/w-720x480.jpg\" loading=\"lazy\">\n\t\t\t\t<figcaption>\n\t\t\t\t\t\n\t\t\t\t<\/figcaption>\n\t\t\t<\/figure>\n\t\t\t<figure class=\"post-gallery-item\">\n\t\t\t\t<img decoding=\"async\" src=\"https:\/\/www.pressenza.com\/wp-content\/uploads\/2017\/02\/t-720x480.jpg\" loading=\"lazy\">\n\t\t\t\t<figcaption>\n\t\t\t\t\t\n\t\t\t\t<\/figcaption>\n\t\t\t<\/figure>\n\t\t\t<figure class=\"post-gallery-item\">\n\t\t\t\t<img decoding=\"async\" src=\"https:\/\/www.pressenza.com\/wp-content\/uploads\/2017\/02\/r-720x480.jpg\" loading=\"lazy\">\n\t\t\t\t<figcaption>\n\t\t\t\t\t\n\t\t\t\t<\/figcaption>\n\t\t\t<\/figure>\n\t\t\t<figure class=\"post-gallery-item\">\n\t\t\t\t<img decoding=\"async\" src=\"https:\/\/www.pressenza.com\/wp-content\/uploads\/2017\/02\/q-720x480.jpg\" loading=\"lazy\">\n\t\t\t\t<figcaption>\n\t\t\t\t\t\n\t\t\t\t<\/figcaption>\n\t\t\t<\/figure>\n\t\t\t<figure class=\"post-gallery-item\">\n\t\t\t\t<img decoding=\"async\" src=\"https:\/\/www.pressenza.com\/wp-content\/uploads\/2017\/02\/n-720x480.jpg\" loading=\"lazy\">\n\t\t\t\t<figcaption>\n\t\t\t\t\t\n\t\t\t\t<\/figcaption>\n\t\t\t<\/figure>\n\t\t\t<figure class=\"post-gallery-item\">\n\t\t\t\t<img decoding=\"async\" src=\"https:\/\/www.pressenza.com\/wp-content\/uploads\/2017\/02\/m-720x480.jpg\" loading=\"lazy\">\n\t\t\t\t<figcaption>\n\t\t\t\t\t\n\t\t\t\t<\/figcaption>\n\t\t\t<\/figure>\n\t\t\t<figure class=\"post-gallery-item\">\n\t\t\t\t<img decoding=\"async\" src=\"https:\/\/www.pressenza.com\/wp-content\/uploads\/2017\/02\/l-720x480.jpg\" loading=\"lazy\">\n\t\t\t\t<figcaption>\n\t\t\t\t\t\n\t\t\t\t<\/figcaption>\n\t\t\t<\/figure>\n\t\t\t<figure class=\"post-gallery-item\">\n\t\t\t\t<img decoding=\"async\" src=\"https:\/\/www.pressenza.com\/wp-content\/uploads\/2017\/02\/k-720x480.jpg\" loading=\"lazy\">\n\t\t\t\t<figcaption>\n\t\t\t\t\t\n\t\t\t\t<\/figcaption>\n\t\t\t<\/figure>\n\t\t\t<figure class=\"post-gallery-item\">\n\t\t\t\t<img decoding=\"async\" src=\"https:\/\/www.pressenza.com\/wp-content\/uploads\/2017\/02\/j-720x480.jpg\" loading=\"lazy\">\n\t\t\t\t<figcaption>\n\t\t\t\t\t\n\t\t\t\t<\/figcaption>\n\t\t\t<\/figure>\n\t\t\t<figure class=\"post-gallery-item\">\n\t\t\t\t<img decoding=\"async\" src=\"https:\/\/www.pressenza.com\/wp-content\/uploads\/2017\/02\/i-720x480.jpg\" loading=\"lazy\">\n\t\t\t\t<figcaption>\n\t\t\t\t\t\n\t\t\t\t<\/figcaption>\n\t\t\t<\/figure>\n\t\t\t<figure class=\"post-gallery-item\">\n\t\t\t\t<img decoding=\"async\" src=\"https:\/\/www.pressenza.com\/wp-content\/uploads\/2017\/02\/h-720x480.jpg\" loading=\"lazy\">\n\t\t\t\t<figcaption>\n\t\t\t\t\t\n\t\t\t\t<\/figcaption>\n\t\t\t<\/figure>\n\t\t\t<figure class=\"post-gallery-item\">\n\t\t\t\t<img decoding=\"async\" src=\"https:\/\/www.pressenza.com\/wp-content\/uploads\/2017\/02\/g-720x480.jpg\" loading=\"lazy\">\n\t\t\t\t<figcaption>\n\t\t\t\t\t\n\t\t\t\t<\/figcaption>\n\t\t\t<\/figure>\n\t\t\t<figure class=\"post-gallery-item\">\n\t\t\t\t<img decoding=\"async\" src=\"https:\/\/www.pressenza.com\/wp-content\/uploads\/2017\/02\/f-720x480.jpg\" loading=\"lazy\">\n\t\t\t\t<figcaption>\n\t\t\t\t\t\n\t\t\t\t<\/figcaption>\n\t\t\t<\/figure>\n\t\t\t<figure class=\"post-gallery-item\">\n\t\t\t\t<img decoding=\"async\" src=\"https:\/\/www.pressenza.com\/wp-content\/uploads\/2017\/02\/e-682x1024.jpg\" loading=\"lazy\">\n\t\t\t\t<figcaption>\n\t\t\t\t\t\n\t\t\t\t<\/figcaption>\n\t\t\t<\/figure>\n\t\t\t<figure class=\"post-gallery-item\">\n\t\t\t\t<img decoding=\"async\" src=\"https:\/\/www.pressenza.com\/wp-content\/uploads\/2017\/02\/c-720x480.jpg\" loading=\"lazy\">\n\t\t\t\t<figcaption>\n\t\t\t\t\t\n\t\t\t\t<\/figcaption>\n\t\t\t<\/figure>\n\t\t\t<figure class=\"post-gallery-item\">\n\t\t\t\t<img decoding=\"async\" src=\"https:\/\/www.pressenza.com\/wp-content\/uploads\/2017\/02\/b-720x480.jpg\" loading=\"lazy\">\n\t\t\t\t<figcaption>\n\t\t\t\t\t\n\t\t\t\t<\/figcaption>\n\t\t\t<\/figure>\n\t\t\t<figure class=\"post-gallery-item\">\n\t\t\t\t<img decoding=\"async\" src=\"https:\/\/www.pressenza.com\/wp-content\/uploads\/2017\/02\/aa-720x480.jpg\" loading=\"lazy\">\n\t\t\t\t<figcaption>\n\t\t\t\t\t\n\t\t\t\t<\/figcaption>\n\t\t\t<\/figure>\n\t\t\t<figure class=\"post-gallery-item\">\n\t\t\t\t<img decoding=\"async\" src=\"https:\/\/www.pressenza.com\/wp-content\/uploads\/2017\/02\/zz-720x540.jpg\" loading=\"lazy\">\n\t\t\t\t<figcaption>\n\t\t\t\t\t\n\t\t\t\t<\/figcaption>\n\t\t\t<\/figure>\n\t\t\t<figure class=\"post-gallery-item\">\n\t\t\t\t<img decoding=\"async\" src=\"https:\/\/www.pressenza.com\/wp-content\/uploads\/2017\/02\/cc-720x540.jpg\" loading=\"lazy\">\n\t\t\t\t<figcaption>\n\t\t\t\t\t\n\t\t\t\t<\/figcaption>\n\t\t\t<\/figure>\n\t\t\t<figure class=\"post-gallery-item\">\n\t\t\t\t<img decoding=\"async\" src=\"https:\/\/www.pressenza.com\/wp-content\/uploads\/2017\/02\/11-2-720x480.jpg\" loading=\"lazy\">\n\t\t\t\t<figcaption>\n\t\t\t\t\t\n\t\t\t\t<\/figcaption>\n\t\t\t<\/figure>\n\t\t\t<figure class=\"post-gallery-item\">\n\t\t\t\t<img decoding=\"async\" src=\"https:\/\/www.pressenza.com\/wp-content\/uploads\/2017\/02\/12-2-720x540.jpg\" loading=\"lazy\">\n\t\t\t\t<figcaption>\n\t\t\t\t\t\n\t\t\t\t<\/figcaption>\n\t\t\t<\/figure><\/div>\n<p>Los manifestantes acababan su recorrido en el parque de la Barceloneta, frente al mar, un lugar simb\u00f3lico por los miles de personas que han perdido la vida en el mar.\u00a0 All\u00ed se ha representado una \u00abperformance\u00bb de la compa\u00f1\u00eda La Fura dels Baus, en la que se han situado unos chalecos salvavidas entre la arena.<\/p>\n<p>El velero Astral, de la ONG Proactiva Open Arms, que rescata a personas que intentan llegar a Europa por el Mediterr\u00e1neo, ha participado en una simulaci\u00f3n de una operaci\u00f3n de salvamento de n\u00e1ufragos entre los aplausos de los asistentes.<\/p>\n<p>Posteriormente, se ha le\u00eddo un manifiesto que ha recordado que en 2015, Espa\u00f1a \u00abse comprometi\u00f3 a recibir 10.772 personas refugiadas en un plazo de dos a\u00f1os\u00bb y que \u00abeste compromiso se est\u00e1 incumpliendo\u00bb por lo que \u00abel Gobierno espa\u00f1ol, conjuntamente con otros estados europeos, vulneran sistem\u00e1ticamente el derecho internacional\u00bb.<\/p>\n<p>En declaraciones a los periodistas, la alcaldesa Ada Colau, que se ha manifestado \u00abemocionada\u00bb por la concurrencia, ha deseado que Barcelona se convierta \u00aben la capital de la esperanza, de la defensa de derechos humanos y de la paz\u00bb.<\/p>\n<p><img loading=\"lazy\" decoding=\"async\" class=\"alignnone size-full wp-image-433865\" src=\"https:\/\/www.pressenza.com\/wp-content\/uploads\/2017\/02\/13-1.jpg\" alt=\"\" width=\"2048\" height=\"1365\" srcset=\"https:\/\/www.pressenza.com\/wp-content\/uploads\/2017\/02\/13-1.jpg 2048w, https:\/\/www.pressenza.com\/wp-content\/uploads\/2017\/02\/13-1-300x200.jpg 300w, https:\/\/www.pressenza.com\/wp-content\/uploads\/2017\/02\/13-1-768x512.jpg 768w, https:\/\/www.pressenza.com\/wp-content\/uploads\/2017\/02\/13-1-720x480.jpg 720w\" sizes=\"auto, (max-width: 2048px) 100vw, 2048px\" \/><\/p>\n<p>CATAL\u00c0:<\/p>\n<h1>\u201cVolem acollir\u201d, Multitudin\u00e0ria manifestaci\u00f3 a Barcelona<\/h1>\n<p><em>18.02.2017 &#8211; Catalunya-Redacci\u00f3 Barcelona<\/em><\/p>\n<p>Milers de persones han participat a Barcelona en la marxa\u00a0 \u201cVolem acollir\u201d, organitzada per la plataforma \u201cCasa Nostra, Casa Vostra\u201d. L&#8217;alta aflu\u00e8ncia de persones, principalment durant el recorregut de la manifestaci\u00f3 per Via Laietana, ha fet que la duraci\u00f3 de la marxa fos m\u00e9s del previst. En les pancartes es llegia \u201cCatalunya, terra d\u2019acollida\u201d o \u201cProu d&#8217;excuses. Volem acollir ara!\u201d<\/p>\n<p>L&#8217;estimaci\u00f3 de la policia local ha estat de 160.000 manifestants, la dels\u00a0 organitzadors de 500.000 persones. Per als participants no hi havia cap dubte de l&#8217;immens clam. Ha estat una manifestaci\u00f3 c\u00e0lida, emotiva, amable i sobretot plena d&#8217;esperan\u00e7a. Alguna cosa est\u00e0 canviant quan els carrers s&#8217;inunden de gent per pura solidaritat, per canviar les violentes pol\u00edtiques tant dels governs com de les institucions europees.<\/p>\n<p>Els coordinadors de la campanya \u201cCasa nostra, casa vostra\u201d, Rub\u00e8n Wagensberg i Lara Costafreda, han destacat que la mobilitzaci\u00f3 ha estat la major d&#8217;Europa en suport dels refugiats i han reclamat un gran pacte social a Catalunya per demanar a Madrid i a Brussel\u00b7les que s&#8217;obrin les fronteres als demandants d&#8217;asil.<\/p>\n<p><em>\u201cEl clam \u00e9s un\u00e0nime: s&#8217;han acabat les excuses, volem acollir i volem acollir ara\u201d<\/em>, ha expressat Costafreda.<\/p>\n<p>Els manifestants varen acabar el seu recorregut al parc de la Barceloneta, enfront del mar Mediterrani, un lloc simb\u00f2lic pels milers de persones que han perdut la vida en aquest mar. All\u00e0 es va representar una \u201cperformance\u201d de la companyia \u201cLa Fura dels Baus\u201d, en la qual s&#8217;han situat unes armilles salvavides entre la sorra.<\/p>\n<p>El veler Astral, de l&#8217;ONG \u201cProactiva Open Arms\u201d, que rescata a persones que intenten arribar a Europa pel Mediterrani, ha participat en una simulaci\u00f3 d&#8217;una operaci\u00f3 de salvament de n\u00e0ufrags entre els aplaudiments dels assistents.<\/p>\n<p>Posteriorment, s&#8217;ha llegit un manifest que ha recordat que l&#8217;any 2015 \u201c<em>Espanya es va comprometre a rebre 10.772 persones refugiades en un termini de dos anys\u201d<\/em> i que <em>\u201caquest comprom\u00eds s&#8217;est\u00e0 incomplint<\/em>\u201d pel que <em>\u201cel Govern espanyol, conjuntament amb altres estats europeus, vulneren sistem\u00e0ticament el dret internacional\u201d<\/em>.<\/p>\n<p>En declaracions als periodistes, l&#8217;alcaldessa Ada Colau, que s&#8217;ha manifestat \u201cemocionada\u201d per la concurr\u00e8ncia, ha desitjat que Barcelona es converteixi <em>\u201cen la capital de l&#8217;esperan\u00e7a, de la defensa de drets humans i de la pau\u201d.<\/em><\/p>\n","protected":false},"excerpt":{"rendered":"<p>ESPA\u00d1OL: Miles de personas han participado en la marcha bajo el lema \u00abVolem acollir\u00bb (Queremos acoger)\u00bb, organizada por la campa\u00f1a \u00abCasa Nostra, Casa Vostra\u00bb. La alta afluencia de personas principalmente durante el recorrido de la manifestaci\u00f3n por Via Laietana ha&hellip;<\/p>\n","protected":false},"author":1122,"featured_media":433457,"comment_status":"closed","ping_status":"closed","sticky":false,"template":"","format":"standard","meta":{"footnotes":""},"categories":[76,149,11389,1241,66,5667,1240,39,1242,74],"tags":[],"class_list":["post-433442","post","type-post","status-publish","format-standard","has-post-thumbnail","hentry","category-relaciones-exteriores","category-comunicados-de-prensa","category-contenido-original","category-diversidad","category-europa-es","category-foto-reportajes","category-humanismo-espiritualidad","category-internacional","category-noviolencia-tema","category-politica-es"],"yoast_head":"<!-- This site is optimized with the Yoast SEO plugin v27.1.1 - https:\/\/yoast.com\/product\/yoast-seo-wordpress\/ -->\n<title>Multitudinaria manifestaci\u00f3n en Barcelona: &quot;queremos acoger&quot;<\/title>\n<meta name=\"description\" content=\"ESPA\u00d1OL: Miles de personas han participado en la marcha bajo el lema &quot;Volem acollir&quot; (Queremos acoger)&quot;, organizada por la campa\u00f1a &quot;Casa Nostra, Casa\" \/>\n<meta name=\"robots\" content=\"index, follow, max-snippet:-1, max-image-preview:large, max-video-preview:-1\" \/>\n<link rel=\"canonical\" href=\"https:\/\/www.pressenza.com\/es\/2017\/02\/multitudinaria-manifestacion-barcelona-queremos-acoger\/\" \/>\n<meta property=\"og:locale\" content=\"es_ES\" \/>\n<meta property=\"og:type\" content=\"article\" \/>\n<meta property=\"og:title\" content=\"Multitudinaria manifestaci\u00f3n en Barcelona: &quot;queremos acoger&quot;\" \/>\n<meta property=\"og:description\" content=\"ESPA\u00d1OL: Miles de personas han participado en la marcha bajo el lema &quot;Volem acollir&quot; (Queremos acoger)&quot;, organizada por la campa\u00f1a &quot;Casa Nostra, Casa\" \/>\n<meta property=\"og:url\" content=\"https:\/\/www.pressenza.com\/es\/2017\/02\/multitudinaria-manifestacion-barcelona-queremos-acoger\/\" \/>\n<meta property=\"og:site_name\" content=\"Pressenza\" \/>\n<meta property=\"article:publisher\" content=\"https:\/\/www.facebook.com\/PressenzaItalia\" \/>\n<meta property=\"article:author\" content=\"https:\/\/www.facebook.com\/Pressenza-Espaa-647854795301395\/timeline\/\" \/>\n<meta property=\"article:published_time\" content=\"2017-02-18T22:54:24+00:00\" \/>\n<meta property=\"article:modified_time\" content=\"2017-02-19T21:19:29+00:00\" \/>\n<meta property=\"og:image\" content=\"https:\/\/www.pressenza.com\/wp-content\/uploads\/2017\/02\/b.jpg\" \/>\n\t<meta property=\"og:image:width\" content=\"2048\" \/>\n\t<meta property=\"og:image:height\" content=\"1364\" \/>\n\t<meta property=\"og:image:type\" content=\"image\/jpeg\" \/>\n<meta name=\"author\" content=\"Redacci\u00f3n Barcelona\" \/>\n<meta name=\"twitter:card\" content=\"summary_large_image\" \/>\n<meta name=\"twitter:creator\" content=\"@pressenza\" \/>\n<meta name=\"twitter:site\" content=\"@PressenzaIPA\" \/>\n<meta name=\"twitter:label1\" content=\"Escrito por\" \/>\n\t<meta name=\"twitter:data1\" content=\"Redacci\u00f3n Barcelona\" \/>\n\t<meta name=\"twitter:label2\" content=\"Tiempo de lectura\" \/>\n\t<meta name=\"twitter:data2\" content=\"4 minutos\" \/>\n<script type=\"application\/ld+json\" class=\"yoast-schema-graph\">{\"@context\":\"https:\/\/schema.org\",\"@graph\":[{\"@type\":\"Article\",\"@id\":\"https:\/\/www.pressenza.com\/es\/2017\/02\/multitudinaria-manifestacion-barcelona-queremos-acoger\/#article\",\"isPartOf\":{\"@id\":\"https:\/\/www.pressenza.com\/es\/2017\/02\/multitudinaria-manifestacion-barcelona-queremos-acoger\/\"},\"author\":{\"name\":\"Redacci\u00f3n Barcelona\",\"@id\":\"https:\/\/www.pressenza.com\/es\/#\/schema\/person\/8abc53b92f3264e0dad4300d54ac73ff\"},\"headline\":\"Multitudinaria manifestaci\u00f3n en Barcelona: \u00abqueremos acoger\u00bb\",\"datePublished\":\"2017-02-18T22:54:24+00:00\",\"dateModified\":\"2017-02-19T21:19:29+00:00\",\"mainEntityOfPage\":{\"@id\":\"https:\/\/www.pressenza.com\/es\/2017\/02\/multitudinaria-manifestacion-barcelona-queremos-acoger\/\"},\"wordCount\":826,\"publisher\":{\"@id\":\"https:\/\/www.pressenza.com\/es\/#organization\"},\"image\":{\"@id\":\"https:\/\/www.pressenza.com\/es\/2017\/02\/multitudinaria-manifestacion-barcelona-queremos-acoger\/#primaryimage\"},\"thumbnailUrl\":\"https:\/\/www.pressenza.com\/wp-content\/uploads\/2017\/02\/b.jpg\",\"articleSection\":[\"Asuntos internacionales\",\"Comunicados de Prensa\",\"Contenido Original\",\"Diversidad\",\"Europa\",\"Fotorreportajes\",\"Humanismo y Espiritualidad\",\"Internacional\",\"Noviolencia\",\"Pol\u00edtica\"],\"inLanguage\":\"es\"},{\"@type\":\"WebPage\",\"@id\":\"https:\/\/www.pressenza.com\/es\/2017\/02\/multitudinaria-manifestacion-barcelona-queremos-acoger\/\",\"url\":\"https:\/\/www.pressenza.com\/es\/2017\/02\/multitudinaria-manifestacion-barcelona-queremos-acoger\/\",\"name\":\"Multitudinaria manifestaci\u00f3n en Barcelona: \\\"queremos acoger\\\"\",\"isPartOf\":{\"@id\":\"https:\/\/www.pressenza.com\/es\/#website\"},\"primaryImageOfPage\":{\"@id\":\"https:\/\/www.pressenza.com\/es\/2017\/02\/multitudinaria-manifestacion-barcelona-queremos-acoger\/#primaryimage\"},\"image\":{\"@id\":\"https:\/\/www.pressenza.com\/es\/2017\/02\/multitudinaria-manifestacion-barcelona-queremos-acoger\/#primaryimage\"},\"thumbnailUrl\":\"https:\/\/www.pressenza.com\/wp-content\/uploads\/2017\/02\/b.jpg\",\"datePublished\":\"2017-02-18T22:54:24+00:00\",\"dateModified\":\"2017-02-19T21:19:29+00:00\",\"description\":\"ESPA\u00d1OL: Miles de personas han participado en la marcha bajo el lema \\\"Volem acollir\\\" (Queremos acoger)\\\", organizada por la campa\u00f1a \\\"Casa Nostra, Casa\",\"breadcrumb\":{\"@id\":\"https:\/\/www.pressenza.com\/es\/2017\/02\/multitudinaria-manifestacion-barcelona-queremos-acoger\/#breadcrumb\"},\"inLanguage\":\"es\",\"potentialAction\":[{\"@type\":\"ReadAction\",\"target\":[\"https:\/\/www.pressenza.com\/es\/2017\/02\/multitudinaria-manifestacion-barcelona-queremos-acoger\/\"]}]},{\"@type\":\"ImageObject\",\"inLanguage\":\"es\",\"@id\":\"https:\/\/www.pressenza.com\/es\/2017\/02\/multitudinaria-manifestacion-barcelona-queremos-acoger\/#primaryimage\",\"url\":\"https:\/\/www.pressenza.com\/wp-content\/uploads\/2017\/02\/b.jpg\",\"contentUrl\":\"https:\/\/www.pressenza.com\/wp-content\/uploads\/2017\/02\/b.jpg\",\"width\":2048,\"height\":1364},{\"@type\":\"BreadcrumbList\",\"@id\":\"https:\/\/www.pressenza.com\/es\/2017\/02\/multitudinaria-manifestacion-barcelona-queremos-acoger\/#breadcrumb\",\"itemListElement\":[{\"@type\":\"ListItem\",\"position\":1,\"name\":\"Accueil\",\"item\":\"https:\/\/www.pressenza.com\/es\/\"},{\"@type\":\"ListItem\",\"position\":2,\"name\":\"Multitudinaria manifestaci\u00f3n en Barcelona: \u00abqueremos acoger\u00bb\"}]},{\"@type\":\"WebSite\",\"@id\":\"https:\/\/www.pressenza.com\/es\/#website\",\"url\":\"https:\/\/www.pressenza.com\/es\/\",\"name\":\"Pressenza\",\"description\":\"International Press Agency\",\"publisher\":{\"@id\":\"https:\/\/www.pressenza.com\/es\/#organization\"},\"potentialAction\":[{\"@type\":\"SearchAction\",\"target\":{\"@type\":\"EntryPoint\",\"urlTemplate\":\"https:\/\/www.pressenza.com\/es\/?s={search_term_string}\"},\"query-input\":{\"@type\":\"PropertyValueSpecification\",\"valueRequired\":true,\"valueName\":\"search_term_string\"}}],\"inLanguage\":\"es\"},{\"@type\":\"Organization\",\"@id\":\"https:\/\/www.pressenza.com\/es\/#organization\",\"name\":\"Pressenza\",\"url\":\"https:\/\/www.pressenza.com\/es\/\",\"logo\":{\"@type\":\"ImageObject\",\"inLanguage\":\"es\",\"@id\":\"https:\/\/www.pressenza.com\/es\/#\/schema\/logo\/image\/\",\"url\":\"https:\/\/www.pressenza.com\/wp-content\/uploads\/2022\/10\/pressenza_logo_200x200.jpg\",\"contentUrl\":\"https:\/\/www.pressenza.com\/wp-content\/uploads\/2022\/10\/pressenza_logo_200x200.jpg\",\"width\":200,\"height\":200,\"caption\":\"Pressenza\"},\"image\":{\"@id\":\"https:\/\/www.pressenza.com\/es\/#\/schema\/logo\/image\/\"},\"sameAs\":[\"https:\/\/www.facebook.com\/PressenzaItalia\",\"https:\/\/x.com\/PressenzaIPA\"]},{\"@type\":\"Person\",\"@id\":\"https:\/\/www.pressenza.com\/es\/#\/schema\/person\/8abc53b92f3264e0dad4300d54ac73ff\",\"name\":\"Redacci\u00f3n Barcelona\",\"description\":\"News published by the Pressenza bureau in Barcelona, Spain\",\"sameAs\":[\"https:\/\/www.facebook.com\/Pressenza-Espaa-647854795301395\/timeline\/\",\"https:\/\/x.com\/pressenza\"],\"url\":\"https:\/\/www.pressenza.com\/es\/author\/redaccion-barcelona\/\"}]}<\/script>\n<!-- \/ Yoast SEO plugin. -->","yoast_head_json":{"title":"Multitudinaria manifestaci\u00f3n en Barcelona: \"queremos acoger\"","description":"ESPA\u00d1OL: Miles de personas han participado en la marcha bajo el lema \"Volem acollir\" (Queremos acoger)\", organizada por la campa\u00f1a \"Casa Nostra, Casa","robots":{"index":"index","follow":"follow","max-snippet":"max-snippet:-1","max-image-preview":"max-image-preview:large","max-video-preview":"max-video-preview:-1"},"canonical":"https:\/\/www.pressenza.com\/es\/2017\/02\/multitudinaria-manifestacion-barcelona-queremos-acoger\/","og_locale":"es_ES","og_type":"article","og_title":"Multitudinaria manifestaci\u00f3n en Barcelona: \"queremos acoger\"","og_description":"ESPA\u00d1OL: Miles de personas han participado en la marcha bajo el lema \"Volem acollir\" (Queremos acoger)\", organizada por la campa\u00f1a \"Casa Nostra, Casa","og_url":"https:\/\/www.pressenza.com\/es\/2017\/02\/multitudinaria-manifestacion-barcelona-queremos-acoger\/","og_site_name":"Pressenza","article_publisher":"https:\/\/www.facebook.com\/PressenzaItalia","article_author":"https:\/\/www.facebook.com\/Pressenza-Espaa-647854795301395\/timeline\/","article_published_time":"2017-02-18T22:54:24+00:00","article_modified_time":"2017-02-19T21:19:29+00:00","og_image":[{"width":2048,"height":1364,"url":"https:\/\/www.pressenza.com\/wp-content\/uploads\/2017\/02\/b.jpg","type":"image\/jpeg"}],"author":"Redacci\u00f3n Barcelona","twitter_card":"summary_large_image","twitter_creator":"@pressenza","twitter_site":"@PressenzaIPA","twitter_misc":{"Escrito por":"Redacci\u00f3n Barcelona","Tiempo de lectura":"4 minutos"},"schema":{"@context":"https:\/\/schema.org","@graph":[{"@type":"Article","@id":"https:\/\/www.pressenza.com\/es\/2017\/02\/multitudinaria-manifestacion-barcelona-queremos-acoger\/#article","isPartOf":{"@id":"https:\/\/www.pressenza.com\/es\/2017\/02\/multitudinaria-manifestacion-barcelona-queremos-acoger\/"},"author":{"name":"Redacci\u00f3n Barcelona","@id":"https:\/\/www.pressenza.com\/es\/#\/schema\/person\/8abc53b92f3264e0dad4300d54ac73ff"},"headline":"Multitudinaria manifestaci\u00f3n en Barcelona: \u00abqueremos acoger\u00bb","datePublished":"2017-02-18T22:54:24+00:00","dateModified":"2017-02-19T21:19:29+00:00","mainEntityOfPage":{"@id":"https:\/\/www.pressenza.com\/es\/2017\/02\/multitudinaria-manifestacion-barcelona-queremos-acoger\/"},"wordCount":826,"publisher":{"@id":"https:\/\/www.pressenza.com\/es\/#organization"},"image":{"@id":"https:\/\/www.pressenza.com\/es\/2017\/02\/multitudinaria-manifestacion-barcelona-queremos-acoger\/#primaryimage"},"thumbnailUrl":"https:\/\/www.pressenza.com\/wp-content\/uploads\/2017\/02\/b.jpg","articleSection":["Asuntos internacionales","Comunicados de Prensa","Contenido Original","Diversidad","Europa","Fotorreportajes","Humanismo y Espiritualidad","Internacional","Noviolencia","Pol\u00edtica"],"inLanguage":"es"},{"@type":"WebPage","@id":"https:\/\/www.pressenza.com\/es\/2017\/02\/multitudinaria-manifestacion-barcelona-queremos-acoger\/","url":"https:\/\/www.pressenza.com\/es\/2017\/02\/multitudinaria-manifestacion-barcelona-queremos-acoger\/","name":"Multitudinaria manifestaci\u00f3n en Barcelona: \"queremos acoger\"","isPartOf":{"@id":"https:\/\/www.pressenza.com\/es\/#website"},"primaryImageOfPage":{"@id":"https:\/\/www.pressenza.com\/es\/2017\/02\/multitudinaria-manifestacion-barcelona-queremos-acoger\/#primaryimage"},"image":{"@id":"https:\/\/www.pressenza.com\/es\/2017\/02\/multitudinaria-manifestacion-barcelona-queremos-acoger\/#primaryimage"},"thumbnailUrl":"https:\/\/www.pressenza.com\/wp-content\/uploads\/2017\/02\/b.jpg","datePublished":"2017-02-18T22:54:24+00:00","dateModified":"2017-02-19T21:19:29+00:00","description":"ESPA\u00d1OL: Miles de personas han participado en la marcha bajo el lema \"Volem acollir\" (Queremos acoger)\", organizada por la campa\u00f1a \"Casa Nostra, Casa","breadcrumb":{"@id":"https:\/\/www.pressenza.com\/es\/2017\/02\/multitudinaria-manifestacion-barcelona-queremos-acoger\/#breadcrumb"},"inLanguage":"es","potentialAction":[{"@type":"ReadAction","target":["https:\/\/www.pressenza.com\/es\/2017\/02\/multitudinaria-manifestacion-barcelona-queremos-acoger\/"]}]},{"@type":"ImageObject","inLanguage":"es","@id":"https:\/\/www.pressenza.com\/es\/2017\/02\/multitudinaria-manifestacion-barcelona-queremos-acoger\/#primaryimage","url":"https:\/\/www.pressenza.com\/wp-content\/uploads\/2017\/02\/b.jpg","contentUrl":"https:\/\/www.pressenza.com\/wp-content\/uploads\/2017\/02\/b.jpg","width":2048,"height":1364},{"@type":"BreadcrumbList","@id":"https:\/\/www.pressenza.com\/es\/2017\/02\/multitudinaria-manifestacion-barcelona-queremos-acoger\/#breadcrumb","itemListElement":[{"@type":"ListItem","position":1,"name":"Accueil","item":"https:\/\/www.pressenza.com\/es\/"},{"@type":"ListItem","position":2,"name":"Multitudinaria manifestaci\u00f3n en Barcelona: \u00abqueremos acoger\u00bb"}]},{"@type":"WebSite","@id":"https:\/\/www.pressenza.com\/es\/#website","url":"https:\/\/www.pressenza.com\/es\/","name":"Pressenza","description":"International Press Agency","publisher":{"@id":"https:\/\/www.pressenza.com\/es\/#organization"},"potentialAction":[{"@type":"SearchAction","target":{"@type":"EntryPoint","urlTemplate":"https:\/\/www.pressenza.com\/es\/?s={search_term_string}"},"query-input":{"@type":"PropertyValueSpecification","valueRequired":true,"valueName":"search_term_string"}}],"inLanguage":"es"},{"@type":"Organization","@id":"https:\/\/www.pressenza.com\/es\/#organization","name":"Pressenza","url":"https:\/\/www.pressenza.com\/es\/","logo":{"@type":"ImageObject","inLanguage":"es","@id":"https:\/\/www.pressenza.com\/es\/#\/schema\/logo\/image\/","url":"https:\/\/www.pressenza.com\/wp-content\/uploads\/2022\/10\/pressenza_logo_200x200.jpg","contentUrl":"https:\/\/www.pressenza.com\/wp-content\/uploads\/2022\/10\/pressenza_logo_200x200.jpg","width":200,"height":200,"caption":"Pressenza"},"image":{"@id":"https:\/\/www.pressenza.com\/es\/#\/schema\/logo\/image\/"},"sameAs":["https:\/\/www.facebook.com\/PressenzaItalia","https:\/\/x.com\/PressenzaIPA"]},{"@type":"Person","@id":"https:\/\/www.pressenza.com\/es\/#\/schema\/person\/8abc53b92f3264e0dad4300d54ac73ff","name":"Redacci\u00f3n Barcelona","description":"News published by the Pressenza bureau in Barcelona, Spain","sameAs":["https:\/\/www.facebook.com\/Pressenza-Espaa-647854795301395\/timeline\/","https:\/\/x.com\/pressenza"],"url":"https:\/\/www.pressenza.com\/es\/author\/redaccion-barcelona\/"}]}},"place":"Catalu\u00f1a","original_article_url":"","_links":{"self":[{"href":"https:\/\/www.pressenza.com\/es\/wp-json\/wp\/v2\/posts\/433442","targetHints":{"allow":["GET"]}}],"collection":[{"href":"https:\/\/www.pressenza.com\/es\/wp-json\/wp\/v2\/posts"}],"about":[{"href":"https:\/\/www.pressenza.com\/es\/wp-json\/wp\/v2\/types\/post"}],"author":[{"embeddable":true,"href":"https:\/\/www.pressenza.com\/es\/wp-json\/wp\/v2\/users\/1122"}],"replies":[{"embeddable":true,"href":"https:\/\/www.pressenza.com\/es\/wp-json\/wp\/v2\/comments?post=433442"}],"version-history":[{"count":0,"href":"https:\/\/www.pressenza.com\/es\/wp-json\/wp\/v2\/posts\/433442\/revisions"}],"wp:featuredmedia":[{"embeddable":true,"href":"https:\/\/www.pressenza.com\/es\/wp-json\/wp\/v2\/media\/433457"}],"wp:attachment":[{"href":"https:\/\/www.pressenza.com\/es\/wp-json\/wp\/v2\/media?parent=433442"}],"wp:term":[{"taxonomy":"category","embeddable":true,"href":"https:\/\/www.pressenza.com\/es\/wp-json\/wp\/v2\/categories?post=433442"},{"taxonomy":"post_tag","embeddable":true,"href":"https:\/\/www.pressenza.com\/es\/wp-json\/wp\/v2\/tags?post=433442"}],"curies":[{"name":"wp","href":"https:\/\/api.w.org\/{rel}","templated":true}]}}