{"id":433006,"date":"2017-02-17T12:34:17","date_gmt":"2017-02-17T12:34:17","guid":{"rendered":"https:\/\/www.pressenza.com\/?p=433006\/"},"modified":"2017-02-17T12:37:27","modified_gmt":"2017-02-17T12:37:27","slug":"cronica-desde-las-calles-del-ecuador-campana","status":"publish","type":"post","link":"https:\/\/www.pressenza.com\/es\/2017\/02\/cronica-desde-las-calles-del-ecuador-campana\/","title":{"rendered":"Cr\u00f3nica desde las calles del Ecuador en campa\u00f1a"},"content":{"rendered":"<p class=\"m_5653280177457832648gmail-page-heading\"><span class=\"m_5653280177457832648gmail-h-title\">Por Federico Larsen <\/span><\/p>\n<p>\u201cNo le des con palo, no le des con piedra, dale con Correa, para que les duela\u201d, entonaba un grupo de mujeres frente al palacio presidencial a poco menos de una semana de las elecciones generales ecuatorianas. Vestidas con campera de cuero, prolijamente maquilladas y te\u00f1idas, agitaban frente a sus gafas oscuras un retrato del presidente saliente mientras esperaban la tradicional ceremonia del cambio de la Guardia Presidencial que se realiza cada lunes en el centro hist\u00f3rico de Quito. Frente a ellas, otra mujer, con los mismos atuendos y similar vehemencia, denunciaba detr\u00e1s de un meg\u00e1fono el \u201crobo\u201d de su finca a manos de la clase pol\u00edtica gobernante, en medio de los abucheos de decenas de militantes oficialistas que la rodeaban con sus banderas verdes.<\/p>\n<p>Esta escena, es una de las pocas situaciones de tensi\u00f3n que el viajero podr\u00eda apreciar en las calles del Ecuador en la previa de las elecciones del 19 de febrero. Y de hecho, es esta una de las caracter\u00edsticas del clima pre-electoral en el pa\u00eds: las feroces discusiones y acusaciones cruzadas que imperan en los medios, no se ven reflejadas en los bares y las plazas. Pocos est\u00e1n dispuestos a hablar de las elecciones, y quienes lo hacen, se limitan a confesar su indecisi\u00f3n o total desconocimiento sobre a cu\u00e1l candidato van a votar. Inclusive el debate presidencial, celebrado el domingo 5 en los estudios del diario opositor El Comercio, con los ocho candidatos y transmitido por m\u00e1s de 200 medios en el pa\u00eds y en el exterior, tuvo muy poco rating y menor repercusi\u00f3n. En las casas y cantinas, la gente prefiri\u00f3 mirar el Super Bowl o alguno de los tantos canales de novelas que ofrece la televisi\u00f3n ecuatoriana.<\/p>\n<p>Y las encuestas efectivamente reflejan este mismo panorama. Todas, sin exclusi\u00f3n, dan por ganadora la f\u00f3rmula oficialista compuesta por dos ex vice-presidentes de Correa, Lenin Moreno y Jorge Glas, seguidos por el ex banquero Guillermo Lasso y la democristiana Cynthia Viteri. Pero tambi\u00e9n todas coinciden en que a\u00fan a una semana de las elecciones, el n\u00famero de indecisos es alt\u00edsimo, entre el 20 y el 30% seg\u00fan la fuente. A\u00fan m\u00e1s aguerrida ser\u00e1 la elecci\u00f3n de los 137 miembros de la Asamblea Nacional, de cuyo control depende la continuidad de buena parte de las pol\u00edticas impulsadas por el actual gobierno, en un pa\u00eds donde los l\u00edderes locales cuentan con m\u00e1s influencia que las figuras nacionales. Este escenario favorece claramente a la oposici\u00f3n, ya que de no llegar al 40% de los votos, con un 10 de diferencia con el segundo, Lenin Moreno se ver\u00eda obligado a enfrentar una segunda vuelta, donde podr\u00eda pesar la capacidad aglutinadora de la gen\u00e9rica consigna del \u201ccambio\u201d en favor de la oposici\u00f3n. De all\u00ed que el segundo cantito del repertorio de las mujeres frente al palacio de Carondelet fuera \u201cen una sola vuelta, Lenin presidente\u201d.<\/p>\n<p><strong>Viejas consignas en nuevos escenarios<\/strong><\/p>\n<p>Que los locales no rebalsen de agitadas discusiones pol\u00edticas no significa que la campa\u00f1a electoral sea silenciosa u oculta. Por el contrario, en las calles del Ecuador son m\u00e1s que visibles los apoyos que la poblaci\u00f3n expresa hacia tal o cual candidato. Los comerciantes exhiben sin miedo fotograf\u00edas del candidato que van a votar y monta\u00f1itas de volantes proselitistas al lado de la caja registradora. Autos, camionetas y hasta autobuses de larga distancia llevan consignas electorales de tal o cual partido en su luneta trasera. Las 4\u00d74 cargadas de parlantes difunden hasta en el m\u00e1s rec\u00f3ndito pueblito de monta\u00f1a las consignas partidistas. Los opositores machacan sobre la letan\u00eda ya conocida en otras partes de Am\u00e9rica Latina, basada en la denuncia de la corrupci\u00f3n, la crispaci\u00f3n social a causa de la pol\u00edtica y la inseguridad, remarcando siempre la palabra Cambio. Los oficialistas, conscientes de que los casos de corrupci\u00f3n descubiertos en los \u00faltimos meses debilitan la campa\u00f1a de Lenin, insisten en la transparencia de la continuidad que se viene.<br \/>\nLa carta de la corrupci\u00f3n es, efectivamente, la que m\u00e1s r\u00e9dito le est\u00e1 dando hoy al amplio arco opositor. Desde el caso Oderbrecht, que involucra a 35,5 millones de d\u00f3lares repartidos entre funcionarios ecuatorianos desde 2006, pasando por las sospechas sobre coimas en Petroecuador -ventiladas por un ex ministro de Correa desde el exterior- y hasta el uso y las deudas de los fondos de la seguridad social, la prensa y la oposici\u00f3n han insistido sistem\u00e1ticamente en fomentar las dudas sobre la legitimidad de las acciones de gobierno. Pero m\u00e1s que para el molino de la derecha, esta campa\u00f1a de desprestigio parece engordar al ya enorme ej\u00e9rcito de los indecisos. \u201cYa decid\u00ed que no voy a volver a votar a los de Correa. Son demasiado corruptos\u201d, confiesa Marianela, joven due\u00f1a de un hostal en la costa. \u201cPero del otro lado est\u00e1 el banquero, que no se si no es lo mismo\u201d.<\/p>\n<p>Guillermo Lasso es el candidato con mayores chances de enfrentar a Lenin Moreno en una posible segunda vuelta. Descendiente de una tradicional familia de poder en Ecuador, es el presidente ejecutivo del Banco Guayaquil y fue Superministro de Econom\u00eda y Energ\u00eda en el gobierno de Jamil Mahuad -quien lo hab\u00eda nombrado Gobernador de la Provincia del Guayas un a\u00f1o antes- entre agosto y septiembre de 1999, que invent\u00f3 ese cargo para enfrentar la grav\u00edsima crisis financiera que viv\u00eda el pa\u00eds. Esa situaci\u00f3n deriv\u00f3 en el famoso \u201cferiado bancario\u201d del 99, en la que se suspendieron las actividades financieras durante cinco d\u00edas, se declar\u00f3 la quiebra de varios bancos y se trasladaron todos los costos del rescate al Estado, que suprimi\u00f3 gastos sociales y congel\u00f3 los dep\u00f3sitos de la poblaci\u00f3n. Una crisis social de enormes dimensiones -que, a la larga, confluy\u00f3 en la dolarizaci\u00f3n del sistema monetario ecuatoriano- provocada en buena medida por las pol\u00edticas de liberalizaci\u00f3n y flexibilizaci\u00f3n que el mismo Lasso propone en su campa\u00f1a.<\/p>\n<p><strong>El Ecuador de Correa y el de Lenin<\/strong><\/p>\n<p>Pero si de calles se trata, el oficialismo tiene una carta inmejorable: los miles de kil\u00f3metros de rutas y modernas autopistas trazadas bajo el gobierno de Correa en todo el pa\u00eds se han convertido en un s\u00edmbolo del cambio que Alianza PAIS ha generado en los \u00faltimos diez a\u00f1os de gobierno. Entre 2006 y 2016 el Ecuador ha crecido a un ritmo del 3,8% anual con picos de m\u00e1s del 7% en 2007. Con una mezcla de reforma del modelo productivo, incentivos al consumo, mejora de la distribuci\u00f3n de la riqueza y, especialmente, gracias a los altos precios del petroleo para la exportaci\u00f3n, el gobierno ecuatoriano ha logrado modificar sensiblemente las condiciones de vida de la poblaci\u00f3n y mejorar los servicios p\u00fablicos. Las terminales de autobus de las principales ciudades, limpias, nuevas y funcionales, son un emblema arquitect\u00f3nico de la modernizaci\u00f3n implementada en la \u00faltima d\u00e9cada, al igual que los nuevos hospitales y las salas de primeros auxilios. Los datos macroecon\u00f3micos confirman que los sectores de mayor inversi\u00f3n en los \u00faltimos a\u00f1os fueron los de Ense\u00f1anza y Servicios Sociales y de Salud, Refinaci\u00f3n de petr\u00f3leo y Suministro de electricidad y agua, que sumados a las obras de infraestructura vial dan un panorama relativamente completo de lo que la Revoluci\u00f3n Ciudadana llev\u00f3 a cabo en los \u00faltimos diez a\u00f1os. Y estas pol\u00edticas p\u00fablicas tuvieron claramente su correlato pol\u00edtico. El de Correa es el primer gobierno, desde el retorno a la democracia en 1979, que logra una reelecci\u00f3n y ya se convirti\u00f3 en el m\u00e1s largo de la historia del Ecuador. Desde 1996 ning\u00fan presidente ecuatoriano hab\u00eda logrado terminar su mandato, y Correa est\u00e1 a punto de concluir el segundo. Esta estabilidad, impensada en la vida pol\u00edtica del pa\u00eds, es seguramente un punto a favor de la \u201ccontinuidad con cambios\u201d que plantea el actual candidato oficialista.<\/p>\n<p>Lenin Moreno es quiz\u00e1s uno de los mejores representantes del proceso pol\u00edtico que vivi\u00f3 Alianza PAIS en los \u00faltimos a\u00f1os. Peque\u00f1o empresario ligado a la industria del turismo perdi\u00f3 la movilidad de sus piernas tras un asalto en 1998, y comenz\u00f3 una larga trayectoria como motivador y activista de los derechos de las personas con discapacidad. Fue vice presidente de Correa desde 2007 hasta en 2013, cuando acept\u00f3 el cargo de Enviado Especial del Secretario General de las Naciones Unidas sobre Discapacidad y Accesibilidad que le propuso el ex secretario general de la ONU Ban Ki-Moon. Se fue a Ginebra dejando una aceptaci\u00f3n superior al 80% en su pa\u00eds, motivo por el cual su partido le propuso la candidatura a presidente. Dentro de Alianza PAIS, Lenin representa un sector que sostiene la necesidad de morigerar los t\u00e9rminos de la disputa con la oposici\u00f3n, permitir un mayor di\u00e1logo con diferentes sectores sociales, sin modificar estructuralmente el modelo econ\u00f3mico que se ha mantenido hasta la actualidad. Una propuesta que cosecha -por afinidad o por necesidad- la adhesi\u00f3n de la inmensa mayor\u00eda del partido, y que tambi\u00e9n abre el interrogante en torno a la figura de Correa como dirigente pol\u00edtico en el futuro pr\u00f3ximo de su pa\u00eds. Lo que queda claro es que, de ser elegido, Lenin tendr\u00e1 que apelar a nuevas recetas econ\u00f3mico-sociales sin perder la impronta progresista, si quiere salir de la recesi\u00f3n en la que entr\u00f3 el pa\u00eds desde 2016. La ca\u00edda del precio del petr\u00f3leo y los alimentos -Ecuador es uno de los mayores exportadores de camar\u00f3n, pl\u00e1tano y flores del mundo- y cierto estancamiento en la inversi\u00f3n y la producci\u00f3n -generado tambi\u00e9n por la expectativa de los resultados electorales- han frenado bruscamente el crecimiento ecuatoriano. A eso se le suma la oposici\u00f3n ya expl\u00edcita de buena parte de los movimientos sociales y populares que llevaron al correismo al poder, y se vieron desplazados o hasta combatidos por las instituciones estatales y las decisiones econ\u00f3micas del gobierno.<\/p>\n<p><strong>Un conflicto visible<\/strong><\/p>\n<p>El viaje por las carreteras del Ecuador regala en \u00e9poca pre-electoral todo tipo de instant\u00e1neas, adem\u00e1s de hermosos paisajes de la selva oriental, la sierra central o la costa occidental, las tres grandes regiones en las que se divide el pa\u00eds. Carteles de todo tipo y tama\u00f1o, pintadas en las paredes al costado de las rutas -muy prolijas y claras por cierto- son visibles pr\u00e1cticamente en cualquier parte del pa\u00eds, pero lo que llama la atenci\u00f3n son las banderas. En los balcones, en las ventanas, en los techos de las casas es posible ver peque\u00f1as banderas flameando, que representan tal o cual partido: verdes las de Lenin, blancas las de Lasso. Los colores de las banderas tambi\u00e9n parecen indicar, a veces, el sector social mayoritario del lugar en el que se est\u00e1 viajando. Hay una bandera, en particular que da esa sensaci\u00f3n: la bandera de los colores del arco iris. En las calles del norte de Ambato, en la sierra central, donde el uniforme de la escuela es un poncho negro sobre camisa blanca, y las cholas llevan a sus hijos envueltos en mantas de colores en sus espaldas, las banderas de los colores del arco iris son mayor\u00eda. Lo mismo sucede en Otavalo, a dos horas al norte de Quito, en cuyas plazas casi s\u00f3lo se escucha hablar quichua y en las calles el pueblo muestra todos los d\u00edas los hermosos atuendos tradicionales que lo han hecho famoso en todo el mundo. Son las banderas del Movimiento de Unidad Plurinacional Pachakutik, que junto con la Confederaci\u00f3n de Nacionalidades Ind\u00edgenas del Ecuador (CONAIE) y la Confederaci\u00f3n de Pueblos de la Nacionalidad Kichwa del Ecuador (ECUARUNARI) representan las organizaciones m\u00e1s s\u00f3lidas de los pueblos originarios. Pachakutik logr\u00f3 cierto crecimiento electoral en los \u00faltimos a\u00f1os, especialmente luego de tomar una postura claramente opositora tras el conflicto con Correa por la explotaci\u00f3n petrolera de la reserva del Yasuni. La organizaci\u00f3n ind\u00edgena tiene una clara y masiva presencia territorial en el oriente y centro del pa\u00eds, y son los principales luchadores contra el modelo extractivista que impulsa el gobierno central. Protagonizaron, junto con otros movimientos populares, los paros generales de 2015 y 2016, las largas marchas por la dignidad ind\u00edgena y hasta enfrentamientos con las fuerzas de seguridad en las protestas contra el hambre de su pueblo y el acoso a sus territorios. Actualmente llevan adelante sendas protestas contra la concesi\u00f3n minera a empresas chinas que amenaza con desalojar al pueblo Shuar en el oriente del pa\u00eds. Si bien han tenido hist\u00f3ricamente posiciones ligadas a la izquierda anticapitalista, la conversi\u00f3n del correismo en el centro del debate pol\u00edtico ecuatoriano deriv\u00f3 en la conformaci\u00f3n de alianzas con sectores de oposici\u00f3n que no pertenecer\u00edan a priori a su arco natural de alianzas. As\u00ed, en estas elecciones los votos de las banderas arco iris ir\u00e1n al Acuerdo Nacional por el Cambio, conformado por Unidad Popular e Izquierda Democr\u00e1tica, adem\u00e1s del Pachakutik, y que tiene como candidato a presidente al ex Jefe Del Comando Conjunto de las Fuerzas Armadas y ex alcalde de Quito, Paco Moncayo.<\/p>\n<p>El paulatino alejamiento del movimiento gobernante de las bases que lo han llevado al poder es claro, y es uno de los temas de debate -y autocr\u00edtica- interno al gobierno y sus simpatizantes. En una de las tantas cartas que Lenin dirigi\u00f3 a la Secretaria Ejecutiva de Alianza PAIS el 30 de marzo de 2016, el actual candidato presidencial hac\u00eda una clara autocr\u00edtica al respecto y se preguntaba: \u201c\u00bfQu\u00e9 nos ha alejado de algunas organizaciones de mujeres? \u00bfQu\u00e9 nos ha alejado de sectores del Movimiento Ind\u00edgena? \u00bfQu\u00e9 nos ha alejado de algunos sectores de organizaciones ecologistas?\u201d. El modelo extractivista, la posici\u00f3n fuertemente anti-abortista de Correa y parte de la dirigencia del partido, cierto verticalismo institucionalista y las denuncias por favoritismos y corrupci\u00f3n han, efectivamente, alejado a buena parte de las organizaciones sociales del gobierno ecuatoriano. Una ruptura clara y justificada, que sin embargo ante un escenario electoral incierto, podr\u00eda costar caro al progresismo latinoamericano.<\/p>\n","protected":false},"excerpt":{"rendered":"<p>Por Federico Larsen \u201cNo le des con palo, no le des con piedra, dale con Correa, para que les duela\u201d, entonaba un grupo de mujeres frente al palacio presidencial a poco menos de una semana de las elecciones generales ecuatorianas.&hellip;<\/p>\n","protected":false},"author":1075,"featured_media":433007,"comment_status":"closed","ping_status":"closed","sticky":false,"template":"","format":"standard","meta":{"footnotes":""},"categories":[161,74,67],"tags":[696,403,34861,29710],"class_list":["post-433006","post","type-post","status-publish","format-standard","has-post-thumbnail","hentry","category-opiniones","category-politica-es","category-sudamerica","tag-democracia","tag-elecciones","tag-lenin-moreno","tag-presidente-rafael-correa"],"yoast_head":"<!-- This site is optimized with the Yoast SEO plugin v27.1.1 - https:\/\/yoast.com\/product\/yoast-seo-wordpress\/ -->\n<title>Cr\u00f3nica desde las calles del Ecuador en campa\u00f1a<\/title>\n<meta name=\"description\" content=\"Por Federico Larsen \u201cNo le des con palo, no le des con piedra, dale con Correa, para que les duela\u201d, entonaba un grupo de mujeres frente al palacio\" \/>\n<meta name=\"robots\" content=\"index, follow, max-snippet:-1, max-image-preview:large, max-video-preview:-1\" \/>\n<link rel=\"canonical\" href=\"https:\/\/www.pressenza.com\/es\/2017\/02\/cronica-desde-las-calles-del-ecuador-campana\/\" \/>\n<meta property=\"og:locale\" content=\"es_ES\" \/>\n<meta property=\"og:type\" content=\"article\" \/>\n<meta property=\"og:title\" content=\"Cr\u00f3nica desde las calles del Ecuador en campa\u00f1a\" \/>\n<meta property=\"og:description\" content=\"Por Federico Larsen \u201cNo le des con palo, no le des con piedra, dale con Correa, para que les duela\u201d, entonaba un grupo de mujeres frente al palacio\" \/>\n<meta property=\"og:url\" content=\"https:\/\/www.pressenza.com\/es\/2017\/02\/cronica-desde-las-calles-del-ecuador-campana\/\" \/>\n<meta property=\"og:site_name\" content=\"Pressenza\" \/>\n<meta property=\"article:publisher\" content=\"https:\/\/www.facebook.com\/PressenzaItalia\" \/>\n<meta property=\"article:author\" content=\"https:\/\/www.facebook.com\/pages\/NODAL\/504497112975235\" \/>\n<meta property=\"article:published_time\" content=\"2017-02-17T12:34:17+00:00\" \/>\n<meta property=\"article:modified_time\" content=\"2017-02-17T12:37:27+00:00\" \/>\n<meta property=\"og:image\" content=\"https:\/\/www.pressenza.com\/wp-content\/uploads\/2017\/02\/ecua.jpg\" \/>\n\t<meta property=\"og:image:width\" content=\"600\" \/>\n\t<meta property=\"og:image:height\" content=\"350\" \/>\n\t<meta property=\"og:image:type\" content=\"image\/jpeg\" \/>\n<meta name=\"author\" content=\"Noticias de Am\u00e9rica Latina y el Caribe\" \/>\n<meta name=\"twitter:card\" content=\"summary_large_image\" \/>\n<meta name=\"twitter:creator\" content=\"@infoNodal\" \/>\n<meta name=\"twitter:site\" content=\"@PressenzaIPA\" \/>\n<meta name=\"twitter:label1\" content=\"Escrito por\" \/>\n\t<meta name=\"twitter:data1\" content=\"Noticias de Am\u00e9rica Latina y el Caribe\" \/>\n\t<meta name=\"twitter:label2\" content=\"Tiempo de lectura\" \/>\n\t<meta name=\"twitter:data2\" content=\"12 minutos\" \/>\n<script type=\"application\/ld+json\" class=\"yoast-schema-graph\">{\"@context\":\"https:\/\/schema.org\",\"@graph\":[{\"@type\":\"Article\",\"@id\":\"https:\/\/www.pressenza.com\/es\/2017\/02\/cronica-desde-las-calles-del-ecuador-campana\/#article\",\"isPartOf\":{\"@id\":\"https:\/\/www.pressenza.com\/es\/2017\/02\/cronica-desde-las-calles-del-ecuador-campana\/\"},\"author\":{\"name\":\"Noticias de Am\u00e9rica Latina y el Caribe\",\"@id\":\"https:\/\/www.pressenza.com\/es\/#\/schema\/person\/2589ceb48064b9d4249652e5d275a2ec\"},\"headline\":\"Cr\u00f3nica desde las calles del Ecuador en campa\u00f1a\",\"datePublished\":\"2017-02-17T12:34:17+00:00\",\"dateModified\":\"2017-02-17T12:37:27+00:00\",\"mainEntityOfPage\":{\"@id\":\"https:\/\/www.pressenza.com\/es\/2017\/02\/cronica-desde-las-calles-del-ecuador-campana\/\"},\"wordCount\":2431,\"publisher\":{\"@id\":\"https:\/\/www.pressenza.com\/es\/#organization\"},\"image\":{\"@id\":\"https:\/\/www.pressenza.com\/es\/2017\/02\/cronica-desde-las-calles-del-ecuador-campana\/#primaryimage\"},\"thumbnailUrl\":\"https:\/\/www.pressenza.com\/wp-content\/uploads\/2017\/02\/ecua.jpg\",\"keywords\":[\"Democracia\",\"elecciones\",\"Lenin Moreno\",\"Presidente Rafael Correa\"],\"articleSection\":[\"Opiniones\",\"Pol\u00edtica\",\"Sudam\u00e9rica\"],\"inLanguage\":\"es\"},{\"@type\":\"WebPage\",\"@id\":\"https:\/\/www.pressenza.com\/es\/2017\/02\/cronica-desde-las-calles-del-ecuador-campana\/\",\"url\":\"https:\/\/www.pressenza.com\/es\/2017\/02\/cronica-desde-las-calles-del-ecuador-campana\/\",\"name\":\"Cr\u00f3nica desde las calles del Ecuador en campa\u00f1a\",\"isPartOf\":{\"@id\":\"https:\/\/www.pressenza.com\/es\/#website\"},\"primaryImageOfPage\":{\"@id\":\"https:\/\/www.pressenza.com\/es\/2017\/02\/cronica-desde-las-calles-del-ecuador-campana\/#primaryimage\"},\"image\":{\"@id\":\"https:\/\/www.pressenza.com\/es\/2017\/02\/cronica-desde-las-calles-del-ecuador-campana\/#primaryimage\"},\"thumbnailUrl\":\"https:\/\/www.pressenza.com\/wp-content\/uploads\/2017\/02\/ecua.jpg\",\"datePublished\":\"2017-02-17T12:34:17+00:00\",\"dateModified\":\"2017-02-17T12:37:27+00:00\",\"description\":\"Por Federico Larsen \u201cNo le des con palo, no le des con piedra, dale con Correa, para que les duela\u201d, entonaba un grupo de mujeres frente al palacio\",\"breadcrumb\":{\"@id\":\"https:\/\/www.pressenza.com\/es\/2017\/02\/cronica-desde-las-calles-del-ecuador-campana\/#breadcrumb\"},\"inLanguage\":\"es\",\"potentialAction\":[{\"@type\":\"ReadAction\",\"target\":[\"https:\/\/www.pressenza.com\/es\/2017\/02\/cronica-desde-las-calles-del-ecuador-campana\/\"]}]},{\"@type\":\"ImageObject\",\"inLanguage\":\"es\",\"@id\":\"https:\/\/www.pressenza.com\/es\/2017\/02\/cronica-desde-las-calles-del-ecuador-campana\/#primaryimage\",\"url\":\"https:\/\/www.pressenza.com\/wp-content\/uploads\/2017\/02\/ecua.jpg\",\"contentUrl\":\"https:\/\/www.pressenza.com\/wp-content\/uploads\/2017\/02\/ecua.jpg\",\"width\":600,\"height\":350},{\"@type\":\"BreadcrumbList\",\"@id\":\"https:\/\/www.pressenza.com\/es\/2017\/02\/cronica-desde-las-calles-del-ecuador-campana\/#breadcrumb\",\"itemListElement\":[{\"@type\":\"ListItem\",\"position\":1,\"name\":\"Accueil\",\"item\":\"https:\/\/www.pressenza.com\/es\/\"},{\"@type\":\"ListItem\",\"position\":2,\"name\":\"Cr\u00f3nica desde las calles del Ecuador en campa\u00f1a\"}]},{\"@type\":\"WebSite\",\"@id\":\"https:\/\/www.pressenza.com\/es\/#website\",\"url\":\"https:\/\/www.pressenza.com\/es\/\",\"name\":\"Pressenza\",\"description\":\"International Press Agency\",\"publisher\":{\"@id\":\"https:\/\/www.pressenza.com\/es\/#organization\"},\"potentialAction\":[{\"@type\":\"SearchAction\",\"target\":{\"@type\":\"EntryPoint\",\"urlTemplate\":\"https:\/\/www.pressenza.com\/es\/?s={search_term_string}\"},\"query-input\":{\"@type\":\"PropertyValueSpecification\",\"valueRequired\":true,\"valueName\":\"search_term_string\"}}],\"inLanguage\":\"es\"},{\"@type\":\"Organization\",\"@id\":\"https:\/\/www.pressenza.com\/es\/#organization\",\"name\":\"Pressenza\",\"url\":\"https:\/\/www.pressenza.com\/es\/\",\"logo\":{\"@type\":\"ImageObject\",\"inLanguage\":\"es\",\"@id\":\"https:\/\/www.pressenza.com\/es\/#\/schema\/logo\/image\/\",\"url\":\"https:\/\/www.pressenza.com\/wp-content\/uploads\/2022\/10\/pressenza_logo_200x200.jpg\",\"contentUrl\":\"https:\/\/www.pressenza.com\/wp-content\/uploads\/2022\/10\/pressenza_logo_200x200.jpg\",\"width\":200,\"height\":200,\"caption\":\"Pressenza\"},\"image\":{\"@id\":\"https:\/\/www.pressenza.com\/es\/#\/schema\/logo\/image\/\"},\"sameAs\":[\"https:\/\/www.facebook.com\/PressenzaItalia\",\"https:\/\/x.com\/PressenzaIPA\"]},{\"@type\":\"Person\",\"@id\":\"https:\/\/www.pressenza.com\/es\/#\/schema\/person\/2589ceb48064b9d4249652e5d275a2ec\",\"name\":\"Noticias de Am\u00e9rica Latina y el Caribe\",\"description\":\"Primer portal de noticias de Am\u00e9rica Latina y el Caribe. Director: Pedro Brieger Con el apoyo de la Fundaci\u00f3n para la Integraci\u00f3n Latinoamericana (FILA) www.nodal.am\",\"sameAs\":[\"https:\/\/www.facebook.com\/pages\/NODAL\/504497112975235\",\"https:\/\/x.com\/infoNodal\"],\"url\":\"https:\/\/www.pressenza.com\/es\/author\/nodal\/\"}]}<\/script>\n<!-- \/ Yoast SEO plugin. -->","yoast_head_json":{"title":"Cr\u00f3nica desde las calles del Ecuador en campa\u00f1a","description":"Por Federico Larsen \u201cNo le des con palo, no le des con piedra, dale con Correa, para que les duela\u201d, entonaba un grupo de mujeres frente al palacio","robots":{"index":"index","follow":"follow","max-snippet":"max-snippet:-1","max-image-preview":"max-image-preview:large","max-video-preview":"max-video-preview:-1"},"canonical":"https:\/\/www.pressenza.com\/es\/2017\/02\/cronica-desde-las-calles-del-ecuador-campana\/","og_locale":"es_ES","og_type":"article","og_title":"Cr\u00f3nica desde las calles del Ecuador en campa\u00f1a","og_description":"Por Federico Larsen \u201cNo le des con palo, no le des con piedra, dale con Correa, para que les duela\u201d, entonaba un grupo de mujeres frente al palacio","og_url":"https:\/\/www.pressenza.com\/es\/2017\/02\/cronica-desde-las-calles-del-ecuador-campana\/","og_site_name":"Pressenza","article_publisher":"https:\/\/www.facebook.com\/PressenzaItalia","article_author":"https:\/\/www.facebook.com\/pages\/NODAL\/504497112975235","article_published_time":"2017-02-17T12:34:17+00:00","article_modified_time":"2017-02-17T12:37:27+00:00","og_image":[{"width":600,"height":350,"url":"https:\/\/www.pressenza.com\/wp-content\/uploads\/2017\/02\/ecua.jpg","type":"image\/jpeg"}],"author":"Noticias de Am\u00e9rica Latina y el Caribe","twitter_card":"summary_large_image","twitter_creator":"@infoNodal","twitter_site":"@PressenzaIPA","twitter_misc":{"Escrito por":"Noticias de Am\u00e9rica Latina y el Caribe","Tiempo de lectura":"12 minutos"},"schema":{"@context":"https:\/\/schema.org","@graph":[{"@type":"Article","@id":"https:\/\/www.pressenza.com\/es\/2017\/02\/cronica-desde-las-calles-del-ecuador-campana\/#article","isPartOf":{"@id":"https:\/\/www.pressenza.com\/es\/2017\/02\/cronica-desde-las-calles-del-ecuador-campana\/"},"author":{"name":"Noticias de Am\u00e9rica Latina y el Caribe","@id":"https:\/\/www.pressenza.com\/es\/#\/schema\/person\/2589ceb48064b9d4249652e5d275a2ec"},"headline":"Cr\u00f3nica desde las calles del Ecuador en campa\u00f1a","datePublished":"2017-02-17T12:34:17+00:00","dateModified":"2017-02-17T12:37:27+00:00","mainEntityOfPage":{"@id":"https:\/\/www.pressenza.com\/es\/2017\/02\/cronica-desde-las-calles-del-ecuador-campana\/"},"wordCount":2431,"publisher":{"@id":"https:\/\/www.pressenza.com\/es\/#organization"},"image":{"@id":"https:\/\/www.pressenza.com\/es\/2017\/02\/cronica-desde-las-calles-del-ecuador-campana\/#primaryimage"},"thumbnailUrl":"https:\/\/www.pressenza.com\/wp-content\/uploads\/2017\/02\/ecua.jpg","keywords":["Democracia","elecciones","Lenin Moreno","Presidente Rafael Correa"],"articleSection":["Opiniones","Pol\u00edtica","Sudam\u00e9rica"],"inLanguage":"es"},{"@type":"WebPage","@id":"https:\/\/www.pressenza.com\/es\/2017\/02\/cronica-desde-las-calles-del-ecuador-campana\/","url":"https:\/\/www.pressenza.com\/es\/2017\/02\/cronica-desde-las-calles-del-ecuador-campana\/","name":"Cr\u00f3nica desde las calles del Ecuador en campa\u00f1a","isPartOf":{"@id":"https:\/\/www.pressenza.com\/es\/#website"},"primaryImageOfPage":{"@id":"https:\/\/www.pressenza.com\/es\/2017\/02\/cronica-desde-las-calles-del-ecuador-campana\/#primaryimage"},"image":{"@id":"https:\/\/www.pressenza.com\/es\/2017\/02\/cronica-desde-las-calles-del-ecuador-campana\/#primaryimage"},"thumbnailUrl":"https:\/\/www.pressenza.com\/wp-content\/uploads\/2017\/02\/ecua.jpg","datePublished":"2017-02-17T12:34:17+00:00","dateModified":"2017-02-17T12:37:27+00:00","description":"Por Federico Larsen \u201cNo le des con palo, no le des con piedra, dale con Correa, para que les duela\u201d, entonaba un grupo de mujeres frente al palacio","breadcrumb":{"@id":"https:\/\/www.pressenza.com\/es\/2017\/02\/cronica-desde-las-calles-del-ecuador-campana\/#breadcrumb"},"inLanguage":"es","potentialAction":[{"@type":"ReadAction","target":["https:\/\/www.pressenza.com\/es\/2017\/02\/cronica-desde-las-calles-del-ecuador-campana\/"]}]},{"@type":"ImageObject","inLanguage":"es","@id":"https:\/\/www.pressenza.com\/es\/2017\/02\/cronica-desde-las-calles-del-ecuador-campana\/#primaryimage","url":"https:\/\/www.pressenza.com\/wp-content\/uploads\/2017\/02\/ecua.jpg","contentUrl":"https:\/\/www.pressenza.com\/wp-content\/uploads\/2017\/02\/ecua.jpg","width":600,"height":350},{"@type":"BreadcrumbList","@id":"https:\/\/www.pressenza.com\/es\/2017\/02\/cronica-desde-las-calles-del-ecuador-campana\/#breadcrumb","itemListElement":[{"@type":"ListItem","position":1,"name":"Accueil","item":"https:\/\/www.pressenza.com\/es\/"},{"@type":"ListItem","position":2,"name":"Cr\u00f3nica desde las calles del Ecuador en campa\u00f1a"}]},{"@type":"WebSite","@id":"https:\/\/www.pressenza.com\/es\/#website","url":"https:\/\/www.pressenza.com\/es\/","name":"Pressenza","description":"International Press Agency","publisher":{"@id":"https:\/\/www.pressenza.com\/es\/#organization"},"potentialAction":[{"@type":"SearchAction","target":{"@type":"EntryPoint","urlTemplate":"https:\/\/www.pressenza.com\/es\/?s={search_term_string}"},"query-input":{"@type":"PropertyValueSpecification","valueRequired":true,"valueName":"search_term_string"}}],"inLanguage":"es"},{"@type":"Organization","@id":"https:\/\/www.pressenza.com\/es\/#organization","name":"Pressenza","url":"https:\/\/www.pressenza.com\/es\/","logo":{"@type":"ImageObject","inLanguage":"es","@id":"https:\/\/www.pressenza.com\/es\/#\/schema\/logo\/image\/","url":"https:\/\/www.pressenza.com\/wp-content\/uploads\/2022\/10\/pressenza_logo_200x200.jpg","contentUrl":"https:\/\/www.pressenza.com\/wp-content\/uploads\/2022\/10\/pressenza_logo_200x200.jpg","width":200,"height":200,"caption":"Pressenza"},"image":{"@id":"https:\/\/www.pressenza.com\/es\/#\/schema\/logo\/image\/"},"sameAs":["https:\/\/www.facebook.com\/PressenzaItalia","https:\/\/x.com\/PressenzaIPA"]},{"@type":"Person","@id":"https:\/\/www.pressenza.com\/es\/#\/schema\/person\/2589ceb48064b9d4249652e5d275a2ec","name":"Noticias de Am\u00e9rica Latina y el Caribe","description":"Primer portal de noticias de Am\u00e9rica Latina y el Caribe. Director: Pedro Brieger Con el apoyo de la Fundaci\u00f3n para la Integraci\u00f3n Latinoamericana (FILA) www.nodal.am","sameAs":["https:\/\/www.facebook.com\/pages\/NODAL\/504497112975235","https:\/\/x.com\/infoNodal"],"url":"https:\/\/www.pressenza.com\/es\/author\/nodal\/"}]}},"place":"Buenos Aires, Argentina","original_article_url":"","_links":{"self":[{"href":"https:\/\/www.pressenza.com\/es\/wp-json\/wp\/v2\/posts\/433006","targetHints":{"allow":["GET"]}}],"collection":[{"href":"https:\/\/www.pressenza.com\/es\/wp-json\/wp\/v2\/posts"}],"about":[{"href":"https:\/\/www.pressenza.com\/es\/wp-json\/wp\/v2\/types\/post"}],"author":[{"embeddable":true,"href":"https:\/\/www.pressenza.com\/es\/wp-json\/wp\/v2\/users\/1075"}],"replies":[{"embeddable":true,"href":"https:\/\/www.pressenza.com\/es\/wp-json\/wp\/v2\/comments?post=433006"}],"version-history":[{"count":0,"href":"https:\/\/www.pressenza.com\/es\/wp-json\/wp\/v2\/posts\/433006\/revisions"}],"wp:featuredmedia":[{"embeddable":true,"href":"https:\/\/www.pressenza.com\/es\/wp-json\/wp\/v2\/media\/433007"}],"wp:attachment":[{"href":"https:\/\/www.pressenza.com\/es\/wp-json\/wp\/v2\/media?parent=433006"}],"wp:term":[{"taxonomy":"category","embeddable":true,"href":"https:\/\/www.pressenza.com\/es\/wp-json\/wp\/v2\/categories?post=433006"},{"taxonomy":"post_tag","embeddable":true,"href":"https:\/\/www.pressenza.com\/es\/wp-json\/wp\/v2\/tags?post=433006"}],"curies":[{"name":"wp","href":"https:\/\/api.w.org\/{rel}","templated":true}]}}