{"id":431841,"date":"2017-02-13T21:11:39","date_gmt":"2017-02-13T21:11:39","guid":{"rendered":"https:\/\/www.pressenza.com\/?p=431841\/"},"modified":"2017-02-13T21:11:39","modified_gmt":"2017-02-13T21:11:39","slug":"pie-valla-ahora-barcelona","status":"publish","type":"post","link":"https:\/\/www.pressenza.com\/es\/2017\/02\/pie-valla-ahora-barcelona\/","title":{"rendered":"\u00abA pie de valla\u00bb ahora en Barcelona"},"content":{"rendered":"<p>El d\u00eda 22 de febrero se inaugurar\u00e1 la exposici\u00f3n \u00ab<strong>A pie de valla<\/strong>\u00bb de nuestro compa\u00f1ero <strong>Antonio Sempere<\/strong> en Barcelona. Ser\u00e1 en el Centro C\u00edvico Pati Limona y durar\u00e1 hasta el 15 de marzo.<\/p>\n","protected":false},"excerpt":{"rendered":"<p>El d\u00eda 22 de febrero se inaugurar\u00e1 la exposici\u00f3n \u00abA pie de valla\u00bb de nuestro compa\u00f1ero Antonio Sempere en Barcelona. Ser\u00e1 en el Centro C\u00edvico Pati Limona y durar\u00e1 hasta el 15 de marzo.<\/p>\n","protected":false},"author":94,"featured_media":431842,"comment_status":"closed","ping_status":"closed","sticky":false,"template":"","format":"standard","meta":{"footnotes":""},"categories":[149,79,39],"tags":[34975,15538,34976,1065,1689,12953,34731,15715,1211,1667,23805],"class_list":["post-431841","post","type-post","status-publish","format-standard","has-post-thumbnail","hentry","category-comunicados-de-prensa","category-derechos-humanos","category-internacional","tag-antonio-sempere","tag-ceuta","tag-cuidando","tag-espana","tag-fotografia","tag-fotografia-es","tag-frontera-sur","tag-migracion","tag-pressenza-2","tag-pressenza-es","tag-valla"],"yoast_head":"<!-- This site is optimized with the Yoast SEO plugin v27.1.1 - https:\/\/yoast.com\/product\/yoast-seo-wordpress\/ -->\n<title>&quot;A pie de valla&quot; ahora en Barcelona<\/title>\n<meta name=\"description\" content=\"El d\u00eda 22 de febrero se inaugurar\u00e1 la exposici\u00f3n &quot;A pie de valla&quot; de nuestro compa\u00f1ero Antonio Sempere en Barcelona. Ser\u00e1 en el Centro C\u00edvico Pati Limona\" \/>\n<meta name=\"robots\" content=\"index, follow, max-snippet:-1, max-image-preview:large, max-video-preview:-1\" \/>\n<link rel=\"canonical\" href=\"https:\/\/www.pressenza.com\/es\/2017\/02\/pie-valla-ahora-barcelona\/\" \/>\n<meta property=\"og:locale\" content=\"es_ES\" \/>\n<meta property=\"og:type\" content=\"article\" \/>\n<meta property=\"og:title\" content=\"&quot;A pie de valla&quot; ahora en Barcelona\" \/>\n<meta property=\"og:description\" content=\"El d\u00eda 22 de febrero se inaugurar\u00e1 la exposici\u00f3n &quot;A pie de valla&quot; de nuestro compa\u00f1ero Antonio Sempere en Barcelona. Ser\u00e1 en el Centro C\u00edvico Pati Limona\" \/>\n<meta property=\"og:url\" content=\"https:\/\/www.pressenza.com\/es\/2017\/02\/pie-valla-ahora-barcelona\/\" \/>\n<meta property=\"og:site_name\" content=\"Pressenza\" \/>\n<meta property=\"article:publisher\" content=\"https:\/\/www.facebook.com\/PressenzaItalia\" \/>\n<meta property=\"article:author\" content=\"https:\/\/www.facebook.com\/pressenza\" \/>\n<meta property=\"article:published_time\" content=\"2017-02-13T21:11:39+00:00\" \/>\n<meta property=\"og:image\" content=\"https:\/\/www.pressenza.com\/wp-content\/uploads\/2017\/02\/EXPOSICION-BARCELONA.jpg\" \/>\n\t<meta property=\"og:image:width\" content=\"645\" \/>\n\t<meta property=\"og:image:height\" content=\"913\" \/>\n\t<meta property=\"og:image:type\" content=\"image\/jpeg\" \/>\n<meta name=\"author\" content=\"Redacci\u00f3n Madrid\" \/>\n<meta name=\"twitter:card\" content=\"summary_large_image\" \/>\n<meta name=\"twitter:creator\" content=\"@pressenza\" \/>\n<meta name=\"twitter:site\" content=\"@PressenzaIPA\" \/>\n<meta name=\"twitter:label1\" content=\"Escrito por\" \/>\n\t<meta name=\"twitter:data1\" content=\"Redacci\u00f3n Madrid\" \/>\n<script type=\"application\/ld+json\" class=\"yoast-schema-graph\">{\"@context\":\"https:\/\/schema.org\",\"@graph\":[{\"@type\":\"Article\",\"@id\":\"https:\/\/www.pressenza.com\/es\/2017\/02\/pie-valla-ahora-barcelona\/#article\",\"isPartOf\":{\"@id\":\"https:\/\/www.pressenza.com\/es\/2017\/02\/pie-valla-ahora-barcelona\/\"},\"author\":{\"name\":\"Redacci\u00f3n Madrid\",\"@id\":\"https:\/\/www.pressenza.com\/es\/#\/schema\/person\/828fc40eeca2ad7be3630e5a46adba94\"},\"headline\":\"\u00abA pie de valla\u00bb ahora en Barcelona\",\"datePublished\":\"2017-02-13T21:11:39+00:00\",\"mainEntityOfPage\":{\"@id\":\"https:\/\/www.pressenza.com\/es\/2017\/02\/pie-valla-ahora-barcelona\/\"},\"wordCount\":43,\"publisher\":{\"@id\":\"https:\/\/www.pressenza.com\/es\/#organization\"},\"image\":{\"@id\":\"https:\/\/www.pressenza.com\/es\/2017\/02\/pie-valla-ahora-barcelona\/#primaryimage\"},\"thumbnailUrl\":\"https:\/\/www.pressenza.com\/wp-content\/uploads\/2017\/02\/EXPOSICION-BARCELONA.jpg\",\"keywords\":[\"Antonio Sempere\",\"Ceuta\",\"Cuidando\",\"Espa\u00f1a\",\"fotografia\",\"Fotograf\u00eda\",\"frontera sur\",\"migraci\u00f3n\",\"Pressenza\",\"Pressenza\",\"valla\"],\"articleSection\":[\"Comunicados de Prensa\",\"Derechos Humanos\",\"Internacional\"],\"inLanguage\":\"es\"},{\"@type\":\"WebPage\",\"@id\":\"https:\/\/www.pressenza.com\/es\/2017\/02\/pie-valla-ahora-barcelona\/\",\"url\":\"https:\/\/www.pressenza.com\/es\/2017\/02\/pie-valla-ahora-barcelona\/\",\"name\":\"\\\"A pie de valla\\\" ahora en Barcelona\",\"isPartOf\":{\"@id\":\"https:\/\/www.pressenza.com\/es\/#website\"},\"primaryImageOfPage\":{\"@id\":\"https:\/\/www.pressenza.com\/es\/2017\/02\/pie-valla-ahora-barcelona\/#primaryimage\"},\"image\":{\"@id\":\"https:\/\/www.pressenza.com\/es\/2017\/02\/pie-valla-ahora-barcelona\/#primaryimage\"},\"thumbnailUrl\":\"https:\/\/www.pressenza.com\/wp-content\/uploads\/2017\/02\/EXPOSICION-BARCELONA.jpg\",\"datePublished\":\"2017-02-13T21:11:39+00:00\",\"description\":\"El d\u00eda 22 de febrero se inaugurar\u00e1 la exposici\u00f3n \\\"A pie de valla\\\" de nuestro compa\u00f1ero Antonio Sempere en Barcelona. Ser\u00e1 en el Centro C\u00edvico Pati Limona\",\"breadcrumb\":{\"@id\":\"https:\/\/www.pressenza.com\/es\/2017\/02\/pie-valla-ahora-barcelona\/#breadcrumb\"},\"inLanguage\":\"es\",\"potentialAction\":[{\"@type\":\"ReadAction\",\"target\":[\"https:\/\/www.pressenza.com\/es\/2017\/02\/pie-valla-ahora-barcelona\/\"]}]},{\"@type\":\"ImageObject\",\"inLanguage\":\"es\",\"@id\":\"https:\/\/www.pressenza.com\/es\/2017\/02\/pie-valla-ahora-barcelona\/#primaryimage\",\"url\":\"https:\/\/www.pressenza.com\/wp-content\/uploads\/2017\/02\/EXPOSICION-BARCELONA.jpg\",\"contentUrl\":\"https:\/\/www.pressenza.com\/wp-content\/uploads\/2017\/02\/EXPOSICION-BARCELONA.jpg\",\"width\":645,\"height\":913},{\"@type\":\"BreadcrumbList\",\"@id\":\"https:\/\/www.pressenza.com\/es\/2017\/02\/pie-valla-ahora-barcelona\/#breadcrumb\",\"itemListElement\":[{\"@type\":\"ListItem\",\"position\":1,\"name\":\"Accueil\",\"item\":\"https:\/\/www.pressenza.com\/es\/\"},{\"@type\":\"ListItem\",\"position\":2,\"name\":\"\u00abA pie de valla\u00bb ahora en Barcelona\"}]},{\"@type\":\"WebSite\",\"@id\":\"https:\/\/www.pressenza.com\/es\/#website\",\"url\":\"https:\/\/www.pressenza.com\/es\/\",\"name\":\"Pressenza\",\"description\":\"International Press Agency\",\"publisher\":{\"@id\":\"https:\/\/www.pressenza.com\/es\/#organization\"},\"potentialAction\":[{\"@type\":\"SearchAction\",\"target\":{\"@type\":\"EntryPoint\",\"urlTemplate\":\"https:\/\/www.pressenza.com\/es\/?s={search_term_string}\"},\"query-input\":{\"@type\":\"PropertyValueSpecification\",\"valueRequired\":true,\"valueName\":\"search_term_string\"}}],\"inLanguage\":\"es\"},{\"@type\":\"Organization\",\"@id\":\"https:\/\/www.pressenza.com\/es\/#organization\",\"name\":\"Pressenza\",\"url\":\"https:\/\/www.pressenza.com\/es\/\",\"logo\":{\"@type\":\"ImageObject\",\"inLanguage\":\"es\",\"@id\":\"https:\/\/www.pressenza.com\/es\/#\/schema\/logo\/image\/\",\"url\":\"https:\/\/www.pressenza.com\/wp-content\/uploads\/2022\/10\/pressenza_logo_200x200.jpg\",\"contentUrl\":\"https:\/\/www.pressenza.com\/wp-content\/uploads\/2022\/10\/pressenza_logo_200x200.jpg\",\"width\":200,\"height\":200,\"caption\":\"Pressenza\"},\"image\":{\"@id\":\"https:\/\/www.pressenza.com\/es\/#\/schema\/logo\/image\/\"},\"sameAs\":[\"https:\/\/www.facebook.com\/PressenzaItalia\",\"https:\/\/x.com\/PressenzaIPA\"]},{\"@type\":\"Person\",\"@id\":\"https:\/\/www.pressenza.com\/es\/#\/schema\/person\/828fc40eeca2ad7be3630e5a46adba94\",\"name\":\"Redacci\u00f3n Madrid\",\"description\":\"News from the Pressenza Bureau in Madrid, Spain\",\"sameAs\":[\"https:\/\/www.facebook.com\/pressenza\",\"https:\/\/x.com\/pressenza\"],\"url\":\"https:\/\/www.pressenza.com\/es\/author\/redaccion-madrid\/\"}]}<\/script>\n<!-- \/ Yoast SEO plugin. -->","yoast_head_json":{"title":"\"A pie de valla\" ahora en Barcelona","description":"El d\u00eda 22 de febrero se inaugurar\u00e1 la exposici\u00f3n \"A pie de valla\" de nuestro compa\u00f1ero Antonio Sempere en Barcelona. Ser\u00e1 en el Centro C\u00edvico Pati Limona","robots":{"index":"index","follow":"follow","max-snippet":"max-snippet:-1","max-image-preview":"max-image-preview:large","max-video-preview":"max-video-preview:-1"},"canonical":"https:\/\/www.pressenza.com\/es\/2017\/02\/pie-valla-ahora-barcelona\/","og_locale":"es_ES","og_type":"article","og_title":"\"A pie de valla\" ahora en Barcelona","og_description":"El d\u00eda 22 de febrero se inaugurar\u00e1 la exposici\u00f3n \"A pie de valla\" de nuestro compa\u00f1ero Antonio Sempere en Barcelona. Ser\u00e1 en el Centro C\u00edvico Pati Limona","og_url":"https:\/\/www.pressenza.com\/es\/2017\/02\/pie-valla-ahora-barcelona\/","og_site_name":"Pressenza","article_publisher":"https:\/\/www.facebook.com\/PressenzaItalia","article_author":"https:\/\/www.facebook.com\/pressenza","article_published_time":"2017-02-13T21:11:39+00:00","og_image":[{"width":645,"height":913,"url":"https:\/\/www.pressenza.com\/wp-content\/uploads\/2017\/02\/EXPOSICION-BARCELONA.jpg","type":"image\/jpeg"}],"author":"Redacci\u00f3n Madrid","twitter_card":"summary_large_image","twitter_creator":"@pressenza","twitter_site":"@PressenzaIPA","twitter_misc":{"Escrito por":"Redacci\u00f3n Madrid"},"schema":{"@context":"https:\/\/schema.org","@graph":[{"@type":"Article","@id":"https:\/\/www.pressenza.com\/es\/2017\/02\/pie-valla-ahora-barcelona\/#article","isPartOf":{"@id":"https:\/\/www.pressenza.com\/es\/2017\/02\/pie-valla-ahora-barcelona\/"},"author":{"name":"Redacci\u00f3n Madrid","@id":"https:\/\/www.pressenza.com\/es\/#\/schema\/person\/828fc40eeca2ad7be3630e5a46adba94"},"headline":"\u00abA pie de valla\u00bb ahora en Barcelona","datePublished":"2017-02-13T21:11:39+00:00","mainEntityOfPage":{"@id":"https:\/\/www.pressenza.com\/es\/2017\/02\/pie-valla-ahora-barcelona\/"},"wordCount":43,"publisher":{"@id":"https:\/\/www.pressenza.com\/es\/#organization"},"image":{"@id":"https:\/\/www.pressenza.com\/es\/2017\/02\/pie-valla-ahora-barcelona\/#primaryimage"},"thumbnailUrl":"https:\/\/www.pressenza.com\/wp-content\/uploads\/2017\/02\/EXPOSICION-BARCELONA.jpg","keywords":["Antonio Sempere","Ceuta","Cuidando","Espa\u00f1a","fotografia","Fotograf\u00eda","frontera sur","migraci\u00f3n","Pressenza","Pressenza","valla"],"articleSection":["Comunicados de Prensa","Derechos Humanos","Internacional"],"inLanguage":"es"},{"@type":"WebPage","@id":"https:\/\/www.pressenza.com\/es\/2017\/02\/pie-valla-ahora-barcelona\/","url":"https:\/\/www.pressenza.com\/es\/2017\/02\/pie-valla-ahora-barcelona\/","name":"\"A pie de valla\" ahora en Barcelona","isPartOf":{"@id":"https:\/\/www.pressenza.com\/es\/#website"},"primaryImageOfPage":{"@id":"https:\/\/www.pressenza.com\/es\/2017\/02\/pie-valla-ahora-barcelona\/#primaryimage"},"image":{"@id":"https:\/\/www.pressenza.com\/es\/2017\/02\/pie-valla-ahora-barcelona\/#primaryimage"},"thumbnailUrl":"https:\/\/www.pressenza.com\/wp-content\/uploads\/2017\/02\/EXPOSICION-BARCELONA.jpg","datePublished":"2017-02-13T21:11:39+00:00","description":"El d\u00eda 22 de febrero se inaugurar\u00e1 la exposici\u00f3n \"A pie de valla\" de nuestro compa\u00f1ero Antonio Sempere en Barcelona. Ser\u00e1 en el Centro C\u00edvico Pati Limona","breadcrumb":{"@id":"https:\/\/www.pressenza.com\/es\/2017\/02\/pie-valla-ahora-barcelona\/#breadcrumb"},"inLanguage":"es","potentialAction":[{"@type":"ReadAction","target":["https:\/\/www.pressenza.com\/es\/2017\/02\/pie-valla-ahora-barcelona\/"]}]},{"@type":"ImageObject","inLanguage":"es","@id":"https:\/\/www.pressenza.com\/es\/2017\/02\/pie-valla-ahora-barcelona\/#primaryimage","url":"https:\/\/www.pressenza.com\/wp-content\/uploads\/2017\/02\/EXPOSICION-BARCELONA.jpg","contentUrl":"https:\/\/www.pressenza.com\/wp-content\/uploads\/2017\/02\/EXPOSICION-BARCELONA.jpg","width":645,"height":913},{"@type":"BreadcrumbList","@id":"https:\/\/www.pressenza.com\/es\/2017\/02\/pie-valla-ahora-barcelona\/#breadcrumb","itemListElement":[{"@type":"ListItem","position":1,"name":"Accueil","item":"https:\/\/www.pressenza.com\/es\/"},{"@type":"ListItem","position":2,"name":"\u00abA pie de valla\u00bb ahora en Barcelona"}]},{"@type":"WebSite","@id":"https:\/\/www.pressenza.com\/es\/#website","url":"https:\/\/www.pressenza.com\/es\/","name":"Pressenza","description":"International Press Agency","publisher":{"@id":"https:\/\/www.pressenza.com\/es\/#organization"},"potentialAction":[{"@type":"SearchAction","target":{"@type":"EntryPoint","urlTemplate":"https:\/\/www.pressenza.com\/es\/?s={search_term_string}"},"query-input":{"@type":"PropertyValueSpecification","valueRequired":true,"valueName":"search_term_string"}}],"inLanguage":"es"},{"@type":"Organization","@id":"https:\/\/www.pressenza.com\/es\/#organization","name":"Pressenza","url":"https:\/\/www.pressenza.com\/es\/","logo":{"@type":"ImageObject","inLanguage":"es","@id":"https:\/\/www.pressenza.com\/es\/#\/schema\/logo\/image\/","url":"https:\/\/www.pressenza.com\/wp-content\/uploads\/2022\/10\/pressenza_logo_200x200.jpg","contentUrl":"https:\/\/www.pressenza.com\/wp-content\/uploads\/2022\/10\/pressenza_logo_200x200.jpg","width":200,"height":200,"caption":"Pressenza"},"image":{"@id":"https:\/\/www.pressenza.com\/es\/#\/schema\/logo\/image\/"},"sameAs":["https:\/\/www.facebook.com\/PressenzaItalia","https:\/\/x.com\/PressenzaIPA"]},{"@type":"Person","@id":"https:\/\/www.pressenza.com\/es\/#\/schema\/person\/828fc40eeca2ad7be3630e5a46adba94","name":"Redacci\u00f3n Madrid","description":"News from the Pressenza Bureau in Madrid, Spain","sameAs":["https:\/\/www.facebook.com\/pressenza","https:\/\/x.com\/pressenza"],"url":"https:\/\/www.pressenza.com\/es\/author\/redaccion-madrid\/"}]}},"place":"Barcelona (Espa\u00f1a)","original_article_url":"","_links":{"self":[{"href":"https:\/\/www.pressenza.com\/es\/wp-json\/wp\/v2\/posts\/431841","targetHints":{"allow":["GET"]}}],"collection":[{"href":"https:\/\/www.pressenza.com\/es\/wp-json\/wp\/v2\/posts"}],"about":[{"href":"https:\/\/www.pressenza.com\/es\/wp-json\/wp\/v2\/types\/post"}],"author":[{"embeddable":true,"href":"https:\/\/www.pressenza.com\/es\/wp-json\/wp\/v2\/users\/94"}],"replies":[{"embeddable":true,"href":"https:\/\/www.pressenza.com\/es\/wp-json\/wp\/v2\/comments?post=431841"}],"version-history":[{"count":0,"href":"https:\/\/www.pressenza.com\/es\/wp-json\/wp\/v2\/posts\/431841\/revisions"}],"wp:featuredmedia":[{"embeddable":true,"href":"https:\/\/www.pressenza.com\/es\/wp-json\/wp\/v2\/media\/431842"}],"wp:attachment":[{"href":"https:\/\/www.pressenza.com\/es\/wp-json\/wp\/v2\/media?parent=431841"}],"wp:term":[{"taxonomy":"category","embeddable":true,"href":"https:\/\/www.pressenza.com\/es\/wp-json\/wp\/v2\/categories?post=431841"},{"taxonomy":"post_tag","embeddable":true,"href":"https:\/\/www.pressenza.com\/es\/wp-json\/wp\/v2\/tags?post=431841"}],"curies":[{"name":"wp","href":"https:\/\/api.w.org\/{rel}","templated":true}]}}