{"id":43164,"date":"2013-03-16T23:54:34","date_gmt":"2013-03-16T23:54:34","guid":{"rendered":"http:\/\/www.pressenza.com\/?p=43164"},"modified":"2013-03-18T00:58:31","modified_gmt":"2013-03-18T00:58:31","slug":"nuevo-estudio-revela-numero-elevado-de-muertes-en-los-diez-anos-que-lleva-la-guerra-en-irak","status":"publish","type":"post","link":"https:\/\/www.pressenza.com\/es\/2013\/03\/nuevo-estudio-revela-numero-elevado-de-muertes-en-los-diez-anos-que-lleva-la-guerra-en-irak\/","title":{"rendered":"Nuevo estudio revela n\u00famero elevado de muertes en los diez a\u00f1os que lleva la guerra en Irak"},"content":{"rendered":"<p>Alrededor de 134.000 civiles iraqu\u00edes han muerto en los diez a\u00f1os de guerra en Irak. La guerra posiblemente haya contribuido a la muerte de otros cientos de miles de personas, seg\u00fan investigadores de la Universidad de Brown. El informe, publicado antes de que se cumpla el d\u00e9cimo aniversario de la invasi\u00f3n de Estados Unidos en Irak, que se inici\u00f3 el 19 de marzo de 2003, se\u00f1ala que la guerra de Irak le ha costado m\u00e1s de dos billones de d\u00f3lares a Estados Unidos, entre ellos medio bill\u00f3n en beneficios adeudados a veteranos de la guerra. El informe sostiene que la guerra devast\u00f3 a Irak en lugar de ayudarlo, ocasion\u00f3 violencia por parte de militantes, implic\u00f3 un retroceso para los derechos de la mujer y perjudic\u00f3 al sistema de salud del pa\u00eds. La mayor\u00eda de los m\u00e1s de 200.000 millones de d\u00f3lares que fueron supuestamente destinados a la reconstrucci\u00f3n en Irak, de hecho fueron utilizados para seguridad o se perdieron en medio del fraude y el derroche generalizados. Algunos informes anteriores han se\u00f1alado que el n\u00famero de muertos en Irak es considerablemente m\u00e1s elevado. Un informe de 2006 publicado por investigadores de la Universidad Johns Hopkins en la revista m\u00e9dica The Lancet indicaba que 655.000 personas murieron en los primeros 40 meses de la guerra, tanto por violencia, como por causas indirectas vinculadas con el deterioro de la infraestructura<\/p>\n","protected":false},"excerpt":{"rendered":"<p>Alrededor de 134.000 civiles iraqu\u00edes han muerto en los diez a\u00f1os de guerra en Irak. La guerra posiblemente haya contribuido a la muerte de otros cientos de miles de personas, seg\u00fan investigadores de la Universidad de Brown. El informe, publicado&hellip;<\/p>\n","protected":false},"author":77,"featured_media":43349,"comment_status":"closed","ping_status":"open","sticky":false,"template":"","format":"standard","meta":{"footnotes":""},"categories":[76,71],"tags":[],"class_list":["post-43164","post","type-post","status-publish","format-standard","has-post-thumbnail","hentry","category-relaciones-exteriores","category-medio-oriente-es"],"yoast_head":"<!-- This site is optimized with the Yoast SEO plugin v27.1.1 - https:\/\/yoast.com\/product\/yoast-seo-wordpress\/ -->\n<title>Nuevo estudio revela n\u00famero elevado de muertes en los diez a\u00f1os que lleva la guerra en Irak<\/title>\n<meta name=\"description\" content=\"Alrededor de 134.000 civiles iraqu\u00edes han muerto en los diez a\u00f1os de guerra en Irak. La guerra posiblemente haya contribuido a la muerte de otros cientos\" \/>\n<meta name=\"robots\" content=\"index, follow, max-snippet:-1, max-image-preview:large, max-video-preview:-1\" \/>\n<link rel=\"canonical\" href=\"https:\/\/www.pressenza.com\/es\/2013\/03\/nuevo-estudio-revela-numero-elevado-de-muertes-en-los-diez-anos-que-lleva-la-guerra-en-irak\/\" \/>\n<meta property=\"og:locale\" content=\"es_ES\" \/>\n<meta property=\"og:type\" content=\"article\" \/>\n<meta property=\"og:title\" content=\"Nuevo estudio revela n\u00famero elevado de muertes en los diez a\u00f1os que lleva la guerra en Irak\" \/>\n<meta property=\"og:description\" content=\"Alrededor de 134.000 civiles iraqu\u00edes han muerto en los diez a\u00f1os de guerra en Irak. La guerra posiblemente haya contribuido a la muerte de otros cientos\" \/>\n<meta property=\"og:url\" content=\"https:\/\/www.pressenza.com\/es\/2013\/03\/nuevo-estudio-revela-numero-elevado-de-muertes-en-los-diez-anos-que-lleva-la-guerra-en-irak\/\" \/>\n<meta property=\"og:site_name\" content=\"Pressenza\" \/>\n<meta property=\"article:publisher\" content=\"https:\/\/www.facebook.com\/PressenzaItalia\" \/>\n<meta property=\"article:author\" content=\"https:\/\/www.facebook.com\/democracynow\/?fref=ts\" \/>\n<meta property=\"article:published_time\" content=\"2013-03-16T23:54:34+00:00\" \/>\n<meta property=\"article:modified_time\" content=\"2013-03-18T00:58:31+00:00\" \/>\n<meta property=\"og:image\" content=\"https:\/\/www.pressenza.com\/wp-content\/uploads\/2013\/03\/Guerra_Irak.jpg\" \/>\n\t<meta property=\"og:image:width\" content=\"600\" \/>\n\t<meta property=\"og:image:height\" content=\"399\" \/>\n\t<meta property=\"og:image:type\" content=\"image\/jpeg\" \/>\n<meta name=\"author\" content=\"Democracy Now!\" \/>\n<meta name=\"twitter:card\" content=\"summary_large_image\" \/>\n<meta name=\"twitter:creator\" content=\"@democracynow\" \/>\n<meta name=\"twitter:site\" content=\"@PressenzaIPA\" \/>\n<meta name=\"twitter:label1\" content=\"Escrito por\" \/>\n\t<meta name=\"twitter:data1\" content=\"Democracy Now!\" \/>\n\t<meta name=\"twitter:label2\" content=\"Tiempo de lectura\" \/>\n\t<meta name=\"twitter:data2\" content=\"1 minuto\" \/>\n<script type=\"application\/ld+json\" class=\"yoast-schema-graph\">{\"@context\":\"https:\/\/schema.org\",\"@graph\":[{\"@type\":\"Article\",\"@id\":\"https:\/\/www.pressenza.com\/es\/2013\/03\/nuevo-estudio-revela-numero-elevado-de-muertes-en-los-diez-anos-que-lleva-la-guerra-en-irak\/#article\",\"isPartOf\":{\"@id\":\"https:\/\/www.pressenza.com\/es\/2013\/03\/nuevo-estudio-revela-numero-elevado-de-muertes-en-los-diez-anos-que-lleva-la-guerra-en-irak\/\"},\"author\":{\"name\":\"Democracy Now!\",\"@id\":\"https:\/\/www.pressenza.com\/es\/#\/schema\/person\/6dbfa31ebecf081166f6ed11c10f262c\"},\"headline\":\"Nuevo estudio revela n\u00famero elevado de muertes en los diez a\u00f1os que lleva la guerra en Irak\",\"datePublished\":\"2013-03-16T23:54:34+00:00\",\"dateModified\":\"2013-03-18T00:58:31+00:00\",\"mainEntityOfPage\":{\"@id\":\"https:\/\/www.pressenza.com\/es\/2013\/03\/nuevo-estudio-revela-numero-elevado-de-muertes-en-los-diez-anos-que-lleva-la-guerra-en-irak\/\"},\"wordCount\":258,\"publisher\":{\"@id\":\"https:\/\/www.pressenza.com\/es\/#organization\"},\"image\":{\"@id\":\"https:\/\/www.pressenza.com\/es\/2013\/03\/nuevo-estudio-revela-numero-elevado-de-muertes-en-los-diez-anos-que-lleva-la-guerra-en-irak\/#primaryimage\"},\"thumbnailUrl\":\"https:\/\/www.pressenza.com\/wp-content\/uploads\/2013\/03\/Guerra_Irak.jpg\",\"articleSection\":[\"Asuntos internacionales\",\"Medio Oriente\"],\"inLanguage\":\"es\"},{\"@type\":\"WebPage\",\"@id\":\"https:\/\/www.pressenza.com\/es\/2013\/03\/nuevo-estudio-revela-numero-elevado-de-muertes-en-los-diez-anos-que-lleva-la-guerra-en-irak\/\",\"url\":\"https:\/\/www.pressenza.com\/es\/2013\/03\/nuevo-estudio-revela-numero-elevado-de-muertes-en-los-diez-anos-que-lleva-la-guerra-en-irak\/\",\"name\":\"Nuevo estudio revela n\u00famero elevado de muertes en los diez a\u00f1os que lleva la guerra en Irak\",\"isPartOf\":{\"@id\":\"https:\/\/www.pressenza.com\/es\/#website\"},\"primaryImageOfPage\":{\"@id\":\"https:\/\/www.pressenza.com\/es\/2013\/03\/nuevo-estudio-revela-numero-elevado-de-muertes-en-los-diez-anos-que-lleva-la-guerra-en-irak\/#primaryimage\"},\"image\":{\"@id\":\"https:\/\/www.pressenza.com\/es\/2013\/03\/nuevo-estudio-revela-numero-elevado-de-muertes-en-los-diez-anos-que-lleva-la-guerra-en-irak\/#primaryimage\"},\"thumbnailUrl\":\"https:\/\/www.pressenza.com\/wp-content\/uploads\/2013\/03\/Guerra_Irak.jpg\",\"datePublished\":\"2013-03-16T23:54:34+00:00\",\"dateModified\":\"2013-03-18T00:58:31+00:00\",\"description\":\"Alrededor de 134.000 civiles iraqu\u00edes han muerto en los diez a\u00f1os de guerra en Irak. La guerra posiblemente haya contribuido a la muerte de otros cientos\",\"breadcrumb\":{\"@id\":\"https:\/\/www.pressenza.com\/es\/2013\/03\/nuevo-estudio-revela-numero-elevado-de-muertes-en-los-diez-anos-que-lleva-la-guerra-en-irak\/#breadcrumb\"},\"inLanguage\":\"es\",\"potentialAction\":[{\"@type\":\"ReadAction\",\"target\":[\"https:\/\/www.pressenza.com\/es\/2013\/03\/nuevo-estudio-revela-numero-elevado-de-muertes-en-los-diez-anos-que-lleva-la-guerra-en-irak\/\"]}]},{\"@type\":\"ImageObject\",\"inLanguage\":\"es\",\"@id\":\"https:\/\/www.pressenza.com\/es\/2013\/03\/nuevo-estudio-revela-numero-elevado-de-muertes-en-los-diez-anos-que-lleva-la-guerra-en-irak\/#primaryimage\",\"url\":\"https:\/\/www.pressenza.com\/wp-content\/uploads\/2013\/03\/Guerra_Irak.jpg\",\"contentUrl\":\"https:\/\/www.pressenza.com\/wp-content\/uploads\/2013\/03\/Guerra_Irak.jpg\",\"width\":600,\"height\":399},{\"@type\":\"BreadcrumbList\",\"@id\":\"https:\/\/www.pressenza.com\/es\/2013\/03\/nuevo-estudio-revela-numero-elevado-de-muertes-en-los-diez-anos-que-lleva-la-guerra-en-irak\/#breadcrumb\",\"itemListElement\":[{\"@type\":\"ListItem\",\"position\":1,\"name\":\"Accueil\",\"item\":\"https:\/\/www.pressenza.com\/es\/\"},{\"@type\":\"ListItem\",\"position\":2,\"name\":\"Nuevo estudio revela n\u00famero elevado de muertes en los diez a\u00f1os que lleva la guerra en Irak\"}]},{\"@type\":\"WebSite\",\"@id\":\"https:\/\/www.pressenza.com\/es\/#website\",\"url\":\"https:\/\/www.pressenza.com\/es\/\",\"name\":\"Pressenza\",\"description\":\"International Press Agency\",\"publisher\":{\"@id\":\"https:\/\/www.pressenza.com\/es\/#organization\"},\"potentialAction\":[{\"@type\":\"SearchAction\",\"target\":{\"@type\":\"EntryPoint\",\"urlTemplate\":\"https:\/\/www.pressenza.com\/es\/?s={search_term_string}\"},\"query-input\":{\"@type\":\"PropertyValueSpecification\",\"valueRequired\":true,\"valueName\":\"search_term_string\"}}],\"inLanguage\":\"es\"},{\"@type\":\"Organization\",\"@id\":\"https:\/\/www.pressenza.com\/es\/#organization\",\"name\":\"Pressenza\",\"url\":\"https:\/\/www.pressenza.com\/es\/\",\"logo\":{\"@type\":\"ImageObject\",\"inLanguage\":\"es\",\"@id\":\"https:\/\/www.pressenza.com\/es\/#\/schema\/logo\/image\/\",\"url\":\"https:\/\/www.pressenza.com\/wp-content\/uploads\/2022\/10\/pressenza_logo_200x200.jpg\",\"contentUrl\":\"https:\/\/www.pressenza.com\/wp-content\/uploads\/2022\/10\/pressenza_logo_200x200.jpg\",\"width\":200,\"height\":200,\"caption\":\"Pressenza\"},\"image\":{\"@id\":\"https:\/\/www.pressenza.com\/es\/#\/schema\/logo\/image\/\"},\"sameAs\":[\"https:\/\/www.facebook.com\/PressenzaItalia\",\"https:\/\/x.com\/PressenzaIPA\"]},{\"@type\":\"Person\",\"@id\":\"https:\/\/www.pressenza.com\/es\/#\/schema\/person\/6dbfa31ebecf081166f6ed11c10f262c\",\"name\":\"Democracy Now!\",\"description\":\"Democracy Now! is a national, daily, independent, award-winning news program hosted by journalists Amy Goodman and Juan Gonzalez. www.democracynow.org\",\"sameAs\":[\"http:\/\/www.democracynow.org\",\"https:\/\/www.facebook.com\/democracynow\/?fref=ts\",\"https:\/\/x.com\/democracynow\"],\"url\":\"https:\/\/www.pressenza.com\/es\/author\/democracy-now\/\"}]}<\/script>\n<!-- \/ Yoast SEO plugin. -->","yoast_head_json":{"title":"Nuevo estudio revela n\u00famero elevado de muertes en los diez a\u00f1os que lleva la guerra en Irak","description":"Alrededor de 134.000 civiles iraqu\u00edes han muerto en los diez a\u00f1os de guerra en Irak. La guerra posiblemente haya contribuido a la muerte de otros cientos","robots":{"index":"index","follow":"follow","max-snippet":"max-snippet:-1","max-image-preview":"max-image-preview:large","max-video-preview":"max-video-preview:-1"},"canonical":"https:\/\/www.pressenza.com\/es\/2013\/03\/nuevo-estudio-revela-numero-elevado-de-muertes-en-los-diez-anos-que-lleva-la-guerra-en-irak\/","og_locale":"es_ES","og_type":"article","og_title":"Nuevo estudio revela n\u00famero elevado de muertes en los diez a\u00f1os que lleva la guerra en Irak","og_description":"Alrededor de 134.000 civiles iraqu\u00edes han muerto en los diez a\u00f1os de guerra en Irak. La guerra posiblemente haya contribuido a la muerte de otros cientos","og_url":"https:\/\/www.pressenza.com\/es\/2013\/03\/nuevo-estudio-revela-numero-elevado-de-muertes-en-los-diez-anos-que-lleva-la-guerra-en-irak\/","og_site_name":"Pressenza","article_publisher":"https:\/\/www.facebook.com\/PressenzaItalia","article_author":"https:\/\/www.facebook.com\/democracynow\/?fref=ts","article_published_time":"2013-03-16T23:54:34+00:00","article_modified_time":"2013-03-18T00:58:31+00:00","og_image":[{"width":600,"height":399,"url":"https:\/\/www.pressenza.com\/wp-content\/uploads\/2013\/03\/Guerra_Irak.jpg","type":"image\/jpeg"}],"author":"Democracy Now!","twitter_card":"summary_large_image","twitter_creator":"@democracynow","twitter_site":"@PressenzaIPA","twitter_misc":{"Escrito por":"Democracy Now!","Tiempo de lectura":"1 minuto"},"schema":{"@context":"https:\/\/schema.org","@graph":[{"@type":"Article","@id":"https:\/\/www.pressenza.com\/es\/2013\/03\/nuevo-estudio-revela-numero-elevado-de-muertes-en-los-diez-anos-que-lleva-la-guerra-en-irak\/#article","isPartOf":{"@id":"https:\/\/www.pressenza.com\/es\/2013\/03\/nuevo-estudio-revela-numero-elevado-de-muertes-en-los-diez-anos-que-lleva-la-guerra-en-irak\/"},"author":{"name":"Democracy Now!","@id":"https:\/\/www.pressenza.com\/es\/#\/schema\/person\/6dbfa31ebecf081166f6ed11c10f262c"},"headline":"Nuevo estudio revela n\u00famero elevado de muertes en los diez a\u00f1os que lleva la guerra en Irak","datePublished":"2013-03-16T23:54:34+00:00","dateModified":"2013-03-18T00:58:31+00:00","mainEntityOfPage":{"@id":"https:\/\/www.pressenza.com\/es\/2013\/03\/nuevo-estudio-revela-numero-elevado-de-muertes-en-los-diez-anos-que-lleva-la-guerra-en-irak\/"},"wordCount":258,"publisher":{"@id":"https:\/\/www.pressenza.com\/es\/#organization"},"image":{"@id":"https:\/\/www.pressenza.com\/es\/2013\/03\/nuevo-estudio-revela-numero-elevado-de-muertes-en-los-diez-anos-que-lleva-la-guerra-en-irak\/#primaryimage"},"thumbnailUrl":"https:\/\/www.pressenza.com\/wp-content\/uploads\/2013\/03\/Guerra_Irak.jpg","articleSection":["Asuntos internacionales","Medio Oriente"],"inLanguage":"es"},{"@type":"WebPage","@id":"https:\/\/www.pressenza.com\/es\/2013\/03\/nuevo-estudio-revela-numero-elevado-de-muertes-en-los-diez-anos-que-lleva-la-guerra-en-irak\/","url":"https:\/\/www.pressenza.com\/es\/2013\/03\/nuevo-estudio-revela-numero-elevado-de-muertes-en-los-diez-anos-que-lleva-la-guerra-en-irak\/","name":"Nuevo estudio revela n\u00famero elevado de muertes en los diez a\u00f1os que lleva la guerra en Irak","isPartOf":{"@id":"https:\/\/www.pressenza.com\/es\/#website"},"primaryImageOfPage":{"@id":"https:\/\/www.pressenza.com\/es\/2013\/03\/nuevo-estudio-revela-numero-elevado-de-muertes-en-los-diez-anos-que-lleva-la-guerra-en-irak\/#primaryimage"},"image":{"@id":"https:\/\/www.pressenza.com\/es\/2013\/03\/nuevo-estudio-revela-numero-elevado-de-muertes-en-los-diez-anos-que-lleva-la-guerra-en-irak\/#primaryimage"},"thumbnailUrl":"https:\/\/www.pressenza.com\/wp-content\/uploads\/2013\/03\/Guerra_Irak.jpg","datePublished":"2013-03-16T23:54:34+00:00","dateModified":"2013-03-18T00:58:31+00:00","description":"Alrededor de 134.000 civiles iraqu\u00edes han muerto en los diez a\u00f1os de guerra en Irak. La guerra posiblemente haya contribuido a la muerte de otros cientos","breadcrumb":{"@id":"https:\/\/www.pressenza.com\/es\/2013\/03\/nuevo-estudio-revela-numero-elevado-de-muertes-en-los-diez-anos-que-lleva-la-guerra-en-irak\/#breadcrumb"},"inLanguage":"es","potentialAction":[{"@type":"ReadAction","target":["https:\/\/www.pressenza.com\/es\/2013\/03\/nuevo-estudio-revela-numero-elevado-de-muertes-en-los-diez-anos-que-lleva-la-guerra-en-irak\/"]}]},{"@type":"ImageObject","inLanguage":"es","@id":"https:\/\/www.pressenza.com\/es\/2013\/03\/nuevo-estudio-revela-numero-elevado-de-muertes-en-los-diez-anos-que-lleva-la-guerra-en-irak\/#primaryimage","url":"https:\/\/www.pressenza.com\/wp-content\/uploads\/2013\/03\/Guerra_Irak.jpg","contentUrl":"https:\/\/www.pressenza.com\/wp-content\/uploads\/2013\/03\/Guerra_Irak.jpg","width":600,"height":399},{"@type":"BreadcrumbList","@id":"https:\/\/www.pressenza.com\/es\/2013\/03\/nuevo-estudio-revela-numero-elevado-de-muertes-en-los-diez-anos-que-lleva-la-guerra-en-irak\/#breadcrumb","itemListElement":[{"@type":"ListItem","position":1,"name":"Accueil","item":"https:\/\/www.pressenza.com\/es\/"},{"@type":"ListItem","position":2,"name":"Nuevo estudio revela n\u00famero elevado de muertes en los diez a\u00f1os que lleva la guerra en Irak"}]},{"@type":"WebSite","@id":"https:\/\/www.pressenza.com\/es\/#website","url":"https:\/\/www.pressenza.com\/es\/","name":"Pressenza","description":"International Press Agency","publisher":{"@id":"https:\/\/www.pressenza.com\/es\/#organization"},"potentialAction":[{"@type":"SearchAction","target":{"@type":"EntryPoint","urlTemplate":"https:\/\/www.pressenza.com\/es\/?s={search_term_string}"},"query-input":{"@type":"PropertyValueSpecification","valueRequired":true,"valueName":"search_term_string"}}],"inLanguage":"es"},{"@type":"Organization","@id":"https:\/\/www.pressenza.com\/es\/#organization","name":"Pressenza","url":"https:\/\/www.pressenza.com\/es\/","logo":{"@type":"ImageObject","inLanguage":"es","@id":"https:\/\/www.pressenza.com\/es\/#\/schema\/logo\/image\/","url":"https:\/\/www.pressenza.com\/wp-content\/uploads\/2022\/10\/pressenza_logo_200x200.jpg","contentUrl":"https:\/\/www.pressenza.com\/wp-content\/uploads\/2022\/10\/pressenza_logo_200x200.jpg","width":200,"height":200,"caption":"Pressenza"},"image":{"@id":"https:\/\/www.pressenza.com\/es\/#\/schema\/logo\/image\/"},"sameAs":["https:\/\/www.facebook.com\/PressenzaItalia","https:\/\/x.com\/PressenzaIPA"]},{"@type":"Person","@id":"https:\/\/www.pressenza.com\/es\/#\/schema\/person\/6dbfa31ebecf081166f6ed11c10f262c","name":"Democracy Now!","description":"Democracy Now! is a national, daily, independent, award-winning news program hosted by journalists Amy Goodman and Juan Gonzalez. www.democracynow.org","sameAs":["http:\/\/www.democracynow.org","https:\/\/www.facebook.com\/democracynow\/?fref=ts","https:\/\/x.com\/democracynow"],"url":"https:\/\/www.pressenza.com\/es\/author\/democracy-now\/"}]}},"place":"Washington","original_article_url":"","_links":{"self":[{"href":"https:\/\/www.pressenza.com\/es\/wp-json\/wp\/v2\/posts\/43164","targetHints":{"allow":["GET"]}}],"collection":[{"href":"https:\/\/www.pressenza.com\/es\/wp-json\/wp\/v2\/posts"}],"about":[{"href":"https:\/\/www.pressenza.com\/es\/wp-json\/wp\/v2\/types\/post"}],"author":[{"embeddable":true,"href":"https:\/\/www.pressenza.com\/es\/wp-json\/wp\/v2\/users\/77"}],"replies":[{"embeddable":true,"href":"https:\/\/www.pressenza.com\/es\/wp-json\/wp\/v2\/comments?post=43164"}],"version-history":[{"count":0,"href":"https:\/\/www.pressenza.com\/es\/wp-json\/wp\/v2\/posts\/43164\/revisions"}],"wp:featuredmedia":[{"embeddable":true,"href":"https:\/\/www.pressenza.com\/es\/wp-json\/wp\/v2\/media\/43349"}],"wp:attachment":[{"href":"https:\/\/www.pressenza.com\/es\/wp-json\/wp\/v2\/media?parent=43164"}],"wp:term":[{"taxonomy":"category","embeddable":true,"href":"https:\/\/www.pressenza.com\/es\/wp-json\/wp\/v2\/categories?post=43164"},{"taxonomy":"post_tag","embeddable":true,"href":"https:\/\/www.pressenza.com\/es\/wp-json\/wp\/v2\/tags?post=43164"}],"curies":[{"name":"wp","href":"https:\/\/api.w.org\/{rel}","templated":true}]}}