{"id":430184,"date":"2017-02-09T22:23:08","date_gmt":"2017-02-09T22:23:08","guid":{"rendered":"http:\/\/www.pressenza.com\/?p=430184\/"},"modified":"2017-02-09T22:23:50","modified_gmt":"2017-02-09T22:23:50","slug":"buenos-aires-vidal-censura-la-prensa-asfixia-los-municipios-k","status":"publish","type":"post","link":"https:\/\/www.pressenza.com\/es\/2017\/02\/buenos-aires-vidal-censura-la-prensa-asfixia-los-municipios-k\/","title":{"rendered":"Buenos Aires: Vidal censura a la prensa y asfixia a los municipios K"},"content":{"rendered":"<p><em><strong>Por Mariana Escalada y Agust\u00edn Ronconi para El Disenso<\/strong><\/em><\/p>\n<p>La gobernadora de la provincia de Buenos Aires Mar\u00eda Eugenia Vidal est\u00e1 en guerra con los municipios K y quitarles la caja de ACUMAR no fue suficiente. El reparto de Obra P\u00fablica lejos de beneficiar a los bonaerenses hace que sufran en carne propia el hecho de haber votado a un intendente kirchnerista.<\/p>\n<p>Dur\u00e1n Barba es el coach de Vidal y quien maneja los hilos tras la estrategia de campa\u00f1a en el conurbano. Con un mapa el ecuatoriano se\u00f1ala en que municipios hay que poner el eje, y esos son los municipios de Cambiemos. El asesor apuesta a que los bonaerenses que votaron a intendentes kirchneristas se arrepientan de haberlo hecho y vean como los municipios en manos de Cambiemos obtienen cuantiosos beneficios de la mano de la gobernadora.<\/p>\n<p>El plan del ecuatoriano para ahogar a los municipios K depende de que los vecinos no se enteren de lo que est\u00e1 pasando, por eso desde el gobierno bonaerense pusieron el grito en el cielo con un informe de La Naci\u00f3n la semana pasada, quienes luego de un par de llamados se vieron obligados a reemplazar el contenido de la nota en la que publicaban los n\u00fameros finales del reparto de obra p\u00fablica en el conurbano. Una nueva nota tom\u00f3 su lugar, con los recortes del caso que incluyeron hasta el t\u00edtulo mismo de la nota en cuesti\u00f3n.<\/p>\n<p>En el texto que fuera censurado en La Naci\u00f3n, se hac\u00eda hincapi\u00e9 en la diferencia entre los valores recibidos por los intendentes de Cambiemos vs los del Frente Renovador y los del FPV.<\/p>\n<p><a href=\"http:\/\/web.archive.org\/web\/20170131175910\/http:\/\/www.lanacion.com.ar\/1980475-los-intendentes-de-cambiemos-recibiran-en-2017-el-doble-de-obra-publica-que-los-del-frente-para-la-victoria\" target=\"_blank\">La nota original de La Naci\u00f3n<\/a> se llamaba \u201cLos intendentes de Cambiemos recibir\u00e1n en 2017 el doble de obra p\u00fablica directa que los del Frente para la Victoria y luego <a href=\"http:\/\/www.lanacion.com.ar\/1980475-los-intendentes-de-cambiemos-recibiran-en-2017-el-doble-de-obra-publica-que-los-del-frente-para-la-victoria\" target=\"_blank\">fue cambiado<\/a> a \u201cC\u00f3mo se distribuye el presupuesto para la obra p\u00fablica en el gobierno de Vidal\u201d.<\/p>\n<p><strong>El que parte y reparte&#8230;<\/strong><\/p>\n<p>Recientemente Vidal realiz\u00f3 el reparto de la caja de Obra P\u00fablica para este a\u00f1o electoral, donde el dinero que va para obras como ya se vio en las PASO 2015 en GCBA, se reparte entre aportantes de campa\u00f1a o vuelve en formato de afiche, carteler\u00eda. De esta manera, Vidal beneficia ampliamente a los municipios de Cambiemos, en detrimento de los municipios manejados por el FPV.<\/p>\n<p><strong>Si tomamos el municipio m\u00e1s beneficiado de Cambiemos y el menos beneficiado del FPV, la diferencia es atroz:<\/strong><\/p>\n<p>Mientras en Avellaneda, en manos de Jorge Ferraresi, recibir\u00e1 $17 por habitante\/a\u00f1o, Pringles en manos de Carlos Berterret que en julio pasado dio el salto a Cambiemos, recibir\u00e1 $ 8924 por habitante\/a\u00f1o.<\/p>\n<p>De esta manera, Pringles estar\u00e1 minado de cartelitos amarrillos y marketing electoral, mientras que en Avellaneda Ferraresi deber\u00e1 ponerse creativo para evitar que los ajustes de Vidal le impidan gobernar su distrito.<\/p>\n<p><img loading=\"lazy\" decoding=\"async\" class=\"alignleft size-full wp-image-430185\" src=\"https:\/\/www.pressenza.com\/wp-content\/uploads\/2017\/02\/grafico.jpg\" alt=\"\" width=\"581\" height=\"340\" srcset=\"https:\/\/www.pressenza.com\/wp-content\/uploads\/2017\/02\/grafico.jpg 581w, https:\/\/www.pressenza.com\/wp-content\/uploads\/2017\/02\/grafico-300x176.jpg 300w\" sizes=\"auto, (max-width: 581px) 100vw, 581px\" \/><\/p>\n<p>&nbsp;<\/p>\n<p>Seg\u00fan los n\u00fameros a los que accedi\u00f3 <strong>El Disenso<\/strong>, los municipios PRO reciben un promedio de $5.186,86 por habitante, mientras que los municipios del Frente Renovador reciben $1.907,00 por habitante y ambos distan de los $464,57 por habitante que reciben los municipios K. Los n\u00fameros que luego fueron borrados de la web son los siguientes:<\/p>\n<h4>FPV<\/h4>\n<table>\n<tbody>\n<tr>\n<td><strong>Municipio<\/strong><\/td>\n<td><strong>Intendente<\/strong><\/td>\n<td><strong>$ x hab\/a\u00f1o<\/strong><\/td>\n<\/tr>\n<tr>\n<td>Avellaneda<\/td>\n<td>Jorge Ferraresi<\/td>\n<td>$ 17<\/td>\n<\/tr>\n<tr>\n<td>Berazategui<\/td>\n<td>Juan Patricio Mussi<\/td>\n<td>$ 240<\/td>\n<\/tr>\n<tr>\n<td>Florencio Varela<\/td>\n<td>Julio Pereyra<\/td>\n<td>$ 255<\/td>\n<\/tr>\n<tr>\n<td>La Matanza<\/td>\n<td>Ver\u00f3nica Magario<\/td>\n<td>$ 365<\/td>\n<\/tr>\n<tr>\n<td>Moreno<\/td>\n<td>Walter Festa<\/td>\n<td>$ 524<\/td>\n<\/tr>\n<tr>\n<td>San Martin<\/td>\n<td>Gabriel Katopodis<\/td>\n<td>$ 826<\/td>\n<\/tr>\n<tr>\n<td>Almirante Brown<\/td>\n<td>Mariano Cascalleres<\/td>\n<td>$1025<\/td>\n<\/tr>\n<\/tbody>\n<\/table>\n<p>&nbsp;<\/p>\n<h4>FR<\/h4>\n<table>\n<tbody>\n<tr>\n<td><strong>Municipio<\/strong><\/td>\n<td><strong>Intendente<\/strong><\/td>\n<td><strong>$ x hab\/a\u00f1o<\/strong><\/td>\n<\/tr>\n<tr>\n<td>General Alvarado<\/td>\n<td>Germ\u00e1n Di Cesare<\/td>\n<td>$ 1440<\/td>\n<\/tr>\n<tr>\n<td>Chivilcoy<\/td>\n<td>Guillermo Britos<\/td>\n<td>$ 1447<\/td>\n<\/tr>\n<tr>\n<td>Necochea<\/td>\n<td>Facundo L\u00f3pez<\/td>\n<td>$ 1764<\/td>\n<\/tr>\n<tr>\n<td>San Andr\u00e9s de Giles<\/td>\n<td>Carlos Puglielli<\/td>\n<td>$ 2977<\/td>\n<\/tr>\n<\/tbody>\n<\/table>\n<p>&nbsp;<\/p>\n<h4>CAMBIEMOS<\/h4>\n<table>\n<tbody>\n<tr>\n<td><strong>Municipio<\/strong><\/td>\n<td><strong>Intendente<\/strong><\/td>\n<td><strong>$ x hab\/a\u00f1o<\/strong><\/td>\n<\/tr>\n<tr>\n<td>Tres de Febrero<\/td>\n<td>Diego Valenzuela<\/td>\n<td>$ 1978<\/td>\n<\/tr>\n<tr>\n<td>General Rodr\u00edguez<\/td>\n<td>Dar\u00edo Kubar<\/td>\n<td>$ 2634<\/td>\n<\/tr>\n<tr>\n<td>Pergamino<\/td>\n<td>Javier Mart\u00ednez<\/td>\n<td>$ 4415<\/td>\n<\/tr>\n<tr>\n<td>La Plata<\/td>\n<td>Julio Garro<\/td>\n<td>$ 5047<\/td>\n<\/tr>\n<tr>\n<td>Bah\u00eda Blanca<\/td>\n<td>H\u00e9ctor Gay<\/td>\n<td>$ 5785<\/td>\n<\/tr>\n<tr>\n<td>Arrecifes<\/td>\n<td>Javier Olaeta<\/td>\n<td>$ 7525<\/td>\n<\/tr>\n<tr>\n<td>Pringles<\/td>\n<td>Carlos Berterret<\/td>\n<td>$ 8924<\/td>\n<\/tr>\n<\/tbody>\n<\/table>\n<p>&nbsp;<\/p>\n<p><strong>El hambre de 1200 familias como herramienta electoral<\/strong><\/p>\n<p>Vidal se dej\u00f3 estar 6 meses neg\u00e1ndose a firmar los convenios para asegurarle continuidad a los cooperativistas y miembros de la Unidad Ejecutora del Programa de Limpieza de M\u00e1rgenes de ACUMAR. Hoy 1200 familias esperan que la gobernadora se ocupe del asunto.<\/p>\n<p><strong>Ver investigaci\u00f3n: <a href=\"http:\/\/www.eldisenso.com\/politica\/hoy-la-desidia-de-vidal-dejo-en-la-calle-1200-cooperativistas-de-acumar\/\" target=\"_blank\">Hoy la desidia de Vidal dej\u00f3 en la calle a 1200 cooperativistas de Acumar<\/a>.<\/strong><\/p>\n<p>Empecinada en achicarle los presupuestos a los intendentes kirchneristas, Vidal sabe que los municipios intervinientes en el Programa de Limpieza de M\u00e1rgenes son en su mayor\u00eda K, por lo que al quedar privados de la caja de ACUMAR, no pueden contener a los cooperativistas locales. El hambre de 1200 familias no entra en la ecuaci\u00f3n pol\u00edtica de la gobernadora y es utilizada como herramienta electoral contra los intendentes de la oposici\u00f3n.<\/p>\n<p><strong>La imagen que no es tal<\/strong><\/p>\n<p>Si bien las encuestas difundidas por medios hegem\u00f3nicos siguen dando que Vidal tiene la mejor imagen de Cambiemos con un bajo negativo, el d\u00eda a d\u00eda en el conurbano es bastante diferente. El contacto directo de Vidal con los bonaerenses se limit\u00f3 al m\u00e1ximo y a ambientes controlados, mientras que la gobernadora evita anunciar los actos a los que asiste p\u00fablicamente para evitar escraches de vecinos que en su mayor\u00eda reclaman por ayuda a comedores escolares y sus promesas incumplidas de campa\u00f1a.<\/p>\n","protected":false},"excerpt":{"rendered":"<p>Por Mariana Escalada y Agust\u00edn Ronconi para El Disenso La gobernadora de la provincia de Buenos Aires Mar\u00eda Eugenia Vidal est\u00e1 en guerra con los municipios K y quitarles la caja de ACUMAR no fue suficiente. El reparto de Obra&hellip;<\/p>\n","protected":false},"author":87,"featured_media":430192,"comment_status":"closed","ping_status":"closed","sticky":false,"template":"","format":"standard","meta":{"footnotes":""},"categories":[81,74,67],"tags":[19600,26,4094,21943,774,512],"class_list":["post-430184","post","type-post","status-publish","format-standard","has-post-thumbnail","hentry","category-economia-es","category-politica-es","category-sudamerica","tag-ajuste","tag-argentina","tag-buenos-aires","tag-cambiemos","tag-censura","tag-recortes"],"yoast_head":"<!-- This site is optimized with the Yoast SEO plugin v27.1.1 - https:\/\/yoast.com\/product\/yoast-seo-wordpress\/ -->\n<title>Buenos Aires: Vidal censura a la prensa y asfixia a los municipios K<\/title>\n<meta name=\"description\" content=\"Por Mariana Escalada y Agust\u00edn Ronconi para El Disenso La gobernadora de la provincia de Buenos Aires Mar\u00eda Eugenia Vidal est\u00e1 en guerra con los\" \/>\n<meta name=\"robots\" content=\"index, follow, max-snippet:-1, max-image-preview:large, max-video-preview:-1\" \/>\n<link rel=\"canonical\" href=\"https:\/\/www.pressenza.com\/es\/2017\/02\/buenos-aires-vidal-censura-la-prensa-asfixia-los-municipios-k\/\" \/>\n<meta property=\"og:locale\" content=\"es_ES\" \/>\n<meta property=\"og:type\" content=\"article\" \/>\n<meta property=\"og:title\" content=\"Buenos Aires: Vidal censura a la prensa y asfixia a los municipios K\" \/>\n<meta property=\"og:description\" content=\"Por Mariana Escalada y Agust\u00edn Ronconi para El Disenso La gobernadora de la provincia de Buenos Aires Mar\u00eda Eugenia Vidal est\u00e1 en guerra con los\" \/>\n<meta property=\"og:url\" content=\"https:\/\/www.pressenza.com\/es\/2017\/02\/buenos-aires-vidal-censura-la-prensa-asfixia-los-municipios-k\/\" \/>\n<meta property=\"og:site_name\" content=\"Pressenza\" \/>\n<meta property=\"article:publisher\" content=\"https:\/\/www.facebook.com\/PressenzaItalia\" \/>\n<meta property=\"article:published_time\" content=\"2017-02-09T22:23:08+00:00\" \/>\n<meta property=\"article:modified_time\" content=\"2017-02-09T22:23:50+00:00\" \/>\n<meta property=\"og:image\" content=\"https:\/\/www.pressenza.com\/wp-content\/uploads\/2017\/02\/vidal.jpg\" \/>\n\t<meta property=\"og:image:width\" content=\"1024\" \/>\n\t<meta property=\"og:image:height\" content=\"607\" \/>\n\t<meta property=\"og:image:type\" content=\"image\/jpeg\" \/>\n<meta name=\"author\" content=\"Redacci\u00f3n Argentina\" \/>\n<meta name=\"twitter:card\" content=\"summary_large_image\" \/>\n<meta name=\"twitter:creator\" content=\"@pressenza\" \/>\n<meta name=\"twitter:site\" content=\"@PressenzaIPA\" \/>\n<meta name=\"twitter:label1\" content=\"Escrito por\" \/>\n\t<meta name=\"twitter:data1\" content=\"Redacci\u00f3n Argentina\" \/>\n\t<meta name=\"twitter:label2\" content=\"Tiempo de lectura\" \/>\n\t<meta name=\"twitter:data2\" content=\"4 minutos\" \/>\n<script type=\"application\/ld+json\" class=\"yoast-schema-graph\">{\"@context\":\"https:\/\/schema.org\",\"@graph\":[{\"@type\":\"Article\",\"@id\":\"https:\/\/www.pressenza.com\/es\/2017\/02\/buenos-aires-vidal-censura-la-prensa-asfixia-los-municipios-k\/#article\",\"isPartOf\":{\"@id\":\"https:\/\/www.pressenza.com\/es\/2017\/02\/buenos-aires-vidal-censura-la-prensa-asfixia-los-municipios-k\/\"},\"author\":{\"name\":\"Redacci\u00f3n Argentina\",\"@id\":\"https:\/\/www.pressenza.com\/es\/#\/schema\/person\/0dda7d1b68267ad95b1e1d83abc98c89\"},\"headline\":\"Buenos Aires: Vidal censura a la prensa y asfixia a los municipios K\",\"datePublished\":\"2017-02-09T22:23:08+00:00\",\"dateModified\":\"2017-02-09T22:23:50+00:00\",\"mainEntityOfPage\":{\"@id\":\"https:\/\/www.pressenza.com\/es\/2017\/02\/buenos-aires-vidal-censura-la-prensa-asfixia-los-municipios-k\/\"},\"wordCount\":896,\"publisher\":{\"@id\":\"https:\/\/www.pressenza.com\/es\/#organization\"},\"image\":{\"@id\":\"https:\/\/www.pressenza.com\/es\/2017\/02\/buenos-aires-vidal-censura-la-prensa-asfixia-los-municipios-k\/#primaryimage\"},\"thumbnailUrl\":\"https:\/\/www.pressenza.com\/wp-content\/uploads\/2017\/02\/vidal.jpg\",\"keywords\":[\"ajuste\",\"Argentina\",\"Buenos Aires\",\"Cambiemos\",\"censura\",\"recortes\"],\"articleSection\":[\"Econom\u00eda\",\"Pol\u00edtica\",\"Sudam\u00e9rica\"],\"inLanguage\":\"es\"},{\"@type\":\"WebPage\",\"@id\":\"https:\/\/www.pressenza.com\/es\/2017\/02\/buenos-aires-vidal-censura-la-prensa-asfixia-los-municipios-k\/\",\"url\":\"https:\/\/www.pressenza.com\/es\/2017\/02\/buenos-aires-vidal-censura-la-prensa-asfixia-los-municipios-k\/\",\"name\":\"Buenos Aires: Vidal censura a la prensa y asfixia a los municipios K\",\"isPartOf\":{\"@id\":\"https:\/\/www.pressenza.com\/es\/#website\"},\"primaryImageOfPage\":{\"@id\":\"https:\/\/www.pressenza.com\/es\/2017\/02\/buenos-aires-vidal-censura-la-prensa-asfixia-los-municipios-k\/#primaryimage\"},\"image\":{\"@id\":\"https:\/\/www.pressenza.com\/es\/2017\/02\/buenos-aires-vidal-censura-la-prensa-asfixia-los-municipios-k\/#primaryimage\"},\"thumbnailUrl\":\"https:\/\/www.pressenza.com\/wp-content\/uploads\/2017\/02\/vidal.jpg\",\"datePublished\":\"2017-02-09T22:23:08+00:00\",\"dateModified\":\"2017-02-09T22:23:50+00:00\",\"description\":\"Por Mariana Escalada y Agust\u00edn Ronconi para El Disenso La gobernadora de la provincia de Buenos Aires Mar\u00eda Eugenia Vidal est\u00e1 en guerra con los\",\"breadcrumb\":{\"@id\":\"https:\/\/www.pressenza.com\/es\/2017\/02\/buenos-aires-vidal-censura-la-prensa-asfixia-los-municipios-k\/#breadcrumb\"},\"inLanguage\":\"es\",\"potentialAction\":[{\"@type\":\"ReadAction\",\"target\":[\"https:\/\/www.pressenza.com\/es\/2017\/02\/buenos-aires-vidal-censura-la-prensa-asfixia-los-municipios-k\/\"]}]},{\"@type\":\"ImageObject\",\"inLanguage\":\"es\",\"@id\":\"https:\/\/www.pressenza.com\/es\/2017\/02\/buenos-aires-vidal-censura-la-prensa-asfixia-los-municipios-k\/#primaryimage\",\"url\":\"https:\/\/www.pressenza.com\/wp-content\/uploads\/2017\/02\/vidal.jpg\",\"contentUrl\":\"https:\/\/www.pressenza.com\/wp-content\/uploads\/2017\/02\/vidal.jpg\",\"width\":1024,\"height\":607},{\"@type\":\"BreadcrumbList\",\"@id\":\"https:\/\/www.pressenza.com\/es\/2017\/02\/buenos-aires-vidal-censura-la-prensa-asfixia-los-municipios-k\/#breadcrumb\",\"itemListElement\":[{\"@type\":\"ListItem\",\"position\":1,\"name\":\"Accueil\",\"item\":\"https:\/\/www.pressenza.com\/es\/\"},{\"@type\":\"ListItem\",\"position\":2,\"name\":\"Buenos Aires: Vidal censura a la prensa y asfixia a los municipios K\"}]},{\"@type\":\"WebSite\",\"@id\":\"https:\/\/www.pressenza.com\/es\/#website\",\"url\":\"https:\/\/www.pressenza.com\/es\/\",\"name\":\"Pressenza\",\"description\":\"International Press Agency\",\"publisher\":{\"@id\":\"https:\/\/www.pressenza.com\/es\/#organization\"},\"potentialAction\":[{\"@type\":\"SearchAction\",\"target\":{\"@type\":\"EntryPoint\",\"urlTemplate\":\"https:\/\/www.pressenza.com\/es\/?s={search_term_string}\"},\"query-input\":{\"@type\":\"PropertyValueSpecification\",\"valueRequired\":true,\"valueName\":\"search_term_string\"}}],\"inLanguage\":\"es\"},{\"@type\":\"Organization\",\"@id\":\"https:\/\/www.pressenza.com\/es\/#organization\",\"name\":\"Pressenza\",\"url\":\"https:\/\/www.pressenza.com\/es\/\",\"logo\":{\"@type\":\"ImageObject\",\"inLanguage\":\"es\",\"@id\":\"https:\/\/www.pressenza.com\/es\/#\/schema\/logo\/image\/\",\"url\":\"https:\/\/www.pressenza.com\/wp-content\/uploads\/2022\/10\/pressenza_logo_200x200.jpg\",\"contentUrl\":\"https:\/\/www.pressenza.com\/wp-content\/uploads\/2022\/10\/pressenza_logo_200x200.jpg\",\"width\":200,\"height\":200,\"caption\":\"Pressenza\"},\"image\":{\"@id\":\"https:\/\/www.pressenza.com\/es\/#\/schema\/logo\/image\/\"},\"sameAs\":[\"https:\/\/www.facebook.com\/PressenzaItalia\",\"https:\/\/x.com\/PressenzaIPA\"]},{\"@type\":\"Person\",\"@id\":\"https:\/\/www.pressenza.com\/es\/#\/schema\/person\/0dda7d1b68267ad95b1e1d83abc98c89\",\"name\":\"Redacci\u00f3n Argentina\",\"description\":\"News from the Pressenza Bureau in Argentina.\",\"sameAs\":[\"https:\/\/x.com\/pressenza\"],\"url\":\"https:\/\/www.pressenza.com\/es\/author\/redaccion-argentina\/\"}]}<\/script>\n<!-- \/ Yoast SEO plugin. -->","yoast_head_json":{"title":"Buenos Aires: Vidal censura a la prensa y asfixia a los municipios K","description":"Por Mariana Escalada y Agust\u00edn Ronconi para El Disenso La gobernadora de la provincia de Buenos Aires Mar\u00eda Eugenia Vidal est\u00e1 en guerra con los","robots":{"index":"index","follow":"follow","max-snippet":"max-snippet:-1","max-image-preview":"max-image-preview:large","max-video-preview":"max-video-preview:-1"},"canonical":"https:\/\/www.pressenza.com\/es\/2017\/02\/buenos-aires-vidal-censura-la-prensa-asfixia-los-municipios-k\/","og_locale":"es_ES","og_type":"article","og_title":"Buenos Aires: Vidal censura a la prensa y asfixia a los municipios K","og_description":"Por Mariana Escalada y Agust\u00edn Ronconi para El Disenso La gobernadora de la provincia de Buenos Aires Mar\u00eda Eugenia Vidal est\u00e1 en guerra con los","og_url":"https:\/\/www.pressenza.com\/es\/2017\/02\/buenos-aires-vidal-censura-la-prensa-asfixia-los-municipios-k\/","og_site_name":"Pressenza","article_publisher":"https:\/\/www.facebook.com\/PressenzaItalia","article_published_time":"2017-02-09T22:23:08+00:00","article_modified_time":"2017-02-09T22:23:50+00:00","og_image":[{"width":1024,"height":607,"url":"https:\/\/www.pressenza.com\/wp-content\/uploads\/2017\/02\/vidal.jpg","type":"image\/jpeg"}],"author":"Redacci\u00f3n Argentina","twitter_card":"summary_large_image","twitter_creator":"@pressenza","twitter_site":"@PressenzaIPA","twitter_misc":{"Escrito por":"Redacci\u00f3n Argentina","Tiempo de lectura":"4 minutos"},"schema":{"@context":"https:\/\/schema.org","@graph":[{"@type":"Article","@id":"https:\/\/www.pressenza.com\/es\/2017\/02\/buenos-aires-vidal-censura-la-prensa-asfixia-los-municipios-k\/#article","isPartOf":{"@id":"https:\/\/www.pressenza.com\/es\/2017\/02\/buenos-aires-vidal-censura-la-prensa-asfixia-los-municipios-k\/"},"author":{"name":"Redacci\u00f3n Argentina","@id":"https:\/\/www.pressenza.com\/es\/#\/schema\/person\/0dda7d1b68267ad95b1e1d83abc98c89"},"headline":"Buenos Aires: Vidal censura a la prensa y asfixia a los municipios K","datePublished":"2017-02-09T22:23:08+00:00","dateModified":"2017-02-09T22:23:50+00:00","mainEntityOfPage":{"@id":"https:\/\/www.pressenza.com\/es\/2017\/02\/buenos-aires-vidal-censura-la-prensa-asfixia-los-municipios-k\/"},"wordCount":896,"publisher":{"@id":"https:\/\/www.pressenza.com\/es\/#organization"},"image":{"@id":"https:\/\/www.pressenza.com\/es\/2017\/02\/buenos-aires-vidal-censura-la-prensa-asfixia-los-municipios-k\/#primaryimage"},"thumbnailUrl":"https:\/\/www.pressenza.com\/wp-content\/uploads\/2017\/02\/vidal.jpg","keywords":["ajuste","Argentina","Buenos Aires","Cambiemos","censura","recortes"],"articleSection":["Econom\u00eda","Pol\u00edtica","Sudam\u00e9rica"],"inLanguage":"es"},{"@type":"WebPage","@id":"https:\/\/www.pressenza.com\/es\/2017\/02\/buenos-aires-vidal-censura-la-prensa-asfixia-los-municipios-k\/","url":"https:\/\/www.pressenza.com\/es\/2017\/02\/buenos-aires-vidal-censura-la-prensa-asfixia-los-municipios-k\/","name":"Buenos Aires: Vidal censura a la prensa y asfixia a los municipios K","isPartOf":{"@id":"https:\/\/www.pressenza.com\/es\/#website"},"primaryImageOfPage":{"@id":"https:\/\/www.pressenza.com\/es\/2017\/02\/buenos-aires-vidal-censura-la-prensa-asfixia-los-municipios-k\/#primaryimage"},"image":{"@id":"https:\/\/www.pressenza.com\/es\/2017\/02\/buenos-aires-vidal-censura-la-prensa-asfixia-los-municipios-k\/#primaryimage"},"thumbnailUrl":"https:\/\/www.pressenza.com\/wp-content\/uploads\/2017\/02\/vidal.jpg","datePublished":"2017-02-09T22:23:08+00:00","dateModified":"2017-02-09T22:23:50+00:00","description":"Por Mariana Escalada y Agust\u00edn Ronconi para El Disenso La gobernadora de la provincia de Buenos Aires Mar\u00eda Eugenia Vidal est\u00e1 en guerra con los","breadcrumb":{"@id":"https:\/\/www.pressenza.com\/es\/2017\/02\/buenos-aires-vidal-censura-la-prensa-asfixia-los-municipios-k\/#breadcrumb"},"inLanguage":"es","potentialAction":[{"@type":"ReadAction","target":["https:\/\/www.pressenza.com\/es\/2017\/02\/buenos-aires-vidal-censura-la-prensa-asfixia-los-municipios-k\/"]}]},{"@type":"ImageObject","inLanguage":"es","@id":"https:\/\/www.pressenza.com\/es\/2017\/02\/buenos-aires-vidal-censura-la-prensa-asfixia-los-municipios-k\/#primaryimage","url":"https:\/\/www.pressenza.com\/wp-content\/uploads\/2017\/02\/vidal.jpg","contentUrl":"https:\/\/www.pressenza.com\/wp-content\/uploads\/2017\/02\/vidal.jpg","width":1024,"height":607},{"@type":"BreadcrumbList","@id":"https:\/\/www.pressenza.com\/es\/2017\/02\/buenos-aires-vidal-censura-la-prensa-asfixia-los-municipios-k\/#breadcrumb","itemListElement":[{"@type":"ListItem","position":1,"name":"Accueil","item":"https:\/\/www.pressenza.com\/es\/"},{"@type":"ListItem","position":2,"name":"Buenos Aires: Vidal censura a la prensa y asfixia a los municipios K"}]},{"@type":"WebSite","@id":"https:\/\/www.pressenza.com\/es\/#website","url":"https:\/\/www.pressenza.com\/es\/","name":"Pressenza","description":"International Press Agency","publisher":{"@id":"https:\/\/www.pressenza.com\/es\/#organization"},"potentialAction":[{"@type":"SearchAction","target":{"@type":"EntryPoint","urlTemplate":"https:\/\/www.pressenza.com\/es\/?s={search_term_string}"},"query-input":{"@type":"PropertyValueSpecification","valueRequired":true,"valueName":"search_term_string"}}],"inLanguage":"es"},{"@type":"Organization","@id":"https:\/\/www.pressenza.com\/es\/#organization","name":"Pressenza","url":"https:\/\/www.pressenza.com\/es\/","logo":{"@type":"ImageObject","inLanguage":"es","@id":"https:\/\/www.pressenza.com\/es\/#\/schema\/logo\/image\/","url":"https:\/\/www.pressenza.com\/wp-content\/uploads\/2022\/10\/pressenza_logo_200x200.jpg","contentUrl":"https:\/\/www.pressenza.com\/wp-content\/uploads\/2022\/10\/pressenza_logo_200x200.jpg","width":200,"height":200,"caption":"Pressenza"},"image":{"@id":"https:\/\/www.pressenza.com\/es\/#\/schema\/logo\/image\/"},"sameAs":["https:\/\/www.facebook.com\/PressenzaItalia","https:\/\/x.com\/PressenzaIPA"]},{"@type":"Person","@id":"https:\/\/www.pressenza.com\/es\/#\/schema\/person\/0dda7d1b68267ad95b1e1d83abc98c89","name":"Redacci\u00f3n Argentina","description":"News from the Pressenza Bureau in Argentina.","sameAs":["https:\/\/x.com\/pressenza"],"url":"https:\/\/www.pressenza.com\/es\/author\/redaccion-argentina\/"}]}},"place":"Buenos Aires, Argentina","original_article_url":"http:\/\/www.eldisenso.com\/politica\/vidal-censura-la-prensa-y-asfixia-los-municipios-k\/?#","_links":{"self":[{"href":"https:\/\/www.pressenza.com\/es\/wp-json\/wp\/v2\/posts\/430184","targetHints":{"allow":["GET"]}}],"collection":[{"href":"https:\/\/www.pressenza.com\/es\/wp-json\/wp\/v2\/posts"}],"about":[{"href":"https:\/\/www.pressenza.com\/es\/wp-json\/wp\/v2\/types\/post"}],"author":[{"embeddable":true,"href":"https:\/\/www.pressenza.com\/es\/wp-json\/wp\/v2\/users\/87"}],"replies":[{"embeddable":true,"href":"https:\/\/www.pressenza.com\/es\/wp-json\/wp\/v2\/comments?post=430184"}],"version-history":[{"count":0,"href":"https:\/\/www.pressenza.com\/es\/wp-json\/wp\/v2\/posts\/430184\/revisions"}],"wp:featuredmedia":[{"embeddable":true,"href":"https:\/\/www.pressenza.com\/es\/wp-json\/wp\/v2\/media\/430192"}],"wp:attachment":[{"href":"https:\/\/www.pressenza.com\/es\/wp-json\/wp\/v2\/media?parent=430184"}],"wp:term":[{"taxonomy":"category","embeddable":true,"href":"https:\/\/www.pressenza.com\/es\/wp-json\/wp\/v2\/categories?post=430184"},{"taxonomy":"post_tag","embeddable":true,"href":"https:\/\/www.pressenza.com\/es\/wp-json\/wp\/v2\/tags?post=430184"}],"curies":[{"name":"wp","href":"https:\/\/api.w.org\/{rel}","templated":true}]}}