{"id":4284,"date":"2010-11-12T00:00:00","date_gmt":"2010-11-12T00:00:00","guid":{"rendered":""},"modified":"2010-11-12T11:27:38","modified_gmt":"2010-11-12T11:27:38","slug":"humanistas-se-volvieron-a-encadenar-en-el-congreso-por-la-ley-de-educacion-en-la-no-violencia","status":"publish","type":"post","link":"https:\/\/www.pressenza.com\/es\/2010\/11\/humanistas-se-volvieron-a-encadenar-en-el-congreso-por-la-ley-de-educacion-en-la-no-violencia\/","title":{"rendered":"Humanistas se volvieron a encadenar en el Congreso por la ley de Educaci\u00f3n en la No-Violencia"},"content":{"rendered":"<p>Fue el pasado 10 de noviembre, pasadas las 18,acompa\u00f1ados de decenas de manifestantes humanistas que se sumaron a esta acci\u00f3n no-violenta para exigir a los legisladores que cumplan con su mandato y sancionen una ley que da herramientas para superar la violencia. Adem\u00e1s, denunciaron el proyecto de ley del Servicio C\u00edvico Voluntario. <\/p>\n<p>El \u00faltimo 6 de octubre los humanistas se hab\u00edan encadenado con el mismo fin y fueron recibidos por la secretaria del diputado Vilari\u00f1o, quien present\u00f3 el proyecto, y prometi\u00f3 una reuni\u00f3n con el legislador. Tras semanas de seguimiento y llamados la reuni\u00f3n no se llev\u00f3 a cabo. <\/p>\n<p>Adem\u00e1s, denunciaron \u201cla hipocres\u00eda con la que los legisladores, cotidianamente, hablan en los medios de comunicaci\u00f3n pidiendo mano dura y todo tipo de hipot\u00e9ticas soluciones violentas que no apuntan a solucionar el problema en su ra\u00edz sino que lo profundizan\u201d. <\/p>\n<p>Tal es el caso, del proyecto de ley del Servicio C\u00edvico Voluntario, presentado por el vicepresidente Julio Cobos, que \u201cplantea una soluci\u00f3n rid\u00edcula, discriminatoria y violenta, encerrando a los j\u00f3venes y cedi\u00e9ndoles su futuro a las fuerzas armadas. Denunciamos este proyecto y todos los proyectos violentos y fascistas para controlar a la juventud\u201d, afirmo Ignacio Arruez, miembro del Partido Humanista. <\/p>\n<p>\u201cNos encadenamos al Congreso de la Naci\u00f3n porque sentimos que estamos encadenados a un sistema violento e inhumano y queremos ponerlo en evidencia.<\/p>\n<p>Queremos tambi\u00e9n poner en evidencia que hay respuestas v\u00e1lidas y profundas, basadas en la no-violencia  que no son escuchadas ni  tratadas por quienes tienen la responsabilidad de legislar\u201d, afirm\u00f3 Martin Slucki, miembro de La Comunidad y uno de los ide\u00f3logos de la actividad.  <\/p>\n<p>La Ley de  \u201cEducaci\u00f3n en la Metodolog\u00eda de la No-Violencia\u201d, ideada y promovida  por La Comunidad para el desarrollo humano, organismo social y cultural del Movimiento Humanista, fue presentada por el Diputado, Juan Manuel Urtubey, en el a\u00f1o 2006 y perdio vigencia al no ser tratada, y fue nuevamente presentada por el Diputado Nacional Dr. Jos\u00e9 Vilari\u00f1o en este a\u00f1o, 2010. <\/p>\n","protected":false},"excerpt":{"rendered":"<p>Bajo el lema \u201cLa violencia nos encadena, la No-violencia nos libera\u201d, miembros de La Comunidad para el desarrollo humano, el Partido Humanista y Convergencia de las Culturas se volvieron a encadenar a las puertas del Congreso de la Naci\u00f3n para exigir el urgente tratamiento de la Ley de educaci\u00f3n en la metodolog\u00eda de la No-violencia  <\/p>\n","protected":false},"author":418,"featured_media":0,"comment_status":"closed","ping_status":"open","sticky":false,"template":"","format":"standard","meta":{"footnotes":""},"categories":[74,67],"tags":[],"class_list":["post-4284","post","type-post","status-publish","format-standard","hentry","category-politica-es","category-sudamerica"],"yoast_head":"<!-- This site is optimized with the Yoast SEO plugin v27.1.1 - https:\/\/yoast.com\/product\/yoast-seo-wordpress\/ -->\n<title>Humanistas se volvieron a encadenar en el Congreso por la ley de Educaci\u00f3n en la No-Violencia<\/title>\n<meta name=\"description\" content=\"Bajo el lema \u201cLa violencia nos encadena, la No-violencia nos libera\u201d, miembros de La Comunidad para el desarrollo humano, el Partido Humanista y Convergencia de las Culturas se volvieron a encadenar a las puertas del Congreso de la Naci\u00f3n para exigir el urgente tratamiento de la Ley de educaci\u00f3n en la metodolog\u00eda de la No-violencia\" \/>\n<meta name=\"robots\" content=\"index, follow, max-snippet:-1, max-image-preview:large, max-video-preview:-1\" \/>\n<link rel=\"canonical\" href=\"https:\/\/www.pressenza.com\/es\/2010\/11\/humanistas-se-volvieron-a-encadenar-en-el-congreso-por-la-ley-de-educacion-en-la-no-violencia\/\" \/>\n<meta property=\"og:locale\" content=\"es_ES\" \/>\n<meta property=\"og:type\" content=\"article\" \/>\n<meta property=\"og:title\" content=\"Humanistas se volvieron a encadenar en el Congreso por la ley de Educaci\u00f3n en la No-Violencia\" \/>\n<meta property=\"og:description\" content=\"Bajo el lema \u201cLa violencia nos encadena, la No-violencia nos libera\u201d, miembros de La Comunidad para el desarrollo humano, el Partido Humanista y Convergencia de las Culturas se volvieron a encadenar a las puertas del Congreso de la Naci\u00f3n para exigir el urgente tratamiento de la Ley de educaci\u00f3n en la metodolog\u00eda de la No-violencia\" \/>\n<meta property=\"og:url\" content=\"https:\/\/www.pressenza.com\/es\/2010\/11\/humanistas-se-volvieron-a-encadenar-en-el-congreso-por-la-ley-de-educacion-en-la-no-violencia\/\" \/>\n<meta property=\"og:site_name\" content=\"Pressenza\" \/>\n<meta property=\"article:publisher\" content=\"https:\/\/www.facebook.com\/PressenzaItalia\" \/>\n<meta property=\"article:published_time\" content=\"2010-11-12T00:00:00+00:00\" \/>\n<meta property=\"article:modified_time\" content=\"2010-11-12T11:27:38+00:00\" \/>\n<meta name=\"author\" content=\"Gabriel Yastrubni\" \/>\n<meta name=\"twitter:card\" content=\"summary_large_image\" \/>\n<meta name=\"twitter:creator\" content=\"@PressenzaIPA\" \/>\n<meta name=\"twitter:site\" content=\"@PressenzaIPA\" \/>\n<meta name=\"twitter:label1\" content=\"Escrito por\" \/>\n\t<meta name=\"twitter:data1\" content=\"Gabriel Yastrubni\" \/>\n\t<meta name=\"twitter:label2\" content=\"Tiempo de lectura\" \/>\n\t<meta name=\"twitter:data2\" content=\"2 minutos\" \/>\n<script type=\"application\/ld+json\" class=\"yoast-schema-graph\">{\"@context\":\"https:\/\/schema.org\",\"@graph\":[{\"@type\":\"Article\",\"@id\":\"https:\/\/www.pressenza.com\/es\/2010\/11\/humanistas-se-volvieron-a-encadenar-en-el-congreso-por-la-ley-de-educacion-en-la-no-violencia\/#article\",\"isPartOf\":{\"@id\":\"https:\/\/www.pressenza.com\/es\/2010\/11\/humanistas-se-volvieron-a-encadenar-en-el-congreso-por-la-ley-de-educacion-en-la-no-violencia\/\"},\"author\":{\"name\":\"Gabriel Yastrubni\",\"@id\":\"https:\/\/www.pressenza.com\/es\/#\/schema\/person\/65eb65319257d673fb477db5b553da47\"},\"headline\":\"Humanistas se volvieron a encadenar en el Congreso por la ley de Educaci\u00f3n en la No-Violencia\",\"datePublished\":\"2010-11-12T00:00:00+00:00\",\"dateModified\":\"2010-11-12T11:27:38+00:00\",\"mainEntityOfPage\":{\"@id\":\"https:\/\/www.pressenza.com\/es\/2010\/11\/humanistas-se-volvieron-a-encadenar-en-el-congreso-por-la-ley-de-educacion-en-la-no-violencia\/\"},\"wordCount\":366,\"publisher\":{\"@id\":\"https:\/\/www.pressenza.com\/es\/#organization\"},\"articleSection\":[\"Pol\u00edtica\",\"Sudam\u00e9rica\"],\"inLanguage\":\"es\"},{\"@type\":\"WebPage\",\"@id\":\"https:\/\/www.pressenza.com\/es\/2010\/11\/humanistas-se-volvieron-a-encadenar-en-el-congreso-por-la-ley-de-educacion-en-la-no-violencia\/\",\"url\":\"https:\/\/www.pressenza.com\/es\/2010\/11\/humanistas-se-volvieron-a-encadenar-en-el-congreso-por-la-ley-de-educacion-en-la-no-violencia\/\",\"name\":\"Humanistas se volvieron a encadenar en el Congreso por la ley de Educaci\u00f3n en la No-Violencia\",\"isPartOf\":{\"@id\":\"https:\/\/www.pressenza.com\/es\/#website\"},\"datePublished\":\"2010-11-12T00:00:00+00:00\",\"dateModified\":\"2010-11-12T11:27:38+00:00\",\"description\":\"Bajo el lema \u201cLa violencia nos encadena, la No-violencia nos libera\u201d, miembros de La Comunidad para el desarrollo humano, el Partido Humanista y Convergencia de las Culturas se volvieron a encadenar a las puertas del Congreso de la Naci\u00f3n para exigir el urgente tratamiento de la Ley de educaci\u00f3n en la metodolog\u00eda de la No-violencia\",\"breadcrumb\":{\"@id\":\"https:\/\/www.pressenza.com\/es\/2010\/11\/humanistas-se-volvieron-a-encadenar-en-el-congreso-por-la-ley-de-educacion-en-la-no-violencia\/#breadcrumb\"},\"inLanguage\":\"es\",\"potentialAction\":[{\"@type\":\"ReadAction\",\"target\":[\"https:\/\/www.pressenza.com\/es\/2010\/11\/humanistas-se-volvieron-a-encadenar-en-el-congreso-por-la-ley-de-educacion-en-la-no-violencia\/\"]}]},{\"@type\":\"BreadcrumbList\",\"@id\":\"https:\/\/www.pressenza.com\/es\/2010\/11\/humanistas-se-volvieron-a-encadenar-en-el-congreso-por-la-ley-de-educacion-en-la-no-violencia\/#breadcrumb\",\"itemListElement\":[{\"@type\":\"ListItem\",\"position\":1,\"name\":\"Accueil\",\"item\":\"https:\/\/www.pressenza.com\/es\/\"},{\"@type\":\"ListItem\",\"position\":2,\"name\":\"Humanistas se volvieron a encadenar en el Congreso por la ley de Educaci\u00f3n en la No-Violencia\"}]},{\"@type\":\"WebSite\",\"@id\":\"https:\/\/www.pressenza.com\/es\/#website\",\"url\":\"https:\/\/www.pressenza.com\/es\/\",\"name\":\"Pressenza\",\"description\":\"International Press Agency\",\"publisher\":{\"@id\":\"https:\/\/www.pressenza.com\/es\/#organization\"},\"potentialAction\":[{\"@type\":\"SearchAction\",\"target\":{\"@type\":\"EntryPoint\",\"urlTemplate\":\"https:\/\/www.pressenza.com\/es\/?s={search_term_string}\"},\"query-input\":{\"@type\":\"PropertyValueSpecification\",\"valueRequired\":true,\"valueName\":\"search_term_string\"}}],\"inLanguage\":\"es\"},{\"@type\":\"Organization\",\"@id\":\"https:\/\/www.pressenza.com\/es\/#organization\",\"name\":\"Pressenza\",\"url\":\"https:\/\/www.pressenza.com\/es\/\",\"logo\":{\"@type\":\"ImageObject\",\"inLanguage\":\"es\",\"@id\":\"https:\/\/www.pressenza.com\/es\/#\/schema\/logo\/image\/\",\"url\":\"https:\/\/www.pressenza.com\/wp-content\/uploads\/2022\/10\/pressenza_logo_200x200.jpg\",\"contentUrl\":\"https:\/\/www.pressenza.com\/wp-content\/uploads\/2022\/10\/pressenza_logo_200x200.jpg\",\"width\":200,\"height\":200,\"caption\":\"Pressenza\"},\"image\":{\"@id\":\"https:\/\/www.pressenza.com\/es\/#\/schema\/logo\/image\/\"},\"sameAs\":[\"https:\/\/www.facebook.com\/PressenzaItalia\",\"https:\/\/x.com\/PressenzaIPA\"]},{\"@type\":\"Person\",\"@id\":\"https:\/\/www.pressenza.com\/es\/#\/schema\/person\/65eb65319257d673fb477db5b553da47\",\"name\":\"Gabriel Yastrubni\",\"url\":\"https:\/\/www.pressenza.com\/es\/author\/gabriel-yastrubni\/\"}]}<\/script>\n<!-- \/ Yoast SEO plugin. -->","yoast_head_json":{"title":"Humanistas se volvieron a encadenar en el Congreso por la ley de Educaci\u00f3n en la No-Violencia","description":"Bajo el lema \u201cLa violencia nos encadena, la No-violencia nos libera\u201d, miembros de La Comunidad para el desarrollo humano, el Partido Humanista y Convergencia de las Culturas se volvieron a encadenar a las puertas del Congreso de la Naci\u00f3n para exigir el urgente tratamiento de la Ley de educaci\u00f3n en la metodolog\u00eda de la No-violencia","robots":{"index":"index","follow":"follow","max-snippet":"max-snippet:-1","max-image-preview":"max-image-preview:large","max-video-preview":"max-video-preview:-1"},"canonical":"https:\/\/www.pressenza.com\/es\/2010\/11\/humanistas-se-volvieron-a-encadenar-en-el-congreso-por-la-ley-de-educacion-en-la-no-violencia\/","og_locale":"es_ES","og_type":"article","og_title":"Humanistas se volvieron a encadenar en el Congreso por la ley de Educaci\u00f3n en la No-Violencia","og_description":"Bajo el lema \u201cLa violencia nos encadena, la No-violencia nos libera\u201d, miembros de La Comunidad para el desarrollo humano, el Partido Humanista y Convergencia de las Culturas se volvieron a encadenar a las puertas del Congreso de la Naci\u00f3n para exigir el urgente tratamiento de la Ley de educaci\u00f3n en la metodolog\u00eda de la No-violencia","og_url":"https:\/\/www.pressenza.com\/es\/2010\/11\/humanistas-se-volvieron-a-encadenar-en-el-congreso-por-la-ley-de-educacion-en-la-no-violencia\/","og_site_name":"Pressenza","article_publisher":"https:\/\/www.facebook.com\/PressenzaItalia","article_published_time":"2010-11-12T00:00:00+00:00","article_modified_time":"2010-11-12T11:27:38+00:00","author":"Gabriel Yastrubni","twitter_card":"summary_large_image","twitter_creator":"@PressenzaIPA","twitter_site":"@PressenzaIPA","twitter_misc":{"Escrito por":"Gabriel Yastrubni","Tiempo de lectura":"2 minutos"},"schema":{"@context":"https:\/\/schema.org","@graph":[{"@type":"Article","@id":"https:\/\/www.pressenza.com\/es\/2010\/11\/humanistas-se-volvieron-a-encadenar-en-el-congreso-por-la-ley-de-educacion-en-la-no-violencia\/#article","isPartOf":{"@id":"https:\/\/www.pressenza.com\/es\/2010\/11\/humanistas-se-volvieron-a-encadenar-en-el-congreso-por-la-ley-de-educacion-en-la-no-violencia\/"},"author":{"name":"Gabriel Yastrubni","@id":"https:\/\/www.pressenza.com\/es\/#\/schema\/person\/65eb65319257d673fb477db5b553da47"},"headline":"Humanistas se volvieron a encadenar en el Congreso por la ley de Educaci\u00f3n en la No-Violencia","datePublished":"2010-11-12T00:00:00+00:00","dateModified":"2010-11-12T11:27:38+00:00","mainEntityOfPage":{"@id":"https:\/\/www.pressenza.com\/es\/2010\/11\/humanistas-se-volvieron-a-encadenar-en-el-congreso-por-la-ley-de-educacion-en-la-no-violencia\/"},"wordCount":366,"publisher":{"@id":"https:\/\/www.pressenza.com\/es\/#organization"},"articleSection":["Pol\u00edtica","Sudam\u00e9rica"],"inLanguage":"es"},{"@type":"WebPage","@id":"https:\/\/www.pressenza.com\/es\/2010\/11\/humanistas-se-volvieron-a-encadenar-en-el-congreso-por-la-ley-de-educacion-en-la-no-violencia\/","url":"https:\/\/www.pressenza.com\/es\/2010\/11\/humanistas-se-volvieron-a-encadenar-en-el-congreso-por-la-ley-de-educacion-en-la-no-violencia\/","name":"Humanistas se volvieron a encadenar en el Congreso por la ley de Educaci\u00f3n en la No-Violencia","isPartOf":{"@id":"https:\/\/www.pressenza.com\/es\/#website"},"datePublished":"2010-11-12T00:00:00+00:00","dateModified":"2010-11-12T11:27:38+00:00","description":"Bajo el lema \u201cLa violencia nos encadena, la No-violencia nos libera\u201d, miembros de La Comunidad para el desarrollo humano, el Partido Humanista y Convergencia de las Culturas se volvieron a encadenar a las puertas del Congreso de la Naci\u00f3n para exigir el urgente tratamiento de la Ley de educaci\u00f3n en la metodolog\u00eda de la No-violencia","breadcrumb":{"@id":"https:\/\/www.pressenza.com\/es\/2010\/11\/humanistas-se-volvieron-a-encadenar-en-el-congreso-por-la-ley-de-educacion-en-la-no-violencia\/#breadcrumb"},"inLanguage":"es","potentialAction":[{"@type":"ReadAction","target":["https:\/\/www.pressenza.com\/es\/2010\/11\/humanistas-se-volvieron-a-encadenar-en-el-congreso-por-la-ley-de-educacion-en-la-no-violencia\/"]}]},{"@type":"BreadcrumbList","@id":"https:\/\/www.pressenza.com\/es\/2010\/11\/humanistas-se-volvieron-a-encadenar-en-el-congreso-por-la-ley-de-educacion-en-la-no-violencia\/#breadcrumb","itemListElement":[{"@type":"ListItem","position":1,"name":"Accueil","item":"https:\/\/www.pressenza.com\/es\/"},{"@type":"ListItem","position":2,"name":"Humanistas se volvieron a encadenar en el Congreso por la ley de Educaci\u00f3n en la No-Violencia"}]},{"@type":"WebSite","@id":"https:\/\/www.pressenza.com\/es\/#website","url":"https:\/\/www.pressenza.com\/es\/","name":"Pressenza","description":"International Press Agency","publisher":{"@id":"https:\/\/www.pressenza.com\/es\/#organization"},"potentialAction":[{"@type":"SearchAction","target":{"@type":"EntryPoint","urlTemplate":"https:\/\/www.pressenza.com\/es\/?s={search_term_string}"},"query-input":{"@type":"PropertyValueSpecification","valueRequired":true,"valueName":"search_term_string"}}],"inLanguage":"es"},{"@type":"Organization","@id":"https:\/\/www.pressenza.com\/es\/#organization","name":"Pressenza","url":"https:\/\/www.pressenza.com\/es\/","logo":{"@type":"ImageObject","inLanguage":"es","@id":"https:\/\/www.pressenza.com\/es\/#\/schema\/logo\/image\/","url":"https:\/\/www.pressenza.com\/wp-content\/uploads\/2022\/10\/pressenza_logo_200x200.jpg","contentUrl":"https:\/\/www.pressenza.com\/wp-content\/uploads\/2022\/10\/pressenza_logo_200x200.jpg","width":200,"height":200,"caption":"Pressenza"},"image":{"@id":"https:\/\/www.pressenza.com\/es\/#\/schema\/logo\/image\/"},"sameAs":["https:\/\/www.facebook.com\/PressenzaItalia","https:\/\/x.com\/PressenzaIPA"]},{"@type":"Person","@id":"https:\/\/www.pressenza.com\/es\/#\/schema\/person\/65eb65319257d673fb477db5b553da47","name":"Gabriel Yastrubni","url":"https:\/\/www.pressenza.com\/es\/author\/gabriel-yastrubni\/"}]}},"place":"Buenos Aires","original_article_url":"","_links":{"self":[{"href":"https:\/\/www.pressenza.com\/es\/wp-json\/wp\/v2\/posts\/4284","targetHints":{"allow":["GET"]}}],"collection":[{"href":"https:\/\/www.pressenza.com\/es\/wp-json\/wp\/v2\/posts"}],"about":[{"href":"https:\/\/www.pressenza.com\/es\/wp-json\/wp\/v2\/types\/post"}],"author":[{"embeddable":true,"href":"https:\/\/www.pressenza.com\/es\/wp-json\/wp\/v2\/users\/418"}],"replies":[{"embeddable":true,"href":"https:\/\/www.pressenza.com\/es\/wp-json\/wp\/v2\/comments?post=4284"}],"version-history":[{"count":0,"href":"https:\/\/www.pressenza.com\/es\/wp-json\/wp\/v2\/posts\/4284\/revisions"}],"wp:attachment":[{"href":"https:\/\/www.pressenza.com\/es\/wp-json\/wp\/v2\/media?parent=4284"}],"wp:term":[{"taxonomy":"category","embeddable":true,"href":"https:\/\/www.pressenza.com\/es\/wp-json\/wp\/v2\/categories?post=4284"},{"taxonomy":"post_tag","embeddable":true,"href":"https:\/\/www.pressenza.com\/es\/wp-json\/wp\/v2\/tags?post=4284"}],"curies":[{"name":"wp","href":"https:\/\/api.w.org\/{rel}","templated":true}]}}