{"id":426617,"date":"2017-02-01T04:27:02","date_gmt":"2017-02-01T04:27:02","guid":{"rendered":"http:\/\/www.pressenza.com\/?p=426617\/"},"modified":"2017-02-01T04:27:02","modified_gmt":"2017-02-01T04:27:02","slug":"las-lineas-divisorias","status":"publish","type":"post","link":"https:\/\/www.pressenza.com\/es\/2017\/02\/las-lineas-divisorias\/","title":{"rendered":"Las l\u00edneas divisorias"},"content":{"rendered":"<h4>\u00d3rdenes ejecutivas con dedicatoria a los pa\u00edses del sur.<\/h4>\n<p>La construcci\u00f3n de muros en la mente del presidente de Estados Unidos no se limita \u00fanicamente a las portentosas vallas de hormig\u00f3n que pretende plantar en la frontera con M\u00e9xico. La abundante imaginaci\u00f3n de este mandatario va mucho m\u00e1s all\u00e1, al reinventar las restricciones para el ingreso de ciudadanos de otros pa\u00edses por razones de religi\u00f3n, cultura y origen \u00e9tnico con la excusa de provenir de pa\u00edses en conflicto y en donde existe presencia de organizaciones terroristas. Sumado a eso, el se\u00f1or Trump elev\u00f3, con su sola presencia, el ambiente de temor y angustia entre millones de inmigrantes en suelo estadounidense -originarios de otros pa\u00edses- cuya permanencia pende de un hilo sean o no indocumentados.<\/p>\n<p>En realidad, si el estatus legal no ha sido un valladar para impedir el ingreso de ciudadanos originarios de Ir\u00e1n, Irak, Siria, Yemen, Somalia, Libia y Sud\u00e1n por considerarlos un peligro para la seguridad interior, nada le impide generar una prohibici\u00f3n para el ingreso de ciudadanos de otras regiones. Miles de pasajeros fueron detenidos y algunos deportados de inmediato a sus pa\u00edses de origen el s\u00e1bado pasado en los aeropuestos de la Uni\u00f3n, mientras otros fueron sometidos a intensos interrogatorios.<\/p>\n<p>La mayor\u00eda de estos pasajeros viajaban con visa e incluso se impidi\u00f3 el ingreso al pa\u00eds de muchos que ya poseen el estatus de residente. Los argumentos a favor de la medida por parte de algunos pol\u00edticos y analistas de medios de comunicaci\u00f3n, no lograron neutralizar el ambiente de rechazo generado por este dr\u00e1stico operativo, incluso entre algunos funcionarios del r\u00e9gimen, quienes temen una reacci\u00f3n masiva de protesta. Este incidente \u2013si se le puede llamar as\u00ed- tambi\u00e9n debe ser tomado en cuenta por los pa\u00edses ubicados al sur de la frontera con M\u00e9xico.<\/p>\n<p>Trump est\u00e1 cumpliendo una a una sus promesas. La guerra contra el terrorismo isl\u00e1mico convertida en una \u201cguerra santa\u201d para erradicar todo vestigio de amenaza terrorista de su territorio, aun cuando muchos de los atentados en suelo estadounidense han sido cometidos por sus propios ciudadanos. Luego, el rescate de la econom\u00eda declarando \u201cAm\u00e9rica para los americanos\u201d y el desaf\u00edo que ello implica con una especie de resaca de la producci\u00f3n industrial y los puestos de trabajo con el objetivo de crear una naci\u00f3n end\u00f3gena, cuyos est\u00e1ndares en t\u00e9rminos de ciudadan\u00eda estar\u00edan orientados a un estricto sistema de selecci\u00f3n para favorecer a los inmigrantes originarios dominantes, vale decir la poblaci\u00f3n cauc\u00e1sica.<\/p>\n<p>En Estados Unidos, lo latino siempre ha sido visto de lado. Para una gran mayor\u00eda de estadounidenses lo latino se reduce a M\u00e9xico y todo lo ubicado al sur de ese pa\u00eds, sin mayores distingos. Y dado el enorme flujo de inmigrantes indocumentados desde nuestros pa\u00edses, el estereotipo se ha ido consolidando. Sin embargo, Estados Unidos se ha enriquecido con el aporte de cient\u00edficos y profesionales, artistas y artesanos, gente honesta que ha cultivado sus campos y construido sus edificios, todos originarios del sur.<\/p>\n<p>Ante los movimientos cada vez m\u00e1s agresivos de la Casa Blanca por cerrar compuertas, los gobiernos de Am\u00e9rica Latina deben reaccionar con energ\u00eda y certeza con el objetivo de garantizar un trato digno y justo a sus ciudadanos, quienes han emigrado para buscar un futuro mejor y alimentan con sus remesas las arcas de sus pa\u00edses. Que el presidente de Estados Unidos tenga o no derecho a cerrar los accesos a los inmigrantes es una cosa. Que tenga derecho a vejarlos y tratarlos como criminales, es otra. Es momento de demostrar una postura solidaria con esos conciudadanos, algo ausente hasta la fecha.<\/p>\n","protected":false},"excerpt":{"rendered":"<p>\u00d3rdenes ejecutivas con dedicatoria a los pa\u00edses del sur. La construcci\u00f3n de muros en la mente del presidente de Estados Unidos no se limita \u00fanicamente a las portentosas vallas de hormig\u00f3n que pretende plantar en la frontera con M\u00e9xico. La&hellip;<\/p>\n","protected":false},"author":1296,"featured_media":426619,"comment_status":"closed","ping_status":"closed","sticky":false,"template":"","format":"standard","meta":{"footnotes":""},"categories":[11389,79,68,161],"tags":[5841,15662,21613,18966,26187,19168,1812,1321,15633,350,290],"class_list":["post-426617","post","type-post","status-publish","format-standard","has-post-thumbnail","hentry","category-contenido-original","category-derechos-humanos","category-norteamerica","category-opiniones","tag-america-latina","tag-america-latina-es","tag-casa-blanca","tag-donald-trump","tag-donald-trump-es","tag-estados-unidos","tag-inmigrantes","tag-mexico","tag-migrantes","tag-terrorismo-es","tag-terrorismo"],"yoast_head":"<!-- This site is optimized with the Yoast SEO plugin v27.1.1 - https:\/\/yoast.com\/product\/yoast-seo-wordpress\/ -->\n<title>Las l\u00edneas divisorias<\/title>\n<meta name=\"description\" content=\"\u00d3rdenes ejecutivas con dedicatoria a los pa\u00edses del sur. La construcci\u00f3n de muros en la mente del presidente de Estados Unidos no se limita \u00fanicamente a\" \/>\n<meta name=\"robots\" content=\"index, follow, max-snippet:-1, max-image-preview:large, max-video-preview:-1\" \/>\n<link rel=\"canonical\" href=\"https:\/\/www.pressenza.com\/es\/2017\/02\/las-lineas-divisorias\/\" \/>\n<meta property=\"og:locale\" content=\"es_ES\" \/>\n<meta property=\"og:type\" content=\"article\" \/>\n<meta property=\"og:title\" content=\"Las l\u00edneas divisorias\" \/>\n<meta property=\"og:description\" content=\"\u00d3rdenes ejecutivas con dedicatoria a los pa\u00edses del sur. La construcci\u00f3n de muros en la mente del presidente de Estados Unidos no se limita \u00fanicamente a\" \/>\n<meta property=\"og:url\" content=\"https:\/\/www.pressenza.com\/es\/2017\/02\/las-lineas-divisorias\/\" \/>\n<meta property=\"og:site_name\" content=\"Pressenza\" \/>\n<meta property=\"article:publisher\" content=\"https:\/\/www.facebook.com\/PressenzaItalia\" \/>\n<meta property=\"article:author\" content=\"https:\/\/www.facebook.com\/pages\/Carolina-V\u00e1squez-Araya\/241844515845237?fref=ts\" \/>\n<meta property=\"article:published_time\" content=\"2017-02-01T04:27:02+00:00\" \/>\n<meta property=\"og:image\" content=\"https:\/\/www.pressenza.com\/wp-content\/uploads\/2017\/02\/Geoff-Livingston.jpg\" \/>\n\t<meta property=\"og:image:width\" content=\"1024\" \/>\n\t<meta property=\"og:image:height\" content=\"718\" \/>\n\t<meta property=\"og:image:type\" content=\"image\/jpeg\" \/>\n<meta name=\"author\" content=\"Carolina V\u00e1squez Araya\" \/>\n<meta name=\"twitter:card\" content=\"summary_large_image\" \/>\n<meta name=\"twitter:creator\" content=\"@carvasar\" \/>\n<meta name=\"twitter:site\" content=\"@PressenzaIPA\" \/>\n<meta name=\"twitter:label1\" content=\"Escrito por\" \/>\n\t<meta name=\"twitter:data1\" content=\"Carolina V\u00e1squez Araya\" \/>\n\t<meta name=\"twitter:label2\" content=\"Tiempo de lectura\" \/>\n\t<meta name=\"twitter:data2\" content=\"3 minutos\" \/>\n<script type=\"application\/ld+json\" class=\"yoast-schema-graph\">{\"@context\":\"https:\/\/schema.org\",\"@graph\":[{\"@type\":\"Article\",\"@id\":\"https:\/\/www.pressenza.com\/es\/2017\/02\/las-lineas-divisorias\/#article\",\"isPartOf\":{\"@id\":\"https:\/\/www.pressenza.com\/es\/2017\/02\/las-lineas-divisorias\/\"},\"author\":{\"name\":\"Carolina V\u00e1squez Araya\",\"@id\":\"https:\/\/www.pressenza.com\/es\/#\/schema\/person\/6936ca3bb8dee618b5cdfd0e4427cdd6\"},\"headline\":\"Las l\u00edneas divisorias\",\"datePublished\":\"2017-02-01T04:27:02+00:00\",\"mainEntityOfPage\":{\"@id\":\"https:\/\/www.pressenza.com\/es\/2017\/02\/las-lineas-divisorias\/\"},\"wordCount\":648,\"publisher\":{\"@id\":\"https:\/\/www.pressenza.com\/es\/#organization\"},\"image\":{\"@id\":\"https:\/\/www.pressenza.com\/es\/2017\/02\/las-lineas-divisorias\/#primaryimage\"},\"thumbnailUrl\":\"https:\/\/www.pressenza.com\/wp-content\/uploads\/2017\/02\/Geoff-Livingston.jpg\",\"keywords\":[\"America Latina\",\"America Latina\",\"Casa Blanca\",\"Donald Trump\",\"Donald Trump\",\"Estados Unidos\",\"inmigrantes\",\"M\u00e9xico\",\"migrantes\",\"terrorismo\",\"terrorismo\"],\"articleSection\":[\"Contenido Original\",\"Derechos Humanos\",\"Norteam\u00e9rica\",\"Opiniones\"],\"inLanguage\":\"es\"},{\"@type\":\"WebPage\",\"@id\":\"https:\/\/www.pressenza.com\/es\/2017\/02\/las-lineas-divisorias\/\",\"url\":\"https:\/\/www.pressenza.com\/es\/2017\/02\/las-lineas-divisorias\/\",\"name\":\"Las l\u00edneas divisorias\",\"isPartOf\":{\"@id\":\"https:\/\/www.pressenza.com\/es\/#website\"},\"primaryImageOfPage\":{\"@id\":\"https:\/\/www.pressenza.com\/es\/2017\/02\/las-lineas-divisorias\/#primaryimage\"},\"image\":{\"@id\":\"https:\/\/www.pressenza.com\/es\/2017\/02\/las-lineas-divisorias\/#primaryimage\"},\"thumbnailUrl\":\"https:\/\/www.pressenza.com\/wp-content\/uploads\/2017\/02\/Geoff-Livingston.jpg\",\"datePublished\":\"2017-02-01T04:27:02+00:00\",\"description\":\"\u00d3rdenes ejecutivas con dedicatoria a los pa\u00edses del sur. La construcci\u00f3n de muros en la mente del presidente de Estados Unidos no se limita \u00fanicamente a\",\"breadcrumb\":{\"@id\":\"https:\/\/www.pressenza.com\/es\/2017\/02\/las-lineas-divisorias\/#breadcrumb\"},\"inLanguage\":\"es\",\"potentialAction\":[{\"@type\":\"ReadAction\",\"target\":[\"https:\/\/www.pressenza.com\/es\/2017\/02\/las-lineas-divisorias\/\"]}]},{\"@type\":\"ImageObject\",\"inLanguage\":\"es\",\"@id\":\"https:\/\/www.pressenza.com\/es\/2017\/02\/las-lineas-divisorias\/#primaryimage\",\"url\":\"https:\/\/www.pressenza.com\/wp-content\/uploads\/2017\/02\/Geoff-Livingston.jpg\",\"contentUrl\":\"https:\/\/www.pressenza.com\/wp-content\/uploads\/2017\/02\/Geoff-Livingston.jpg\",\"width\":1024,\"height\":718},{\"@type\":\"BreadcrumbList\",\"@id\":\"https:\/\/www.pressenza.com\/es\/2017\/02\/las-lineas-divisorias\/#breadcrumb\",\"itemListElement\":[{\"@type\":\"ListItem\",\"position\":1,\"name\":\"Accueil\",\"item\":\"https:\/\/www.pressenza.com\/es\/\"},{\"@type\":\"ListItem\",\"position\":2,\"name\":\"Las l\u00edneas divisorias\"}]},{\"@type\":\"WebSite\",\"@id\":\"https:\/\/www.pressenza.com\/es\/#website\",\"url\":\"https:\/\/www.pressenza.com\/es\/\",\"name\":\"Pressenza\",\"description\":\"International Press Agency\",\"publisher\":{\"@id\":\"https:\/\/www.pressenza.com\/es\/#organization\"},\"potentialAction\":[{\"@type\":\"SearchAction\",\"target\":{\"@type\":\"EntryPoint\",\"urlTemplate\":\"https:\/\/www.pressenza.com\/es\/?s={search_term_string}\"},\"query-input\":{\"@type\":\"PropertyValueSpecification\",\"valueRequired\":true,\"valueName\":\"search_term_string\"}}],\"inLanguage\":\"es\"},{\"@type\":\"Organization\",\"@id\":\"https:\/\/www.pressenza.com\/es\/#organization\",\"name\":\"Pressenza\",\"url\":\"https:\/\/www.pressenza.com\/es\/\",\"logo\":{\"@type\":\"ImageObject\",\"inLanguage\":\"es\",\"@id\":\"https:\/\/www.pressenza.com\/es\/#\/schema\/logo\/image\/\",\"url\":\"https:\/\/www.pressenza.com\/wp-content\/uploads\/2022\/10\/pressenza_logo_200x200.jpg\",\"contentUrl\":\"https:\/\/www.pressenza.com\/wp-content\/uploads\/2022\/10\/pressenza_logo_200x200.jpg\",\"width\":200,\"height\":200,\"caption\":\"Pressenza\"},\"image\":{\"@id\":\"https:\/\/www.pressenza.com\/es\/#\/schema\/logo\/image\/\"},\"sameAs\":[\"https:\/\/www.facebook.com\/PressenzaItalia\",\"https:\/\/x.com\/PressenzaIPA\"]},{\"@type\":\"Person\",\"@id\":\"https:\/\/www.pressenza.com\/es\/#\/schema\/person\/6936ca3bb8dee618b5cdfd0e4427cdd6\",\"name\":\"Carolina V\u00e1squez Araya\",\"description\":\"Periodista y editora con m\u00e1s de 30 a\u00f1os de experiencia, cuyos logros profesionales en el desarrollo de proyectos de gran \u00e9xito avalan sus cualidades de liderazgo, creatividad y relaciones p\u00fablicas. Ha aportado sus conocimientos en proyectos de organizaciones con intereses orientados al desarrollo social, cultural y econ\u00f3mico del pa\u00eds, con especial \u00e9nfasis en el sector de cultura y educaci\u00f3n, emprendimiento, derechos humanos, justicia, ambiente, mujeres y ni\u00f1ez. Chilena en Guatemala. elquintopatio.wordpress.com\",\"sameAs\":[\"https:\/\/www.facebook.com\/pages\/Carolina-V\u00e1squez-Araya\/241844515845237?fref=ts\",\"https:\/\/x.com\/carvasar\"],\"url\":\"https:\/\/www.pressenza.com\/es\/author\/carolina-vasquez-araya\/\"}]}<\/script>\n<!-- \/ Yoast SEO plugin. -->","yoast_head_json":{"title":"Las l\u00edneas divisorias","description":"\u00d3rdenes ejecutivas con dedicatoria a los pa\u00edses del sur. La construcci\u00f3n de muros en la mente del presidente de Estados Unidos no se limita \u00fanicamente a","robots":{"index":"index","follow":"follow","max-snippet":"max-snippet:-1","max-image-preview":"max-image-preview:large","max-video-preview":"max-video-preview:-1"},"canonical":"https:\/\/www.pressenza.com\/es\/2017\/02\/las-lineas-divisorias\/","og_locale":"es_ES","og_type":"article","og_title":"Las l\u00edneas divisorias","og_description":"\u00d3rdenes ejecutivas con dedicatoria a los pa\u00edses del sur. La construcci\u00f3n de muros en la mente del presidente de Estados Unidos no se limita \u00fanicamente a","og_url":"https:\/\/www.pressenza.com\/es\/2017\/02\/las-lineas-divisorias\/","og_site_name":"Pressenza","article_publisher":"https:\/\/www.facebook.com\/PressenzaItalia","article_author":"https:\/\/www.facebook.com\/pages\/Carolina-V\u00e1squez-Araya\/241844515845237?fref=ts","article_published_time":"2017-02-01T04:27:02+00:00","og_image":[{"width":1024,"height":718,"url":"https:\/\/www.pressenza.com\/wp-content\/uploads\/2017\/02\/Geoff-Livingston.jpg","type":"image\/jpeg"}],"author":"Carolina V\u00e1squez Araya","twitter_card":"summary_large_image","twitter_creator":"@carvasar","twitter_site":"@PressenzaIPA","twitter_misc":{"Escrito por":"Carolina V\u00e1squez Araya","Tiempo de lectura":"3 minutos"},"schema":{"@context":"https:\/\/schema.org","@graph":[{"@type":"Article","@id":"https:\/\/www.pressenza.com\/es\/2017\/02\/las-lineas-divisorias\/#article","isPartOf":{"@id":"https:\/\/www.pressenza.com\/es\/2017\/02\/las-lineas-divisorias\/"},"author":{"name":"Carolina V\u00e1squez Araya","@id":"https:\/\/www.pressenza.com\/es\/#\/schema\/person\/6936ca3bb8dee618b5cdfd0e4427cdd6"},"headline":"Las l\u00edneas divisorias","datePublished":"2017-02-01T04:27:02+00:00","mainEntityOfPage":{"@id":"https:\/\/www.pressenza.com\/es\/2017\/02\/las-lineas-divisorias\/"},"wordCount":648,"publisher":{"@id":"https:\/\/www.pressenza.com\/es\/#organization"},"image":{"@id":"https:\/\/www.pressenza.com\/es\/2017\/02\/las-lineas-divisorias\/#primaryimage"},"thumbnailUrl":"https:\/\/www.pressenza.com\/wp-content\/uploads\/2017\/02\/Geoff-Livingston.jpg","keywords":["America Latina","America Latina","Casa Blanca","Donald Trump","Donald Trump","Estados Unidos","inmigrantes","M\u00e9xico","migrantes","terrorismo","terrorismo"],"articleSection":["Contenido Original","Derechos Humanos","Norteam\u00e9rica","Opiniones"],"inLanguage":"es"},{"@type":"WebPage","@id":"https:\/\/www.pressenza.com\/es\/2017\/02\/las-lineas-divisorias\/","url":"https:\/\/www.pressenza.com\/es\/2017\/02\/las-lineas-divisorias\/","name":"Las l\u00edneas divisorias","isPartOf":{"@id":"https:\/\/www.pressenza.com\/es\/#website"},"primaryImageOfPage":{"@id":"https:\/\/www.pressenza.com\/es\/2017\/02\/las-lineas-divisorias\/#primaryimage"},"image":{"@id":"https:\/\/www.pressenza.com\/es\/2017\/02\/las-lineas-divisorias\/#primaryimage"},"thumbnailUrl":"https:\/\/www.pressenza.com\/wp-content\/uploads\/2017\/02\/Geoff-Livingston.jpg","datePublished":"2017-02-01T04:27:02+00:00","description":"\u00d3rdenes ejecutivas con dedicatoria a los pa\u00edses del sur. La construcci\u00f3n de muros en la mente del presidente de Estados Unidos no se limita \u00fanicamente a","breadcrumb":{"@id":"https:\/\/www.pressenza.com\/es\/2017\/02\/las-lineas-divisorias\/#breadcrumb"},"inLanguage":"es","potentialAction":[{"@type":"ReadAction","target":["https:\/\/www.pressenza.com\/es\/2017\/02\/las-lineas-divisorias\/"]}]},{"@type":"ImageObject","inLanguage":"es","@id":"https:\/\/www.pressenza.com\/es\/2017\/02\/las-lineas-divisorias\/#primaryimage","url":"https:\/\/www.pressenza.com\/wp-content\/uploads\/2017\/02\/Geoff-Livingston.jpg","contentUrl":"https:\/\/www.pressenza.com\/wp-content\/uploads\/2017\/02\/Geoff-Livingston.jpg","width":1024,"height":718},{"@type":"BreadcrumbList","@id":"https:\/\/www.pressenza.com\/es\/2017\/02\/las-lineas-divisorias\/#breadcrumb","itemListElement":[{"@type":"ListItem","position":1,"name":"Accueil","item":"https:\/\/www.pressenza.com\/es\/"},{"@type":"ListItem","position":2,"name":"Las l\u00edneas divisorias"}]},{"@type":"WebSite","@id":"https:\/\/www.pressenza.com\/es\/#website","url":"https:\/\/www.pressenza.com\/es\/","name":"Pressenza","description":"International Press Agency","publisher":{"@id":"https:\/\/www.pressenza.com\/es\/#organization"},"potentialAction":[{"@type":"SearchAction","target":{"@type":"EntryPoint","urlTemplate":"https:\/\/www.pressenza.com\/es\/?s={search_term_string}"},"query-input":{"@type":"PropertyValueSpecification","valueRequired":true,"valueName":"search_term_string"}}],"inLanguage":"es"},{"@type":"Organization","@id":"https:\/\/www.pressenza.com\/es\/#organization","name":"Pressenza","url":"https:\/\/www.pressenza.com\/es\/","logo":{"@type":"ImageObject","inLanguage":"es","@id":"https:\/\/www.pressenza.com\/es\/#\/schema\/logo\/image\/","url":"https:\/\/www.pressenza.com\/wp-content\/uploads\/2022\/10\/pressenza_logo_200x200.jpg","contentUrl":"https:\/\/www.pressenza.com\/wp-content\/uploads\/2022\/10\/pressenza_logo_200x200.jpg","width":200,"height":200,"caption":"Pressenza"},"image":{"@id":"https:\/\/www.pressenza.com\/es\/#\/schema\/logo\/image\/"},"sameAs":["https:\/\/www.facebook.com\/PressenzaItalia","https:\/\/x.com\/PressenzaIPA"]},{"@type":"Person","@id":"https:\/\/www.pressenza.com\/es\/#\/schema\/person\/6936ca3bb8dee618b5cdfd0e4427cdd6","name":"Carolina V\u00e1squez Araya","description":"Periodista y editora con m\u00e1s de 30 a\u00f1os de experiencia, cuyos logros profesionales en el desarrollo de proyectos de gran \u00e9xito avalan sus cualidades de liderazgo, creatividad y relaciones p\u00fablicas. Ha aportado sus conocimientos en proyectos de organizaciones con intereses orientados al desarrollo social, cultural y econ\u00f3mico del pa\u00eds, con especial \u00e9nfasis en el sector de cultura y educaci\u00f3n, emprendimiento, derechos humanos, justicia, ambiente, mujeres y ni\u00f1ez. Chilena en Guatemala. elquintopatio.wordpress.com","sameAs":["https:\/\/www.facebook.com\/pages\/Carolina-V\u00e1squez-Araya\/241844515845237?fref=ts","https:\/\/x.com\/carvasar"],"url":"https:\/\/www.pressenza.com\/es\/author\/carolina-vasquez-araya\/"}]}},"place":"Estados Unidos","original_article_url":"","_links":{"self":[{"href":"https:\/\/www.pressenza.com\/es\/wp-json\/wp\/v2\/posts\/426617","targetHints":{"allow":["GET"]}}],"collection":[{"href":"https:\/\/www.pressenza.com\/es\/wp-json\/wp\/v2\/posts"}],"about":[{"href":"https:\/\/www.pressenza.com\/es\/wp-json\/wp\/v2\/types\/post"}],"author":[{"embeddable":true,"href":"https:\/\/www.pressenza.com\/es\/wp-json\/wp\/v2\/users\/1296"}],"replies":[{"embeddable":true,"href":"https:\/\/www.pressenza.com\/es\/wp-json\/wp\/v2\/comments?post=426617"}],"version-history":[{"count":0,"href":"https:\/\/www.pressenza.com\/es\/wp-json\/wp\/v2\/posts\/426617\/revisions"}],"wp:featuredmedia":[{"embeddable":true,"href":"https:\/\/www.pressenza.com\/es\/wp-json\/wp\/v2\/media\/426619"}],"wp:attachment":[{"href":"https:\/\/www.pressenza.com\/es\/wp-json\/wp\/v2\/media?parent=426617"}],"wp:term":[{"taxonomy":"category","embeddable":true,"href":"https:\/\/www.pressenza.com\/es\/wp-json\/wp\/v2\/categories?post=426617"},{"taxonomy":"post_tag","embeddable":true,"href":"https:\/\/www.pressenza.com\/es\/wp-json\/wp\/v2\/tags?post=426617"}],"curies":[{"name":"wp","href":"https:\/\/api.w.org\/{rel}","templated":true}]}}