{"id":42532,"date":"2013-03-12T22:55:17","date_gmt":"2013-03-12T22:55:17","guid":{"rendered":"http:\/\/www.pressenza.com\/?p=42532"},"modified":"2013-03-12T22:55:17","modified_gmt":"2013-03-12T22:55:17","slug":"la-tierra-para-quien-la-trabaja","status":"publish","type":"post","link":"https:\/\/www.pressenza.com\/es\/2013\/03\/la-tierra-para-quien-la-trabaja\/","title":{"rendered":"La tierra para quien la trabaja"},"content":{"rendered":"<p id=\"yui_3_7_2_1_1363124479388_29496\">La tierra es fuente de negocio para unos pocos, ya sea aqu\u00ed o en la otra punta del planeta. En el Estado espa\u00f1ol, el boom inmobiliario ha dejado un legado de urbanizaciones en ruinas, aeropuertos sin pr\u00e1cticamente aviones, pueblos fantasma, grandes infraestructuras en desuso&#8230; Una realidad que la fot\u00f3grafa Julia Schulz-Dornburg ha retratado brillantemente en su libro\/inventario <span id=\"yui_3_7_2_1_1363124479388_29517\" style=\"color: #000080;\"><span id=\"yui_3_7_2_1_1363124479388_29515\" style=\"text-decoration: underline;\"><a id=\"yui_3_7_2_1_1363124479388_29514\" href=\"http:\/\/goo.gl\/GkjC6\" target=\"_blank\" rel=\"nofollow\">Ruinas modernas, una topograf\u00eda de lucro<\/a><\/span><\/span>. Y en los pa\u00edses del Sur, el af\u00e1n de beneficio con la tierra expulsa a campesinos, pueblos ind\u00edgenas e impone monocultivos para la exportaci\u00f3n, grandes infraestructuras al servicio del capital o el expolio de sus recursos naturales.<\/p>\n<p id=\"yui_3_7_2_1_1363124479388_29502\">La oligarqu\u00eda del poder saca tajada y entre bambalinas negocia componendas urban\u00edsticas, firma recalificaicones y transforma el suelo r\u00fastico en urbanizable. Los casos de corrupci\u00f3n se multiplican. La cultura del sobre est\u00e1 al orden del d\u00eda. Se desarrolla, as\u00ed, un nuevo caciquismo que hace grandes negocios a espaldas, y a costa, de la ciudadan\u00eda y del territorio. Y en otras latitudes, la historia se repite. Los gobiernos corruptos son el mejor aliado para los inversores que quieren adquirir tierras de manera r\u00e1pida y barata. Seg\u00fan <span id=\"yui_3_7_2_1_1363124479388_29561\" style=\"color: #000080;\"><span id=\"yui_3_7_2_1_1363124479388_29559\" style=\"text-decoration: underline;\"><a id=\"yui_3_7_2_1_1363124479388_29558\" href=\"http:\/\/www.oxfam.org\/es\/crece\/policy\/nuestra-tierra-nuestras-vidas\" target=\"_blank\" rel=\"nofollow\">un informe de Interm\u00f3n Oxfam<\/a><\/span><\/span>, cada seis d\u00edas se vende a inversores extranjeros una superficie equivalente al tama\u00f1o de la ciudad de Londres. Es la fiebre de la tierra<\/p>\n<p id=\"yui_3_7_2_1_1363124479388_29601\">La privatizaci\u00f3n y el acaparamiento de tierras est\u00e1n al orden del d\u00eda. \u00bfQu\u00e9 hay de m\u00e1s beneficioso que aquello que necesitamos para vivir y comer? La crisis alimentaria y financiera, que estall\u00f3 en 2008, dio lugar, <span style=\"color: #000080;\"><span style=\"text-decoration: underline;\"><a href=\"http:\/\/www.grain.org\/es\" target=\"_blank\" rel=\"nofollow\">como ha documentado ampliamente la organizaci\u00f3n internacional GRAIN<\/a><\/span><\/span>, a un nuevo ciclo de apropiaci\u00f3n de tierras a escala global. Gobiernos de pa\u00edses dependientes de la importaci\u00f3n de alimentos, con el objetivo de asegurar la producci\u00f3n de comida para su poblaci\u00f3n m\u00e1s all\u00e1 de sus fronteras, y agroindustria e inversionistas (fondos de pensiones, bancos), \u00e1vidos de nuevas y rentables inversiones, vienen adquiriendo desde entonces f\u00e9rtiles tierras en pa\u00edses del Sur. Una din\u00e1mica que amenaza la agricultura campesina y la seguridad alimentaria de estos pa\u00edses.<\/p>\n<p id=\"yui_3_7_2_1_1363124479388_29563\" lang=\"es-ES\">Los pueblos ind\u00edgenas, expulsados de sus territorios, son la punta de lanza del combate contra la privatizaci\u00f3n de la tierra. Una lucha que no es nueva y de la cual Chico Mendes, recolector de caucho, seringueiro, conocido por su contienda en defensa de la Amazon\u00eda y asesinado en 1988 por latifundistas brasile\u00f1os, fue uno de sus principales exponentes. Chico Mendes impuls\u00f3 la Alianza de los Pueblos de la Selva, integrada por ind\u00edgenas, seringueiros, ecologistas, campesinos&#8230;, contra las multinacionales madereras y revindic\u00f3 una reforma agraria con propiedad comunitaria de la tierra y su uso en usufructo por parte de las familias campesinas. Como sol\u00eda decir: \u201cNo hay defensa de la selva sin la defensa de los pueblos de la selva\u201d.<\/p>\n<p id=\"yui_3_7_2_1_1363124479388_29574\">Sin ir tan lejos, aqu\u00ed, en el Estado espa\u00f1ol, el Sindicato de Obreros del Campo (SOC), que forma parte del <span style=\"color: #000080;\"><span style=\"text-decoration: underline;\"><a href=\"http:\/\/www.sindicatoandaluz.org\/\" target=\"_blank\" rel=\"nofollow\">Sindicato Andaluz de Trabajadores (SAT)<\/a><\/span><\/span>, ha sido uno de los principales referentes en la lucha por la tierra y en la defensa de los derechos de los jornaleros del campo. Desde hace m\u00e1s de un a\u00f1o, <span id=\"yui_3_7_2_1_1363124479388_29579\" style=\"color: #000080;\"><span id=\"yui_3_7_2_1_1363124479388_29577\" style=\"text-decoration: underline;\"><a id=\"yui_3_7_2_1_1363124479388_29576\" href=\"http:\/\/www.youtube.com\/watch?feature=player_embedded&amp;v=S3UFo9fztIA#%21\" target=\"_blank\" rel=\"nofollow\">vienen ocupando y trabajando la finca de Somonte<\/a><\/span><\/span>, en Palma del R\u00edo (C\u00f3rdoba), una tierra que la Junta de Andaluc\u00eda se dispon\u00eda a vender a pesar de que en este municipio 1.700 personas se encuentran en paro. El objetivo de los ocupantes es que esta finca sea trabajada por cooperativas de jornaleros parados en vez de pasar a manos de banqueros y terratenientes. Somonte es un s\u00edmbolo de la lucha del SOC y el SAT, como lo es tambi\u00e9n Marinaleda y tantos otros proyectos que impulsan.<\/p>\n<p id=\"yui_3_7_2_1_1363124479388_29608\">En Catalunya, hoy, un claro ejemplo de c\u00f3mo en el uso de la tierra se anteponen intereses privados a sociales y colectivos es el de <span id=\"yui_3_7_2_1_1363124479388_29618\" style=\"color: #000080;\"><span id=\"yui_3_7_2_1_1363124479388_29616\" style=\"text-decoration: underline;\"><a id=\"yui_3_7_2_1_1363124479388_29615\" href=\"http:\/\/www.canpiella.cat\/\" target=\"_blank\" rel=\"nofollow\">Can Piella<\/a><\/span><\/span>, una mas\u00eda del siglo XVII con sus respectivas tierras, de las pocas zonas rurales que quedan en el \u00e1rea metropolitana de Barcelona, que despu\u00e9s de llevar abandonada m\u00e1s de diez a\u00f1os fue recuperada por un grupo de j\u00f3venes. A partir de aqu\u00ed, se cre\u00f3 una asociaci\u00f3n, que actualmente cuenta con unos dos mil socios, que restauraron la finca, retomaron la actividad agraria con un huerto comunitario, revitalizaron su entorno y la abrieron a los pueblos de su alrededor, La Llagosta, Santa Perp\u00e8tua de Mogoda y Montcada i Reixac. Ahora, tras tres a\u00f1os y medio de funcionamiento, una orden de <span id=\"yui_3_7_2_1_1363124479388_29640\" style=\"color: #000080;\"><span id=\"yui_3_7_2_1_1363124479388_29638\" style=\"text-decoration: underline;\"><a id=\"yui_3_7_2_1_1363124479388_29637\" href=\"https:\/\/oiga.me\/es\/campaigns\/aturem-el-desallotjament-de-can-piella-paremos-el-desalojo-de-can-piella\" target=\"_blank\" rel=\"nofollow\">desalojo amenaza el proyecto<\/a><\/span><\/span>. La inmobiliaria que durante una d\u00e9cada abandon\u00f3 la mas\u00eda y que no tiene ning\u00fan plan previsto para la misma, la reclama.<\/p>\n<p id=\"yui_3_7_2_1_1363124479388_29649\">A principios de 1900, Emiliano Zapata, campesino y referente de la revoluci\u00f3n mexicana, exig\u00eda: \u00abLa tierra para quien la trabaja\u00bb. Han pasado m\u00e1s de cien a\u00f1os y dicha consigna continua teniendo plena actualidad.<\/p>\n<p id=\"yui_3_7_2_1_1363124479388_29655\">*Art\u00edculo en P\u00fablico, 11\/03\/2013.<\/p>\n<p>&#8212;<br \/>\n<strong>Esther Vivas<\/strong><a href=\"https:\/\/twitter.com\/esthervivas\" target=\"_blank\" rel=\"nofollow\">@esthervivas<\/a> |<a id=\"yui_3_7_2_1_1363124479388_29692\" href=\"https:\/\/www.facebook.com\/pages\/Esther-Vivas-Esteve\/167060536661732\" target=\"_blank\" rel=\"nofollow\">facebook.com\/esthervivas<\/a>| <a id=\"yui_3_7_2_1_1363124479388_29657\" href=\"http:\/\/www.esthervivas.com\/\" target=\"_blank\" rel=\"nofollow\">www.esthervivas.com<\/a><\/p>\n","protected":false},"excerpt":{"rendered":"<p>La tierra es fuente de negocio para unos pocos, ya sea aqu\u00ed o en la otra punta del planeta. En el Estado espa\u00f1ol, el boom inmobiliario ha dejado un legado de urbanizaciones en ruinas, aeropuertos sin pr\u00e1cticamente aviones, pueblos fantasma,&hellip;<\/p>\n","protected":false},"author":895,"featured_media":42534,"comment_status":"closed","ping_status":"open","sticky":false,"template":"","format":"standard","meta":{"footnotes":""},"categories":[78,81,66],"tags":[355,441,1161,1398,984,394,22210,512,631],"class_list":["post-42532","post","type-post","status-publish","format-standard","has-post-thumbnail","hentry","category-medio-ambiente-ecologia","category-economia-es","category-europa-es","tag-crisis-es","tag-derechos-humanos","tag-desahucios","tag-estado-espanol","tag-indignados-es","tag-protestas-sociales","tag-pueblos-originarios","tag-recortes","tag-violencia-economica"],"yoast_head":"<!-- This site is optimized with the Yoast SEO plugin v27.1.1 - https:\/\/yoast.com\/product\/yoast-seo-wordpress\/ -->\n<title>La tierra para quien la trabaja<\/title>\n<meta name=\"description\" content=\"La tierra es fuente de negocio para unos pocos, ya sea aqu\u00ed o en la otra punta del planeta. En el Estado espa\u00f1ol, el boom inmobiliario ha dejado un legado\" \/>\n<meta name=\"robots\" content=\"index, follow, max-snippet:-1, max-image-preview:large, max-video-preview:-1\" \/>\n<link rel=\"canonical\" href=\"https:\/\/www.pressenza.com\/es\/2013\/03\/la-tierra-para-quien-la-trabaja\/\" \/>\n<meta property=\"og:locale\" content=\"es_ES\" \/>\n<meta property=\"og:type\" content=\"article\" \/>\n<meta property=\"og:title\" content=\"La tierra para quien la trabaja\" \/>\n<meta property=\"og:description\" content=\"La tierra es fuente de negocio para unos pocos, ya sea aqu\u00ed o en la otra punta del planeta. En el Estado espa\u00f1ol, el boom inmobiliario ha dejado un legado\" \/>\n<meta property=\"og:url\" content=\"https:\/\/www.pressenza.com\/es\/2013\/03\/la-tierra-para-quien-la-trabaja\/\" \/>\n<meta property=\"og:site_name\" content=\"Pressenza\" \/>\n<meta property=\"article:publisher\" content=\"https:\/\/www.facebook.com\/PressenzaItalia\" \/>\n<meta property=\"article:published_time\" content=\"2013-03-12T22:55:17+00:00\" \/>\n<meta property=\"og:image\" content=\"https:\/\/www.pressenza.com\/wp-content\/uploads\/2013\/03\/04_01.jpg\" \/>\n\t<meta property=\"og:image:width\" content=\"550\" \/>\n\t<meta property=\"og:image:height\" content=\"359\" \/>\n\t<meta property=\"og:image:type\" content=\"image\/jpeg\" \/>\n<meta name=\"author\" content=\"Esther Vivas\" \/>\n<meta name=\"twitter:card\" content=\"summary_large_image\" \/>\n<meta name=\"twitter:creator\" content=\"@PressenzaIPA\" \/>\n<meta name=\"twitter:site\" content=\"@PressenzaIPA\" \/>\n<meta name=\"twitter:label1\" content=\"Escrito por\" \/>\n\t<meta name=\"twitter:data1\" content=\"Esther Vivas\" \/>\n\t<meta name=\"twitter:label2\" content=\"Tiempo de lectura\" \/>\n\t<meta name=\"twitter:data2\" content=\"4 minutos\" \/>\n<script type=\"application\/ld+json\" class=\"yoast-schema-graph\">{\"@context\":\"https:\/\/schema.org\",\"@graph\":[{\"@type\":\"Article\",\"@id\":\"https:\/\/www.pressenza.com\/es\/2013\/03\/la-tierra-para-quien-la-trabaja\/#article\",\"isPartOf\":{\"@id\":\"https:\/\/www.pressenza.com\/es\/2013\/03\/la-tierra-para-quien-la-trabaja\/\"},\"author\":{\"name\":\"Esther Vivas\",\"@id\":\"https:\/\/www.pressenza.com\/es\/#\/schema\/person\/3e97417b680c48cd8fb0cbd3d60ce87e\"},\"headline\":\"La tierra para quien la trabaja\",\"datePublished\":\"2013-03-12T22:55:17+00:00\",\"mainEntityOfPage\":{\"@id\":\"https:\/\/www.pressenza.com\/es\/2013\/03\/la-tierra-para-quien-la-trabaja\/\"},\"wordCount\":861,\"publisher\":{\"@id\":\"https:\/\/www.pressenza.com\/es\/#organization\"},\"image\":{\"@id\":\"https:\/\/www.pressenza.com\/es\/2013\/03\/la-tierra-para-quien-la-trabaja\/#primaryimage\"},\"thumbnailUrl\":\"https:\/\/www.pressenza.com\/wp-content\/uploads\/2013\/03\/04_01.jpg\",\"keywords\":[\"crisis\",\"Derechos humanos\",\"desahucios\",\"Estado espa\u00f1ol\",\"indignados\",\"protestas sociales\",\"Pueblos Originarios\",\"recortes\",\"Violencia econ\u00f3mica\"],\"articleSection\":[\"Ecolog\u00eda y Medio Ambiente\",\"Econom\u00eda\",\"Europa\"],\"inLanguage\":\"es\"},{\"@type\":\"WebPage\",\"@id\":\"https:\/\/www.pressenza.com\/es\/2013\/03\/la-tierra-para-quien-la-trabaja\/\",\"url\":\"https:\/\/www.pressenza.com\/es\/2013\/03\/la-tierra-para-quien-la-trabaja\/\",\"name\":\"La tierra para quien la trabaja\",\"isPartOf\":{\"@id\":\"https:\/\/www.pressenza.com\/es\/#website\"},\"primaryImageOfPage\":{\"@id\":\"https:\/\/www.pressenza.com\/es\/2013\/03\/la-tierra-para-quien-la-trabaja\/#primaryimage\"},\"image\":{\"@id\":\"https:\/\/www.pressenza.com\/es\/2013\/03\/la-tierra-para-quien-la-trabaja\/#primaryimage\"},\"thumbnailUrl\":\"https:\/\/www.pressenza.com\/wp-content\/uploads\/2013\/03\/04_01.jpg\",\"datePublished\":\"2013-03-12T22:55:17+00:00\",\"description\":\"La tierra es fuente de negocio para unos pocos, ya sea aqu\u00ed o en la otra punta del planeta. En el Estado espa\u00f1ol, el boom inmobiliario ha dejado un legado\",\"breadcrumb\":{\"@id\":\"https:\/\/www.pressenza.com\/es\/2013\/03\/la-tierra-para-quien-la-trabaja\/#breadcrumb\"},\"inLanguage\":\"es\",\"potentialAction\":[{\"@type\":\"ReadAction\",\"target\":[\"https:\/\/www.pressenza.com\/es\/2013\/03\/la-tierra-para-quien-la-trabaja\/\"]}]},{\"@type\":\"ImageObject\",\"inLanguage\":\"es\",\"@id\":\"https:\/\/www.pressenza.com\/es\/2013\/03\/la-tierra-para-quien-la-trabaja\/#primaryimage\",\"url\":\"https:\/\/www.pressenza.com\/wp-content\/uploads\/2013\/03\/04_01.jpg\",\"contentUrl\":\"https:\/\/www.pressenza.com\/wp-content\/uploads\/2013\/03\/04_01.jpg\",\"width\":550,\"height\":359,\"caption\":\"Recuperaci\u00f3n de tierras. Hacienda Cobal\u00f3, Cauca, 1974. Foto de Jorge Silva.\"},{\"@type\":\"BreadcrumbList\",\"@id\":\"https:\/\/www.pressenza.com\/es\/2013\/03\/la-tierra-para-quien-la-trabaja\/#breadcrumb\",\"itemListElement\":[{\"@type\":\"ListItem\",\"position\":1,\"name\":\"Accueil\",\"item\":\"https:\/\/www.pressenza.com\/es\/\"},{\"@type\":\"ListItem\",\"position\":2,\"name\":\"La tierra para quien la trabaja\"}]},{\"@type\":\"WebSite\",\"@id\":\"https:\/\/www.pressenza.com\/es\/#website\",\"url\":\"https:\/\/www.pressenza.com\/es\/\",\"name\":\"Pressenza\",\"description\":\"International Press Agency\",\"publisher\":{\"@id\":\"https:\/\/www.pressenza.com\/es\/#organization\"},\"potentialAction\":[{\"@type\":\"SearchAction\",\"target\":{\"@type\":\"EntryPoint\",\"urlTemplate\":\"https:\/\/www.pressenza.com\/es\/?s={search_term_string}\"},\"query-input\":{\"@type\":\"PropertyValueSpecification\",\"valueRequired\":true,\"valueName\":\"search_term_string\"}}],\"inLanguage\":\"es\"},{\"@type\":\"Organization\",\"@id\":\"https:\/\/www.pressenza.com\/es\/#organization\",\"name\":\"Pressenza\",\"url\":\"https:\/\/www.pressenza.com\/es\/\",\"logo\":{\"@type\":\"ImageObject\",\"inLanguage\":\"es\",\"@id\":\"https:\/\/www.pressenza.com\/es\/#\/schema\/logo\/image\/\",\"url\":\"https:\/\/www.pressenza.com\/wp-content\/uploads\/2022\/10\/pressenza_logo_200x200.jpg\",\"contentUrl\":\"https:\/\/www.pressenza.com\/wp-content\/uploads\/2022\/10\/pressenza_logo_200x200.jpg\",\"width\":200,\"height\":200,\"caption\":\"Pressenza\"},\"image\":{\"@id\":\"https:\/\/www.pressenza.com\/es\/#\/schema\/logo\/image\/\"},\"sameAs\":[\"https:\/\/www.facebook.com\/PressenzaItalia\",\"https:\/\/x.com\/PressenzaIPA\"]},{\"@type\":\"Person\",\"@id\":\"https:\/\/www.pressenza.com\/es\/#\/schema\/person\/3e97417b680c48cd8fb0cbd3d60ce87e\",\"name\":\"Esther Vivas\",\"description\":\"Activista e investigadora en movimientos sociales y pol\u00edticas agr\u00edcolas y alimentarias. Es licenciada en periodismo y m\u00e1ster en sociolog\u00eda. Forma parte del Centro de Estudios sobre Movimientos Sociales (CEMS) en la Universidad Pompeu Fabra. Es autora de varios libros, entre ellos \\\"Planeta indignado. Ocupando el futuro\\\" y \\\"Del campo al plato. Los circuitos de producci\u00f3n y distribuci\u00f3n de alimentos\\\". http:\/\/esthervivas.com\",\"url\":\"https:\/\/www.pressenza.com\/es\/author\/esther-vivas\/\"}]}<\/script>\n<!-- \/ Yoast SEO plugin. -->","yoast_head_json":{"title":"La tierra para quien la trabaja","description":"La tierra es fuente de negocio para unos pocos, ya sea aqu\u00ed o en la otra punta del planeta. En el Estado espa\u00f1ol, el boom inmobiliario ha dejado un legado","robots":{"index":"index","follow":"follow","max-snippet":"max-snippet:-1","max-image-preview":"max-image-preview:large","max-video-preview":"max-video-preview:-1"},"canonical":"https:\/\/www.pressenza.com\/es\/2013\/03\/la-tierra-para-quien-la-trabaja\/","og_locale":"es_ES","og_type":"article","og_title":"La tierra para quien la trabaja","og_description":"La tierra es fuente de negocio para unos pocos, ya sea aqu\u00ed o en la otra punta del planeta. En el Estado espa\u00f1ol, el boom inmobiliario ha dejado un legado","og_url":"https:\/\/www.pressenza.com\/es\/2013\/03\/la-tierra-para-quien-la-trabaja\/","og_site_name":"Pressenza","article_publisher":"https:\/\/www.facebook.com\/PressenzaItalia","article_published_time":"2013-03-12T22:55:17+00:00","og_image":[{"width":550,"height":359,"url":"https:\/\/www.pressenza.com\/wp-content\/uploads\/2013\/03\/04_01.jpg","type":"image\/jpeg"}],"author":"Esther Vivas","twitter_card":"summary_large_image","twitter_creator":"@PressenzaIPA","twitter_site":"@PressenzaIPA","twitter_misc":{"Escrito por":"Esther Vivas","Tiempo de lectura":"4 minutos"},"schema":{"@context":"https:\/\/schema.org","@graph":[{"@type":"Article","@id":"https:\/\/www.pressenza.com\/es\/2013\/03\/la-tierra-para-quien-la-trabaja\/#article","isPartOf":{"@id":"https:\/\/www.pressenza.com\/es\/2013\/03\/la-tierra-para-quien-la-trabaja\/"},"author":{"name":"Esther Vivas","@id":"https:\/\/www.pressenza.com\/es\/#\/schema\/person\/3e97417b680c48cd8fb0cbd3d60ce87e"},"headline":"La tierra para quien la trabaja","datePublished":"2013-03-12T22:55:17+00:00","mainEntityOfPage":{"@id":"https:\/\/www.pressenza.com\/es\/2013\/03\/la-tierra-para-quien-la-trabaja\/"},"wordCount":861,"publisher":{"@id":"https:\/\/www.pressenza.com\/es\/#organization"},"image":{"@id":"https:\/\/www.pressenza.com\/es\/2013\/03\/la-tierra-para-quien-la-trabaja\/#primaryimage"},"thumbnailUrl":"https:\/\/www.pressenza.com\/wp-content\/uploads\/2013\/03\/04_01.jpg","keywords":["crisis","Derechos humanos","desahucios","Estado espa\u00f1ol","indignados","protestas sociales","Pueblos Originarios","recortes","Violencia econ\u00f3mica"],"articleSection":["Ecolog\u00eda y Medio Ambiente","Econom\u00eda","Europa"],"inLanguage":"es"},{"@type":"WebPage","@id":"https:\/\/www.pressenza.com\/es\/2013\/03\/la-tierra-para-quien-la-trabaja\/","url":"https:\/\/www.pressenza.com\/es\/2013\/03\/la-tierra-para-quien-la-trabaja\/","name":"La tierra para quien la trabaja","isPartOf":{"@id":"https:\/\/www.pressenza.com\/es\/#website"},"primaryImageOfPage":{"@id":"https:\/\/www.pressenza.com\/es\/2013\/03\/la-tierra-para-quien-la-trabaja\/#primaryimage"},"image":{"@id":"https:\/\/www.pressenza.com\/es\/2013\/03\/la-tierra-para-quien-la-trabaja\/#primaryimage"},"thumbnailUrl":"https:\/\/www.pressenza.com\/wp-content\/uploads\/2013\/03\/04_01.jpg","datePublished":"2013-03-12T22:55:17+00:00","description":"La tierra es fuente de negocio para unos pocos, ya sea aqu\u00ed o en la otra punta del planeta. En el Estado espa\u00f1ol, el boom inmobiliario ha dejado un legado","breadcrumb":{"@id":"https:\/\/www.pressenza.com\/es\/2013\/03\/la-tierra-para-quien-la-trabaja\/#breadcrumb"},"inLanguage":"es","potentialAction":[{"@type":"ReadAction","target":["https:\/\/www.pressenza.com\/es\/2013\/03\/la-tierra-para-quien-la-trabaja\/"]}]},{"@type":"ImageObject","inLanguage":"es","@id":"https:\/\/www.pressenza.com\/es\/2013\/03\/la-tierra-para-quien-la-trabaja\/#primaryimage","url":"https:\/\/www.pressenza.com\/wp-content\/uploads\/2013\/03\/04_01.jpg","contentUrl":"https:\/\/www.pressenza.com\/wp-content\/uploads\/2013\/03\/04_01.jpg","width":550,"height":359,"caption":"Recuperaci\u00f3n de tierras. Hacienda Cobal\u00f3, Cauca, 1974. Foto de Jorge Silva."},{"@type":"BreadcrumbList","@id":"https:\/\/www.pressenza.com\/es\/2013\/03\/la-tierra-para-quien-la-trabaja\/#breadcrumb","itemListElement":[{"@type":"ListItem","position":1,"name":"Accueil","item":"https:\/\/www.pressenza.com\/es\/"},{"@type":"ListItem","position":2,"name":"La tierra para quien la trabaja"}]},{"@type":"WebSite","@id":"https:\/\/www.pressenza.com\/es\/#website","url":"https:\/\/www.pressenza.com\/es\/","name":"Pressenza","description":"International Press Agency","publisher":{"@id":"https:\/\/www.pressenza.com\/es\/#organization"},"potentialAction":[{"@type":"SearchAction","target":{"@type":"EntryPoint","urlTemplate":"https:\/\/www.pressenza.com\/es\/?s={search_term_string}"},"query-input":{"@type":"PropertyValueSpecification","valueRequired":true,"valueName":"search_term_string"}}],"inLanguage":"es"},{"@type":"Organization","@id":"https:\/\/www.pressenza.com\/es\/#organization","name":"Pressenza","url":"https:\/\/www.pressenza.com\/es\/","logo":{"@type":"ImageObject","inLanguage":"es","@id":"https:\/\/www.pressenza.com\/es\/#\/schema\/logo\/image\/","url":"https:\/\/www.pressenza.com\/wp-content\/uploads\/2022\/10\/pressenza_logo_200x200.jpg","contentUrl":"https:\/\/www.pressenza.com\/wp-content\/uploads\/2022\/10\/pressenza_logo_200x200.jpg","width":200,"height":200,"caption":"Pressenza"},"image":{"@id":"https:\/\/www.pressenza.com\/es\/#\/schema\/logo\/image\/"},"sameAs":["https:\/\/www.facebook.com\/PressenzaItalia","https:\/\/x.com\/PressenzaIPA"]},{"@type":"Person","@id":"https:\/\/www.pressenza.com\/es\/#\/schema\/person\/3e97417b680c48cd8fb0cbd3d60ce87e","name":"Esther Vivas","description":"Activista e investigadora en movimientos sociales y pol\u00edticas agr\u00edcolas y alimentarias. Es licenciada en periodismo y m\u00e1ster en sociolog\u00eda. Forma parte del Centro de Estudios sobre Movimientos Sociales (CEMS) en la Universidad Pompeu Fabra. Es autora de varios libros, entre ellos \"Planeta indignado. Ocupando el futuro\" y \"Del campo al plato. Los circuitos de producci\u00f3n y distribuci\u00f3n de alimentos\". http:\/\/esthervivas.com","url":"https:\/\/www.pressenza.com\/es\/author\/esther-vivas\/"}]}},"place":"Barcelona","original_article_url":"","_links":{"self":[{"href":"https:\/\/www.pressenza.com\/es\/wp-json\/wp\/v2\/posts\/42532","targetHints":{"allow":["GET"]}}],"collection":[{"href":"https:\/\/www.pressenza.com\/es\/wp-json\/wp\/v2\/posts"}],"about":[{"href":"https:\/\/www.pressenza.com\/es\/wp-json\/wp\/v2\/types\/post"}],"author":[{"embeddable":true,"href":"https:\/\/www.pressenza.com\/es\/wp-json\/wp\/v2\/users\/895"}],"replies":[{"embeddable":true,"href":"https:\/\/www.pressenza.com\/es\/wp-json\/wp\/v2\/comments?post=42532"}],"version-history":[{"count":0,"href":"https:\/\/www.pressenza.com\/es\/wp-json\/wp\/v2\/posts\/42532\/revisions"}],"wp:featuredmedia":[{"embeddable":true,"href":"https:\/\/www.pressenza.com\/es\/wp-json\/wp\/v2\/media\/42534"}],"wp:attachment":[{"href":"https:\/\/www.pressenza.com\/es\/wp-json\/wp\/v2\/media?parent=42532"}],"wp:term":[{"taxonomy":"category","embeddable":true,"href":"https:\/\/www.pressenza.com\/es\/wp-json\/wp\/v2\/categories?post=42532"},{"taxonomy":"post_tag","embeddable":true,"href":"https:\/\/www.pressenza.com\/es\/wp-json\/wp\/v2\/tags?post=42532"}],"curies":[{"name":"wp","href":"https:\/\/api.w.org\/{rel}","templated":true}]}}