{"id":422786,"date":"2017-01-24T08:58:06","date_gmt":"2017-01-24T08:58:06","guid":{"rendered":"http:\/\/www.pressenza.com\/?p=422786\/"},"modified":"2017-01-24T08:58:06","modified_gmt":"2017-01-24T08:58:06","slug":"cuando-periodismo-legitima-represiones","status":"publish","type":"post","link":"https:\/\/www.pressenza.com\/es\/2017\/01\/cuando-periodismo-legitima-represiones\/","title":{"rendered":"Cuando el periodismo legitima represiones"},"content":{"rendered":"<p><em>\u201cAyer salvajes, hoy nos dicen terroristas<\/em><br \/>\n<em>Siempre justificando su violencia con mentiras\u201d<\/em><br \/>\nCanci\u00f3n \u201cNuevo Cantar\u201d, 2013, de Puel Kona<\/p>\n<p><strong>Medios de comunicaci\u00f3n, y periodistas, construyen al ind\u00edgena como el enemigo interno. Repiten el discurso del poder, sesgan la informaci\u00f3n y avalan la violencia contra las comunidades.<\/strong><\/p>\n<p>\u201cDenuncian v\u00ednculos de grupos mapuches con las FARC (Fuerzas Armadas Revolucionarias de Colombia)\u201d, titul\u00f3 el diario Perfil el domingo 8 de enero en un extenso art\u00edculo, referido al conflicto del Lof (comunidad) Resistencia Cushamen con la empresa Benetton. La nota, firmado por Cecilia Moncalvo, acusa: \u201cA medida que aparecen m\u00e1s datos, la acci\u00f3n de (Facundo) Huala y su grupo puede ser le\u00edda como el germen de una forma violenta de protestar y de hacer pol\u00edtica. Hay datos, como que en zonas lim\u00edtrofes la Gendarmer\u00eda envi\u00f3 m\u00e1s personal, mientras que diputados chilenos y periodistas y productores argentinos mencionan a las FARC colombianas como parte de la financiaci\u00f3n del grupo (\u2026). Abre interrogantes sobre una zona liberada previamente y de tr\u00e1fico de armas de Argentina a Chile. Facundo Jones Huala ser\u00eda el nexo\u201d.<\/p>\n<p>La periodista no cita en ning\u00fan momento la voz de la comunidad mapuche, pero se excusa: \u201cPerfil ha contactado en tres oportunidades diferentes por mail y cuatro por tel\u00e9fono a la RAM (Resistencia Ancestral Mapuche), sin obtener respuesta\u201d.<\/p>\n<p>Detalle importante: el Lof Resistencia Cushamen (cuyo lonko-autoridad es Facundo Jones Huala) no forma parte de la organizaci\u00f3n RAM.<\/p>\n<p>El art\u00edculo de Moncalvo, que amerit\u00f3 una <a href=\"https:\/\/seniales.blogspot.com.ar\/2017\/01\/el-terrorismo-mediatico-y-su-mirada.html\" target=\"_blank\">detallada cr\u00edtica<\/a> del periodista de FM Comunitaria Kalewche Pablo Quintana e incluso un comentario del <a href=\"http:\/\/www.perfil.com\/columnistas\/benetton-mapuches-y-periodismo.phtml\" target=\"_blank\">\u201cdefensor del lector\u201d<\/a> de Perfil, no aport\u00f3 ninguna prueba sobre la vinculaci\u00f3n entre mapuches y FARC, s\u00f3lo dichos de sectores interesados (como la Sociedad Rural).<\/p>\n<p>Dos d\u00edas despu\u00e9s, el martes 10 de enero, hubo feroces represiones sobre el Lof Mapuche. Una por la ma\u00f1ana (Gendarmer\u00eda Nacional). Otra por la tarde (polic\u00eda de Chubut). El mi\u00e9rcoles se produjo un tercer operativo violento. Tres represiones en dos d\u00edas. Una cacer\u00eda de mapuches. Una decena de presos. Otro tanto de heridos. Dos de gravedad. La imagen de Fausto Jones Huala, con un balazo en el cuello, recorri\u00f3 el pa\u00eds.<\/p>\n<p>Ante la violenta represi\u00f3n se expidieron innumerables organizaciones sociales y de derechos humanos. Nora Corti\u00f1as (Madres de Plaza de Mayo L\u00ednea Fundadora), Servicio de Paz y Justicia (Serpaj), Coordinadora contra le Represi\u00f3n Policial e Institucional (Correpi) y Amnist\u00eda Internacional, entre otras. Todas organizaciones cr\u00edticas respecto a la pol\u00edtica represiva y de violaci\u00f3n de derechos ind\u00edgenas del gobierno kirchnerista, volvieron a alzar la voz ante el nuevo gobierno y su accionar tambi\u00e9n violento.<\/p>\n<p>El diario Jornada, de los m\u00e1s le\u00eddos de Chubut, llam\u00f3 a la acci\u00f3n en su editorial del 15 de enero: \u201cHasta que un juez del Poder Judicial de Chubut no se ponga los pantalones largos, el conflicto con este violento grupo mapuche persistir\u00e1\u201d. El diario es conocido por sus posturas antimapuches y pro-estancieros.<\/p>\n<p><img loading=\"lazy\" decoding=\"async\" class=\"alignnone size-large wp-image-422821\" src=\"https:\/\/www.pressenza.com\/wp-content\/uploads\/2017\/01\/notas-720x271.jpg\" alt=\"\" width=\"720\" height=\"271\" srcset=\"https:\/\/www.pressenza.com\/wp-content\/uploads\/2017\/01\/notas-720x271.jpg 720w, https:\/\/www.pressenza.com\/wp-content\/uploads\/2017\/01\/notas-300x113.jpg 300w, https:\/\/www.pressenza.com\/wp-content\/uploads\/2017\/01\/notas-768x289.jpg 768w, https:\/\/www.pressenza.com\/wp-content\/uploads\/2017\/01\/notas.jpg 1384w\" sizes=\"auto, (max-width: 720px) 100vw, 720px\" \/><\/p>\n<p>A la campa\u00f1a anti-ind\u00edgena se sum\u00f3 el diario Clar\u00edn, con un extenso art\u00edculo anunciado en tapa el domingo 22 de enero y doble p\u00e1gina interna. \u201cFacundo Jones Huala, el mapuche violento que le declar\u00f3 la guerra a la Argentina y Chile\u201d, fue el t\u00edtulo, firmado por Gonzalo S\u00e1nchez. Cita en seis oportunidades voces oficiales del Ministerio de Seguridad de Naci\u00f3n, Canciller\u00eda y Secretar\u00eda de Seguridad. Todas voces en \u201coff\u201d, sin nombre ni apellido, que acusan al Lof Cushamen de hechos tan ins\u00f3litos como ajenos a la realidad. Seg\u00fan Clar\u00edn:<\/p>\n<ul>\n<li>Los mapuches est\u00e1n vinculados a grupos kurdos y a la ETA del pa\u00eds Vasco.<\/li>\n<li>Recibieron financiamiento del kirchnerismo.<\/li>\n<li>Afirma que el Lof Cushamen ocasion\u00f3 incendios, secuestro de personas e intento de asesinatos, entre otros hechos.<\/li>\n<\/ul>\n<p>No se aporta ninguna prueba de todos estos hechos. S\u00f3lo la opini\u00f3n del gobernador Mario Das Neves y voces en off.<\/p>\n<p>Gonzalo S\u00e1nchez, autor de la nota y editor del diario, repite lo de Cecilia Moncalvo en Perfil: vincula al Lof Cushamen (y a Jones Huala) con la organizaci\u00f3n Resistencia Ancestral Mapuche (RAM), cuando la comunidad nunca ha declarado ser parte de esa organizaci\u00f3n. Segunda coincidencia: S\u00e1nchez no otorga ni una l\u00ednea a la voz del Lof Cushamen, ni de sus abogados, ni de las organizaciones de derechos humanos que acompa\u00f1an. Tercera coincidencia, casi una regla de los diarios porte\u00f1os, escriben sobre un hecho sin recorrer el territorio, no van al lugar de los hechos. Periodismo de escritorio.<\/p>\n<p>Tampoco se\u00f1alan los derechos vigentes (en numerosas leyes) que protegen a los pueblos ind\u00edgenas y, mucho menos, dan cuenta de las denuncias que recaen sobre la empresa Benetton, contraparte en el conflicto y con enorme poder de lobby en el poder pol\u00edtico, judicial y medi\u00e1tico.<\/p>\n<p>Los art\u00edculos period\u00edsticos citados no pasar\u00edan la aprobaci\u00f3n en primer a\u00f1o de periodismo de ninguna facultad. Ser\u00edan rechazados por tendenciosos, sesgados y antiperiod\u00edsticos.<\/p>\n<h4>Hipocres\u00edas<\/h4>\n<p>Comunicadores, intelectuales, artistas y pol\u00edticos no dudaban en echar sospechas sobre el l\u00edder qom F\u00e9lix D\u00edaz de Formosa y, al mismo tiempo, silenciar las atrocidades del gobierno feudal de Gildo Insfr\u00e1n. Figuras radiales afines al kirchnerismo relativizaban el reclamo qom y hasta hac\u00edan entrevistas condescendientes a Insfr\u00e1n. En el \u201cmejor de los casos\u201d, se llamaban a silencio ante la violaci\u00f3n de derechos. El periodismo af\u00edn al kirchnerismo apoy\u00f3 fervientemente la explotaci\u00f3n petrolera en Vaca Muerta, aunque all\u00ed se violaban derechos ind\u00edgenas y tambi\u00e9n se reprim\u00eda (y se reprime). Con el macrismo en el poder, esos mismos periodistas, intelectuales y artistas se horrorizan y repudian la violencia que sufren los mapuches.<\/p>\n<p>Lo mismo sucede en sentido inverso. Medios y personalidades que denunciaban el accionar de Insfr\u00e1n (y la complicidad del kirchnerismo) hoy hacen silencio o, incluso, legitiman la violencia contra los mapuches.<\/p>\n<h4>Responsabilidades<\/h4>\n<p>Ya se sabe lo que son los grandes medios de comunicaci\u00f3n. Sus intereses pol\u00edticos y econ\u00f3micos. Sus posturas editoriales, sus amplias coberturas oportunistas y sus silencios c\u00f3mplices. Pero urge discutir las responsabilidades individuales dentro del periodismo. \u201cNadie les pide tanto\u201d, resumi\u00f3 una colega en referencia a una opereta medi\u00e1tica orquestada durante el kirchnerismo, ejecutada por editores y un periodista. Dicho de otro modo: nadie es obligado a escribir mentiras. Siempre se puede decir que no. \u00bfTiene costos? Quiz\u00e1 s\u00ed, pero tambi\u00e9n tiene costos altos escribir mentiras.<\/p>\n<div id=\"attachment_422848\" class=\"wp-caption alignnone\"><img loading=\"lazy\" decoding=\"async\" aria-describedby=\"caption-attachment-422848\" class=\"size-large wp-image-422848\" src=\"https:\/\/www.pressenza.com\/wp-content\/uploads\/2017\/01\/isabel-jones-huala-720x370.jpg\" alt=\"\" width=\"720\" height=\"370\" srcset=\"https:\/\/www.pressenza.com\/wp-content\/uploads\/2017\/01\/isabel-jones-huala-720x370.jpg 720w, https:\/\/www.pressenza.com\/wp-content\/uploads\/2017\/01\/isabel-jones-huala-300x154.jpg 300w, https:\/\/www.pressenza.com\/wp-content\/uploads\/2017\/01\/isabel-jones-huala-768x395.jpg 768w, https:\/\/www.pressenza.com\/wp-content\/uploads\/2017\/01\/isabel-jones-huala.jpg 800w\" sizes=\"auto, (max-width: 720px) 100vw, 720px\" \/><p id=\"caption-attachment-422848\" class=\"wp-caption-text\">Isabel Huala. Captura de video.<\/p><\/div>\n<p>La nota de Perfil fue escrita por Cecilia Moncalvo. La de Clar\u00edn por Gonzalo S\u00e1nchez.<\/p>\n<p>No se puede alegar obediencia debida para escribir falsedades, omitir hechos, silenciar voces, proteger al poder y justificar represiones.<\/p>\n<p>Amplios sectores de la sociedad argentina se pueden conmover ante la miseria planificada (por el poder) que sufren los pueblos originarios del Salta, Chaco, Misiones o Formosa, con incluso ni\u00f1os muertos por desnutrici\u00f3n. Hasta pueden \u201cser solidarios\u201d y recolectar donaciones. Pero no toleran cuando los pueblos ind\u00edgenas se paran como sujetos de derechos, pol\u00edticos y sociales, y exigen lo que les corresponde: territorio y reparaci\u00f3n ante el <a href=\"https:\/\/www.pressenza.com\/es\/2015\/09\/el-estado-se-construyo-sobre-un-genocidio\/\" target=\"_blank\">genocidio<\/a> sobre el que se funda el estado moderno argentino. Queda en evidencia el lado racista de sectores de la sociedad y, en consonancia, una larga fila de periodistas que act\u00faa en consecuencia: llama terroristas a los mapuches, acusa (sin pruebas) de cr\u00edmenes, legitima represiones.<\/p>\n<h4>El fondo<\/h4>\n<p>La Campa\u00f1a del Desierto tuvo como <a href=\"https:\/\/www.pressenza.com\/es\/2015\/09\/el-estado-se-construyo-sobre-un-genocidio\/\" target=\"_blank\">objetivo principal <\/a>apropiarse del territorio, entregarlo a sectores del poder e incluirlos al mercado capitalista. El genocidio de la \u00faltima dictadura c\u00edvico-militar tambi\u00e9n estuvo motivada por la imposici\u00f3n violenta de un modelo econ\u00f3mico-pol\u00edtica (graficada como nadie por Rodolfo Walsh en la <a href=\"http:\/\/www.educ.ar\/sitios\/educar\/recursos\/ver?id=129063\" target=\"_blank\">Carta a la Junta Militar<\/a>).<\/p>\n<p>En el Siglo XXI, un nuevo cap\u00edtulo de violencia-empresas-gobiernos-medio de comunicaci\u00f3n se desarrolla en manos de mineras, petroleras, multinacionales del agro, pasteras, empresarios locales y grandes compa\u00f1\u00edas constructoras (de represas, rutas). Los pueblos ind\u00edgenas (y tambi\u00e9n campesinos y asambleas socioambientales) son grandes escollos para la avanzada territorial.<\/p>\n<p>Medios de comunicaci\u00f3n, y periodistas puntuales, son parte fundamental del entramado de legitimaci\u00f3n del modelo.<\/p>\n<p>Isabel Huala, madre de Facundo y parte del Lof Cushamen, <a href=\"https:\/\/agenciadelacalle.com\/2017\/01\/16\/comunidad-mapuche-hay-un-poder-politico-que-nos-quiere-desaparecer\/\" target=\"_blank\">resumi\u00f3<\/a>: \u201cNos culpan de terroristas, nos identificaron con el ISIS y la ETA, nos acusan de causar incendios y de golpear animales, todo un circo para ocultar que hay un Estado Nacional y Provincial que nos persigue, con un poder pol\u00edtico que nos quiere desaparecer\u201d.<\/p>\n","protected":false},"excerpt":{"rendered":"<p>\u201cAyer salvajes, hoy nos dicen terroristas Siempre justificando su violencia con mentiras\u201d Canci\u00f3n \u201cNuevo Cantar\u201d, 2013, de Puel Kona Medios de comunicaci\u00f3n, y periodistas, construyen al ind\u00edgena como el enemigo interno. Repiten el discurso del poder, sesgan la informaci\u00f3n y&hellip;<\/p>\n","protected":false},"author":1210,"featured_media":422804,"comment_status":"closed","ping_status":"closed","sticky":false,"template":"","format":"standard","meta":{"footnotes":""},"categories":[11389,75,80,67],"tags":[7861,9544,34369,5323,3123,12811,34486,16832,22210,18507],"class_list":["post-422786","post","type-post","status-publish","format-standard","has-post-thumbnail","hentry","category-contenido-original","category-cultura-es","category-pueblos-originarios","category-sudamerica","tag-clarin","tag-clarin-es","tag-cushamen","tag-indigenas","tag-mapuches","tag-mapuches-es","tag-perfil","tag-periodismo","tag-pueblos-originarios","tag-territorios"],"yoast_head":"<!-- This site is optimized with the Yoast SEO plugin v27.1.1 - https:\/\/yoast.com\/product\/yoast-seo-wordpress\/ -->\n<title>Cuando el periodismo legitima represiones<\/title>\n<meta name=\"description\" content=\"\u201cAyer salvajes, hoy nos dicen terroristas Siempre justificando su violencia con mentiras\u201d Canci\u00f3n \u201cNuevo Cantar\u201d, 2013, de Puel Kona Medios de\" \/>\n<meta name=\"robots\" content=\"index, follow, max-snippet:-1, max-image-preview:large, max-video-preview:-1\" \/>\n<link rel=\"canonical\" href=\"https:\/\/www.pressenza.com\/es\/2017\/01\/cuando-periodismo-legitima-represiones\/\" \/>\n<meta property=\"og:locale\" content=\"es_ES\" \/>\n<meta property=\"og:type\" content=\"article\" \/>\n<meta property=\"og:title\" content=\"Cuando el periodismo legitima represiones\" \/>\n<meta property=\"og:description\" content=\"\u201cAyer salvajes, hoy nos dicen terroristas Siempre justificando su violencia con mentiras\u201d Canci\u00f3n \u201cNuevo Cantar\u201d, 2013, de Puel Kona Medios de\" \/>\n<meta property=\"og:url\" content=\"https:\/\/www.pressenza.com\/es\/2017\/01\/cuando-periodismo-legitima-represiones\/\" \/>\n<meta property=\"og:site_name\" content=\"Pressenza\" \/>\n<meta property=\"article:publisher\" content=\"https:\/\/www.facebook.com\/PressenzaItalia\" \/>\n<meta property=\"article:published_time\" content=\"2017-01-24T08:58:06+00:00\" \/>\n<meta property=\"og:image\" content=\"https:\/\/www.pressenza.com\/wp-content\/uploads\/2017\/01\/prensa-acampe.jpg\" \/>\n\t<meta property=\"og:image:width\" content=\"1072\" \/>\n\t<meta property=\"og:image:height\" content=\"712\" \/>\n\t<meta property=\"og:image:type\" content=\"image\/jpeg\" \/>\n<meta name=\"author\" content=\"Dar\u00edo Aranda\" \/>\n<meta name=\"twitter:card\" content=\"summary_large_image\" \/>\n<meta name=\"twitter:creator\" content=\"@PressenzaIPA\" \/>\n<meta name=\"twitter:site\" content=\"@PressenzaIPA\" \/>\n<meta name=\"twitter:label1\" content=\"Escrito por\" \/>\n\t<meta name=\"twitter:data1\" content=\"Dar\u00edo Aranda\" \/>\n\t<meta name=\"twitter:label2\" content=\"Tiempo de lectura\" \/>\n\t<meta name=\"twitter:data2\" content=\"7 minutos\" \/>\n<script type=\"application\/ld+json\" class=\"yoast-schema-graph\">{\"@context\":\"https:\/\/schema.org\",\"@graph\":[{\"@type\":\"Article\",\"@id\":\"https:\/\/www.pressenza.com\/es\/2017\/01\/cuando-periodismo-legitima-represiones\/#article\",\"isPartOf\":{\"@id\":\"https:\/\/www.pressenza.com\/es\/2017\/01\/cuando-periodismo-legitima-represiones\/\"},\"author\":{\"name\":\"Dar\u00edo Aranda\",\"@id\":\"https:\/\/www.pressenza.com\/es\/#\/schema\/person\/0e60cd529ef3ecd836a42735fa83478b\"},\"headline\":\"Cuando el periodismo legitima represiones\",\"datePublished\":\"2017-01-24T08:58:06+00:00\",\"mainEntityOfPage\":{\"@id\":\"https:\/\/www.pressenza.com\/es\/2017\/01\/cuando-periodismo-legitima-represiones\/\"},\"wordCount\":1468,\"publisher\":{\"@id\":\"https:\/\/www.pressenza.com\/es\/#organization\"},\"image\":{\"@id\":\"https:\/\/www.pressenza.com\/es\/2017\/01\/cuando-periodismo-legitima-represiones\/#primaryimage\"},\"thumbnailUrl\":\"https:\/\/www.pressenza.com\/wp-content\/uploads\/2017\/01\/prensa-acampe.jpg\",\"keywords\":[\"Clar\u00edn\",\"Clar\u00edn\",\"Cushamen\",\"indigenas\",\"mapuches\",\"mapuches\",\"Perfil\",\"periodismo\",\"Pueblos Originarios\",\"territorios\"],\"articleSection\":[\"Contenido Original\",\"Cultura y Medios\",\"Pueblos Originarios\",\"Sudam\u00e9rica\"],\"inLanguage\":\"es\"},{\"@type\":\"WebPage\",\"@id\":\"https:\/\/www.pressenza.com\/es\/2017\/01\/cuando-periodismo-legitima-represiones\/\",\"url\":\"https:\/\/www.pressenza.com\/es\/2017\/01\/cuando-periodismo-legitima-represiones\/\",\"name\":\"Cuando el periodismo legitima represiones\",\"isPartOf\":{\"@id\":\"https:\/\/www.pressenza.com\/es\/#website\"},\"primaryImageOfPage\":{\"@id\":\"https:\/\/www.pressenza.com\/es\/2017\/01\/cuando-periodismo-legitima-represiones\/#primaryimage\"},\"image\":{\"@id\":\"https:\/\/www.pressenza.com\/es\/2017\/01\/cuando-periodismo-legitima-represiones\/#primaryimage\"},\"thumbnailUrl\":\"https:\/\/www.pressenza.com\/wp-content\/uploads\/2017\/01\/prensa-acampe.jpg\",\"datePublished\":\"2017-01-24T08:58:06+00:00\",\"description\":\"\u201cAyer salvajes, hoy nos dicen terroristas Siempre justificando su violencia con mentiras\u201d Canci\u00f3n \u201cNuevo Cantar\u201d, 2013, de Puel Kona Medios de\",\"breadcrumb\":{\"@id\":\"https:\/\/www.pressenza.com\/es\/2017\/01\/cuando-periodismo-legitima-represiones\/#breadcrumb\"},\"inLanguage\":\"es\",\"potentialAction\":[{\"@type\":\"ReadAction\",\"target\":[\"https:\/\/www.pressenza.com\/es\/2017\/01\/cuando-periodismo-legitima-represiones\/\"]}]},{\"@type\":\"ImageObject\",\"inLanguage\":\"es\",\"@id\":\"https:\/\/www.pressenza.com\/es\/2017\/01\/cuando-periodismo-legitima-represiones\/#primaryimage\",\"url\":\"https:\/\/www.pressenza.com\/wp-content\/uploads\/2017\/01\/prensa-acampe.jpg\",\"contentUrl\":\"https:\/\/www.pressenza.com\/wp-content\/uploads\/2017\/01\/prensa-acampe.jpg\",\"width\":1072,\"height\":712},{\"@type\":\"BreadcrumbList\",\"@id\":\"https:\/\/www.pressenza.com\/es\/2017\/01\/cuando-periodismo-legitima-represiones\/#breadcrumb\",\"itemListElement\":[{\"@type\":\"ListItem\",\"position\":1,\"name\":\"Accueil\",\"item\":\"https:\/\/www.pressenza.com\/es\/\"},{\"@type\":\"ListItem\",\"position\":2,\"name\":\"Cuando el periodismo legitima represiones\"}]},{\"@type\":\"WebSite\",\"@id\":\"https:\/\/www.pressenza.com\/es\/#website\",\"url\":\"https:\/\/www.pressenza.com\/es\/\",\"name\":\"Pressenza\",\"description\":\"International Press Agency\",\"publisher\":{\"@id\":\"https:\/\/www.pressenza.com\/es\/#organization\"},\"potentialAction\":[{\"@type\":\"SearchAction\",\"target\":{\"@type\":\"EntryPoint\",\"urlTemplate\":\"https:\/\/www.pressenza.com\/es\/?s={search_term_string}\"},\"query-input\":{\"@type\":\"PropertyValueSpecification\",\"valueRequired\":true,\"valueName\":\"search_term_string\"}}],\"inLanguage\":\"es\"},{\"@type\":\"Organization\",\"@id\":\"https:\/\/www.pressenza.com\/es\/#organization\",\"name\":\"Pressenza\",\"url\":\"https:\/\/www.pressenza.com\/es\/\",\"logo\":{\"@type\":\"ImageObject\",\"inLanguage\":\"es\",\"@id\":\"https:\/\/www.pressenza.com\/es\/#\/schema\/logo\/image\/\",\"url\":\"https:\/\/www.pressenza.com\/wp-content\/uploads\/2022\/10\/pressenza_logo_200x200.jpg\",\"contentUrl\":\"https:\/\/www.pressenza.com\/wp-content\/uploads\/2022\/10\/pressenza_logo_200x200.jpg\",\"width\":200,\"height\":200,\"caption\":\"Pressenza\"},\"image\":{\"@id\":\"https:\/\/www.pressenza.com\/es\/#\/schema\/logo\/image\/\"},\"sameAs\":[\"https:\/\/www.facebook.com\/PressenzaItalia\",\"https:\/\/x.com\/PressenzaIPA\"]},{\"@type\":\"Person\",\"@id\":\"https:\/\/www.pressenza.com\/es\/#\/schema\/person\/0e60cd529ef3ecd836a42735fa83478b\",\"name\":\"Dar\u00edo Aranda\",\"description\":\"Dar\u00edo Aranda (argentino, 1977) es periodista. Especializado en extractivismo (petr\u00f3leo, miner\u00eda, agronegocios y forestales), escribe sobre el acontecer de los pueblos ind\u00edgenas, organizaciones campesinas y asambleas socioambientales. www.darioaranda.com.ar\",\"url\":\"https:\/\/www.pressenza.com\/es\/author\/dario-aranda\/\"}]}<\/script>\n<!-- \/ Yoast SEO plugin. -->","yoast_head_json":{"title":"Cuando el periodismo legitima represiones","description":"\u201cAyer salvajes, hoy nos dicen terroristas Siempre justificando su violencia con mentiras\u201d Canci\u00f3n \u201cNuevo Cantar\u201d, 2013, de Puel Kona Medios de","robots":{"index":"index","follow":"follow","max-snippet":"max-snippet:-1","max-image-preview":"max-image-preview:large","max-video-preview":"max-video-preview:-1"},"canonical":"https:\/\/www.pressenza.com\/es\/2017\/01\/cuando-periodismo-legitima-represiones\/","og_locale":"es_ES","og_type":"article","og_title":"Cuando el periodismo legitima represiones","og_description":"\u201cAyer salvajes, hoy nos dicen terroristas Siempre justificando su violencia con mentiras\u201d Canci\u00f3n \u201cNuevo Cantar\u201d, 2013, de Puel Kona Medios de","og_url":"https:\/\/www.pressenza.com\/es\/2017\/01\/cuando-periodismo-legitima-represiones\/","og_site_name":"Pressenza","article_publisher":"https:\/\/www.facebook.com\/PressenzaItalia","article_published_time":"2017-01-24T08:58:06+00:00","og_image":[{"width":1072,"height":712,"url":"https:\/\/www.pressenza.com\/wp-content\/uploads\/2017\/01\/prensa-acampe.jpg","type":"image\/jpeg"}],"author":"Dar\u00edo Aranda","twitter_card":"summary_large_image","twitter_creator":"@PressenzaIPA","twitter_site":"@PressenzaIPA","twitter_misc":{"Escrito por":"Dar\u00edo Aranda","Tiempo de lectura":"7 minutos"},"schema":{"@context":"https:\/\/schema.org","@graph":[{"@type":"Article","@id":"https:\/\/www.pressenza.com\/es\/2017\/01\/cuando-periodismo-legitima-represiones\/#article","isPartOf":{"@id":"https:\/\/www.pressenza.com\/es\/2017\/01\/cuando-periodismo-legitima-represiones\/"},"author":{"name":"Dar\u00edo Aranda","@id":"https:\/\/www.pressenza.com\/es\/#\/schema\/person\/0e60cd529ef3ecd836a42735fa83478b"},"headline":"Cuando el periodismo legitima represiones","datePublished":"2017-01-24T08:58:06+00:00","mainEntityOfPage":{"@id":"https:\/\/www.pressenza.com\/es\/2017\/01\/cuando-periodismo-legitima-represiones\/"},"wordCount":1468,"publisher":{"@id":"https:\/\/www.pressenza.com\/es\/#organization"},"image":{"@id":"https:\/\/www.pressenza.com\/es\/2017\/01\/cuando-periodismo-legitima-represiones\/#primaryimage"},"thumbnailUrl":"https:\/\/www.pressenza.com\/wp-content\/uploads\/2017\/01\/prensa-acampe.jpg","keywords":["Clar\u00edn","Clar\u00edn","Cushamen","indigenas","mapuches","mapuches","Perfil","periodismo","Pueblos Originarios","territorios"],"articleSection":["Contenido Original","Cultura y Medios","Pueblos Originarios","Sudam\u00e9rica"],"inLanguage":"es"},{"@type":"WebPage","@id":"https:\/\/www.pressenza.com\/es\/2017\/01\/cuando-periodismo-legitima-represiones\/","url":"https:\/\/www.pressenza.com\/es\/2017\/01\/cuando-periodismo-legitima-represiones\/","name":"Cuando el periodismo legitima represiones","isPartOf":{"@id":"https:\/\/www.pressenza.com\/es\/#website"},"primaryImageOfPage":{"@id":"https:\/\/www.pressenza.com\/es\/2017\/01\/cuando-periodismo-legitima-represiones\/#primaryimage"},"image":{"@id":"https:\/\/www.pressenza.com\/es\/2017\/01\/cuando-periodismo-legitima-represiones\/#primaryimage"},"thumbnailUrl":"https:\/\/www.pressenza.com\/wp-content\/uploads\/2017\/01\/prensa-acampe.jpg","datePublished":"2017-01-24T08:58:06+00:00","description":"\u201cAyer salvajes, hoy nos dicen terroristas Siempre justificando su violencia con mentiras\u201d Canci\u00f3n \u201cNuevo Cantar\u201d, 2013, de Puel Kona Medios de","breadcrumb":{"@id":"https:\/\/www.pressenza.com\/es\/2017\/01\/cuando-periodismo-legitima-represiones\/#breadcrumb"},"inLanguage":"es","potentialAction":[{"@type":"ReadAction","target":["https:\/\/www.pressenza.com\/es\/2017\/01\/cuando-periodismo-legitima-represiones\/"]}]},{"@type":"ImageObject","inLanguage":"es","@id":"https:\/\/www.pressenza.com\/es\/2017\/01\/cuando-periodismo-legitima-represiones\/#primaryimage","url":"https:\/\/www.pressenza.com\/wp-content\/uploads\/2017\/01\/prensa-acampe.jpg","contentUrl":"https:\/\/www.pressenza.com\/wp-content\/uploads\/2017\/01\/prensa-acampe.jpg","width":1072,"height":712},{"@type":"BreadcrumbList","@id":"https:\/\/www.pressenza.com\/es\/2017\/01\/cuando-periodismo-legitima-represiones\/#breadcrumb","itemListElement":[{"@type":"ListItem","position":1,"name":"Accueil","item":"https:\/\/www.pressenza.com\/es\/"},{"@type":"ListItem","position":2,"name":"Cuando el periodismo legitima represiones"}]},{"@type":"WebSite","@id":"https:\/\/www.pressenza.com\/es\/#website","url":"https:\/\/www.pressenza.com\/es\/","name":"Pressenza","description":"International Press Agency","publisher":{"@id":"https:\/\/www.pressenza.com\/es\/#organization"},"potentialAction":[{"@type":"SearchAction","target":{"@type":"EntryPoint","urlTemplate":"https:\/\/www.pressenza.com\/es\/?s={search_term_string}"},"query-input":{"@type":"PropertyValueSpecification","valueRequired":true,"valueName":"search_term_string"}}],"inLanguage":"es"},{"@type":"Organization","@id":"https:\/\/www.pressenza.com\/es\/#organization","name":"Pressenza","url":"https:\/\/www.pressenza.com\/es\/","logo":{"@type":"ImageObject","inLanguage":"es","@id":"https:\/\/www.pressenza.com\/es\/#\/schema\/logo\/image\/","url":"https:\/\/www.pressenza.com\/wp-content\/uploads\/2022\/10\/pressenza_logo_200x200.jpg","contentUrl":"https:\/\/www.pressenza.com\/wp-content\/uploads\/2022\/10\/pressenza_logo_200x200.jpg","width":200,"height":200,"caption":"Pressenza"},"image":{"@id":"https:\/\/www.pressenza.com\/es\/#\/schema\/logo\/image\/"},"sameAs":["https:\/\/www.facebook.com\/PressenzaItalia","https:\/\/x.com\/PressenzaIPA"]},{"@type":"Person","@id":"https:\/\/www.pressenza.com\/es\/#\/schema\/person\/0e60cd529ef3ecd836a42735fa83478b","name":"Dar\u00edo Aranda","description":"Dar\u00edo Aranda (argentino, 1977) es periodista. Especializado en extractivismo (petr\u00f3leo, miner\u00eda, agronegocios y forestales), escribe sobre el acontecer de los pueblos ind\u00edgenas, organizaciones campesinas y asambleas socioambientales. www.darioaranda.com.ar","url":"https:\/\/www.pressenza.com\/es\/author\/dario-aranda\/"}]}},"place":"Argentina","original_article_url":"","_links":{"self":[{"href":"https:\/\/www.pressenza.com\/es\/wp-json\/wp\/v2\/posts\/422786","targetHints":{"allow":["GET"]}}],"collection":[{"href":"https:\/\/www.pressenza.com\/es\/wp-json\/wp\/v2\/posts"}],"about":[{"href":"https:\/\/www.pressenza.com\/es\/wp-json\/wp\/v2\/types\/post"}],"author":[{"embeddable":true,"href":"https:\/\/www.pressenza.com\/es\/wp-json\/wp\/v2\/users\/1210"}],"replies":[{"embeddable":true,"href":"https:\/\/www.pressenza.com\/es\/wp-json\/wp\/v2\/comments?post=422786"}],"version-history":[{"count":0,"href":"https:\/\/www.pressenza.com\/es\/wp-json\/wp\/v2\/posts\/422786\/revisions"}],"wp:featuredmedia":[{"embeddable":true,"href":"https:\/\/www.pressenza.com\/es\/wp-json\/wp\/v2\/media\/422804"}],"wp:attachment":[{"href":"https:\/\/www.pressenza.com\/es\/wp-json\/wp\/v2\/media?parent=422786"}],"wp:term":[{"taxonomy":"category","embeddable":true,"href":"https:\/\/www.pressenza.com\/es\/wp-json\/wp\/v2\/categories?post=422786"},{"taxonomy":"post_tag","embeddable":true,"href":"https:\/\/www.pressenza.com\/es\/wp-json\/wp\/v2\/tags?post=422786"}],"curies":[{"name":"wp","href":"https:\/\/api.w.org\/{rel}","templated":true}]}}