{"id":422665,"date":"2017-01-23T19:48:34","date_gmt":"2017-01-23T19:48:34","guid":{"rendered":"http:\/\/www.pressenza.com\/?p=422665\/"},"modified":"2017-01-23T19:48:34","modified_gmt":"2017-01-23T19:48:34","slug":"los-rios-secos-la-sangre-humeda-la-historia","status":"publish","type":"post","link":"https:\/\/www.pressenza.com\/es\/2017\/01\/los-rios-secos-la-sangre-humeda-la-historia\/","title":{"rendered":"Los r\u00edos secos y la sangre h\u00fameda de la\u00a0historia"},"content":{"rendered":"<h4>Neocolonialismo y neoliberalismo en la Argentina contempor\u00e1nea<\/h4>\n<p><strong>Newenken, territorio mapuche.<\/strong> Pensar y analizar los procesos hist\u00f3ricos de la Argentina desde una visi\u00f3n materialista econ\u00f3mica sin contemplar, por un lado, la identidad genocida originaria del propio Estado y, por otro, la identidad territorial que precede ese atentado puede ser el fundamento ideal para que todas las luchas perezcan en la soledad de un paradigma irrefutable de incomprensi\u00f3n. No se puede desconocer la identidad del territorio que se habita, mucho menos la identidad (ancestral) de las personas que lo transitan y la propia historicidad de violencias que ambos espacios -cuerpo y territorio- padecieron -y padecen en la actualidad-. Veo a distintas organizaciones sociales y pol\u00edticas movilizarse sobre un puente que atraviesa las huellas de un r\u00edo seco que divide las provincias de Neuqu\u00e9n y R\u00edo Negro y entiendo que esa fotograf\u00eda se convertir\u00e1 autom\u00e1ticamente, con la velocidad de las redes sociales, en una iconograf\u00eda de la incomprensi\u00f3n: el agua no es contemplada como un sujeto de derecho, ni siquiera como un ser digno de respeto. El agua, dentro de la filosof\u00eda occidental, es comprendida socialmente como una herramienta econ\u00f3mica secundaria, que no interviene necesariamente en la vida de los trabajadores. El agua es un subproducto de la superestructura. Cuando pensamos en el agua pensamos como consumirla, distribuirla, ocuparla. Siempre el agua es un recurso a modificar, controlar, dominar, modificar. Nunca podr\u00edamos pensar en los r\u00edos y lagos como si pens\u00e1ramos en nuestros abuelos y abuelas, nunca podr\u00edamos contemplarlos como figuras cargadas de conocimiento y sabidur\u00eda. \u00bfPor qu\u00e9? Quiz\u00e1s ah\u00ed resida el punto de inflexi\u00f3n paradigm\u00e1tico entre la lucha de clases, la concepci\u00f3n de emancipaci\u00f3n, la visibilizaci\u00f3n de la identidad ancestral, el neoliberalismo acaparador y el <em>\u201ccolonialismo en movimiento\u201d<\/em> fundante del Estado argentino -junto a las\u201c<em>pol\u00edticas<\/em>\u201d de despojo y destierro que el mismo Estado gestiona-. La filosof\u00eda del <strong><em>k\u00fcme mongen<\/em><\/strong> (buena vida o buen vivir) debe contemplar a todos los <em><strong>che<\/strong><\/em> (gente) que habitan el territorio -incluido el propio territorio-.<\/p>\n<p style=\"padding-left: 30px;\"><em>\u201cSi el concepto de Am\u00e9rica no se puede separar de la idea de modernidad, el de Patagonia menos todav\u00eda. Los dos son representaciones de proyectos imperiales porque a fin de cuentas, la Argentina no hizo m\u00e1s que concretar el designio que Espa\u00f1a no pudo. Las instituciones que llegaron al Wallmapu despu\u00e9s de las columnas expedicionarias, no fueron creaci\u00f3n propia de un proyecto pol\u00edtico novedoso u original, sino versiones sudamericanas de trayectorias europeas previas. Otro tanto sucedi\u00f3 abajo del B\u00edo B\u00edo porque las invenciones de Patagonia y de Araucan\u00eda, funcionaron como elementos centrales para crear las condiciones que propiciaron las expansiones coloniales, tanto argentina como chilena. Fue el estilo de vida europeo el que arrib\u00f3 triunfal aqu\u00ed, como sin\u00f3nimo de progreso de la humanidad. Sin reparar que los muertos en combate, los desterrados, los fusilados, las familias disgregadas y los trasladados a los campos de concentraci\u00f3n, tambi\u00e9n eran humanos\u201d.<\/em><br \/>\n<strong><em>Kom\u00fctuam, descolonizar la historia mapuche en Patagonia,\u00a0Adri\u00e1n Moyano.<\/em><\/strong><\/p>\n<p style=\"padding-left: 30px;\"><em>\u201cDe acuerdo con la jurisprudencia de la Corte Interamericana, seg\u00fan lo establecido en los casos \u2018Yakye Axa\u2019 y \u2018Sawhoyamaxa\u2019, \u2018los integrantes de los pueblos ind\u00edgenas y tribales tienen el derecho de ser titulares de los recursos naturales que han usado tradicionalmente dentro de su territorio por las mismas razones por las cuales tienen el derecho de ser titulares de la tierra que han usado y ocupado tradicionalmente durante siglos. Sin ellos, la supervivencia econ\u00f3mica, social y cultural de dichos pueblos est\u00e1 en riesgo.\u00bb<\/em><br \/>\n<strong><em>Convenio 169 de la O.I.T. sobre Pueblos Ind\u00edgenas.<\/em><\/strong><\/p>\n<p style=\"padding-left: 30px;\"><em>\u201cAs\u00ed es como se entiende el concepto de da\u00f1o cultural: aquellos cambios no deseados ni provocados por los mapuche, que no implican una elecci\u00f3n de otro modo de vida sino que han sido provocados por elementos externos (Estado, particulares) y que resultan funcionales a una mayor dependencia del pueblo mapuche y menores posibilidades de autonom\u00eda. A diferencia del cambio cultural, que puede ser positivo, negativo o neutro, el da\u00f1o cultural implica siempre un atentado a la dignidad del pueblo\u201d.<\/em><br \/>\n<strong><em>El \u2018aporte antropol\u00f3gico\u2019 en un caso evaluativo de \u2018da\u00f1o cultural\u2019, Diana Lenton.<\/em><\/strong><\/p>\n<p style=\"padding-left: 30px;\"><em>\u201cParafraseando a Esteban Echeverr\u00eda, el ethos procomunal apunta a estructurar el mundo de la vida en referencia a un telos definido cualitativamente y que act\u00faa desde el valor de uso de las cosas, desde la din\u00e1mica de la consistencia de las cosas pr\u00e1ctica de estas; a diferencia del principio estructurador del capitalismo, que emana del valor mercantil de las cosas, y se autodenomina como valor \u2013 capital. En la actualidad, ante el avance del cercamiento y secuestro de lo com\u00fan, ante el hecho capitalista generalizado en un fase de disposici\u00f3n y mercantilizaci\u00f3n de la vida, las nuevas resistencias se manifiestan a trav\u00e9s de la emergencia de espacios de comunidad y formas de sociabilidad, esto es, campos de experimentaci\u00f3n\u00a0colectiva que reivindican la producci\u00f3n y reproducci\u00f3n de lo com\u00fan, m\u00e1s all\u00e1 del Estado y el mercado. As\u00ed, la noci\u00f3n misma de ethos procomunal sirve tanto para pensar las dimensiones comunitarias preexistentes en Am\u00e9rica Latina como las dimensiones pol\u00edticas actuales de las resistencias, orientadas hacia una democracia radical.\u201d<\/em><br \/>\n<strong><em>Maldesarrollo, la Argentina del extractivismo y el despojo,\u00a0Maristella Svampa y Enrique Viale.<\/em><\/strong><\/p>\n<p>&nbsp;<\/p>\n<p>Domingo 22 de enero de 2017, 21: 33 hs.<\/p>\n<p><strong>Advertencia del autor<\/strong><\/p>\n<p>El trabajo documental que leer\u00e1n a continuaci\u00f3n es el resultado de la articulaci\u00f3n de un compendio de lecturas, entrevistas y di\u00e1logos con distintos referentes sociales y autoridades filos\u00f3ficas mapuce. Como ya muchos lectores saben las elaboraciones argumentales que propongo son extensas, es por ello que sugiero que, para que sea posible una lectura completa del material, dividamos el texto\u2013ensayo en cuatro cap\u00edtulos. Esto nos permitir\u00e1 no s\u00f3lo pausar la lectura, sino adem\u00e1s nos ayudara a darnos un tiempo de silencio y reflexi\u00f3n ante las preguntas que se proponen en el mismo, que entiendo no s\u00f3lo son inquietudes personales, sino un emergente de voces que pululan \u00e1vidos de conocimiento, pero que, finalmente, concluyen en el perecimiento de la invisibilidad medi\u00e1tica. En segundo lugar, me gustar\u00eda indicar que estos cap\u00edtulos pretenden ser tambi\u00e9n un ejercicio de observaci\u00f3n y reflexi\u00f3n en donde las fotograf\u00edas, la representaci\u00f3n de escenas visuales y las preguntas -como m\u00e9todo dial\u00f3gico- se mantengan permanentemente en contacto hilvanando un mecanismo de reflexi\u00f3n at\u00edpico, que contrasta con las propuestas cl\u00e1sicas de la comunicaci\u00f3n (masiva). Esta din\u00e1mica de articulaci\u00f3n propone, en su ejecuci\u00f3n, analizar distintos hechos, escenarios y conceptos aparentemente dis\u00edmiles, pero que en su interrelaci\u00f3n quiz\u00e1s nos permitan visibilizar la historicidad de violencias negada que atravesamos, como sociedad, en la actualidad. \u00bfExiste un proceso social que preceda la situaci\u00f3n de pobreza que padecemos como sociedad? En tercer lugar entiendo que gracias a estas lecturas, relaciones y encuentros han nacido varias consignas comunicacionales que me gustar\u00eda extender hacia el lector como una forma de pensarlas en voz alta, pero tambi\u00e9n comprendiendo, en el mismo ejercicio, que cada consigna est\u00e1 dirigida a problematizar las definiciones de emancipaci\u00f3n que manipulamos; o mejor dicho, la lectura de estas consignas nos deben permitir como militantes, comunicadores e intelectuales interpelar las teor\u00edas que hemos construido en pos de un proceso de emancipaci\u00f3n sobre las violencias y opresiones que nos atraviesan como individuos. Por \u00faltimo, me gustar\u00eda reconocer que este art\u00edculo no pretende quedar subsumido a la urgencia de los hechos acontecidos recientemente en <strong><em>Ngulu Mapu<\/em> <\/strong>(Chile) y <em><strong>Puel Mapu<\/strong> <\/em>(Argentina), sino que este material intenta trascender, en el tiempo, dados los aportes y definiciones que en \u00e9l se han articulado. Permitamos entonces ser interpelados por ellos.<\/p>\n<p><em>Texto\u2013ensayo completo en <a href=\"https:\/\/periferiasitio.wordpress.com\/2017\/01\/23\/los-rios-secos-y-la-sangre-humeda-de-la-historia\/\" target=\"_blank\">Periferias<\/a>\u00a0<\/em><\/p>\n","protected":false},"excerpt":{"rendered":"<p>Neocolonialismo y neoliberalismo en la Argentina contempor\u00e1nea Newenken, territorio mapuche. Pensar y analizar los procesos hist\u00f3ricos de la Argentina desde una visi\u00f3n materialista econ\u00f3mica sin contemplar, por un lado, la identidad genocida originaria del propio Estado y, por otro, la&hellip;<\/p>\n","protected":false},"author":1372,"featured_media":422666,"comment_status":"closed","ping_status":"closed","sticky":false,"template":"","format":"standard","meta":{"footnotes":""},"categories":[161,80,67],"tags":[26,7867,29,34473,1544,5323,12811,3123,1149,22210],"class_list":["post-422665","post","type-post","status-publish","format-standard","has-post-thumbnail","hentry","category-opiniones","category-pueblos-originarios","category-sudamerica","tag-argentina","tag-buen-vivir","tag-chile","tag-despojo","tag-extractivismo","tag-indigenas","tag-mapuches-es","tag-mapuches","tag-patagonia","tag-pueblos-originarios"],"yoast_head":"<!-- This site is optimized with the Yoast SEO plugin v27.1.1 - https:\/\/yoast.com\/product\/yoast-seo-wordpress\/ -->\n<title>Los r\u00edos secos y la sangre h\u00fameda de la\u00a0historia<\/title>\n<meta name=\"description\" content=\"Neocolonialismo y neoliberalismo en la Argentina contempor\u00e1nea Newenken, territorio mapuche. Pensar y analizar los procesos hist\u00f3ricos de la Argentina\" \/>\n<meta name=\"robots\" content=\"index, follow, max-snippet:-1, max-image-preview:large, max-video-preview:-1\" \/>\n<link rel=\"canonical\" href=\"https:\/\/www.pressenza.com\/es\/2017\/01\/los-rios-secos-la-sangre-humeda-la-historia\/\" \/>\n<meta property=\"og:locale\" content=\"es_ES\" \/>\n<meta property=\"og:type\" content=\"article\" \/>\n<meta property=\"og:title\" content=\"Los r\u00edos secos y la sangre h\u00fameda de la\u00a0historia\" \/>\n<meta property=\"og:description\" content=\"Neocolonialismo y neoliberalismo en la Argentina contempor\u00e1nea Newenken, territorio mapuche. Pensar y analizar los procesos hist\u00f3ricos de la Argentina\" \/>\n<meta property=\"og:url\" content=\"https:\/\/www.pressenza.com\/es\/2017\/01\/los-rios-secos-la-sangre-humeda-la-historia\/\" \/>\n<meta property=\"og:site_name\" content=\"Pressenza\" \/>\n<meta property=\"article:publisher\" content=\"https:\/\/www.facebook.com\/PressenzaItalia\" \/>\n<meta property=\"article:published_time\" content=\"2017-01-23T19:48:34+00:00\" \/>\n<meta property=\"og:image\" content=\"https:\/\/www.pressenza.com\/wp-content\/uploads\/2017\/01\/desidia.jpg\" \/>\n\t<meta property=\"og:image:width\" content=\"750\" \/>\n\t<meta property=\"og:image:height\" content=\"500\" \/>\n\t<meta property=\"og:image:type\" content=\"image\/jpeg\" \/>\n<meta name=\"author\" content=\"Gustavo Figueroa\" \/>\n<meta name=\"twitter:card\" content=\"summary_large_image\" \/>\n<meta name=\"twitter:creator\" content=\"@PressenzaIPA\" \/>\n<meta name=\"twitter:site\" content=\"@PressenzaIPA\" \/>\n<meta name=\"twitter:label1\" content=\"Escrito por\" \/>\n\t<meta name=\"twitter:data1\" content=\"Gustavo Figueroa\" \/>\n\t<meta name=\"twitter:label2\" content=\"Tiempo de lectura\" \/>\n\t<meta name=\"twitter:data2\" content=\"7 minutos\" \/>\n<script type=\"application\/ld+json\" class=\"yoast-schema-graph\">{\"@context\":\"https:\/\/schema.org\",\"@graph\":[{\"@type\":\"Article\",\"@id\":\"https:\/\/www.pressenza.com\/es\/2017\/01\/los-rios-secos-la-sangre-humeda-la-historia\/#article\",\"isPartOf\":{\"@id\":\"https:\/\/www.pressenza.com\/es\/2017\/01\/los-rios-secos-la-sangre-humeda-la-historia\/\"},\"author\":{\"name\":\"Gustavo Figueroa\",\"@id\":\"https:\/\/www.pressenza.com\/es\/#\/schema\/person\/dacb21ffbce19b7d40c5abc14b6efc88\"},\"headline\":\"Los r\u00edos secos y la sangre h\u00fameda de la\u00a0historia\",\"datePublished\":\"2017-01-23T19:48:34+00:00\",\"mainEntityOfPage\":{\"@id\":\"https:\/\/www.pressenza.com\/es\/2017\/01\/los-rios-secos-la-sangre-humeda-la-historia\/\"},\"wordCount\":1350,\"publisher\":{\"@id\":\"https:\/\/www.pressenza.com\/es\/#organization\"},\"image\":{\"@id\":\"https:\/\/www.pressenza.com\/es\/2017\/01\/los-rios-secos-la-sangre-humeda-la-historia\/#primaryimage\"},\"thumbnailUrl\":\"https:\/\/www.pressenza.com\/wp-content\/uploads\/2017\/01\/desidia.jpg\",\"keywords\":[\"Argentina\",\"Buen vivir\",\"Chile\",\"despojo\",\"extractivismo\",\"indigenas\",\"mapuches\",\"mapuches\",\"Patagonia\",\"Pueblos Originarios\"],\"articleSection\":[\"Opiniones\",\"Pueblos Originarios\",\"Sudam\u00e9rica\"],\"inLanguage\":\"es\"},{\"@type\":\"WebPage\",\"@id\":\"https:\/\/www.pressenza.com\/es\/2017\/01\/los-rios-secos-la-sangre-humeda-la-historia\/\",\"url\":\"https:\/\/www.pressenza.com\/es\/2017\/01\/los-rios-secos-la-sangre-humeda-la-historia\/\",\"name\":\"Los r\u00edos secos y la sangre h\u00fameda de la\u00a0historia\",\"isPartOf\":{\"@id\":\"https:\/\/www.pressenza.com\/es\/#website\"},\"primaryImageOfPage\":{\"@id\":\"https:\/\/www.pressenza.com\/es\/2017\/01\/los-rios-secos-la-sangre-humeda-la-historia\/#primaryimage\"},\"image\":{\"@id\":\"https:\/\/www.pressenza.com\/es\/2017\/01\/los-rios-secos-la-sangre-humeda-la-historia\/#primaryimage\"},\"thumbnailUrl\":\"https:\/\/www.pressenza.com\/wp-content\/uploads\/2017\/01\/desidia.jpg\",\"datePublished\":\"2017-01-23T19:48:34+00:00\",\"description\":\"Neocolonialismo y neoliberalismo en la Argentina contempor\u00e1nea Newenken, territorio mapuche. Pensar y analizar los procesos hist\u00f3ricos de la Argentina\",\"breadcrumb\":{\"@id\":\"https:\/\/www.pressenza.com\/es\/2017\/01\/los-rios-secos-la-sangre-humeda-la-historia\/#breadcrumb\"},\"inLanguage\":\"es\",\"potentialAction\":[{\"@type\":\"ReadAction\",\"target\":[\"https:\/\/www.pressenza.com\/es\/2017\/01\/los-rios-secos-la-sangre-humeda-la-historia\/\"]}]},{\"@type\":\"ImageObject\",\"inLanguage\":\"es\",\"@id\":\"https:\/\/www.pressenza.com\/es\/2017\/01\/los-rios-secos-la-sangre-humeda-la-historia\/#primaryimage\",\"url\":\"https:\/\/www.pressenza.com\/wp-content\/uploads\/2017\/01\/desidia.jpg\",\"contentUrl\":\"https:\/\/www.pressenza.com\/wp-content\/uploads\/2017\/01\/desidia.jpg\",\"width\":750,\"height\":500},{\"@type\":\"BreadcrumbList\",\"@id\":\"https:\/\/www.pressenza.com\/es\/2017\/01\/los-rios-secos-la-sangre-humeda-la-historia\/#breadcrumb\",\"itemListElement\":[{\"@type\":\"ListItem\",\"position\":1,\"name\":\"Accueil\",\"item\":\"https:\/\/www.pressenza.com\/es\/\"},{\"@type\":\"ListItem\",\"position\":2,\"name\":\"Los r\u00edos secos y la sangre h\u00fameda de la\u00a0historia\"}]},{\"@type\":\"WebSite\",\"@id\":\"https:\/\/www.pressenza.com\/es\/#website\",\"url\":\"https:\/\/www.pressenza.com\/es\/\",\"name\":\"Pressenza\",\"description\":\"International Press Agency\",\"publisher\":{\"@id\":\"https:\/\/www.pressenza.com\/es\/#organization\"},\"potentialAction\":[{\"@type\":\"SearchAction\",\"target\":{\"@type\":\"EntryPoint\",\"urlTemplate\":\"https:\/\/www.pressenza.com\/es\/?s={search_term_string}\"},\"query-input\":{\"@type\":\"PropertyValueSpecification\",\"valueRequired\":true,\"valueName\":\"search_term_string\"}}],\"inLanguage\":\"es\"},{\"@type\":\"Organization\",\"@id\":\"https:\/\/www.pressenza.com\/es\/#organization\",\"name\":\"Pressenza\",\"url\":\"https:\/\/www.pressenza.com\/es\/\",\"logo\":{\"@type\":\"ImageObject\",\"inLanguage\":\"es\",\"@id\":\"https:\/\/www.pressenza.com\/es\/#\/schema\/logo\/image\/\",\"url\":\"https:\/\/www.pressenza.com\/wp-content\/uploads\/2022\/10\/pressenza_logo_200x200.jpg\",\"contentUrl\":\"https:\/\/www.pressenza.com\/wp-content\/uploads\/2022\/10\/pressenza_logo_200x200.jpg\",\"width\":200,\"height\":200,\"caption\":\"Pressenza\"},\"image\":{\"@id\":\"https:\/\/www.pressenza.com\/es\/#\/schema\/logo\/image\/\"},\"sameAs\":[\"https:\/\/www.facebook.com\/PressenzaItalia\",\"https:\/\/x.com\/PressenzaIPA\"]},{\"@type\":\"Person\",\"@id\":\"https:\/\/www.pressenza.com\/es\/#\/schema\/person\/dacb21ffbce19b7d40c5abc14b6efc88\",\"name\":\"Gustavo Figueroa\",\"description\":\"Gustavo Figueroa (1985). Periodista, documentalista, fot\u00f3grafo. Vive en Neuqu\u00e9n. Se interesa especialmente por temas relativos a pueblos originarios y derechos humanos. Es miembro del Equipo de Educadores Interculturales del Puel Mapu.\",\"sameAs\":[\"https:\/\/periferiasitio.wordpress.com\/\"],\"url\":\"https:\/\/www.pressenza.com\/es\/author\/gustavo-figueroa\/\"}]}<\/script>\n<!-- \/ Yoast SEO plugin. -->","yoast_head_json":{"title":"Los r\u00edos secos y la sangre h\u00fameda de la\u00a0historia","description":"Neocolonialismo y neoliberalismo en la Argentina contempor\u00e1nea Newenken, territorio mapuche. Pensar y analizar los procesos hist\u00f3ricos de la Argentina","robots":{"index":"index","follow":"follow","max-snippet":"max-snippet:-1","max-image-preview":"max-image-preview:large","max-video-preview":"max-video-preview:-1"},"canonical":"https:\/\/www.pressenza.com\/es\/2017\/01\/los-rios-secos-la-sangre-humeda-la-historia\/","og_locale":"es_ES","og_type":"article","og_title":"Los r\u00edos secos y la sangre h\u00fameda de la\u00a0historia","og_description":"Neocolonialismo y neoliberalismo en la Argentina contempor\u00e1nea Newenken, territorio mapuche. Pensar y analizar los procesos hist\u00f3ricos de la Argentina","og_url":"https:\/\/www.pressenza.com\/es\/2017\/01\/los-rios-secos-la-sangre-humeda-la-historia\/","og_site_name":"Pressenza","article_publisher":"https:\/\/www.facebook.com\/PressenzaItalia","article_published_time":"2017-01-23T19:48:34+00:00","og_image":[{"width":750,"height":500,"url":"https:\/\/www.pressenza.com\/wp-content\/uploads\/2017\/01\/desidia.jpg","type":"image\/jpeg"}],"author":"Gustavo Figueroa","twitter_card":"summary_large_image","twitter_creator":"@PressenzaIPA","twitter_site":"@PressenzaIPA","twitter_misc":{"Escrito por":"Gustavo Figueroa","Tiempo de lectura":"7 minutos"},"schema":{"@context":"https:\/\/schema.org","@graph":[{"@type":"Article","@id":"https:\/\/www.pressenza.com\/es\/2017\/01\/los-rios-secos-la-sangre-humeda-la-historia\/#article","isPartOf":{"@id":"https:\/\/www.pressenza.com\/es\/2017\/01\/los-rios-secos-la-sangre-humeda-la-historia\/"},"author":{"name":"Gustavo Figueroa","@id":"https:\/\/www.pressenza.com\/es\/#\/schema\/person\/dacb21ffbce19b7d40c5abc14b6efc88"},"headline":"Los r\u00edos secos y la sangre h\u00fameda de la\u00a0historia","datePublished":"2017-01-23T19:48:34+00:00","mainEntityOfPage":{"@id":"https:\/\/www.pressenza.com\/es\/2017\/01\/los-rios-secos-la-sangre-humeda-la-historia\/"},"wordCount":1350,"publisher":{"@id":"https:\/\/www.pressenza.com\/es\/#organization"},"image":{"@id":"https:\/\/www.pressenza.com\/es\/2017\/01\/los-rios-secos-la-sangre-humeda-la-historia\/#primaryimage"},"thumbnailUrl":"https:\/\/www.pressenza.com\/wp-content\/uploads\/2017\/01\/desidia.jpg","keywords":["Argentina","Buen vivir","Chile","despojo","extractivismo","indigenas","mapuches","mapuches","Patagonia","Pueblos Originarios"],"articleSection":["Opiniones","Pueblos Originarios","Sudam\u00e9rica"],"inLanguage":"es"},{"@type":"WebPage","@id":"https:\/\/www.pressenza.com\/es\/2017\/01\/los-rios-secos-la-sangre-humeda-la-historia\/","url":"https:\/\/www.pressenza.com\/es\/2017\/01\/los-rios-secos-la-sangre-humeda-la-historia\/","name":"Los r\u00edos secos y la sangre h\u00fameda de la\u00a0historia","isPartOf":{"@id":"https:\/\/www.pressenza.com\/es\/#website"},"primaryImageOfPage":{"@id":"https:\/\/www.pressenza.com\/es\/2017\/01\/los-rios-secos-la-sangre-humeda-la-historia\/#primaryimage"},"image":{"@id":"https:\/\/www.pressenza.com\/es\/2017\/01\/los-rios-secos-la-sangre-humeda-la-historia\/#primaryimage"},"thumbnailUrl":"https:\/\/www.pressenza.com\/wp-content\/uploads\/2017\/01\/desidia.jpg","datePublished":"2017-01-23T19:48:34+00:00","description":"Neocolonialismo y neoliberalismo en la Argentina contempor\u00e1nea Newenken, territorio mapuche. Pensar y analizar los procesos hist\u00f3ricos de la Argentina","breadcrumb":{"@id":"https:\/\/www.pressenza.com\/es\/2017\/01\/los-rios-secos-la-sangre-humeda-la-historia\/#breadcrumb"},"inLanguage":"es","potentialAction":[{"@type":"ReadAction","target":["https:\/\/www.pressenza.com\/es\/2017\/01\/los-rios-secos-la-sangre-humeda-la-historia\/"]}]},{"@type":"ImageObject","inLanguage":"es","@id":"https:\/\/www.pressenza.com\/es\/2017\/01\/los-rios-secos-la-sangre-humeda-la-historia\/#primaryimage","url":"https:\/\/www.pressenza.com\/wp-content\/uploads\/2017\/01\/desidia.jpg","contentUrl":"https:\/\/www.pressenza.com\/wp-content\/uploads\/2017\/01\/desidia.jpg","width":750,"height":500},{"@type":"BreadcrumbList","@id":"https:\/\/www.pressenza.com\/es\/2017\/01\/los-rios-secos-la-sangre-humeda-la-historia\/#breadcrumb","itemListElement":[{"@type":"ListItem","position":1,"name":"Accueil","item":"https:\/\/www.pressenza.com\/es\/"},{"@type":"ListItem","position":2,"name":"Los r\u00edos secos y la sangre h\u00fameda de la\u00a0historia"}]},{"@type":"WebSite","@id":"https:\/\/www.pressenza.com\/es\/#website","url":"https:\/\/www.pressenza.com\/es\/","name":"Pressenza","description":"International Press Agency","publisher":{"@id":"https:\/\/www.pressenza.com\/es\/#organization"},"potentialAction":[{"@type":"SearchAction","target":{"@type":"EntryPoint","urlTemplate":"https:\/\/www.pressenza.com\/es\/?s={search_term_string}"},"query-input":{"@type":"PropertyValueSpecification","valueRequired":true,"valueName":"search_term_string"}}],"inLanguage":"es"},{"@type":"Organization","@id":"https:\/\/www.pressenza.com\/es\/#organization","name":"Pressenza","url":"https:\/\/www.pressenza.com\/es\/","logo":{"@type":"ImageObject","inLanguage":"es","@id":"https:\/\/www.pressenza.com\/es\/#\/schema\/logo\/image\/","url":"https:\/\/www.pressenza.com\/wp-content\/uploads\/2022\/10\/pressenza_logo_200x200.jpg","contentUrl":"https:\/\/www.pressenza.com\/wp-content\/uploads\/2022\/10\/pressenza_logo_200x200.jpg","width":200,"height":200,"caption":"Pressenza"},"image":{"@id":"https:\/\/www.pressenza.com\/es\/#\/schema\/logo\/image\/"},"sameAs":["https:\/\/www.facebook.com\/PressenzaItalia","https:\/\/x.com\/PressenzaIPA"]},{"@type":"Person","@id":"https:\/\/www.pressenza.com\/es\/#\/schema\/person\/dacb21ffbce19b7d40c5abc14b6efc88","name":"Gustavo Figueroa","description":"Gustavo Figueroa (1985). Periodista, documentalista, fot\u00f3grafo. Vive en Neuqu\u00e9n. Se interesa especialmente por temas relativos a pueblos originarios y derechos humanos. Es miembro del Equipo de Educadores Interculturales del Puel Mapu.","sameAs":["https:\/\/periferiasitio.wordpress.com\/"],"url":"https:\/\/www.pressenza.com\/es\/author\/gustavo-figueroa\/"}]}},"place":"Argentina","original_article_url":"https:\/\/periferiasitio.wordpress.com\/2017\/01\/23\/los-rios-secos-y-la-sangre-humeda-de-la-historia\/?#","_links":{"self":[{"href":"https:\/\/www.pressenza.com\/es\/wp-json\/wp\/v2\/posts\/422665","targetHints":{"allow":["GET"]}}],"collection":[{"href":"https:\/\/www.pressenza.com\/es\/wp-json\/wp\/v2\/posts"}],"about":[{"href":"https:\/\/www.pressenza.com\/es\/wp-json\/wp\/v2\/types\/post"}],"author":[{"embeddable":true,"href":"https:\/\/www.pressenza.com\/es\/wp-json\/wp\/v2\/users\/1372"}],"replies":[{"embeddable":true,"href":"https:\/\/www.pressenza.com\/es\/wp-json\/wp\/v2\/comments?post=422665"}],"version-history":[{"count":0,"href":"https:\/\/www.pressenza.com\/es\/wp-json\/wp\/v2\/posts\/422665\/revisions"}],"wp:featuredmedia":[{"embeddable":true,"href":"https:\/\/www.pressenza.com\/es\/wp-json\/wp\/v2\/media\/422666"}],"wp:attachment":[{"href":"https:\/\/www.pressenza.com\/es\/wp-json\/wp\/v2\/media?parent=422665"}],"wp:term":[{"taxonomy":"category","embeddable":true,"href":"https:\/\/www.pressenza.com\/es\/wp-json\/wp\/v2\/categories?post=422665"},{"taxonomy":"post_tag","embeddable":true,"href":"https:\/\/www.pressenza.com\/es\/wp-json\/wp\/v2\/tags?post=422665"}],"curies":[{"name":"wp","href":"https:\/\/api.w.org\/{rel}","templated":true}]}}