{"id":421333,"date":"2017-01-20T12:47:21","date_gmt":"2017-01-20T12:47:21","guid":{"rendered":"http:\/\/www.pressenza.com\/?p=421333\/"},"modified":"2017-01-20T12:47:21","modified_gmt":"2017-01-20T12:47:21","slug":"la-agroecologia-no-una-elite","status":"publish","type":"post","link":"https:\/\/www.pressenza.com\/es\/2017\/01\/la-agroecologia-no-una-elite\/","title":{"rendered":"\u00abLa agroecolog\u00eda no es para una \u00e9lite\u00bb"},"content":{"rendered":"<p><em>Por <strong>Dar\u00edo Aranda<\/strong><\/em><\/p>\n<p><strong>Anna Park es una yerba mate org\u00e1nica y agroecol\u00f3gica. Siembran, cosechan y siguen de cerca todo el proceso (hasta el envasado) y comercializaci\u00f3n. Cr\u00edticas a la falta de pol\u00edticas de Estado y necesidad de articular con otros productores.<\/strong><\/p>\n<p>Papel color madera, letras negras y verdes. <strong>Es el paquete de la yerba Anna Park, que se define como \u201corg\u00e1nica y ecol\u00f3gica\u201d.<\/strong> Vende m\u00e1s de 22.000 kilos al a\u00f1o, en todo el pa\u00eds, mantienen una reserva ecol\u00f3gica en Misiones, son muy detallistas en cada etapa del proceso productivo y cuestionan la falta de pol\u00edticas estatales. <strong>No utilizan agrot\u00f3xicos (herbicidas, plaguicidas) ni abonos qu\u00edmicos. Explican que ambos \u201ccontaminan los suelos y el agua, en consecuencia afectan la salud humana, animal y vegetal\u201d.<\/strong><\/p>\n<p><strong>\u201cEl futuro es org\u00e1nico\u201d<\/strong>, es uno de lo lemas de la yerba mate Anna Park. Destacan que es elaborada de forma artesanal, con m\u00e9todos implementados por el Pueblo Guaran\u00ed en \u00e9pocas de la evangelizaci\u00f3n forzosa. La llamaban \u201cca\u00e1\u201d, la consum\u00edan con peque\u00f1as bombillas de ca\u00f1a tacuara y tambi\u00e9n mascaban sus hojas crudas. Remarcan que la principal diferencia con otras yerbas es el proceso de secado y el \u201cestacionamiento\u201d.<\/p>\n<p>Eric Barney recuerda que el precio de la yerba era relativamente bueno hasta la d\u00e9cada del 60, cuando comenz\u00f3 un proceso en el que los grandes molinos (y algunos grandes productores) compraron las peque\u00f1as y medianas charcas. Todo empeor\u00f3 en los 90, cuando dej\u00f3 de existir el mercado concentrador (que fijaba precios de referencia) y se dej\u00f3 la producci\u00f3n librada al mercado. \u201cCon Menem fue tierra de nadie. Entregabas la yerba a consignaci\u00f3n y ni sab\u00edas cu\u00e1nto te iban a pagar\u201d, recuerda Eric Barney y afirma que algunos males de esos tiempos a\u00fan perduran: el precio para el productor nunca se recuper\u00f3. <strong>\u201cUna yerba de buena calidad siempre estuvo lo mismo que un kilo de carne. Hoy hemos quedado muy atr\u00e1s\u201d, sostiene y aclara que el 30 por ciento del costo del paquete se va en impuestos.<\/strong><\/p>\n<p>Y los bancos no dan cr\u00e9ditos sostenibles para los m\u00e1s peque\u00f1os. Ofrecen pr\u00e9stamos con hasta 40 por ciento de inter\u00e9s anual. Imposible para los productores familiares.<\/p>\n<div id=\"attachment_421357\" class=\"wp-caption alignnone\"><img loading=\"lazy\" decoding=\"async\" aria-describedby=\"caption-attachment-421357\" class=\"size-large wp-image-421357\" src=\"https:\/\/www.pressenza.com\/wp-content\/uploads\/2017\/01\/AnnaPark1-720x490.jpg\" alt=\"\" width=\"720\" height=\"490\" srcset=\"https:\/\/www.pressenza.com\/wp-content\/uploads\/2017\/01\/AnnaPark1-720x490.jpg 720w, https:\/\/www.pressenza.com\/wp-content\/uploads\/2017\/01\/AnnaPark1-300x204.jpg 300w, https:\/\/www.pressenza.com\/wp-content\/uploads\/2017\/01\/AnnaPark1-768x523.jpg 768w, https:\/\/www.pressenza.com\/wp-content\/uploads\/2017\/01\/AnnaPark1.jpg 812w\" sizes=\"auto, (max-width: 720px) 100vw, 720px\" \/><p id=\"caption-attachment-421357\" class=\"wp-caption-text\">Los productores de Anna Park. Foto Dar\u00edo Aranda<\/p><\/div>\n<p><strong>En Anna Park cuestionan el monocultivo industrial de yerba mate, que utiliza agroqu\u00edmicos y empobrecimiento de suelos. En la producci\u00f3n convencional de yerba se utiliza mucho herbicida (glifosato) y fertilizante (urea). Tambi\u00e9n suele aplicarse cal y magnesio. Y venenos para controlar el \u201crulo\u201d (plaga que retrasa o reduce la brotaci\u00f3n). \u201cSon\u00a0muy fuertes los venenos, se mueren hasta los p\u00e1jaros\u201d,<\/strong> se\u00f1ala Barney.<\/p>\n<p>En la chacra est\u00e1n experimentando con \u00e1rboles que den sombra al yerbal. \u201cEs todo prueba y error\u201d, afirma Mar\u00eda Rosa Fogeler. Como todo experiencia agroecol\u00f3gica, explican que se trata de probar opciones, implementar formas nuevas e intercambiar con otros. Se\u00f1ala que en el INTA (Instituto Nacional de Tecnolog\u00eda Agropecuaria, espacio de referencia en algunos sectores) tampoco saben de t\u00e9cnicas para producir yerba sin qu\u00edmicos. Han estudiado y tenido contacto con productores biodin\u00e1micos (agricultura ecol\u00f3gica que busca el equilibrio e interrelaci\u00f3n entre suelos, plantas y animales, que rechaza el uso de pesticidas y que tiene en cuenta el movimiento de los astros, la luna y los planetas). Algunas cuestiones comparten, otras no tanto. S\u00ed coinciden en que los productores por fuera del agronegocios deben intercambiar saberes, articular acciones, coordinar luchas. Y tiene una certeza: <strong>\u201cLa agroecolog\u00eda no es para una \u00e9lite\u201d.<\/strong><\/p>\n<p>En Anna Park se controlan las plantas no deseadas (llamadas \u201cmalezas\u201d por el discurso del agronegocios) con machete y motoguada\u00f1a. Y la cubierta verde tambi\u00e9n ayuda a combatirlas. Probaron con el llamado \u201cpasto elefante\u201d, pero no est\u00e1n convencidos, tambi\u00e9n les result\u00f3 muy invasivo.<\/p>\n<p><strong>Cuestionan que, en vez de promover la yerba agroecol\u00f3gica, desde el gobierno provincial se impulsa el ma\u00edz transg\u00e9nico<\/strong>, que incluso es repartido (con agroqu\u00edmicos incluidos) por los mismos punteros del oficialismo. Y en Misiones tambi\u00e9n se impulsa el modelo forestal, con plantas de celulosa y sus consecuencias ambientales y sanitarias. <strong>\u201cEl sistema capitalista no puede seguir sin importarle el medio ambiente, sin importarle las personas. Solo le importa la ganancia y eso no puede seguir as\u00ed\u201d<\/strong>, advierte Eric Barney.<\/p>\n<h4>Paso a paso<\/h4>\n<p>Todo el proceso de la yerba Anna Park est\u00e1 bajo la supervisi\u00f3n de Mar\u00eda Rosa Fogeler y Eric Barney.<\/p>\n<p>El comienzo no es nada sencillo. La semilla \u201ces muy dura\u201d. Debe dejarse en agua hasta \u201cpudrirse\u201d. De ah\u00ed a la tierra y le lleva seis meses germinar. Luego de dos a\u00f1os de crecer en alm\u00e1cigos se traslada a campo. Entre las plantas de yerba se siembra la \u201ccubierta verde\u201d, plantas que enriquecen la tierra, mantienen la humedad y protegen (a la yerba) de las altas temperaturas. <strong>\u201cGracias a la cubierta verde evitamos el uso de herbicidas y otros agrot\u00f3xicos da\u00f1inos para la salud\u201d<\/strong>, explican.<\/p>\n<p>Reci\u00e9n cuatro a\u00f1os despu\u00e9s de plantado el yerbal se inicia la primera poda y la cosecha (m\u00e1s conocida como \u201ctarefa\u201d). En Anna Park la cosecha se realiza cada dos a\u00f1os, para que las hojas est\u00e9n maduras y no se debiliten las plantas.<\/p>\n<p>Luego es el turno del \u201csapecado\u201d, hacer pasar la yerba por aire caliente o fuego durante unos segundos a una temperatura aproximada de 900 grados cent\u00edgrados. \u201cLa yerba nuestra es oreada, el ox\u00edgeno la fermenta, le da el sabor, el aroma\u201d, detalla Barney. A continuaci\u00f3n se transporta a un tambor horizontal giratorio donde contin\u00faa sec\u00e1ndose, a menor temperatura, alrededor de veinte minutos. As\u00ed la yerba pierde el 30 por ciento de la humedad. Sobreviene el \u201cbarbacu\u00e1\u201d, horno donde se termina de secar muy lentamente. Ese proceso tarda entre quince y veinte horas.<\/p>\n<div id=\"attachment_421343\" class=\"wp-caption alignnone\"><img loading=\"lazy\" decoding=\"async\" aria-describedby=\"caption-attachment-421343\" class=\"size-full wp-image-421343\" src=\"https:\/\/www.pressenza.com\/wp-content\/uploads\/2017\/01\/AnnaPark3.jpg\" alt=\"\" width=\"695\" height=\"483\" srcset=\"https:\/\/www.pressenza.com\/wp-content\/uploads\/2017\/01\/AnnaPark3.jpg 695w, https:\/\/www.pressenza.com\/wp-content\/uploads\/2017\/01\/AnnaPark3-300x208.jpg 300w\" sizes=\"auto, (max-width: 695px) 100vw, 695px\" \/><p id=\"caption-attachment-421343\" class=\"wp-caption-text\">Foto Dar\u00edo Aranda<\/p><\/div>\n<p>Le sigue el \u201ccanchado\u201d, que es la molienda gruesa. Y la \u201czaranda\u201d, donde se tamiza para eliminar los palos gruesos que hayan quedado. Despu\u00e9s se guarda en bolsas de arpillera de 50 kilos.<\/p>\n<p>Otro momento clave es el \u201cestacionamiento\u201d. Las bolsas de yerba se guardan por dos a\u00f1os en un galp\u00f3n a oscuras llamado \u201cnoque\u201d. Permite que la yerba pierda la clorofila o se \u201camarille\u201d (obtiene su tonalidad m\u00e1s clara). La yerba con poco estacionamiento es m\u00e1s oscura y puede provocar trastornos digestivos (por ejemplo, acidez). El estacionamiento industrial r\u00e1pido es de quince a 30 d\u00edas (en condiciones controladas de humedad y temperatura para acelerar un proceso que debiera ser mucho m\u00e1s extenso). \u201cTenemos clientes que nos cuentan que hab\u00edan dejado de tomar mate, por la acidez, pero ahora ya pueden volver a tomar. Nuestra yerba les garantiza calidad y que no le har\u00e1 mal\u201d, destaca Mar\u00eda Rosa Fogeler. Sobre los dichos de que es una yerba m\u00e1s cara, lo relativiza. \u201cUna gaseosa cuesta m\u00e1s de 20 pesos pesos y te dura media hora. No hay comparaci\u00f3n con el placer y duraci\u00f3n de unos mates\u201d, compara. Y aporta otro dato. Afirma que la yerba de grandes marcas se lava a los diez minutos. Anna Park aguanta m\u00e1s de 25 mates.<\/p>\n<p>El ante\u00faltimo momento es la molienda final, cuando se separa la hoja del palo y se muelen en dos molinos diferentes para evitar el exceso de polvo y regular la calidad de la molienda. Otra vez sirve la comparaci\u00f3n. Anna Park no permite m\u00e1s de trece por ciento de palo (contra hasta el 50 por ciento de las grandes marcas comerciales).<\/p>\n<p>Una vez molidos se mezclan nuevamente. Y luego llega el envasado, cuando la yerba se deja caer en una balanza vibratoria que la acomoda en el paquete sin presionarla.<\/p>\n<div id=\"attachment_421336\" class=\"wp-caption alignnone\"><img loading=\"lazy\" decoding=\"async\" aria-describedby=\"caption-attachment-421336\" class=\"size-large wp-image-421336\" src=\"https:\/\/www.pressenza.com\/wp-content\/uploads\/2017\/01\/AnnaPark4-720x540.jpg\" alt=\"\" width=\"720\" height=\"540\" srcset=\"https:\/\/www.pressenza.com\/wp-content\/uploads\/2017\/01\/AnnaPark4-720x540.jpg 720w, https:\/\/www.pressenza.com\/wp-content\/uploads\/2017\/01\/AnnaPark4-300x225.jpg 300w, https:\/\/www.pressenza.com\/wp-content\/uploads\/2017\/01\/AnnaPark4-768x576.jpg 768w, https:\/\/www.pressenza.com\/wp-content\/uploads\/2017\/01\/AnnaPark4.jpg 851w\" sizes=\"auto, (max-width: 720px) 100vw, 720px\" \/><p id=\"caption-attachment-421336\" class=\"wp-caption-text\">Planta de mate, Yerbatal. Foto Dar\u00edo Aranda<\/p><\/div>\n<p>\u201cAl ser un peque\u00f1o establecimiento podemos garantizar nuestra calidad superior, ya que supervisamos cada detalle. Anna Park es una yerba rendidora, que no se lava f\u00e1cilmente y mantiene su sabor\u201d, afirman sus productores.<\/p>\n<p><strong>\u201cEl cuidado de los yerbales y del medio ambiente es el respeto por la vida.<\/strong> Cuando usted disfruta del sabor de Anna Park est\u00e1, adem\u00e1s, protegiendo la naturaleza\u201d, afirman Eric Barney yMar\u00eda Rosa Fogeler. Refiere a que <strong>cuentan tambi\u00e9n con una reserva ecol\u00f3gica, 36 hect\u00e1reas de monte nativo ubicadas en Campo Ram\u00f3n (departamento de Ober\u00e1). \u201cAll\u00ed protegemos especies nativas de animales y vegetales. Y el cultivo de la yerba mate es una alternativa de desarrollo autosustentable que nos permite mantener la reserva\u201d<\/strong>, explican.<\/p>\n","protected":false},"excerpt":{"rendered":"<p>Por Dar\u00edo Aranda Anna Park es una yerba mate org\u00e1nica y agroecol\u00f3gica. Siembran, cosechan y siguen de cerca todo el proceso (hasta el envasado) y comercializaci\u00f3n. Cr\u00edticas a la falta de pol\u00edticas de Estado y necesidad de articular con otros&hellip;<\/p>\n","protected":false},"author":1210,"featured_media":421350,"comment_status":"closed","ping_status":"closed","sticky":false,"template":"","format":"standard","meta":{"footnotes":""},"categories":[11389,78,1239,67],"tags":[6387,17322,6388,5941,1544,6887,23283,18759,19320,19215,30985,19660,34425,33898],"class_list":["post-421333","post","type-post","status-publish","format-standard","has-post-thumbnail","hentry","category-contenido-original","category-medio-ambiente-ecologia","category-salud","category-sudamerica","tag-agroecologia","tag-agronegocios","tag-agrotoxicos","tag-desmonte","tag-extractivismo","tag-glifosato","tag-herbicidas","tag-industrias-extractivas","tag-inta","tag-misiones","tag-pesticidas","tag-plaguicidas","tag-trangenicos","tag-yerbal"],"yoast_head":"<!-- This site is optimized with the Yoast SEO plugin v27.1.1 - https:\/\/yoast.com\/product\/yoast-seo-wordpress\/ -->\n<title>&quot;La agroecolog\u00eda no es para una \u00e9lite&quot;<\/title>\n<meta name=\"description\" content=\"Por Dar\u00edo Aranda Anna Park es una yerba mate org\u00e1nica y agroecol\u00f3gica. Siembran, cosechan y siguen de cerca todo el proceso (hasta el envasado) y\" \/>\n<meta name=\"robots\" content=\"index, follow, max-snippet:-1, max-image-preview:large, max-video-preview:-1\" \/>\n<link rel=\"canonical\" href=\"https:\/\/www.pressenza.com\/es\/2017\/01\/la-agroecologia-no-una-elite\/\" \/>\n<meta property=\"og:locale\" content=\"es_ES\" \/>\n<meta property=\"og:type\" content=\"article\" \/>\n<meta property=\"og:title\" content=\"&quot;La agroecolog\u00eda no es para una \u00e9lite&quot;\" \/>\n<meta property=\"og:description\" content=\"Por Dar\u00edo Aranda Anna Park es una yerba mate org\u00e1nica y agroecol\u00f3gica. Siembran, cosechan y siguen de cerca todo el proceso (hasta el envasado) y\" \/>\n<meta property=\"og:url\" content=\"https:\/\/www.pressenza.com\/es\/2017\/01\/la-agroecologia-no-una-elite\/\" \/>\n<meta property=\"og:site_name\" content=\"Pressenza\" \/>\n<meta property=\"article:publisher\" content=\"https:\/\/www.facebook.com\/PressenzaItalia\" \/>\n<meta property=\"article:published_time\" content=\"2017-01-20T12:47:21+00:00\" \/>\n<meta property=\"og:image\" content=\"https:\/\/www.pressenza.com\/wp-content\/uploads\/2017\/01\/AnnaPark2.jpg\" \/>\n\t<meta property=\"og:image:width\" content=\"821\" \/>\n\t<meta property=\"og:image:height\" content=\"543\" \/>\n\t<meta property=\"og:image:type\" content=\"image\/jpeg\" \/>\n<meta name=\"author\" content=\"Dar\u00edo Aranda\" \/>\n<meta name=\"twitter:card\" content=\"summary_large_image\" \/>\n<meta name=\"twitter:creator\" content=\"@PressenzaIPA\" \/>\n<meta name=\"twitter:site\" content=\"@PressenzaIPA\" \/>\n<meta name=\"twitter:label1\" content=\"Escrito por\" \/>\n\t<meta name=\"twitter:data1\" content=\"Dar\u00edo Aranda\" \/>\n\t<meta name=\"twitter:label2\" content=\"Tiempo de lectura\" \/>\n\t<meta name=\"twitter:data2\" content=\"7 minutos\" \/>\n<script type=\"application\/ld+json\" class=\"yoast-schema-graph\">{\"@context\":\"https:\/\/schema.org\",\"@graph\":[{\"@type\":\"Article\",\"@id\":\"https:\/\/www.pressenza.com\/es\/2017\/01\/la-agroecologia-no-una-elite\/#article\",\"isPartOf\":{\"@id\":\"https:\/\/www.pressenza.com\/es\/2017\/01\/la-agroecologia-no-una-elite\/\"},\"author\":{\"name\":\"Dar\u00edo Aranda\",\"@id\":\"https:\/\/www.pressenza.com\/es\/#\/schema\/person\/0e60cd529ef3ecd836a42735fa83478b\"},\"headline\":\"\u00abLa agroecolog\u00eda no es para una \u00e9lite\u00bb\",\"datePublished\":\"2017-01-20T12:47:21+00:00\",\"mainEntityOfPage\":{\"@id\":\"https:\/\/www.pressenza.com\/es\/2017\/01\/la-agroecologia-no-una-elite\/\"},\"wordCount\":1475,\"publisher\":{\"@id\":\"https:\/\/www.pressenza.com\/es\/#organization\"},\"image\":{\"@id\":\"https:\/\/www.pressenza.com\/es\/2017\/01\/la-agroecologia-no-una-elite\/#primaryimage\"},\"thumbnailUrl\":\"https:\/\/www.pressenza.com\/wp-content\/uploads\/2017\/01\/AnnaPark2.jpg\",\"keywords\":[\"agroecologia\",\"Agronegocios\",\"agrotoxicos\",\"desmonte\",\"extractivismo\",\"glifosato\",\"herbicidas\",\"industrias extractivas\",\"INTA\",\"Misiones\",\"pesticidas\",\"plaguicidas\",\"trang\u00e9nicos\",\"yerbal\"],\"articleSection\":[\"Contenido Original\",\"Ecolog\u00eda y Medio Ambiente\",\"Salud\",\"Sudam\u00e9rica\"],\"inLanguage\":\"es\"},{\"@type\":\"WebPage\",\"@id\":\"https:\/\/www.pressenza.com\/es\/2017\/01\/la-agroecologia-no-una-elite\/\",\"url\":\"https:\/\/www.pressenza.com\/es\/2017\/01\/la-agroecologia-no-una-elite\/\",\"name\":\"\\\"La agroecolog\u00eda no es para una \u00e9lite\\\"\",\"isPartOf\":{\"@id\":\"https:\/\/www.pressenza.com\/es\/#website\"},\"primaryImageOfPage\":{\"@id\":\"https:\/\/www.pressenza.com\/es\/2017\/01\/la-agroecologia-no-una-elite\/#primaryimage\"},\"image\":{\"@id\":\"https:\/\/www.pressenza.com\/es\/2017\/01\/la-agroecologia-no-una-elite\/#primaryimage\"},\"thumbnailUrl\":\"https:\/\/www.pressenza.com\/wp-content\/uploads\/2017\/01\/AnnaPark2.jpg\",\"datePublished\":\"2017-01-20T12:47:21+00:00\",\"description\":\"Por Dar\u00edo Aranda Anna Park es una yerba mate org\u00e1nica y agroecol\u00f3gica. Siembran, cosechan y siguen de cerca todo el proceso (hasta el envasado) y\",\"breadcrumb\":{\"@id\":\"https:\/\/www.pressenza.com\/es\/2017\/01\/la-agroecologia-no-una-elite\/#breadcrumb\"},\"inLanguage\":\"es\",\"potentialAction\":[{\"@type\":\"ReadAction\",\"target\":[\"https:\/\/www.pressenza.com\/es\/2017\/01\/la-agroecologia-no-una-elite\/\"]}]},{\"@type\":\"ImageObject\",\"inLanguage\":\"es\",\"@id\":\"https:\/\/www.pressenza.com\/es\/2017\/01\/la-agroecologia-no-una-elite\/#primaryimage\",\"url\":\"https:\/\/www.pressenza.com\/wp-content\/uploads\/2017\/01\/AnnaPark2.jpg\",\"contentUrl\":\"https:\/\/www.pressenza.com\/wp-content\/uploads\/2017\/01\/AnnaPark2.jpg\",\"width\":821,\"height\":543},{\"@type\":\"BreadcrumbList\",\"@id\":\"https:\/\/www.pressenza.com\/es\/2017\/01\/la-agroecologia-no-una-elite\/#breadcrumb\",\"itemListElement\":[{\"@type\":\"ListItem\",\"position\":1,\"name\":\"Accueil\",\"item\":\"https:\/\/www.pressenza.com\/es\/\"},{\"@type\":\"ListItem\",\"position\":2,\"name\":\"\u00abLa agroecolog\u00eda no es para una \u00e9lite\u00bb\"}]},{\"@type\":\"WebSite\",\"@id\":\"https:\/\/www.pressenza.com\/es\/#website\",\"url\":\"https:\/\/www.pressenza.com\/es\/\",\"name\":\"Pressenza\",\"description\":\"International Press Agency\",\"publisher\":{\"@id\":\"https:\/\/www.pressenza.com\/es\/#organization\"},\"potentialAction\":[{\"@type\":\"SearchAction\",\"target\":{\"@type\":\"EntryPoint\",\"urlTemplate\":\"https:\/\/www.pressenza.com\/es\/?s={search_term_string}\"},\"query-input\":{\"@type\":\"PropertyValueSpecification\",\"valueRequired\":true,\"valueName\":\"search_term_string\"}}],\"inLanguage\":\"es\"},{\"@type\":\"Organization\",\"@id\":\"https:\/\/www.pressenza.com\/es\/#organization\",\"name\":\"Pressenza\",\"url\":\"https:\/\/www.pressenza.com\/es\/\",\"logo\":{\"@type\":\"ImageObject\",\"inLanguage\":\"es\",\"@id\":\"https:\/\/www.pressenza.com\/es\/#\/schema\/logo\/image\/\",\"url\":\"https:\/\/www.pressenza.com\/wp-content\/uploads\/2022\/10\/pressenza_logo_200x200.jpg\",\"contentUrl\":\"https:\/\/www.pressenza.com\/wp-content\/uploads\/2022\/10\/pressenza_logo_200x200.jpg\",\"width\":200,\"height\":200,\"caption\":\"Pressenza\"},\"image\":{\"@id\":\"https:\/\/www.pressenza.com\/es\/#\/schema\/logo\/image\/\"},\"sameAs\":[\"https:\/\/www.facebook.com\/PressenzaItalia\",\"https:\/\/x.com\/PressenzaIPA\"]},{\"@type\":\"Person\",\"@id\":\"https:\/\/www.pressenza.com\/es\/#\/schema\/person\/0e60cd529ef3ecd836a42735fa83478b\",\"name\":\"Dar\u00edo Aranda\",\"description\":\"Dar\u00edo Aranda (argentino, 1977) es periodista. Especializado en extractivismo (petr\u00f3leo, miner\u00eda, agronegocios y forestales), escribe sobre el acontecer de los pueblos ind\u00edgenas, organizaciones campesinas y asambleas socioambientales. www.darioaranda.com.ar\",\"url\":\"https:\/\/www.pressenza.com\/es\/author\/dario-aranda\/\"}]}<\/script>\n<!-- \/ Yoast SEO plugin. -->","yoast_head_json":{"title":"\"La agroecolog\u00eda no es para una \u00e9lite\"","description":"Por Dar\u00edo Aranda Anna Park es una yerba mate org\u00e1nica y agroecol\u00f3gica. Siembran, cosechan y siguen de cerca todo el proceso (hasta el envasado) y","robots":{"index":"index","follow":"follow","max-snippet":"max-snippet:-1","max-image-preview":"max-image-preview:large","max-video-preview":"max-video-preview:-1"},"canonical":"https:\/\/www.pressenza.com\/es\/2017\/01\/la-agroecologia-no-una-elite\/","og_locale":"es_ES","og_type":"article","og_title":"\"La agroecolog\u00eda no es para una \u00e9lite\"","og_description":"Por Dar\u00edo Aranda Anna Park es una yerba mate org\u00e1nica y agroecol\u00f3gica. Siembran, cosechan y siguen de cerca todo el proceso (hasta el envasado) y","og_url":"https:\/\/www.pressenza.com\/es\/2017\/01\/la-agroecologia-no-una-elite\/","og_site_name":"Pressenza","article_publisher":"https:\/\/www.facebook.com\/PressenzaItalia","article_published_time":"2017-01-20T12:47:21+00:00","og_image":[{"width":821,"height":543,"url":"https:\/\/www.pressenza.com\/wp-content\/uploads\/2017\/01\/AnnaPark2.jpg","type":"image\/jpeg"}],"author":"Dar\u00edo Aranda","twitter_card":"summary_large_image","twitter_creator":"@PressenzaIPA","twitter_site":"@PressenzaIPA","twitter_misc":{"Escrito por":"Dar\u00edo Aranda","Tiempo de lectura":"7 minutos"},"schema":{"@context":"https:\/\/schema.org","@graph":[{"@type":"Article","@id":"https:\/\/www.pressenza.com\/es\/2017\/01\/la-agroecologia-no-una-elite\/#article","isPartOf":{"@id":"https:\/\/www.pressenza.com\/es\/2017\/01\/la-agroecologia-no-una-elite\/"},"author":{"name":"Dar\u00edo Aranda","@id":"https:\/\/www.pressenza.com\/es\/#\/schema\/person\/0e60cd529ef3ecd836a42735fa83478b"},"headline":"\u00abLa agroecolog\u00eda no es para una \u00e9lite\u00bb","datePublished":"2017-01-20T12:47:21+00:00","mainEntityOfPage":{"@id":"https:\/\/www.pressenza.com\/es\/2017\/01\/la-agroecologia-no-una-elite\/"},"wordCount":1475,"publisher":{"@id":"https:\/\/www.pressenza.com\/es\/#organization"},"image":{"@id":"https:\/\/www.pressenza.com\/es\/2017\/01\/la-agroecologia-no-una-elite\/#primaryimage"},"thumbnailUrl":"https:\/\/www.pressenza.com\/wp-content\/uploads\/2017\/01\/AnnaPark2.jpg","keywords":["agroecologia","Agronegocios","agrotoxicos","desmonte","extractivismo","glifosato","herbicidas","industrias extractivas","INTA","Misiones","pesticidas","plaguicidas","trang\u00e9nicos","yerbal"],"articleSection":["Contenido Original","Ecolog\u00eda y Medio Ambiente","Salud","Sudam\u00e9rica"],"inLanguage":"es"},{"@type":"WebPage","@id":"https:\/\/www.pressenza.com\/es\/2017\/01\/la-agroecologia-no-una-elite\/","url":"https:\/\/www.pressenza.com\/es\/2017\/01\/la-agroecologia-no-una-elite\/","name":"\"La agroecolog\u00eda no es para una \u00e9lite\"","isPartOf":{"@id":"https:\/\/www.pressenza.com\/es\/#website"},"primaryImageOfPage":{"@id":"https:\/\/www.pressenza.com\/es\/2017\/01\/la-agroecologia-no-una-elite\/#primaryimage"},"image":{"@id":"https:\/\/www.pressenza.com\/es\/2017\/01\/la-agroecologia-no-una-elite\/#primaryimage"},"thumbnailUrl":"https:\/\/www.pressenza.com\/wp-content\/uploads\/2017\/01\/AnnaPark2.jpg","datePublished":"2017-01-20T12:47:21+00:00","description":"Por Dar\u00edo Aranda Anna Park es una yerba mate org\u00e1nica y agroecol\u00f3gica. Siembran, cosechan y siguen de cerca todo el proceso (hasta el envasado) y","breadcrumb":{"@id":"https:\/\/www.pressenza.com\/es\/2017\/01\/la-agroecologia-no-una-elite\/#breadcrumb"},"inLanguage":"es","potentialAction":[{"@type":"ReadAction","target":["https:\/\/www.pressenza.com\/es\/2017\/01\/la-agroecologia-no-una-elite\/"]}]},{"@type":"ImageObject","inLanguage":"es","@id":"https:\/\/www.pressenza.com\/es\/2017\/01\/la-agroecologia-no-una-elite\/#primaryimage","url":"https:\/\/www.pressenza.com\/wp-content\/uploads\/2017\/01\/AnnaPark2.jpg","contentUrl":"https:\/\/www.pressenza.com\/wp-content\/uploads\/2017\/01\/AnnaPark2.jpg","width":821,"height":543},{"@type":"BreadcrumbList","@id":"https:\/\/www.pressenza.com\/es\/2017\/01\/la-agroecologia-no-una-elite\/#breadcrumb","itemListElement":[{"@type":"ListItem","position":1,"name":"Accueil","item":"https:\/\/www.pressenza.com\/es\/"},{"@type":"ListItem","position":2,"name":"\u00abLa agroecolog\u00eda no es para una \u00e9lite\u00bb"}]},{"@type":"WebSite","@id":"https:\/\/www.pressenza.com\/es\/#website","url":"https:\/\/www.pressenza.com\/es\/","name":"Pressenza","description":"International Press Agency","publisher":{"@id":"https:\/\/www.pressenza.com\/es\/#organization"},"potentialAction":[{"@type":"SearchAction","target":{"@type":"EntryPoint","urlTemplate":"https:\/\/www.pressenza.com\/es\/?s={search_term_string}"},"query-input":{"@type":"PropertyValueSpecification","valueRequired":true,"valueName":"search_term_string"}}],"inLanguage":"es"},{"@type":"Organization","@id":"https:\/\/www.pressenza.com\/es\/#organization","name":"Pressenza","url":"https:\/\/www.pressenza.com\/es\/","logo":{"@type":"ImageObject","inLanguage":"es","@id":"https:\/\/www.pressenza.com\/es\/#\/schema\/logo\/image\/","url":"https:\/\/www.pressenza.com\/wp-content\/uploads\/2022\/10\/pressenza_logo_200x200.jpg","contentUrl":"https:\/\/www.pressenza.com\/wp-content\/uploads\/2022\/10\/pressenza_logo_200x200.jpg","width":200,"height":200,"caption":"Pressenza"},"image":{"@id":"https:\/\/www.pressenza.com\/es\/#\/schema\/logo\/image\/"},"sameAs":["https:\/\/www.facebook.com\/PressenzaItalia","https:\/\/x.com\/PressenzaIPA"]},{"@type":"Person","@id":"https:\/\/www.pressenza.com\/es\/#\/schema\/person\/0e60cd529ef3ecd836a42735fa83478b","name":"Dar\u00edo Aranda","description":"Dar\u00edo Aranda (argentino, 1977) es periodista. Especializado en extractivismo (petr\u00f3leo, miner\u00eda, agronegocios y forestales), escribe sobre el acontecer de los pueblos ind\u00edgenas, organizaciones campesinas y asambleas socioambientales. www.darioaranda.com.ar","url":"https:\/\/www.pressenza.com\/es\/author\/dario-aranda\/"}]}},"place":"Misiones, Argentina","original_article_url":"","_links":{"self":[{"href":"https:\/\/www.pressenza.com\/es\/wp-json\/wp\/v2\/posts\/421333","targetHints":{"allow":["GET"]}}],"collection":[{"href":"https:\/\/www.pressenza.com\/es\/wp-json\/wp\/v2\/posts"}],"about":[{"href":"https:\/\/www.pressenza.com\/es\/wp-json\/wp\/v2\/types\/post"}],"author":[{"embeddable":true,"href":"https:\/\/www.pressenza.com\/es\/wp-json\/wp\/v2\/users\/1210"}],"replies":[{"embeddable":true,"href":"https:\/\/www.pressenza.com\/es\/wp-json\/wp\/v2\/comments?post=421333"}],"version-history":[{"count":0,"href":"https:\/\/www.pressenza.com\/es\/wp-json\/wp\/v2\/posts\/421333\/revisions"}],"wp:featuredmedia":[{"embeddable":true,"href":"https:\/\/www.pressenza.com\/es\/wp-json\/wp\/v2\/media\/421350"}],"wp:attachment":[{"href":"https:\/\/www.pressenza.com\/es\/wp-json\/wp\/v2\/media?parent=421333"}],"wp:term":[{"taxonomy":"category","embeddable":true,"href":"https:\/\/www.pressenza.com\/es\/wp-json\/wp\/v2\/categories?post=421333"},{"taxonomy":"post_tag","embeddable":true,"href":"https:\/\/www.pressenza.com\/es\/wp-json\/wp\/v2\/tags?post=421333"}],"curies":[{"name":"wp","href":"https:\/\/api.w.org\/{rel}","templated":true}]}}