{"id":42083,"date":"2013-03-09T14:22:52","date_gmt":"2013-03-09T14:22:52","guid":{"rendered":"http:\/\/www.pressenza.com\/?p=42083"},"modified":"2016-04-02T12:16:04","modified_gmt":"2016-04-02T11:16:04","slug":"nombres-propios","status":"publish","type":"post","link":"https:\/\/www.pressenza.com\/es\/2013\/03\/nombres-propios\/","title":{"rendered":"Nombres propios"},"content":{"rendered":"<p>Pateando piedritas, mientras llegaba a la radio, imagin\u00e9 las tribulaciones de ciertos energ\u00famenos al ver la alfombra roja que tapiza Caracas y se expande por el mundo hasta cubrir el patio de tierra de una casita humilde de Nairobi, el balc\u00f3n indignado de aquel departamento de Barcelona y los estantes multicolores de mi biblioteca.<\/p>\n<div>Mis propias tribulaciones me llevan a la gram\u00e1tica. Siempre me pareci\u00f3 una materia \u00e1rida, con ripio, que s\u00f3lo cobra vida cuando los imaginantes la transforman en belleza est\u00e9tica. Pero all\u00ed fui. Record\u00e9 que los nombres son sustantivos, es decir, palabras que sustentan. Y que, en el af\u00e1n humano de clasificar todo y ponerlo en cajoncitos para poder encontrarlos y dominarlos, los sustantivos (o los nombres) son comunes o propios. Dos acad\u00e9micos, Alcina y Blecua, dicen que \u00abLos nombres propios son, por s\u00ed mismos, nombres sin significado propio, nacidos por la necesidad de particularizar las diferentes versiones de una misma clase, especie o g\u00e9nero de la realidad.\u00bb Traducido al castellano quiere decir, supongo, que no es lo mismo \u00c1ngel que \u00e1ngel, Alma que alma, Celeste que celeste, Julio que julio (cosa de ser un poco autorreferencial), Rosa que rosa o Salinas que salinas, por dar s\u00f3lo unos pocos ejemplos.<\/div>\n<div>Toda esta introducci\u00f3n fatigosa y oscilante me la sugiri\u00f3 una entrevista radial a Enrique Thomas, min\u00fasculo diputado nacional de brocha gorda, titular del bloque peornista (neologismo verbitskyano, que tambi\u00e9n es un neologismo, caramba), para consultarlo por un comunicado suyo recomendando a los venezolanos una transici\u00f3n pac\u00edfica(\u00a1sic!) luego de la muerte del Comandante. No voy a detenerme en las minucias de su peque\u00f1a mente derechista porque temo que me distraiga del objetivo de este text\u00edculo, entre dolorido y militante.<\/div>\n<div>Me pregunt\u00e9 c\u00f3mo lo recordar\u00e1 la historia, c\u00f3mo lo nombrar\u00e1. Y se me dibuj\u00f3 una sonrisa, vaya uno saber por qu\u00e9.<\/div>\n<div>E inmediatamente pens\u00e9 en Evita, el Che, Fidel, Cristina, Evo, Rafael, Lula, Dilma, Hugo o Comandante, Pepe, N\u00e9stor y, pronto, muy pronto, Nicol\u00e1s. As\u00ed se los conoce y se los nombra a los y las l\u00edderes de nuestra Am\u00e9rica. Nadie, que yo sepa o imagine, nombra al presidente Sebasti\u00e1n o Juan Manuel, por ejemplo. \u00bfAlguien recordar\u00e1, por sus nombres, al presidente Fernando, o Arturo, o Eduardo, o Ra\u00fal, o Carlos (a \u00e9ste, m\u00e1s que a ninguno, se le podr\u00e1 llamar el Turco, m\u00e1s el ep\u00edteto que le surja en el momento al ciudadano en cuesti\u00f3n)?. Debe ser por aquello que dice Cristina, que \u00e9stos no se parecen a sus pueblos y aquellos s\u00ed. Tal vez. O porque, efectivamente, estamos viviendo un cambio de \u00e9poca, seg\u00fan la feliz conclusi\u00f3n de Rafael.<\/div>\n<div>La cuesti\u00f3n es que estos pueblos del sur del sur han hecho propios los nombres propios de sus dirigentes, los han comunizado (si se me permite el t\u00e9rmino subversivo). En s\u00edntesis, nombres propios devenidos en comunes, poniendo patas arriba la mesa prolijita de la gram\u00e1tica de la vida. Enhorabuena.<\/div>\n<div>\n<div id=\":4az\" tabindex=\"0\" role=\"button\" data-tooltip=\"Muestra el contenido reducido\"><img decoding=\"async\" alt=\"\" src=\"https:\/\/mail.google.com\/mail\/u\/0\/images\/cleardot.gif\" \/><\/div>\n<\/div>\n","protected":false},"excerpt":{"rendered":"<p>Pateando piedritas, mientras llegaba a la radio, imagin\u00e9 las tribulaciones de ciertos energ\u00famenos al ver la alfombra roja que tapiza Caracas y se expande por el mundo hasta cubrir el patio de tierra de una casita humilde de Nairobi, el&hellip;<\/p>\n","protected":false},"author":922,"featured_media":42154,"comment_status":"closed","ping_status":"open","sticky":false,"template":"","format":"standard","meta":{"footnotes":""},"categories":[161,74],"tags":[1146,3556],"class_list":["post-42083","post","type-post","status-publish","format-standard","has-post-thumbnail","hentry","category-opiniones","category-politica-es","tag-cristina-fernandez-de-kirchner","tag-hugo-chavez-en"],"yoast_head":"<!-- This site is optimized with the Yoast SEO plugin v27.1.1 - https:\/\/yoast.com\/product\/yoast-seo-wordpress\/ -->\n<title>Nombres propios<\/title>\n<meta name=\"description\" content=\"Pateando piedritas, mientras llegaba a la radio, imagin\u00e9 las tribulaciones de ciertos energ\u00famenos al ver la alfombra roja que tapiza Caracas y se expande\" \/>\n<meta name=\"robots\" content=\"index, follow, max-snippet:-1, max-image-preview:large, max-video-preview:-1\" \/>\n<link rel=\"canonical\" href=\"https:\/\/www.pressenza.com\/es\/2013\/03\/nombres-propios\/\" \/>\n<meta property=\"og:locale\" content=\"es_ES\" \/>\n<meta property=\"og:type\" content=\"article\" \/>\n<meta property=\"og:title\" content=\"Nombres propios\" \/>\n<meta property=\"og:description\" content=\"Pateando piedritas, mientras llegaba a la radio, imagin\u00e9 las tribulaciones de ciertos energ\u00famenos al ver la alfombra roja que tapiza Caracas y se expande\" \/>\n<meta property=\"og:url\" content=\"https:\/\/www.pressenza.com\/es\/2013\/03\/nombres-propios\/\" \/>\n<meta property=\"og:site_name\" content=\"Pressenza\" \/>\n<meta property=\"article:publisher\" content=\"https:\/\/www.facebook.com\/PressenzaItalia\" \/>\n<meta property=\"article:published_time\" content=\"2013-03-09T14:22:52+00:00\" \/>\n<meta property=\"article:modified_time\" content=\"2016-04-02T11:16:04+00:00\" \/>\n<meta property=\"og:image\" content=\"https:\/\/www.pressenza.com\/wp-content\/uploads\/2013\/03\/Chavez-51.jpg\" \/>\n\t<meta property=\"og:image:width\" content=\"1004\" \/>\n\t<meta property=\"og:image:height\" content=\"669\" \/>\n\t<meta property=\"og:image:type\" content=\"image\/jpeg\" \/>\n<meta name=\"author\" content=\"Julio Rudman\" \/>\n<meta name=\"twitter:card\" content=\"summary_large_image\" \/>\n<meta name=\"twitter:creator\" content=\"@PressenzaIPA\" \/>\n<meta name=\"twitter:site\" content=\"@PressenzaIPA\" \/>\n<meta name=\"twitter:label1\" content=\"Escrito por\" \/>\n\t<meta name=\"twitter:data1\" content=\"Julio Rudman\" \/>\n\t<meta name=\"twitter:label2\" content=\"Tiempo de lectura\" \/>\n\t<meta name=\"twitter:data2\" content=\"3 minutos\" \/>\n<script type=\"application\/ld+json\" class=\"yoast-schema-graph\">{\"@context\":\"https:\/\/schema.org\",\"@graph\":[{\"@type\":\"Article\",\"@id\":\"https:\/\/www.pressenza.com\/es\/2013\/03\/nombres-propios\/#article\",\"isPartOf\":{\"@id\":\"https:\/\/www.pressenza.com\/es\/2013\/03\/nombres-propios\/\"},\"author\":{\"name\":\"Julio Rudman\",\"@id\":\"https:\/\/www.pressenza.com\/es\/#\/schema\/person\/bfb2123ddd224e1ceebc4f8ae8a61b3d\"},\"headline\":\"Nombres propios\",\"datePublished\":\"2013-03-09T14:22:52+00:00\",\"dateModified\":\"2016-04-02T11:16:04+00:00\",\"mainEntityOfPage\":{\"@id\":\"https:\/\/www.pressenza.com\/es\/2013\/03\/nombres-propios\/\"},\"wordCount\":517,\"publisher\":{\"@id\":\"https:\/\/www.pressenza.com\/es\/#organization\"},\"image\":{\"@id\":\"https:\/\/www.pressenza.com\/es\/2013\/03\/nombres-propios\/#primaryimage\"},\"thumbnailUrl\":\"https:\/\/www.pressenza.com\/wp-content\/uploads\/2013\/03\/Chavez-51.jpg\",\"keywords\":[\"Cristina Fernandez de Kirchner\",\"Hugo Chavez\"],\"articleSection\":[\"Opiniones\",\"Pol\u00edtica\"],\"inLanguage\":\"es\"},{\"@type\":\"WebPage\",\"@id\":\"https:\/\/www.pressenza.com\/es\/2013\/03\/nombres-propios\/\",\"url\":\"https:\/\/www.pressenza.com\/es\/2013\/03\/nombres-propios\/\",\"name\":\"Nombres propios\",\"isPartOf\":{\"@id\":\"https:\/\/www.pressenza.com\/es\/#website\"},\"primaryImageOfPage\":{\"@id\":\"https:\/\/www.pressenza.com\/es\/2013\/03\/nombres-propios\/#primaryimage\"},\"image\":{\"@id\":\"https:\/\/www.pressenza.com\/es\/2013\/03\/nombres-propios\/#primaryimage\"},\"thumbnailUrl\":\"https:\/\/www.pressenza.com\/wp-content\/uploads\/2013\/03\/Chavez-51.jpg\",\"datePublished\":\"2013-03-09T14:22:52+00:00\",\"dateModified\":\"2016-04-02T11:16:04+00:00\",\"description\":\"Pateando piedritas, mientras llegaba a la radio, imagin\u00e9 las tribulaciones de ciertos energ\u00famenos al ver la alfombra roja que tapiza Caracas y se expande\",\"breadcrumb\":{\"@id\":\"https:\/\/www.pressenza.com\/es\/2013\/03\/nombres-propios\/#breadcrumb\"},\"inLanguage\":\"es\",\"potentialAction\":[{\"@type\":\"ReadAction\",\"target\":[\"https:\/\/www.pressenza.com\/es\/2013\/03\/nombres-propios\/\"]}]},{\"@type\":\"ImageObject\",\"inLanguage\":\"es\",\"@id\":\"https:\/\/www.pressenza.com\/es\/2013\/03\/nombres-propios\/#primaryimage\",\"url\":\"https:\/\/www.pressenza.com\/wp-content\/uploads\/2013\/03\/Chavez-51.jpg\",\"contentUrl\":\"https:\/\/www.pressenza.com\/wp-content\/uploads\/2013\/03\/Chavez-51.jpg\",\"width\":1004,\"height\":669},{\"@type\":\"BreadcrumbList\",\"@id\":\"https:\/\/www.pressenza.com\/es\/2013\/03\/nombres-propios\/#breadcrumb\",\"itemListElement\":[{\"@type\":\"ListItem\",\"position\":1,\"name\":\"Accueil\",\"item\":\"https:\/\/www.pressenza.com\/es\/\"},{\"@type\":\"ListItem\",\"position\":2,\"name\":\"Nombres propios\"}]},{\"@type\":\"WebSite\",\"@id\":\"https:\/\/www.pressenza.com\/es\/#website\",\"url\":\"https:\/\/www.pressenza.com\/es\/\",\"name\":\"Pressenza\",\"description\":\"International Press Agency\",\"publisher\":{\"@id\":\"https:\/\/www.pressenza.com\/es\/#organization\"},\"potentialAction\":[{\"@type\":\"SearchAction\",\"target\":{\"@type\":\"EntryPoint\",\"urlTemplate\":\"https:\/\/www.pressenza.com\/es\/?s={search_term_string}\"},\"query-input\":{\"@type\":\"PropertyValueSpecification\",\"valueRequired\":true,\"valueName\":\"search_term_string\"}}],\"inLanguage\":\"es\"},{\"@type\":\"Organization\",\"@id\":\"https:\/\/www.pressenza.com\/es\/#organization\",\"name\":\"Pressenza\",\"url\":\"https:\/\/www.pressenza.com\/es\/\",\"logo\":{\"@type\":\"ImageObject\",\"inLanguage\":\"es\",\"@id\":\"https:\/\/www.pressenza.com\/es\/#\/schema\/logo\/image\/\",\"url\":\"https:\/\/www.pressenza.com\/wp-content\/uploads\/2022\/10\/pressenza_logo_200x200.jpg\",\"contentUrl\":\"https:\/\/www.pressenza.com\/wp-content\/uploads\/2022\/10\/pressenza_logo_200x200.jpg\",\"width\":200,\"height\":200,\"caption\":\"Pressenza\"},\"image\":{\"@id\":\"https:\/\/www.pressenza.com\/es\/#\/schema\/logo\/image\/\"},\"sameAs\":[\"https:\/\/www.facebook.com\/PressenzaItalia\",\"https:\/\/x.com\/PressenzaIPA\"]},{\"@type\":\"Person\",\"@id\":\"https:\/\/www.pressenza.com\/es\/#\/schema\/person\/bfb2123ddd224e1ceebc4f8ae8a61b3d\",\"name\":\"Julio Rudman\",\"url\":\"https:\/\/www.pressenza.com\/es\/author\/juliorudman\/\"}]}<\/script>\n<!-- \/ Yoast SEO plugin. -->","yoast_head_json":{"title":"Nombres propios","description":"Pateando piedritas, mientras llegaba a la radio, imagin\u00e9 las tribulaciones de ciertos energ\u00famenos al ver la alfombra roja que tapiza Caracas y se expande","robots":{"index":"index","follow":"follow","max-snippet":"max-snippet:-1","max-image-preview":"max-image-preview:large","max-video-preview":"max-video-preview:-1"},"canonical":"https:\/\/www.pressenza.com\/es\/2013\/03\/nombres-propios\/","og_locale":"es_ES","og_type":"article","og_title":"Nombres propios","og_description":"Pateando piedritas, mientras llegaba a la radio, imagin\u00e9 las tribulaciones de ciertos energ\u00famenos al ver la alfombra roja que tapiza Caracas y se expande","og_url":"https:\/\/www.pressenza.com\/es\/2013\/03\/nombres-propios\/","og_site_name":"Pressenza","article_publisher":"https:\/\/www.facebook.com\/PressenzaItalia","article_published_time":"2013-03-09T14:22:52+00:00","article_modified_time":"2016-04-02T11:16:04+00:00","og_image":[{"width":1004,"height":669,"url":"https:\/\/www.pressenza.com\/wp-content\/uploads\/2013\/03\/Chavez-51.jpg","type":"image\/jpeg"}],"author":"Julio Rudman","twitter_card":"summary_large_image","twitter_creator":"@PressenzaIPA","twitter_site":"@PressenzaIPA","twitter_misc":{"Escrito por":"Julio Rudman","Tiempo de lectura":"3 minutos"},"schema":{"@context":"https:\/\/schema.org","@graph":[{"@type":"Article","@id":"https:\/\/www.pressenza.com\/es\/2013\/03\/nombres-propios\/#article","isPartOf":{"@id":"https:\/\/www.pressenza.com\/es\/2013\/03\/nombres-propios\/"},"author":{"name":"Julio Rudman","@id":"https:\/\/www.pressenza.com\/es\/#\/schema\/person\/bfb2123ddd224e1ceebc4f8ae8a61b3d"},"headline":"Nombres propios","datePublished":"2013-03-09T14:22:52+00:00","dateModified":"2016-04-02T11:16:04+00:00","mainEntityOfPage":{"@id":"https:\/\/www.pressenza.com\/es\/2013\/03\/nombres-propios\/"},"wordCount":517,"publisher":{"@id":"https:\/\/www.pressenza.com\/es\/#organization"},"image":{"@id":"https:\/\/www.pressenza.com\/es\/2013\/03\/nombres-propios\/#primaryimage"},"thumbnailUrl":"https:\/\/www.pressenza.com\/wp-content\/uploads\/2013\/03\/Chavez-51.jpg","keywords":["Cristina Fernandez de Kirchner","Hugo Chavez"],"articleSection":["Opiniones","Pol\u00edtica"],"inLanguage":"es"},{"@type":"WebPage","@id":"https:\/\/www.pressenza.com\/es\/2013\/03\/nombres-propios\/","url":"https:\/\/www.pressenza.com\/es\/2013\/03\/nombres-propios\/","name":"Nombres propios","isPartOf":{"@id":"https:\/\/www.pressenza.com\/es\/#website"},"primaryImageOfPage":{"@id":"https:\/\/www.pressenza.com\/es\/2013\/03\/nombres-propios\/#primaryimage"},"image":{"@id":"https:\/\/www.pressenza.com\/es\/2013\/03\/nombres-propios\/#primaryimage"},"thumbnailUrl":"https:\/\/www.pressenza.com\/wp-content\/uploads\/2013\/03\/Chavez-51.jpg","datePublished":"2013-03-09T14:22:52+00:00","dateModified":"2016-04-02T11:16:04+00:00","description":"Pateando piedritas, mientras llegaba a la radio, imagin\u00e9 las tribulaciones de ciertos energ\u00famenos al ver la alfombra roja que tapiza Caracas y se expande","breadcrumb":{"@id":"https:\/\/www.pressenza.com\/es\/2013\/03\/nombres-propios\/#breadcrumb"},"inLanguage":"es","potentialAction":[{"@type":"ReadAction","target":["https:\/\/www.pressenza.com\/es\/2013\/03\/nombres-propios\/"]}]},{"@type":"ImageObject","inLanguage":"es","@id":"https:\/\/www.pressenza.com\/es\/2013\/03\/nombres-propios\/#primaryimage","url":"https:\/\/www.pressenza.com\/wp-content\/uploads\/2013\/03\/Chavez-51.jpg","contentUrl":"https:\/\/www.pressenza.com\/wp-content\/uploads\/2013\/03\/Chavez-51.jpg","width":1004,"height":669},{"@type":"BreadcrumbList","@id":"https:\/\/www.pressenza.com\/es\/2013\/03\/nombres-propios\/#breadcrumb","itemListElement":[{"@type":"ListItem","position":1,"name":"Accueil","item":"https:\/\/www.pressenza.com\/es\/"},{"@type":"ListItem","position":2,"name":"Nombres propios"}]},{"@type":"WebSite","@id":"https:\/\/www.pressenza.com\/es\/#website","url":"https:\/\/www.pressenza.com\/es\/","name":"Pressenza","description":"International Press Agency","publisher":{"@id":"https:\/\/www.pressenza.com\/es\/#organization"},"potentialAction":[{"@type":"SearchAction","target":{"@type":"EntryPoint","urlTemplate":"https:\/\/www.pressenza.com\/es\/?s={search_term_string}"},"query-input":{"@type":"PropertyValueSpecification","valueRequired":true,"valueName":"search_term_string"}}],"inLanguage":"es"},{"@type":"Organization","@id":"https:\/\/www.pressenza.com\/es\/#organization","name":"Pressenza","url":"https:\/\/www.pressenza.com\/es\/","logo":{"@type":"ImageObject","inLanguage":"es","@id":"https:\/\/www.pressenza.com\/es\/#\/schema\/logo\/image\/","url":"https:\/\/www.pressenza.com\/wp-content\/uploads\/2022\/10\/pressenza_logo_200x200.jpg","contentUrl":"https:\/\/www.pressenza.com\/wp-content\/uploads\/2022\/10\/pressenza_logo_200x200.jpg","width":200,"height":200,"caption":"Pressenza"},"image":{"@id":"https:\/\/www.pressenza.com\/es\/#\/schema\/logo\/image\/"},"sameAs":["https:\/\/www.facebook.com\/PressenzaItalia","https:\/\/x.com\/PressenzaIPA"]},{"@type":"Person","@id":"https:\/\/www.pressenza.com\/es\/#\/schema\/person\/bfb2123ddd224e1ceebc4f8ae8a61b3d","name":"Julio Rudman","url":"https:\/\/www.pressenza.com\/es\/author\/juliorudman\/"}]}},"place":"Mendoza","original_article_url":"","_links":{"self":[{"href":"https:\/\/www.pressenza.com\/es\/wp-json\/wp\/v2\/posts\/42083","targetHints":{"allow":["GET"]}}],"collection":[{"href":"https:\/\/www.pressenza.com\/es\/wp-json\/wp\/v2\/posts"}],"about":[{"href":"https:\/\/www.pressenza.com\/es\/wp-json\/wp\/v2\/types\/post"}],"author":[{"embeddable":true,"href":"https:\/\/www.pressenza.com\/es\/wp-json\/wp\/v2\/users\/922"}],"replies":[{"embeddable":true,"href":"https:\/\/www.pressenza.com\/es\/wp-json\/wp\/v2\/comments?post=42083"}],"version-history":[{"count":0,"href":"https:\/\/www.pressenza.com\/es\/wp-json\/wp\/v2\/posts\/42083\/revisions"}],"wp:featuredmedia":[{"embeddable":true,"href":"https:\/\/www.pressenza.com\/es\/wp-json\/wp\/v2\/media\/42154"}],"wp:attachment":[{"href":"https:\/\/www.pressenza.com\/es\/wp-json\/wp\/v2\/media?parent=42083"}],"wp:term":[{"taxonomy":"category","embeddable":true,"href":"https:\/\/www.pressenza.com\/es\/wp-json\/wp\/v2\/categories?post=42083"},{"taxonomy":"post_tag","embeddable":true,"href":"https:\/\/www.pressenza.com\/es\/wp-json\/wp\/v2\/tags?post=42083"}],"curies":[{"name":"wp","href":"https:\/\/api.w.org\/{rel}","templated":true}]}}