{"id":42070,"date":"2013-03-09T13:34:48","date_gmt":"2013-03-09T13:34:48","guid":{"rendered":"http:\/\/www.pressenza.com\/?p=42070"},"modified":"2019-02-06T20:43:52","modified_gmt":"2019-02-06T20:43:52","slug":"gobierno-boliviano-impulso-mayor-participacion-de-la-mujer","status":"publish","type":"post","link":"https:\/\/www.pressenza.com\/es\/2013\/03\/gobierno-boliviano-impulso-mayor-participacion-de-la-mujer\/","title":{"rendered":"Gobierno Boliviano impuls\u00f3 mayor participaci\u00f3n de la mujer"},"content":{"rendered":"<p>La viceministra de Igualdad de Oportunidades, Karina Marconi, asegur\u00f3 el viernes que el Gobierno del presidente Evo Morales impuls\u00f3 una mayor participaci\u00f3n de la mujer en espacios de poder y la implementaci\u00f3n de leyes a favor de ese sector.<\/p>\n<p>En el marco del D\u00eda Internacional de la Mujer, la Viceministra destac\u00f3 que la mujer boliviana es \u2018luchadora e incasable\u2019 en su aporte a la sociedad.<\/p>\n<p>\u2018Es importante destacar ese rol hist\u00f3rico de desprendimiento de las mujeres por un pa\u00eds, por una patria digna, gracias al Presidente hemos tenido muchos avances, la mujer en el \u00e1mbito pol\u00edtico y publico est\u00e1 mucho m\u00e1s visibilizada tienen mayores oportunidades y la voluntad pol\u00edtica se ha ido traduciendo en leyes y pol\u00edticas p\u00fablicas orientadas a resolver los problemas que atraviesan las mujeres\u2019, dijo en una entrevista con Bolivia TV.<\/p>\n<p>Sostuvo que prueba de las pol\u00edticas implementadas por el actual Gobierno es la sanci\u00f3n de la ley integral para garantizar una vida libre de violencia que, a su juicio, responde a una de las problem\u00e1ticas que afecta a hombres y mujeres.<\/p>\n<p>Confirm\u00f3 que esa norma ser\u00e1 promulgada el s\u00e1bado por el Jefe de Estado, tras ser sancionada en la Asamblea Legislativa Plurinacional con celeridad luego que se evidenci\u00f3 en el pa\u00eds el incremento de los casos de violencia hacia las f\u00e9minas, en particular lo sucedido con la periodista Hanal\u00ed Huaycho, quien fue asesinada con 15 pu\u00f1aladas por su esposo el 11 de febrero.<\/p>\n<p>&nbsp;<\/p>\n","protected":false},"excerpt":{"rendered":"<p>La viceministra de Igualdad de Oportunidades, Karina Marconi, asegur\u00f3 el viernes que el Gobierno del presidente Evo Morales impuls\u00f3 una mayor participaci\u00f3n de la mujer en espacios de poder y la implementaci\u00f3n de leyes a favor de ese sector. En&hellip;<\/p>\n","protected":false},"author":640,"featured_media":42122,"comment_status":"closed","ping_status":"open","sticky":false,"template":"","format":"standard","meta":{"footnotes":""},"categories":[1241,54515,39,67],"tags":[503,383],"class_list":["post-42070","post","type-post","status-publish","format-standard","has-post-thumbnail","hentry","category-diversidad","category-genero-y-feminismos","category-internacional","category-sudamerica","tag-genero","tag-noviolencia"],"yoast_head":"<!-- This site is optimized with the Yoast SEO plugin v27.1.1 - https:\/\/yoast.com\/product\/yoast-seo-wordpress\/ -->\n<title>Gobierno Boliviano impuls\u00f3 mayor participaci\u00f3n de la mujer<\/title>\n<meta name=\"description\" content=\"La viceministra de Igualdad de Oportunidades, Karina Marconi, asegur\u00f3 el viernes que el Gobierno del presidente Evo Morales impuls\u00f3 una mayor\" \/>\n<meta name=\"robots\" content=\"index, follow, max-snippet:-1, max-image-preview:large, max-video-preview:-1\" \/>\n<link rel=\"canonical\" href=\"https:\/\/www.pressenza.com\/es\/2013\/03\/gobierno-boliviano-impulso-mayor-participacion-de-la-mujer\/\" \/>\n<meta property=\"og:locale\" content=\"es_ES\" \/>\n<meta property=\"og:type\" content=\"article\" \/>\n<meta property=\"og:title\" content=\"Gobierno Boliviano impuls\u00f3 mayor participaci\u00f3n de la mujer\" \/>\n<meta property=\"og:description\" content=\"La viceministra de Igualdad de Oportunidades, Karina Marconi, asegur\u00f3 el viernes que el Gobierno del presidente Evo Morales impuls\u00f3 una mayor\" \/>\n<meta property=\"og:url\" content=\"https:\/\/www.pressenza.com\/es\/2013\/03\/gobierno-boliviano-impulso-mayor-participacion-de-la-mujer\/\" \/>\n<meta property=\"og:site_name\" content=\"Pressenza\" \/>\n<meta property=\"article:publisher\" content=\"https:\/\/www.facebook.com\/PressenzaItalia\" \/>\n<meta property=\"article:author\" content=\"https:\/\/www.facebook.com\/AgenciasUlan\" \/>\n<meta property=\"article:published_time\" content=\"2013-03-09T13:34:48+00:00\" \/>\n<meta property=\"article:modified_time\" content=\"2019-02-06T20:43:52+00:00\" \/>\n<meta property=\"og:image\" content=\"https:\/\/www.pressenza.com\/wp-content\/uploads\/2013\/03\/Viceministra-Boliviana-Karina-Marconi.jpeg\" \/>\n\t<meta property=\"og:image:width\" content=\"400\" \/>\n\t<meta property=\"og:image:height\" content=\"246\" \/>\n\t<meta property=\"og:image:type\" content=\"image\/jpeg\" \/>\n<meta name=\"author\" content=\"Uni\u00f3n Latinoamericana de Agencias de Noticias\" \/>\n<meta name=\"twitter:card\" content=\"summary_large_image\" \/>\n<meta name=\"twitter:creator\" content=\"@agenciasulan\" \/>\n<meta name=\"twitter:site\" content=\"@PressenzaIPA\" \/>\n<meta name=\"twitter:label1\" content=\"Escrito por\" \/>\n\t<meta name=\"twitter:data1\" content=\"Uni\u00f3n Latinoamericana de Agencias de Noticias\" \/>\n\t<meta name=\"twitter:label2\" content=\"Tiempo de lectura\" \/>\n\t<meta name=\"twitter:data2\" content=\"1 minuto\" \/>\n<script type=\"application\/ld+json\" class=\"yoast-schema-graph\">{\"@context\":\"https:\/\/schema.org\",\"@graph\":[{\"@type\":\"Article\",\"@id\":\"https:\/\/www.pressenza.com\/es\/2013\/03\/gobierno-boliviano-impulso-mayor-participacion-de-la-mujer\/#article\",\"isPartOf\":{\"@id\":\"https:\/\/www.pressenza.com\/es\/2013\/03\/gobierno-boliviano-impulso-mayor-participacion-de-la-mujer\/\"},\"author\":{\"name\":\"Uni\u00f3n Latinoamericana de Agencias de Noticias\",\"@id\":\"https:\/\/www.pressenza.com\/es\/#\/schema\/person\/a9efe8d7b19eb4689fcbcb71bc21dba6\"},\"headline\":\"Gobierno Boliviano impuls\u00f3 mayor participaci\u00f3n de la mujer\",\"datePublished\":\"2013-03-09T13:34:48+00:00\",\"dateModified\":\"2019-02-06T20:43:52+00:00\",\"mainEntityOfPage\":{\"@id\":\"https:\/\/www.pressenza.com\/es\/2013\/03\/gobierno-boliviano-impulso-mayor-participacion-de-la-mujer\/\"},\"wordCount\":262,\"publisher\":{\"@id\":\"https:\/\/www.pressenza.com\/es\/#organization\"},\"image\":{\"@id\":\"https:\/\/www.pressenza.com\/es\/2013\/03\/gobierno-boliviano-impulso-mayor-participacion-de-la-mujer\/#primaryimage\"},\"thumbnailUrl\":\"https:\/\/www.pressenza.com\/wp-content\/uploads\/2013\/03\/Viceministra-Boliviana-Karina-Marconi.jpeg\",\"keywords\":[\"G\u00e9nero\",\"Noviolencia\"],\"articleSection\":[\"Diversidad\",\"G\u00e9nero y Feminismos\",\"Internacional\",\"Sudam\u00e9rica\"],\"inLanguage\":\"es\"},{\"@type\":\"WebPage\",\"@id\":\"https:\/\/www.pressenza.com\/es\/2013\/03\/gobierno-boliviano-impulso-mayor-participacion-de-la-mujer\/\",\"url\":\"https:\/\/www.pressenza.com\/es\/2013\/03\/gobierno-boliviano-impulso-mayor-participacion-de-la-mujer\/\",\"name\":\"Gobierno Boliviano impuls\u00f3 mayor participaci\u00f3n de la mujer\",\"isPartOf\":{\"@id\":\"https:\/\/www.pressenza.com\/es\/#website\"},\"primaryImageOfPage\":{\"@id\":\"https:\/\/www.pressenza.com\/es\/2013\/03\/gobierno-boliviano-impulso-mayor-participacion-de-la-mujer\/#primaryimage\"},\"image\":{\"@id\":\"https:\/\/www.pressenza.com\/es\/2013\/03\/gobierno-boliviano-impulso-mayor-participacion-de-la-mujer\/#primaryimage\"},\"thumbnailUrl\":\"https:\/\/www.pressenza.com\/wp-content\/uploads\/2013\/03\/Viceministra-Boliviana-Karina-Marconi.jpeg\",\"datePublished\":\"2013-03-09T13:34:48+00:00\",\"dateModified\":\"2019-02-06T20:43:52+00:00\",\"description\":\"La viceministra de Igualdad de Oportunidades, Karina Marconi, asegur\u00f3 el viernes que el Gobierno del presidente Evo Morales impuls\u00f3 una mayor\",\"breadcrumb\":{\"@id\":\"https:\/\/www.pressenza.com\/es\/2013\/03\/gobierno-boliviano-impulso-mayor-participacion-de-la-mujer\/#breadcrumb\"},\"inLanguage\":\"es\",\"potentialAction\":[{\"@type\":\"ReadAction\",\"target\":[\"https:\/\/www.pressenza.com\/es\/2013\/03\/gobierno-boliviano-impulso-mayor-participacion-de-la-mujer\/\"]}]},{\"@type\":\"ImageObject\",\"inLanguage\":\"es\",\"@id\":\"https:\/\/www.pressenza.com\/es\/2013\/03\/gobierno-boliviano-impulso-mayor-participacion-de-la-mujer\/#primaryimage\",\"url\":\"https:\/\/www.pressenza.com\/wp-content\/uploads\/2013\/03\/Viceministra-Boliviana-Karina-Marconi.jpeg\",\"contentUrl\":\"https:\/\/www.pressenza.com\/wp-content\/uploads\/2013\/03\/Viceministra-Boliviana-Karina-Marconi.jpeg\",\"width\":400,\"height\":246},{\"@type\":\"BreadcrumbList\",\"@id\":\"https:\/\/www.pressenza.com\/es\/2013\/03\/gobierno-boliviano-impulso-mayor-participacion-de-la-mujer\/#breadcrumb\",\"itemListElement\":[{\"@type\":\"ListItem\",\"position\":1,\"name\":\"Accueil\",\"item\":\"https:\/\/www.pressenza.com\/es\/\"},{\"@type\":\"ListItem\",\"position\":2,\"name\":\"Gobierno Boliviano impuls\u00f3 mayor participaci\u00f3n de la mujer\"}]},{\"@type\":\"WebSite\",\"@id\":\"https:\/\/www.pressenza.com\/es\/#website\",\"url\":\"https:\/\/www.pressenza.com\/es\/\",\"name\":\"Pressenza\",\"description\":\"International Press Agency\",\"publisher\":{\"@id\":\"https:\/\/www.pressenza.com\/es\/#organization\"},\"potentialAction\":[{\"@type\":\"SearchAction\",\"target\":{\"@type\":\"EntryPoint\",\"urlTemplate\":\"https:\/\/www.pressenza.com\/es\/?s={search_term_string}\"},\"query-input\":{\"@type\":\"PropertyValueSpecification\",\"valueRequired\":true,\"valueName\":\"search_term_string\"}}],\"inLanguage\":\"es\"},{\"@type\":\"Organization\",\"@id\":\"https:\/\/www.pressenza.com\/es\/#organization\",\"name\":\"Pressenza\",\"url\":\"https:\/\/www.pressenza.com\/es\/\",\"logo\":{\"@type\":\"ImageObject\",\"inLanguage\":\"es\",\"@id\":\"https:\/\/www.pressenza.com\/es\/#\/schema\/logo\/image\/\",\"url\":\"https:\/\/www.pressenza.com\/wp-content\/uploads\/2022\/10\/pressenza_logo_200x200.jpg\",\"contentUrl\":\"https:\/\/www.pressenza.com\/wp-content\/uploads\/2022\/10\/pressenza_logo_200x200.jpg\",\"width\":200,\"height\":200,\"caption\":\"Pressenza\"},\"image\":{\"@id\":\"https:\/\/www.pressenza.com\/es\/#\/schema\/logo\/image\/\"},\"sameAs\":[\"https:\/\/www.facebook.com\/PressenzaItalia\",\"https:\/\/x.com\/PressenzaIPA\"]},{\"@type\":\"Person\",\"@id\":\"https:\/\/www.pressenza.com\/es\/#\/schema\/person\/a9efe8d7b19eb4689fcbcb71bc21dba6\",\"name\":\"Uni\u00f3n Latinoamericana de Agencias de Noticias\",\"description\":\"Una asociaci\u00f3n supranacional que re\u00fane a las agencias de noticias de Am\u00e9rica Latina y el Caribe. agenciasulan.org\",\"sameAs\":[\"https:\/\/www.facebook.com\/AgenciasUlan\",\"https:\/\/x.com\/agenciasulan\"],\"url\":\"https:\/\/www.pressenza.com\/es\/author\/union-latinoamericana-de-agencias-de-noticias\/\"}]}<\/script>\n<!-- \/ Yoast SEO plugin. -->","yoast_head_json":{"title":"Gobierno Boliviano impuls\u00f3 mayor participaci\u00f3n de la mujer","description":"La viceministra de Igualdad de Oportunidades, Karina Marconi, asegur\u00f3 el viernes que el Gobierno del presidente Evo Morales impuls\u00f3 una mayor","robots":{"index":"index","follow":"follow","max-snippet":"max-snippet:-1","max-image-preview":"max-image-preview:large","max-video-preview":"max-video-preview:-1"},"canonical":"https:\/\/www.pressenza.com\/es\/2013\/03\/gobierno-boliviano-impulso-mayor-participacion-de-la-mujer\/","og_locale":"es_ES","og_type":"article","og_title":"Gobierno Boliviano impuls\u00f3 mayor participaci\u00f3n de la mujer","og_description":"La viceministra de Igualdad de Oportunidades, Karina Marconi, asegur\u00f3 el viernes que el Gobierno del presidente Evo Morales impuls\u00f3 una mayor","og_url":"https:\/\/www.pressenza.com\/es\/2013\/03\/gobierno-boliviano-impulso-mayor-participacion-de-la-mujer\/","og_site_name":"Pressenza","article_publisher":"https:\/\/www.facebook.com\/PressenzaItalia","article_author":"https:\/\/www.facebook.com\/AgenciasUlan","article_published_time":"2013-03-09T13:34:48+00:00","article_modified_time":"2019-02-06T20:43:52+00:00","og_image":[{"width":400,"height":246,"url":"https:\/\/www.pressenza.com\/wp-content\/uploads\/2013\/03\/Viceministra-Boliviana-Karina-Marconi.jpeg","type":"image\/jpeg"}],"author":"Uni\u00f3n Latinoamericana de Agencias de Noticias","twitter_card":"summary_large_image","twitter_creator":"@agenciasulan","twitter_site":"@PressenzaIPA","twitter_misc":{"Escrito por":"Uni\u00f3n Latinoamericana de Agencias de Noticias","Tiempo de lectura":"1 minuto"},"schema":{"@context":"https:\/\/schema.org","@graph":[{"@type":"Article","@id":"https:\/\/www.pressenza.com\/es\/2013\/03\/gobierno-boliviano-impulso-mayor-participacion-de-la-mujer\/#article","isPartOf":{"@id":"https:\/\/www.pressenza.com\/es\/2013\/03\/gobierno-boliviano-impulso-mayor-participacion-de-la-mujer\/"},"author":{"name":"Uni\u00f3n Latinoamericana de Agencias de Noticias","@id":"https:\/\/www.pressenza.com\/es\/#\/schema\/person\/a9efe8d7b19eb4689fcbcb71bc21dba6"},"headline":"Gobierno Boliviano impuls\u00f3 mayor participaci\u00f3n de la mujer","datePublished":"2013-03-09T13:34:48+00:00","dateModified":"2019-02-06T20:43:52+00:00","mainEntityOfPage":{"@id":"https:\/\/www.pressenza.com\/es\/2013\/03\/gobierno-boliviano-impulso-mayor-participacion-de-la-mujer\/"},"wordCount":262,"publisher":{"@id":"https:\/\/www.pressenza.com\/es\/#organization"},"image":{"@id":"https:\/\/www.pressenza.com\/es\/2013\/03\/gobierno-boliviano-impulso-mayor-participacion-de-la-mujer\/#primaryimage"},"thumbnailUrl":"https:\/\/www.pressenza.com\/wp-content\/uploads\/2013\/03\/Viceministra-Boliviana-Karina-Marconi.jpeg","keywords":["G\u00e9nero","Noviolencia"],"articleSection":["Diversidad","G\u00e9nero y Feminismos","Internacional","Sudam\u00e9rica"],"inLanguage":"es"},{"@type":"WebPage","@id":"https:\/\/www.pressenza.com\/es\/2013\/03\/gobierno-boliviano-impulso-mayor-participacion-de-la-mujer\/","url":"https:\/\/www.pressenza.com\/es\/2013\/03\/gobierno-boliviano-impulso-mayor-participacion-de-la-mujer\/","name":"Gobierno Boliviano impuls\u00f3 mayor participaci\u00f3n de la mujer","isPartOf":{"@id":"https:\/\/www.pressenza.com\/es\/#website"},"primaryImageOfPage":{"@id":"https:\/\/www.pressenza.com\/es\/2013\/03\/gobierno-boliviano-impulso-mayor-participacion-de-la-mujer\/#primaryimage"},"image":{"@id":"https:\/\/www.pressenza.com\/es\/2013\/03\/gobierno-boliviano-impulso-mayor-participacion-de-la-mujer\/#primaryimage"},"thumbnailUrl":"https:\/\/www.pressenza.com\/wp-content\/uploads\/2013\/03\/Viceministra-Boliviana-Karina-Marconi.jpeg","datePublished":"2013-03-09T13:34:48+00:00","dateModified":"2019-02-06T20:43:52+00:00","description":"La viceministra de Igualdad de Oportunidades, Karina Marconi, asegur\u00f3 el viernes que el Gobierno del presidente Evo Morales impuls\u00f3 una mayor","breadcrumb":{"@id":"https:\/\/www.pressenza.com\/es\/2013\/03\/gobierno-boliviano-impulso-mayor-participacion-de-la-mujer\/#breadcrumb"},"inLanguage":"es","potentialAction":[{"@type":"ReadAction","target":["https:\/\/www.pressenza.com\/es\/2013\/03\/gobierno-boliviano-impulso-mayor-participacion-de-la-mujer\/"]}]},{"@type":"ImageObject","inLanguage":"es","@id":"https:\/\/www.pressenza.com\/es\/2013\/03\/gobierno-boliviano-impulso-mayor-participacion-de-la-mujer\/#primaryimage","url":"https:\/\/www.pressenza.com\/wp-content\/uploads\/2013\/03\/Viceministra-Boliviana-Karina-Marconi.jpeg","contentUrl":"https:\/\/www.pressenza.com\/wp-content\/uploads\/2013\/03\/Viceministra-Boliviana-Karina-Marconi.jpeg","width":400,"height":246},{"@type":"BreadcrumbList","@id":"https:\/\/www.pressenza.com\/es\/2013\/03\/gobierno-boliviano-impulso-mayor-participacion-de-la-mujer\/#breadcrumb","itemListElement":[{"@type":"ListItem","position":1,"name":"Accueil","item":"https:\/\/www.pressenza.com\/es\/"},{"@type":"ListItem","position":2,"name":"Gobierno Boliviano impuls\u00f3 mayor participaci\u00f3n de la mujer"}]},{"@type":"WebSite","@id":"https:\/\/www.pressenza.com\/es\/#website","url":"https:\/\/www.pressenza.com\/es\/","name":"Pressenza","description":"International Press Agency","publisher":{"@id":"https:\/\/www.pressenza.com\/es\/#organization"},"potentialAction":[{"@type":"SearchAction","target":{"@type":"EntryPoint","urlTemplate":"https:\/\/www.pressenza.com\/es\/?s={search_term_string}"},"query-input":{"@type":"PropertyValueSpecification","valueRequired":true,"valueName":"search_term_string"}}],"inLanguage":"es"},{"@type":"Organization","@id":"https:\/\/www.pressenza.com\/es\/#organization","name":"Pressenza","url":"https:\/\/www.pressenza.com\/es\/","logo":{"@type":"ImageObject","inLanguage":"es","@id":"https:\/\/www.pressenza.com\/es\/#\/schema\/logo\/image\/","url":"https:\/\/www.pressenza.com\/wp-content\/uploads\/2022\/10\/pressenza_logo_200x200.jpg","contentUrl":"https:\/\/www.pressenza.com\/wp-content\/uploads\/2022\/10\/pressenza_logo_200x200.jpg","width":200,"height":200,"caption":"Pressenza"},"image":{"@id":"https:\/\/www.pressenza.com\/es\/#\/schema\/logo\/image\/"},"sameAs":["https:\/\/www.facebook.com\/PressenzaItalia","https:\/\/x.com\/PressenzaIPA"]},{"@type":"Person","@id":"https:\/\/www.pressenza.com\/es\/#\/schema\/person\/a9efe8d7b19eb4689fcbcb71bc21dba6","name":"Uni\u00f3n Latinoamericana de Agencias de Noticias","description":"Una asociaci\u00f3n supranacional que re\u00fane a las agencias de noticias de Am\u00e9rica Latina y el Caribe. agenciasulan.org","sameAs":["https:\/\/www.facebook.com\/AgenciasUlan","https:\/\/x.com\/agenciasulan"],"url":"https:\/\/www.pressenza.com\/es\/author\/union-latinoamericana-de-agencias-de-noticias\/"}]}},"place":"La Paz","original_article_url":"","_links":{"self":[{"href":"https:\/\/www.pressenza.com\/es\/wp-json\/wp\/v2\/posts\/42070","targetHints":{"allow":["GET"]}}],"collection":[{"href":"https:\/\/www.pressenza.com\/es\/wp-json\/wp\/v2\/posts"}],"about":[{"href":"https:\/\/www.pressenza.com\/es\/wp-json\/wp\/v2\/types\/post"}],"author":[{"embeddable":true,"href":"https:\/\/www.pressenza.com\/es\/wp-json\/wp\/v2\/users\/640"}],"replies":[{"embeddable":true,"href":"https:\/\/www.pressenza.com\/es\/wp-json\/wp\/v2\/comments?post=42070"}],"version-history":[{"count":0,"href":"https:\/\/www.pressenza.com\/es\/wp-json\/wp\/v2\/posts\/42070\/revisions"}],"wp:featuredmedia":[{"embeddable":true,"href":"https:\/\/www.pressenza.com\/es\/wp-json\/wp\/v2\/media\/42122"}],"wp:attachment":[{"href":"https:\/\/www.pressenza.com\/es\/wp-json\/wp\/v2\/media?parent=42070"}],"wp:term":[{"taxonomy":"category","embeddable":true,"href":"https:\/\/www.pressenza.com\/es\/wp-json\/wp\/v2\/categories?post=42070"},{"taxonomy":"post_tag","embeddable":true,"href":"https:\/\/www.pressenza.com\/es\/wp-json\/wp\/v2\/tags?post=42070"}],"curies":[{"name":"wp","href":"https:\/\/api.w.org\/{rel}","templated":true}]}}