{"id":42065,"date":"2013-03-09T13:31:37","date_gmt":"2013-03-09T13:31:37","guid":{"rendered":"http:\/\/www.pressenza.com\/?p=42065"},"modified":"2016-04-07T13:04:35","modified_gmt":"2016-04-07T12:04:35","slug":"chavez-el-amigo-de-africa","status":"publish","type":"post","link":"https:\/\/www.pressenza.com\/es\/2013\/03\/chavez-el-amigo-de-africa\/","title":{"rendered":"Ch\u00e1vez, el amigo de \u00c1frica"},"content":{"rendered":"<p>El car\u00e1cter humanista, solidario y unionista del presidente venezolano, Hugo Ch\u00e1vez, le imprimi\u00f3 una relevante y particular relaci\u00f3n a sus v\u00ednculos con los pa\u00edses africanos.<\/p>\n<p>\u201cLo digo desde lo m\u00e1s hondo de mi conciencia: Am\u00e9rica del Sur y \u00c1frica son un mismo pueblo\u201d, afirm\u00f3 el l\u00edder bolivariano en un mensaje enviado en febrero pasado a los mandatarios reunidos en la III Cumbre del Foro de Cooperaci\u00f3n \u00c1frica-Am\u00e9rica del Sur (ASA), en Malabo, Guinea Ecuatorial.<\/p>\n<p>En la carta, le\u00edda en el plenario por el canciller de Venezuela, El\u00edas Jaua, y quiz\u00e1s el testamento pol\u00edtico hacia esa regi\u00f3n, el gobernante sudamericano reiter\u00f3 su m\u00e1s irrevocable compromiso con la causa de la \u201cuni\u00f3n de nuestros pueblos\u201d.<\/p>\n<p>Ch\u00e1vez, quien falleci\u00f3 el 5 de marzo, lament\u00f3 \u201cdesde lo m\u00e1s profundo de mi ser\u201d no poder estar f\u00edsicamente en la reuni\u00f3n, alert\u00f3 sobre los peligros y llam\u00f3 a fortalecer la integraci\u00f3n Sur-Sur mediante un permanente v\u00ednculo de trabajo conjunto.<\/p>\n<p>De \u201c\u00c1frica madre\u201d -como la llam\u00f3- vinieron los c\u00f3digos y elementos que componen el sincretismo cultural, musical y religioso \u201cnuestroamericano\u201d, creando una unidad ya no tan solo meramente racial entre nuestros pueblos, sino m\u00e1s a\u00fan espiritual.<\/p>\n<p>El gobernante venezolano record\u00f3 en su misiva c\u00f3mo la explotaci\u00f3n del sistema esclavista en sus colonias, \u201csembraron en Nuestra Am\u00e9rica sangre africana guerrera y combativa\u201d, y rememor\u00f3 como de ella germinaron Toussaint Louverture, Alexandre P\u00e9tion, Jos\u00e9 Leonardo Chirino y Pedro Camejo.<\/p>\n<p>M\u00e1s adelante evoc\u00f3 el siglo XX y las luchas libertarias de \u00c1frica, que comparte junto a Am\u00e9rica Latina y el Caribe un pasado de opresi\u00f3n y esclavitud, pero que los une tambi\u00e9n \u201cun presente de lucha irrenunciable por la libertad y definitiva independencia de nuestras naciones\u201d.<\/p>\n<p>No me cansar\u00e9 de reiterarlo: somos un mismo pueblo, remarc\u00f3, y llam\u00f3 a no perder la oportunidad de unificar las capacidades para \u201cconvertir a nuestras naciones en un aut\u00e9ntico polo de poder, que, para decirlo con el padre Libertador Sim\u00f3n Bol\u00edvar, sea m\u00e1s grande por su libertad y gloria que por su extensi\u00f3n y riquezas\u201d.<\/p>\n<p>Sobre los peligros que se ciernen actualmente, record\u00f3 que la estrategia neocolonial busca dividir a las naciones m\u00e1s vulnerables del mundo y someterlas a una \u201cesclavizadora relaci\u00f3n de dependencia\u201d.<\/p>\n<p>Ante esas amenazas que intentan \u201cimpedir el avance y profundizaci\u00f3n de nuestra Cooperaci\u00f3n Sur-Sur\u201d, el estadista sudamericano dijo como Bol\u00edvar en su carta de Jamaica de 1815: \u201cuni\u00f3n, uni\u00f3n, uni\u00f3n, debe ser nuestra m\u00e1xima consigna\u201d.<\/p>\n<p>El presidente de Venezuela llam\u00f3 a avanzar en iniciativas concretas como PetroSur, la Universidad de los Pueblos del Sur y el Banco del Sur, y propuso que el canal multinacional Telesur se articule con \u00c1frica para llevar la \u201cverdad y realidad de nuestros pa\u00edses\u201d.<\/p>\n<p>La declaraci\u00f3n de Malabo, firmada por jefes de Estado y de Gobierno de los 63 pa\u00edses que asistieron a la cumbre ASA, reconoci\u00f3 el beneficio de la cooperaci\u00f3n Sur-Sur al punto de rubricarse 27 proyectos en diferentes sectores.<\/p>\n<p>Si bien la cuarta rep\u00fablica de Venezuela no tuvo embajadas en \u00c1frica, con la llegada de la Revoluci\u00f3n Bolivariana Ch\u00e1vez autoriz\u00f3 la apertura de ellas para cubrir todo el continente, sobre todo en la regi\u00f3n subsahariana, declar\u00f3 Reinaldo Bol\u00edvar, vicecanciller.<\/p>\n<p>El Estado sudamericano, al decir del diplom\u00e1tico, es el \u00fanico pa\u00eds del mundo que tiene relaciones con todas las naciones africanas, y es el tercero, despu\u00e9s de Cuba y Brasil, con mayor presencia en ese continente.<\/p>\n<p>Como parte de la pol\u00edtica exterior multilateral que impuls\u00f3 el l\u00edder bolivariano, viaj\u00f3 a pa\u00edses como Argelia, Libia, Mozambique, Mali, Gambia, Ben\u00edn, Angola y Sud\u00e1frica, nunca antes visitados por presidente venezolano alguno, con los cuales firm\u00f3 acuerdos en ramas como petr\u00f3leo, agricultura, tecnolog\u00eda, mar\u00edtimos, cultura, econom\u00eda y telecomunicaciones.<\/p>\n<p>Seg\u00fan el vicecanciller Bol\u00edvar, los acuerdos de cooperaci\u00f3n suscritos entre Caracas y los pa\u00edses africanos, m\u00e1s de 200, tienen como base la complementariedad y el equilibrio.<\/p>\n<p>A\u00a0todo ese esfuerzo se agrega las decenas de estudiantes de \u00c1frica que han ido a estudiar a Venezuela a formarse en las especialidades de salud, ciencias sociales y deportes.<\/p>\n<p>La prematura desaparici\u00f3n f\u00edsica de Ch\u00e1vez, a los 58 a\u00f1os, caus\u00f3 aflicci\u00f3n entre los jefes de Estado, y lo recordaron como el hombre que durante su presidencia \u201cVenezuela profundiz\u00f3 los lazos pol\u00edticos y diplom\u00e1ticos con el continente africano\u201d.<\/p>\n<p>El mandatario de Kenya, Mwai Kibaki, subray\u00f3 que el gobernante tambi\u00e9n ser\u00e1 recordado como un art\u00edfice clave del Marco de Cooperaci\u00f3n \u00c1frica-Sudam\u00e9rica en \u00e1reas de la pol\u00edtica, la econom\u00eda y la cultura.<\/p>\n<p>\u201cLa colaboraci\u00f3n entre los dos continentes bajo este marco seguir\u00e1 siendo definida y se desarrollar\u00e1 a\u00fan m\u00e1s. Se trata de un legado memorable del presidente Ch\u00e1vez que debemos valorar\u201d, apunt\u00f3 Kibaki en el mensaje de condolencias.<\/p>\n<p>En Ghana el estadista John Dramani Mahama destac\u00f3 que el l\u00edder sudamericano se \u201cconsagr\u00f3 a la construcci\u00f3n de una nueva sociedad en su pa\u00eds a trav\u00e9s de reformas sociales y econ\u00f3micas progresistas que sacaron de la pobreza a millones de venezolanos\u201d.<\/p>\n<p>Mientras su homologo de Zambia, Michael Sata, afirm\u00f3 que \u201ces reconocido por su real preocupaci\u00f3n por los pobres y esfuerzos desbordados por mejorar los niveles de infraestructura, educaci\u00f3n, salud y alfabetizaci\u00f3n en su pa\u00eds\u201d.<\/p>\n<p>Estamos persuadidos de que el pueblo venezolano continuar\u00e1 determinado y unido junto al gobierno para proseguir la obra del fallecido presidente, subray\u00f3.<\/p>\n<p>Goodluck Jonathan, de Nigeria, elogi\u00f3 que su hom\u00f3logo latinoamericano hizo todo lo posible por ayudar al pueblo y al pa\u00eds durante \u201csus 14 a\u00f1os de presidencia\u201d.<\/p>\n<p>Desde Sud\u00e1frica, el presidente Jacob Zuma record\u00f3 la estancia de Ch\u00e1vez en ese pa\u00eds en septiembre de 2008, la cual contribuy\u00f3 a fortalecer los s\u00f3lidos lazos pol\u00edticos y econ\u00f3micos entre ambos Estados.<\/p>\n<p>Destac\u00f3 que el Gobierno del comandante bolivariano promovi\u00f3 en Latinoam\u00e9rica la integraci\u00f3n regional, basada en la justicia social.<\/p>\n<p>La presidenta de la Comisi\u00f3n de la Uni\u00f3n Africana, Nkosazana Dlamini-Zuma, resumi\u00f3 el sentir de toda \u00c1frica al manifestar que la muerte del destacado hombre de ideas y acciones fue recibida con \u201cprofunda tristeza\u201d por el bloque de 54 pa\u00edses.<\/p>\n<p>Calific\u00f3 a Ch\u00e1vez de gran revolucionario y elogi\u00f3 sus \u201ctremendas contribuciones a la emancipaci\u00f3n de su pueblo, as\u00ed como su liderazgo excepcional y cualidades humanas\u201d.<\/p>\n<p>Como revolucionario internacionalista, indic\u00f3 Zuma, fue un amigo de \u00c1frica que junto a otros dirigentes contribuy\u00f3 con el establecimiento en 2006 del Foro de Cooperaci\u00f3n \u00c1frica-Sudam\u00e9rica.<\/p>\n","protected":false},"excerpt":{"rendered":"<p>El car\u00e1cter humanista, solidario y unionista del presidente venezolano, Hugo Ch\u00e1vez, le imprimi\u00f3 una relevante y particular relaci\u00f3n a sus v\u00ednculos con los pa\u00edses africanos. \u201cLo digo desde lo m\u00e1s hondo de mi conciencia: Am\u00e9rica del Sur y \u00c1frica son&hellip;<\/p>\n","protected":false},"author":640,"featured_media":42067,"comment_status":"closed","ping_status":"open","sticky":false,"template":"","format":"standard","meta":{"footnotes":""},"categories":[76,39,74],"tags":[3556],"class_list":["post-42065","post","type-post","status-publish","format-standard","has-post-thumbnail","hentry","category-relaciones-exteriores","category-internacional","category-politica-es","tag-hugo-chavez-en"],"yoast_head":"<!-- This site is optimized with the Yoast SEO plugin v27.1.1 - https:\/\/yoast.com\/product\/yoast-seo-wordpress\/ -->\n<title>Ch\u00e1vez, el amigo de \u00c1frica<\/title>\n<meta name=\"description\" content=\"El car\u00e1cter humanista, solidario y unionista del presidente venezolano, Hugo Ch\u00e1vez, le imprimi\u00f3 una relevante y particular relaci\u00f3n a sus v\u00ednculos con\" \/>\n<meta name=\"robots\" content=\"index, follow, max-snippet:-1, max-image-preview:large, max-video-preview:-1\" \/>\n<link rel=\"canonical\" href=\"https:\/\/www.pressenza.com\/es\/2013\/03\/chavez-el-amigo-de-africa\/\" \/>\n<meta property=\"og:locale\" content=\"es_ES\" \/>\n<meta property=\"og:type\" content=\"article\" \/>\n<meta property=\"og:title\" content=\"Ch\u00e1vez, el amigo de \u00c1frica\" \/>\n<meta property=\"og:description\" content=\"El car\u00e1cter humanista, solidario y unionista del presidente venezolano, Hugo Ch\u00e1vez, le imprimi\u00f3 una relevante y particular relaci\u00f3n a sus v\u00ednculos con\" \/>\n<meta property=\"og:url\" content=\"https:\/\/www.pressenza.com\/es\/2013\/03\/chavez-el-amigo-de-africa\/\" \/>\n<meta property=\"og:site_name\" content=\"Pressenza\" \/>\n<meta property=\"article:publisher\" content=\"https:\/\/www.facebook.com\/PressenzaItalia\" \/>\n<meta property=\"article:author\" content=\"https:\/\/www.facebook.com\/AgenciasUlan\" \/>\n<meta property=\"article:published_time\" content=\"2013-03-09T13:31:37+00:00\" \/>\n<meta property=\"article:modified_time\" content=\"2016-04-07T12:04:35+00:00\" \/>\n<meta property=\"og:image\" content=\"https:\/\/www.pressenza.com\/wp-content\/uploads\/2013\/03\/CUBA.jpg\" \/>\n\t<meta property=\"og:image:width\" content=\"285\" \/>\n\t<meta property=\"og:image:height\" content=\"199\" \/>\n\t<meta property=\"og:image:type\" content=\"image\/jpeg\" \/>\n<meta name=\"author\" content=\"Uni\u00f3n Latinoamericana de Agencias de Noticias\" \/>\n<meta name=\"twitter:card\" content=\"summary_large_image\" \/>\n<meta name=\"twitter:creator\" content=\"@agenciasulan\" \/>\n<meta name=\"twitter:site\" content=\"@PressenzaIPA\" \/>\n<meta name=\"twitter:label1\" content=\"Escrito por\" \/>\n\t<meta name=\"twitter:data1\" content=\"Uni\u00f3n Latinoamericana de Agencias de Noticias\" \/>\n\t<meta name=\"twitter:label2\" content=\"Tiempo de lectura\" \/>\n\t<meta name=\"twitter:data2\" content=\"6 minutos\" \/>\n<script type=\"application\/ld+json\" class=\"yoast-schema-graph\">{\"@context\":\"https:\/\/schema.org\",\"@graph\":[{\"@type\":\"Article\",\"@id\":\"https:\/\/www.pressenza.com\/es\/2013\/03\/chavez-el-amigo-de-africa\/#article\",\"isPartOf\":{\"@id\":\"https:\/\/www.pressenza.com\/es\/2013\/03\/chavez-el-amigo-de-africa\/\"},\"author\":{\"name\":\"Uni\u00f3n Latinoamericana de Agencias de Noticias\",\"@id\":\"https:\/\/www.pressenza.com\/es\/#\/schema\/person\/a9efe8d7b19eb4689fcbcb71bc21dba6\"},\"headline\":\"Ch\u00e1vez, el amigo de \u00c1frica\",\"datePublished\":\"2013-03-09T13:31:37+00:00\",\"dateModified\":\"2016-04-07T12:04:35+00:00\",\"mainEntityOfPage\":{\"@id\":\"https:\/\/www.pressenza.com\/es\/2013\/03\/chavez-el-amigo-de-africa\/\"},\"wordCount\":1142,\"publisher\":{\"@id\":\"https:\/\/www.pressenza.com\/es\/#organization\"},\"image\":{\"@id\":\"https:\/\/www.pressenza.com\/es\/2013\/03\/chavez-el-amigo-de-africa\/#primaryimage\"},\"thumbnailUrl\":\"https:\/\/www.pressenza.com\/wp-content\/uploads\/2013\/03\/CUBA.jpg\",\"keywords\":[\"Hugo Chavez\"],\"articleSection\":[\"Asuntos internacionales\",\"Internacional\",\"Pol\u00edtica\"],\"inLanguage\":\"es\"},{\"@type\":\"WebPage\",\"@id\":\"https:\/\/www.pressenza.com\/es\/2013\/03\/chavez-el-amigo-de-africa\/\",\"url\":\"https:\/\/www.pressenza.com\/es\/2013\/03\/chavez-el-amigo-de-africa\/\",\"name\":\"Ch\u00e1vez, el amigo de \u00c1frica\",\"isPartOf\":{\"@id\":\"https:\/\/www.pressenza.com\/es\/#website\"},\"primaryImageOfPage\":{\"@id\":\"https:\/\/www.pressenza.com\/es\/2013\/03\/chavez-el-amigo-de-africa\/#primaryimage\"},\"image\":{\"@id\":\"https:\/\/www.pressenza.com\/es\/2013\/03\/chavez-el-amigo-de-africa\/#primaryimage\"},\"thumbnailUrl\":\"https:\/\/www.pressenza.com\/wp-content\/uploads\/2013\/03\/CUBA.jpg\",\"datePublished\":\"2013-03-09T13:31:37+00:00\",\"dateModified\":\"2016-04-07T12:04:35+00:00\",\"description\":\"El car\u00e1cter humanista, solidario y unionista del presidente venezolano, Hugo Ch\u00e1vez, le imprimi\u00f3 una relevante y particular relaci\u00f3n a sus v\u00ednculos con\",\"breadcrumb\":{\"@id\":\"https:\/\/www.pressenza.com\/es\/2013\/03\/chavez-el-amigo-de-africa\/#breadcrumb\"},\"inLanguage\":\"es\",\"potentialAction\":[{\"@type\":\"ReadAction\",\"target\":[\"https:\/\/www.pressenza.com\/es\/2013\/03\/chavez-el-amigo-de-africa\/\"]}]},{\"@type\":\"ImageObject\",\"inLanguage\":\"es\",\"@id\":\"https:\/\/www.pressenza.com\/es\/2013\/03\/chavez-el-amigo-de-africa\/#primaryimage\",\"url\":\"https:\/\/www.pressenza.com\/wp-content\/uploads\/2013\/03\/CUBA.jpg\",\"contentUrl\":\"https:\/\/www.pressenza.com\/wp-content\/uploads\/2013\/03\/CUBA.jpg\",\"width\":285,\"height\":199,\"caption\":\"Chavez\"},{\"@type\":\"BreadcrumbList\",\"@id\":\"https:\/\/www.pressenza.com\/es\/2013\/03\/chavez-el-amigo-de-africa\/#breadcrumb\",\"itemListElement\":[{\"@type\":\"ListItem\",\"position\":1,\"name\":\"Accueil\",\"item\":\"https:\/\/www.pressenza.com\/es\/\"},{\"@type\":\"ListItem\",\"position\":2,\"name\":\"Ch\u00e1vez, el amigo de \u00c1frica\"}]},{\"@type\":\"WebSite\",\"@id\":\"https:\/\/www.pressenza.com\/es\/#website\",\"url\":\"https:\/\/www.pressenza.com\/es\/\",\"name\":\"Pressenza\",\"description\":\"International Press Agency\",\"publisher\":{\"@id\":\"https:\/\/www.pressenza.com\/es\/#organization\"},\"potentialAction\":[{\"@type\":\"SearchAction\",\"target\":{\"@type\":\"EntryPoint\",\"urlTemplate\":\"https:\/\/www.pressenza.com\/es\/?s={search_term_string}\"},\"query-input\":{\"@type\":\"PropertyValueSpecification\",\"valueRequired\":true,\"valueName\":\"search_term_string\"}}],\"inLanguage\":\"es\"},{\"@type\":\"Organization\",\"@id\":\"https:\/\/www.pressenza.com\/es\/#organization\",\"name\":\"Pressenza\",\"url\":\"https:\/\/www.pressenza.com\/es\/\",\"logo\":{\"@type\":\"ImageObject\",\"inLanguage\":\"es\",\"@id\":\"https:\/\/www.pressenza.com\/es\/#\/schema\/logo\/image\/\",\"url\":\"https:\/\/www.pressenza.com\/wp-content\/uploads\/2022\/10\/pressenza_logo_200x200.jpg\",\"contentUrl\":\"https:\/\/www.pressenza.com\/wp-content\/uploads\/2022\/10\/pressenza_logo_200x200.jpg\",\"width\":200,\"height\":200,\"caption\":\"Pressenza\"},\"image\":{\"@id\":\"https:\/\/www.pressenza.com\/es\/#\/schema\/logo\/image\/\"},\"sameAs\":[\"https:\/\/www.facebook.com\/PressenzaItalia\",\"https:\/\/x.com\/PressenzaIPA\"]},{\"@type\":\"Person\",\"@id\":\"https:\/\/www.pressenza.com\/es\/#\/schema\/person\/a9efe8d7b19eb4689fcbcb71bc21dba6\",\"name\":\"Uni\u00f3n Latinoamericana de Agencias de Noticias\",\"description\":\"Una asociaci\u00f3n supranacional que re\u00fane a las agencias de noticias de Am\u00e9rica Latina y el Caribe. agenciasulan.org\",\"sameAs\":[\"https:\/\/www.facebook.com\/AgenciasUlan\",\"https:\/\/x.com\/agenciasulan\"],\"url\":\"https:\/\/www.pressenza.com\/es\/author\/union-latinoamericana-de-agencias-de-noticias\/\"}]}<\/script>\n<!-- \/ Yoast SEO plugin. -->","yoast_head_json":{"title":"Ch\u00e1vez, el amigo de \u00c1frica","description":"El car\u00e1cter humanista, solidario y unionista del presidente venezolano, Hugo Ch\u00e1vez, le imprimi\u00f3 una relevante y particular relaci\u00f3n a sus v\u00ednculos con","robots":{"index":"index","follow":"follow","max-snippet":"max-snippet:-1","max-image-preview":"max-image-preview:large","max-video-preview":"max-video-preview:-1"},"canonical":"https:\/\/www.pressenza.com\/es\/2013\/03\/chavez-el-amigo-de-africa\/","og_locale":"es_ES","og_type":"article","og_title":"Ch\u00e1vez, el amigo de \u00c1frica","og_description":"El car\u00e1cter humanista, solidario y unionista del presidente venezolano, Hugo Ch\u00e1vez, le imprimi\u00f3 una relevante y particular relaci\u00f3n a sus v\u00ednculos con","og_url":"https:\/\/www.pressenza.com\/es\/2013\/03\/chavez-el-amigo-de-africa\/","og_site_name":"Pressenza","article_publisher":"https:\/\/www.facebook.com\/PressenzaItalia","article_author":"https:\/\/www.facebook.com\/AgenciasUlan","article_published_time":"2013-03-09T13:31:37+00:00","article_modified_time":"2016-04-07T12:04:35+00:00","og_image":[{"width":285,"height":199,"url":"https:\/\/www.pressenza.com\/wp-content\/uploads\/2013\/03\/CUBA.jpg","type":"image\/jpeg"}],"author":"Uni\u00f3n Latinoamericana de Agencias de Noticias","twitter_card":"summary_large_image","twitter_creator":"@agenciasulan","twitter_site":"@PressenzaIPA","twitter_misc":{"Escrito por":"Uni\u00f3n Latinoamericana de Agencias de Noticias","Tiempo de lectura":"6 minutos"},"schema":{"@context":"https:\/\/schema.org","@graph":[{"@type":"Article","@id":"https:\/\/www.pressenza.com\/es\/2013\/03\/chavez-el-amigo-de-africa\/#article","isPartOf":{"@id":"https:\/\/www.pressenza.com\/es\/2013\/03\/chavez-el-amigo-de-africa\/"},"author":{"name":"Uni\u00f3n Latinoamericana de Agencias de Noticias","@id":"https:\/\/www.pressenza.com\/es\/#\/schema\/person\/a9efe8d7b19eb4689fcbcb71bc21dba6"},"headline":"Ch\u00e1vez, el amigo de \u00c1frica","datePublished":"2013-03-09T13:31:37+00:00","dateModified":"2016-04-07T12:04:35+00:00","mainEntityOfPage":{"@id":"https:\/\/www.pressenza.com\/es\/2013\/03\/chavez-el-amigo-de-africa\/"},"wordCount":1142,"publisher":{"@id":"https:\/\/www.pressenza.com\/es\/#organization"},"image":{"@id":"https:\/\/www.pressenza.com\/es\/2013\/03\/chavez-el-amigo-de-africa\/#primaryimage"},"thumbnailUrl":"https:\/\/www.pressenza.com\/wp-content\/uploads\/2013\/03\/CUBA.jpg","keywords":["Hugo Chavez"],"articleSection":["Asuntos internacionales","Internacional","Pol\u00edtica"],"inLanguage":"es"},{"@type":"WebPage","@id":"https:\/\/www.pressenza.com\/es\/2013\/03\/chavez-el-amigo-de-africa\/","url":"https:\/\/www.pressenza.com\/es\/2013\/03\/chavez-el-amigo-de-africa\/","name":"Ch\u00e1vez, el amigo de \u00c1frica","isPartOf":{"@id":"https:\/\/www.pressenza.com\/es\/#website"},"primaryImageOfPage":{"@id":"https:\/\/www.pressenza.com\/es\/2013\/03\/chavez-el-amigo-de-africa\/#primaryimage"},"image":{"@id":"https:\/\/www.pressenza.com\/es\/2013\/03\/chavez-el-amigo-de-africa\/#primaryimage"},"thumbnailUrl":"https:\/\/www.pressenza.com\/wp-content\/uploads\/2013\/03\/CUBA.jpg","datePublished":"2013-03-09T13:31:37+00:00","dateModified":"2016-04-07T12:04:35+00:00","description":"El car\u00e1cter humanista, solidario y unionista del presidente venezolano, Hugo Ch\u00e1vez, le imprimi\u00f3 una relevante y particular relaci\u00f3n a sus v\u00ednculos con","breadcrumb":{"@id":"https:\/\/www.pressenza.com\/es\/2013\/03\/chavez-el-amigo-de-africa\/#breadcrumb"},"inLanguage":"es","potentialAction":[{"@type":"ReadAction","target":["https:\/\/www.pressenza.com\/es\/2013\/03\/chavez-el-amigo-de-africa\/"]}]},{"@type":"ImageObject","inLanguage":"es","@id":"https:\/\/www.pressenza.com\/es\/2013\/03\/chavez-el-amigo-de-africa\/#primaryimage","url":"https:\/\/www.pressenza.com\/wp-content\/uploads\/2013\/03\/CUBA.jpg","contentUrl":"https:\/\/www.pressenza.com\/wp-content\/uploads\/2013\/03\/CUBA.jpg","width":285,"height":199,"caption":"Chavez"},{"@type":"BreadcrumbList","@id":"https:\/\/www.pressenza.com\/es\/2013\/03\/chavez-el-amigo-de-africa\/#breadcrumb","itemListElement":[{"@type":"ListItem","position":1,"name":"Accueil","item":"https:\/\/www.pressenza.com\/es\/"},{"@type":"ListItem","position":2,"name":"Ch\u00e1vez, el amigo de \u00c1frica"}]},{"@type":"WebSite","@id":"https:\/\/www.pressenza.com\/es\/#website","url":"https:\/\/www.pressenza.com\/es\/","name":"Pressenza","description":"International Press Agency","publisher":{"@id":"https:\/\/www.pressenza.com\/es\/#organization"},"potentialAction":[{"@type":"SearchAction","target":{"@type":"EntryPoint","urlTemplate":"https:\/\/www.pressenza.com\/es\/?s={search_term_string}"},"query-input":{"@type":"PropertyValueSpecification","valueRequired":true,"valueName":"search_term_string"}}],"inLanguage":"es"},{"@type":"Organization","@id":"https:\/\/www.pressenza.com\/es\/#organization","name":"Pressenza","url":"https:\/\/www.pressenza.com\/es\/","logo":{"@type":"ImageObject","inLanguage":"es","@id":"https:\/\/www.pressenza.com\/es\/#\/schema\/logo\/image\/","url":"https:\/\/www.pressenza.com\/wp-content\/uploads\/2022\/10\/pressenza_logo_200x200.jpg","contentUrl":"https:\/\/www.pressenza.com\/wp-content\/uploads\/2022\/10\/pressenza_logo_200x200.jpg","width":200,"height":200,"caption":"Pressenza"},"image":{"@id":"https:\/\/www.pressenza.com\/es\/#\/schema\/logo\/image\/"},"sameAs":["https:\/\/www.facebook.com\/PressenzaItalia","https:\/\/x.com\/PressenzaIPA"]},{"@type":"Person","@id":"https:\/\/www.pressenza.com\/es\/#\/schema\/person\/a9efe8d7b19eb4689fcbcb71bc21dba6","name":"Uni\u00f3n Latinoamericana de Agencias de Noticias","description":"Una asociaci\u00f3n supranacional que re\u00fane a las agencias de noticias de Am\u00e9rica Latina y el Caribe. agenciasulan.org","sameAs":["https:\/\/www.facebook.com\/AgenciasUlan","https:\/\/x.com\/agenciasulan"],"url":"https:\/\/www.pressenza.com\/es\/author\/union-latinoamericana-de-agencias-de-noticias\/"}]}},"place":"Caracas","original_article_url":"","_links":{"self":[{"href":"https:\/\/www.pressenza.com\/es\/wp-json\/wp\/v2\/posts\/42065","targetHints":{"allow":["GET"]}}],"collection":[{"href":"https:\/\/www.pressenza.com\/es\/wp-json\/wp\/v2\/posts"}],"about":[{"href":"https:\/\/www.pressenza.com\/es\/wp-json\/wp\/v2\/types\/post"}],"author":[{"embeddable":true,"href":"https:\/\/www.pressenza.com\/es\/wp-json\/wp\/v2\/users\/640"}],"replies":[{"embeddable":true,"href":"https:\/\/www.pressenza.com\/es\/wp-json\/wp\/v2\/comments?post=42065"}],"version-history":[{"count":0,"href":"https:\/\/www.pressenza.com\/es\/wp-json\/wp\/v2\/posts\/42065\/revisions"}],"wp:featuredmedia":[{"embeddable":true,"href":"https:\/\/www.pressenza.com\/es\/wp-json\/wp\/v2\/media\/42067"}],"wp:attachment":[{"href":"https:\/\/www.pressenza.com\/es\/wp-json\/wp\/v2\/media?parent=42065"}],"wp:term":[{"taxonomy":"category","embeddable":true,"href":"https:\/\/www.pressenza.com\/es\/wp-json\/wp\/v2\/categories?post=42065"},{"taxonomy":"post_tag","embeddable":true,"href":"https:\/\/www.pressenza.com\/es\/wp-json\/wp\/v2\/tags?post=42065"}],"curies":[{"name":"wp","href":"https:\/\/api.w.org\/{rel}","templated":true}]}}