{"id":419637,"date":"2017-01-16T11:32:03","date_gmt":"2017-01-16T11:32:03","guid":{"rendered":"http:\/\/www.pressenza.com\/?p=419637\/"},"modified":"2017-01-16T12:48:38","modified_gmt":"2017-01-16T12:48:38","slug":"la-tierra-pocas-manos","status":"publish","type":"post","link":"https:\/\/www.pressenza.com\/es\/2017\/01\/la-tierra-pocas-manos\/","title":{"rendered":"La tierra en muy pocas manos"},"content":{"rendered":"<p>El 1 por ciento de las estancias m\u00e1s grandes de Am\u00e9rica Latina acapara la mitad de la tierra agr\u00edcola y el 80 por ciento de las fincas cuentan con solo el 13 por ciento del territorio. \u201cAm\u00e9rica latina es la regi\u00f3n del mundo m\u00e1s desigual en la distribuci\u00f3n de la tierra\u201d, asegura una reciente investigaci\u00f3n de la ONG internacional Oxfam. En Argentina, el 1 por ciento de las estancias m\u00e1s grandes concentra el 36 por ciento de la tierra. La injusta distribuci\u00f3n tiene directa relaci\u00f3n con el avance minero, petrolero, agronegocio y forestal. \u201cEl extractivismo ha dado lugar a una crisis de derechos humanos en la regi\u00f3n, amenaza derechos y libertades fundamentales\u201d, alerta Oxfam.<\/p>\n<p>\u201cDesterrados: tierra, poder y desigualdad en Am\u00e9rica Latina\u201d, es el nombre de la investigaci\u00f3n que, en base a datos oficiales, analiza la situaci\u00f3n de todos los pa\u00edses de la regi\u00f3n. Colombia es el pa\u00eds m\u00e1s desigual en el reparto de la tierra. El 0,4 por ciento de las explotaciones agropecuarias domina el 68 por ciento de la tierra del pa\u00eds.<\/p>\n<p>Sigue Per\u00fa, donde el 77 por ciento de la tierra est\u00e1 en manos del 1 por ciento de estancias. Le siguen Chile (74 por ciento) y Paraguay (71). En Bolivia el 1 por ciento de las chacras maneja el 66 por ciento de la tierra, y en M\u00e9xico el 56 por ciento. En Brasil, el 44 por ciento del territorio agr\u00edcola es para el 1 por ciento de las fincas. En Argentina, el 36 por ciento est\u00e1 en manos de esa m\u00ednima porci\u00f3n de estancieros y pooles de siembra.<\/p>\n<div id=\"attachment_419650\" class=\"wp-caption alignnone\"><img loading=\"lazy\" decoding=\"async\" aria-describedby=\"caption-attachment-419650\" class=\"size-large wp-image-419650\" src=\"http:\/\/www.pressenza.com\/wp-content\/uploads\/2017\/01\/manifestac--a--o-congresso-senado-br-720x478.jpg\" alt=\"\" width=\"720\" height=\"478\" srcset=\"https:\/\/www.pressenza.com\/wp-content\/uploads\/2017\/01\/manifestac--a--o-congresso-senado-br-720x478.jpg 720w, https:\/\/www.pressenza.com\/wp-content\/uploads\/2017\/01\/manifestac--a--o-congresso-senado-br-300x199.jpg 300w, https:\/\/www.pressenza.com\/wp-content\/uploads\/2017\/01\/manifestac--a--o-congresso-senado-br-768x510.jpg 768w, https:\/\/www.pressenza.com\/wp-content\/uploads\/2017\/01\/manifestac--a--o-congresso-senado-br.jpg 1024w\" sizes=\"auto, (max-width: 720px) 100vw, 720px\" \/><p id=\"caption-attachment-419650\" class=\"wp-caption-text\">Ind\u00edgena manifiestanfrente al Congreso Nacional\u00a0de\u00a0Brasil, en reclamo por demarcaci\u00f3n de sus tierras. Foto Senado Federal<\/p><\/div>\n<p>\u201cLa extrema desigualdad en el acceso y control de la tierra es una de las causas de los niveles intolerables de pobreza. Sin pol\u00edticas que aborden este reto (la tierra) no ser\u00e1 posible reducir la desigualdad econ\u00f3mica y social\u201d, afirma la investigaci\u00f3n de Oxfam e interpela la concentraci\u00f3n de tierra en pocas manos: \u201cEs un orden social arraigado y m\u00e1s cercano al feudalismo que a una democracia moderna\u201d.<\/p>\n<p>La investigaci\u00f3n, de cien p\u00e1ginas y con extensa bibliograf\u00eda de referencia, vincula claramente la extrema desigualdad al modelo de explotaci\u00f3n de recursos naturales. \u201cEl extractivismo se ha hecho con el territorio\u201d, resume la investigaci\u00f3n y advierte que tanto gobiernos de izquierda como derecha han optado por favorecer la explotaci\u00f3n petrolera, minera, forestal y el agronegocio. \u201cLa explotaci\u00f3n minera y petrolera se aceler\u00f3 a partir del 2000. La nueva oleada fue atra\u00edda por reformas estructurales que desproteg\u00edan los territorios comunales y relajaban los controles medioambientales\u201d, explica. Entre los numerosos ejemplos, cita la situaci\u00f3n de Colombia, que en 2002 contaba con un mill\u00f3n de hect\u00e1reas en concesi\u00f3n minera y en 2015 ya era de 5,7 millones de hect\u00e1reas (el cinco por ciento del territorio nacional).<\/p>\n<p>Precisa que la soja, la palma de aceite y la ca\u00f1a de az\u00facar tuvieron una \u201cexpansi\u00f3n sin precedentes en las \u00faltimas dos d\u00e9cadas\u201d. En el apartado \u201cgeopol\u00edtica de la soja\u201d, destaca que los gobiernos \u201chan impuesto un modelo de organizaci\u00f3n territorial a la medida de las necesidades de transnacionales\u201d. En base a datos de 2014, precisa los datos del monocultivo: el 68 por ciento del territorio cultivado de Paraguay tiene soja, le siguen Argentina (49), Uruguay (45), Brasil (37) y Bolivia (30 por ciento). \u201cLos cincos pa\u00edses conforman lo que se conoce como \u2018rep\u00fablicas unidas de la soja\u2019, producen m\u00e1s de la mitad de la soja del mundo\u201d, detalla Oxfam.<\/p>\n<p>Las peque\u00f1as explotaciones agropecuarias son mayor\u00eda, pero tiene muy poca tierra. En Colombia, el 84 por ciento de las fincas ocupa solo el cuatro por ciento de la superficie agr\u00edcola. Paraguay es otra mala referencia: el 91 por ciento de las chacras cuenta con s\u00f3lo el seis por ciento de la tierra. En Argentina, el 83 por ciento de las explotaciones agropecuarias tiene s\u00f3lo el 13 por ciento del territorio.<\/p>\n<div id=\"attachment_419658\" class=\"wp-caption alignnone\"><img loading=\"lazy\" decoding=\"async\" aria-describedby=\"caption-attachment-419658\" class=\"size-large wp-image-419658\" src=\"http:\/\/www.pressenza.com\/wp-content\/uploads\/2017\/01\/qopiwini-reinaldo-720x479.jpg\" alt=\"\" width=\"720\" height=\"479\" srcset=\"https:\/\/www.pressenza.com\/wp-content\/uploads\/2017\/01\/qopiwini-reinaldo-720x479.jpg 720w, https:\/\/www.pressenza.com\/wp-content\/uploads\/2017\/01\/qopiwini-reinaldo-300x199.jpg 300w, https:\/\/www.pressenza.com\/wp-content\/uploads\/2017\/01\/qopiwini-reinaldo-768x510.jpg 768w, https:\/\/www.pressenza.com\/wp-content\/uploads\/2017\/01\/qopiwini-reinaldo.jpg 960w\" sizes=\"auto, (max-width: 720px) 100vw, 720px\" \/><p id=\"caption-attachment-419658\" class=\"wp-caption-text\">Acampe Qo.Pi.Wi.Ni, Buenos Aires. Foto Reinaldo Ortega<\/p><\/div>\n<p>\u201cLa tierra se encuentra cada vez m\u00e1s concentrada en menos manos y sometida a un modelo de extracci\u00f3n y explotaci\u00f3n de los recursos naturales que, si bien ha ayudado a crecer a las econom\u00edas de la regi\u00f3n, tambi\u00e9n ha acentuado la desigualdad. Los beneficios de este modelo extractivista se concentran en manos de unas \u00e9lites\u201d, resume la investigaci\u00f3n. El informe llama a una \u201curgente y necesaria nueva distribuci\u00f3n de la tierra en Am\u00e9rica latina\u201d.<\/p>\n<p>Entre los sectores m\u00e1s perjudicados se encuentran campesinos y pueblos originarios. \u201cLa impunidad con la que se asesina a los activistas ind\u00edgenas debe terminar. Es urgente que los gobiernos en todo el mundo act\u00faen de forma inmediata para protegerlos\u201d, destaca el informe<\/p>\n<p>La injusta distribuci\u00f3n de la tierra se profundiza con el uso de violencia. \u201cCon la expansi\u00f3n de las actividades extractivas se han multiplicado los conflictos territoriales y se han disparado de forma alarmante los \u00edndices de violencia contra quienes defienden el agua, los bosques y los derechos de las mujeres y las comunidades ind\u00edgenas, afrodescendientes y campesinas. Estos grupos son marginados, perseguidos, agredidos y criminalizados por defender su derecho a la tierra\u201d, denuncia Oxfam.<\/p>\n<h4>Beneficios privados<\/h4>\n<p>\u201cS\u00f3lo democracias secuestradas pueden permitir los niveles de desigualdad que exhibe nuestra regi\u00f3n\u201d, afirm\u00f3 Sim\u00f3n Ticehurst, director de Oxfam para Am\u00e9rica Latina y el Caribe. Y lo vincula a un factor de peso: \u201cLas \u00e9lites pol\u00edticas y econ\u00f3micas nacionales, las instituciones financieras y las multinacionales que dominan el comercio mundial de materias primas han forjado alianzas cada vez m\u00e1s s\u00f3lidas. Las \u00e9lites se han hecho con el control de las instituciones democr\u00e1ticas para asegurar que las pol\u00edticas y el marco normativo les favorezcan y que los recursos p\u00fablicos sean aprovechados para la obtenci\u00f3n de beneficios privados\u201d. La investigaci\u00f3n de Oxfam cuestiona que los pa\u00edses acepten ceder el control de sus recursos estrat\u00e9gicos y firmen acuerdos internacionales de libre comercio para \u201cblindar los intereses de las corporaciones a cambio de la p\u00e9rdida de soberan\u00eda y la desprotecci\u00f3n de los derechos de las personas\u201d.<\/p>\n","protected":false},"excerpt":{"rendered":"<p>El 1 por ciento de las estancias m\u00e1s grandes de Am\u00e9rica Latina acapara la mitad de la tierra agr\u00edcola y el 80 por ciento de las fincas cuentan con solo el 13 por ciento del territorio. \u201cAm\u00e9rica latina es la&hellip;<\/p>\n","protected":false},"author":1210,"featured_media":419643,"comment_status":"closed","ping_status":"closed","sticky":false,"template":"","format":"standard","meta":{"footnotes":""},"categories":[11389,74,80,67],"tags":[16691,7034,6388,2535,1544,5323,18759,20348,7901,14045,6379,22210,18507],"class_list":["post-419637","post","type-post","status-publish","format-standard","has-post-thumbnail","hentry","category-contenido-original","category-politica-es","category-pueblos-originarios","category-sudamerica","tag-afrodescendientes","tag-agronegocio","tag-agrotoxicos","tag-campesinos","tag-extractivismo","tag-indigenas","tag-industrias-extractivas","tag-megamineria","tag-oxfam","tag-oxfam-es","tag-petroleo","tag-pueblos-originarios","tag-territorios"],"yoast_head":"<!-- This site is optimized with the Yoast SEO plugin v27.1.1 - https:\/\/yoast.com\/product\/yoast-seo-wordpress\/ -->\n<title>La tierra en muy pocas manos<\/title>\n<meta name=\"description\" content=\"El 1 por ciento de las estancias m\u00e1s grandes de Am\u00e9rica Latina acapara la mitad de la tierra agr\u00edcola y el 80 por ciento de las fincas cuentan con solo el\" \/>\n<meta name=\"robots\" content=\"index, follow, max-snippet:-1, max-image-preview:large, max-video-preview:-1\" \/>\n<link rel=\"canonical\" href=\"https:\/\/www.pressenza.com\/es\/2017\/01\/la-tierra-pocas-manos\/\" \/>\n<meta property=\"og:locale\" content=\"es_ES\" \/>\n<meta property=\"og:type\" content=\"article\" \/>\n<meta property=\"og:title\" content=\"La tierra en muy pocas manos\" \/>\n<meta property=\"og:description\" content=\"El 1 por ciento de las estancias m\u00e1s grandes de Am\u00e9rica Latina acapara la mitad de la tierra agr\u00edcola y el 80 por ciento de las fincas cuentan con solo el\" \/>\n<meta property=\"og:url\" content=\"https:\/\/www.pressenza.com\/es\/2017\/01\/la-tierra-pocas-manos\/\" \/>\n<meta property=\"og:site_name\" content=\"Pressenza\" \/>\n<meta property=\"article:publisher\" content=\"https:\/\/www.facebook.com\/PressenzaItalia\" \/>\n<meta property=\"article:published_time\" content=\"2017-01-16T11:32:03+00:00\" \/>\n<meta property=\"article:modified_time\" content=\"2017-01-16T12:48:38+00:00\" \/>\n<meta property=\"og:image\" content=\"https:\/\/www.pressenza.com\/wp-content\/uploads\/2017\/01\/IPES-Elkartea-Navarra-Aula-de-Internacional-y-de-DDHH.jpg\" \/>\n\t<meta property=\"og:image:width\" content=\"1024\" \/>\n\t<meta property=\"og:image:height\" content=\"565\" \/>\n\t<meta property=\"og:image:type\" content=\"image\/jpeg\" \/>\n<meta name=\"author\" content=\"Dar\u00edo Aranda\" \/>\n<meta name=\"twitter:card\" content=\"summary_large_image\" \/>\n<meta name=\"twitter:creator\" content=\"@PressenzaIPA\" \/>\n<meta name=\"twitter:site\" content=\"@PressenzaIPA\" \/>\n<meta name=\"twitter:label1\" content=\"Escrito por\" \/>\n\t<meta name=\"twitter:data1\" content=\"Dar\u00edo Aranda\" \/>\n\t<meta name=\"twitter:label2\" content=\"Tiempo de lectura\" \/>\n\t<meta name=\"twitter:data2\" content=\"5 minutos\" \/>\n<script type=\"application\/ld+json\" class=\"yoast-schema-graph\">{\"@context\":\"https:\/\/schema.org\",\"@graph\":[{\"@type\":\"Article\",\"@id\":\"https:\/\/www.pressenza.com\/es\/2017\/01\/la-tierra-pocas-manos\/#article\",\"isPartOf\":{\"@id\":\"https:\/\/www.pressenza.com\/es\/2017\/01\/la-tierra-pocas-manos\/\"},\"author\":{\"name\":\"Dar\u00edo Aranda\",\"@id\":\"https:\/\/www.pressenza.com\/es\/#\/schema\/person\/0e60cd529ef3ecd836a42735fa83478b\"},\"headline\":\"La tierra en muy pocas manos\",\"datePublished\":\"2017-01-16T11:32:03+00:00\",\"dateModified\":\"2017-01-16T12:48:38+00:00\",\"mainEntityOfPage\":{\"@id\":\"https:\/\/www.pressenza.com\/es\/2017\/01\/la-tierra-pocas-manos\/\"},\"wordCount\":1076,\"publisher\":{\"@id\":\"https:\/\/www.pressenza.com\/es\/#organization\"},\"image\":{\"@id\":\"https:\/\/www.pressenza.com\/es\/2017\/01\/la-tierra-pocas-manos\/#primaryimage\"},\"thumbnailUrl\":\"https:\/\/www.pressenza.com\/wp-content\/uploads\/2017\/01\/IPES-Elkartea-Navarra-Aula-de-Internacional-y-de-DDHH.jpg\",\"keywords\":[\"afrodescendientes\",\"agroneg\u00f3cio\",\"agrotoxicos\",\"campesinos\",\"extractivismo\",\"indigenas\",\"industrias extractivas\",\"megaminer\u00eda\",\"Oxfam\",\"Oxfam\",\"petr\u00f3leo\",\"Pueblos Originarios\",\"territorios\"],\"articleSection\":[\"Contenido Original\",\"Pol\u00edtica\",\"Pueblos Originarios\",\"Sudam\u00e9rica\"],\"inLanguage\":\"es\"},{\"@type\":\"WebPage\",\"@id\":\"https:\/\/www.pressenza.com\/es\/2017\/01\/la-tierra-pocas-manos\/\",\"url\":\"https:\/\/www.pressenza.com\/es\/2017\/01\/la-tierra-pocas-manos\/\",\"name\":\"La tierra en muy pocas manos\",\"isPartOf\":{\"@id\":\"https:\/\/www.pressenza.com\/es\/#website\"},\"primaryImageOfPage\":{\"@id\":\"https:\/\/www.pressenza.com\/es\/2017\/01\/la-tierra-pocas-manos\/#primaryimage\"},\"image\":{\"@id\":\"https:\/\/www.pressenza.com\/es\/2017\/01\/la-tierra-pocas-manos\/#primaryimage\"},\"thumbnailUrl\":\"https:\/\/www.pressenza.com\/wp-content\/uploads\/2017\/01\/IPES-Elkartea-Navarra-Aula-de-Internacional-y-de-DDHH.jpg\",\"datePublished\":\"2017-01-16T11:32:03+00:00\",\"dateModified\":\"2017-01-16T12:48:38+00:00\",\"description\":\"El 1 por ciento de las estancias m\u00e1s grandes de Am\u00e9rica Latina acapara la mitad de la tierra agr\u00edcola y el 80 por ciento de las fincas cuentan con solo el\",\"breadcrumb\":{\"@id\":\"https:\/\/www.pressenza.com\/es\/2017\/01\/la-tierra-pocas-manos\/#breadcrumb\"},\"inLanguage\":\"es\",\"potentialAction\":[{\"@type\":\"ReadAction\",\"target\":[\"https:\/\/www.pressenza.com\/es\/2017\/01\/la-tierra-pocas-manos\/\"]}]},{\"@type\":\"ImageObject\",\"inLanguage\":\"es\",\"@id\":\"https:\/\/www.pressenza.com\/es\/2017\/01\/la-tierra-pocas-manos\/#primaryimage\",\"url\":\"https:\/\/www.pressenza.com\/wp-content\/uploads\/2017\/01\/IPES-Elkartea-Navarra-Aula-de-Internacional-y-de-DDHH.jpg\",\"contentUrl\":\"https:\/\/www.pressenza.com\/wp-content\/uploads\/2017\/01\/IPES-Elkartea-Navarra-Aula-de-Internacional-y-de-DDHH.jpg\",\"width\":1024,\"height\":565},{\"@type\":\"BreadcrumbList\",\"@id\":\"https:\/\/www.pressenza.com\/es\/2017\/01\/la-tierra-pocas-manos\/#breadcrumb\",\"itemListElement\":[{\"@type\":\"ListItem\",\"position\":1,\"name\":\"Accueil\",\"item\":\"https:\/\/www.pressenza.com\/es\/\"},{\"@type\":\"ListItem\",\"position\":2,\"name\":\"La tierra en muy pocas manos\"}]},{\"@type\":\"WebSite\",\"@id\":\"https:\/\/www.pressenza.com\/es\/#website\",\"url\":\"https:\/\/www.pressenza.com\/es\/\",\"name\":\"Pressenza\",\"description\":\"International Press Agency\",\"publisher\":{\"@id\":\"https:\/\/www.pressenza.com\/es\/#organization\"},\"potentialAction\":[{\"@type\":\"SearchAction\",\"target\":{\"@type\":\"EntryPoint\",\"urlTemplate\":\"https:\/\/www.pressenza.com\/es\/?s={search_term_string}\"},\"query-input\":{\"@type\":\"PropertyValueSpecification\",\"valueRequired\":true,\"valueName\":\"search_term_string\"}}],\"inLanguage\":\"es\"},{\"@type\":\"Organization\",\"@id\":\"https:\/\/www.pressenza.com\/es\/#organization\",\"name\":\"Pressenza\",\"url\":\"https:\/\/www.pressenza.com\/es\/\",\"logo\":{\"@type\":\"ImageObject\",\"inLanguage\":\"es\",\"@id\":\"https:\/\/www.pressenza.com\/es\/#\/schema\/logo\/image\/\",\"url\":\"https:\/\/www.pressenza.com\/wp-content\/uploads\/2022\/10\/pressenza_logo_200x200.jpg\",\"contentUrl\":\"https:\/\/www.pressenza.com\/wp-content\/uploads\/2022\/10\/pressenza_logo_200x200.jpg\",\"width\":200,\"height\":200,\"caption\":\"Pressenza\"},\"image\":{\"@id\":\"https:\/\/www.pressenza.com\/es\/#\/schema\/logo\/image\/\"},\"sameAs\":[\"https:\/\/www.facebook.com\/PressenzaItalia\",\"https:\/\/x.com\/PressenzaIPA\"]},{\"@type\":\"Person\",\"@id\":\"https:\/\/www.pressenza.com\/es\/#\/schema\/person\/0e60cd529ef3ecd836a42735fa83478b\",\"name\":\"Dar\u00edo Aranda\",\"description\":\"Dar\u00edo Aranda (argentino, 1977) es periodista. Especializado en extractivismo (petr\u00f3leo, miner\u00eda, agronegocios y forestales), escribe sobre el acontecer de los pueblos ind\u00edgenas, organizaciones campesinas y asambleas socioambientales. www.darioaranda.com.ar\",\"url\":\"https:\/\/www.pressenza.com\/es\/author\/dario-aranda\/\"}]}<\/script>\n<!-- \/ Yoast SEO plugin. -->","yoast_head_json":{"title":"La tierra en muy pocas manos","description":"El 1 por ciento de las estancias m\u00e1s grandes de Am\u00e9rica Latina acapara la mitad de la tierra agr\u00edcola y el 80 por ciento de las fincas cuentan con solo el","robots":{"index":"index","follow":"follow","max-snippet":"max-snippet:-1","max-image-preview":"max-image-preview:large","max-video-preview":"max-video-preview:-1"},"canonical":"https:\/\/www.pressenza.com\/es\/2017\/01\/la-tierra-pocas-manos\/","og_locale":"es_ES","og_type":"article","og_title":"La tierra en muy pocas manos","og_description":"El 1 por ciento de las estancias m\u00e1s grandes de Am\u00e9rica Latina acapara la mitad de la tierra agr\u00edcola y el 80 por ciento de las fincas cuentan con solo el","og_url":"https:\/\/www.pressenza.com\/es\/2017\/01\/la-tierra-pocas-manos\/","og_site_name":"Pressenza","article_publisher":"https:\/\/www.facebook.com\/PressenzaItalia","article_published_time":"2017-01-16T11:32:03+00:00","article_modified_time":"2017-01-16T12:48:38+00:00","og_image":[{"width":1024,"height":565,"url":"https:\/\/www.pressenza.com\/wp-content\/uploads\/2017\/01\/IPES-Elkartea-Navarra-Aula-de-Internacional-y-de-DDHH.jpg","type":"image\/jpeg"}],"author":"Dar\u00edo Aranda","twitter_card":"summary_large_image","twitter_creator":"@PressenzaIPA","twitter_site":"@PressenzaIPA","twitter_misc":{"Escrito por":"Dar\u00edo Aranda","Tiempo de lectura":"5 minutos"},"schema":{"@context":"https:\/\/schema.org","@graph":[{"@type":"Article","@id":"https:\/\/www.pressenza.com\/es\/2017\/01\/la-tierra-pocas-manos\/#article","isPartOf":{"@id":"https:\/\/www.pressenza.com\/es\/2017\/01\/la-tierra-pocas-manos\/"},"author":{"name":"Dar\u00edo Aranda","@id":"https:\/\/www.pressenza.com\/es\/#\/schema\/person\/0e60cd529ef3ecd836a42735fa83478b"},"headline":"La tierra en muy pocas manos","datePublished":"2017-01-16T11:32:03+00:00","dateModified":"2017-01-16T12:48:38+00:00","mainEntityOfPage":{"@id":"https:\/\/www.pressenza.com\/es\/2017\/01\/la-tierra-pocas-manos\/"},"wordCount":1076,"publisher":{"@id":"https:\/\/www.pressenza.com\/es\/#organization"},"image":{"@id":"https:\/\/www.pressenza.com\/es\/2017\/01\/la-tierra-pocas-manos\/#primaryimage"},"thumbnailUrl":"https:\/\/www.pressenza.com\/wp-content\/uploads\/2017\/01\/IPES-Elkartea-Navarra-Aula-de-Internacional-y-de-DDHH.jpg","keywords":["afrodescendientes","agroneg\u00f3cio","agrotoxicos","campesinos","extractivismo","indigenas","industrias extractivas","megaminer\u00eda","Oxfam","Oxfam","petr\u00f3leo","Pueblos Originarios","territorios"],"articleSection":["Contenido Original","Pol\u00edtica","Pueblos Originarios","Sudam\u00e9rica"],"inLanguage":"es"},{"@type":"WebPage","@id":"https:\/\/www.pressenza.com\/es\/2017\/01\/la-tierra-pocas-manos\/","url":"https:\/\/www.pressenza.com\/es\/2017\/01\/la-tierra-pocas-manos\/","name":"La tierra en muy pocas manos","isPartOf":{"@id":"https:\/\/www.pressenza.com\/es\/#website"},"primaryImageOfPage":{"@id":"https:\/\/www.pressenza.com\/es\/2017\/01\/la-tierra-pocas-manos\/#primaryimage"},"image":{"@id":"https:\/\/www.pressenza.com\/es\/2017\/01\/la-tierra-pocas-manos\/#primaryimage"},"thumbnailUrl":"https:\/\/www.pressenza.com\/wp-content\/uploads\/2017\/01\/IPES-Elkartea-Navarra-Aula-de-Internacional-y-de-DDHH.jpg","datePublished":"2017-01-16T11:32:03+00:00","dateModified":"2017-01-16T12:48:38+00:00","description":"El 1 por ciento de las estancias m\u00e1s grandes de Am\u00e9rica Latina acapara la mitad de la tierra agr\u00edcola y el 80 por ciento de las fincas cuentan con solo el","breadcrumb":{"@id":"https:\/\/www.pressenza.com\/es\/2017\/01\/la-tierra-pocas-manos\/#breadcrumb"},"inLanguage":"es","potentialAction":[{"@type":"ReadAction","target":["https:\/\/www.pressenza.com\/es\/2017\/01\/la-tierra-pocas-manos\/"]}]},{"@type":"ImageObject","inLanguage":"es","@id":"https:\/\/www.pressenza.com\/es\/2017\/01\/la-tierra-pocas-manos\/#primaryimage","url":"https:\/\/www.pressenza.com\/wp-content\/uploads\/2017\/01\/IPES-Elkartea-Navarra-Aula-de-Internacional-y-de-DDHH.jpg","contentUrl":"https:\/\/www.pressenza.com\/wp-content\/uploads\/2017\/01\/IPES-Elkartea-Navarra-Aula-de-Internacional-y-de-DDHH.jpg","width":1024,"height":565},{"@type":"BreadcrumbList","@id":"https:\/\/www.pressenza.com\/es\/2017\/01\/la-tierra-pocas-manos\/#breadcrumb","itemListElement":[{"@type":"ListItem","position":1,"name":"Accueil","item":"https:\/\/www.pressenza.com\/es\/"},{"@type":"ListItem","position":2,"name":"La tierra en muy pocas manos"}]},{"@type":"WebSite","@id":"https:\/\/www.pressenza.com\/es\/#website","url":"https:\/\/www.pressenza.com\/es\/","name":"Pressenza","description":"International Press Agency","publisher":{"@id":"https:\/\/www.pressenza.com\/es\/#organization"},"potentialAction":[{"@type":"SearchAction","target":{"@type":"EntryPoint","urlTemplate":"https:\/\/www.pressenza.com\/es\/?s={search_term_string}"},"query-input":{"@type":"PropertyValueSpecification","valueRequired":true,"valueName":"search_term_string"}}],"inLanguage":"es"},{"@type":"Organization","@id":"https:\/\/www.pressenza.com\/es\/#organization","name":"Pressenza","url":"https:\/\/www.pressenza.com\/es\/","logo":{"@type":"ImageObject","inLanguage":"es","@id":"https:\/\/www.pressenza.com\/es\/#\/schema\/logo\/image\/","url":"https:\/\/www.pressenza.com\/wp-content\/uploads\/2022\/10\/pressenza_logo_200x200.jpg","contentUrl":"https:\/\/www.pressenza.com\/wp-content\/uploads\/2022\/10\/pressenza_logo_200x200.jpg","width":200,"height":200,"caption":"Pressenza"},"image":{"@id":"https:\/\/www.pressenza.com\/es\/#\/schema\/logo\/image\/"},"sameAs":["https:\/\/www.facebook.com\/PressenzaItalia","https:\/\/x.com\/PressenzaIPA"]},{"@type":"Person","@id":"https:\/\/www.pressenza.com\/es\/#\/schema\/person\/0e60cd529ef3ecd836a42735fa83478b","name":"Dar\u00edo Aranda","description":"Dar\u00edo Aranda (argentino, 1977) es periodista. Especializado en extractivismo (petr\u00f3leo, miner\u00eda, agronegocios y forestales), escribe sobre el acontecer de los pueblos ind\u00edgenas, organizaciones campesinas y asambleas socioambientales. www.darioaranda.com.ar","url":"https:\/\/www.pressenza.com\/es\/author\/dario-aranda\/"}]}},"place":"Am\u00e9rica Latina","original_article_url":"","_links":{"self":[{"href":"https:\/\/www.pressenza.com\/es\/wp-json\/wp\/v2\/posts\/419637","targetHints":{"allow":["GET"]}}],"collection":[{"href":"https:\/\/www.pressenza.com\/es\/wp-json\/wp\/v2\/posts"}],"about":[{"href":"https:\/\/www.pressenza.com\/es\/wp-json\/wp\/v2\/types\/post"}],"author":[{"embeddable":true,"href":"https:\/\/www.pressenza.com\/es\/wp-json\/wp\/v2\/users\/1210"}],"replies":[{"embeddable":true,"href":"https:\/\/www.pressenza.com\/es\/wp-json\/wp\/v2\/comments?post=419637"}],"version-history":[{"count":0,"href":"https:\/\/www.pressenza.com\/es\/wp-json\/wp\/v2\/posts\/419637\/revisions"}],"wp:featuredmedia":[{"embeddable":true,"href":"https:\/\/www.pressenza.com\/es\/wp-json\/wp\/v2\/media\/419643"}],"wp:attachment":[{"href":"https:\/\/www.pressenza.com\/es\/wp-json\/wp\/v2\/media?parent=419637"}],"wp:term":[{"taxonomy":"category","embeddable":true,"href":"https:\/\/www.pressenza.com\/es\/wp-json\/wp\/v2\/categories?post=419637"},{"taxonomy":"post_tag","embeddable":true,"href":"https:\/\/www.pressenza.com\/es\/wp-json\/wp\/v2\/tags?post=419637"}],"curies":[{"name":"wp","href":"https:\/\/api.w.org\/{rel}","templated":true}]}}