{"id":418116,"date":"2017-01-12T07:01:57","date_gmt":"2017-01-12T07:01:57","guid":{"rendered":"http:\/\/www.pressenza.com\/es\/?p=418116"},"modified":"2017-01-12T07:01:57","modified_gmt":"2017-01-12T07:01:57","slug":"charles-zongo-salto-la-valla-de-ceuta-en-ano-nuevo","status":"publish","type":"post","link":"https:\/\/www.pressenza.com\/es\/2017\/01\/charles-zongo-salto-la-valla-de-ceuta-en-ano-nuevo\/","title":{"rendered":"Charles Zongo salt\u00f3 la valla de Ceuta en A\u00f1o Nuevo"},"content":{"rendered":"<blockquote>\n<p class=\"subtitle site-color text-39\">\u00abNadie nos pregunt\u00f3 si quer\u00edamos pedir asilo\u00bb<\/p>\n<\/blockquote>\n<p class=\"subtitle site-color text-39\">De los 1.100 j\u00f3venes que trataron de saltar la valla fronteriza el pasado 1 de enero, s\u00f3lo el burkin\u00e9s Charles Zongo y un migrante congole\u00f1o lograron su prop\u00f3sito de quedarse en Espa\u00f1a. Zongo fue tratado de la herida en la cabeza que le infligi\u00f3 una piedra lanzada por los militares marroqu\u00edes. \u00abNadie nos pregunt\u00f3 si quer\u00edamos pedir asilo\u00bb, explica.<\/p>\n<p><a href=\"https:\/\/youtu.be\/3rceJFfWG8Q\">https:\/\/youtu.be\/3rceJFfWG8Q<\/a><\/p>\n<p>Charles Zongo fue uno de los dos migrantes que, entre los m\u00e1s de mil que lo intentaron, logr\u00f3 entrar el Ceuta el d\u00eda de A\u00f1o Nuevo. Zongo tiene 27 a\u00f1os y es nacional de Burkina Faso. Gracias a las heridas que les infligieron las fuerzas de seguridad marroqu\u00edes, Zongo y un compa\u00f1ero congole\u00f1o pudieron permanecer en territorio espa\u00f1ol. El traslado de ambos al Hospital Universitario les evit\u00f3 compartir la suerte que corri\u00f3 el resto de j\u00f3venes africanos que trataron de franquear la valla. El centenar que consigui\u00f3 encaramarse al cercado fue devuelto por la Guardia Civil a Marruecos. \u201cNadie nos pregunt\u00f3 si quer\u00edamos pedir asilo\u201d, explica Zongo.<\/p>\n<p>La odisea comenz\u00f3 casi 24 horas antes del salto. Las fuerzas policiales y militares marroqu\u00edes manten\u00edan fuertemente protegida una zona del monte cercana a un r\u00edo. Desde una distancia considerable a la valla, un millar de migrantes comienza a caminar en direcci\u00f3n a Ceuta hasta que, horas despu\u00e9s, descubren un sendero que deciden explorar. Zongo asegura que los habitantes del bosque, entre los que se cuenta desde hace cuatro a\u00f1os, conocen de los intentos de saltos por el boca a boca.<\/p>\n<p>El camino parec\u00eda expedito cuando, de repente, las fuerzas de seguridad marroqu\u00edes advirtieron su presencia. El migrante burkin\u00e9s asegura que los militares, dispuestos en una elevaci\u00f3n, comenzaron a lanzar piedras contra el grupo. Zongo fue alcanzado en la cabeza por una de ellas. Sangraba abundantemente de una herida de la que no pudo ser tratado hasta dos horas m\u00e1s tarde en territorio espa\u00f1ol.<\/p>\n<p>El grupo que consigui\u00f3 escapar de la presi\u00f3n de los militares consigue acercarse a la valla. Un centenar de j\u00f3venes logra encaramarse a la cerca. Zongo era uno de ellos. Desde lo alto, y sin cesar de sangrar, contempla como los marroqu\u00edes han interceptado a algunos de sus compa\u00f1eros y les golpean.<\/p>\n<p>Sobre el cercado, Zongo observa la presencia de una mujer. Asegura que entre el grupo tambi\u00e9n hab\u00eda menores. Recuerda la presencia de un joven encaramado a la valla que no cesaba de temblar.<\/p>\n<p>El arzobispo de T\u00e1nger, Santiago Agrelo, sugiere en su perfil de Facebook \u00a0que un joven sufri\u00f3 un episodio de epilepsia mientras era obligado a descender de la valla por la Guardia Civil. Zongo no es capaz de determinar si el joven que temblaba pudiera ser el mismo al que el religioso se refiere.<\/p>\n<p>Agrelo denunci\u00f3 tambi\u00e9n que dos j\u00f3venes murieron en el salto. \u201cS\u00e9 que hubo muertos, pero yo no los vi; quiz\u00e1s fueran m\u00e1s\u201d, revela el burkin\u00e9s.<\/p>\n<p>Ya en el suelo, el centenar de migrantes es atendido de sus heridas. Zongo asegura que durante ese tiempo estuvieron esposados. Seg\u00fan el testimonio del joven, la Guardia Civil y los servicios m\u00e9dicos conversaban acerca de la gravedad del estado de cada uno de los reci\u00e9n llegados. Con esta informaci\u00f3n, las autoridades decid\u00edan qui\u00e9n era trasladado al hospital y qui\u00e9n devuelto a Marruecos. S\u00f3lo Zongo y otro joven merecieron esta atenci\u00f3n.<\/p>\n","protected":false},"excerpt":{"rendered":"<p>\u00abNadie nos pregunt\u00f3 si quer\u00edamos pedir asilo\u00bb De los 1.100 j\u00f3venes que trataron de saltar la valla fronteriza el pasado 1 de enero, s\u00f3lo el burkin\u00e9s Charles Zongo y un migrante congole\u00f1o lograron su prop\u00f3sito de quedarse en Espa\u00f1a. Zongo&hellip;<\/p>\n","protected":false},"author":1278,"featured_media":418117,"comment_status":"closed","ping_status":"closed","sticky":false,"template":"","format":"standard","meta":{"footnotes":""},"categories":[79,155,39],"tags":[15538,1065,15633,23805],"class_list":["post-418116","post","type-post","status-publish","format-standard","has-post-thumbnail","hentry","category-derechos-humanos","category-entrevistas","category-internacional","tag-ceuta","tag-espana","tag-migrantes","tag-valla"],"yoast_head":"<!-- This site is optimized with the Yoast SEO plugin v27.1.1 - https:\/\/yoast.com\/product\/yoast-seo-wordpress\/ -->\n<title>Charles Zongo salt\u00f3 la valla de Ceuta en A\u00f1o Nuevo<\/title>\n<meta name=\"description\" content=\"&quot;Nadie nos pregunt\u00f3 si quer\u00edamos pedir asilo&quot; De los 1.100 j\u00f3venes que trataron de saltar la valla fronteriza el pasado 1 de enero, s\u00f3lo el burkin\u00e9s\" \/>\n<meta name=\"robots\" content=\"index, follow, max-snippet:-1, max-image-preview:large, max-video-preview:-1\" \/>\n<link rel=\"canonical\" href=\"https:\/\/www.pressenza.com\/es\/2017\/01\/charles-zongo-salto-la-valla-de-ceuta-en-ano-nuevo\/\" \/>\n<meta property=\"og:locale\" content=\"es_ES\" \/>\n<meta property=\"og:type\" content=\"article\" \/>\n<meta property=\"og:title\" content=\"Charles Zongo salt\u00f3 la valla de Ceuta en A\u00f1o Nuevo\" \/>\n<meta property=\"og:description\" content=\"&quot;Nadie nos pregunt\u00f3 si quer\u00edamos pedir asilo&quot; De los 1.100 j\u00f3venes que trataron de saltar la valla fronteriza el pasado 1 de enero, s\u00f3lo el burkin\u00e9s\" \/>\n<meta property=\"og:url\" content=\"https:\/\/www.pressenza.com\/es\/2017\/01\/charles-zongo-salto-la-valla-de-ceuta-en-ano-nuevo\/\" \/>\n<meta property=\"og:site_name\" content=\"Pressenza\" \/>\n<meta property=\"article:publisher\" content=\"https:\/\/www.facebook.com\/PressenzaItalia\" \/>\n<meta property=\"article:author\" content=\"https:\/\/www.facebook.com\/ceutaactualidad\/\" \/>\n<meta property=\"article:published_time\" content=\"2017-01-12T07:01:57+00:00\" \/>\n<meta property=\"og:image\" content=\"https:\/\/www.pressenza.com\/wp-content\/uploads\/2017\/01\/Charles-Zongo.png\" \/>\n\t<meta property=\"og:image:width\" content=\"1090\" \/>\n\t<meta property=\"og:image:height\" content=\"691\" \/>\n\t<meta property=\"og:image:type\" content=\"image\/png\" \/>\n<meta name=\"author\" content=\"Ceuta Actualidad\" \/>\n<meta name=\"twitter:card\" content=\"summary_large_image\" \/>\n<meta name=\"twitter:creator\" content=\"@ceutaactualidad\" \/>\n<meta name=\"twitter:site\" content=\"@PressenzaIPA\" \/>\n<meta name=\"twitter:label1\" content=\"Escrito por\" \/>\n\t<meta name=\"twitter:data1\" content=\"Ceuta Actualidad\" \/>\n\t<meta name=\"twitter:label2\" content=\"Tiempo de lectura\" \/>\n\t<meta name=\"twitter:data2\" content=\"3 minutos\" \/>\n<script type=\"application\/ld+json\" class=\"yoast-schema-graph\">{\"@context\":\"https:\/\/schema.org\",\"@graph\":[{\"@type\":\"Article\",\"@id\":\"https:\/\/www.pressenza.com\/es\/2017\/01\/charles-zongo-salto-la-valla-de-ceuta-en-ano-nuevo\/#article\",\"isPartOf\":{\"@id\":\"https:\/\/www.pressenza.com\/es\/2017\/01\/charles-zongo-salto-la-valla-de-ceuta-en-ano-nuevo\/\"},\"author\":{\"name\":\"Ceuta Actualidad\",\"@id\":\"https:\/\/www.pressenza.com\/es\/#\/schema\/person\/6debab0be4d535c1a355c4db2b7cb125\"},\"headline\":\"Charles Zongo salt\u00f3 la valla de Ceuta en A\u00f1o Nuevo\",\"datePublished\":\"2017-01-12T07:01:57+00:00\",\"mainEntityOfPage\":{\"@id\":\"https:\/\/www.pressenza.com\/es\/2017\/01\/charles-zongo-salto-la-valla-de-ceuta-en-ano-nuevo\/\"},\"wordCount\":617,\"publisher\":{\"@id\":\"https:\/\/www.pressenza.com\/es\/#organization\"},\"image\":{\"@id\":\"https:\/\/www.pressenza.com\/es\/2017\/01\/charles-zongo-salto-la-valla-de-ceuta-en-ano-nuevo\/#primaryimage\"},\"thumbnailUrl\":\"https:\/\/www.pressenza.com\/wp-content\/uploads\/2017\/01\/Charles-Zongo.png\",\"keywords\":[\"Ceuta\",\"Espa\u00f1a\",\"migrantes\",\"valla\"],\"articleSection\":[\"Derechos Humanos\",\"Entrevistas\",\"Internacional\"],\"inLanguage\":\"es\"},{\"@type\":\"WebPage\",\"@id\":\"https:\/\/www.pressenza.com\/es\/2017\/01\/charles-zongo-salto-la-valla-de-ceuta-en-ano-nuevo\/\",\"url\":\"https:\/\/www.pressenza.com\/es\/2017\/01\/charles-zongo-salto-la-valla-de-ceuta-en-ano-nuevo\/\",\"name\":\"Charles Zongo salt\u00f3 la valla de Ceuta en A\u00f1o Nuevo\",\"isPartOf\":{\"@id\":\"https:\/\/www.pressenza.com\/es\/#website\"},\"primaryImageOfPage\":{\"@id\":\"https:\/\/www.pressenza.com\/es\/2017\/01\/charles-zongo-salto-la-valla-de-ceuta-en-ano-nuevo\/#primaryimage\"},\"image\":{\"@id\":\"https:\/\/www.pressenza.com\/es\/2017\/01\/charles-zongo-salto-la-valla-de-ceuta-en-ano-nuevo\/#primaryimage\"},\"thumbnailUrl\":\"https:\/\/www.pressenza.com\/wp-content\/uploads\/2017\/01\/Charles-Zongo.png\",\"datePublished\":\"2017-01-12T07:01:57+00:00\",\"description\":\"\\\"Nadie nos pregunt\u00f3 si quer\u00edamos pedir asilo\\\" De los 1.100 j\u00f3venes que trataron de saltar la valla fronteriza el pasado 1 de enero, s\u00f3lo el burkin\u00e9s\",\"breadcrumb\":{\"@id\":\"https:\/\/www.pressenza.com\/es\/2017\/01\/charles-zongo-salto-la-valla-de-ceuta-en-ano-nuevo\/#breadcrumb\"},\"inLanguage\":\"es\",\"potentialAction\":[{\"@type\":\"ReadAction\",\"target\":[\"https:\/\/www.pressenza.com\/es\/2017\/01\/charles-zongo-salto-la-valla-de-ceuta-en-ano-nuevo\/\"]}]},{\"@type\":\"ImageObject\",\"inLanguage\":\"es\",\"@id\":\"https:\/\/www.pressenza.com\/es\/2017\/01\/charles-zongo-salto-la-valla-de-ceuta-en-ano-nuevo\/#primaryimage\",\"url\":\"https:\/\/www.pressenza.com\/wp-content\/uploads\/2017\/01\/Charles-Zongo.png\",\"contentUrl\":\"https:\/\/www.pressenza.com\/wp-content\/uploads\/2017\/01\/Charles-Zongo.png\",\"width\":1090,\"height\":691},{\"@type\":\"BreadcrumbList\",\"@id\":\"https:\/\/www.pressenza.com\/es\/2017\/01\/charles-zongo-salto-la-valla-de-ceuta-en-ano-nuevo\/#breadcrumb\",\"itemListElement\":[{\"@type\":\"ListItem\",\"position\":1,\"name\":\"Accueil\",\"item\":\"https:\/\/www.pressenza.com\/es\/\"},{\"@type\":\"ListItem\",\"position\":2,\"name\":\"Charles Zongo salt\u00f3 la valla de Ceuta en A\u00f1o Nuevo\"}]},{\"@type\":\"WebSite\",\"@id\":\"https:\/\/www.pressenza.com\/es\/#website\",\"url\":\"https:\/\/www.pressenza.com\/es\/\",\"name\":\"Pressenza\",\"description\":\"International Press Agency\",\"publisher\":{\"@id\":\"https:\/\/www.pressenza.com\/es\/#organization\"},\"potentialAction\":[{\"@type\":\"SearchAction\",\"target\":{\"@type\":\"EntryPoint\",\"urlTemplate\":\"https:\/\/www.pressenza.com\/es\/?s={search_term_string}\"},\"query-input\":{\"@type\":\"PropertyValueSpecification\",\"valueRequired\":true,\"valueName\":\"search_term_string\"}}],\"inLanguage\":\"es\"},{\"@type\":\"Organization\",\"@id\":\"https:\/\/www.pressenza.com\/es\/#organization\",\"name\":\"Pressenza\",\"url\":\"https:\/\/www.pressenza.com\/es\/\",\"logo\":{\"@type\":\"ImageObject\",\"inLanguage\":\"es\",\"@id\":\"https:\/\/www.pressenza.com\/es\/#\/schema\/logo\/image\/\",\"url\":\"https:\/\/www.pressenza.com\/wp-content\/uploads\/2022\/10\/pressenza_logo_200x200.jpg\",\"contentUrl\":\"https:\/\/www.pressenza.com\/wp-content\/uploads\/2022\/10\/pressenza_logo_200x200.jpg\",\"width\":200,\"height\":200,\"caption\":\"Pressenza\"},\"image\":{\"@id\":\"https:\/\/www.pressenza.com\/es\/#\/schema\/logo\/image\/\"},\"sameAs\":[\"https:\/\/www.facebook.com\/PressenzaItalia\",\"https:\/\/x.com\/PressenzaIPA\"]},{\"@type\":\"Person\",\"@id\":\"https:\/\/www.pressenza.com\/es\/#\/schema\/person\/6debab0be4d535c1a355c4db2b7cb125\",\"name\":\"Ceuta Actualidad\",\"sameAs\":[\"https:\/\/www.facebook.com\/ceutaactualidad\/\",\"https:\/\/x.com\/ceutaactualidad\"],\"url\":\"https:\/\/www.pressenza.com\/es\/author\/ceuta-actualidad\/\"}]}<\/script>\n<!-- \/ Yoast SEO plugin. -->","yoast_head_json":{"title":"Charles Zongo salt\u00f3 la valla de Ceuta en A\u00f1o Nuevo","description":"\"Nadie nos pregunt\u00f3 si quer\u00edamos pedir asilo\" De los 1.100 j\u00f3venes que trataron de saltar la valla fronteriza el pasado 1 de enero, s\u00f3lo el burkin\u00e9s","robots":{"index":"index","follow":"follow","max-snippet":"max-snippet:-1","max-image-preview":"max-image-preview:large","max-video-preview":"max-video-preview:-1"},"canonical":"https:\/\/www.pressenza.com\/es\/2017\/01\/charles-zongo-salto-la-valla-de-ceuta-en-ano-nuevo\/","og_locale":"es_ES","og_type":"article","og_title":"Charles Zongo salt\u00f3 la valla de Ceuta en A\u00f1o Nuevo","og_description":"\"Nadie nos pregunt\u00f3 si quer\u00edamos pedir asilo\" De los 1.100 j\u00f3venes que trataron de saltar la valla fronteriza el pasado 1 de enero, s\u00f3lo el burkin\u00e9s","og_url":"https:\/\/www.pressenza.com\/es\/2017\/01\/charles-zongo-salto-la-valla-de-ceuta-en-ano-nuevo\/","og_site_name":"Pressenza","article_publisher":"https:\/\/www.facebook.com\/PressenzaItalia","article_author":"https:\/\/www.facebook.com\/ceutaactualidad\/","article_published_time":"2017-01-12T07:01:57+00:00","og_image":[{"width":1090,"height":691,"url":"https:\/\/www.pressenza.com\/wp-content\/uploads\/2017\/01\/Charles-Zongo.png","type":"image\/png"}],"author":"Ceuta Actualidad","twitter_card":"summary_large_image","twitter_creator":"@ceutaactualidad","twitter_site":"@PressenzaIPA","twitter_misc":{"Escrito por":"Ceuta Actualidad","Tiempo de lectura":"3 minutos"},"schema":{"@context":"https:\/\/schema.org","@graph":[{"@type":"Article","@id":"https:\/\/www.pressenza.com\/es\/2017\/01\/charles-zongo-salto-la-valla-de-ceuta-en-ano-nuevo\/#article","isPartOf":{"@id":"https:\/\/www.pressenza.com\/es\/2017\/01\/charles-zongo-salto-la-valla-de-ceuta-en-ano-nuevo\/"},"author":{"name":"Ceuta Actualidad","@id":"https:\/\/www.pressenza.com\/es\/#\/schema\/person\/6debab0be4d535c1a355c4db2b7cb125"},"headline":"Charles Zongo salt\u00f3 la valla de Ceuta en A\u00f1o Nuevo","datePublished":"2017-01-12T07:01:57+00:00","mainEntityOfPage":{"@id":"https:\/\/www.pressenza.com\/es\/2017\/01\/charles-zongo-salto-la-valla-de-ceuta-en-ano-nuevo\/"},"wordCount":617,"publisher":{"@id":"https:\/\/www.pressenza.com\/es\/#organization"},"image":{"@id":"https:\/\/www.pressenza.com\/es\/2017\/01\/charles-zongo-salto-la-valla-de-ceuta-en-ano-nuevo\/#primaryimage"},"thumbnailUrl":"https:\/\/www.pressenza.com\/wp-content\/uploads\/2017\/01\/Charles-Zongo.png","keywords":["Ceuta","Espa\u00f1a","migrantes","valla"],"articleSection":["Derechos Humanos","Entrevistas","Internacional"],"inLanguage":"es"},{"@type":"WebPage","@id":"https:\/\/www.pressenza.com\/es\/2017\/01\/charles-zongo-salto-la-valla-de-ceuta-en-ano-nuevo\/","url":"https:\/\/www.pressenza.com\/es\/2017\/01\/charles-zongo-salto-la-valla-de-ceuta-en-ano-nuevo\/","name":"Charles Zongo salt\u00f3 la valla de Ceuta en A\u00f1o Nuevo","isPartOf":{"@id":"https:\/\/www.pressenza.com\/es\/#website"},"primaryImageOfPage":{"@id":"https:\/\/www.pressenza.com\/es\/2017\/01\/charles-zongo-salto-la-valla-de-ceuta-en-ano-nuevo\/#primaryimage"},"image":{"@id":"https:\/\/www.pressenza.com\/es\/2017\/01\/charles-zongo-salto-la-valla-de-ceuta-en-ano-nuevo\/#primaryimage"},"thumbnailUrl":"https:\/\/www.pressenza.com\/wp-content\/uploads\/2017\/01\/Charles-Zongo.png","datePublished":"2017-01-12T07:01:57+00:00","description":"\"Nadie nos pregunt\u00f3 si quer\u00edamos pedir asilo\" De los 1.100 j\u00f3venes que trataron de saltar la valla fronteriza el pasado 1 de enero, s\u00f3lo el burkin\u00e9s","breadcrumb":{"@id":"https:\/\/www.pressenza.com\/es\/2017\/01\/charles-zongo-salto-la-valla-de-ceuta-en-ano-nuevo\/#breadcrumb"},"inLanguage":"es","potentialAction":[{"@type":"ReadAction","target":["https:\/\/www.pressenza.com\/es\/2017\/01\/charles-zongo-salto-la-valla-de-ceuta-en-ano-nuevo\/"]}]},{"@type":"ImageObject","inLanguage":"es","@id":"https:\/\/www.pressenza.com\/es\/2017\/01\/charles-zongo-salto-la-valla-de-ceuta-en-ano-nuevo\/#primaryimage","url":"https:\/\/www.pressenza.com\/wp-content\/uploads\/2017\/01\/Charles-Zongo.png","contentUrl":"https:\/\/www.pressenza.com\/wp-content\/uploads\/2017\/01\/Charles-Zongo.png","width":1090,"height":691},{"@type":"BreadcrumbList","@id":"https:\/\/www.pressenza.com\/es\/2017\/01\/charles-zongo-salto-la-valla-de-ceuta-en-ano-nuevo\/#breadcrumb","itemListElement":[{"@type":"ListItem","position":1,"name":"Accueil","item":"https:\/\/www.pressenza.com\/es\/"},{"@type":"ListItem","position":2,"name":"Charles Zongo salt\u00f3 la valla de Ceuta en A\u00f1o Nuevo"}]},{"@type":"WebSite","@id":"https:\/\/www.pressenza.com\/es\/#website","url":"https:\/\/www.pressenza.com\/es\/","name":"Pressenza","description":"International Press Agency","publisher":{"@id":"https:\/\/www.pressenza.com\/es\/#organization"},"potentialAction":[{"@type":"SearchAction","target":{"@type":"EntryPoint","urlTemplate":"https:\/\/www.pressenza.com\/es\/?s={search_term_string}"},"query-input":{"@type":"PropertyValueSpecification","valueRequired":true,"valueName":"search_term_string"}}],"inLanguage":"es"},{"@type":"Organization","@id":"https:\/\/www.pressenza.com\/es\/#organization","name":"Pressenza","url":"https:\/\/www.pressenza.com\/es\/","logo":{"@type":"ImageObject","inLanguage":"es","@id":"https:\/\/www.pressenza.com\/es\/#\/schema\/logo\/image\/","url":"https:\/\/www.pressenza.com\/wp-content\/uploads\/2022\/10\/pressenza_logo_200x200.jpg","contentUrl":"https:\/\/www.pressenza.com\/wp-content\/uploads\/2022\/10\/pressenza_logo_200x200.jpg","width":200,"height":200,"caption":"Pressenza"},"image":{"@id":"https:\/\/www.pressenza.com\/es\/#\/schema\/logo\/image\/"},"sameAs":["https:\/\/www.facebook.com\/PressenzaItalia","https:\/\/x.com\/PressenzaIPA"]},{"@type":"Person","@id":"https:\/\/www.pressenza.com\/es\/#\/schema\/person\/6debab0be4d535c1a355c4db2b7cb125","name":"Ceuta Actualidad","sameAs":["https:\/\/www.facebook.com\/ceutaactualidad\/","https:\/\/x.com\/ceutaactualidad"],"url":"https:\/\/www.pressenza.com\/es\/author\/ceuta-actualidad\/"}]}},"place":"Ceuta (Espa\u00f1a)","original_article_url":"","_links":{"self":[{"href":"https:\/\/www.pressenza.com\/es\/wp-json\/wp\/v2\/posts\/418116","targetHints":{"allow":["GET"]}}],"collection":[{"href":"https:\/\/www.pressenza.com\/es\/wp-json\/wp\/v2\/posts"}],"about":[{"href":"https:\/\/www.pressenza.com\/es\/wp-json\/wp\/v2\/types\/post"}],"author":[{"embeddable":true,"href":"https:\/\/www.pressenza.com\/es\/wp-json\/wp\/v2\/users\/1278"}],"replies":[{"embeddable":true,"href":"https:\/\/www.pressenza.com\/es\/wp-json\/wp\/v2\/comments?post=418116"}],"version-history":[{"count":0,"href":"https:\/\/www.pressenza.com\/es\/wp-json\/wp\/v2\/posts\/418116\/revisions"}],"wp:featuredmedia":[{"embeddable":true,"href":"https:\/\/www.pressenza.com\/es\/wp-json\/wp\/v2\/media\/418117"}],"wp:attachment":[{"href":"https:\/\/www.pressenza.com\/es\/wp-json\/wp\/v2\/media?parent=418116"}],"wp:term":[{"taxonomy":"category","embeddable":true,"href":"https:\/\/www.pressenza.com\/es\/wp-json\/wp\/v2\/categories?post=418116"},{"taxonomy":"post_tag","embeddable":true,"href":"https:\/\/www.pressenza.com\/es\/wp-json\/wp\/v2\/tags?post=418116"}],"curies":[{"name":"wp","href":"https:\/\/api.w.org\/{rel}","templated":true}]}}