{"id":417897,"date":"2017-01-11T21:05:43","date_gmt":"2017-01-11T21:05:43","guid":{"rendered":"http:\/\/www.pressenza.com\/es\/?p=417897"},"modified":"2017-01-11T21:05:43","modified_gmt":"2017-01-11T21:05:43","slug":"amnistia-internacional-repudia-represion-comunidad-mapuche","status":"publish","type":"post","link":"https:\/\/www.pressenza.com\/es\/2017\/01\/amnistia-internacional-repudia-represion-comunidad-mapuche\/","title":{"rendered":"Amnist\u00eda Internacional repudia represi\u00f3n a comunidad mapuche"},"content":{"rendered":"<h4>Golpes a hombres, mujeres y ni\u00f1os: Amnist\u00eda Internacional repudia la represi\u00f3n a la comunidad mapuche en Chubut<\/h4>\n<p>Amnist\u00eda Internacional repudia la <strong>represi\u00f3n contra el pueblo mapuche<\/strong> por parte de Gendarmer\u00eda y de la polic\u00eda de Chubut en el marco del reclamo de los pobladores de tierras ancestrales que actualmente est\u00e1n en disputa con el grupo empresarial Benetton.<\/p>\n<p>La <a href=\"http:\/\/www.territorioindigena.com.ar\/Casos?id_conflicto=224&amp;utm_source=Prensa&amp;utm_campaign=df0991501f-EMAIL_CAMPAIGN_2017_01_11&amp;utm_medium=email&amp;utm_term=0_a60e315cac-df0991501f-\" target=\"_blank\">comunidad mapuche de Cushamen<\/a>, un departamento de la provincia de Chubut, en marzo de 2015 decidi\u00f3 volver y recuperar su territorio ancestral en donde hoy est\u00e1 la estancia Leleque de la compa\u00f1\u00eda multinacional Benetton, que tiene cerca de un mill\u00f3n de hect\u00e1reas en la Patagonia Argentina.<\/p>\n<p>Pese a que una orden judicial, dictada por el juez federal Guido Otranto, orden\u00f3 liberar el corte del tren tur\u00edstico La Trochita, lo cierto es que el 10 de enero en un contexto de <strong>creciente criminalizaci\u00f3n<\/strong> de la protesta y particularmente de estigmatizaci\u00f3n del pueblo mapuche, alrededor de 200 gendarmes realizaron un operativo cerrojo, clausurando todos los accesos a las tierras en las que permanece establecida la comunidad Cushamen.<\/p>\n<div id=\"attachment_417969\" class=\"wp-caption alignnone\"><img loading=\"lazy\" decoding=\"async\" aria-describedby=\"caption-attachment-417969\" class=\"size-large wp-image-417969\" src=\"http:\/\/www.pressenza.com\/wp-content\/uploads\/2017\/01\/Leandro-Antiman2-1-720x509.jpg\" alt=\"Foto de Leandro Antiman\" width=\"720\" height=\"509\" srcset=\"https:\/\/www.pressenza.com\/wp-content\/uploads\/2017\/01\/Leandro-Antiman2-1-720x509.jpg 720w, https:\/\/www.pressenza.com\/wp-content\/uploads\/2017\/01\/Leandro-Antiman2-1-300x212.jpg 300w, https:\/\/www.pressenza.com\/wp-content\/uploads\/2017\/01\/Leandro-Antiman2-1-768x543.jpg 768w, https:\/\/www.pressenza.com\/wp-content\/uploads\/2017\/01\/Leandro-Antiman2-1.jpg 900w\" sizes=\"auto, (max-width: 720px) 100vw, 720px\" \/><p id=\"caption-attachment-417969\" class=\"wp-caption-text\">Foto de Leandro Antiman<\/p><\/div>\n<p>\u201cLa orden emitida no encuentra correlato con los hechos de la realidad. Amnist\u00eda Internacional condena la falta de un eficaz control judicial sobre los alcances y exabruptos que fueron cometidos en territorio. La opacidad, falta de transparencia y rendici\u00f3n de cuentas no pueden ser los principios que atraviesan los operativos policiales\u201d, indic\u00f3 <strong>Mariela Belski<\/strong>, directora ejecutiva de Amnist\u00eda Internacional Argentina.<\/p>\n<p>La polic\u00eda de Chubut, a caballo, por su parte, actu\u00f3 bajo la orden del juez provincial Jos\u00e9 Colabelli quien maneja una denuncia de <strong>Benetton<\/strong> por presunto robo de animales.<\/p>\n<div id=\"attachment_417962\" class=\"wp-caption alignnone\"><img loading=\"lazy\" decoding=\"async\" aria-describedby=\"caption-attachment-417962\" class=\"size-large wp-image-417962\" src=\"http:\/\/www.pressenza.com\/wp-content\/uploads\/2017\/01\/Leandro-Antiman3-1-720x509.jpg\" alt=\"Foto de Leandro Antiman\" width=\"720\" height=\"509\" srcset=\"https:\/\/www.pressenza.com\/wp-content\/uploads\/2017\/01\/Leandro-Antiman3-1-720x509.jpg 720w, https:\/\/www.pressenza.com\/wp-content\/uploads\/2017\/01\/Leandro-Antiman3-1-300x212.jpg 300w, https:\/\/www.pressenza.com\/wp-content\/uploads\/2017\/01\/Leandro-Antiman3-1-768x543.jpg 768w, https:\/\/www.pressenza.com\/wp-content\/uploads\/2017\/01\/Leandro-Antiman3-1.jpg 900w\" sizes=\"auto, (max-width: 720px) 100vw, 720px\" \/><p id=\"caption-attachment-417962\" class=\"wp-caption-text\">Foto de Leandro Antiman<\/p><\/div>\n<p>La comunidad relat\u00f3 los hechos de violencia y represi\u00f3n que padeci\u00f3: <strong>golpes, palazos, tirones de pelos contra mujeres, y corridas a los ni\u00f1os y las ni\u00f1as de la comunidad<\/strong>. Este tipo de accionar resulta inadmisible. El Estado debe rendir cuentas por el maltrato y abuso de la fuerza dirigido a mujeres y ni\u00f1os. Adem\u00e1s se concretaron detenciones contra miembros de la comunidad y aliados.<\/p>\n<p>El a\u00f1o pasado, <a href=\"http:\/\/amnistia.us13.list-manage.com\/track\/click?u=941c154d68b65eec5662f4dbe&amp;id=b53a7f2a62&amp;e=0f5cf018ab\" target=\"_blank\">Amnist\u00eda Internacional y diferentes organizaciones <\/a>denunciaron el creciente contexto de estigmatizaci\u00f3n y persecuci\u00f3n contra el pueblo mapuche: autoridades nacionales han definido a trav\u00e9s de informes a las comunidades como \u201camenazas a la seguridad social\u201d.<\/p>\n<div id=\"attachment_417955\" class=\"wp-caption alignnone\"><img loading=\"lazy\" decoding=\"async\" aria-describedby=\"caption-attachment-417955\" class=\"size-large wp-image-417955\" src=\"http:\/\/www.pressenza.com\/wp-content\/uploads\/2017\/01\/Leandro-Antiman4-1-720x509.jpg\" alt=\"Foto de Leandro Antiman\" width=\"720\" height=\"509\" srcset=\"https:\/\/www.pressenza.com\/wp-content\/uploads\/2017\/01\/Leandro-Antiman4-1-720x509.jpg 720w, https:\/\/www.pressenza.com\/wp-content\/uploads\/2017\/01\/Leandro-Antiman4-1-300x212.jpg 300w, https:\/\/www.pressenza.com\/wp-content\/uploads\/2017\/01\/Leandro-Antiman4-1-768x543.jpg 768w, https:\/\/www.pressenza.com\/wp-content\/uploads\/2017\/01\/Leandro-Antiman4-1.jpg 900w\" sizes=\"auto, (max-width: 720px) 100vw, 720px\" \/><p id=\"caption-attachment-417955\" class=\"wp-caption-text\">Foto de Leandro Antiman<\/p><\/div>\n<p>Amnist\u00eda Internacional manifiesta m\u00e1xima preocupaci\u00f3n ante la magnitud de los hechos y los preocupantes antecedentes en relaci\u00f3n a los <strong>ataques contra la comunidad mapuche<\/strong>. Adem\u00e1s llama al Estado nacional y provincial a investigar a los responsables y prevenir futuros actos de represi\u00f3n.<\/p>\n<p><img loading=\"lazy\" decoding=\"async\" class=\"alignnone size-large wp-image-417674\" src=\"http:\/\/www.pressenza.com\/wp-content\/uploads\/2017\/01\/Leandro-Antiman-720x509.jpg\" alt=\"leandro-antiman\" width=\"720\" height=\"509\" srcset=\"https:\/\/www.pressenza.com\/wp-content\/uploads\/2017\/01\/Leandro-Antiman-720x509.jpg 720w, https:\/\/www.pressenza.com\/wp-content\/uploads\/2017\/01\/Leandro-Antiman-300x212.jpg 300w, https:\/\/www.pressenza.com\/wp-content\/uploads\/2017\/01\/Leandro-Antiman-768x543.jpg 768w, https:\/\/www.pressenza.com\/wp-content\/uploads\/2017\/01\/Leandro-Antiman.jpg 900w\" sizes=\"auto, (max-width: 720px) 100vw, 720px\" \/><\/p>\n<div id=\"attachment_417948\" class=\"wp-caption alignnone\"><img loading=\"lazy\" decoding=\"async\" aria-describedby=\"caption-attachment-417948\" class=\"size-large wp-image-417948\" src=\"http:\/\/www.pressenza.com\/wp-content\/uploads\/2017\/01\/Leandro-Antiman6-1-720x509.jpg\" alt=\"Foto de Leandro Antiman\" width=\"720\" height=\"509\" srcset=\"https:\/\/www.pressenza.com\/wp-content\/uploads\/2017\/01\/Leandro-Antiman6-1-720x509.jpg 720w, https:\/\/www.pressenza.com\/wp-content\/uploads\/2017\/01\/Leandro-Antiman6-1-300x212.jpg 300w, https:\/\/www.pressenza.com\/wp-content\/uploads\/2017\/01\/Leandro-Antiman6-1-768x543.jpg 768w, https:\/\/www.pressenza.com\/wp-content\/uploads\/2017\/01\/Leandro-Antiman6-1.jpg 900w\" sizes=\"auto, (max-width: 720px) 100vw, 720px\" \/><p id=\"caption-attachment-417948\" class=\"wp-caption-text\">Foto de Leandro Antiman<\/p><\/div>\n<div id=\"attachment_417941\" class=\"wp-caption alignnone\"><img loading=\"lazy\" decoding=\"async\" aria-describedby=\"caption-attachment-417941\" class=\"size-large wp-image-417941\" src=\"http:\/\/www.pressenza.com\/wp-content\/uploads\/2017\/01\/Leandro-Antiman7-1-720x509.jpg\" alt=\"Foto de Leandro Antiman\" width=\"720\" height=\"509\" srcset=\"https:\/\/www.pressenza.com\/wp-content\/uploads\/2017\/01\/Leandro-Antiman7-1-720x509.jpg 720w, https:\/\/www.pressenza.com\/wp-content\/uploads\/2017\/01\/Leandro-Antiman7-1-300x212.jpg 300w, https:\/\/www.pressenza.com\/wp-content\/uploads\/2017\/01\/Leandro-Antiman7-1-768x543.jpg 768w, https:\/\/www.pressenza.com\/wp-content\/uploads\/2017\/01\/Leandro-Antiman7-1.jpg 900w\" sizes=\"auto, (max-width: 720px) 100vw, 720px\" \/><p id=\"caption-attachment-417941\" class=\"wp-caption-text\">Foto de Leandro Antiman<\/p><\/div>\n","protected":false},"excerpt":{"rendered":"<p>Golpes a hombres, mujeres y ni\u00f1os: Amnist\u00eda Internacional repudia la represi\u00f3n a la comunidad mapuche en Chubut Amnist\u00eda Internacional repudia la represi\u00f3n contra el pueblo mapuche por parte de Gendarmer\u00eda y de la polic\u00eda de Chubut en el marco del&hellip;<\/p>\n","protected":false},"author":1254,"featured_media":417976,"comment_status":"closed","ping_status":"closed","sticky":false,"template":"","format":"standard","meta":{"footnotes":""},"categories":[149,80,67],"tags":[12997,26,34166,13589,5323,34165,936,22210,18507],"class_list":["post-417897","post","type-post","status-publish","format-standard","has-post-thumbnail","hentry","category-comunicados-de-prensa","category-pueblos-originarios","category-sudamerica","tag-amnistia","tag-argentina","tag-benneton","tag-chubut","tag-indigenas","tag-lof-cushamen","tag-mapuche-es","tag-pueblos-originarios","tag-territorios"],"yoast_head":"<!-- This site is optimized with the Yoast SEO plugin v27.1.1 - https:\/\/yoast.com\/product\/yoast-seo-wordpress\/ -->\n<title>Amnist\u00eda Internacional repudia represi\u00f3n a comunidad mapuche<\/title>\n<meta name=\"description\" content=\"Golpes a hombres, mujeres y ni\u00f1os: Amnist\u00eda Internacional repudia la represi\u00f3n a la comunidad mapuche en Chubut Amnist\u00eda Internacional repudia la\" \/>\n<meta name=\"robots\" content=\"index, follow, max-snippet:-1, max-image-preview:large, max-video-preview:-1\" \/>\n<link rel=\"canonical\" href=\"https:\/\/www.pressenza.com\/es\/2017\/01\/amnistia-internacional-repudia-represion-comunidad-mapuche\/\" \/>\n<meta property=\"og:locale\" content=\"es_ES\" \/>\n<meta property=\"og:type\" content=\"article\" \/>\n<meta property=\"og:title\" content=\"Amnist\u00eda Internacional repudia represi\u00f3n a comunidad mapuche\" \/>\n<meta property=\"og:description\" content=\"Golpes a hombres, mujeres y ni\u00f1os: Amnist\u00eda Internacional repudia la represi\u00f3n a la comunidad mapuche en Chubut Amnist\u00eda Internacional repudia la\" \/>\n<meta property=\"og:url\" content=\"https:\/\/www.pressenza.com\/es\/2017\/01\/amnistia-internacional-repudia-represion-comunidad-mapuche\/\" \/>\n<meta property=\"og:site_name\" content=\"Pressenza\" \/>\n<meta property=\"article:publisher\" content=\"https:\/\/www.facebook.com\/PressenzaItalia\" \/>\n<meta property=\"article:author\" content=\"https:\/\/www.facebook.com\/pressenza\" \/>\n<meta property=\"article:published_time\" content=\"2017-01-11T21:05:43+00:00\" \/>\n<meta property=\"og:image\" content=\"https:\/\/www.pressenza.com\/wp-content\/uploads\/2017\/01\/Leandro-Antiman1-1.jpg\" \/>\n\t<meta property=\"og:image:width\" content=\"900\" \/>\n\t<meta property=\"og:image:height\" content=\"636\" \/>\n\t<meta property=\"og:image:type\" content=\"image\/jpeg\" \/>\n<meta name=\"author\" content=\"Redacci\u00f3n Mar del Plata\" \/>\n<meta name=\"twitter:card\" content=\"summary_large_image\" \/>\n<meta name=\"twitter:creator\" content=\"@Pressenza\" \/>\n<meta name=\"twitter:site\" content=\"@PressenzaIPA\" \/>\n<meta name=\"twitter:label1\" content=\"Escrito por\" \/>\n\t<meta name=\"twitter:data1\" content=\"Redacci\u00f3n Mar del Plata\" \/>\n\t<meta name=\"twitter:label2\" content=\"Tiempo de lectura\" \/>\n\t<meta name=\"twitter:data2\" content=\"2 minutos\" \/>\n<script type=\"application\/ld+json\" class=\"yoast-schema-graph\">{\"@context\":\"https:\/\/schema.org\",\"@graph\":[{\"@type\":\"Article\",\"@id\":\"https:\/\/www.pressenza.com\/es\/2017\/01\/amnistia-internacional-repudia-represion-comunidad-mapuche\/#article\",\"isPartOf\":{\"@id\":\"https:\/\/www.pressenza.com\/es\/2017\/01\/amnistia-internacional-repudia-represion-comunidad-mapuche\/\"},\"author\":{\"name\":\"Redacci\u00f3n Mar del Plata\",\"@id\":\"https:\/\/www.pressenza.com\/es\/#\/schema\/person\/738658b5125ecea661a8a0b96dba8b69\"},\"headline\":\"Amnist\u00eda Internacional repudia represi\u00f3n a comunidad mapuche\",\"datePublished\":\"2017-01-11T21:05:43+00:00\",\"mainEntityOfPage\":{\"@id\":\"https:\/\/www.pressenza.com\/es\/2017\/01\/amnistia-internacional-repudia-represion-comunidad-mapuche\/\"},\"wordCount\":500,\"publisher\":{\"@id\":\"https:\/\/www.pressenza.com\/es\/#organization\"},\"image\":{\"@id\":\"https:\/\/www.pressenza.com\/es\/2017\/01\/amnistia-internacional-repudia-represion-comunidad-mapuche\/#primaryimage\"},\"thumbnailUrl\":\"https:\/\/www.pressenza.com\/wp-content\/uploads\/2017\/01\/Leandro-Antiman1-1.jpg\",\"keywords\":[\"amnistia\",\"Argentina\",\"Benneton\",\"Chubut\",\"indigenas\",\"Lof Cushamen\",\"mapuche\",\"Pueblos Originarios\",\"territorios\"],\"articleSection\":[\"Comunicados de Prensa\",\"Pueblos Originarios\",\"Sudam\u00e9rica\"],\"inLanguage\":\"es\"},{\"@type\":\"WebPage\",\"@id\":\"https:\/\/www.pressenza.com\/es\/2017\/01\/amnistia-internacional-repudia-represion-comunidad-mapuche\/\",\"url\":\"https:\/\/www.pressenza.com\/es\/2017\/01\/amnistia-internacional-repudia-represion-comunidad-mapuche\/\",\"name\":\"Amnist\u00eda Internacional repudia represi\u00f3n a comunidad mapuche\",\"isPartOf\":{\"@id\":\"https:\/\/www.pressenza.com\/es\/#website\"},\"primaryImageOfPage\":{\"@id\":\"https:\/\/www.pressenza.com\/es\/2017\/01\/amnistia-internacional-repudia-represion-comunidad-mapuche\/#primaryimage\"},\"image\":{\"@id\":\"https:\/\/www.pressenza.com\/es\/2017\/01\/amnistia-internacional-repudia-represion-comunidad-mapuche\/#primaryimage\"},\"thumbnailUrl\":\"https:\/\/www.pressenza.com\/wp-content\/uploads\/2017\/01\/Leandro-Antiman1-1.jpg\",\"datePublished\":\"2017-01-11T21:05:43+00:00\",\"description\":\"Golpes a hombres, mujeres y ni\u00f1os: Amnist\u00eda Internacional repudia la represi\u00f3n a la comunidad mapuche en Chubut Amnist\u00eda Internacional repudia la\",\"breadcrumb\":{\"@id\":\"https:\/\/www.pressenza.com\/es\/2017\/01\/amnistia-internacional-repudia-represion-comunidad-mapuche\/#breadcrumb\"},\"inLanguage\":\"es\",\"potentialAction\":[{\"@type\":\"ReadAction\",\"target\":[\"https:\/\/www.pressenza.com\/es\/2017\/01\/amnistia-internacional-repudia-represion-comunidad-mapuche\/\"]}]},{\"@type\":\"ImageObject\",\"inLanguage\":\"es\",\"@id\":\"https:\/\/www.pressenza.com\/es\/2017\/01\/amnistia-internacional-repudia-represion-comunidad-mapuche\/#primaryimage\",\"url\":\"https:\/\/www.pressenza.com\/wp-content\/uploads\/2017\/01\/Leandro-Antiman1-1.jpg\",\"contentUrl\":\"https:\/\/www.pressenza.com\/wp-content\/uploads\/2017\/01\/Leandro-Antiman1-1.jpg\",\"width\":900,\"height\":636},{\"@type\":\"BreadcrumbList\",\"@id\":\"https:\/\/www.pressenza.com\/es\/2017\/01\/amnistia-internacional-repudia-represion-comunidad-mapuche\/#breadcrumb\",\"itemListElement\":[{\"@type\":\"ListItem\",\"position\":1,\"name\":\"Accueil\",\"item\":\"https:\/\/www.pressenza.com\/es\/\"},{\"@type\":\"ListItem\",\"position\":2,\"name\":\"Amnist\u00eda Internacional repudia represi\u00f3n a comunidad mapuche\"}]},{\"@type\":\"WebSite\",\"@id\":\"https:\/\/www.pressenza.com\/es\/#website\",\"url\":\"https:\/\/www.pressenza.com\/es\/\",\"name\":\"Pressenza\",\"description\":\"International Press Agency\",\"publisher\":{\"@id\":\"https:\/\/www.pressenza.com\/es\/#organization\"},\"potentialAction\":[{\"@type\":\"SearchAction\",\"target\":{\"@type\":\"EntryPoint\",\"urlTemplate\":\"https:\/\/www.pressenza.com\/es\/?s={search_term_string}\"},\"query-input\":{\"@type\":\"PropertyValueSpecification\",\"valueRequired\":true,\"valueName\":\"search_term_string\"}}],\"inLanguage\":\"es\"},{\"@type\":\"Organization\",\"@id\":\"https:\/\/www.pressenza.com\/es\/#organization\",\"name\":\"Pressenza\",\"url\":\"https:\/\/www.pressenza.com\/es\/\",\"logo\":{\"@type\":\"ImageObject\",\"inLanguage\":\"es\",\"@id\":\"https:\/\/www.pressenza.com\/es\/#\/schema\/logo\/image\/\",\"url\":\"https:\/\/www.pressenza.com\/wp-content\/uploads\/2022\/10\/pressenza_logo_200x200.jpg\",\"contentUrl\":\"https:\/\/www.pressenza.com\/wp-content\/uploads\/2022\/10\/pressenza_logo_200x200.jpg\",\"width\":200,\"height\":200,\"caption\":\"Pressenza\"},\"image\":{\"@id\":\"https:\/\/www.pressenza.com\/es\/#\/schema\/logo\/image\/\"},\"sameAs\":[\"https:\/\/www.facebook.com\/PressenzaItalia\",\"https:\/\/x.com\/PressenzaIPA\"]},{\"@type\":\"Person\",\"@id\":\"https:\/\/www.pressenza.com\/es\/#\/schema\/person\/738658b5125ecea661a8a0b96dba8b69\",\"name\":\"Redacci\u00f3n Mar del Plata\",\"description\":\"News published by the Pressenza bureau in Mar Del Plata, Argentina\",\"sameAs\":[\"https:\/\/www.facebook.com\/pressenza\",\"https:\/\/x.com\/Pressenza\"],\"url\":\"https:\/\/www.pressenza.com\/es\/author\/redaccion-mar-del-plata\/\"}]}<\/script>\n<!-- \/ Yoast SEO plugin. -->","yoast_head_json":{"title":"Amnist\u00eda Internacional repudia represi\u00f3n a comunidad mapuche","description":"Golpes a hombres, mujeres y ni\u00f1os: Amnist\u00eda Internacional repudia la represi\u00f3n a la comunidad mapuche en Chubut Amnist\u00eda Internacional repudia la","robots":{"index":"index","follow":"follow","max-snippet":"max-snippet:-1","max-image-preview":"max-image-preview:large","max-video-preview":"max-video-preview:-1"},"canonical":"https:\/\/www.pressenza.com\/es\/2017\/01\/amnistia-internacional-repudia-represion-comunidad-mapuche\/","og_locale":"es_ES","og_type":"article","og_title":"Amnist\u00eda Internacional repudia represi\u00f3n a comunidad mapuche","og_description":"Golpes a hombres, mujeres y ni\u00f1os: Amnist\u00eda Internacional repudia la represi\u00f3n a la comunidad mapuche en Chubut Amnist\u00eda Internacional repudia la","og_url":"https:\/\/www.pressenza.com\/es\/2017\/01\/amnistia-internacional-repudia-represion-comunidad-mapuche\/","og_site_name":"Pressenza","article_publisher":"https:\/\/www.facebook.com\/PressenzaItalia","article_author":"https:\/\/www.facebook.com\/pressenza","article_published_time":"2017-01-11T21:05:43+00:00","og_image":[{"width":900,"height":636,"url":"https:\/\/www.pressenza.com\/wp-content\/uploads\/2017\/01\/Leandro-Antiman1-1.jpg","type":"image\/jpeg"}],"author":"Redacci\u00f3n Mar del Plata","twitter_card":"summary_large_image","twitter_creator":"@Pressenza","twitter_site":"@PressenzaIPA","twitter_misc":{"Escrito por":"Redacci\u00f3n Mar del Plata","Tiempo de lectura":"2 minutos"},"schema":{"@context":"https:\/\/schema.org","@graph":[{"@type":"Article","@id":"https:\/\/www.pressenza.com\/es\/2017\/01\/amnistia-internacional-repudia-represion-comunidad-mapuche\/#article","isPartOf":{"@id":"https:\/\/www.pressenza.com\/es\/2017\/01\/amnistia-internacional-repudia-represion-comunidad-mapuche\/"},"author":{"name":"Redacci\u00f3n Mar del Plata","@id":"https:\/\/www.pressenza.com\/es\/#\/schema\/person\/738658b5125ecea661a8a0b96dba8b69"},"headline":"Amnist\u00eda Internacional repudia represi\u00f3n a comunidad mapuche","datePublished":"2017-01-11T21:05:43+00:00","mainEntityOfPage":{"@id":"https:\/\/www.pressenza.com\/es\/2017\/01\/amnistia-internacional-repudia-represion-comunidad-mapuche\/"},"wordCount":500,"publisher":{"@id":"https:\/\/www.pressenza.com\/es\/#organization"},"image":{"@id":"https:\/\/www.pressenza.com\/es\/2017\/01\/amnistia-internacional-repudia-represion-comunidad-mapuche\/#primaryimage"},"thumbnailUrl":"https:\/\/www.pressenza.com\/wp-content\/uploads\/2017\/01\/Leandro-Antiman1-1.jpg","keywords":["amnistia","Argentina","Benneton","Chubut","indigenas","Lof Cushamen","mapuche","Pueblos Originarios","territorios"],"articleSection":["Comunicados de Prensa","Pueblos Originarios","Sudam\u00e9rica"],"inLanguage":"es"},{"@type":"WebPage","@id":"https:\/\/www.pressenza.com\/es\/2017\/01\/amnistia-internacional-repudia-represion-comunidad-mapuche\/","url":"https:\/\/www.pressenza.com\/es\/2017\/01\/amnistia-internacional-repudia-represion-comunidad-mapuche\/","name":"Amnist\u00eda Internacional repudia represi\u00f3n a comunidad mapuche","isPartOf":{"@id":"https:\/\/www.pressenza.com\/es\/#website"},"primaryImageOfPage":{"@id":"https:\/\/www.pressenza.com\/es\/2017\/01\/amnistia-internacional-repudia-represion-comunidad-mapuche\/#primaryimage"},"image":{"@id":"https:\/\/www.pressenza.com\/es\/2017\/01\/amnistia-internacional-repudia-represion-comunidad-mapuche\/#primaryimage"},"thumbnailUrl":"https:\/\/www.pressenza.com\/wp-content\/uploads\/2017\/01\/Leandro-Antiman1-1.jpg","datePublished":"2017-01-11T21:05:43+00:00","description":"Golpes a hombres, mujeres y ni\u00f1os: Amnist\u00eda Internacional repudia la represi\u00f3n a la comunidad mapuche en Chubut Amnist\u00eda Internacional repudia la","breadcrumb":{"@id":"https:\/\/www.pressenza.com\/es\/2017\/01\/amnistia-internacional-repudia-represion-comunidad-mapuche\/#breadcrumb"},"inLanguage":"es","potentialAction":[{"@type":"ReadAction","target":["https:\/\/www.pressenza.com\/es\/2017\/01\/amnistia-internacional-repudia-represion-comunidad-mapuche\/"]}]},{"@type":"ImageObject","inLanguage":"es","@id":"https:\/\/www.pressenza.com\/es\/2017\/01\/amnistia-internacional-repudia-represion-comunidad-mapuche\/#primaryimage","url":"https:\/\/www.pressenza.com\/wp-content\/uploads\/2017\/01\/Leandro-Antiman1-1.jpg","contentUrl":"https:\/\/www.pressenza.com\/wp-content\/uploads\/2017\/01\/Leandro-Antiman1-1.jpg","width":900,"height":636},{"@type":"BreadcrumbList","@id":"https:\/\/www.pressenza.com\/es\/2017\/01\/amnistia-internacional-repudia-represion-comunidad-mapuche\/#breadcrumb","itemListElement":[{"@type":"ListItem","position":1,"name":"Accueil","item":"https:\/\/www.pressenza.com\/es\/"},{"@type":"ListItem","position":2,"name":"Amnist\u00eda Internacional repudia represi\u00f3n a comunidad mapuche"}]},{"@type":"WebSite","@id":"https:\/\/www.pressenza.com\/es\/#website","url":"https:\/\/www.pressenza.com\/es\/","name":"Pressenza","description":"International Press Agency","publisher":{"@id":"https:\/\/www.pressenza.com\/es\/#organization"},"potentialAction":[{"@type":"SearchAction","target":{"@type":"EntryPoint","urlTemplate":"https:\/\/www.pressenza.com\/es\/?s={search_term_string}"},"query-input":{"@type":"PropertyValueSpecification","valueRequired":true,"valueName":"search_term_string"}}],"inLanguage":"es"},{"@type":"Organization","@id":"https:\/\/www.pressenza.com\/es\/#organization","name":"Pressenza","url":"https:\/\/www.pressenza.com\/es\/","logo":{"@type":"ImageObject","inLanguage":"es","@id":"https:\/\/www.pressenza.com\/es\/#\/schema\/logo\/image\/","url":"https:\/\/www.pressenza.com\/wp-content\/uploads\/2022\/10\/pressenza_logo_200x200.jpg","contentUrl":"https:\/\/www.pressenza.com\/wp-content\/uploads\/2022\/10\/pressenza_logo_200x200.jpg","width":200,"height":200,"caption":"Pressenza"},"image":{"@id":"https:\/\/www.pressenza.com\/es\/#\/schema\/logo\/image\/"},"sameAs":["https:\/\/www.facebook.com\/PressenzaItalia","https:\/\/x.com\/PressenzaIPA"]},{"@type":"Person","@id":"https:\/\/www.pressenza.com\/es\/#\/schema\/person\/738658b5125ecea661a8a0b96dba8b69","name":"Redacci\u00f3n Mar del Plata","description":"News published by the Pressenza bureau in Mar Del Plata, Argentina","sameAs":["https:\/\/www.facebook.com\/pressenza","https:\/\/x.com\/Pressenza"],"url":"https:\/\/www.pressenza.com\/es\/author\/redaccion-mar-del-plata\/"}]}},"place":"Chubut, Argentina","original_article_url":"https:\/\/amnistia.org.ar\/golpes-a-hombres-mujeres-y-ninos-amnistia-internacional-repudia-la-represion-a-la-comunidad-mapuche-en-chubut\/?#","_links":{"self":[{"href":"https:\/\/www.pressenza.com\/es\/wp-json\/wp\/v2\/posts\/417897","targetHints":{"allow":["GET"]}}],"collection":[{"href":"https:\/\/www.pressenza.com\/es\/wp-json\/wp\/v2\/posts"}],"about":[{"href":"https:\/\/www.pressenza.com\/es\/wp-json\/wp\/v2\/types\/post"}],"author":[{"embeddable":true,"href":"https:\/\/www.pressenza.com\/es\/wp-json\/wp\/v2\/users\/1254"}],"replies":[{"embeddable":true,"href":"https:\/\/www.pressenza.com\/es\/wp-json\/wp\/v2\/comments?post=417897"}],"version-history":[{"count":0,"href":"https:\/\/www.pressenza.com\/es\/wp-json\/wp\/v2\/posts\/417897\/revisions"}],"wp:featuredmedia":[{"embeddable":true,"href":"https:\/\/www.pressenza.com\/es\/wp-json\/wp\/v2\/media\/417976"}],"wp:attachment":[{"href":"https:\/\/www.pressenza.com\/es\/wp-json\/wp\/v2\/media?parent=417897"}],"wp:term":[{"taxonomy":"category","embeddable":true,"href":"https:\/\/www.pressenza.com\/es\/wp-json\/wp\/v2\/categories?post=417897"},{"taxonomy":"post_tag","embeddable":true,"href":"https:\/\/www.pressenza.com\/es\/wp-json\/wp\/v2\/tags?post=417897"}],"curies":[{"name":"wp","href":"https:\/\/api.w.org\/{rel}","templated":true}]}}