{"id":416365,"date":"2017-01-06T20:31:42","date_gmt":"2017-01-06T20:31:42","guid":{"rendered":"http:\/\/www.pressenza.com\/es\/?p=416365"},"modified":"2017-01-06T20:31:42","modified_gmt":"2017-01-06T20:31:42","slug":"palestina-llama-un-2017-sin-ocupacion-israeli","status":"publish","type":"post","link":"https:\/\/www.pressenza.com\/es\/2017\/01\/palestina-llama-un-2017-sin-ocupacion-israeli\/","title":{"rendered":"Palestina llama a un 2017 sin ocupaci\u00f3n Israel\u00ed"},"content":{"rendered":"<p><em><strong>Por Waldo Mendiluza<\/strong><\/em><\/p>\n<div class=\"fullNewsIntrotext\">La ocupaci\u00f3n israel\u00ed de Palestina cumple este a\u00f1o medio siglo de iniciada, en cuyo contexto el embajador de ese pueblo \u00e1rabe ante la ONU, Riyad Mansour, llam\u00f3 hoy a la comunidad internacional a duplicar esfuerzos para ponerle fin.<\/div>\n<p>En declaraciones a Prensa Latina poco antes de finalizar el 2017, el observador permanente se\u00f1al\u00f3 que urge un mayor apoyo mundial para que los palestinos vean materializadas sus aspiraciones de independencia y autodeterminaci\u00f3n.<\/p>\n<div class=\"fullNewsFulltext\">La ocupaci\u00f3n cumple medio siglo, un escenario que nos mantiene firmes y con expectativas de que en el planeta aumenten las acciones para garantizar la soluci\u00f3n de los dos Estados, precis\u00f3 Mansour.<\/p>\n<p>Israel arrebat\u00f3 a Palestina como resultado de la Guerra de los Seis D\u00edas (se produjo entre el 5 y el 10 de junio de 1967), Cisjordania, incluyendo Jerusal\u00e9n Oriental, y la Franja de Gaza, territorio del que se retir\u00f3 en 2005.<\/p>\n<p>El a\u00f1o que termina dej\u00f3 m\u00e1s colonizaci\u00f3n -mediante la construcci\u00f3n de asentamientos en Cisjordania-, asesinatos, heridos, desplazamientos forzados, demoliciones de viviendas, redadas, puntos de control y detenciones administrativas por los ocupantes.<\/p>\n<p>Todo esto atenta contra una soluci\u00f3n duradera del conflicto, afirm\u00f3 Mansour.<\/p>\n<p>De acuerdo con el embajador, la comunidad mundial no debe desaprovechar la oportunidad que representa el 2017 para hacer justicia, lo que pasa por el derecho inalienable de los palestinos a vivir sin ocupaci\u00f3n extranjera y a contar con un Estado independiente miembro de la ONU, organizaci\u00f3n de la que son en la actualidad un Estado Observador.<\/p>\n<p>Confiamos en nuestros amigos, dijo el diplom\u00e1tico, quien insisti\u00f3 en la importancia de que el Consejo de Seguridad cumpla sus funciones y detenga los atropellos israel\u00edes.<\/p>\n<p>A finales de 2016, el Consejo adopt\u00f3 la hist\u00f3rica resoluci\u00f3n 2334, una iniciativa presentada por Venezuela, Malasia, Nueva Zelanda y Senegal que condena los asentamientos israel\u00edes en Cisjordania y exige a Israel el cese de su construcci\u00f3n.<\/p>\n<p>Pese a la buena se\u00f1al que representa esa resoluci\u00f3n, facilitada por una in\u00e9dita abstenci\u00f3n de Estados Unidos, aliado y protector de Israel, la llegada a la Casa Blanca de una nueva administraci\u00f3n, el 20 de enero, despierta mucha preocupaci\u00f3n, sobre todo por las posturas que asumi\u00f3 el presidente electo, Donald Trump.<\/p>\n<p>Trump declar\u00f3 en su campa\u00f1a para llegar a la Oficina Oval un compromiso con el logro de la paz entre palestinos e israel\u00edes, sin embargo, sus actuaciones de cierre de a\u00f1o en el tema parecen no dejar dudas de su posici\u00f3n.<\/p>\n<p>El magnate inmobiliario, quien desde el partido republicano derrot\u00f3 en noviembre a la aspirante dem\u00f3crata Hillary Clinton, presion\u00f3 hasta donde pudo para evitar la aprobaci\u00f3n de la resoluci\u00f3n 2334 en el Consejo de Seguridad y critic\u00f3 a la ONU, a la cual calific\u00f3 de &#8216;un club de gente que se re\u00fane para pasarla bien&#8217;.<\/p>\n<p>Por si fuera poco, escribi\u00f3 en su cuenta de Twitter &#8216;Resiste Israel, el 20 de enero se est\u00e1 acercando r\u00e1pidamente&#8217;.<\/p>\n<p>A nivel global, la ocupaci\u00f3n de territorios palestinos cuenta con una clara condena, al igual que la colonizaci\u00f3n de los mismos, considerada por el Consejo de Seguridad de Naciones Unidas ilegal y contraria al Derecho Internacional.<\/p><\/div>\n","protected":false},"excerpt":{"rendered":"<p>Por Waldo Mendiluza La ocupaci\u00f3n israel\u00ed de Palestina cumple este a\u00f1o medio siglo de iniciada, en cuyo contexto el embajador de ese pueblo \u00e1rabe ante la ONU, Riyad Mansour, llam\u00f3 hoy a la comunidad internacional a duplicar esfuerzos para ponerle&hellip;<\/p>\n","protected":false},"author":90,"featured_media":416366,"comment_status":"closed","ping_status":"closed","sticky":false,"template":"","format":"standard","meta":{"footnotes":""},"categories":[76,79,39,71],"tags":[11566,26187,19168,646,649,814,1105],"class_list":["post-416365","post","type-post","status-publish","format-standard","has-post-thumbnail","hentry","category-relaciones-exteriores","category-derechos-humanos","category-internacional","category-medio-oriente-es","tag-conflicto-palestino-israeli","tag-donald-trump-es","tag-estados-unidos","tag-israel-es","tag-naciones-unidas","tag-palestina-es","tag-territorios-ocupados"],"yoast_head":"<!-- This site is optimized with the Yoast SEO plugin v27.1.1 - https:\/\/yoast.com\/product\/yoast-seo-wordpress\/ -->\n<title>Palestina llama a un 2017 sin ocupaci\u00f3n Israel\u00ed<\/title>\n<meta name=\"description\" content=\"Por Waldo Mendiluza La ocupaci\u00f3n israel\u00ed de Palestina cumple este a\u00f1o medio siglo de iniciada, en cuyo contexto el embajador de ese pueblo \u00e1rabe ante la\" \/>\n<meta name=\"robots\" content=\"index, follow, max-snippet:-1, max-image-preview:large, max-video-preview:-1\" \/>\n<link rel=\"canonical\" href=\"https:\/\/www.pressenza.com\/es\/2017\/01\/palestina-llama-un-2017-sin-ocupacion-israeli\/\" \/>\n<meta property=\"og:locale\" content=\"es_ES\" \/>\n<meta property=\"og:type\" content=\"article\" \/>\n<meta property=\"og:title\" content=\"Palestina llama a un 2017 sin ocupaci\u00f3n Israel\u00ed\" \/>\n<meta property=\"og:description\" content=\"Por Waldo Mendiluza La ocupaci\u00f3n israel\u00ed de Palestina cumple este a\u00f1o medio siglo de iniciada, en cuyo contexto el embajador de ese pueblo \u00e1rabe ante la\" \/>\n<meta property=\"og:url\" content=\"https:\/\/www.pressenza.com\/es\/2017\/01\/palestina-llama-un-2017-sin-ocupacion-israeli\/\" \/>\n<meta property=\"og:site_name\" content=\"Pressenza\" \/>\n<meta property=\"article:publisher\" content=\"https:\/\/www.facebook.com\/PressenzaItalia\" \/>\n<meta property=\"article:author\" content=\"https:\/\/www.facebook.com\/AgenciaPrensaLatina\" \/>\n<meta property=\"article:published_time\" content=\"2017-01-06T20:31:42+00:00\" \/>\n<meta property=\"og:image\" content=\"https:\/\/www.pressenza.com\/wp-content\/uploads\/2017\/01\/Riyad-Mansour.jpg\" \/>\n\t<meta property=\"og:image:width\" content=\"748\" \/>\n\t<meta property=\"og:image:height\" content=\"498\" \/>\n\t<meta property=\"og:image:type\" content=\"image\/jpeg\" \/>\n<meta name=\"author\" content=\"Prensa Latina\" \/>\n<meta name=\"twitter:card\" content=\"summary_large_image\" \/>\n<meta name=\"twitter:creator\" content=\"@prensalatina_cu\" \/>\n<meta name=\"twitter:site\" content=\"@PressenzaIPA\" \/>\n<meta name=\"twitter:label1\" content=\"Escrito por\" \/>\n\t<meta name=\"twitter:data1\" content=\"Prensa Latina\" \/>\n\t<meta name=\"twitter:label2\" content=\"Tiempo de lectura\" \/>\n\t<meta name=\"twitter:data2\" content=\"3 minutos\" \/>\n<script type=\"application\/ld+json\" class=\"yoast-schema-graph\">{\"@context\":\"https:\/\/schema.org\",\"@graph\":[{\"@type\":\"Article\",\"@id\":\"https:\/\/www.pressenza.com\/es\/2017\/01\/palestina-llama-un-2017-sin-ocupacion-israeli\/#article\",\"isPartOf\":{\"@id\":\"https:\/\/www.pressenza.com\/es\/2017\/01\/palestina-llama-un-2017-sin-ocupacion-israeli\/\"},\"author\":{\"name\":\"Prensa Latina\",\"@id\":\"https:\/\/www.pressenza.com\/es\/#\/schema\/person\/e35c78ffa242d98f4f49ccb18c8631de\"},\"headline\":\"Palestina llama a un 2017 sin ocupaci\u00f3n Israel\u00ed\",\"datePublished\":\"2017-01-06T20:31:42+00:00\",\"mainEntityOfPage\":{\"@id\":\"https:\/\/www.pressenza.com\/es\/2017\/01\/palestina-llama-un-2017-sin-ocupacion-israeli\/\"},\"wordCount\":546,\"publisher\":{\"@id\":\"https:\/\/www.pressenza.com\/es\/#organization\"},\"image\":{\"@id\":\"https:\/\/www.pressenza.com\/es\/2017\/01\/palestina-llama-un-2017-sin-ocupacion-israeli\/#primaryimage\"},\"thumbnailUrl\":\"https:\/\/www.pressenza.com\/wp-content\/uploads\/2017\/01\/Riyad-Mansour.jpg\",\"keywords\":[\"Conflicto Palestino Israel\u00ed\",\"Donald Trump\",\"Estados Unidos\",\"Israel\",\"Naciones Unidas\",\"Palestina\",\"territorios ocupados\"],\"articleSection\":[\"Asuntos internacionales\",\"Derechos Humanos\",\"Internacional\",\"Medio Oriente\"],\"inLanguage\":\"es\"},{\"@type\":\"WebPage\",\"@id\":\"https:\/\/www.pressenza.com\/es\/2017\/01\/palestina-llama-un-2017-sin-ocupacion-israeli\/\",\"url\":\"https:\/\/www.pressenza.com\/es\/2017\/01\/palestina-llama-un-2017-sin-ocupacion-israeli\/\",\"name\":\"Palestina llama a un 2017 sin ocupaci\u00f3n Israel\u00ed\",\"isPartOf\":{\"@id\":\"https:\/\/www.pressenza.com\/es\/#website\"},\"primaryImageOfPage\":{\"@id\":\"https:\/\/www.pressenza.com\/es\/2017\/01\/palestina-llama-un-2017-sin-ocupacion-israeli\/#primaryimage\"},\"image\":{\"@id\":\"https:\/\/www.pressenza.com\/es\/2017\/01\/palestina-llama-un-2017-sin-ocupacion-israeli\/#primaryimage\"},\"thumbnailUrl\":\"https:\/\/www.pressenza.com\/wp-content\/uploads\/2017\/01\/Riyad-Mansour.jpg\",\"datePublished\":\"2017-01-06T20:31:42+00:00\",\"description\":\"Por Waldo Mendiluza La ocupaci\u00f3n israel\u00ed de Palestina cumple este a\u00f1o medio siglo de iniciada, en cuyo contexto el embajador de ese pueblo \u00e1rabe ante la\",\"breadcrumb\":{\"@id\":\"https:\/\/www.pressenza.com\/es\/2017\/01\/palestina-llama-un-2017-sin-ocupacion-israeli\/#breadcrumb\"},\"inLanguage\":\"es\",\"potentialAction\":[{\"@type\":\"ReadAction\",\"target\":[\"https:\/\/www.pressenza.com\/es\/2017\/01\/palestina-llama-un-2017-sin-ocupacion-israeli\/\"]}]},{\"@type\":\"ImageObject\",\"inLanguage\":\"es\",\"@id\":\"https:\/\/www.pressenza.com\/es\/2017\/01\/palestina-llama-un-2017-sin-ocupacion-israeli\/#primaryimage\",\"url\":\"https:\/\/www.pressenza.com\/wp-content\/uploads\/2017\/01\/Riyad-Mansour.jpg\",\"contentUrl\":\"https:\/\/www.pressenza.com\/wp-content\/uploads\/2017\/01\/Riyad-Mansour.jpg\",\"width\":748,\"height\":498},{\"@type\":\"BreadcrumbList\",\"@id\":\"https:\/\/www.pressenza.com\/es\/2017\/01\/palestina-llama-un-2017-sin-ocupacion-israeli\/#breadcrumb\",\"itemListElement\":[{\"@type\":\"ListItem\",\"position\":1,\"name\":\"Accueil\",\"item\":\"https:\/\/www.pressenza.com\/es\/\"},{\"@type\":\"ListItem\",\"position\":2,\"name\":\"Palestina llama a un 2017 sin ocupaci\u00f3n Israel\u00ed\"}]},{\"@type\":\"WebSite\",\"@id\":\"https:\/\/www.pressenza.com\/es\/#website\",\"url\":\"https:\/\/www.pressenza.com\/es\/\",\"name\":\"Pressenza\",\"description\":\"International Press Agency\",\"publisher\":{\"@id\":\"https:\/\/www.pressenza.com\/es\/#organization\"},\"potentialAction\":[{\"@type\":\"SearchAction\",\"target\":{\"@type\":\"EntryPoint\",\"urlTemplate\":\"https:\/\/www.pressenza.com\/es\/?s={search_term_string}\"},\"query-input\":{\"@type\":\"PropertyValueSpecification\",\"valueRequired\":true,\"valueName\":\"search_term_string\"}}],\"inLanguage\":\"es\"},{\"@type\":\"Organization\",\"@id\":\"https:\/\/www.pressenza.com\/es\/#organization\",\"name\":\"Pressenza\",\"url\":\"https:\/\/www.pressenza.com\/es\/\",\"logo\":{\"@type\":\"ImageObject\",\"inLanguage\":\"es\",\"@id\":\"https:\/\/www.pressenza.com\/es\/#\/schema\/logo\/image\/\",\"url\":\"https:\/\/www.pressenza.com\/wp-content\/uploads\/2022\/10\/pressenza_logo_200x200.jpg\",\"contentUrl\":\"https:\/\/www.pressenza.com\/wp-content\/uploads\/2022\/10\/pressenza_logo_200x200.jpg\",\"width\":200,\"height\":200,\"caption\":\"Pressenza\"},\"image\":{\"@id\":\"https:\/\/www.pressenza.com\/es\/#\/schema\/logo\/image\/\"},\"sameAs\":[\"https:\/\/www.facebook.com\/PressenzaItalia\",\"https:\/\/x.com\/PressenzaIPA\"]},{\"@type\":\"Person\",\"@id\":\"https:\/\/www.pressenza.com\/es\/#\/schema\/person\/e35c78ffa242d98f4f49ccb18c8631de\",\"name\":\"Prensa Latina\",\"description\":\"www.prensa-latina.cu\",\"sameAs\":[\"https:\/\/www.facebook.com\/AgenciaPrensaLatina\",\"https:\/\/x.com\/prensalatina_cu\"],\"url\":\"https:\/\/www.pressenza.com\/es\/author\/prensa-latina\/\"}]}<\/script>\n<!-- \/ Yoast SEO plugin. -->","yoast_head_json":{"title":"Palestina llama a un 2017 sin ocupaci\u00f3n Israel\u00ed","description":"Por Waldo Mendiluza La ocupaci\u00f3n israel\u00ed de Palestina cumple este a\u00f1o medio siglo de iniciada, en cuyo contexto el embajador de ese pueblo \u00e1rabe ante la","robots":{"index":"index","follow":"follow","max-snippet":"max-snippet:-1","max-image-preview":"max-image-preview:large","max-video-preview":"max-video-preview:-1"},"canonical":"https:\/\/www.pressenza.com\/es\/2017\/01\/palestina-llama-un-2017-sin-ocupacion-israeli\/","og_locale":"es_ES","og_type":"article","og_title":"Palestina llama a un 2017 sin ocupaci\u00f3n Israel\u00ed","og_description":"Por Waldo Mendiluza La ocupaci\u00f3n israel\u00ed de Palestina cumple este a\u00f1o medio siglo de iniciada, en cuyo contexto el embajador de ese pueblo \u00e1rabe ante la","og_url":"https:\/\/www.pressenza.com\/es\/2017\/01\/palestina-llama-un-2017-sin-ocupacion-israeli\/","og_site_name":"Pressenza","article_publisher":"https:\/\/www.facebook.com\/PressenzaItalia","article_author":"https:\/\/www.facebook.com\/AgenciaPrensaLatina","article_published_time":"2017-01-06T20:31:42+00:00","og_image":[{"width":748,"height":498,"url":"https:\/\/www.pressenza.com\/wp-content\/uploads\/2017\/01\/Riyad-Mansour.jpg","type":"image\/jpeg"}],"author":"Prensa Latina","twitter_card":"summary_large_image","twitter_creator":"@prensalatina_cu","twitter_site":"@PressenzaIPA","twitter_misc":{"Escrito por":"Prensa Latina","Tiempo de lectura":"3 minutos"},"schema":{"@context":"https:\/\/schema.org","@graph":[{"@type":"Article","@id":"https:\/\/www.pressenza.com\/es\/2017\/01\/palestina-llama-un-2017-sin-ocupacion-israeli\/#article","isPartOf":{"@id":"https:\/\/www.pressenza.com\/es\/2017\/01\/palestina-llama-un-2017-sin-ocupacion-israeli\/"},"author":{"name":"Prensa Latina","@id":"https:\/\/www.pressenza.com\/es\/#\/schema\/person\/e35c78ffa242d98f4f49ccb18c8631de"},"headline":"Palestina llama a un 2017 sin ocupaci\u00f3n Israel\u00ed","datePublished":"2017-01-06T20:31:42+00:00","mainEntityOfPage":{"@id":"https:\/\/www.pressenza.com\/es\/2017\/01\/palestina-llama-un-2017-sin-ocupacion-israeli\/"},"wordCount":546,"publisher":{"@id":"https:\/\/www.pressenza.com\/es\/#organization"},"image":{"@id":"https:\/\/www.pressenza.com\/es\/2017\/01\/palestina-llama-un-2017-sin-ocupacion-israeli\/#primaryimage"},"thumbnailUrl":"https:\/\/www.pressenza.com\/wp-content\/uploads\/2017\/01\/Riyad-Mansour.jpg","keywords":["Conflicto Palestino Israel\u00ed","Donald Trump","Estados Unidos","Israel","Naciones Unidas","Palestina","territorios ocupados"],"articleSection":["Asuntos internacionales","Derechos Humanos","Internacional","Medio Oriente"],"inLanguage":"es"},{"@type":"WebPage","@id":"https:\/\/www.pressenza.com\/es\/2017\/01\/palestina-llama-un-2017-sin-ocupacion-israeli\/","url":"https:\/\/www.pressenza.com\/es\/2017\/01\/palestina-llama-un-2017-sin-ocupacion-israeli\/","name":"Palestina llama a un 2017 sin ocupaci\u00f3n Israel\u00ed","isPartOf":{"@id":"https:\/\/www.pressenza.com\/es\/#website"},"primaryImageOfPage":{"@id":"https:\/\/www.pressenza.com\/es\/2017\/01\/palestina-llama-un-2017-sin-ocupacion-israeli\/#primaryimage"},"image":{"@id":"https:\/\/www.pressenza.com\/es\/2017\/01\/palestina-llama-un-2017-sin-ocupacion-israeli\/#primaryimage"},"thumbnailUrl":"https:\/\/www.pressenza.com\/wp-content\/uploads\/2017\/01\/Riyad-Mansour.jpg","datePublished":"2017-01-06T20:31:42+00:00","description":"Por Waldo Mendiluza La ocupaci\u00f3n israel\u00ed de Palestina cumple este a\u00f1o medio siglo de iniciada, en cuyo contexto el embajador de ese pueblo \u00e1rabe ante la","breadcrumb":{"@id":"https:\/\/www.pressenza.com\/es\/2017\/01\/palestina-llama-un-2017-sin-ocupacion-israeli\/#breadcrumb"},"inLanguage":"es","potentialAction":[{"@type":"ReadAction","target":["https:\/\/www.pressenza.com\/es\/2017\/01\/palestina-llama-un-2017-sin-ocupacion-israeli\/"]}]},{"@type":"ImageObject","inLanguage":"es","@id":"https:\/\/www.pressenza.com\/es\/2017\/01\/palestina-llama-un-2017-sin-ocupacion-israeli\/#primaryimage","url":"https:\/\/www.pressenza.com\/wp-content\/uploads\/2017\/01\/Riyad-Mansour.jpg","contentUrl":"https:\/\/www.pressenza.com\/wp-content\/uploads\/2017\/01\/Riyad-Mansour.jpg","width":748,"height":498},{"@type":"BreadcrumbList","@id":"https:\/\/www.pressenza.com\/es\/2017\/01\/palestina-llama-un-2017-sin-ocupacion-israeli\/#breadcrumb","itemListElement":[{"@type":"ListItem","position":1,"name":"Accueil","item":"https:\/\/www.pressenza.com\/es\/"},{"@type":"ListItem","position":2,"name":"Palestina llama a un 2017 sin ocupaci\u00f3n Israel\u00ed"}]},{"@type":"WebSite","@id":"https:\/\/www.pressenza.com\/es\/#website","url":"https:\/\/www.pressenza.com\/es\/","name":"Pressenza","description":"International Press Agency","publisher":{"@id":"https:\/\/www.pressenza.com\/es\/#organization"},"potentialAction":[{"@type":"SearchAction","target":{"@type":"EntryPoint","urlTemplate":"https:\/\/www.pressenza.com\/es\/?s={search_term_string}"},"query-input":{"@type":"PropertyValueSpecification","valueRequired":true,"valueName":"search_term_string"}}],"inLanguage":"es"},{"@type":"Organization","@id":"https:\/\/www.pressenza.com\/es\/#organization","name":"Pressenza","url":"https:\/\/www.pressenza.com\/es\/","logo":{"@type":"ImageObject","inLanguage":"es","@id":"https:\/\/www.pressenza.com\/es\/#\/schema\/logo\/image\/","url":"https:\/\/www.pressenza.com\/wp-content\/uploads\/2022\/10\/pressenza_logo_200x200.jpg","contentUrl":"https:\/\/www.pressenza.com\/wp-content\/uploads\/2022\/10\/pressenza_logo_200x200.jpg","width":200,"height":200,"caption":"Pressenza"},"image":{"@id":"https:\/\/www.pressenza.com\/es\/#\/schema\/logo\/image\/"},"sameAs":["https:\/\/www.facebook.com\/PressenzaItalia","https:\/\/x.com\/PressenzaIPA"]},{"@type":"Person","@id":"https:\/\/www.pressenza.com\/es\/#\/schema\/person\/e35c78ffa242d98f4f49ccb18c8631de","name":"Prensa Latina","description":"www.prensa-latina.cu","sameAs":["https:\/\/www.facebook.com\/AgenciaPrensaLatina","https:\/\/x.com\/prensalatina_cu"],"url":"https:\/\/www.pressenza.com\/es\/author\/prensa-latina\/"}]}},"place":"Nueva York, Estados Unidos","original_article_url":"","_links":{"self":[{"href":"https:\/\/www.pressenza.com\/es\/wp-json\/wp\/v2\/posts\/416365","targetHints":{"allow":["GET"]}}],"collection":[{"href":"https:\/\/www.pressenza.com\/es\/wp-json\/wp\/v2\/posts"}],"about":[{"href":"https:\/\/www.pressenza.com\/es\/wp-json\/wp\/v2\/types\/post"}],"author":[{"embeddable":true,"href":"https:\/\/www.pressenza.com\/es\/wp-json\/wp\/v2\/users\/90"}],"replies":[{"embeddable":true,"href":"https:\/\/www.pressenza.com\/es\/wp-json\/wp\/v2\/comments?post=416365"}],"version-history":[{"count":0,"href":"https:\/\/www.pressenza.com\/es\/wp-json\/wp\/v2\/posts\/416365\/revisions"}],"wp:featuredmedia":[{"embeddable":true,"href":"https:\/\/www.pressenza.com\/es\/wp-json\/wp\/v2\/media\/416366"}],"wp:attachment":[{"href":"https:\/\/www.pressenza.com\/es\/wp-json\/wp\/v2\/media?parent=416365"}],"wp:term":[{"taxonomy":"category","embeddable":true,"href":"https:\/\/www.pressenza.com\/es\/wp-json\/wp\/v2\/categories?post=416365"},{"taxonomy":"post_tag","embeddable":true,"href":"https:\/\/www.pressenza.com\/es\/wp-json\/wp\/v2\/tags?post=416365"}],"curies":[{"name":"wp","href":"https:\/\/api.w.org\/{rel}","templated":true}]}}