{"id":415629,"date":"2017-01-04T15:58:14","date_gmt":"2017-01-04T15:58:14","guid":{"rendered":"http:\/\/www.pressenza.com\/es\/?p=415629"},"modified":"2017-01-04T15:58:14","modified_gmt":"2017-01-04T15:58:14","slug":"indigenas-de-australia-le-hacen-frente-proyecto-de-megamineria","status":"publish","type":"post","link":"https:\/\/www.pressenza.com\/es\/2017\/01\/indigenas-de-australia-le-hacen-frente-proyecto-de-megamineria\/","title":{"rendered":"Ind\u00edgenas de Australia le hacen frente a proyecto de megaminer\u00eda"},"content":{"rendered":"<p><em><strong>Por Stephen de Tarczynski<\/strong><\/em><\/p>\n<p>En la lucha contra el proyecto de extracci\u00f3n de carb\u00f3n que impulsa una compa\u00f1\u00eda india en el estado australiano de Queensland, se destaca el papel de Murrawah Johnson, de 21 a\u00f1os, del pueblo ind\u00edgena wangan y jagalingou, propietario original del terreno donde estar\u00eda la mina Carmichael.<span id=\"more-133618\"><\/span><\/p>\n<p>\u201cNuestro pueblo es el \u00fanico originario de este pa\u00eds\u201d, puntualiz\u00f3 la joven Murrawah, cuyo nombre significa arco\u00edris en lengua gubbi gubbi. \u201cEso somos, es nuestra identidad, nuestra cultura, nuestras canciones y nuestras danzas\u201d, apunt\u00f3 en di\u00e1logo con IPS.<\/p>\n<p>El pueblo wangan y jagalingou, con unos 500 integrantes, considera a la mina Carmichael como una amenaza a su propia existencia, y ha rechazado en reiteradas oportunidades los avances de la compa\u00f1\u00eda Adani Mining.<\/p>\n<p>Los due\u00f1os tradicionales arguyen que la mina destruir\u00eda sus tierras, \u201clo que quiere decir que destruir\u00e1 nuestra historia, y tambi\u00e9n a nosotros como pueblo y nuestra identidad\u201d, observ\u00f3 Murrawah, portavoz del Consejo de Familia de su comunidad<\/p>\n<p>Adani Mining es una subsidiaria del Grupo Adani, la multinacional india con operaciones en India, Indonesia y Australia, que opera en distintos sectores, desde recursos naturales, pasando por proyectos de log\u00edstica, energ\u00eda y agronegocios hasta el inmobiliario. En marzo, la compa\u00f1\u00eda anunci\u00f3 su primera incursi\u00f3n en defensa.<\/p>\n<p>El proyecto Carmichael se extiende por 40 kil\u00f3metros, contar\u00eda con una mina de 10 kil\u00f3metros de ancho y seis fosos abiertos, adem\u00e1s de cinco operaciones subterr\u00e1neas, durante seis a\u00f1os.<\/p>\n<p>La compa\u00f1\u00eda apuesta a transportar el carb\u00f3n a India para cubrir sus necesidades el\u00e9ctricas. Seg\u00fan la Agencia Internacional de Energ\u00eda, 244 millones de personas, 19 por ciento de los m\u00e1s 1.200 millones de habitantes, carecen de electricidad en ese pa\u00eds.<\/p>\n<p>De concretarse, ser\u00eda el mayor proyecto de extracci\u00f3n de carb\u00f3n en Australia, que ya es un gran productor y exportador del mineral. Adem\u00e1s, este pa\u00eds estar\u00eda entre los m\u00e1s grandes del mundo con una producci\u00f3n de unas 60 millones de toneladas de carb\u00f3n t\u00e9rmico al a\u00f1o, en el m\u00e1ximo de su capacidad.<\/p>\n<p>Pero en el marco de la mayor conciencia sobre los efectos del recalentamiento global, la mina Carmichael gener\u00f3 una importante oposici\u00f3n. Desde el anuncio del proyecto, en 2010, hubo m\u00e1s de 10 apelaciones y procesos judiciales contra la iniciativa.<\/p>\n<p>La activista Shani Tager, de Greenpeace Australia, no tienen dudas de que el carb\u00f3n que quiere extraer Adani debe permanecer bajo tierra.<\/p>\n<p>La centrales de generaci\u00f3n el\u00e9ctrica a carb\u00f3n emiten grandes cantidades de di\u00f3xido de carbono, uno de los gases que m\u00e1s contribuyen a recalentar la atm\u00f3sfera, los que generan el fen\u00f3meno del cambio clim\u00e1tico, agravado por las actividades humanas.<\/p>\n<p>El Instituto de Australia concluy\u00f3 en un informe en 2015, que el proyecto de Adani liberar\u00eda m\u00e1s di\u00f3xido de carbono a la atm\u00f3sfera que muchas grandes ciudades del mundo, y hasta que algunos pa\u00edses.<\/p>\n<p>El documento estima que las 79 millones de toneladas de emisiones contaminantes que liberar\u00e1 al a\u00f1o la mina son tres veces m\u00e1s que las de Nueva Delhi, seis veces m\u00e1s que las de \u00c1msterdam y el doble de las de Tokio. Adem\u00e1s, superar\u00eda a las emisiones anuales de Sri Lanka y ser\u00eda similar a las de Austria y Malasia.<\/p>\n<p>Sin embargo, tanto el gobierno estadual de Queensland como el de Australia est\u00e1n a favor de la mina Carmichael. Adem\u00e1s, se corri\u00f3 el rumor de que el gobierno central apoyar\u00eda el proyecto con un pr\u00e9stamo de 722 millones de d\u00f3lares estadounidenses.<\/p>\n<p>Adem\u00e1s, el gobierno de Queensland, que prev\u00e9 un alza en el empleo, la mejora de la econom\u00eda y de los ingresos a sus propias arcas por las regal\u00edas, anunci\u00f3 en octubre que otorgar\u00eda al proyecto el estatus de \u201cinfraestructura fundamental\u201d para acelerar su aprobaci\u00f3n.<\/p>\n<p>\u201cEl gobierno se toma en serio el inicio de las operaciones de la mina de Adani. Queremos que se concrete\u201d, declar\u00f3 entonces el ministro de Minas, Anthony Lynham.<\/p>\n<p>A principios de diciembre, Adani recibi\u00f3 lo que el gobierno estadual calific\u00f3 de \u201cgran aprobaci\u00f3n definitiva\u201d: a la v\u00eda f\u00e9rrea de la compa\u00f1\u00eda hacia el puerto de Abbot Point, desde donde el carb\u00f3n partir\u00e1 hacia India.<\/p>\n<p>En 2011, Adani suscribi\u00f3 un arrendamiento por 99 a\u00f1os con la terminal de carb\u00f3n de Abbot Point, ubicada al lado del parque marino de la Gran Barrera de Coral, que es el mayor ecosistema de coral del mundo y est\u00e1 entre los m\u00e1s diversos y ricos de la Tierra.<\/p>\n<p>En noviembre, cient\u00edficos de la Universidad James Cook, de Queensland, confirmaron la peor p\u00e9rdida de corales en ese arrecife tras una masiva decoloraci\u00f3n sufrida a principios de este a\u00f1o. El estr\u00e9s por el calor, derivado de las altas temperaturas, es la principal causa, y se pronostica que el fen\u00f3meno del blanqueamiento de corales se volver\u00e1 m\u00e1s frecuente y m\u00e1s severo con el recalentamiento planetario.<\/p>\n<p>Adani tiene previsto ampliar la terminal de Abbot Point para embarcar grandes cantidades de carb\u00f3n, lo que implica dragar el lecho marino pegado a la Gran Barrera de Coral.<\/p>\n<p>\u201cLa mina de carb\u00f3n Carmichael tendr\u00e1 un efecto domin\u00f3 de impactos negativos sobre el arrecife, desde instalar la necesidad de ampliar el puerto y realizar m\u00e1s dragados y vertidos hasta aumentar el riesgo de accidentes\u201d en el arrecife, precis\u00f3 Cherry Muddle, de la Sociedad Australiana de Conservaci\u00f3n Marina.<\/p>\n<p>En el sector tur\u00edstico, que genera unos 65.000 empleos, numerosos operadores tambi\u00e9n se quejaron en los \u00faltimos tiempos de la mina y de las obras de ampliaci\u00f3n del puerto.<\/p>\n<p>Las garant\u00edas ofrecidas por el ministro Lynham de que las \u201c200 condiciones rigurosas impuestas en los procesos jur\u00eddicos\u201d proteger\u00e1n el arrecife, no convencen a sus detractores.<\/p>\n<p>\u201cAdani tiene antecedentes realmente preocupantes en materia de destrucci\u00f3n ambiental, violaciones de derechos humanos, corrupci\u00f3n y evasi\u00f3n fiscal\u201d, detall\u00f3 Adam Black, de GetUp, un movimiento activo en varios asuntos sociales.<\/p>\n<p>Entre las acusaciones presentadas contra las operaciones de Adani en India, detalladas en un informe de 2015 de Environmental Justice Australia, figura la destrucci\u00f3n de manglares, la falta de previsi\u00f3n de la intrusi\u00f3n de agua salada en las reservas subterr\u00e1neas, las exportaciones de mineral de hierro ilegales y soborno, el uso de relaciones pol\u00edticas para comprar tierras m\u00e1s baratas y la obtenci\u00f3n de deducciones impositivas ilegales.<\/p>\n<p>Adem\u00e1s, el gerente general de Adani en Australia, Jeyakumar Janakaraj, estuvo a cargo de una mina de cobre en Zambia, propiedad de Konkola Copper Mines (KCM) cuando en 2010 verti\u00f3 contaminantes peligrosos al r\u00edo Kafue. La compa\u00f1\u00eda fue hallada culpable y debi\u00f3 pagar el equivalente a unos 2.900 d\u00f3lares estadounidenses.<\/p>\n<p>Unos 1.800 ciudadanos zambianos demandaron a KCM y a la sociedad matriz, Vedanta Resources, en un alto tribunal de Londres, acus\u00e1ndolas de haberles causado problemas de salud y de haber destruido sus tierras cultivables durante 10 a\u00f1os a partir de 2004; Janakaraj trabaj\u00f3 en KCM de 2008 a 2013.<\/p>\n<p>En la actualidad, que Adani se prepara para poner la piedra fundamental a su proyecto a mediados de 2017, los detractores se preparan para continuar con su hasta ahora exitosa campa\u00f1a para disuadir a los posibles capitalistas de que aporten entre 11.500 y 15.800 d\u00f3lares estadounidenses.<\/p>\n<p>\u201cSi no consiguen el dinero, no podr\u00e1n construir la mina\u201d, subray\u00f3 Murrawah Johnson.<\/p>\n<p>El pueblo wangan y jagalingou cre\u00f3 hace poco lo que llam\u00f3 una \u201cl\u00ednea legal de defensa\u201d contra Adani y el gobierno de Queensland, que incluye la presentaci\u00f3n de cuatro demandas, adem\u00e1s de sus planes de llevar el asunto hasta el Tribunal Supremo, de ser necesario.<\/p>\n<p>Para Murrawah, esta lucha se trata de mantener relaci\u00f3n con el pasado y con el futuro. \u201cMe niego a ser el eslab\u00f3n roto de esa cadena\u201d, setenci\u00f3.<\/p>\n<p><em>Traducido por Ver\u00f3nica Firme<\/em><\/p>\n","protected":false},"excerpt":{"rendered":"<p>Por Stephen de Tarczynski En la lucha contra el proyecto de extracci\u00f3n de carb\u00f3n que impulsa una compa\u00f1\u00eda india en el estado australiano de Queensland, se destaca el papel de Murrawah Johnson, de 21 a\u00f1os, del pueblo ind\u00edgena wangan y&hellip;<\/p>\n","protected":false},"author":347,"featured_media":415630,"comment_status":"closed","ping_status":"closed","sticky":false,"template":"","format":"standard","meta":{"footnotes":""},"categories":[78,70,80],"tags":[15929,33970,20348,22210,1615],"class_list":["post-415629","post","type-post","status-publish","format-standard","has-post-thumbnail","hentry","category-medio-ambiente-ecologia","category-oceania-region-es","category-pueblos-originarios","tag-australia-es","tag-carbon","tag-megamineria","tag-pueblos-originarios","tag-resistencia"],"yoast_head":"<!-- This site is optimized with the Yoast SEO plugin v27.1.1 - https:\/\/yoast.com\/product\/yoast-seo-wordpress\/ -->\n<title>Ind\u00edgenas de Australia le hacen frente a proyecto de megaminer\u00eda<\/title>\n<meta name=\"description\" content=\"Por Stephen de Tarczynski En la lucha contra el proyecto de extracci\u00f3n de carb\u00f3n que impulsa una compa\u00f1\u00eda india en el estado australiano de Queensland, se\" \/>\n<meta name=\"robots\" content=\"index, follow, max-snippet:-1, max-image-preview:large, max-video-preview:-1\" \/>\n<link rel=\"canonical\" href=\"https:\/\/www.pressenza.com\/es\/2017\/01\/indigenas-de-australia-le-hacen-frente-proyecto-de-megamineria\/\" \/>\n<meta property=\"og:locale\" content=\"es_ES\" \/>\n<meta property=\"og:type\" content=\"article\" \/>\n<meta property=\"og:title\" content=\"Ind\u00edgenas de Australia le hacen frente a proyecto de megaminer\u00eda\" \/>\n<meta property=\"og:description\" content=\"Por Stephen de Tarczynski En la lucha contra el proyecto de extracci\u00f3n de carb\u00f3n que impulsa una compa\u00f1\u00eda india en el estado australiano de Queensland, se\" \/>\n<meta property=\"og:url\" content=\"https:\/\/www.pressenza.com\/es\/2017\/01\/indigenas-de-australia-le-hacen-frente-proyecto-de-megamineria\/\" \/>\n<meta property=\"og:site_name\" content=\"Pressenza\" \/>\n<meta property=\"article:publisher\" content=\"https:\/\/www.facebook.com\/PressenzaItalia\" \/>\n<meta property=\"article:author\" content=\"http:\/\/www.facebook.com\/ipsnoticias\" \/>\n<meta property=\"article:published_time\" content=\"2017-01-04T15:58:14+00:00\" \/>\n<meta property=\"og:image\" content=\"https:\/\/www.pressenza.com\/wp-content\/uploads\/2017\/01\/indigena-629x417.jpg\" \/>\n\t<meta property=\"og:image:width\" content=\"629\" \/>\n\t<meta property=\"og:image:height\" content=\"417\" \/>\n\t<meta property=\"og:image:type\" content=\"image\/jpeg\" \/>\n<meta name=\"author\" content=\"Inter Press Service\" \/>\n<meta name=\"twitter:card\" content=\"summary_large_image\" \/>\n<meta name=\"twitter:creator\" content=\"@ipsnoticias\" \/>\n<meta name=\"twitter:site\" content=\"@PressenzaIPA\" \/>\n<meta name=\"twitter:label1\" content=\"Escrito por\" \/>\n\t<meta name=\"twitter:data1\" content=\"Inter Press Service\" \/>\n\t<meta name=\"twitter:label2\" content=\"Tiempo de lectura\" \/>\n\t<meta name=\"twitter:data2\" content=\"7 minutos\" \/>\n<script type=\"application\/ld+json\" class=\"yoast-schema-graph\">{\"@context\":\"https:\/\/schema.org\",\"@graph\":[{\"@type\":\"Article\",\"@id\":\"https:\/\/www.pressenza.com\/es\/2017\/01\/indigenas-de-australia-le-hacen-frente-proyecto-de-megamineria\/#article\",\"isPartOf\":{\"@id\":\"https:\/\/www.pressenza.com\/es\/2017\/01\/indigenas-de-australia-le-hacen-frente-proyecto-de-megamineria\/\"},\"author\":{\"name\":\"Inter Press Service\",\"@id\":\"https:\/\/www.pressenza.com\/es\/#\/schema\/person\/7467f88f6765c239bdd52f3c432de81a\"},\"headline\":\"Ind\u00edgenas de Australia le hacen frente a proyecto de megaminer\u00eda\",\"datePublished\":\"2017-01-04T15:58:14+00:00\",\"mainEntityOfPage\":{\"@id\":\"https:\/\/www.pressenza.com\/es\/2017\/01\/indigenas-de-australia-le-hacen-frente-proyecto-de-megamineria\/\"},\"wordCount\":1352,\"publisher\":{\"@id\":\"https:\/\/www.pressenza.com\/es\/#organization\"},\"image\":{\"@id\":\"https:\/\/www.pressenza.com\/es\/2017\/01\/indigenas-de-australia-le-hacen-frente-proyecto-de-megamineria\/#primaryimage\"},\"thumbnailUrl\":\"https:\/\/www.pressenza.com\/wp-content\/uploads\/2017\/01\/indigena-629x417.jpg\",\"keywords\":[\"Australia\",\"carb\u00f3n\",\"megaminer\u00eda\",\"Pueblos Originarios\",\"resistencia\"],\"articleSection\":[\"Ecolog\u00eda y Medio Ambiente\",\"Oceania\",\"Pueblos Originarios\"],\"inLanguage\":\"es\"},{\"@type\":\"WebPage\",\"@id\":\"https:\/\/www.pressenza.com\/es\/2017\/01\/indigenas-de-australia-le-hacen-frente-proyecto-de-megamineria\/\",\"url\":\"https:\/\/www.pressenza.com\/es\/2017\/01\/indigenas-de-australia-le-hacen-frente-proyecto-de-megamineria\/\",\"name\":\"Ind\u00edgenas de Australia le hacen frente a proyecto de megaminer\u00eda\",\"isPartOf\":{\"@id\":\"https:\/\/www.pressenza.com\/es\/#website\"},\"primaryImageOfPage\":{\"@id\":\"https:\/\/www.pressenza.com\/es\/2017\/01\/indigenas-de-australia-le-hacen-frente-proyecto-de-megamineria\/#primaryimage\"},\"image\":{\"@id\":\"https:\/\/www.pressenza.com\/es\/2017\/01\/indigenas-de-australia-le-hacen-frente-proyecto-de-megamineria\/#primaryimage\"},\"thumbnailUrl\":\"https:\/\/www.pressenza.com\/wp-content\/uploads\/2017\/01\/indigena-629x417.jpg\",\"datePublished\":\"2017-01-04T15:58:14+00:00\",\"description\":\"Por Stephen de Tarczynski En la lucha contra el proyecto de extracci\u00f3n de carb\u00f3n que impulsa una compa\u00f1\u00eda india en el estado australiano de Queensland, se\",\"breadcrumb\":{\"@id\":\"https:\/\/www.pressenza.com\/es\/2017\/01\/indigenas-de-australia-le-hacen-frente-proyecto-de-megamineria\/#breadcrumb\"},\"inLanguage\":\"es\",\"potentialAction\":[{\"@type\":\"ReadAction\",\"target\":[\"https:\/\/www.pressenza.com\/es\/2017\/01\/indigenas-de-australia-le-hacen-frente-proyecto-de-megamineria\/\"]}]},{\"@type\":\"ImageObject\",\"inLanguage\":\"es\",\"@id\":\"https:\/\/www.pressenza.com\/es\/2017\/01\/indigenas-de-australia-le-hacen-frente-proyecto-de-megamineria\/#primaryimage\",\"url\":\"https:\/\/www.pressenza.com\/wp-content\/uploads\/2017\/01\/indigena-629x417.jpg\",\"contentUrl\":\"https:\/\/www.pressenza.com\/wp-content\/uploads\/2017\/01\/indigena-629x417.jpg\",\"width\":629,\"height\":417},{\"@type\":\"BreadcrumbList\",\"@id\":\"https:\/\/www.pressenza.com\/es\/2017\/01\/indigenas-de-australia-le-hacen-frente-proyecto-de-megamineria\/#breadcrumb\",\"itemListElement\":[{\"@type\":\"ListItem\",\"position\":1,\"name\":\"Accueil\",\"item\":\"https:\/\/www.pressenza.com\/es\/\"},{\"@type\":\"ListItem\",\"position\":2,\"name\":\"Ind\u00edgenas de Australia le hacen frente a proyecto de megaminer\u00eda\"}]},{\"@type\":\"WebSite\",\"@id\":\"https:\/\/www.pressenza.com\/es\/#website\",\"url\":\"https:\/\/www.pressenza.com\/es\/\",\"name\":\"Pressenza\",\"description\":\"International Press Agency\",\"publisher\":{\"@id\":\"https:\/\/www.pressenza.com\/es\/#organization\"},\"potentialAction\":[{\"@type\":\"SearchAction\",\"target\":{\"@type\":\"EntryPoint\",\"urlTemplate\":\"https:\/\/www.pressenza.com\/es\/?s={search_term_string}\"},\"query-input\":{\"@type\":\"PropertyValueSpecification\",\"valueRequired\":true,\"valueName\":\"search_term_string\"}}],\"inLanguage\":\"es\"},{\"@type\":\"Organization\",\"@id\":\"https:\/\/www.pressenza.com\/es\/#organization\",\"name\":\"Pressenza\",\"url\":\"https:\/\/www.pressenza.com\/es\/\",\"logo\":{\"@type\":\"ImageObject\",\"inLanguage\":\"es\",\"@id\":\"https:\/\/www.pressenza.com\/es\/#\/schema\/logo\/image\/\",\"url\":\"https:\/\/www.pressenza.com\/wp-content\/uploads\/2022\/10\/pressenza_logo_200x200.jpg\",\"contentUrl\":\"https:\/\/www.pressenza.com\/wp-content\/uploads\/2022\/10\/pressenza_logo_200x200.jpg\",\"width\":200,\"height\":200,\"caption\":\"Pressenza\"},\"image\":{\"@id\":\"https:\/\/www.pressenza.com\/es\/#\/schema\/logo\/image\/\"},\"sameAs\":[\"https:\/\/www.facebook.com\/PressenzaItalia\",\"https:\/\/x.com\/PressenzaIPA\"]},{\"@type\":\"Person\",\"@id\":\"https:\/\/www.pressenza.com\/es\/#\/schema\/person\/7467f88f6765c239bdd52f3c432de81a\",\"name\":\"Inter Press Service\",\"description\":\"IPS is an international communications institution at the heart of a global news agency that amplifies the voices of the South and civil society on development, globalisation, human rights and the environment. www.ipsnews.net\",\"sameAs\":[\"http:\/\/www.facebook.com\/ipsnoticias\",\"https:\/\/x.com\/ipsnoticias\"],\"url\":\"https:\/\/www.pressenza.com\/es\/author\/ips-inter-press-service\/\"}]}<\/script>\n<!-- \/ Yoast SEO plugin. -->","yoast_head_json":{"title":"Ind\u00edgenas de Australia le hacen frente a proyecto de megaminer\u00eda","description":"Por Stephen de Tarczynski En la lucha contra el proyecto de extracci\u00f3n de carb\u00f3n que impulsa una compa\u00f1\u00eda india en el estado australiano de Queensland, se","robots":{"index":"index","follow":"follow","max-snippet":"max-snippet:-1","max-image-preview":"max-image-preview:large","max-video-preview":"max-video-preview:-1"},"canonical":"https:\/\/www.pressenza.com\/es\/2017\/01\/indigenas-de-australia-le-hacen-frente-proyecto-de-megamineria\/","og_locale":"es_ES","og_type":"article","og_title":"Ind\u00edgenas de Australia le hacen frente a proyecto de megaminer\u00eda","og_description":"Por Stephen de Tarczynski En la lucha contra el proyecto de extracci\u00f3n de carb\u00f3n que impulsa una compa\u00f1\u00eda india en el estado australiano de Queensland, se","og_url":"https:\/\/www.pressenza.com\/es\/2017\/01\/indigenas-de-australia-le-hacen-frente-proyecto-de-megamineria\/","og_site_name":"Pressenza","article_publisher":"https:\/\/www.facebook.com\/PressenzaItalia","article_author":"http:\/\/www.facebook.com\/ipsnoticias","article_published_time":"2017-01-04T15:58:14+00:00","og_image":[{"width":629,"height":417,"url":"https:\/\/www.pressenza.com\/wp-content\/uploads\/2017\/01\/indigena-629x417.jpg","type":"image\/jpeg"}],"author":"Inter Press Service","twitter_card":"summary_large_image","twitter_creator":"@ipsnoticias","twitter_site":"@PressenzaIPA","twitter_misc":{"Escrito por":"Inter Press Service","Tiempo de lectura":"7 minutos"},"schema":{"@context":"https:\/\/schema.org","@graph":[{"@type":"Article","@id":"https:\/\/www.pressenza.com\/es\/2017\/01\/indigenas-de-australia-le-hacen-frente-proyecto-de-megamineria\/#article","isPartOf":{"@id":"https:\/\/www.pressenza.com\/es\/2017\/01\/indigenas-de-australia-le-hacen-frente-proyecto-de-megamineria\/"},"author":{"name":"Inter Press Service","@id":"https:\/\/www.pressenza.com\/es\/#\/schema\/person\/7467f88f6765c239bdd52f3c432de81a"},"headline":"Ind\u00edgenas de Australia le hacen frente a proyecto de megaminer\u00eda","datePublished":"2017-01-04T15:58:14+00:00","mainEntityOfPage":{"@id":"https:\/\/www.pressenza.com\/es\/2017\/01\/indigenas-de-australia-le-hacen-frente-proyecto-de-megamineria\/"},"wordCount":1352,"publisher":{"@id":"https:\/\/www.pressenza.com\/es\/#organization"},"image":{"@id":"https:\/\/www.pressenza.com\/es\/2017\/01\/indigenas-de-australia-le-hacen-frente-proyecto-de-megamineria\/#primaryimage"},"thumbnailUrl":"https:\/\/www.pressenza.com\/wp-content\/uploads\/2017\/01\/indigena-629x417.jpg","keywords":["Australia","carb\u00f3n","megaminer\u00eda","Pueblos Originarios","resistencia"],"articleSection":["Ecolog\u00eda y Medio Ambiente","Oceania","Pueblos Originarios"],"inLanguage":"es"},{"@type":"WebPage","@id":"https:\/\/www.pressenza.com\/es\/2017\/01\/indigenas-de-australia-le-hacen-frente-proyecto-de-megamineria\/","url":"https:\/\/www.pressenza.com\/es\/2017\/01\/indigenas-de-australia-le-hacen-frente-proyecto-de-megamineria\/","name":"Ind\u00edgenas de Australia le hacen frente a proyecto de megaminer\u00eda","isPartOf":{"@id":"https:\/\/www.pressenza.com\/es\/#website"},"primaryImageOfPage":{"@id":"https:\/\/www.pressenza.com\/es\/2017\/01\/indigenas-de-australia-le-hacen-frente-proyecto-de-megamineria\/#primaryimage"},"image":{"@id":"https:\/\/www.pressenza.com\/es\/2017\/01\/indigenas-de-australia-le-hacen-frente-proyecto-de-megamineria\/#primaryimage"},"thumbnailUrl":"https:\/\/www.pressenza.com\/wp-content\/uploads\/2017\/01\/indigena-629x417.jpg","datePublished":"2017-01-04T15:58:14+00:00","description":"Por Stephen de Tarczynski En la lucha contra el proyecto de extracci\u00f3n de carb\u00f3n que impulsa una compa\u00f1\u00eda india en el estado australiano de Queensland, se","breadcrumb":{"@id":"https:\/\/www.pressenza.com\/es\/2017\/01\/indigenas-de-australia-le-hacen-frente-proyecto-de-megamineria\/#breadcrumb"},"inLanguage":"es","potentialAction":[{"@type":"ReadAction","target":["https:\/\/www.pressenza.com\/es\/2017\/01\/indigenas-de-australia-le-hacen-frente-proyecto-de-megamineria\/"]}]},{"@type":"ImageObject","inLanguage":"es","@id":"https:\/\/www.pressenza.com\/es\/2017\/01\/indigenas-de-australia-le-hacen-frente-proyecto-de-megamineria\/#primaryimage","url":"https:\/\/www.pressenza.com\/wp-content\/uploads\/2017\/01\/indigena-629x417.jpg","contentUrl":"https:\/\/www.pressenza.com\/wp-content\/uploads\/2017\/01\/indigena-629x417.jpg","width":629,"height":417},{"@type":"BreadcrumbList","@id":"https:\/\/www.pressenza.com\/es\/2017\/01\/indigenas-de-australia-le-hacen-frente-proyecto-de-megamineria\/#breadcrumb","itemListElement":[{"@type":"ListItem","position":1,"name":"Accueil","item":"https:\/\/www.pressenza.com\/es\/"},{"@type":"ListItem","position":2,"name":"Ind\u00edgenas de Australia le hacen frente a proyecto de megaminer\u00eda"}]},{"@type":"WebSite","@id":"https:\/\/www.pressenza.com\/es\/#website","url":"https:\/\/www.pressenza.com\/es\/","name":"Pressenza","description":"International Press Agency","publisher":{"@id":"https:\/\/www.pressenza.com\/es\/#organization"},"potentialAction":[{"@type":"SearchAction","target":{"@type":"EntryPoint","urlTemplate":"https:\/\/www.pressenza.com\/es\/?s={search_term_string}"},"query-input":{"@type":"PropertyValueSpecification","valueRequired":true,"valueName":"search_term_string"}}],"inLanguage":"es"},{"@type":"Organization","@id":"https:\/\/www.pressenza.com\/es\/#organization","name":"Pressenza","url":"https:\/\/www.pressenza.com\/es\/","logo":{"@type":"ImageObject","inLanguage":"es","@id":"https:\/\/www.pressenza.com\/es\/#\/schema\/logo\/image\/","url":"https:\/\/www.pressenza.com\/wp-content\/uploads\/2022\/10\/pressenza_logo_200x200.jpg","contentUrl":"https:\/\/www.pressenza.com\/wp-content\/uploads\/2022\/10\/pressenza_logo_200x200.jpg","width":200,"height":200,"caption":"Pressenza"},"image":{"@id":"https:\/\/www.pressenza.com\/es\/#\/schema\/logo\/image\/"},"sameAs":["https:\/\/www.facebook.com\/PressenzaItalia","https:\/\/x.com\/PressenzaIPA"]},{"@type":"Person","@id":"https:\/\/www.pressenza.com\/es\/#\/schema\/person\/7467f88f6765c239bdd52f3c432de81a","name":"Inter Press Service","description":"IPS is an international communications institution at the heart of a global news agency that amplifies the voices of the South and civil society on development, globalisation, human rights and the environment. www.ipsnews.net","sameAs":["http:\/\/www.facebook.com\/ipsnoticias","https:\/\/x.com\/ipsnoticias"],"url":"https:\/\/www.pressenza.com\/es\/author\/ips-inter-press-service\/"}]}},"place":"Melbourne, Australia","original_article_url":"http:\/\/www.ipsnoticias.net\/2016\/12\/indigenas-de-australia-le-hacen-frente-a-proyecto-de-megamineria\/?#","_links":{"self":[{"href":"https:\/\/www.pressenza.com\/es\/wp-json\/wp\/v2\/posts\/415629","targetHints":{"allow":["GET"]}}],"collection":[{"href":"https:\/\/www.pressenza.com\/es\/wp-json\/wp\/v2\/posts"}],"about":[{"href":"https:\/\/www.pressenza.com\/es\/wp-json\/wp\/v2\/types\/post"}],"author":[{"embeddable":true,"href":"https:\/\/www.pressenza.com\/es\/wp-json\/wp\/v2\/users\/347"}],"replies":[{"embeddable":true,"href":"https:\/\/www.pressenza.com\/es\/wp-json\/wp\/v2\/comments?post=415629"}],"version-history":[{"count":0,"href":"https:\/\/www.pressenza.com\/es\/wp-json\/wp\/v2\/posts\/415629\/revisions"}],"wp:featuredmedia":[{"embeddable":true,"href":"https:\/\/www.pressenza.com\/es\/wp-json\/wp\/v2\/media\/415630"}],"wp:attachment":[{"href":"https:\/\/www.pressenza.com\/es\/wp-json\/wp\/v2\/media?parent=415629"}],"wp:term":[{"taxonomy":"category","embeddable":true,"href":"https:\/\/www.pressenza.com\/es\/wp-json\/wp\/v2\/categories?post=415629"},{"taxonomy":"post_tag","embeddable":true,"href":"https:\/\/www.pressenza.com\/es\/wp-json\/wp\/v2\/tags?post=415629"}],"curies":[{"name":"wp","href":"https:\/\/api.w.org\/{rel}","templated":true}]}}