{"id":41434,"date":"2013-03-05T21:24:37","date_gmt":"2013-03-05T21:24:37","guid":{"rendered":"http:\/\/www.pressenza.com\/?p=41434"},"modified":"2013-03-06T09:50:22","modified_gmt":"2013-03-06T09:50:22","slug":"por-un-tratado-a-prueba-de-balas","status":"publish","type":"post","link":"https:\/\/www.pressenza.com\/es\/2013\/03\/por-un-tratado-a-prueba-de-balas\/","title":{"rendered":"Por un tratado a prueba de balas"},"content":{"rendered":"<p>Este mes se est\u00e1 realizando la Conferencia Final sobre el Tratado de Comercio de Armas en la ONU.<\/p>\n<p>Amnist\u00eda Internacional ha realizado estos videos de concientizaci\u00f3n:<\/p>\n\n\n","protected":false},"excerpt":{"rendered":"<p>Este mes se est\u00e1 realizando la Conferencia Final sobre el Tratado de Comercio de Armas en la ONU. Amnist\u00eda Internacional ha realizado estos videos de concientizaci\u00f3n:<\/p>\n","protected":false},"author":432,"featured_media":41527,"comment_status":"closed","ping_status":"open","sticky":false,"template":"","format":"standard","meta":{"footnotes":""},"categories":[149,39,1243],"tags":[2944,2945,3564,623],"class_list":["post-41434","post","type-post","status-publish","format-standard","has-post-thumbnail","hentry","category-comunicados-de-prensa","category-internacional","category-paz-desarme","tag-armas","tag-comercio-de-armas","tag-control-de-armas","tag-violencia"],"yoast_head":"<!-- This site is optimized with the Yoast SEO plugin v27.1.1 - https:\/\/yoast.com\/product\/yoast-seo-wordpress\/ -->\n<title>Por un tratado a prueba de balas<\/title>\n<meta name=\"description\" content=\"Este mes se est\u00e1 realizando la Conferencia Final sobre el Tratado de Comercio de Armas en la ONU. Amnist\u00eda Internacional ha realizado estos videos de\" \/>\n<meta name=\"robots\" content=\"index, follow, max-snippet:-1, max-image-preview:large, max-video-preview:-1\" \/>\n<link rel=\"canonical\" href=\"https:\/\/www.pressenza.com\/es\/2013\/03\/por-un-tratado-a-prueba-de-balas\/\" \/>\n<meta property=\"og:locale\" content=\"es_ES\" \/>\n<meta property=\"og:type\" content=\"article\" \/>\n<meta property=\"og:title\" content=\"Por un tratado a prueba de balas\" \/>\n<meta property=\"og:description\" content=\"Este mes se est\u00e1 realizando la Conferencia Final sobre el Tratado de Comercio de Armas en la ONU. Amnist\u00eda Internacional ha realizado estos videos de\" \/>\n<meta property=\"og:url\" content=\"https:\/\/www.pressenza.com\/es\/2013\/03\/por-un-tratado-a-prueba-de-balas\/\" \/>\n<meta property=\"og:site_name\" content=\"Pressenza\" \/>\n<meta property=\"article:publisher\" content=\"https:\/\/www.facebook.com\/PressenzaItalia\" \/>\n<meta property=\"article:author\" content=\"https:\/\/www.facebook.com\/amnestyglobal\" \/>\n<meta property=\"article:published_time\" content=\"2013-03-05T21:24:37+00:00\" \/>\n<meta property=\"article:modified_time\" content=\"2013-03-06T09:50:22+00:00\" \/>\n<meta property=\"og:image\" content=\"https:\/\/www.pressenza.com\/wp-content\/uploads\/2013\/03\/control_arms_by_B_positive.jpg\" \/>\n\t<meta property=\"og:image:width\" content=\"1191\" \/>\n\t<meta property=\"og:image:height\" content=\"842\" \/>\n\t<meta property=\"og:image:type\" content=\"image\/jpeg\" \/>\n<meta name=\"author\" content=\"Amnesty International\" \/>\n<meta name=\"twitter:card\" content=\"summary_large_image\" \/>\n<meta name=\"twitter:creator\" content=\"@amnesty\" \/>\n<meta name=\"twitter:site\" content=\"@PressenzaIPA\" \/>\n<meta name=\"twitter:label1\" content=\"Escrito por\" \/>\n\t<meta name=\"twitter:data1\" content=\"Amnesty International\" \/>\n<script type=\"application\/ld+json\" class=\"yoast-schema-graph\">{\"@context\":\"https:\/\/schema.org\",\"@graph\":[{\"@type\":\"Article\",\"@id\":\"https:\/\/www.pressenza.com\/es\/2013\/03\/por-un-tratado-a-prueba-de-balas\/#article\",\"isPartOf\":{\"@id\":\"https:\/\/www.pressenza.com\/es\/2013\/03\/por-un-tratado-a-prueba-de-balas\/\"},\"author\":{\"name\":\"Amnesty International\",\"@id\":\"https:\/\/www.pressenza.com\/es\/#\/schema\/person\/9b981b05c7ecf09292e6acb3223b2d9d\"},\"headline\":\"Por un tratado a prueba de balas\",\"datePublished\":\"2013-03-05T21:24:37+00:00\",\"dateModified\":\"2013-03-06T09:50:22+00:00\",\"mainEntityOfPage\":{\"@id\":\"https:\/\/www.pressenza.com\/es\/2013\/03\/por-un-tratado-a-prueba-de-balas\/\"},\"wordCount\":48,\"publisher\":{\"@id\":\"https:\/\/www.pressenza.com\/es\/#organization\"},\"image\":{\"@id\":\"https:\/\/www.pressenza.com\/es\/2013\/03\/por-un-tratado-a-prueba-de-balas\/#primaryimage\"},\"thumbnailUrl\":\"https:\/\/www.pressenza.com\/wp-content\/uploads\/2013\/03\/control_arms_by_B_positive.jpg\",\"keywords\":[\"armas\",\"comercio de armas\",\"control de armas\",\"Violencia\"],\"articleSection\":[\"Comunicados de Prensa\",\"Internacional\",\"Paz y Desarme\"],\"inLanguage\":\"es\"},{\"@type\":\"WebPage\",\"@id\":\"https:\/\/www.pressenza.com\/es\/2013\/03\/por-un-tratado-a-prueba-de-balas\/\",\"url\":\"https:\/\/www.pressenza.com\/es\/2013\/03\/por-un-tratado-a-prueba-de-balas\/\",\"name\":\"Por un tratado a prueba de balas\",\"isPartOf\":{\"@id\":\"https:\/\/www.pressenza.com\/es\/#website\"},\"primaryImageOfPage\":{\"@id\":\"https:\/\/www.pressenza.com\/es\/2013\/03\/por-un-tratado-a-prueba-de-balas\/#primaryimage\"},\"image\":{\"@id\":\"https:\/\/www.pressenza.com\/es\/2013\/03\/por-un-tratado-a-prueba-de-balas\/#primaryimage\"},\"thumbnailUrl\":\"https:\/\/www.pressenza.com\/wp-content\/uploads\/2013\/03\/control_arms_by_B_positive.jpg\",\"datePublished\":\"2013-03-05T21:24:37+00:00\",\"dateModified\":\"2013-03-06T09:50:22+00:00\",\"description\":\"Este mes se est\u00e1 realizando la Conferencia Final sobre el Tratado de Comercio de Armas en la ONU. Amnist\u00eda Internacional ha realizado estos videos de\",\"breadcrumb\":{\"@id\":\"https:\/\/www.pressenza.com\/es\/2013\/03\/por-un-tratado-a-prueba-de-balas\/#breadcrumb\"},\"inLanguage\":\"es\",\"potentialAction\":[{\"@type\":\"ReadAction\",\"target\":[\"https:\/\/www.pressenza.com\/es\/2013\/03\/por-un-tratado-a-prueba-de-balas\/\"]}]},{\"@type\":\"ImageObject\",\"inLanguage\":\"es\",\"@id\":\"https:\/\/www.pressenza.com\/es\/2013\/03\/por-un-tratado-a-prueba-de-balas\/#primaryimage\",\"url\":\"https:\/\/www.pressenza.com\/wp-content\/uploads\/2013\/03\/control_arms_by_B_positive.jpg\",\"contentUrl\":\"https:\/\/www.pressenza.com\/wp-content\/uploads\/2013\/03\/control_arms_by_B_positive.jpg\",\"width\":1191,\"height\":842},{\"@type\":\"BreadcrumbList\",\"@id\":\"https:\/\/www.pressenza.com\/es\/2013\/03\/por-un-tratado-a-prueba-de-balas\/#breadcrumb\",\"itemListElement\":[{\"@type\":\"ListItem\",\"position\":1,\"name\":\"Accueil\",\"item\":\"https:\/\/www.pressenza.com\/es\/\"},{\"@type\":\"ListItem\",\"position\":2,\"name\":\"Por un tratado a prueba de balas\"}]},{\"@type\":\"WebSite\",\"@id\":\"https:\/\/www.pressenza.com\/es\/#website\",\"url\":\"https:\/\/www.pressenza.com\/es\/\",\"name\":\"Pressenza\",\"description\":\"International Press Agency\",\"publisher\":{\"@id\":\"https:\/\/www.pressenza.com\/es\/#organization\"},\"potentialAction\":[{\"@type\":\"SearchAction\",\"target\":{\"@type\":\"EntryPoint\",\"urlTemplate\":\"https:\/\/www.pressenza.com\/es\/?s={search_term_string}\"},\"query-input\":{\"@type\":\"PropertyValueSpecification\",\"valueRequired\":true,\"valueName\":\"search_term_string\"}}],\"inLanguage\":\"es\"},{\"@type\":\"Organization\",\"@id\":\"https:\/\/www.pressenza.com\/es\/#organization\",\"name\":\"Pressenza\",\"url\":\"https:\/\/www.pressenza.com\/es\/\",\"logo\":{\"@type\":\"ImageObject\",\"inLanguage\":\"es\",\"@id\":\"https:\/\/www.pressenza.com\/es\/#\/schema\/logo\/image\/\",\"url\":\"https:\/\/www.pressenza.com\/wp-content\/uploads\/2022\/10\/pressenza_logo_200x200.jpg\",\"contentUrl\":\"https:\/\/www.pressenza.com\/wp-content\/uploads\/2022\/10\/pressenza_logo_200x200.jpg\",\"width\":200,\"height\":200,\"caption\":\"Pressenza\"},\"image\":{\"@id\":\"https:\/\/www.pressenza.com\/es\/#\/schema\/logo\/image\/\"},\"sameAs\":[\"https:\/\/www.facebook.com\/PressenzaItalia\",\"https:\/\/x.com\/PressenzaIPA\"]},{\"@type\":\"Person\",\"@id\":\"https:\/\/www.pressenza.com\/es\/#\/schema\/person\/9b981b05c7ecf09292e6acb3223b2d9d\",\"name\":\"Amnesty International\",\"description\":\"Amnesty International is a global movement of more than 3 million supporters, members and activists in over 150 countries and territories who campaign to end grave abuses of human rights. Our vision is for every person to enjoy all the rights enshrined in the Universal Declaration of Human Rights and other international human rights standards. www.amnesty.org\",\"sameAs\":[\"http:\/\/www.amnesty.it\",\"https:\/\/www.facebook.com\/amnestyglobal\",\"https:\/\/x.com\/amnesty\"],\"url\":\"https:\/\/www.pressenza.com\/es\/author\/amnesty-international\/\"}]}<\/script>\n<!-- \/ Yoast SEO plugin. -->","yoast_head_json":{"title":"Por un tratado a prueba de balas","description":"Este mes se est\u00e1 realizando la Conferencia Final sobre el Tratado de Comercio de Armas en la ONU. Amnist\u00eda Internacional ha realizado estos videos de","robots":{"index":"index","follow":"follow","max-snippet":"max-snippet:-1","max-image-preview":"max-image-preview:large","max-video-preview":"max-video-preview:-1"},"canonical":"https:\/\/www.pressenza.com\/es\/2013\/03\/por-un-tratado-a-prueba-de-balas\/","og_locale":"es_ES","og_type":"article","og_title":"Por un tratado a prueba de balas","og_description":"Este mes se est\u00e1 realizando la Conferencia Final sobre el Tratado de Comercio de Armas en la ONU. Amnist\u00eda Internacional ha realizado estos videos de","og_url":"https:\/\/www.pressenza.com\/es\/2013\/03\/por-un-tratado-a-prueba-de-balas\/","og_site_name":"Pressenza","article_publisher":"https:\/\/www.facebook.com\/PressenzaItalia","article_author":"https:\/\/www.facebook.com\/amnestyglobal","article_published_time":"2013-03-05T21:24:37+00:00","article_modified_time":"2013-03-06T09:50:22+00:00","og_image":[{"width":1191,"height":842,"url":"https:\/\/www.pressenza.com\/wp-content\/uploads\/2013\/03\/control_arms_by_B_positive.jpg","type":"image\/jpeg"}],"author":"Amnesty International","twitter_card":"summary_large_image","twitter_creator":"@amnesty","twitter_site":"@PressenzaIPA","twitter_misc":{"Escrito por":"Amnesty International"},"schema":{"@context":"https:\/\/schema.org","@graph":[{"@type":"Article","@id":"https:\/\/www.pressenza.com\/es\/2013\/03\/por-un-tratado-a-prueba-de-balas\/#article","isPartOf":{"@id":"https:\/\/www.pressenza.com\/es\/2013\/03\/por-un-tratado-a-prueba-de-balas\/"},"author":{"name":"Amnesty International","@id":"https:\/\/www.pressenza.com\/es\/#\/schema\/person\/9b981b05c7ecf09292e6acb3223b2d9d"},"headline":"Por un tratado a prueba de balas","datePublished":"2013-03-05T21:24:37+00:00","dateModified":"2013-03-06T09:50:22+00:00","mainEntityOfPage":{"@id":"https:\/\/www.pressenza.com\/es\/2013\/03\/por-un-tratado-a-prueba-de-balas\/"},"wordCount":48,"publisher":{"@id":"https:\/\/www.pressenza.com\/es\/#organization"},"image":{"@id":"https:\/\/www.pressenza.com\/es\/2013\/03\/por-un-tratado-a-prueba-de-balas\/#primaryimage"},"thumbnailUrl":"https:\/\/www.pressenza.com\/wp-content\/uploads\/2013\/03\/control_arms_by_B_positive.jpg","keywords":["armas","comercio de armas","control de armas","Violencia"],"articleSection":["Comunicados de Prensa","Internacional","Paz y Desarme"],"inLanguage":"es"},{"@type":"WebPage","@id":"https:\/\/www.pressenza.com\/es\/2013\/03\/por-un-tratado-a-prueba-de-balas\/","url":"https:\/\/www.pressenza.com\/es\/2013\/03\/por-un-tratado-a-prueba-de-balas\/","name":"Por un tratado a prueba de balas","isPartOf":{"@id":"https:\/\/www.pressenza.com\/es\/#website"},"primaryImageOfPage":{"@id":"https:\/\/www.pressenza.com\/es\/2013\/03\/por-un-tratado-a-prueba-de-balas\/#primaryimage"},"image":{"@id":"https:\/\/www.pressenza.com\/es\/2013\/03\/por-un-tratado-a-prueba-de-balas\/#primaryimage"},"thumbnailUrl":"https:\/\/www.pressenza.com\/wp-content\/uploads\/2013\/03\/control_arms_by_B_positive.jpg","datePublished":"2013-03-05T21:24:37+00:00","dateModified":"2013-03-06T09:50:22+00:00","description":"Este mes se est\u00e1 realizando la Conferencia Final sobre el Tratado de Comercio de Armas en la ONU. Amnist\u00eda Internacional ha realizado estos videos de","breadcrumb":{"@id":"https:\/\/www.pressenza.com\/es\/2013\/03\/por-un-tratado-a-prueba-de-balas\/#breadcrumb"},"inLanguage":"es","potentialAction":[{"@type":"ReadAction","target":["https:\/\/www.pressenza.com\/es\/2013\/03\/por-un-tratado-a-prueba-de-balas\/"]}]},{"@type":"ImageObject","inLanguage":"es","@id":"https:\/\/www.pressenza.com\/es\/2013\/03\/por-un-tratado-a-prueba-de-balas\/#primaryimage","url":"https:\/\/www.pressenza.com\/wp-content\/uploads\/2013\/03\/control_arms_by_B_positive.jpg","contentUrl":"https:\/\/www.pressenza.com\/wp-content\/uploads\/2013\/03\/control_arms_by_B_positive.jpg","width":1191,"height":842},{"@type":"BreadcrumbList","@id":"https:\/\/www.pressenza.com\/es\/2013\/03\/por-un-tratado-a-prueba-de-balas\/#breadcrumb","itemListElement":[{"@type":"ListItem","position":1,"name":"Accueil","item":"https:\/\/www.pressenza.com\/es\/"},{"@type":"ListItem","position":2,"name":"Por un tratado a prueba de balas"}]},{"@type":"WebSite","@id":"https:\/\/www.pressenza.com\/es\/#website","url":"https:\/\/www.pressenza.com\/es\/","name":"Pressenza","description":"International Press Agency","publisher":{"@id":"https:\/\/www.pressenza.com\/es\/#organization"},"potentialAction":[{"@type":"SearchAction","target":{"@type":"EntryPoint","urlTemplate":"https:\/\/www.pressenza.com\/es\/?s={search_term_string}"},"query-input":{"@type":"PropertyValueSpecification","valueRequired":true,"valueName":"search_term_string"}}],"inLanguage":"es"},{"@type":"Organization","@id":"https:\/\/www.pressenza.com\/es\/#organization","name":"Pressenza","url":"https:\/\/www.pressenza.com\/es\/","logo":{"@type":"ImageObject","inLanguage":"es","@id":"https:\/\/www.pressenza.com\/es\/#\/schema\/logo\/image\/","url":"https:\/\/www.pressenza.com\/wp-content\/uploads\/2022\/10\/pressenza_logo_200x200.jpg","contentUrl":"https:\/\/www.pressenza.com\/wp-content\/uploads\/2022\/10\/pressenza_logo_200x200.jpg","width":200,"height":200,"caption":"Pressenza"},"image":{"@id":"https:\/\/www.pressenza.com\/es\/#\/schema\/logo\/image\/"},"sameAs":["https:\/\/www.facebook.com\/PressenzaItalia","https:\/\/x.com\/PressenzaIPA"]},{"@type":"Person","@id":"https:\/\/www.pressenza.com\/es\/#\/schema\/person\/9b981b05c7ecf09292e6acb3223b2d9d","name":"Amnesty International","description":"Amnesty International is a global movement of more than 3 million supporters, members and activists in over 150 countries and territories who campaign to end grave abuses of human rights. Our vision is for every person to enjoy all the rights enshrined in the Universal Declaration of Human Rights and other international human rights standards. www.amnesty.org","sameAs":["http:\/\/www.amnesty.it","https:\/\/www.facebook.com\/amnestyglobal","https:\/\/x.com\/amnesty"],"url":"https:\/\/www.pressenza.com\/es\/author\/amnesty-international\/"}]}},"place":"Estado espa\u00f1ol","original_article_url":"","_links":{"self":[{"href":"https:\/\/www.pressenza.com\/es\/wp-json\/wp\/v2\/posts\/41434","targetHints":{"allow":["GET"]}}],"collection":[{"href":"https:\/\/www.pressenza.com\/es\/wp-json\/wp\/v2\/posts"}],"about":[{"href":"https:\/\/www.pressenza.com\/es\/wp-json\/wp\/v2\/types\/post"}],"author":[{"embeddable":true,"href":"https:\/\/www.pressenza.com\/es\/wp-json\/wp\/v2\/users\/432"}],"replies":[{"embeddable":true,"href":"https:\/\/www.pressenza.com\/es\/wp-json\/wp\/v2\/comments?post=41434"}],"version-history":[{"count":0,"href":"https:\/\/www.pressenza.com\/es\/wp-json\/wp\/v2\/posts\/41434\/revisions"}],"wp:featuredmedia":[{"embeddable":true,"href":"https:\/\/www.pressenza.com\/es\/wp-json\/wp\/v2\/media\/41527"}],"wp:attachment":[{"href":"https:\/\/www.pressenza.com\/es\/wp-json\/wp\/v2\/media?parent=41434"}],"wp:term":[{"taxonomy":"category","embeddable":true,"href":"https:\/\/www.pressenza.com\/es\/wp-json\/wp\/v2\/categories?post=41434"},{"taxonomy":"post_tag","embeddable":true,"href":"https:\/\/www.pressenza.com\/es\/wp-json\/wp\/v2\/tags?post=41434"}],"curies":[{"name":"wp","href":"https:\/\/api.w.org\/{rel}","templated":true}]}}