{"id":409815,"date":"2016-12-15T12:13:25","date_gmt":"2016-12-15T12:13:25","guid":{"rendered":"http:\/\/www.pressenza.com\/es\/?p=409815"},"modified":"2016-12-15T12:13:25","modified_gmt":"2016-12-15T12:13:25","slug":"mineria-en-zonas-prohibidas","status":"publish","type":"post","link":"https:\/\/www.pressenza.com\/es\/2016\/12\/mineria-en-zonas-prohibidas\/","title":{"rendered":"Miner\u00eda en zonas prohibidas"},"content":{"rendered":"<p><strong>Documentos oficiales del Ministerio de Ambiente se\u00f1alan la existencia de al menos 44 proyectos mineros \u201ccercanos\u201d o sobre glaciares, aunque la Ley Nacional de Glaciares proh\u00edbe proyectos extractivos en zona de cuerpos de hielo. Entre los emprendimiento en zonas prohibidas est\u00e1 la mina Veladero (en San Juan), de la empresa Barrick Gold, y Agua Rica (Catamarca), de la canadiense Yamana Gold.<\/strong><\/p>\n<p>\u201c<em>Es una prueba m\u00e1s que confirma que Veladero est\u00e1 fuera de la ley y debe cerrar ya. Si a\u00fan no lo hizo es por la complicidad del poder pol\u00edtico y sectores del poder judicial<\/em>\u201d, afirm\u00f3 Sa\u00fal Zeballos, de la Asamblea J\u00e1chal No Se Toca.<\/p>\n<p><em>\u201cInforme t\u00e9cnico DGARHyA 99\/2016. Informe proyecto mineros y el ING (Inventario Nacional de Glaciares)\u201d<\/em>, es el nombre del documento oficial que hicieron p\u00fablico las organizaciones Greenpeace, Asociaci\u00f3n de Abogados Ambientalistas y la Fundaci\u00f3n Ambiente y Recursos Naturales (FARN). Fechado el 13 de julio pasado, reconoce que existen 77 proyectos mineros en las \u201csubcuencas\u201d relevadas por el Instituto Argentino de Nivolog\u00eda, Glaciolog\u00eda y Ciencias Ambientales (Ianiglia), de los cuales 44 est\u00e1n en zona restringida por ley. Las provincias que est\u00e1n en violaci\u00f3n de la ley son Catamarca, San Juan, Chubut, La Rioja, San Juan, Santa Cruz y R\u00edo Negro.<\/p>\n<p><em>\u201cSon 44 proyectos que no pueden estar en esos lugares, es un claro incumplimiento de una ley nacional\u201d,<\/em> explic\u00f3 Enrique Viale, de la organizaci\u00f3n Abogados Ambientalistas. Viale denunci\u00f3 que el ministro de Ambiente de la Naci\u00f3n, Sergio Bergman, <em>\u201cocult\u00f3 esa informaci\u00f3n a la poblaci\u00f3n porque act\u00faa en total connivencia con las mineras\u201d.<\/em><\/p>\n<p>El informe oficial fue elaborado por la Direcci\u00f3n Nacional de Gesti\u00f3n Ambiental de los Recursos H\u00eddricos y Acu\u00e1ticos, del Ministerio de Ambiente, y es parte del material que el juez federal Sebasti\u00e1n Casanello secuestr\u00f3 en el ministerio, en el marco de la causa penal que investiga los derrames de cianuro en la mina Veladero de la empresa Barrick Gold en 2015 y 2016. El documento fue cedido a las organizaciones ambientales por parte de la Asamblea J\u00e1chal No Se Toca, querellante en la causa.<\/p>\n<p>La Ley de Glaciares (N\u00ba 26.639) fue aprobada en septiembre de 2010 y otorgaba 180 d\u00edas al Ianiglia \u2013dependiente del Conicet\u2013 para realizar un relevamiento de todos los glaciares del pa\u00eds. La norma proh\u00edbe las actividades contaminantes en los cuerpos de agua, hielo y sus zonas aleda\u00f1as. La ley, en un principio, fue frenada judicialmente por un medida cautelar que respondi\u00f3 una presentaci\u00f3n de Barrick Gold en San Juan. Reci\u00e9n en julio de 2012 la Corte Suprema de Justicia ratific\u00f3 la vigencia de la norma.<\/p>\n<p><em>\u201cPasaron m\u00e1s de cinco a\u00f1os de aprobaci\u00f3n y el relevamiento a\u00fan no se termin\u00f3. Hay que decir que tambi\u00e9n hay complicidad del \u2018poder cient\u00edfico\u2019, que acepta presiones de las mineras y funcionarios provinciales y nacionales\u201d<\/em>, se\u00f1al\u00f3 Zeballos. El activista explic\u00f3 que la Asamblea J\u00e1chal No Se Toca denunci\u00f3 penalmente al Ianiglia porque <em>\u201cde manera arbitraria s\u00f3lo relevaron los glaciares de m\u00e1s de una hect\u00e1rea de superficie\u201d<\/em>, cuando la ley no establece esas dimensiones, sino que establece que deben relevarse todos los cuerpos de hielo.<\/p>\n<p>Gonzalo Strano, de Greenpeace, destac\u00f3 que el informe del Ministerio de Ambiente analiza s\u00f3lo el 10 por ciento del Inventario Nacional de Glaciares.<\/p>\n<p>Entre los proyectos en zonas prohibidas por ley est\u00e1n las minas Pascua Lama (San Juan y Chile, propiedad de Barrick Gold), Pach\u00f3n (San Juan), Suyai (Esquel, Chubut), Pach\u00f3n (por iniciarse en San Juan). Tambi\u00e9n figuran los proyectos Filo Colorado y Agua Rica, rechazados por la poblaci\u00f3n de Andalgal\u00e1, en el oeste catamarque\u00f1o.<\/p>\n<p>El ministro Bergman visit\u00f3 este a\u00f1o Andalgal\u00e1. Afirm\u00f3 que se desarrollar\u00e1n todas las actividades extractivas que <em>\u201cest\u00e9n dentro de la ley\u201d<\/em> y defendi\u00f3 el proyecto Agua Rica, frenado por una pueblada en 2010, luego de una feroz represi\u00f3n y luego suspendido por un fallo judicial. En septiembre pasado, el Concejo Deliberante de Andalgal\u00e1 prohibi\u00f3 la megaminer\u00eda en el departamento, lo que se transform\u00f3 en otro freno a Agua Rica. Sin embargo, la gobernadora Luc\u00eda Corpacci, con el apoyo de Naci\u00f3n, insiste en el nuevo proyecto, a solo 17 kil\u00f3metros de la ciudad y donde nacen las vertientes de agua que alimentan al pueblo.<\/p>\n<p>P\u00eda Marchegiani, de FARN, afirm\u00f3 que el informe oficial <em>\u201cda cuenta de la gravedad de la situaci\u00f3n de la protecci\u00f3n de los glaciares en el pa\u00eds\u201d. \u201cEs fundamental que no se avance con ning\u00fan proyecto m\u00e1s hasta que el inventario de glaciares est\u00e9 finalizado\u201d<\/em>, advirti\u00f3. Precis\u00f3, adem\u00e1s, la gravedad del avance de los proyectos Agua Rica, Pach\u00f3n, Pascua Lama y Los Azules, los tres \u00faltimos en San Juan. El comunicado conjunto de las tres organizaciones concluye que los 44 proyectos mineros en zonas prohibidas por ley <em>\u201cevidencia la falta de controles del gobierno nacional hacia el sector minero y el desinter\u00e9s por defender un elemento natural\u00a0 primordial como el agua\u201d.<\/em><\/p>\n","protected":false},"excerpt":{"rendered":"<p>Documentos oficiales del Ministerio de Ambiente se\u00f1alan la existencia de al menos 44 proyectos mineros \u201ccercanos\u201d o sobre glaciares, aunque la Ley Nacional de Glaciares proh\u00edbe proyectos extractivos en zona de cuerpos de hielo. Entre los emprendimiento en zonas prohibidas&hellip;<\/p>\n","protected":false},"author":1210,"featured_media":409816,"comment_status":"closed","ping_status":"closed","sticky":false,"template":"","format":"standard","meta":{"footnotes":""},"categories":[11389,78,67],"tags":[23997,225,16008,23700,23996,18797,23699,20348,16971,1558,20110,20347,24494],"class_list":["post-409815","post","type-post","status-publish","format-standard","has-post-thumbnail","hentry","category-contenido-original","category-medio-ambiente-ecologia","category-sudamerica","tag-agua-rica","tag-ambiente","tag-barrick-gold","tag-bergman","tag-catamarca","tag-glaciares","tag-ley-de-glaciares","tag-megamineria","tag-mineria","tag-pascua-lama","tag-san-juan","tag-veladero","tag-yamana-gold"],"yoast_head":"<!-- This site is optimized with the Yoast SEO plugin v27.1.1 - https:\/\/yoast.com\/product\/yoast-seo-wordpress\/ -->\n<title>Miner\u00eda en zonas prohibidas<\/title>\n<meta name=\"description\" content=\"Documentos oficiales del Ministerio de Ambiente se\u00f1alan la existencia de al menos 44 proyectos mineros \u201ccercanos\u201d o sobre glaciares, aunque la Ley\" \/>\n<meta name=\"robots\" content=\"index, follow, max-snippet:-1, max-image-preview:large, max-video-preview:-1\" \/>\n<link rel=\"canonical\" href=\"https:\/\/www.pressenza.com\/es\/2016\/12\/mineria-en-zonas-prohibidas\/\" \/>\n<meta property=\"og:locale\" content=\"es_ES\" \/>\n<meta property=\"og:type\" content=\"article\" \/>\n<meta property=\"og:title\" content=\"Miner\u00eda en zonas prohibidas\" \/>\n<meta property=\"og:description\" content=\"Documentos oficiales del Ministerio de Ambiente se\u00f1alan la existencia de al menos 44 proyectos mineros \u201ccercanos\u201d o sobre glaciares, aunque la Ley\" \/>\n<meta property=\"og:url\" content=\"https:\/\/www.pressenza.com\/es\/2016\/12\/mineria-en-zonas-prohibidas\/\" \/>\n<meta property=\"og:site_name\" content=\"Pressenza\" \/>\n<meta property=\"article:publisher\" content=\"https:\/\/www.facebook.com\/PressenzaItalia\" \/>\n<meta property=\"article:published_time\" content=\"2016-12-15T12:13:25+00:00\" \/>\n<meta property=\"og:image\" content=\"https:\/\/www.pressenza.com\/wp-content\/uploads\/2016\/12\/13616116233_1d685ba5a3_b.jpg\" \/>\n\t<meta property=\"og:image:width\" content=\"1024\" \/>\n\t<meta property=\"og:image:height\" content=\"624\" \/>\n\t<meta property=\"og:image:type\" content=\"image\/jpeg\" \/>\n<meta name=\"author\" content=\"Dar\u00edo Aranda\" \/>\n<meta name=\"twitter:card\" content=\"summary_large_image\" \/>\n<meta name=\"twitter:creator\" content=\"@PressenzaIPA\" \/>\n<meta name=\"twitter:site\" content=\"@PressenzaIPA\" \/>\n<meta name=\"twitter:label1\" content=\"Escrito por\" \/>\n\t<meta name=\"twitter:data1\" content=\"Dar\u00edo Aranda\" \/>\n\t<meta name=\"twitter:label2\" content=\"Tiempo de lectura\" \/>\n\t<meta name=\"twitter:data2\" content=\"4 minutos\" \/>\n<script type=\"application\/ld+json\" class=\"yoast-schema-graph\">{\"@context\":\"https:\/\/schema.org\",\"@graph\":[{\"@type\":\"Article\",\"@id\":\"https:\/\/www.pressenza.com\/es\/2016\/12\/mineria-en-zonas-prohibidas\/#article\",\"isPartOf\":{\"@id\":\"https:\/\/www.pressenza.com\/es\/2016\/12\/mineria-en-zonas-prohibidas\/\"},\"author\":{\"name\":\"Dar\u00edo Aranda\",\"@id\":\"https:\/\/www.pressenza.com\/es\/#\/schema\/person\/0e60cd529ef3ecd836a42735fa83478b\"},\"headline\":\"Miner\u00eda en zonas prohibidas\",\"datePublished\":\"2016-12-15T12:13:25+00:00\",\"mainEntityOfPage\":{\"@id\":\"https:\/\/www.pressenza.com\/es\/2016\/12\/mineria-en-zonas-prohibidas\/\"},\"wordCount\":854,\"publisher\":{\"@id\":\"https:\/\/www.pressenza.com\/es\/#organization\"},\"image\":{\"@id\":\"https:\/\/www.pressenza.com\/es\/2016\/12\/mineria-en-zonas-prohibidas\/#primaryimage\"},\"thumbnailUrl\":\"https:\/\/www.pressenza.com\/wp-content\/uploads\/2016\/12\/13616116233_1d685ba5a3_b.jpg\",\"keywords\":[\"Agua Rica\",\"ambiente\",\"Barrick Gold\",\"Bergman\",\"Catamarca\",\"glaciares\",\"Ley de glaciares\",\"megaminer\u00eda\",\"Miner\u00eda\",\"Pascua Lama\",\"San Juan\",\"Veladero\",\"Yamana Gold\"],\"articleSection\":[\"Contenido Original\",\"Ecolog\u00eda y Medio Ambiente\",\"Sudam\u00e9rica\"],\"inLanguage\":\"es\"},{\"@type\":\"WebPage\",\"@id\":\"https:\/\/www.pressenza.com\/es\/2016\/12\/mineria-en-zonas-prohibidas\/\",\"url\":\"https:\/\/www.pressenza.com\/es\/2016\/12\/mineria-en-zonas-prohibidas\/\",\"name\":\"Miner\u00eda en zonas prohibidas\",\"isPartOf\":{\"@id\":\"https:\/\/www.pressenza.com\/es\/#website\"},\"primaryImageOfPage\":{\"@id\":\"https:\/\/www.pressenza.com\/es\/2016\/12\/mineria-en-zonas-prohibidas\/#primaryimage\"},\"image\":{\"@id\":\"https:\/\/www.pressenza.com\/es\/2016\/12\/mineria-en-zonas-prohibidas\/#primaryimage\"},\"thumbnailUrl\":\"https:\/\/www.pressenza.com\/wp-content\/uploads\/2016\/12\/13616116233_1d685ba5a3_b.jpg\",\"datePublished\":\"2016-12-15T12:13:25+00:00\",\"description\":\"Documentos oficiales del Ministerio de Ambiente se\u00f1alan la existencia de al menos 44 proyectos mineros \u201ccercanos\u201d o sobre glaciares, aunque la Ley\",\"breadcrumb\":{\"@id\":\"https:\/\/www.pressenza.com\/es\/2016\/12\/mineria-en-zonas-prohibidas\/#breadcrumb\"},\"inLanguage\":\"es\",\"potentialAction\":[{\"@type\":\"ReadAction\",\"target\":[\"https:\/\/www.pressenza.com\/es\/2016\/12\/mineria-en-zonas-prohibidas\/\"]}]},{\"@type\":\"ImageObject\",\"inLanguage\":\"es\",\"@id\":\"https:\/\/www.pressenza.com\/es\/2016\/12\/mineria-en-zonas-prohibidas\/#primaryimage\",\"url\":\"https:\/\/www.pressenza.com\/wp-content\/uploads\/2016\/12\/13616116233_1d685ba5a3_b.jpg\",\"contentUrl\":\"https:\/\/www.pressenza.com\/wp-content\/uploads\/2016\/12\/13616116233_1d685ba5a3_b.jpg\",\"width\":1024,\"height\":624},{\"@type\":\"BreadcrumbList\",\"@id\":\"https:\/\/www.pressenza.com\/es\/2016\/12\/mineria-en-zonas-prohibidas\/#breadcrumb\",\"itemListElement\":[{\"@type\":\"ListItem\",\"position\":1,\"name\":\"Accueil\",\"item\":\"https:\/\/www.pressenza.com\/es\/\"},{\"@type\":\"ListItem\",\"position\":2,\"name\":\"Miner\u00eda en zonas prohibidas\"}]},{\"@type\":\"WebSite\",\"@id\":\"https:\/\/www.pressenza.com\/es\/#website\",\"url\":\"https:\/\/www.pressenza.com\/es\/\",\"name\":\"Pressenza\",\"description\":\"International Press Agency\",\"publisher\":{\"@id\":\"https:\/\/www.pressenza.com\/es\/#organization\"},\"potentialAction\":[{\"@type\":\"SearchAction\",\"target\":{\"@type\":\"EntryPoint\",\"urlTemplate\":\"https:\/\/www.pressenza.com\/es\/?s={search_term_string}\"},\"query-input\":{\"@type\":\"PropertyValueSpecification\",\"valueRequired\":true,\"valueName\":\"search_term_string\"}}],\"inLanguage\":\"es\"},{\"@type\":\"Organization\",\"@id\":\"https:\/\/www.pressenza.com\/es\/#organization\",\"name\":\"Pressenza\",\"url\":\"https:\/\/www.pressenza.com\/es\/\",\"logo\":{\"@type\":\"ImageObject\",\"inLanguage\":\"es\",\"@id\":\"https:\/\/www.pressenza.com\/es\/#\/schema\/logo\/image\/\",\"url\":\"https:\/\/www.pressenza.com\/wp-content\/uploads\/2022\/10\/pressenza_logo_200x200.jpg\",\"contentUrl\":\"https:\/\/www.pressenza.com\/wp-content\/uploads\/2022\/10\/pressenza_logo_200x200.jpg\",\"width\":200,\"height\":200,\"caption\":\"Pressenza\"},\"image\":{\"@id\":\"https:\/\/www.pressenza.com\/es\/#\/schema\/logo\/image\/\"},\"sameAs\":[\"https:\/\/www.facebook.com\/PressenzaItalia\",\"https:\/\/x.com\/PressenzaIPA\"]},{\"@type\":\"Person\",\"@id\":\"https:\/\/www.pressenza.com\/es\/#\/schema\/person\/0e60cd529ef3ecd836a42735fa83478b\",\"name\":\"Dar\u00edo Aranda\",\"description\":\"Dar\u00edo Aranda (argentino, 1977) es periodista. Especializado en extractivismo (petr\u00f3leo, miner\u00eda, agronegocios y forestales), escribe sobre el acontecer de los pueblos ind\u00edgenas, organizaciones campesinas y asambleas socioambientales. www.darioaranda.com.ar\",\"url\":\"https:\/\/www.pressenza.com\/es\/author\/dario-aranda\/\"}]}<\/script>\n<!-- \/ Yoast SEO plugin. -->","yoast_head_json":{"title":"Miner\u00eda en zonas prohibidas","description":"Documentos oficiales del Ministerio de Ambiente se\u00f1alan la existencia de al menos 44 proyectos mineros \u201ccercanos\u201d o sobre glaciares, aunque la Ley","robots":{"index":"index","follow":"follow","max-snippet":"max-snippet:-1","max-image-preview":"max-image-preview:large","max-video-preview":"max-video-preview:-1"},"canonical":"https:\/\/www.pressenza.com\/es\/2016\/12\/mineria-en-zonas-prohibidas\/","og_locale":"es_ES","og_type":"article","og_title":"Miner\u00eda en zonas prohibidas","og_description":"Documentos oficiales del Ministerio de Ambiente se\u00f1alan la existencia de al menos 44 proyectos mineros \u201ccercanos\u201d o sobre glaciares, aunque la Ley","og_url":"https:\/\/www.pressenza.com\/es\/2016\/12\/mineria-en-zonas-prohibidas\/","og_site_name":"Pressenza","article_publisher":"https:\/\/www.facebook.com\/PressenzaItalia","article_published_time":"2016-12-15T12:13:25+00:00","og_image":[{"width":1024,"height":624,"url":"https:\/\/www.pressenza.com\/wp-content\/uploads\/2016\/12\/13616116233_1d685ba5a3_b.jpg","type":"image\/jpeg"}],"author":"Dar\u00edo Aranda","twitter_card":"summary_large_image","twitter_creator":"@PressenzaIPA","twitter_site":"@PressenzaIPA","twitter_misc":{"Escrito por":"Dar\u00edo Aranda","Tiempo de lectura":"4 minutos"},"schema":{"@context":"https:\/\/schema.org","@graph":[{"@type":"Article","@id":"https:\/\/www.pressenza.com\/es\/2016\/12\/mineria-en-zonas-prohibidas\/#article","isPartOf":{"@id":"https:\/\/www.pressenza.com\/es\/2016\/12\/mineria-en-zonas-prohibidas\/"},"author":{"name":"Dar\u00edo Aranda","@id":"https:\/\/www.pressenza.com\/es\/#\/schema\/person\/0e60cd529ef3ecd836a42735fa83478b"},"headline":"Miner\u00eda en zonas prohibidas","datePublished":"2016-12-15T12:13:25+00:00","mainEntityOfPage":{"@id":"https:\/\/www.pressenza.com\/es\/2016\/12\/mineria-en-zonas-prohibidas\/"},"wordCount":854,"publisher":{"@id":"https:\/\/www.pressenza.com\/es\/#organization"},"image":{"@id":"https:\/\/www.pressenza.com\/es\/2016\/12\/mineria-en-zonas-prohibidas\/#primaryimage"},"thumbnailUrl":"https:\/\/www.pressenza.com\/wp-content\/uploads\/2016\/12\/13616116233_1d685ba5a3_b.jpg","keywords":["Agua Rica","ambiente","Barrick Gold","Bergman","Catamarca","glaciares","Ley de glaciares","megaminer\u00eda","Miner\u00eda","Pascua Lama","San Juan","Veladero","Yamana Gold"],"articleSection":["Contenido Original","Ecolog\u00eda y Medio Ambiente","Sudam\u00e9rica"],"inLanguage":"es"},{"@type":"WebPage","@id":"https:\/\/www.pressenza.com\/es\/2016\/12\/mineria-en-zonas-prohibidas\/","url":"https:\/\/www.pressenza.com\/es\/2016\/12\/mineria-en-zonas-prohibidas\/","name":"Miner\u00eda en zonas prohibidas","isPartOf":{"@id":"https:\/\/www.pressenza.com\/es\/#website"},"primaryImageOfPage":{"@id":"https:\/\/www.pressenza.com\/es\/2016\/12\/mineria-en-zonas-prohibidas\/#primaryimage"},"image":{"@id":"https:\/\/www.pressenza.com\/es\/2016\/12\/mineria-en-zonas-prohibidas\/#primaryimage"},"thumbnailUrl":"https:\/\/www.pressenza.com\/wp-content\/uploads\/2016\/12\/13616116233_1d685ba5a3_b.jpg","datePublished":"2016-12-15T12:13:25+00:00","description":"Documentos oficiales del Ministerio de Ambiente se\u00f1alan la existencia de al menos 44 proyectos mineros \u201ccercanos\u201d o sobre glaciares, aunque la Ley","breadcrumb":{"@id":"https:\/\/www.pressenza.com\/es\/2016\/12\/mineria-en-zonas-prohibidas\/#breadcrumb"},"inLanguage":"es","potentialAction":[{"@type":"ReadAction","target":["https:\/\/www.pressenza.com\/es\/2016\/12\/mineria-en-zonas-prohibidas\/"]}]},{"@type":"ImageObject","inLanguage":"es","@id":"https:\/\/www.pressenza.com\/es\/2016\/12\/mineria-en-zonas-prohibidas\/#primaryimage","url":"https:\/\/www.pressenza.com\/wp-content\/uploads\/2016\/12\/13616116233_1d685ba5a3_b.jpg","contentUrl":"https:\/\/www.pressenza.com\/wp-content\/uploads\/2016\/12\/13616116233_1d685ba5a3_b.jpg","width":1024,"height":624},{"@type":"BreadcrumbList","@id":"https:\/\/www.pressenza.com\/es\/2016\/12\/mineria-en-zonas-prohibidas\/#breadcrumb","itemListElement":[{"@type":"ListItem","position":1,"name":"Accueil","item":"https:\/\/www.pressenza.com\/es\/"},{"@type":"ListItem","position":2,"name":"Miner\u00eda en zonas prohibidas"}]},{"@type":"WebSite","@id":"https:\/\/www.pressenza.com\/es\/#website","url":"https:\/\/www.pressenza.com\/es\/","name":"Pressenza","description":"International Press Agency","publisher":{"@id":"https:\/\/www.pressenza.com\/es\/#organization"},"potentialAction":[{"@type":"SearchAction","target":{"@type":"EntryPoint","urlTemplate":"https:\/\/www.pressenza.com\/es\/?s={search_term_string}"},"query-input":{"@type":"PropertyValueSpecification","valueRequired":true,"valueName":"search_term_string"}}],"inLanguage":"es"},{"@type":"Organization","@id":"https:\/\/www.pressenza.com\/es\/#organization","name":"Pressenza","url":"https:\/\/www.pressenza.com\/es\/","logo":{"@type":"ImageObject","inLanguage":"es","@id":"https:\/\/www.pressenza.com\/es\/#\/schema\/logo\/image\/","url":"https:\/\/www.pressenza.com\/wp-content\/uploads\/2022\/10\/pressenza_logo_200x200.jpg","contentUrl":"https:\/\/www.pressenza.com\/wp-content\/uploads\/2022\/10\/pressenza_logo_200x200.jpg","width":200,"height":200,"caption":"Pressenza"},"image":{"@id":"https:\/\/www.pressenza.com\/es\/#\/schema\/logo\/image\/"},"sameAs":["https:\/\/www.facebook.com\/PressenzaItalia","https:\/\/x.com\/PressenzaIPA"]},{"@type":"Person","@id":"https:\/\/www.pressenza.com\/es\/#\/schema\/person\/0e60cd529ef3ecd836a42735fa83478b","name":"Dar\u00edo Aranda","description":"Dar\u00edo Aranda (argentino, 1977) es periodista. Especializado en extractivismo (petr\u00f3leo, miner\u00eda, agronegocios y forestales), escribe sobre el acontecer de los pueblos ind\u00edgenas, organizaciones campesinas y asambleas socioambientales. www.darioaranda.com.ar","url":"https:\/\/www.pressenza.com\/es\/author\/dario-aranda\/"}]}},"place":"Argentina","original_article_url":"","_links":{"self":[{"href":"https:\/\/www.pressenza.com\/es\/wp-json\/wp\/v2\/posts\/409815","targetHints":{"allow":["GET"]}}],"collection":[{"href":"https:\/\/www.pressenza.com\/es\/wp-json\/wp\/v2\/posts"}],"about":[{"href":"https:\/\/www.pressenza.com\/es\/wp-json\/wp\/v2\/types\/post"}],"author":[{"embeddable":true,"href":"https:\/\/www.pressenza.com\/es\/wp-json\/wp\/v2\/users\/1210"}],"replies":[{"embeddable":true,"href":"https:\/\/www.pressenza.com\/es\/wp-json\/wp\/v2\/comments?post=409815"}],"version-history":[{"count":0,"href":"https:\/\/www.pressenza.com\/es\/wp-json\/wp\/v2\/posts\/409815\/revisions"}],"wp:featuredmedia":[{"embeddable":true,"href":"https:\/\/www.pressenza.com\/es\/wp-json\/wp\/v2\/media\/409816"}],"wp:attachment":[{"href":"https:\/\/www.pressenza.com\/es\/wp-json\/wp\/v2\/media?parent=409815"}],"wp:term":[{"taxonomy":"category","embeddable":true,"href":"https:\/\/www.pressenza.com\/es\/wp-json\/wp\/v2\/categories?post=409815"},{"taxonomy":"post_tag","embeddable":true,"href":"https:\/\/www.pressenza.com\/es\/wp-json\/wp\/v2\/tags?post=409815"}],"curies":[{"name":"wp","href":"https:\/\/api.w.org\/{rel}","templated":true}]}}