{"id":40940,"date":"2013-03-02T14:22:41","date_gmt":"2013-03-02T14:22:41","guid":{"rendered":"http:\/\/www.pressenza.com\/?p=40940"},"modified":"2013-03-02T14:22:41","modified_gmt":"2013-03-02T14:22:41","slug":"una-nube-en-el-futuro","status":"publish","type":"post","link":"https:\/\/www.pressenza.com\/es\/2013\/03\/una-nube-en-el-futuro\/","title":{"rendered":"Una Nube en el Futuro"},"content":{"rendered":"<p>La noticia se difundi\u00f3 en Argentina este mediod\u00eda, mientras la Presidente Cristina Fern\u00e1ndez de Kirchner daba su discurso inaugurando el a\u00f1o legislativo y, por tanto, no pudo hacer referencia a ella. El tema es el pago de los bonos en poder de los \u201cFondos Buitres\u201d -as\u00ed llamados por buscar ventaja de cad\u00e1veres financieros- que no aceptaron el canje en las mismas condiciones que el 93 por ciento de los acreedores de un pa\u00eds en default o cesaci\u00f3n de pagos.<\/p>\n<p>Hagamos un breve repaso de la propuesta que en septiembre de 2003, el gobierno de N\u00e9stor Kirchner efectu\u00f3 para enfrentar la virtual quiebra del pa\u00eds. Realiz\u00f3 entonces una oferta a los poseedores de bonos de la deuda argentina que consist\u00eda en pagar con una quita promedio del 75% del valor nominal. \u201cLos acreedores privados -precisaba la comunicaci\u00f3n oficial- podr\u00edan escoger entre tres bonos: un Discount -con una reducci\u00f3n del valor nominal-, bonos Par -con mayores plazos de vencimiento y sin reducci\u00f3n o con una peque\u00f1a reducci\u00f3n de su valor de capital-, y bonos C -que requerir\u00edan un aporte de fondos-. Los nuevos t\u00edtulos se podr\u00edan consolidar en d\u00f3lares, euros, yenes o pesos indexados\u201d.<\/p>\n<p>La propuesta no era disparatada: la ley de quiebra de Argentina, aplicable a las empresas y particulares, establece que cuando se alcanza el porcentaje que aprueban los acreedores, ese es el monto a pagar. A falta de una norma internacional que regule esta situaci\u00f3n similar a una quiebra, el gobierno propuso un modo y una cifra inicial que depend\u00eda -para su \u00e9xito- de la aprobaci\u00f3n de los acreedores.<\/p>\n<p>Ante el rechazo inicial de la propuesta, se present\u00f3 un nuevo plan donde la quita se reduc\u00eda a promedios de entre el 63 y el 45 por ciento. Para no abrumar con datos, digamos que despu\u00e9s de debates, reconsideraciones y ajustes, los acreedores aceptaron una quita en porcentajes variables seg\u00fan el bono, que se estima en alrededor del 60 por ciento promedio.<\/p>\n<p>La argumentaci\u00f3n de N\u00e9stor Kirchner en aquel momento era que \u201ccreciendo nuestra econom\u00eda mejorar\u00e1 nuestra capacidad de pago\u201d. Y advert\u00eda: \u201cNo pagaremos la deuda a costa del hambre y la exclusi\u00f3n de millones de argentinos generando m\u00e1s pobreza y aumentando la conflictividad social, para que el pa\u00eds vuelva a explotar\u201d.<\/p>\n<p>La mayor\u00eda -93 por ciento- de los bonistas acept\u00f3. Los que no admitieron la propuesta de reestructuraci\u00f3n se denominan holdouts. Popularmente llamados \u201cfondos Buitres\u201d, tienen su sede en la isla brit\u00e1nica de Caim\u00e1n y se dedican a obtener una ganancia f\u00e1cil de los moment\u00e1neamente d\u00e9biles. Su comportamiento es similar al del ave carro\u00f1era.<\/p>\n<p>Los principales tenedores de estos bonos son el NML Capital Ltd. y el EM Ltd. Demandan cifras muy superiores a las ya pagadas y han ido contra los bienes argentinos en el extranjero; desde el embargo de una cuenta del Banco Central de Argentina hasta la retenci\u00f3n de la fragata ARA Libertad (Q-2), un buque escuela de marinos, que estuvo anclado en un puerto de Nigeria. No tuvieron \u00e9xito, hasta que el juez Thomas Griesa determin\u00f3 que Argentina deber\u00eda abonar unos 1.300 millones de d\u00f3lares a los fondos \u00abbuitres\u00bb. El riesgo de esta medida adversa para el pa\u00eds no es el monto en s\u00ed a pagar a los \u201cbuitres\u201d sino la catarata de juicios que pueden venir desde el 93 por ciento que acept\u00f3 una cifra menor. Se trata de montos imposibles de cancelar porque agotar\u00edan las reservas del Banco Central o se volver\u00eda al borde de la cesaci\u00f3n de pagos.<\/p>\n<p>El pa\u00eds reclam\u00f3 y la C\u00e1mara de Apelaciones de Nueva York pregunt\u00f3 hoy, y da plazo hasta el d\u00eda 29 para contestar, cu\u00e1nto y en qu\u00e9 plazo pagar\u00e1 Argentina. O sea: cu\u00e1l es la f\u00f3rmula de pago. Esa es la noticia difundida hoy al mediod\u00eda.<\/p>\n<p>El requerimiento de la C\u00e1mara debe ser interpretado. \u00bfSignifica esto que se hace lugar a la apelaci\u00f3n? Porque Argentina nunca se neg\u00f3 a pagar, s\u00f3lo que quiere hacerlo en las mismas condiciones en que lo hizo con el resto. \u00bfO significa que la oferta del pa\u00eds ser\u00e1 considerada y, luego, aceptada o rechazada? \u00bfFijar\u00e1 la C\u00e1mara, en este \u00faltimo caso, un monto obligatorio para Argentina? No lo sabemos y hay opiniones encontradas.<\/p>\n<p>Pensamos que primar\u00e1 el sentido com\u00fan y no se\u00a0 privilegiar\u00e1n las exigencias de un 7 por ciento que busca lucrar por sobre el acuerdo del 93 por ciento. Y no se condenar\u00e1 a todo un pueblo que est\u00e1 saliendo de un aut\u00e9ntico infierno a volver a \u00e9l ya que siguen vigentes las palabras de N\u00e9stor Kirchner: \u201cdebemos tener presente que la masa de recursos es la que existe y no puede incrementarse ni milagrosa ni explosivamente\u201d.<\/p>\n<p>Tampoco es imposible que Argentina tenga un rev\u00e9s: en gran medida depende de la justicia estadounidense, un pa\u00eds donde el lucro es uno de los valores centrales. Por ahora, es una nube -muchos la ven negra- en el futuro.<\/p>\n","protected":false},"excerpt":{"rendered":"<p>La noticia se difundi\u00f3 en Argentina este mediod\u00eda, mientras la Presidente Cristina Fern\u00e1ndez de Kirchner daba su discurso inaugurando el a\u00f1o legislativo y, por tanto, no pudo hacer referencia a ella. El tema es el pago de los bonos en&hellip;<\/p>\n","protected":false},"author":84,"featured_media":41352,"comment_status":"closed","ping_status":"open","sticky":false,"template":"","format":"standard","meta":{"footnotes":""},"categories":[81,161,67],"tags":[26],"class_list":["post-40940","post","type-post","status-publish","format-standard","has-post-thumbnail","hentry","category-economia-es","category-opiniones","category-sudamerica","tag-argentina"],"yoast_head":"<!-- This site is optimized with the Yoast SEO plugin v27.1.1 - https:\/\/yoast.com\/product\/yoast-seo-wordpress\/ -->\n<title>Una Nube en el Futuro<\/title>\n<meta name=\"description\" content=\"La noticia se difundi\u00f3 en Argentina este mediod\u00eda, mientras la Presidente Cristina Fern\u00e1ndez de Kirchner daba su discurso inaugurando el a\u00f1o legislativo\" \/>\n<meta name=\"robots\" content=\"index, follow, max-snippet:-1, max-image-preview:large, max-video-preview:-1\" \/>\n<link rel=\"canonical\" href=\"https:\/\/www.pressenza.com\/es\/2013\/03\/una-nube-en-el-futuro\/\" \/>\n<meta property=\"og:locale\" content=\"es_ES\" \/>\n<meta property=\"og:type\" content=\"article\" \/>\n<meta property=\"og:title\" content=\"Una Nube en el Futuro\" \/>\n<meta property=\"og:description\" content=\"La noticia se difundi\u00f3 en Argentina este mediod\u00eda, mientras la Presidente Cristina Fern\u00e1ndez de Kirchner daba su discurso inaugurando el a\u00f1o legislativo\" \/>\n<meta property=\"og:url\" content=\"https:\/\/www.pressenza.com\/es\/2013\/03\/una-nube-en-el-futuro\/\" \/>\n<meta property=\"og:site_name\" content=\"Pressenza\" \/>\n<meta property=\"article:publisher\" content=\"https:\/\/www.facebook.com\/PressenzaItalia\" \/>\n<meta property=\"article:published_time\" content=\"2013-03-02T14:22:41+00:00\" \/>\n<meta property=\"og:image\" content=\"https:\/\/www.pressenza.com\/wp-content\/uploads\/2013\/03\/Nubes.jpg\" \/>\n\t<meta property=\"og:image:width\" content=\"480\" \/>\n\t<meta property=\"og:image:height\" content=\"405\" \/>\n\t<meta property=\"og:image:type\" content=\"image\/jpeg\" \/>\n<meta name=\"author\" content=\"Luis Ammann\" \/>\n<meta name=\"twitter:card\" content=\"summary_large_image\" \/>\n<meta name=\"twitter:creator\" content=\"@PressenzaIPA\" \/>\n<meta name=\"twitter:site\" content=\"@PressenzaIPA\" \/>\n<meta name=\"twitter:label1\" content=\"Escrito por\" \/>\n\t<meta name=\"twitter:data1\" content=\"Luis Ammann\" \/>\n\t<meta name=\"twitter:label2\" content=\"Tiempo de lectura\" \/>\n\t<meta name=\"twitter:data2\" content=\"4 minutos\" \/>\n<script type=\"application\/ld+json\" class=\"yoast-schema-graph\">{\"@context\":\"https:\/\/schema.org\",\"@graph\":[{\"@type\":\"Article\",\"@id\":\"https:\/\/www.pressenza.com\/es\/2013\/03\/una-nube-en-el-futuro\/#article\",\"isPartOf\":{\"@id\":\"https:\/\/www.pressenza.com\/es\/2013\/03\/una-nube-en-el-futuro\/\"},\"author\":{\"name\":\"Luis Ammann\",\"@id\":\"https:\/\/www.pressenza.com\/es\/#\/schema\/person\/e30e241b8a43d47c996cf31dbc7b882c\"},\"headline\":\"Una Nube en el Futuro\",\"datePublished\":\"2013-03-02T14:22:41+00:00\",\"mainEntityOfPage\":{\"@id\":\"https:\/\/www.pressenza.com\/es\/2013\/03\/una-nube-en-el-futuro\/\"},\"wordCount\":867,\"publisher\":{\"@id\":\"https:\/\/www.pressenza.com\/es\/#organization\"},\"image\":{\"@id\":\"https:\/\/www.pressenza.com\/es\/2013\/03\/una-nube-en-el-futuro\/#primaryimage\"},\"thumbnailUrl\":\"https:\/\/www.pressenza.com\/wp-content\/uploads\/2013\/03\/Nubes.jpg\",\"keywords\":[\"Argentina\"],\"articleSection\":[\"Econom\u00eda\",\"Opiniones\",\"Sudam\u00e9rica\"],\"inLanguage\":\"es\"},{\"@type\":\"WebPage\",\"@id\":\"https:\/\/www.pressenza.com\/es\/2013\/03\/una-nube-en-el-futuro\/\",\"url\":\"https:\/\/www.pressenza.com\/es\/2013\/03\/una-nube-en-el-futuro\/\",\"name\":\"Una Nube en el Futuro\",\"isPartOf\":{\"@id\":\"https:\/\/www.pressenza.com\/es\/#website\"},\"primaryImageOfPage\":{\"@id\":\"https:\/\/www.pressenza.com\/es\/2013\/03\/una-nube-en-el-futuro\/#primaryimage\"},\"image\":{\"@id\":\"https:\/\/www.pressenza.com\/es\/2013\/03\/una-nube-en-el-futuro\/#primaryimage\"},\"thumbnailUrl\":\"https:\/\/www.pressenza.com\/wp-content\/uploads\/2013\/03\/Nubes.jpg\",\"datePublished\":\"2013-03-02T14:22:41+00:00\",\"description\":\"La noticia se difundi\u00f3 en Argentina este mediod\u00eda, mientras la Presidente Cristina Fern\u00e1ndez de Kirchner daba su discurso inaugurando el a\u00f1o legislativo\",\"breadcrumb\":{\"@id\":\"https:\/\/www.pressenza.com\/es\/2013\/03\/una-nube-en-el-futuro\/#breadcrumb\"},\"inLanguage\":\"es\",\"potentialAction\":[{\"@type\":\"ReadAction\",\"target\":[\"https:\/\/www.pressenza.com\/es\/2013\/03\/una-nube-en-el-futuro\/\"]}]},{\"@type\":\"ImageObject\",\"inLanguage\":\"es\",\"@id\":\"https:\/\/www.pressenza.com\/es\/2013\/03\/una-nube-en-el-futuro\/#primaryimage\",\"url\":\"https:\/\/www.pressenza.com\/wp-content\/uploads\/2013\/03\/Nubes.jpg\",\"contentUrl\":\"https:\/\/www.pressenza.com\/wp-content\/uploads\/2013\/03\/Nubes.jpg\",\"width\":480,\"height\":405},{\"@type\":\"BreadcrumbList\",\"@id\":\"https:\/\/www.pressenza.com\/es\/2013\/03\/una-nube-en-el-futuro\/#breadcrumb\",\"itemListElement\":[{\"@type\":\"ListItem\",\"position\":1,\"name\":\"Accueil\",\"item\":\"https:\/\/www.pressenza.com\/es\/\"},{\"@type\":\"ListItem\",\"position\":2,\"name\":\"Una Nube en el Futuro\"}]},{\"@type\":\"WebSite\",\"@id\":\"https:\/\/www.pressenza.com\/es\/#website\",\"url\":\"https:\/\/www.pressenza.com\/es\/\",\"name\":\"Pressenza\",\"description\":\"International Press Agency\",\"publisher\":{\"@id\":\"https:\/\/www.pressenza.com\/es\/#organization\"},\"potentialAction\":[{\"@type\":\"SearchAction\",\"target\":{\"@type\":\"EntryPoint\",\"urlTemplate\":\"https:\/\/www.pressenza.com\/es\/?s={search_term_string}\"},\"query-input\":{\"@type\":\"PropertyValueSpecification\",\"valueRequired\":true,\"valueName\":\"search_term_string\"}}],\"inLanguage\":\"es\"},{\"@type\":\"Organization\",\"@id\":\"https:\/\/www.pressenza.com\/es\/#organization\",\"name\":\"Pressenza\",\"url\":\"https:\/\/www.pressenza.com\/es\/\",\"logo\":{\"@type\":\"ImageObject\",\"inLanguage\":\"es\",\"@id\":\"https:\/\/www.pressenza.com\/es\/#\/schema\/logo\/image\/\",\"url\":\"https:\/\/www.pressenza.com\/wp-content\/uploads\/2022\/10\/pressenza_logo_200x200.jpg\",\"contentUrl\":\"https:\/\/www.pressenza.com\/wp-content\/uploads\/2022\/10\/pressenza_logo_200x200.jpg\",\"width\":200,\"height\":200,\"caption\":\"Pressenza\"},\"image\":{\"@id\":\"https:\/\/www.pressenza.com\/es\/#\/schema\/logo\/image\/\"},\"sameAs\":[\"https:\/\/www.facebook.com\/PressenzaItalia\",\"https:\/\/x.com\/PressenzaIPA\"]},{\"@type\":\"Person\",\"@id\":\"https:\/\/www.pressenza.com\/es\/#\/schema\/person\/e30e241b8a43d47c996cf31dbc7b882c\",\"name\":\"Luis Ammann\",\"description\":\"Escritor, Periodista y Pol\u00edtico Humanista\",\"url\":\"https:\/\/www.pressenza.com\/es\/author\/luis-ammann\/\"}]}<\/script>\n<!-- \/ Yoast SEO plugin. -->","yoast_head_json":{"title":"Una Nube en el Futuro","description":"La noticia se difundi\u00f3 en Argentina este mediod\u00eda, mientras la Presidente Cristina Fern\u00e1ndez de Kirchner daba su discurso inaugurando el a\u00f1o legislativo","robots":{"index":"index","follow":"follow","max-snippet":"max-snippet:-1","max-image-preview":"max-image-preview:large","max-video-preview":"max-video-preview:-1"},"canonical":"https:\/\/www.pressenza.com\/es\/2013\/03\/una-nube-en-el-futuro\/","og_locale":"es_ES","og_type":"article","og_title":"Una Nube en el Futuro","og_description":"La noticia se difundi\u00f3 en Argentina este mediod\u00eda, mientras la Presidente Cristina Fern\u00e1ndez de Kirchner daba su discurso inaugurando el a\u00f1o legislativo","og_url":"https:\/\/www.pressenza.com\/es\/2013\/03\/una-nube-en-el-futuro\/","og_site_name":"Pressenza","article_publisher":"https:\/\/www.facebook.com\/PressenzaItalia","article_published_time":"2013-03-02T14:22:41+00:00","og_image":[{"width":480,"height":405,"url":"https:\/\/www.pressenza.com\/wp-content\/uploads\/2013\/03\/Nubes.jpg","type":"image\/jpeg"}],"author":"Luis Ammann","twitter_card":"summary_large_image","twitter_creator":"@PressenzaIPA","twitter_site":"@PressenzaIPA","twitter_misc":{"Escrito por":"Luis Ammann","Tiempo de lectura":"4 minutos"},"schema":{"@context":"https:\/\/schema.org","@graph":[{"@type":"Article","@id":"https:\/\/www.pressenza.com\/es\/2013\/03\/una-nube-en-el-futuro\/#article","isPartOf":{"@id":"https:\/\/www.pressenza.com\/es\/2013\/03\/una-nube-en-el-futuro\/"},"author":{"name":"Luis Ammann","@id":"https:\/\/www.pressenza.com\/es\/#\/schema\/person\/e30e241b8a43d47c996cf31dbc7b882c"},"headline":"Una Nube en el Futuro","datePublished":"2013-03-02T14:22:41+00:00","mainEntityOfPage":{"@id":"https:\/\/www.pressenza.com\/es\/2013\/03\/una-nube-en-el-futuro\/"},"wordCount":867,"publisher":{"@id":"https:\/\/www.pressenza.com\/es\/#organization"},"image":{"@id":"https:\/\/www.pressenza.com\/es\/2013\/03\/una-nube-en-el-futuro\/#primaryimage"},"thumbnailUrl":"https:\/\/www.pressenza.com\/wp-content\/uploads\/2013\/03\/Nubes.jpg","keywords":["Argentina"],"articleSection":["Econom\u00eda","Opiniones","Sudam\u00e9rica"],"inLanguage":"es"},{"@type":"WebPage","@id":"https:\/\/www.pressenza.com\/es\/2013\/03\/una-nube-en-el-futuro\/","url":"https:\/\/www.pressenza.com\/es\/2013\/03\/una-nube-en-el-futuro\/","name":"Una Nube en el Futuro","isPartOf":{"@id":"https:\/\/www.pressenza.com\/es\/#website"},"primaryImageOfPage":{"@id":"https:\/\/www.pressenza.com\/es\/2013\/03\/una-nube-en-el-futuro\/#primaryimage"},"image":{"@id":"https:\/\/www.pressenza.com\/es\/2013\/03\/una-nube-en-el-futuro\/#primaryimage"},"thumbnailUrl":"https:\/\/www.pressenza.com\/wp-content\/uploads\/2013\/03\/Nubes.jpg","datePublished":"2013-03-02T14:22:41+00:00","description":"La noticia se difundi\u00f3 en Argentina este mediod\u00eda, mientras la Presidente Cristina Fern\u00e1ndez de Kirchner daba su discurso inaugurando el a\u00f1o legislativo","breadcrumb":{"@id":"https:\/\/www.pressenza.com\/es\/2013\/03\/una-nube-en-el-futuro\/#breadcrumb"},"inLanguage":"es","potentialAction":[{"@type":"ReadAction","target":["https:\/\/www.pressenza.com\/es\/2013\/03\/una-nube-en-el-futuro\/"]}]},{"@type":"ImageObject","inLanguage":"es","@id":"https:\/\/www.pressenza.com\/es\/2013\/03\/una-nube-en-el-futuro\/#primaryimage","url":"https:\/\/www.pressenza.com\/wp-content\/uploads\/2013\/03\/Nubes.jpg","contentUrl":"https:\/\/www.pressenza.com\/wp-content\/uploads\/2013\/03\/Nubes.jpg","width":480,"height":405},{"@type":"BreadcrumbList","@id":"https:\/\/www.pressenza.com\/es\/2013\/03\/una-nube-en-el-futuro\/#breadcrumb","itemListElement":[{"@type":"ListItem","position":1,"name":"Accueil","item":"https:\/\/www.pressenza.com\/es\/"},{"@type":"ListItem","position":2,"name":"Una Nube en el Futuro"}]},{"@type":"WebSite","@id":"https:\/\/www.pressenza.com\/es\/#website","url":"https:\/\/www.pressenza.com\/es\/","name":"Pressenza","description":"International Press Agency","publisher":{"@id":"https:\/\/www.pressenza.com\/es\/#organization"},"potentialAction":[{"@type":"SearchAction","target":{"@type":"EntryPoint","urlTemplate":"https:\/\/www.pressenza.com\/es\/?s={search_term_string}"},"query-input":{"@type":"PropertyValueSpecification","valueRequired":true,"valueName":"search_term_string"}}],"inLanguage":"es"},{"@type":"Organization","@id":"https:\/\/www.pressenza.com\/es\/#organization","name":"Pressenza","url":"https:\/\/www.pressenza.com\/es\/","logo":{"@type":"ImageObject","inLanguage":"es","@id":"https:\/\/www.pressenza.com\/es\/#\/schema\/logo\/image\/","url":"https:\/\/www.pressenza.com\/wp-content\/uploads\/2022\/10\/pressenza_logo_200x200.jpg","contentUrl":"https:\/\/www.pressenza.com\/wp-content\/uploads\/2022\/10\/pressenza_logo_200x200.jpg","width":200,"height":200,"caption":"Pressenza"},"image":{"@id":"https:\/\/www.pressenza.com\/es\/#\/schema\/logo\/image\/"},"sameAs":["https:\/\/www.facebook.com\/PressenzaItalia","https:\/\/x.com\/PressenzaIPA"]},{"@type":"Person","@id":"https:\/\/www.pressenza.com\/es\/#\/schema\/person\/e30e241b8a43d47c996cf31dbc7b882c","name":"Luis Ammann","description":"Escritor, Periodista y Pol\u00edtico Humanista","url":"https:\/\/www.pressenza.com\/es\/author\/luis-ammann\/"}]}},"place":"Buenos Aires","original_article_url":"","_links":{"self":[{"href":"https:\/\/www.pressenza.com\/es\/wp-json\/wp\/v2\/posts\/40940","targetHints":{"allow":["GET"]}}],"collection":[{"href":"https:\/\/www.pressenza.com\/es\/wp-json\/wp\/v2\/posts"}],"about":[{"href":"https:\/\/www.pressenza.com\/es\/wp-json\/wp\/v2\/types\/post"}],"author":[{"embeddable":true,"href":"https:\/\/www.pressenza.com\/es\/wp-json\/wp\/v2\/users\/84"}],"replies":[{"embeddable":true,"href":"https:\/\/www.pressenza.com\/es\/wp-json\/wp\/v2\/comments?post=40940"}],"version-history":[{"count":0,"href":"https:\/\/www.pressenza.com\/es\/wp-json\/wp\/v2\/posts\/40940\/revisions"}],"wp:featuredmedia":[{"embeddable":true,"href":"https:\/\/www.pressenza.com\/es\/wp-json\/wp\/v2\/media\/41352"}],"wp:attachment":[{"href":"https:\/\/www.pressenza.com\/es\/wp-json\/wp\/v2\/media?parent=40940"}],"wp:term":[{"taxonomy":"category","embeddable":true,"href":"https:\/\/www.pressenza.com\/es\/wp-json\/wp\/v2\/categories?post=40940"},{"taxonomy":"post_tag","embeddable":true,"href":"https:\/\/www.pressenza.com\/es\/wp-json\/wp\/v2\/tags?post=40940"}],"curies":[{"name":"wp","href":"https:\/\/api.w.org\/{rel}","templated":true}]}}