{"id":40865,"date":"2013-03-01T18:06:18","date_gmt":"2013-03-01T18:06:18","guid":{"rendered":"http:\/\/www.pressenza.com\/?p=40865"},"modified":"2016-04-02T12:15:27","modified_gmt":"2016-04-02T11:15:27","slug":"cristina-ante-el-congreso-esta-fue-una-decada-ganada-por-los-argentinos","status":"publish","type":"post","link":"https:\/\/www.pressenza.com\/es\/2013\/03\/cristina-ante-el-congreso-esta-fue-una-decada-ganada-por-los-argentinos\/","title":{"rendered":"Cristina, ante el Congreso: \u00ab\u00c9sta fue una d\u00e9cada ganada por los argentinos\u00bb"},"content":{"rendered":"<p>La Presidenta inaugura el 131 per\u00edodo de sesiones ordinarias del Congreso Nacional. Al iniciar su discurso, recalc\u00f3 el crecimiento del empleo y agradeci\u00f3 <strong>\u201ca todas las fuerzas pol\u00edticas por estos 30 a\u00f1os de democracia\u201d<\/strong><\/p>\n<p>\u00ab\u00c9sta es una d\u00e9cada ganada, no en t\u00e9rminos electorales ni partidarios, sino de recuperaci\u00f3n social, de desarrollo econ\u00f3mico, y de igualdad de los 40 millones de argentinos\u00bb, asegur\u00f3 Cristina al inaugurar el 131 per\u00edodo de sesiones ordinarias del Congreso Nacional.<\/p>\n<p>Puntualiz\u00f3 que \u00abel crecimiento con inclusi\u00f3n social es la clave\u00bb de estos diez a\u00f1os en que el kirchnerismo gobierna el pa\u00eds.<br \/>\n\u00abHab\u00edamos crecido en otras \u00e9pocas, las cifras lo demuestran, pero con gran exclusi\u00f3n social\u00bb, subray\u00f3 la Presidenta.<\/p>\n<p>Destac\u00f3 que \u00abno era un crecimiento que realmente pudiera exhibirse como tal\u00bb, porque, sostuvo, \u00abla econom\u00eda con la gente afuera es para beneficio de unos pocos\u00bb.<\/p>\n<p>En cambio, afirm\u00f3 que \u00abla econom\u00eda con la gente adentro, recuperando derechos, marca un rumbo diferente\u00bb.<\/p>\n<p>Precis\u00f3 que durante la \u00faltima d\u00e9cada \u00abse crearon 200 mil empresas, 64 por ciento m\u00e1s de las que hab\u00eda\u00bb al comienzo del gobierno de N\u00e9stor Kirchner.<\/p>\n<p>Tambi\u00e9n remarc\u00f3 que \u00abcasi 500 mil puestos por a\u00f1o se generaron, el triple de lo que se cre\u00f3 anualmente desde el inicio de la democracia\u00bb, en 1983, y afirm\u00f3 que \u00abse redujo en un 67 por ciento la desocupaci\u00f3n\u00bb.<\/p>\n<p>\u00abLlegamos al \u00faltimo trimestre de 2012 con 6,9 por ciento de desocupaci\u00f3n\u00bb, subray\u00f3 Cristina, quien se\u00f1al\u00f3 que \u00abse pas\u00f3 de homologar unos 300 convenios colectivos de trabajo a m\u00e1s de 1.500\u00bb.<\/p>\n<p>Adem\u00e1s destac\u00f3 que \u00abel salario m\u00ednimo creci\u00f3 1.338 por ciento\u00bb, y asegur\u00f3 que \u00abjam\u00e1s hubo una recuperaci\u00f3n tan importante\u00bb del ingreso de los trabajadores.<\/p>\n<p>Puntualiz\u00f3 que el salario m\u00ednimo se ubic\u00f3 en \u00ab2.875 pesos, frente a los 200 pesos de cuando \u00e9l (por Kirchner) se sent\u00f3 en este sill\u00f3n\u00bb en 2003, cuando las jubilaciones \u00aberan de 150 pesos\u00bb.<\/p>\n<p>La Presidenta indic\u00f3 que el salario m\u00ednimo argentino es actualmente \u00abel mejor de Am\u00e9rica Latina y comparado con otras grandes potencias emergentes\u00bb.<\/p>\n<p>Se\u00f1al\u00f3 que \u00aben los pa\u00edses desarrollados, los salarios son m\u00e1s altos, pero con 27 \u00f3 28 por ciento de desocupados\u00bb.<\/p>\n<p>Remarc\u00f3 que \u00abel salario m\u00ednimo es un testigo\u00bb, porque afirm\u00f3 que \u00abtodos los convenios colectivos tienen su m\u00ednimo muy por arriba\u00bb de ese valor.<\/p>\n<p>Adem\u00e1s destac\u00f3 que \u00ablo m\u00e1s bajo que aument\u00f3 el salario m\u00ednimo fue 21 por ciento en 2009, cuando hubo un crecimiento de 0,9 por ciento, casi inexistente\u00bb.<\/p>\n<p>Asimismo, precis\u00f3 que \u00abla cantidad de trabajadores registrados es las m\u00e1s alta de los \u00faltimos a\u00f1os, 92 por ciento m\u00e1s que hace diez a\u00f1os\u00bb.<\/p>\n<p>Se\u00f1al\u00f3 que desde 2003 hasta la fecha \u00abla Argentina es el pa\u00eds que tiene el \u00edndice m\u00e1s alto de cobertura social en Am\u00e9rica con 94,3 por ciento\u00bb.<\/p>\n<p>Precis\u00f3 que \u00aben 2003 hab\u00eda 3,1 millones personas con cobertura social, y hoy son casi seis millones\u00bb, y a\u00f1adi\u00f3 que \u00abel 45 por ciento que la tiene\u00bb es gracias al plan de inclusi\u00f3n que se hizo con aquellos trabajadores que con edad de jubilarse no ten\u00edan los aportes suficientes como para hacerlo.<\/p>\n<p>Al respecto, indic\u00f3 que \u00abla incorporaci\u00f3n ha sido una medida de equidad y justicia social\u00bb, y pidi\u00f3 \u00absolidaridad a la hora de evaluar el ingreso de esos nuevos jubilados al sistema\u00bb.<\/p>\n<p>Subray\u00f3 que la jubilaci\u00f3n m\u00ednima \u00abpas\u00f3 de 150 a 2.165 pesos\u00bb en 10 a\u00f1os, y afirm\u00f3 que \u00abla inversi\u00f3n destinada a jubilados y pensionados se increment\u00f3 de 4,1 a 7,7 por ciento del PBI\u00bb.<\/p>\n<p>\u00abLos recursos de los trabajadores argentinos, que cuando se recuperaron de las AFJP, luego de 12 a\u00f1os de administraci\u00f3n, eran de 80 mil millones de pesos y pasaron a conformar el Fondo de Garant\u00eda Sustentable son actualmente de 254 mil millones\u00bb, remarc\u00f3 Cristina.<\/p>\n","protected":false},"excerpt":{"rendered":"<p>La Presidenta inaugura el 131 per\u00edodo de sesiones ordinarias del Congreso Nacional. Al iniciar su discurso, recalc\u00f3 el crecimiento del empleo y agradeci\u00f3 \u201ca todas las fuerzas pol\u00edticas por estos 30 a\u00f1os de democracia\u201d \u00ab\u00c9sta es una d\u00e9cada ganada, no&hellip;<\/p>\n","protected":false},"author":494,"featured_media":40867,"comment_status":"closed","ping_status":"open","sticky":false,"template":"","format":"standard","meta":{"footnotes":""},"categories":[74,67],"tags":[932,1146],"class_list":["post-40865","post","type-post","status-publish","format-standard","has-post-thumbnail","hentry","category-politica-es","category-sudamerica","tag-argentina-en","tag-cristina-fernandez-de-kirchner"],"yoast_head":"<!-- This site is optimized with the Yoast SEO plugin v27.1.1 - https:\/\/yoast.com\/product\/yoast-seo-wordpress\/ -->\n<title>Cristina, ante el Congreso: &quot;\u00c9sta fue una d\u00e9cada ganada por los argentinos&quot;<\/title>\n<meta name=\"description\" content=\"La Presidenta inaugura el 131 per\u00edodo de sesiones ordinarias del Congreso Nacional. Al iniciar su discurso, recalc\u00f3 el crecimiento del empleo y agradeci\u00f3\" \/>\n<meta name=\"robots\" content=\"index, follow, max-snippet:-1, max-image-preview:large, max-video-preview:-1\" \/>\n<link rel=\"canonical\" href=\"https:\/\/www.pressenza.com\/es\/2013\/03\/cristina-ante-el-congreso-esta-fue-una-decada-ganada-por-los-argentinos\/\" \/>\n<meta property=\"og:locale\" content=\"es_ES\" \/>\n<meta property=\"og:type\" content=\"article\" \/>\n<meta property=\"og:title\" content=\"Cristina, ante el Congreso: &quot;\u00c9sta fue una d\u00e9cada ganada por los argentinos&quot;\" \/>\n<meta property=\"og:description\" content=\"La Presidenta inaugura el 131 per\u00edodo de sesiones ordinarias del Congreso Nacional. Al iniciar su discurso, recalc\u00f3 el crecimiento del empleo y agradeci\u00f3\" \/>\n<meta property=\"og:url\" content=\"https:\/\/www.pressenza.com\/es\/2013\/03\/cristina-ante-el-congreso-esta-fue-una-decada-ganada-por-los-argentinos\/\" \/>\n<meta property=\"og:site_name\" content=\"Pressenza\" \/>\n<meta property=\"article:publisher\" content=\"https:\/\/www.facebook.com\/PressenzaItalia\" \/>\n<meta property=\"article:author\" content=\"https:\/\/www.facebook.com\/AgenciaTELAM\" \/>\n<meta property=\"article:published_time\" content=\"2013-03-01T18:06:18+00:00\" \/>\n<meta property=\"article:modified_time\" content=\"2016-04-02T11:15:27+00:00\" \/>\n<meta property=\"og:image\" content=\"https:\/\/www.pressenza.com\/wp-content\/uploads\/2013\/03\/CF.jpg\" \/>\n\t<meta property=\"og:image:width\" content=\"662\" \/>\n\t<meta property=\"og:image:height\" content=\"441\" \/>\n\t<meta property=\"og:image:type\" content=\"image\/jpeg\" \/>\n<meta name=\"author\" content=\"T\u00e9lam - Agencia Nacional de Noticias de la Rep\u00fablica Argentina\" \/>\n<meta name=\"twitter:card\" content=\"summary_large_image\" \/>\n<meta name=\"twitter:creator\" content=\"@AgenciaTelam\" \/>\n<meta name=\"twitter:site\" content=\"@PressenzaIPA\" \/>\n<meta name=\"twitter:label1\" content=\"Escrito por\" \/>\n\t<meta name=\"twitter:data1\" content=\"T\u00e9lam - Agencia Nacional de Noticias de la Rep\u00fablica Argentina\" \/>\n\t<meta name=\"twitter:label2\" content=\"Tiempo de lectura\" \/>\n\t<meta name=\"twitter:data2\" content=\"3 minutos\" \/>\n<script type=\"application\/ld+json\" class=\"yoast-schema-graph\">{\"@context\":\"https:\/\/schema.org\",\"@graph\":[{\"@type\":\"Article\",\"@id\":\"https:\/\/www.pressenza.com\/es\/2013\/03\/cristina-ante-el-congreso-esta-fue-una-decada-ganada-por-los-argentinos\/#article\",\"isPartOf\":{\"@id\":\"https:\/\/www.pressenza.com\/es\/2013\/03\/cristina-ante-el-congreso-esta-fue-una-decada-ganada-por-los-argentinos\/\"},\"author\":{\"name\":\"T\u00e9lam - Agencia Nacional de Noticias de la Rep\u00fablica Argentina\",\"@id\":\"https:\/\/www.pressenza.com\/es\/#\/schema\/person\/f1a879435e38cd8f69eac14ebf21489e\"},\"headline\":\"Cristina, ante el Congreso: \u00ab\u00c9sta fue una d\u00e9cada ganada por los argentinos\u00bb\",\"datePublished\":\"2013-03-01T18:06:18+00:00\",\"dateModified\":\"2016-04-02T11:15:27+00:00\",\"mainEntityOfPage\":{\"@id\":\"https:\/\/www.pressenza.com\/es\/2013\/03\/cristina-ante-el-congreso-esta-fue-una-decada-ganada-por-los-argentinos\/\"},\"wordCount\":648,\"publisher\":{\"@id\":\"https:\/\/www.pressenza.com\/es\/#organization\"},\"image\":{\"@id\":\"https:\/\/www.pressenza.com\/es\/2013\/03\/cristina-ante-el-congreso-esta-fue-una-decada-ganada-por-los-argentinos\/#primaryimage\"},\"thumbnailUrl\":\"https:\/\/www.pressenza.com\/wp-content\/uploads\/2013\/03\/CF.jpg\",\"keywords\":[\"Argentina\",\"Cristina Fernandez de Kirchner\"],\"articleSection\":[\"Pol\u00edtica\",\"Sudam\u00e9rica\"],\"inLanguage\":\"es\"},{\"@type\":\"WebPage\",\"@id\":\"https:\/\/www.pressenza.com\/es\/2013\/03\/cristina-ante-el-congreso-esta-fue-una-decada-ganada-por-los-argentinos\/\",\"url\":\"https:\/\/www.pressenza.com\/es\/2013\/03\/cristina-ante-el-congreso-esta-fue-una-decada-ganada-por-los-argentinos\/\",\"name\":\"Cristina, ante el Congreso: \\\"\u00c9sta fue una d\u00e9cada ganada por los argentinos\\\"\",\"isPartOf\":{\"@id\":\"https:\/\/www.pressenza.com\/es\/#website\"},\"primaryImageOfPage\":{\"@id\":\"https:\/\/www.pressenza.com\/es\/2013\/03\/cristina-ante-el-congreso-esta-fue-una-decada-ganada-por-los-argentinos\/#primaryimage\"},\"image\":{\"@id\":\"https:\/\/www.pressenza.com\/es\/2013\/03\/cristina-ante-el-congreso-esta-fue-una-decada-ganada-por-los-argentinos\/#primaryimage\"},\"thumbnailUrl\":\"https:\/\/www.pressenza.com\/wp-content\/uploads\/2013\/03\/CF.jpg\",\"datePublished\":\"2013-03-01T18:06:18+00:00\",\"dateModified\":\"2016-04-02T11:15:27+00:00\",\"description\":\"La Presidenta inaugura el 131 per\u00edodo de sesiones ordinarias del Congreso Nacional. Al iniciar su discurso, recalc\u00f3 el crecimiento del empleo y agradeci\u00f3\",\"breadcrumb\":{\"@id\":\"https:\/\/www.pressenza.com\/es\/2013\/03\/cristina-ante-el-congreso-esta-fue-una-decada-ganada-por-los-argentinos\/#breadcrumb\"},\"inLanguage\":\"es\",\"potentialAction\":[{\"@type\":\"ReadAction\",\"target\":[\"https:\/\/www.pressenza.com\/es\/2013\/03\/cristina-ante-el-congreso-esta-fue-una-decada-ganada-por-los-argentinos\/\"]}]},{\"@type\":\"ImageObject\",\"inLanguage\":\"es\",\"@id\":\"https:\/\/www.pressenza.com\/es\/2013\/03\/cristina-ante-el-congreso-esta-fue-una-decada-ganada-por-los-argentinos\/#primaryimage\",\"url\":\"https:\/\/www.pressenza.com\/wp-content\/uploads\/2013\/03\/CF.jpg\",\"contentUrl\":\"https:\/\/www.pressenza.com\/wp-content\/uploads\/2013\/03\/CF.jpg\",\"width\":662,\"height\":441,\"caption\":\"Cristina Fernandez ante el Congreso\"},{\"@type\":\"BreadcrumbList\",\"@id\":\"https:\/\/www.pressenza.com\/es\/2013\/03\/cristina-ante-el-congreso-esta-fue-una-decada-ganada-por-los-argentinos\/#breadcrumb\",\"itemListElement\":[{\"@type\":\"ListItem\",\"position\":1,\"name\":\"Accueil\",\"item\":\"https:\/\/www.pressenza.com\/es\/\"},{\"@type\":\"ListItem\",\"position\":2,\"name\":\"Cristina, ante el Congreso: \u00ab\u00c9sta fue una d\u00e9cada ganada por los argentinos\u00bb\"}]},{\"@type\":\"WebSite\",\"@id\":\"https:\/\/www.pressenza.com\/es\/#website\",\"url\":\"https:\/\/www.pressenza.com\/es\/\",\"name\":\"Pressenza\",\"description\":\"International Press Agency\",\"publisher\":{\"@id\":\"https:\/\/www.pressenza.com\/es\/#organization\"},\"potentialAction\":[{\"@type\":\"SearchAction\",\"target\":{\"@type\":\"EntryPoint\",\"urlTemplate\":\"https:\/\/www.pressenza.com\/es\/?s={search_term_string}\"},\"query-input\":{\"@type\":\"PropertyValueSpecification\",\"valueRequired\":true,\"valueName\":\"search_term_string\"}}],\"inLanguage\":\"es\"},{\"@type\":\"Organization\",\"@id\":\"https:\/\/www.pressenza.com\/es\/#organization\",\"name\":\"Pressenza\",\"url\":\"https:\/\/www.pressenza.com\/es\/\",\"logo\":{\"@type\":\"ImageObject\",\"inLanguage\":\"es\",\"@id\":\"https:\/\/www.pressenza.com\/es\/#\/schema\/logo\/image\/\",\"url\":\"https:\/\/www.pressenza.com\/wp-content\/uploads\/2022\/10\/pressenza_logo_200x200.jpg\",\"contentUrl\":\"https:\/\/www.pressenza.com\/wp-content\/uploads\/2022\/10\/pressenza_logo_200x200.jpg\",\"width\":200,\"height\":200,\"caption\":\"Pressenza\"},\"image\":{\"@id\":\"https:\/\/www.pressenza.com\/es\/#\/schema\/logo\/image\/\"},\"sameAs\":[\"https:\/\/www.facebook.com\/PressenzaItalia\",\"https:\/\/x.com\/PressenzaIPA\"]},{\"@type\":\"Person\",\"@id\":\"https:\/\/www.pressenza.com\/es\/#\/schema\/person\/f1a879435e38cd8f69eac14ebf21489e\",\"name\":\"T\u00e9lam - Agencia Nacional de Noticias de la Rep\u00fablica Argentina\",\"description\":\"T\u00e9lam es una de las grandes agencias de noticias a nivel regional. El prestigio, acceso a fuentes oficiales, la cobertura en todo el territorio nacional y corresponsal\u00edas en el exterior; y la responsabilidad en el tratamiento informativo son caracter\u00edsticas que colocan a T\u00e9lam en referente period\u00edstico confiable y cre\u00edble en el pa\u00eds y en el mundo. Sostiene un servicio actualizado, detallado y original en diversos formatos, las 24 horas del d\u00eda, todos los d\u00edas del a\u00f1o. Es l\u00edder en el mercado nacional y sostiene alianzas a nivel regional y mundial que le permiten expandir los servicios period\u00edsticos. Suministra sus productos v\u00eda on line, tanto a nivel local como internacional. En la actualidad, la Agencia suma a sus servicios tradicionales, nuevos desaf\u00edos a partir de la realizaci\u00f3n de producciones multimedia para diversas plataformas. www.telam.com.ar\",\"sameAs\":[\"https:\/\/www.facebook.com\/AgenciaTELAM\",\"https:\/\/x.com\/AgenciaTelam\"],\"url\":\"https:\/\/www.pressenza.com\/es\/author\/telam\/\"}]}<\/script>\n<!-- \/ Yoast SEO plugin. -->","yoast_head_json":{"title":"Cristina, ante el Congreso: \"\u00c9sta fue una d\u00e9cada ganada por los argentinos\"","description":"La Presidenta inaugura el 131 per\u00edodo de sesiones ordinarias del Congreso Nacional. Al iniciar su discurso, recalc\u00f3 el crecimiento del empleo y agradeci\u00f3","robots":{"index":"index","follow":"follow","max-snippet":"max-snippet:-1","max-image-preview":"max-image-preview:large","max-video-preview":"max-video-preview:-1"},"canonical":"https:\/\/www.pressenza.com\/es\/2013\/03\/cristina-ante-el-congreso-esta-fue-una-decada-ganada-por-los-argentinos\/","og_locale":"es_ES","og_type":"article","og_title":"Cristina, ante el Congreso: \"\u00c9sta fue una d\u00e9cada ganada por los argentinos\"","og_description":"La Presidenta inaugura el 131 per\u00edodo de sesiones ordinarias del Congreso Nacional. Al iniciar su discurso, recalc\u00f3 el crecimiento del empleo y agradeci\u00f3","og_url":"https:\/\/www.pressenza.com\/es\/2013\/03\/cristina-ante-el-congreso-esta-fue-una-decada-ganada-por-los-argentinos\/","og_site_name":"Pressenza","article_publisher":"https:\/\/www.facebook.com\/PressenzaItalia","article_author":"https:\/\/www.facebook.com\/AgenciaTELAM","article_published_time":"2013-03-01T18:06:18+00:00","article_modified_time":"2016-04-02T11:15:27+00:00","og_image":[{"width":662,"height":441,"url":"https:\/\/www.pressenza.com\/wp-content\/uploads\/2013\/03\/CF.jpg","type":"image\/jpeg"}],"author":"T\u00e9lam - Agencia Nacional de Noticias de la Rep\u00fablica Argentina","twitter_card":"summary_large_image","twitter_creator":"@AgenciaTelam","twitter_site":"@PressenzaIPA","twitter_misc":{"Escrito por":"T\u00e9lam - Agencia Nacional de Noticias de la Rep\u00fablica Argentina","Tiempo de lectura":"3 minutos"},"schema":{"@context":"https:\/\/schema.org","@graph":[{"@type":"Article","@id":"https:\/\/www.pressenza.com\/es\/2013\/03\/cristina-ante-el-congreso-esta-fue-una-decada-ganada-por-los-argentinos\/#article","isPartOf":{"@id":"https:\/\/www.pressenza.com\/es\/2013\/03\/cristina-ante-el-congreso-esta-fue-una-decada-ganada-por-los-argentinos\/"},"author":{"name":"T\u00e9lam - Agencia Nacional de Noticias de la Rep\u00fablica Argentina","@id":"https:\/\/www.pressenza.com\/es\/#\/schema\/person\/f1a879435e38cd8f69eac14ebf21489e"},"headline":"Cristina, ante el Congreso: \u00ab\u00c9sta fue una d\u00e9cada ganada por los argentinos\u00bb","datePublished":"2013-03-01T18:06:18+00:00","dateModified":"2016-04-02T11:15:27+00:00","mainEntityOfPage":{"@id":"https:\/\/www.pressenza.com\/es\/2013\/03\/cristina-ante-el-congreso-esta-fue-una-decada-ganada-por-los-argentinos\/"},"wordCount":648,"publisher":{"@id":"https:\/\/www.pressenza.com\/es\/#organization"},"image":{"@id":"https:\/\/www.pressenza.com\/es\/2013\/03\/cristina-ante-el-congreso-esta-fue-una-decada-ganada-por-los-argentinos\/#primaryimage"},"thumbnailUrl":"https:\/\/www.pressenza.com\/wp-content\/uploads\/2013\/03\/CF.jpg","keywords":["Argentina","Cristina Fernandez de Kirchner"],"articleSection":["Pol\u00edtica","Sudam\u00e9rica"],"inLanguage":"es"},{"@type":"WebPage","@id":"https:\/\/www.pressenza.com\/es\/2013\/03\/cristina-ante-el-congreso-esta-fue-una-decada-ganada-por-los-argentinos\/","url":"https:\/\/www.pressenza.com\/es\/2013\/03\/cristina-ante-el-congreso-esta-fue-una-decada-ganada-por-los-argentinos\/","name":"Cristina, ante el Congreso: \"\u00c9sta fue una d\u00e9cada ganada por los argentinos\"","isPartOf":{"@id":"https:\/\/www.pressenza.com\/es\/#website"},"primaryImageOfPage":{"@id":"https:\/\/www.pressenza.com\/es\/2013\/03\/cristina-ante-el-congreso-esta-fue-una-decada-ganada-por-los-argentinos\/#primaryimage"},"image":{"@id":"https:\/\/www.pressenza.com\/es\/2013\/03\/cristina-ante-el-congreso-esta-fue-una-decada-ganada-por-los-argentinos\/#primaryimage"},"thumbnailUrl":"https:\/\/www.pressenza.com\/wp-content\/uploads\/2013\/03\/CF.jpg","datePublished":"2013-03-01T18:06:18+00:00","dateModified":"2016-04-02T11:15:27+00:00","description":"La Presidenta inaugura el 131 per\u00edodo de sesiones ordinarias del Congreso Nacional. Al iniciar su discurso, recalc\u00f3 el crecimiento del empleo y agradeci\u00f3","breadcrumb":{"@id":"https:\/\/www.pressenza.com\/es\/2013\/03\/cristina-ante-el-congreso-esta-fue-una-decada-ganada-por-los-argentinos\/#breadcrumb"},"inLanguage":"es","potentialAction":[{"@type":"ReadAction","target":["https:\/\/www.pressenza.com\/es\/2013\/03\/cristina-ante-el-congreso-esta-fue-una-decada-ganada-por-los-argentinos\/"]}]},{"@type":"ImageObject","inLanguage":"es","@id":"https:\/\/www.pressenza.com\/es\/2013\/03\/cristina-ante-el-congreso-esta-fue-una-decada-ganada-por-los-argentinos\/#primaryimage","url":"https:\/\/www.pressenza.com\/wp-content\/uploads\/2013\/03\/CF.jpg","contentUrl":"https:\/\/www.pressenza.com\/wp-content\/uploads\/2013\/03\/CF.jpg","width":662,"height":441,"caption":"Cristina Fernandez ante el Congreso"},{"@type":"BreadcrumbList","@id":"https:\/\/www.pressenza.com\/es\/2013\/03\/cristina-ante-el-congreso-esta-fue-una-decada-ganada-por-los-argentinos\/#breadcrumb","itemListElement":[{"@type":"ListItem","position":1,"name":"Accueil","item":"https:\/\/www.pressenza.com\/es\/"},{"@type":"ListItem","position":2,"name":"Cristina, ante el Congreso: \u00ab\u00c9sta fue una d\u00e9cada ganada por los argentinos\u00bb"}]},{"@type":"WebSite","@id":"https:\/\/www.pressenza.com\/es\/#website","url":"https:\/\/www.pressenza.com\/es\/","name":"Pressenza","description":"International Press Agency","publisher":{"@id":"https:\/\/www.pressenza.com\/es\/#organization"},"potentialAction":[{"@type":"SearchAction","target":{"@type":"EntryPoint","urlTemplate":"https:\/\/www.pressenza.com\/es\/?s={search_term_string}"},"query-input":{"@type":"PropertyValueSpecification","valueRequired":true,"valueName":"search_term_string"}}],"inLanguage":"es"},{"@type":"Organization","@id":"https:\/\/www.pressenza.com\/es\/#organization","name":"Pressenza","url":"https:\/\/www.pressenza.com\/es\/","logo":{"@type":"ImageObject","inLanguage":"es","@id":"https:\/\/www.pressenza.com\/es\/#\/schema\/logo\/image\/","url":"https:\/\/www.pressenza.com\/wp-content\/uploads\/2022\/10\/pressenza_logo_200x200.jpg","contentUrl":"https:\/\/www.pressenza.com\/wp-content\/uploads\/2022\/10\/pressenza_logo_200x200.jpg","width":200,"height":200,"caption":"Pressenza"},"image":{"@id":"https:\/\/www.pressenza.com\/es\/#\/schema\/logo\/image\/"},"sameAs":["https:\/\/www.facebook.com\/PressenzaItalia","https:\/\/x.com\/PressenzaIPA"]},{"@type":"Person","@id":"https:\/\/www.pressenza.com\/es\/#\/schema\/person\/f1a879435e38cd8f69eac14ebf21489e","name":"T\u00e9lam - Agencia Nacional de Noticias de la Rep\u00fablica Argentina","description":"T\u00e9lam es una de las grandes agencias de noticias a nivel regional. El prestigio, acceso a fuentes oficiales, la cobertura en todo el territorio nacional y corresponsal\u00edas en el exterior; y la responsabilidad en el tratamiento informativo son caracter\u00edsticas que colocan a T\u00e9lam en referente period\u00edstico confiable y cre\u00edble en el pa\u00eds y en el mundo. Sostiene un servicio actualizado, detallado y original en diversos formatos, las 24 horas del d\u00eda, todos los d\u00edas del a\u00f1o. Es l\u00edder en el mercado nacional y sostiene alianzas a nivel regional y mundial que le permiten expandir los servicios period\u00edsticos. Suministra sus productos v\u00eda on line, tanto a nivel local como internacional. En la actualidad, la Agencia suma a sus servicios tradicionales, nuevos desaf\u00edos a partir de la realizaci\u00f3n de producciones multimedia para diversas plataformas. www.telam.com.ar","sameAs":["https:\/\/www.facebook.com\/AgenciaTELAM","https:\/\/x.com\/AgenciaTelam"],"url":"https:\/\/www.pressenza.com\/es\/author\/telam\/"}]}},"place":"Buenos Aires","original_article_url":"","_links":{"self":[{"href":"https:\/\/www.pressenza.com\/es\/wp-json\/wp\/v2\/posts\/40865","targetHints":{"allow":["GET"]}}],"collection":[{"href":"https:\/\/www.pressenza.com\/es\/wp-json\/wp\/v2\/posts"}],"about":[{"href":"https:\/\/www.pressenza.com\/es\/wp-json\/wp\/v2\/types\/post"}],"author":[{"embeddable":true,"href":"https:\/\/www.pressenza.com\/es\/wp-json\/wp\/v2\/users\/494"}],"replies":[{"embeddable":true,"href":"https:\/\/www.pressenza.com\/es\/wp-json\/wp\/v2\/comments?post=40865"}],"version-history":[{"count":0,"href":"https:\/\/www.pressenza.com\/es\/wp-json\/wp\/v2\/posts\/40865\/revisions"}],"wp:featuredmedia":[{"embeddable":true,"href":"https:\/\/www.pressenza.com\/es\/wp-json\/wp\/v2\/media\/40867"}],"wp:attachment":[{"href":"https:\/\/www.pressenza.com\/es\/wp-json\/wp\/v2\/media?parent=40865"}],"wp:term":[{"taxonomy":"category","embeddable":true,"href":"https:\/\/www.pressenza.com\/es\/wp-json\/wp\/v2\/categories?post=40865"},{"taxonomy":"post_tag","embeddable":true,"href":"https:\/\/www.pressenza.com\/es\/wp-json\/wp\/v2\/tags?post=40865"}],"curies":[{"name":"wp","href":"https:\/\/api.w.org\/{rel}","templated":true}]}}