{"id":407528,"date":"2016-12-09T19:52:14","date_gmt":"2016-12-09T19:52:14","guid":{"rendered":"http:\/\/www.pressenza.com\/es\/?p=407528"},"modified":"2016-12-09T20:06:01","modified_gmt":"2016-12-09T20:06:01","slug":"entran-400-migrantes-y-el-ceti-de-ceuta-esta-al-borde-del-colapso","status":"publish","type":"post","link":"https:\/\/www.pressenza.com\/es\/2016\/12\/entran-400-migrantes-y-el-ceti-de-ceuta-esta-al-borde-del-colapso\/","title":{"rendered":"Entran 400 migrantes y el CETI de Ceuta est\u00e1 al borde del colapso"},"content":{"rendered":"<blockquote><p>Las autoridades han desplegado un dispositivo de emergencia que ha incluido la visita con car\u00e1cter de urgencia a la ciudad del delegado de Estado para la Seguridad, Jos\u00e9 Antonio Nieto. Los reci\u00e9n llegados est\u00e1n siendo reubicados en recintos cercanos al centro, que el Ej\u00e9rcito ha provisto de tiendas de campa\u00f1a. La Delegaci\u00f3n del Gobiereno cifra en 438 el n\u00famero de migrantes que han entrado este viernes en la ciudad. En la imagen, el director del CETI supervisa la instalaci\u00f3n del campamento que acoger\u00e1 provisionalmente a los subsaharianos.<\/p><\/blockquote>\n<p><em><strong>Por Anselmo F. Caballero<\/strong><\/em><\/p>\n<p><a href=\"https:\/\/youtu.be\/PE0sO0anJDo\">https:\/\/youtu.be\/PE0sO0anJDo<\/a><\/p>\n<p>&nbsp;<\/p>\n<p>El contingente de m\u00e1s de 400 migrantes que a las seis de esta ma\u00f1ana lograban franquear la valla fronteriza ha dejado al borde del colapso las instalaciones del Centro de Estancia Temporal de Inmigrantes (CETI). La Delegaci\u00f3n del Gobierno ha cifrado en 438 el n\u00famero de j\u00f3venes subsaharianos que han entrado clandestinamente en la ciudad, un grupo que ha superado las posibilidades del centro, concebido para albergar a 512 personas. Con los reci\u00e9n llegados, el centro alberga a 1.178 personas.<\/p>\n<p>Las autoridades han respondido al incidente con un inusual despliegue que ha tra\u00eddo hasta la ciudad con car\u00e1cter urgente al secretario de Estado para la Seguridad, Jos\u00e9 Antonio Nieto.<\/p>\n<p>El Hospital Universitario ha atendido a lo largo de la ma\u00f1ana a 49 migrantes, dos de los cuales permanecen ingresados en el \u00c1rea de Traumatolog\u00eda a la espera de ser intervenidos quir\u00fargicamente. Durante los escarceos de la ma\u00f1ana tambi\u00e9n han resultado heridos dos guardias civiles.<\/p>\n<p>Seg\u00fan las estimaciones de la Delegaci\u00f3n del Gobierno, el grupo que se apost\u00f3 junto a la valla del lado marroqu\u00ed estaba integrado por unas 800 personas.<\/p>\n<p><strong>Emergencia<\/strong><\/p>\n<p>La situaci\u00f3n de desbordamiento a la que se ha visto abocado al CETI ha obligado a la Delegaci\u00f3n del Gobierno a buscar albergues improvisados. Los reci\u00e9n llegados han sido distribuidos entre el pabell\u00f3n deportivo del centro y el centro ecuestre que se encuentran en las cercan\u00edas. La Comandancia General ha puesto a disposici\u00f3n de los responsables del CETI tiendas de campa\u00f1a para cobijar a los migrantes.<\/p>\n<p>La intenci\u00f3n de las autoridades es ahora la de agilizar el proceso de salida de residentes con el fin de dejar espacio a los j\u00f3venes que acaban de ingresar en el centro. Sin embargo, no parece viable que las primeras salidas puedan comenzar a canalizarse hasta el lunes.<\/p>\n","protected":false},"excerpt":{"rendered":"<p>Las autoridades han desplegado un dispositivo de emergencia que ha incluido la visita con car\u00e1cter de urgencia a la ciudad del delegado de Estado para la Seguridad, Jos\u00e9 Antonio Nieto. Los reci\u00e9n llegados est\u00e1n siendo reubicados en recintos cercanos al&hellip;<\/p>\n","protected":false},"author":1278,"featured_media":407536,"comment_status":"closed","ping_status":"closed","sticky":false,"template":"","format":"standard","meta":{"footnotes":""},"categories":[79,39,25678],"tags":[32205,15538,1065,15633,23805],"class_list":["post-407528","post","type-post","status-publish","format-standard","has-post-thumbnail","hentry","category-derechos-humanos","category-internacional","category-video-es","tag-ceti","tag-ceuta","tag-espana","tag-migrantes","tag-valla"],"yoast_head":"<!-- This site is optimized with the Yoast SEO plugin v27.1.1 - https:\/\/yoast.com\/product\/yoast-seo-wordpress\/ -->\n<title>Entran 400 migrantes y el CETI de Ceuta est\u00e1 al borde del colapso<\/title>\n<meta name=\"description\" content=\"Las autoridades han desplegado un dispositivo de emergencia que ha incluido la visita con car\u00e1cter de urgencia a la ciudad del delegado de Estado para la\" \/>\n<meta name=\"robots\" content=\"index, follow, max-snippet:-1, max-image-preview:large, max-video-preview:-1\" \/>\n<link rel=\"canonical\" href=\"https:\/\/www.pressenza.com\/es\/2016\/12\/entran-400-migrantes-y-el-ceti-de-ceuta-esta-al-borde-del-colapso\/\" \/>\n<meta property=\"og:locale\" content=\"es_ES\" \/>\n<meta property=\"og:type\" content=\"article\" \/>\n<meta property=\"og:title\" content=\"Entran 400 migrantes y el CETI de Ceuta est\u00e1 al borde del colapso\" \/>\n<meta property=\"og:description\" content=\"Las autoridades han desplegado un dispositivo de emergencia que ha incluido la visita con car\u00e1cter de urgencia a la ciudad del delegado de Estado para la\" \/>\n<meta property=\"og:url\" content=\"https:\/\/www.pressenza.com\/es\/2016\/12\/entran-400-migrantes-y-el-ceti-de-ceuta-esta-al-borde-del-colapso\/\" \/>\n<meta property=\"og:site_name\" content=\"Pressenza\" \/>\n<meta property=\"article:publisher\" content=\"https:\/\/www.facebook.com\/PressenzaItalia\" \/>\n<meta property=\"article:author\" content=\"https:\/\/www.facebook.com\/ceutaactualidad\/\" \/>\n<meta property=\"article:published_time\" content=\"2016-12-09T19:52:14+00:00\" \/>\n<meta property=\"article:modified_time\" content=\"2016-12-09T20:06:01+00:00\" \/>\n<meta property=\"og:image\" content=\"https:\/\/www.pressenza.com\/wp-content\/uploads\/2016\/12\/salto-valla-09122016.jpg\" \/>\n\t<meta property=\"og:image:width\" content=\"750\" \/>\n\t<meta property=\"og:image:height\" content=\"484\" \/>\n\t<meta property=\"og:image:type\" content=\"image\/jpeg\" \/>\n<meta name=\"author\" content=\"Ceuta Actualidad\" \/>\n<meta name=\"twitter:card\" content=\"summary_large_image\" \/>\n<meta name=\"twitter:creator\" content=\"@ceutaactualidad\" \/>\n<meta name=\"twitter:site\" content=\"@PressenzaIPA\" \/>\n<meta name=\"twitter:label1\" content=\"Escrito por\" \/>\n\t<meta name=\"twitter:data1\" content=\"Ceuta Actualidad\" \/>\n\t<meta name=\"twitter:label2\" content=\"Tiempo de lectura\" \/>\n\t<meta name=\"twitter:data2\" content=\"2 minutos\" \/>\n<script type=\"application\/ld+json\" class=\"yoast-schema-graph\">{\"@context\":\"https:\/\/schema.org\",\"@graph\":[{\"@type\":\"Article\",\"@id\":\"https:\/\/www.pressenza.com\/es\/2016\/12\/entran-400-migrantes-y-el-ceti-de-ceuta-esta-al-borde-del-colapso\/#article\",\"isPartOf\":{\"@id\":\"https:\/\/www.pressenza.com\/es\/2016\/12\/entran-400-migrantes-y-el-ceti-de-ceuta-esta-al-borde-del-colapso\/\"},\"author\":{\"name\":\"Ceuta Actualidad\",\"@id\":\"https:\/\/www.pressenza.com\/es\/#\/schema\/person\/6debab0be4d535c1a355c4db2b7cb125\"},\"headline\":\"Entran 400 migrantes y el CETI de Ceuta est\u00e1 al borde del colapso\",\"datePublished\":\"2016-12-09T19:52:14+00:00\",\"dateModified\":\"2016-12-09T20:06:01+00:00\",\"mainEntityOfPage\":{\"@id\":\"https:\/\/www.pressenza.com\/es\/2016\/12\/entran-400-migrantes-y-el-ceti-de-ceuta-esta-al-borde-del-colapso\/\"},\"wordCount\":432,\"publisher\":{\"@id\":\"https:\/\/www.pressenza.com\/es\/#organization\"},\"image\":{\"@id\":\"https:\/\/www.pressenza.com\/es\/2016\/12\/entran-400-migrantes-y-el-ceti-de-ceuta-esta-al-borde-del-colapso\/#primaryimage\"},\"thumbnailUrl\":\"https:\/\/www.pressenza.com\/wp-content\/uploads\/2016\/12\/salto-valla-09122016.jpg\",\"keywords\":[\"CETI\",\"Ceuta\",\"Espa\u00f1a\",\"migrantes\",\"valla\"],\"articleSection\":[\"Derechos Humanos\",\"Internacional\",\"Video\"],\"inLanguage\":\"es\"},{\"@type\":\"WebPage\",\"@id\":\"https:\/\/www.pressenza.com\/es\/2016\/12\/entran-400-migrantes-y-el-ceti-de-ceuta-esta-al-borde-del-colapso\/\",\"url\":\"https:\/\/www.pressenza.com\/es\/2016\/12\/entran-400-migrantes-y-el-ceti-de-ceuta-esta-al-borde-del-colapso\/\",\"name\":\"Entran 400 migrantes y el CETI de Ceuta est\u00e1 al borde del colapso\",\"isPartOf\":{\"@id\":\"https:\/\/www.pressenza.com\/es\/#website\"},\"primaryImageOfPage\":{\"@id\":\"https:\/\/www.pressenza.com\/es\/2016\/12\/entran-400-migrantes-y-el-ceti-de-ceuta-esta-al-borde-del-colapso\/#primaryimage\"},\"image\":{\"@id\":\"https:\/\/www.pressenza.com\/es\/2016\/12\/entran-400-migrantes-y-el-ceti-de-ceuta-esta-al-borde-del-colapso\/#primaryimage\"},\"thumbnailUrl\":\"https:\/\/www.pressenza.com\/wp-content\/uploads\/2016\/12\/salto-valla-09122016.jpg\",\"datePublished\":\"2016-12-09T19:52:14+00:00\",\"dateModified\":\"2016-12-09T20:06:01+00:00\",\"description\":\"Las autoridades han desplegado un dispositivo de emergencia que ha incluido la visita con car\u00e1cter de urgencia a la ciudad del delegado de Estado para la\",\"breadcrumb\":{\"@id\":\"https:\/\/www.pressenza.com\/es\/2016\/12\/entran-400-migrantes-y-el-ceti-de-ceuta-esta-al-borde-del-colapso\/#breadcrumb\"},\"inLanguage\":\"es\",\"potentialAction\":[{\"@type\":\"ReadAction\",\"target\":[\"https:\/\/www.pressenza.com\/es\/2016\/12\/entran-400-migrantes-y-el-ceti-de-ceuta-esta-al-borde-del-colapso\/\"]}]},{\"@type\":\"ImageObject\",\"inLanguage\":\"es\",\"@id\":\"https:\/\/www.pressenza.com\/es\/2016\/12\/entran-400-migrantes-y-el-ceti-de-ceuta-esta-al-borde-del-colapso\/#primaryimage\",\"url\":\"https:\/\/www.pressenza.com\/wp-content\/uploads\/2016\/12\/salto-valla-09122016.jpg\",\"contentUrl\":\"https:\/\/www.pressenza.com\/wp-content\/uploads\/2016\/12\/salto-valla-09122016.jpg\",\"width\":750,\"height\":484},{\"@type\":\"BreadcrumbList\",\"@id\":\"https:\/\/www.pressenza.com\/es\/2016\/12\/entran-400-migrantes-y-el-ceti-de-ceuta-esta-al-borde-del-colapso\/#breadcrumb\",\"itemListElement\":[{\"@type\":\"ListItem\",\"position\":1,\"name\":\"Accueil\",\"item\":\"https:\/\/www.pressenza.com\/es\/\"},{\"@type\":\"ListItem\",\"position\":2,\"name\":\"Entran 400 migrantes y el CETI de Ceuta est\u00e1 al borde del colapso\"}]},{\"@type\":\"WebSite\",\"@id\":\"https:\/\/www.pressenza.com\/es\/#website\",\"url\":\"https:\/\/www.pressenza.com\/es\/\",\"name\":\"Pressenza\",\"description\":\"International Press Agency\",\"publisher\":{\"@id\":\"https:\/\/www.pressenza.com\/es\/#organization\"},\"potentialAction\":[{\"@type\":\"SearchAction\",\"target\":{\"@type\":\"EntryPoint\",\"urlTemplate\":\"https:\/\/www.pressenza.com\/es\/?s={search_term_string}\"},\"query-input\":{\"@type\":\"PropertyValueSpecification\",\"valueRequired\":true,\"valueName\":\"search_term_string\"}}],\"inLanguage\":\"es\"},{\"@type\":\"Organization\",\"@id\":\"https:\/\/www.pressenza.com\/es\/#organization\",\"name\":\"Pressenza\",\"url\":\"https:\/\/www.pressenza.com\/es\/\",\"logo\":{\"@type\":\"ImageObject\",\"inLanguage\":\"es\",\"@id\":\"https:\/\/www.pressenza.com\/es\/#\/schema\/logo\/image\/\",\"url\":\"https:\/\/www.pressenza.com\/wp-content\/uploads\/2022\/10\/pressenza_logo_200x200.jpg\",\"contentUrl\":\"https:\/\/www.pressenza.com\/wp-content\/uploads\/2022\/10\/pressenza_logo_200x200.jpg\",\"width\":200,\"height\":200,\"caption\":\"Pressenza\"},\"image\":{\"@id\":\"https:\/\/www.pressenza.com\/es\/#\/schema\/logo\/image\/\"},\"sameAs\":[\"https:\/\/www.facebook.com\/PressenzaItalia\",\"https:\/\/x.com\/PressenzaIPA\"]},{\"@type\":\"Person\",\"@id\":\"https:\/\/www.pressenza.com\/es\/#\/schema\/person\/6debab0be4d535c1a355c4db2b7cb125\",\"name\":\"Ceuta Actualidad\",\"sameAs\":[\"https:\/\/www.facebook.com\/ceutaactualidad\/\",\"https:\/\/x.com\/ceutaactualidad\"],\"url\":\"https:\/\/www.pressenza.com\/es\/author\/ceuta-actualidad\/\"}]}<\/script>\n<!-- \/ Yoast SEO plugin. -->","yoast_head_json":{"title":"Entran 400 migrantes y el CETI de Ceuta est\u00e1 al borde del colapso","description":"Las autoridades han desplegado un dispositivo de emergencia que ha incluido la visita con car\u00e1cter de urgencia a la ciudad del delegado de Estado para la","robots":{"index":"index","follow":"follow","max-snippet":"max-snippet:-1","max-image-preview":"max-image-preview:large","max-video-preview":"max-video-preview:-1"},"canonical":"https:\/\/www.pressenza.com\/es\/2016\/12\/entran-400-migrantes-y-el-ceti-de-ceuta-esta-al-borde-del-colapso\/","og_locale":"es_ES","og_type":"article","og_title":"Entran 400 migrantes y el CETI de Ceuta est\u00e1 al borde del colapso","og_description":"Las autoridades han desplegado un dispositivo de emergencia que ha incluido la visita con car\u00e1cter de urgencia a la ciudad del delegado de Estado para la","og_url":"https:\/\/www.pressenza.com\/es\/2016\/12\/entran-400-migrantes-y-el-ceti-de-ceuta-esta-al-borde-del-colapso\/","og_site_name":"Pressenza","article_publisher":"https:\/\/www.facebook.com\/PressenzaItalia","article_author":"https:\/\/www.facebook.com\/ceutaactualidad\/","article_published_time":"2016-12-09T19:52:14+00:00","article_modified_time":"2016-12-09T20:06:01+00:00","og_image":[{"width":750,"height":484,"url":"https:\/\/www.pressenza.com\/wp-content\/uploads\/2016\/12\/salto-valla-09122016.jpg","type":"image\/jpeg"}],"author":"Ceuta Actualidad","twitter_card":"summary_large_image","twitter_creator":"@ceutaactualidad","twitter_site":"@PressenzaIPA","twitter_misc":{"Escrito por":"Ceuta Actualidad","Tiempo de lectura":"2 minutos"},"schema":{"@context":"https:\/\/schema.org","@graph":[{"@type":"Article","@id":"https:\/\/www.pressenza.com\/es\/2016\/12\/entran-400-migrantes-y-el-ceti-de-ceuta-esta-al-borde-del-colapso\/#article","isPartOf":{"@id":"https:\/\/www.pressenza.com\/es\/2016\/12\/entran-400-migrantes-y-el-ceti-de-ceuta-esta-al-borde-del-colapso\/"},"author":{"name":"Ceuta Actualidad","@id":"https:\/\/www.pressenza.com\/es\/#\/schema\/person\/6debab0be4d535c1a355c4db2b7cb125"},"headline":"Entran 400 migrantes y el CETI de Ceuta est\u00e1 al borde del colapso","datePublished":"2016-12-09T19:52:14+00:00","dateModified":"2016-12-09T20:06:01+00:00","mainEntityOfPage":{"@id":"https:\/\/www.pressenza.com\/es\/2016\/12\/entran-400-migrantes-y-el-ceti-de-ceuta-esta-al-borde-del-colapso\/"},"wordCount":432,"publisher":{"@id":"https:\/\/www.pressenza.com\/es\/#organization"},"image":{"@id":"https:\/\/www.pressenza.com\/es\/2016\/12\/entran-400-migrantes-y-el-ceti-de-ceuta-esta-al-borde-del-colapso\/#primaryimage"},"thumbnailUrl":"https:\/\/www.pressenza.com\/wp-content\/uploads\/2016\/12\/salto-valla-09122016.jpg","keywords":["CETI","Ceuta","Espa\u00f1a","migrantes","valla"],"articleSection":["Derechos Humanos","Internacional","Video"],"inLanguage":"es"},{"@type":"WebPage","@id":"https:\/\/www.pressenza.com\/es\/2016\/12\/entran-400-migrantes-y-el-ceti-de-ceuta-esta-al-borde-del-colapso\/","url":"https:\/\/www.pressenza.com\/es\/2016\/12\/entran-400-migrantes-y-el-ceti-de-ceuta-esta-al-borde-del-colapso\/","name":"Entran 400 migrantes y el CETI de Ceuta est\u00e1 al borde del colapso","isPartOf":{"@id":"https:\/\/www.pressenza.com\/es\/#website"},"primaryImageOfPage":{"@id":"https:\/\/www.pressenza.com\/es\/2016\/12\/entran-400-migrantes-y-el-ceti-de-ceuta-esta-al-borde-del-colapso\/#primaryimage"},"image":{"@id":"https:\/\/www.pressenza.com\/es\/2016\/12\/entran-400-migrantes-y-el-ceti-de-ceuta-esta-al-borde-del-colapso\/#primaryimage"},"thumbnailUrl":"https:\/\/www.pressenza.com\/wp-content\/uploads\/2016\/12\/salto-valla-09122016.jpg","datePublished":"2016-12-09T19:52:14+00:00","dateModified":"2016-12-09T20:06:01+00:00","description":"Las autoridades han desplegado un dispositivo de emergencia que ha incluido la visita con car\u00e1cter de urgencia a la ciudad del delegado de Estado para la","breadcrumb":{"@id":"https:\/\/www.pressenza.com\/es\/2016\/12\/entran-400-migrantes-y-el-ceti-de-ceuta-esta-al-borde-del-colapso\/#breadcrumb"},"inLanguage":"es","potentialAction":[{"@type":"ReadAction","target":["https:\/\/www.pressenza.com\/es\/2016\/12\/entran-400-migrantes-y-el-ceti-de-ceuta-esta-al-borde-del-colapso\/"]}]},{"@type":"ImageObject","inLanguage":"es","@id":"https:\/\/www.pressenza.com\/es\/2016\/12\/entran-400-migrantes-y-el-ceti-de-ceuta-esta-al-borde-del-colapso\/#primaryimage","url":"https:\/\/www.pressenza.com\/wp-content\/uploads\/2016\/12\/salto-valla-09122016.jpg","contentUrl":"https:\/\/www.pressenza.com\/wp-content\/uploads\/2016\/12\/salto-valla-09122016.jpg","width":750,"height":484},{"@type":"BreadcrumbList","@id":"https:\/\/www.pressenza.com\/es\/2016\/12\/entran-400-migrantes-y-el-ceti-de-ceuta-esta-al-borde-del-colapso\/#breadcrumb","itemListElement":[{"@type":"ListItem","position":1,"name":"Accueil","item":"https:\/\/www.pressenza.com\/es\/"},{"@type":"ListItem","position":2,"name":"Entran 400 migrantes y el CETI de Ceuta est\u00e1 al borde del colapso"}]},{"@type":"WebSite","@id":"https:\/\/www.pressenza.com\/es\/#website","url":"https:\/\/www.pressenza.com\/es\/","name":"Pressenza","description":"International Press Agency","publisher":{"@id":"https:\/\/www.pressenza.com\/es\/#organization"},"potentialAction":[{"@type":"SearchAction","target":{"@type":"EntryPoint","urlTemplate":"https:\/\/www.pressenza.com\/es\/?s={search_term_string}"},"query-input":{"@type":"PropertyValueSpecification","valueRequired":true,"valueName":"search_term_string"}}],"inLanguage":"es"},{"@type":"Organization","@id":"https:\/\/www.pressenza.com\/es\/#organization","name":"Pressenza","url":"https:\/\/www.pressenza.com\/es\/","logo":{"@type":"ImageObject","inLanguage":"es","@id":"https:\/\/www.pressenza.com\/es\/#\/schema\/logo\/image\/","url":"https:\/\/www.pressenza.com\/wp-content\/uploads\/2022\/10\/pressenza_logo_200x200.jpg","contentUrl":"https:\/\/www.pressenza.com\/wp-content\/uploads\/2022\/10\/pressenza_logo_200x200.jpg","width":200,"height":200,"caption":"Pressenza"},"image":{"@id":"https:\/\/www.pressenza.com\/es\/#\/schema\/logo\/image\/"},"sameAs":["https:\/\/www.facebook.com\/PressenzaItalia","https:\/\/x.com\/PressenzaIPA"]},{"@type":"Person","@id":"https:\/\/www.pressenza.com\/es\/#\/schema\/person\/6debab0be4d535c1a355c4db2b7cb125","name":"Ceuta Actualidad","sameAs":["https:\/\/www.facebook.com\/ceutaactualidad\/","https:\/\/x.com\/ceutaactualidad"],"url":"https:\/\/www.pressenza.com\/es\/author\/ceuta-actualidad\/"}]}},"place":"Ceuta (Espa\u00f1a)","original_article_url":"http:\/\/www.ceutaactualidad.com\/articulo\/inmigracion\/entrada-mas-400-migrantes-deja-instalaciones-ceti-borde-colapso\/20161209150158034455.html?#","_links":{"self":[{"href":"https:\/\/www.pressenza.com\/es\/wp-json\/wp\/v2\/posts\/407528","targetHints":{"allow":["GET"]}}],"collection":[{"href":"https:\/\/www.pressenza.com\/es\/wp-json\/wp\/v2\/posts"}],"about":[{"href":"https:\/\/www.pressenza.com\/es\/wp-json\/wp\/v2\/types\/post"}],"author":[{"embeddable":true,"href":"https:\/\/www.pressenza.com\/es\/wp-json\/wp\/v2\/users\/1278"}],"replies":[{"embeddable":true,"href":"https:\/\/www.pressenza.com\/es\/wp-json\/wp\/v2\/comments?post=407528"}],"version-history":[{"count":0,"href":"https:\/\/www.pressenza.com\/es\/wp-json\/wp\/v2\/posts\/407528\/revisions"}],"wp:featuredmedia":[{"embeddable":true,"href":"https:\/\/www.pressenza.com\/es\/wp-json\/wp\/v2\/media\/407536"}],"wp:attachment":[{"href":"https:\/\/www.pressenza.com\/es\/wp-json\/wp\/v2\/media?parent=407528"}],"wp:term":[{"taxonomy":"category","embeddable":true,"href":"https:\/\/www.pressenza.com\/es\/wp-json\/wp\/v2\/categories?post=407528"},{"taxonomy":"post_tag","embeddable":true,"href":"https:\/\/www.pressenza.com\/es\/wp-json\/wp\/v2\/tags?post=407528"}],"curies":[{"name":"wp","href":"https:\/\/api.w.org\/{rel}","templated":true}]}}