{"id":405538,"date":"2016-12-04T21:00:23","date_gmt":"2016-12-04T21:00:23","guid":{"rendered":"http:\/\/www.pressenza.com\/es\/?p=405538"},"modified":"2016-12-04T21:03:30","modified_gmt":"2016-12-04T21:03:30","slug":"escape-con-un-ojo-azul","status":"publish","type":"post","link":"https:\/\/www.pressenza.com\/es\/2016\/12\/escape-con-un-ojo-azul\/","title":{"rendered":"Austria: gana el candidato verde con un ojo en tinta azul!"},"content":{"rendered":"<p style=\"text-align: justify;\">Por Ruper Kroesen<\/p>\n<h4 style=\"text-align: justify;\">Austria vota por un presidente: En una tercera elecci\u00f3n gana el candidato m\u00e1s templado Alexander van der Bellen!<\/h4>\n<p style=\"text-align: justify;\">En Austria, el Presidente Federal es elegido directamente por el pueblo, en contraste con otros pa\u00edses. El cargo de Presidente es un cargo representantivo, pero a fin de cuentas es el Presidente quien puede disolver al gobierno o \u00a0decidir quien est\u00e1 en situaci\u00f3n de gobernar.<\/p>\n<p style=\"text-align: justify;\">Cuando en \u00a0la primera votaci\u00f3n ning\u00fan candidato obtiene la mayor\u00eda absoluta, una segunda vuelta entre los dos candidatos m\u00e1s votados se lleva a cabo.<\/p>\n<p style=\"text-align: justify;\">En esta votaci\u00f3n, gan\u00f3 muy estrechamente Alexander van der Bellen &#8211; ex l\u00edder del partido verde y candidato independiente a Presidente. Luego esta votaci\u00f3n fue impugnada por la FP\u00d6 (el Partido Azul), el partido de derecha y su candidato Hofer. La Corte Supema decidi\u00f3 repetir las elecciones. Esto iba ser el 16 de octubre, pero unos d\u00edas antes se detect\u00f3 que los sobres de las cartas para votar por correo \u00a0no se cerraban correctamente y por lo tanto no estaban a salvo de fraude electoral. La repetici\u00f3n de la segunda vuelta se aplaz\u00f3 entonces al d\u00eda de hoy, 4 de diciembre de 2016.<\/p>\n<p style=\"text-align: justify;\">En resumen, esta elecci\u00f3n llam\u00f3 la atenci\u00f3n de los medios de comunicaci\u00f3n austr\u00edacos as\u00ed como la atenci\u00f3n general durante casi todo un a\u00f1o.<\/p>\n<p style=\"text-align: justify;\">\u00bfQu\u00e9 est\u00e1 pasando en Austria? Parece que Austria no puede aislarse de la tendencia hacia la derecha que hay actualmente en Europa. El FP\u00d6 se convierte en el defensor del hombre com\u00fan alimentando los temores de la infiltraci\u00f3n extranjera y la p\u00e9rdida de prosperidad, prometiendo cosas que no se pueden observar con claridad despu\u00e9s de las elecciones. Parece que el FP\u00d6 se vende mejor, es el mejor servidor del libre mercado. Ellos saben c\u00f3mo hacer que la gente tenga miedo. Recientemente el presidente del FP\u00d6, Strache, mont\u00f3 un esc\u00e1ndalo diciendo que pronto vamos a estar en una inminente guerra civil.<\/p>\n<p style=\"text-align: justify;\">Los partidos burgueses entran en este juego, algunos del \u00d6VP (Partido Popular) sostienen planteamientos xen\u00f3fobos similares para ganar el favor de la poblaci\u00f3n atemorizada, los socialistas mantienen s\u00f3lo sus cargos ya adquiridos y tratan de defenderse contra las organizaciones de j\u00f3venes de izquierda.<\/p>\n<p style=\"text-align: justify;\">Para la gente com\u00fan, la pol\u00edtica es cada vez m\u00e1s irrelevante &#8211; se alejan de ella con asco y se encargan \u00fanicamente de sus asuntos \u00abprivados\u00bb.<\/p>\n<p style=\"text-align: justify;\">\u00bfEs eso lo que quieren estas elecciones en \u00faltima instancia? \u00bfLa pol\u00edtica es algo desagradable y queremos ocuparnos de nuestros \u00abpropios\u00bb asuntos?<\/p>\n<p style=\"text-align: justify;\">Entiendo que estas elecciones son otra se\u00f1al clara de que el sistema se est\u00e1 destruyendo y de que pronto puede surgir algo nuevo. Mi deseo es que esto nuevo pueda ser algo diverso, donde se pueda apreciar la singularidad de cada ser humano, que la gente y sus necesidades sean el valor y la preocupaci\u00f3n central, que se comprenda que vivimos todos juntos en un mundo en red.<\/p>\n<p style=\"text-align: justify;\">\n","protected":false},"excerpt":{"rendered":"<p>Por Ruper Kroesen Austria vota por un presidente: En una tercera elecci\u00f3n gana el candidato m\u00e1s templado Alexander van der Bellen! En Austria, el Presidente Federal es elegido directamente por el pueblo, en contraste con otros pa\u00edses. El cargo de&hellip;<\/p>\n","protected":false},"author":1134,"featured_media":405533,"comment_status":"closed","ping_status":"closed","sticky":false,"template":"","format":"standard","meta":{"footnotes":""},"categories":[11389,66,39,161,74],"tags":[9190,403,33257,27637],"class_list":["post-405538","post","type-post","status-publish","format-standard","has-post-thumbnail","hentry","category-contenido-original","category-europa-es","category-internacional","category-opiniones","category-politica-es","tag-austria-es","tag-elecciones","tag-partido-verde","tag-van-der-bellen"],"yoast_head":"<!-- This site is optimized with the Yoast SEO plugin v27.1.1 - https:\/\/yoast.com\/product\/yoast-seo-wordpress\/ -->\n<title>Austria: gana el candidato verde con un ojo en tinta azul!<\/title>\n<meta name=\"description\" content=\"Por Ruper Kroesen Austria vota por un presidente: En una tercera elecci\u00f3n gana el candidato m\u00e1s templado Alexander van der Bellen! En Austria, el\" \/>\n<meta name=\"robots\" content=\"index, follow, max-snippet:-1, max-image-preview:large, max-video-preview:-1\" \/>\n<link rel=\"canonical\" href=\"https:\/\/www.pressenza.com\/es\/2016\/12\/escape-con-un-ojo-azul\/\" \/>\n<meta property=\"og:locale\" content=\"es_ES\" \/>\n<meta property=\"og:type\" content=\"article\" \/>\n<meta property=\"og:title\" content=\"Austria: gana el candidato verde con un ojo en tinta azul!\" \/>\n<meta property=\"og:description\" content=\"Por Ruper Kroesen Austria vota por un presidente: En una tercera elecci\u00f3n gana el candidato m\u00e1s templado Alexander van der Bellen! En Austria, el\" \/>\n<meta property=\"og:url\" content=\"https:\/\/www.pressenza.com\/es\/2016\/12\/escape-con-un-ojo-azul\/\" \/>\n<meta property=\"og:site_name\" content=\"Pressenza\" \/>\n<meta property=\"article:publisher\" content=\"https:\/\/www.facebook.com\/PressenzaItalia\" \/>\n<meta property=\"article:published_time\" content=\"2016-12-04T21:00:23+00:00\" \/>\n<meta property=\"article:modified_time\" content=\"2016-12-04T21:03:30+00:00\" \/>\n<meta property=\"og:image\" content=\"https:\/\/www.pressenza.com\/wp-content\/uploads\/2016\/12\/IMG_3070.jpg\" \/>\n\t<meta property=\"og:image:width\" content=\"4032\" \/>\n\t<meta property=\"og:image:height\" content=\"3024\" \/>\n\t<meta property=\"og:image:type\" content=\"image\/jpeg\" \/>\n<meta name=\"author\" content=\"Marita Simon\" \/>\n<meta name=\"twitter:card\" content=\"summary_large_image\" \/>\n<meta name=\"twitter:creator\" content=\"@PressenzaIPA\" \/>\n<meta name=\"twitter:site\" content=\"@PressenzaIPA\" \/>\n<meta name=\"twitter:label1\" content=\"Escrito por\" \/>\n\t<meta name=\"twitter:data1\" content=\"Marita Simon\" \/>\n\t<meta name=\"twitter:label2\" content=\"Tiempo de lectura\" \/>\n\t<meta name=\"twitter:data2\" content=\"3 minutos\" \/>\n<script type=\"application\/ld+json\" class=\"yoast-schema-graph\">{\"@context\":\"https:\/\/schema.org\",\"@graph\":[{\"@type\":\"Article\",\"@id\":\"https:\/\/www.pressenza.com\/es\/2016\/12\/escape-con-un-ojo-azul\/#article\",\"isPartOf\":{\"@id\":\"https:\/\/www.pressenza.com\/es\/2016\/12\/escape-con-un-ojo-azul\/\"},\"author\":{\"name\":\"Marita Simon\",\"@id\":\"https:\/\/www.pressenza.com\/es\/#\/schema\/person\/cd84ae5bb81a4a7ddd1c97f144b65271\"},\"headline\":\"Austria: gana el candidato verde con un ojo en tinta azul!\",\"datePublished\":\"2016-12-04T21:00:23+00:00\",\"dateModified\":\"2016-12-04T21:03:30+00:00\",\"mainEntityOfPage\":{\"@id\":\"https:\/\/www.pressenza.com\/es\/2016\/12\/escape-con-un-ojo-azul\/\"},\"wordCount\":519,\"publisher\":{\"@id\":\"https:\/\/www.pressenza.com\/es\/#organization\"},\"image\":{\"@id\":\"https:\/\/www.pressenza.com\/es\/2016\/12\/escape-con-un-ojo-azul\/#primaryimage\"},\"thumbnailUrl\":\"https:\/\/www.pressenza.com\/wp-content\/uploads\/2016\/12\/IMG_3070.jpg\",\"keywords\":[\"Austria\",\"elecciones\",\"Partido Verde\",\"Van der Bellen\"],\"articleSection\":[\"Contenido Original\",\"Europa\",\"Internacional\",\"Opiniones\",\"Pol\u00edtica\"],\"inLanguage\":\"es\"},{\"@type\":\"WebPage\",\"@id\":\"https:\/\/www.pressenza.com\/es\/2016\/12\/escape-con-un-ojo-azul\/\",\"url\":\"https:\/\/www.pressenza.com\/es\/2016\/12\/escape-con-un-ojo-azul\/\",\"name\":\"Austria: gana el candidato verde con un ojo en tinta azul!\",\"isPartOf\":{\"@id\":\"https:\/\/www.pressenza.com\/es\/#website\"},\"primaryImageOfPage\":{\"@id\":\"https:\/\/www.pressenza.com\/es\/2016\/12\/escape-con-un-ojo-azul\/#primaryimage\"},\"image\":{\"@id\":\"https:\/\/www.pressenza.com\/es\/2016\/12\/escape-con-un-ojo-azul\/#primaryimage\"},\"thumbnailUrl\":\"https:\/\/www.pressenza.com\/wp-content\/uploads\/2016\/12\/IMG_3070.jpg\",\"datePublished\":\"2016-12-04T21:00:23+00:00\",\"dateModified\":\"2016-12-04T21:03:30+00:00\",\"description\":\"Por Ruper Kroesen Austria vota por un presidente: En una tercera elecci\u00f3n gana el candidato m\u00e1s templado Alexander van der Bellen! En Austria, el\",\"breadcrumb\":{\"@id\":\"https:\/\/www.pressenza.com\/es\/2016\/12\/escape-con-un-ojo-azul\/#breadcrumb\"},\"inLanguage\":\"es\",\"potentialAction\":[{\"@type\":\"ReadAction\",\"target\":[\"https:\/\/www.pressenza.com\/es\/2016\/12\/escape-con-un-ojo-azul\/\"]}]},{\"@type\":\"ImageObject\",\"inLanguage\":\"es\",\"@id\":\"https:\/\/www.pressenza.com\/es\/2016\/12\/escape-con-un-ojo-azul\/#primaryimage\",\"url\":\"https:\/\/www.pressenza.com\/wp-content\/uploads\/2016\/12\/IMG_3070.jpg\",\"contentUrl\":\"https:\/\/www.pressenza.com\/wp-content\/uploads\/2016\/12\/IMG_3070.jpg\",\"width\":4032,\"height\":3024},{\"@type\":\"BreadcrumbList\",\"@id\":\"https:\/\/www.pressenza.com\/es\/2016\/12\/escape-con-un-ojo-azul\/#breadcrumb\",\"itemListElement\":[{\"@type\":\"ListItem\",\"position\":1,\"name\":\"Accueil\",\"item\":\"https:\/\/www.pressenza.com\/es\/\"},{\"@type\":\"ListItem\",\"position\":2,\"name\":\"Austria: gana el candidato verde con un ojo en tinta azul!\"}]},{\"@type\":\"WebSite\",\"@id\":\"https:\/\/www.pressenza.com\/es\/#website\",\"url\":\"https:\/\/www.pressenza.com\/es\/\",\"name\":\"Pressenza\",\"description\":\"International Press Agency\",\"publisher\":{\"@id\":\"https:\/\/www.pressenza.com\/es\/#organization\"},\"potentialAction\":[{\"@type\":\"SearchAction\",\"target\":{\"@type\":\"EntryPoint\",\"urlTemplate\":\"https:\/\/www.pressenza.com\/es\/?s={search_term_string}\"},\"query-input\":{\"@type\":\"PropertyValueSpecification\",\"valueRequired\":true,\"valueName\":\"search_term_string\"}}],\"inLanguage\":\"es\"},{\"@type\":\"Organization\",\"@id\":\"https:\/\/www.pressenza.com\/es\/#organization\",\"name\":\"Pressenza\",\"url\":\"https:\/\/www.pressenza.com\/es\/\",\"logo\":{\"@type\":\"ImageObject\",\"inLanguage\":\"es\",\"@id\":\"https:\/\/www.pressenza.com\/es\/#\/schema\/logo\/image\/\",\"url\":\"https:\/\/www.pressenza.com\/wp-content\/uploads\/2022\/10\/pressenza_logo_200x200.jpg\",\"contentUrl\":\"https:\/\/www.pressenza.com\/wp-content\/uploads\/2022\/10\/pressenza_logo_200x200.jpg\",\"width\":200,\"height\":200,\"caption\":\"Pressenza\"},\"image\":{\"@id\":\"https:\/\/www.pressenza.com\/es\/#\/schema\/logo\/image\/\"},\"sameAs\":[\"https:\/\/www.facebook.com\/PressenzaItalia\",\"https:\/\/x.com\/PressenzaIPA\"]},{\"@type\":\"Person\",\"@id\":\"https:\/\/www.pressenza.com\/es\/#\/schema\/person\/cd84ae5bb81a4a7ddd1c97f144b65271\",\"name\":\"Marita Simon\",\"url\":\"https:\/\/www.pressenza.com\/es\/author\/marita-simon\/\"}]}<\/script>\n<!-- \/ Yoast SEO plugin. -->","yoast_head_json":{"title":"Austria: gana el candidato verde con un ojo en tinta azul!","description":"Por Ruper Kroesen Austria vota por un presidente: En una tercera elecci\u00f3n gana el candidato m\u00e1s templado Alexander van der Bellen! En Austria, el","robots":{"index":"index","follow":"follow","max-snippet":"max-snippet:-1","max-image-preview":"max-image-preview:large","max-video-preview":"max-video-preview:-1"},"canonical":"https:\/\/www.pressenza.com\/es\/2016\/12\/escape-con-un-ojo-azul\/","og_locale":"es_ES","og_type":"article","og_title":"Austria: gana el candidato verde con un ojo en tinta azul!","og_description":"Por Ruper Kroesen Austria vota por un presidente: En una tercera elecci\u00f3n gana el candidato m\u00e1s templado Alexander van der Bellen! En Austria, el","og_url":"https:\/\/www.pressenza.com\/es\/2016\/12\/escape-con-un-ojo-azul\/","og_site_name":"Pressenza","article_publisher":"https:\/\/www.facebook.com\/PressenzaItalia","article_published_time":"2016-12-04T21:00:23+00:00","article_modified_time":"2016-12-04T21:03:30+00:00","og_image":[{"width":4032,"height":3024,"url":"https:\/\/www.pressenza.com\/wp-content\/uploads\/2016\/12\/IMG_3070.jpg","type":"image\/jpeg"}],"author":"Marita Simon","twitter_card":"summary_large_image","twitter_creator":"@PressenzaIPA","twitter_site":"@PressenzaIPA","twitter_misc":{"Escrito por":"Marita Simon","Tiempo de lectura":"3 minutos"},"schema":{"@context":"https:\/\/schema.org","@graph":[{"@type":"Article","@id":"https:\/\/www.pressenza.com\/es\/2016\/12\/escape-con-un-ojo-azul\/#article","isPartOf":{"@id":"https:\/\/www.pressenza.com\/es\/2016\/12\/escape-con-un-ojo-azul\/"},"author":{"name":"Marita Simon","@id":"https:\/\/www.pressenza.com\/es\/#\/schema\/person\/cd84ae5bb81a4a7ddd1c97f144b65271"},"headline":"Austria: gana el candidato verde con un ojo en tinta azul!","datePublished":"2016-12-04T21:00:23+00:00","dateModified":"2016-12-04T21:03:30+00:00","mainEntityOfPage":{"@id":"https:\/\/www.pressenza.com\/es\/2016\/12\/escape-con-un-ojo-azul\/"},"wordCount":519,"publisher":{"@id":"https:\/\/www.pressenza.com\/es\/#organization"},"image":{"@id":"https:\/\/www.pressenza.com\/es\/2016\/12\/escape-con-un-ojo-azul\/#primaryimage"},"thumbnailUrl":"https:\/\/www.pressenza.com\/wp-content\/uploads\/2016\/12\/IMG_3070.jpg","keywords":["Austria","elecciones","Partido Verde","Van der Bellen"],"articleSection":["Contenido Original","Europa","Internacional","Opiniones","Pol\u00edtica"],"inLanguage":"es"},{"@type":"WebPage","@id":"https:\/\/www.pressenza.com\/es\/2016\/12\/escape-con-un-ojo-azul\/","url":"https:\/\/www.pressenza.com\/es\/2016\/12\/escape-con-un-ojo-azul\/","name":"Austria: gana el candidato verde con un ojo en tinta azul!","isPartOf":{"@id":"https:\/\/www.pressenza.com\/es\/#website"},"primaryImageOfPage":{"@id":"https:\/\/www.pressenza.com\/es\/2016\/12\/escape-con-un-ojo-azul\/#primaryimage"},"image":{"@id":"https:\/\/www.pressenza.com\/es\/2016\/12\/escape-con-un-ojo-azul\/#primaryimage"},"thumbnailUrl":"https:\/\/www.pressenza.com\/wp-content\/uploads\/2016\/12\/IMG_3070.jpg","datePublished":"2016-12-04T21:00:23+00:00","dateModified":"2016-12-04T21:03:30+00:00","description":"Por Ruper Kroesen Austria vota por un presidente: En una tercera elecci\u00f3n gana el candidato m\u00e1s templado Alexander van der Bellen! En Austria, el","breadcrumb":{"@id":"https:\/\/www.pressenza.com\/es\/2016\/12\/escape-con-un-ojo-azul\/#breadcrumb"},"inLanguage":"es","potentialAction":[{"@type":"ReadAction","target":["https:\/\/www.pressenza.com\/es\/2016\/12\/escape-con-un-ojo-azul\/"]}]},{"@type":"ImageObject","inLanguage":"es","@id":"https:\/\/www.pressenza.com\/es\/2016\/12\/escape-con-un-ojo-azul\/#primaryimage","url":"https:\/\/www.pressenza.com\/wp-content\/uploads\/2016\/12\/IMG_3070.jpg","contentUrl":"https:\/\/www.pressenza.com\/wp-content\/uploads\/2016\/12\/IMG_3070.jpg","width":4032,"height":3024},{"@type":"BreadcrumbList","@id":"https:\/\/www.pressenza.com\/es\/2016\/12\/escape-con-un-ojo-azul\/#breadcrumb","itemListElement":[{"@type":"ListItem","position":1,"name":"Accueil","item":"https:\/\/www.pressenza.com\/es\/"},{"@type":"ListItem","position":2,"name":"Austria: gana el candidato verde con un ojo en tinta azul!"}]},{"@type":"WebSite","@id":"https:\/\/www.pressenza.com\/es\/#website","url":"https:\/\/www.pressenza.com\/es\/","name":"Pressenza","description":"International Press Agency","publisher":{"@id":"https:\/\/www.pressenza.com\/es\/#organization"},"potentialAction":[{"@type":"SearchAction","target":{"@type":"EntryPoint","urlTemplate":"https:\/\/www.pressenza.com\/es\/?s={search_term_string}"},"query-input":{"@type":"PropertyValueSpecification","valueRequired":true,"valueName":"search_term_string"}}],"inLanguage":"es"},{"@type":"Organization","@id":"https:\/\/www.pressenza.com\/es\/#organization","name":"Pressenza","url":"https:\/\/www.pressenza.com\/es\/","logo":{"@type":"ImageObject","inLanguage":"es","@id":"https:\/\/www.pressenza.com\/es\/#\/schema\/logo\/image\/","url":"https:\/\/www.pressenza.com\/wp-content\/uploads\/2022\/10\/pressenza_logo_200x200.jpg","contentUrl":"https:\/\/www.pressenza.com\/wp-content\/uploads\/2022\/10\/pressenza_logo_200x200.jpg","width":200,"height":200,"caption":"Pressenza"},"image":{"@id":"https:\/\/www.pressenza.com\/es\/#\/schema\/logo\/image\/"},"sameAs":["https:\/\/www.facebook.com\/PressenzaItalia","https:\/\/x.com\/PressenzaIPA"]},{"@type":"Person","@id":"https:\/\/www.pressenza.com\/es\/#\/schema\/person\/cd84ae5bb81a4a7ddd1c97f144b65271","name":"Marita Simon","url":"https:\/\/www.pressenza.com\/es\/author\/marita-simon\/"}]}},"place":"Viena, Austria","original_article_url":"","_links":{"self":[{"href":"https:\/\/www.pressenza.com\/es\/wp-json\/wp\/v2\/posts\/405538","targetHints":{"allow":["GET"]}}],"collection":[{"href":"https:\/\/www.pressenza.com\/es\/wp-json\/wp\/v2\/posts"}],"about":[{"href":"https:\/\/www.pressenza.com\/es\/wp-json\/wp\/v2\/types\/post"}],"author":[{"embeddable":true,"href":"https:\/\/www.pressenza.com\/es\/wp-json\/wp\/v2\/users\/1134"}],"replies":[{"embeddable":true,"href":"https:\/\/www.pressenza.com\/es\/wp-json\/wp\/v2\/comments?post=405538"}],"version-history":[{"count":0,"href":"https:\/\/www.pressenza.com\/es\/wp-json\/wp\/v2\/posts\/405538\/revisions"}],"wp:featuredmedia":[{"embeddable":true,"href":"https:\/\/www.pressenza.com\/es\/wp-json\/wp\/v2\/media\/405533"}],"wp:attachment":[{"href":"https:\/\/www.pressenza.com\/es\/wp-json\/wp\/v2\/media?parent=405538"}],"wp:term":[{"taxonomy":"category","embeddable":true,"href":"https:\/\/www.pressenza.com\/es\/wp-json\/wp\/v2\/categories?post=405538"},{"taxonomy":"post_tag","embeddable":true,"href":"https:\/\/www.pressenza.com\/es\/wp-json\/wp\/v2\/tags?post=405538"}],"curies":[{"name":"wp","href":"https:\/\/api.w.org\/{rel}","templated":true}]}}