{"id":405198,"date":"2016-12-04T01:48:14","date_gmt":"2016-12-04T01:48:14","guid":{"rendered":"http:\/\/www.pressenza.com\/es\/?p=405198"},"modified":"2016-12-04T01:48:14","modified_gmt":"2016-12-04T01:48:14","slug":"santa-rosa-presentacion-del-libro-de-sullings-encrucijada-y-futuro-del-ser-humano","status":"publish","type":"post","link":"https:\/\/www.pressenza.com\/es\/2016\/12\/santa-rosa-presentacion-del-libro-de-sullings-encrucijada-y-futuro-del-ser-humano\/","title":{"rendered":"Santa Rosa: presentaci\u00f3n del libro de Sullings \u201cEncrucijada y futuro del ser humano\u201d"},"content":{"rendered":"<p class=\"western\" lang=\"es-ES\" align=\"justify\"><span style=\"font-size: medium;\"><span lang=\"es-AR\">El pasado viernes 2 de diciembre, en la ciudad de Santa Rosa, provincia de La Pampa, Argentina, se llev\u00f3 a cabo en la sede del Movimiento de Derechos Humanos, la presentaci\u00f3n del libro de Guillermo Sullings, \u201cEncrucijada y Futuro del Ser Humano\u201d. <\/span><\/span><\/p>\n<p class=\"western\" lang=\"es-ES\" align=\"justify\"><span style=\"font-size: medium;\"><span lang=\"es-AR\"> Entre los asistentes se encontraba la Concejala Humanista Alba Fern\u00e1ndez, quien preside en el municipio la Comisi\u00f3n de Derechos Humanos, habiendo logrado importantes avances en lo que respecta a la legislaci\u00f3n sobre esta tem\u00e1tica y a la conformaci\u00f3n de equipos de trabajo insertos en los conflictos sociales.<\/span><\/span><\/p>\n<p class=\"western\" lang=\"es-ES\" align=\"justify\"><span style=\"font-size: medium;\"><span lang=\"es-AR\"> En su presentaci\u00f3n el autor record\u00f3 las luchas hist\u00f3ricas que se vienen dando en torno a los derechos humanos, y destac\u00f3 que si bien a\u00fan falta mucho por hacer, los avances logrados hasta aqu\u00ed en cuestiones que hace siglos podr\u00edan resultar una quimera, nos permiten ser optimistas con respecto a que por ese camino evolutivo en lo social, se continuar\u00e1 avanzando hacia nuevas utop\u00edas, hacia esa Naci\u00f3n Humana Universal que todos aspiramos.<\/span><\/span><\/p>\n<p class=\"western\" lang=\"es-ES\" align=\"justify\"><span style=\"font-size: medium;\"><span lang=\"es-AR\"> En otro pasaje afirm\u00f3: <\/span><\/span><span style=\"font-size: medium;\"><span lang=\"es-AR\"><i>\u201cTodo en este libro podr\u00eda resumirse en la lucha por los Derechos Humanos. Porque a\u00fan hay que trabajar mucho para lograr el derecho a la paz, la que nunca podr\u00e1n garantizar las potencias que manejan las Naciones Unidas, principales responsables de las guerras y el armamentismo. Mucho hay que trabajar por los derechos de segunda generaci\u00f3n, porque pr\u00e1cticamente en ning\u00fan lugar del mundo se garantiza realmente el derecho a un trabajo digno, a la educaci\u00f3n y a la salud.\u201d<\/i><\/span><\/span><\/p>\n<p class=\"western\" lang=\"es-ES\" align=\"justify\"><i> <\/i><span style=\"font-size: medium;\"><span lang=\"es-AR\">Y finalmente manifest\u00f3: \u201c<\/span><\/span><span style=\"font-size: medium;\"><span lang=\"es-AR\"><i>Y tampoco podemos considerar que el derecho humano de primera generaci\u00f3n, referido a la participaci\u00f3n ciudadana en la pol\u00edtica se ejerza genuinamente en las actuales democracias formales. Estas se han convertido en verdaderas plutocracias, en las que el poder econ\u00f3mico maneja a los tres poderes del estado y a los medios de comunicaci\u00f3n, con los que manipula a la opini\u00f3n p\u00fablica para direccionar el voto hacia los socios pol\u00edticos de ese poder econ\u00f3mico. Por eso ser\u00e1 necesario trabajar desde la base social por todos y cada uno de nuestros derechos, pero simult\u00e1neamente, al hacerlo, debemos ocuparnos de ir construyendo un tejido social participativo, que sea el germen de una futura Democracia real, que ponga fin a la hipocres\u00eda de la pol\u00edtica tradicional.\u201d<\/i><\/span><\/span><\/p>\n<p class=\"western\" lang=\"es-ES\" align=\"justify\"><a href=\"http:\/\/www.pressenza.com\/wp-content\/uploads\/2016\/12\/20161202_210501.jpg\"><img loading=\"lazy\" decoding=\"async\" class=\"aligncenter size-full wp-image-405199\" src=\"http:\/\/www.pressenza.com\/wp-content\/uploads\/2016\/12\/20161202_210501.jpg\" alt=\"20161202_210501\" width=\"2048\" height=\"1152\" srcset=\"https:\/\/www.pressenza.com\/wp-content\/uploads\/2016\/12\/20161202_210501.jpg 2048w, https:\/\/www.pressenza.com\/wp-content\/uploads\/2016\/12\/20161202_210501-300x169.jpg 300w, https:\/\/www.pressenza.com\/wp-content\/uploads\/2016\/12\/20161202_210501-768x432.jpg 768w, https:\/\/www.pressenza.com\/wp-content\/uploads\/2016\/12\/20161202_210501-720x405.jpg 720w, https:\/\/www.pressenza.com\/wp-content\/uploads\/2016\/12\/20161202_210501-750x422.jpg 750w\" sizes=\"auto, (max-width: 2048px) 100vw, 2048px\" \/><\/a><\/p>\n","protected":false},"excerpt":{"rendered":"<p>El pasado viernes 2 de diciembre, en la ciudad de Santa Rosa, provincia de La Pampa, Argentina, se llev\u00f3 a cabo en la sede del Movimiento de Derechos Humanos, la presentaci\u00f3n del libro de Guillermo Sullings, \u201cEncrucijada y Futuro del&hellip;<\/p>\n","protected":false},"author":87,"featured_media":405206,"comment_status":"closed","ping_status":"closed","sticky":false,"template":"","format":"standard","meta":{"footnotes":""},"categories":[11389,75,79,1240,67],"tags":[8699,1042,15571],"class_list":["post-405198","post","type-post","status-publish","format-standard","has-post-thumbnail","hentry","category-contenido-original","category-cultura-es","category-derechos-humanos","category-humanismo-espiritualidad","category-sudamerica","tag-guillermo-sullings-es","tag-libros","tag-nacion-humana-universal"],"yoast_head":"<!-- This site is optimized with the Yoast SEO plugin v27.1.1 - https:\/\/yoast.com\/product\/yoast-seo-wordpress\/ -->\n<title>Santa Rosa: presentaci\u00f3n del libro de Sullings \u201cEncrucijada y futuro del ser humano\u201d<\/title>\n<meta name=\"description\" content=\"El pasado viernes 2 de diciembre, en la ciudad de Santa Rosa, provincia de La Pampa, Argentina, se llev\u00f3 a cabo en la sede del Movimiento de Derechos\" \/>\n<meta name=\"robots\" content=\"index, follow, max-snippet:-1, max-image-preview:large, max-video-preview:-1\" \/>\n<link rel=\"canonical\" href=\"https:\/\/www.pressenza.com\/es\/2016\/12\/santa-rosa-presentacion-del-libro-de-sullings-encrucijada-y-futuro-del-ser-humano\/\" \/>\n<meta property=\"og:locale\" content=\"es_ES\" \/>\n<meta property=\"og:type\" content=\"article\" \/>\n<meta property=\"og:title\" content=\"Santa Rosa: presentaci\u00f3n del libro de Sullings \u201cEncrucijada y futuro del ser humano\u201d\" \/>\n<meta property=\"og:description\" content=\"El pasado viernes 2 de diciembre, en la ciudad de Santa Rosa, provincia de La Pampa, Argentina, se llev\u00f3 a cabo en la sede del Movimiento de Derechos\" \/>\n<meta property=\"og:url\" content=\"https:\/\/www.pressenza.com\/es\/2016\/12\/santa-rosa-presentacion-del-libro-de-sullings-encrucijada-y-futuro-del-ser-humano\/\" \/>\n<meta property=\"og:site_name\" content=\"Pressenza\" \/>\n<meta property=\"article:publisher\" content=\"https:\/\/www.facebook.com\/PressenzaItalia\" \/>\n<meta property=\"article:published_time\" content=\"2016-12-04T01:48:14+00:00\" \/>\n<meta property=\"og:image\" content=\"https:\/\/www.pressenza.com\/wp-content\/uploads\/2016\/12\/15288571_1346333778734344_8162698035348953254_o-1.jpg\" \/>\n\t<meta property=\"og:image:width\" content=\"2048\" \/>\n\t<meta property=\"og:image:height\" content=\"1536\" \/>\n\t<meta property=\"og:image:type\" content=\"image\/jpeg\" \/>\n<meta name=\"author\" content=\"Redacci\u00f3n Argentina\" \/>\n<meta name=\"twitter:card\" content=\"summary_large_image\" \/>\n<meta name=\"twitter:creator\" content=\"@pressenza\" \/>\n<meta name=\"twitter:site\" content=\"@PressenzaIPA\" \/>\n<meta name=\"twitter:label1\" content=\"Escrito por\" \/>\n\t<meta name=\"twitter:data1\" content=\"Redacci\u00f3n Argentina\" \/>\n\t<meta name=\"twitter:label2\" content=\"Tiempo de lectura\" \/>\n\t<meta name=\"twitter:data2\" content=\"2 minutos\" \/>\n<script type=\"application\/ld+json\" class=\"yoast-schema-graph\">{\"@context\":\"https:\/\/schema.org\",\"@graph\":[{\"@type\":\"Article\",\"@id\":\"https:\/\/www.pressenza.com\/es\/2016\/12\/santa-rosa-presentacion-del-libro-de-sullings-encrucijada-y-futuro-del-ser-humano\/#article\",\"isPartOf\":{\"@id\":\"https:\/\/www.pressenza.com\/es\/2016\/12\/santa-rosa-presentacion-del-libro-de-sullings-encrucijada-y-futuro-del-ser-humano\/\"},\"author\":{\"name\":\"Redacci\u00f3n Argentina\",\"@id\":\"https:\/\/www.pressenza.com\/es\/#\/schema\/person\/0dda7d1b68267ad95b1e1d83abc98c89\"},\"headline\":\"Santa Rosa: presentaci\u00f3n del libro de Sullings \u201cEncrucijada y futuro del ser humano\u201d\",\"datePublished\":\"2016-12-04T01:48:14+00:00\",\"mainEntityOfPage\":{\"@id\":\"https:\/\/www.pressenza.com\/es\/2016\/12\/santa-rosa-presentacion-del-libro-de-sullings-encrucijada-y-futuro-del-ser-humano\/\"},\"wordCount\":413,\"publisher\":{\"@id\":\"https:\/\/www.pressenza.com\/es\/#organization\"},\"image\":{\"@id\":\"https:\/\/www.pressenza.com\/es\/2016\/12\/santa-rosa-presentacion-del-libro-de-sullings-encrucijada-y-futuro-del-ser-humano\/#primaryimage\"},\"thumbnailUrl\":\"https:\/\/www.pressenza.com\/wp-content\/uploads\/2016\/12\/15288571_1346333778734344_8162698035348953254_o-1.jpg\",\"keywords\":[\"Guillermo Sullings\",\"libros\",\"Naci\u00f3n Humana Universal\"],\"articleSection\":[\"Contenido Original\",\"Cultura y Medios\",\"Derechos Humanos\",\"Humanismo y Espiritualidad\",\"Sudam\u00e9rica\"],\"inLanguage\":\"es\"},{\"@type\":\"WebPage\",\"@id\":\"https:\/\/www.pressenza.com\/es\/2016\/12\/santa-rosa-presentacion-del-libro-de-sullings-encrucijada-y-futuro-del-ser-humano\/\",\"url\":\"https:\/\/www.pressenza.com\/es\/2016\/12\/santa-rosa-presentacion-del-libro-de-sullings-encrucijada-y-futuro-del-ser-humano\/\",\"name\":\"Santa Rosa: presentaci\u00f3n del libro de Sullings \u201cEncrucijada y futuro del ser humano\u201d\",\"isPartOf\":{\"@id\":\"https:\/\/www.pressenza.com\/es\/#website\"},\"primaryImageOfPage\":{\"@id\":\"https:\/\/www.pressenza.com\/es\/2016\/12\/santa-rosa-presentacion-del-libro-de-sullings-encrucijada-y-futuro-del-ser-humano\/#primaryimage\"},\"image\":{\"@id\":\"https:\/\/www.pressenza.com\/es\/2016\/12\/santa-rosa-presentacion-del-libro-de-sullings-encrucijada-y-futuro-del-ser-humano\/#primaryimage\"},\"thumbnailUrl\":\"https:\/\/www.pressenza.com\/wp-content\/uploads\/2016\/12\/15288571_1346333778734344_8162698035348953254_o-1.jpg\",\"datePublished\":\"2016-12-04T01:48:14+00:00\",\"description\":\"El pasado viernes 2 de diciembre, en la ciudad de Santa Rosa, provincia de La Pampa, Argentina, se llev\u00f3 a cabo en la sede del Movimiento de Derechos\",\"breadcrumb\":{\"@id\":\"https:\/\/www.pressenza.com\/es\/2016\/12\/santa-rosa-presentacion-del-libro-de-sullings-encrucijada-y-futuro-del-ser-humano\/#breadcrumb\"},\"inLanguage\":\"es\",\"potentialAction\":[{\"@type\":\"ReadAction\",\"target\":[\"https:\/\/www.pressenza.com\/es\/2016\/12\/santa-rosa-presentacion-del-libro-de-sullings-encrucijada-y-futuro-del-ser-humano\/\"]}]},{\"@type\":\"ImageObject\",\"inLanguage\":\"es\",\"@id\":\"https:\/\/www.pressenza.com\/es\/2016\/12\/santa-rosa-presentacion-del-libro-de-sullings-encrucijada-y-futuro-del-ser-humano\/#primaryimage\",\"url\":\"https:\/\/www.pressenza.com\/wp-content\/uploads\/2016\/12\/15288571_1346333778734344_8162698035348953254_o-1.jpg\",\"contentUrl\":\"https:\/\/www.pressenza.com\/wp-content\/uploads\/2016\/12\/15288571_1346333778734344_8162698035348953254_o-1.jpg\",\"width\":2048,\"height\":1536},{\"@type\":\"BreadcrumbList\",\"@id\":\"https:\/\/www.pressenza.com\/es\/2016\/12\/santa-rosa-presentacion-del-libro-de-sullings-encrucijada-y-futuro-del-ser-humano\/#breadcrumb\",\"itemListElement\":[{\"@type\":\"ListItem\",\"position\":1,\"name\":\"Accueil\",\"item\":\"https:\/\/www.pressenza.com\/es\/\"},{\"@type\":\"ListItem\",\"position\":2,\"name\":\"Santa Rosa: presentaci\u00f3n del libro de Sullings \u201cEncrucijada y futuro del ser humano\u201d\"}]},{\"@type\":\"WebSite\",\"@id\":\"https:\/\/www.pressenza.com\/es\/#website\",\"url\":\"https:\/\/www.pressenza.com\/es\/\",\"name\":\"Pressenza\",\"description\":\"International Press Agency\",\"publisher\":{\"@id\":\"https:\/\/www.pressenza.com\/es\/#organization\"},\"potentialAction\":[{\"@type\":\"SearchAction\",\"target\":{\"@type\":\"EntryPoint\",\"urlTemplate\":\"https:\/\/www.pressenza.com\/es\/?s={search_term_string}\"},\"query-input\":{\"@type\":\"PropertyValueSpecification\",\"valueRequired\":true,\"valueName\":\"search_term_string\"}}],\"inLanguage\":\"es\"},{\"@type\":\"Organization\",\"@id\":\"https:\/\/www.pressenza.com\/es\/#organization\",\"name\":\"Pressenza\",\"url\":\"https:\/\/www.pressenza.com\/es\/\",\"logo\":{\"@type\":\"ImageObject\",\"inLanguage\":\"es\",\"@id\":\"https:\/\/www.pressenza.com\/es\/#\/schema\/logo\/image\/\",\"url\":\"https:\/\/www.pressenza.com\/wp-content\/uploads\/2022\/10\/pressenza_logo_200x200.jpg\",\"contentUrl\":\"https:\/\/www.pressenza.com\/wp-content\/uploads\/2022\/10\/pressenza_logo_200x200.jpg\",\"width\":200,\"height\":200,\"caption\":\"Pressenza\"},\"image\":{\"@id\":\"https:\/\/www.pressenza.com\/es\/#\/schema\/logo\/image\/\"},\"sameAs\":[\"https:\/\/www.facebook.com\/PressenzaItalia\",\"https:\/\/x.com\/PressenzaIPA\"]},{\"@type\":\"Person\",\"@id\":\"https:\/\/www.pressenza.com\/es\/#\/schema\/person\/0dda7d1b68267ad95b1e1d83abc98c89\",\"name\":\"Redacci\u00f3n Argentina\",\"description\":\"News from the Pressenza Bureau in Argentina.\",\"sameAs\":[\"https:\/\/x.com\/pressenza\"],\"url\":\"https:\/\/www.pressenza.com\/es\/author\/redaccion-argentina\/\"}]}<\/script>\n<!-- \/ Yoast SEO plugin. -->","yoast_head_json":{"title":"Santa Rosa: presentaci\u00f3n del libro de Sullings \u201cEncrucijada y futuro del ser humano\u201d","description":"El pasado viernes 2 de diciembre, en la ciudad de Santa Rosa, provincia de La Pampa, Argentina, se llev\u00f3 a cabo en la sede del Movimiento de Derechos","robots":{"index":"index","follow":"follow","max-snippet":"max-snippet:-1","max-image-preview":"max-image-preview:large","max-video-preview":"max-video-preview:-1"},"canonical":"https:\/\/www.pressenza.com\/es\/2016\/12\/santa-rosa-presentacion-del-libro-de-sullings-encrucijada-y-futuro-del-ser-humano\/","og_locale":"es_ES","og_type":"article","og_title":"Santa Rosa: presentaci\u00f3n del libro de Sullings \u201cEncrucijada y futuro del ser humano\u201d","og_description":"El pasado viernes 2 de diciembre, en la ciudad de Santa Rosa, provincia de La Pampa, Argentina, se llev\u00f3 a cabo en la sede del Movimiento de Derechos","og_url":"https:\/\/www.pressenza.com\/es\/2016\/12\/santa-rosa-presentacion-del-libro-de-sullings-encrucijada-y-futuro-del-ser-humano\/","og_site_name":"Pressenza","article_publisher":"https:\/\/www.facebook.com\/PressenzaItalia","article_published_time":"2016-12-04T01:48:14+00:00","og_image":[{"width":2048,"height":1536,"url":"https:\/\/www.pressenza.com\/wp-content\/uploads\/2016\/12\/15288571_1346333778734344_8162698035348953254_o-1.jpg","type":"image\/jpeg"}],"author":"Redacci\u00f3n Argentina","twitter_card":"summary_large_image","twitter_creator":"@pressenza","twitter_site":"@PressenzaIPA","twitter_misc":{"Escrito por":"Redacci\u00f3n Argentina","Tiempo de lectura":"2 minutos"},"schema":{"@context":"https:\/\/schema.org","@graph":[{"@type":"Article","@id":"https:\/\/www.pressenza.com\/es\/2016\/12\/santa-rosa-presentacion-del-libro-de-sullings-encrucijada-y-futuro-del-ser-humano\/#article","isPartOf":{"@id":"https:\/\/www.pressenza.com\/es\/2016\/12\/santa-rosa-presentacion-del-libro-de-sullings-encrucijada-y-futuro-del-ser-humano\/"},"author":{"name":"Redacci\u00f3n Argentina","@id":"https:\/\/www.pressenza.com\/es\/#\/schema\/person\/0dda7d1b68267ad95b1e1d83abc98c89"},"headline":"Santa Rosa: presentaci\u00f3n del libro de Sullings \u201cEncrucijada y futuro del ser humano\u201d","datePublished":"2016-12-04T01:48:14+00:00","mainEntityOfPage":{"@id":"https:\/\/www.pressenza.com\/es\/2016\/12\/santa-rosa-presentacion-del-libro-de-sullings-encrucijada-y-futuro-del-ser-humano\/"},"wordCount":413,"publisher":{"@id":"https:\/\/www.pressenza.com\/es\/#organization"},"image":{"@id":"https:\/\/www.pressenza.com\/es\/2016\/12\/santa-rosa-presentacion-del-libro-de-sullings-encrucijada-y-futuro-del-ser-humano\/#primaryimage"},"thumbnailUrl":"https:\/\/www.pressenza.com\/wp-content\/uploads\/2016\/12\/15288571_1346333778734344_8162698035348953254_o-1.jpg","keywords":["Guillermo Sullings","libros","Naci\u00f3n Humana Universal"],"articleSection":["Contenido Original","Cultura y Medios","Derechos Humanos","Humanismo y Espiritualidad","Sudam\u00e9rica"],"inLanguage":"es"},{"@type":"WebPage","@id":"https:\/\/www.pressenza.com\/es\/2016\/12\/santa-rosa-presentacion-del-libro-de-sullings-encrucijada-y-futuro-del-ser-humano\/","url":"https:\/\/www.pressenza.com\/es\/2016\/12\/santa-rosa-presentacion-del-libro-de-sullings-encrucijada-y-futuro-del-ser-humano\/","name":"Santa Rosa: presentaci\u00f3n del libro de Sullings \u201cEncrucijada y futuro del ser humano\u201d","isPartOf":{"@id":"https:\/\/www.pressenza.com\/es\/#website"},"primaryImageOfPage":{"@id":"https:\/\/www.pressenza.com\/es\/2016\/12\/santa-rosa-presentacion-del-libro-de-sullings-encrucijada-y-futuro-del-ser-humano\/#primaryimage"},"image":{"@id":"https:\/\/www.pressenza.com\/es\/2016\/12\/santa-rosa-presentacion-del-libro-de-sullings-encrucijada-y-futuro-del-ser-humano\/#primaryimage"},"thumbnailUrl":"https:\/\/www.pressenza.com\/wp-content\/uploads\/2016\/12\/15288571_1346333778734344_8162698035348953254_o-1.jpg","datePublished":"2016-12-04T01:48:14+00:00","description":"El pasado viernes 2 de diciembre, en la ciudad de Santa Rosa, provincia de La Pampa, Argentina, se llev\u00f3 a cabo en la sede del Movimiento de Derechos","breadcrumb":{"@id":"https:\/\/www.pressenza.com\/es\/2016\/12\/santa-rosa-presentacion-del-libro-de-sullings-encrucijada-y-futuro-del-ser-humano\/#breadcrumb"},"inLanguage":"es","potentialAction":[{"@type":"ReadAction","target":["https:\/\/www.pressenza.com\/es\/2016\/12\/santa-rosa-presentacion-del-libro-de-sullings-encrucijada-y-futuro-del-ser-humano\/"]}]},{"@type":"ImageObject","inLanguage":"es","@id":"https:\/\/www.pressenza.com\/es\/2016\/12\/santa-rosa-presentacion-del-libro-de-sullings-encrucijada-y-futuro-del-ser-humano\/#primaryimage","url":"https:\/\/www.pressenza.com\/wp-content\/uploads\/2016\/12\/15288571_1346333778734344_8162698035348953254_o-1.jpg","contentUrl":"https:\/\/www.pressenza.com\/wp-content\/uploads\/2016\/12\/15288571_1346333778734344_8162698035348953254_o-1.jpg","width":2048,"height":1536},{"@type":"BreadcrumbList","@id":"https:\/\/www.pressenza.com\/es\/2016\/12\/santa-rosa-presentacion-del-libro-de-sullings-encrucijada-y-futuro-del-ser-humano\/#breadcrumb","itemListElement":[{"@type":"ListItem","position":1,"name":"Accueil","item":"https:\/\/www.pressenza.com\/es\/"},{"@type":"ListItem","position":2,"name":"Santa Rosa: presentaci\u00f3n del libro de Sullings \u201cEncrucijada y futuro del ser humano\u201d"}]},{"@type":"WebSite","@id":"https:\/\/www.pressenza.com\/es\/#website","url":"https:\/\/www.pressenza.com\/es\/","name":"Pressenza","description":"International Press Agency","publisher":{"@id":"https:\/\/www.pressenza.com\/es\/#organization"},"potentialAction":[{"@type":"SearchAction","target":{"@type":"EntryPoint","urlTemplate":"https:\/\/www.pressenza.com\/es\/?s={search_term_string}"},"query-input":{"@type":"PropertyValueSpecification","valueRequired":true,"valueName":"search_term_string"}}],"inLanguage":"es"},{"@type":"Organization","@id":"https:\/\/www.pressenza.com\/es\/#organization","name":"Pressenza","url":"https:\/\/www.pressenza.com\/es\/","logo":{"@type":"ImageObject","inLanguage":"es","@id":"https:\/\/www.pressenza.com\/es\/#\/schema\/logo\/image\/","url":"https:\/\/www.pressenza.com\/wp-content\/uploads\/2022\/10\/pressenza_logo_200x200.jpg","contentUrl":"https:\/\/www.pressenza.com\/wp-content\/uploads\/2022\/10\/pressenza_logo_200x200.jpg","width":200,"height":200,"caption":"Pressenza"},"image":{"@id":"https:\/\/www.pressenza.com\/es\/#\/schema\/logo\/image\/"},"sameAs":["https:\/\/www.facebook.com\/PressenzaItalia","https:\/\/x.com\/PressenzaIPA"]},{"@type":"Person","@id":"https:\/\/www.pressenza.com\/es\/#\/schema\/person\/0dda7d1b68267ad95b1e1d83abc98c89","name":"Redacci\u00f3n Argentina","description":"News from the Pressenza Bureau in Argentina.","sameAs":["https:\/\/x.com\/pressenza"],"url":"https:\/\/www.pressenza.com\/es\/author\/redaccion-argentina\/"}]}},"place":"Santa Rosa, La Pampa, Argentina","original_article_url":"","_links":{"self":[{"href":"https:\/\/www.pressenza.com\/es\/wp-json\/wp\/v2\/posts\/405198","targetHints":{"allow":["GET"]}}],"collection":[{"href":"https:\/\/www.pressenza.com\/es\/wp-json\/wp\/v2\/posts"}],"about":[{"href":"https:\/\/www.pressenza.com\/es\/wp-json\/wp\/v2\/types\/post"}],"author":[{"embeddable":true,"href":"https:\/\/www.pressenza.com\/es\/wp-json\/wp\/v2\/users\/87"}],"replies":[{"embeddable":true,"href":"https:\/\/www.pressenza.com\/es\/wp-json\/wp\/v2\/comments?post=405198"}],"version-history":[{"count":0,"href":"https:\/\/www.pressenza.com\/es\/wp-json\/wp\/v2\/posts\/405198\/revisions"}],"wp:featuredmedia":[{"embeddable":true,"href":"https:\/\/www.pressenza.com\/es\/wp-json\/wp\/v2\/media\/405206"}],"wp:attachment":[{"href":"https:\/\/www.pressenza.com\/es\/wp-json\/wp\/v2\/media?parent=405198"}],"wp:term":[{"taxonomy":"category","embeddable":true,"href":"https:\/\/www.pressenza.com\/es\/wp-json\/wp\/v2\/categories?post=405198"},{"taxonomy":"post_tag","embeddable":true,"href":"https:\/\/www.pressenza.com\/es\/wp-json\/wp\/v2\/tags?post=405198"}],"curies":[{"name":"wp","href":"https:\/\/api.w.org\/{rel}","templated":true}]}}