{"id":404025,"date":"2016-12-01T13:22:37","date_gmt":"2016-12-01T13:22:37","guid":{"rendered":"http:\/\/www.pressenza.com\/es\/?p=404025"},"modified":"2016-12-01T13:23:21","modified_gmt":"2016-12-01T13:23:21","slug":"brutal-operativo-policial-y-torturas-contra-la-comunidad-nam-qom-de-formosa-audiencia-ante-la-cidh","status":"publish","type":"post","link":"https:\/\/www.pressenza.com\/es\/2016\/12\/brutal-operativo-policial-y-torturas-contra-la-comunidad-nam-qom-de-formosa-audiencia-ante-la-cidh\/","title":{"rendered":"Brutal operativo policial y torturas contra la Comunidad Nam Qom de Formosa: audiencia ante la CIDH"},"content":{"rendered":"<p><em><strong>CELS, Centro de Estudios Legales y Sociales<\/strong><\/em><\/p>\n<p>Este jueves 1 de diciembre acompa\u00f1aremos a la comunidad Nam Qom a una audiencia ante la Comisi\u00f3n Interamericana de Derechos Humanos (CIDH) por los hechos ocurridos el 16 y 17 de agosto de 2002 y la falta de toda respuesta del Estado argentino.<\/p>\n<p>Desde la tarde del 16 de agosto, cerca de 100 efectivos de la polic\u00eda formose\u00f1a sitiaron por m\u00e1s de 40 horas a la comunidad Nam Qom. Bajo el pretexto de investigar la muerte de un integrante de esa fuerza, dispararon con balas de plomo, detuvieron de forma arbitraria a m\u00e1s de 80 personas entre ellos, ancianos y ni\u00f1os, y ocuparon por horas varias de sus casas. Muchos fueron amenazados, golpeados y sometidos a sesiones de torturas mientras les gritaban \u201cindios de mierda\u00bb. En los traslados a las comisar\u00edas adem\u00e1s de los golpes, les dejaron sus cabezas fuera del cami\u00f3n cuando atravesaban una zona de vegetaci\u00f3n alta. Sus rostros fueron desfigurados por completo. Las v\u00edctimas permanecieron incomunicadas, privadas de libertad y sin atenci\u00f3n m\u00e9dica.<\/p>\n<p>Durante el operativo ilegal estuvieron presentes el juez de la investigaci\u00f3n H\u00e9ctor Ricardo Suhr y el Procurador General de la provincia Carlos A. Ontiveros quienes avalaron el accionar de las fuerzas de seguridad y participaron de las graves violaciones a los derechos humanos.<\/p>\n<p>Estos hechos quedaron en la impunidad por falta de respuesta pol\u00edtica y judicial. Por este motivo, en 2005, la comunidad debi\u00f3 recurrir al Sistema Interamericano de Derechos Humanos con el acompa\u00f1amiento del CELS. En 2011 se realiz\u00f3 una audiencia ante la CIDH para la admisibilidad del caso. Dos a\u00f1os despu\u00e9s, la Comisi\u00f3n dio curso al pedido y solicit\u00f3 a las partes alegar sobre las violaciones de derechos humanos. Hasta el d\u00eda de la fecha el estado argentino no respondi\u00f3 a los argumentos que dio el CELS en 2013 durante la etapa de alegatos escritos. La audiencia de ma\u00f1ana contar\u00e1 con el testimonio de Israel Alegre, vocero de la Comunidad, y se desarrollar\u00e1n los argumentos de fondo, como paso previo al dictado del informe final de la CIDH.<\/p>\n<p>El violento operativo y la falta de toda respuesta estatal no fueron hechos aislados. Por el contrario, fueron una expresi\u00f3n de patrones estructurales de discriminaci\u00f3n y violencia institucional contra las pueblos ind\u00edgenas en Formosa que se desarrollan en un contexto de total impunidad.<\/p>\n<p><iframe loading=\"lazy\" src=\"https:\/\/www.youtube.com\/embed\/AvcgJjXh3bY\" width=\"715\" height=\"402\" frameborder=\"0\" allowfullscreen=\"allowfullscreen\"><\/iframe><\/p>\n","protected":false},"excerpt":{"rendered":"<p>CELS, Centro de Estudios Legales y Sociales Este jueves 1 de diciembre acompa\u00f1aremos a la comunidad Nam Qom a una audiencia ante la Comisi\u00f3n Interamericana de Derechos Humanos (CIDH) por los hechos ocurridos el 16 y 17 de agosto de&hellip;<\/p>\n","protected":false},"author":1254,"featured_media":404026,"comment_status":"closed","ping_status":"closed","sticky":false,"template":"","format":"standard","meta":{"footnotes":""},"categories":[149,80,67],"tags":[33167,14812,17497,441,3059,5323,22210,3058,18507],"class_list":["post-404025","post","type-post","status-publish","format-standard","has-post-thumbnail","hentry","category-comunicados-de-prensa","category-pueblos-originarios","category-sudamerica","tag-audiencia","tag-cels","tag-cidh","tag-derechos-humanos","tag-formosa","tag-indigenas","tag-pueblos-originarios","tag-qom","tag-territorios"],"yoast_head":"<!-- This site is optimized with the Yoast SEO plugin v27.1.1 - https:\/\/yoast.com\/product\/yoast-seo-wordpress\/ -->\n<title>Brutal operativo policial y torturas contra la Comunidad Nam Qom de Formosa: audiencia ante la CIDH<\/title>\n<meta name=\"description\" content=\"CELS, Centro de Estudios Legales y Sociales Este jueves 1 de diciembre acompa\u00f1aremos a la comunidad Nam Qom a una audiencia ante la Comisi\u00f3n\" \/>\n<meta name=\"robots\" content=\"index, follow, max-snippet:-1, max-image-preview:large, max-video-preview:-1\" \/>\n<link rel=\"canonical\" href=\"https:\/\/www.pressenza.com\/es\/2016\/12\/brutal-operativo-policial-y-torturas-contra-la-comunidad-nam-qom-de-formosa-audiencia-ante-la-cidh\/\" \/>\n<meta property=\"og:locale\" content=\"es_ES\" \/>\n<meta property=\"og:type\" content=\"article\" \/>\n<meta property=\"og:title\" content=\"Brutal operativo policial y torturas contra la Comunidad Nam Qom de Formosa: audiencia ante la CIDH\" \/>\n<meta property=\"og:description\" content=\"CELS, Centro de Estudios Legales y Sociales Este jueves 1 de diciembre acompa\u00f1aremos a la comunidad Nam Qom a una audiencia ante la Comisi\u00f3n\" \/>\n<meta property=\"og:url\" content=\"https:\/\/www.pressenza.com\/es\/2016\/12\/brutal-operativo-policial-y-torturas-contra-la-comunidad-nam-qom-de-formosa-audiencia-ante-la-cidh\/\" \/>\n<meta property=\"og:site_name\" content=\"Pressenza\" \/>\n<meta property=\"article:publisher\" content=\"https:\/\/www.facebook.com\/PressenzaItalia\" \/>\n<meta property=\"article:author\" content=\"https:\/\/www.facebook.com\/pressenza\" \/>\n<meta property=\"article:published_time\" content=\"2016-12-01T13:22:37+00:00\" \/>\n<meta property=\"article:modified_time\" content=\"2016-12-01T13:23:21+00:00\" \/>\n<meta property=\"og:image\" content=\"https:\/\/www.pressenza.com\/wp-content\/uploads\/2016\/12\/de-reinaldo-ortega.jpg\" \/>\n\t<meta property=\"og:image:width\" content=\"960\" \/>\n\t<meta property=\"og:image:height\" content=\"638\" \/>\n\t<meta property=\"og:image:type\" content=\"image\/jpeg\" \/>\n<meta name=\"author\" content=\"Redacci\u00f3n Mar del Plata\" \/>\n<meta name=\"twitter:card\" content=\"summary_large_image\" \/>\n<meta name=\"twitter:creator\" content=\"@Pressenza\" \/>\n<meta name=\"twitter:site\" content=\"@PressenzaIPA\" \/>\n<meta name=\"twitter:label1\" content=\"Escrito por\" \/>\n\t<meta name=\"twitter:data1\" content=\"Redacci\u00f3n Mar del Plata\" \/>\n\t<meta name=\"twitter:label2\" content=\"Tiempo de lectura\" \/>\n\t<meta name=\"twitter:data2\" content=\"2 minutos\" \/>\n<script type=\"application\/ld+json\" class=\"yoast-schema-graph\">{\"@context\":\"https:\/\/schema.org\",\"@graph\":[{\"@type\":\"Article\",\"@id\":\"https:\/\/www.pressenza.com\/es\/2016\/12\/brutal-operativo-policial-y-torturas-contra-la-comunidad-nam-qom-de-formosa-audiencia-ante-la-cidh\/#article\",\"isPartOf\":{\"@id\":\"https:\/\/www.pressenza.com\/es\/2016\/12\/brutal-operativo-policial-y-torturas-contra-la-comunidad-nam-qom-de-formosa-audiencia-ante-la-cidh\/\"},\"author\":{\"name\":\"Redacci\u00f3n Mar del Plata\",\"@id\":\"https:\/\/www.pressenza.com\/es\/#\/schema\/person\/738658b5125ecea661a8a0b96dba8b69\"},\"headline\":\"Brutal operativo policial y torturas contra la Comunidad Nam Qom de Formosa: audiencia ante la CIDH\",\"datePublished\":\"2016-12-01T13:22:37+00:00\",\"dateModified\":\"2016-12-01T13:23:21+00:00\",\"mainEntityOfPage\":{\"@id\":\"https:\/\/www.pressenza.com\/es\/2016\/12\/brutal-operativo-policial-y-torturas-contra-la-comunidad-nam-qom-de-formosa-audiencia-ante-la-cidh\/\"},\"wordCount\":418,\"publisher\":{\"@id\":\"https:\/\/www.pressenza.com\/es\/#organization\"},\"image\":{\"@id\":\"https:\/\/www.pressenza.com\/es\/2016\/12\/brutal-operativo-policial-y-torturas-contra-la-comunidad-nam-qom-de-formosa-audiencia-ante-la-cidh\/#primaryimage\"},\"thumbnailUrl\":\"https:\/\/www.pressenza.com\/wp-content\/uploads\/2016\/12\/de-reinaldo-ortega.jpg\",\"keywords\":[\"audiencia\",\"CELS\",\"CIDH\",\"Derechos humanos\",\"Formosa\",\"indigenas\",\"Pueblos Originarios\",\"Qom\",\"territorios\"],\"articleSection\":[\"Comunicados de Prensa\",\"Pueblos Originarios\",\"Sudam\u00e9rica\"],\"inLanguage\":\"es\"},{\"@type\":\"WebPage\",\"@id\":\"https:\/\/www.pressenza.com\/es\/2016\/12\/brutal-operativo-policial-y-torturas-contra-la-comunidad-nam-qom-de-formosa-audiencia-ante-la-cidh\/\",\"url\":\"https:\/\/www.pressenza.com\/es\/2016\/12\/brutal-operativo-policial-y-torturas-contra-la-comunidad-nam-qom-de-formosa-audiencia-ante-la-cidh\/\",\"name\":\"Brutal operativo policial y torturas contra la Comunidad Nam Qom de Formosa: audiencia ante la CIDH\",\"isPartOf\":{\"@id\":\"https:\/\/www.pressenza.com\/es\/#website\"},\"primaryImageOfPage\":{\"@id\":\"https:\/\/www.pressenza.com\/es\/2016\/12\/brutal-operativo-policial-y-torturas-contra-la-comunidad-nam-qom-de-formosa-audiencia-ante-la-cidh\/#primaryimage\"},\"image\":{\"@id\":\"https:\/\/www.pressenza.com\/es\/2016\/12\/brutal-operativo-policial-y-torturas-contra-la-comunidad-nam-qom-de-formosa-audiencia-ante-la-cidh\/#primaryimage\"},\"thumbnailUrl\":\"https:\/\/www.pressenza.com\/wp-content\/uploads\/2016\/12\/de-reinaldo-ortega.jpg\",\"datePublished\":\"2016-12-01T13:22:37+00:00\",\"dateModified\":\"2016-12-01T13:23:21+00:00\",\"description\":\"CELS, Centro de Estudios Legales y Sociales Este jueves 1 de diciembre acompa\u00f1aremos a la comunidad Nam Qom a una audiencia ante la Comisi\u00f3n\",\"breadcrumb\":{\"@id\":\"https:\/\/www.pressenza.com\/es\/2016\/12\/brutal-operativo-policial-y-torturas-contra-la-comunidad-nam-qom-de-formosa-audiencia-ante-la-cidh\/#breadcrumb\"},\"inLanguage\":\"es\",\"potentialAction\":[{\"@type\":\"ReadAction\",\"target\":[\"https:\/\/www.pressenza.com\/es\/2016\/12\/brutal-operativo-policial-y-torturas-contra-la-comunidad-nam-qom-de-formosa-audiencia-ante-la-cidh\/\"]}]},{\"@type\":\"ImageObject\",\"inLanguage\":\"es\",\"@id\":\"https:\/\/www.pressenza.com\/es\/2016\/12\/brutal-operativo-policial-y-torturas-contra-la-comunidad-nam-qom-de-formosa-audiencia-ante-la-cidh\/#primaryimage\",\"url\":\"https:\/\/www.pressenza.com\/wp-content\/uploads\/2016\/12\/de-reinaldo-ortega.jpg\",\"contentUrl\":\"https:\/\/www.pressenza.com\/wp-content\/uploads\/2016\/12\/de-reinaldo-ortega.jpg\",\"width\":960,\"height\":638},{\"@type\":\"BreadcrumbList\",\"@id\":\"https:\/\/www.pressenza.com\/es\/2016\/12\/brutal-operativo-policial-y-torturas-contra-la-comunidad-nam-qom-de-formosa-audiencia-ante-la-cidh\/#breadcrumb\",\"itemListElement\":[{\"@type\":\"ListItem\",\"position\":1,\"name\":\"Accueil\",\"item\":\"https:\/\/www.pressenza.com\/es\/\"},{\"@type\":\"ListItem\",\"position\":2,\"name\":\"Brutal operativo policial y torturas contra la Comunidad Nam Qom de Formosa: audiencia ante la CIDH\"}]},{\"@type\":\"WebSite\",\"@id\":\"https:\/\/www.pressenza.com\/es\/#website\",\"url\":\"https:\/\/www.pressenza.com\/es\/\",\"name\":\"Pressenza\",\"description\":\"International Press Agency\",\"publisher\":{\"@id\":\"https:\/\/www.pressenza.com\/es\/#organization\"},\"potentialAction\":[{\"@type\":\"SearchAction\",\"target\":{\"@type\":\"EntryPoint\",\"urlTemplate\":\"https:\/\/www.pressenza.com\/es\/?s={search_term_string}\"},\"query-input\":{\"@type\":\"PropertyValueSpecification\",\"valueRequired\":true,\"valueName\":\"search_term_string\"}}],\"inLanguage\":\"es\"},{\"@type\":\"Organization\",\"@id\":\"https:\/\/www.pressenza.com\/es\/#organization\",\"name\":\"Pressenza\",\"url\":\"https:\/\/www.pressenza.com\/es\/\",\"logo\":{\"@type\":\"ImageObject\",\"inLanguage\":\"es\",\"@id\":\"https:\/\/www.pressenza.com\/es\/#\/schema\/logo\/image\/\",\"url\":\"https:\/\/www.pressenza.com\/wp-content\/uploads\/2022\/10\/pressenza_logo_200x200.jpg\",\"contentUrl\":\"https:\/\/www.pressenza.com\/wp-content\/uploads\/2022\/10\/pressenza_logo_200x200.jpg\",\"width\":200,\"height\":200,\"caption\":\"Pressenza\"},\"image\":{\"@id\":\"https:\/\/www.pressenza.com\/es\/#\/schema\/logo\/image\/\"},\"sameAs\":[\"https:\/\/www.facebook.com\/PressenzaItalia\",\"https:\/\/x.com\/PressenzaIPA\"]},{\"@type\":\"Person\",\"@id\":\"https:\/\/www.pressenza.com\/es\/#\/schema\/person\/738658b5125ecea661a8a0b96dba8b69\",\"name\":\"Redacci\u00f3n Mar del Plata\",\"description\":\"News published by the Pressenza bureau in Mar Del Plata, Argentina\",\"sameAs\":[\"https:\/\/www.facebook.com\/pressenza\",\"https:\/\/x.com\/Pressenza\"],\"url\":\"https:\/\/www.pressenza.com\/es\/author\/redaccion-mar-del-plata\/\"}]}<\/script>\n<!-- \/ Yoast SEO plugin. -->","yoast_head_json":{"title":"Brutal operativo policial y torturas contra la Comunidad Nam Qom de Formosa: audiencia ante la CIDH","description":"CELS, Centro de Estudios Legales y Sociales Este jueves 1 de diciembre acompa\u00f1aremos a la comunidad Nam Qom a una audiencia ante la Comisi\u00f3n","robots":{"index":"index","follow":"follow","max-snippet":"max-snippet:-1","max-image-preview":"max-image-preview:large","max-video-preview":"max-video-preview:-1"},"canonical":"https:\/\/www.pressenza.com\/es\/2016\/12\/brutal-operativo-policial-y-torturas-contra-la-comunidad-nam-qom-de-formosa-audiencia-ante-la-cidh\/","og_locale":"es_ES","og_type":"article","og_title":"Brutal operativo policial y torturas contra la Comunidad Nam Qom de Formosa: audiencia ante la CIDH","og_description":"CELS, Centro de Estudios Legales y Sociales Este jueves 1 de diciembre acompa\u00f1aremos a la comunidad Nam Qom a una audiencia ante la Comisi\u00f3n","og_url":"https:\/\/www.pressenza.com\/es\/2016\/12\/brutal-operativo-policial-y-torturas-contra-la-comunidad-nam-qom-de-formosa-audiencia-ante-la-cidh\/","og_site_name":"Pressenza","article_publisher":"https:\/\/www.facebook.com\/PressenzaItalia","article_author":"https:\/\/www.facebook.com\/pressenza","article_published_time":"2016-12-01T13:22:37+00:00","article_modified_time":"2016-12-01T13:23:21+00:00","og_image":[{"width":960,"height":638,"url":"https:\/\/www.pressenza.com\/wp-content\/uploads\/2016\/12\/de-reinaldo-ortega.jpg","type":"image\/jpeg"}],"author":"Redacci\u00f3n Mar del Plata","twitter_card":"summary_large_image","twitter_creator":"@Pressenza","twitter_site":"@PressenzaIPA","twitter_misc":{"Escrito por":"Redacci\u00f3n Mar del Plata","Tiempo de lectura":"2 minutos"},"schema":{"@context":"https:\/\/schema.org","@graph":[{"@type":"Article","@id":"https:\/\/www.pressenza.com\/es\/2016\/12\/brutal-operativo-policial-y-torturas-contra-la-comunidad-nam-qom-de-formosa-audiencia-ante-la-cidh\/#article","isPartOf":{"@id":"https:\/\/www.pressenza.com\/es\/2016\/12\/brutal-operativo-policial-y-torturas-contra-la-comunidad-nam-qom-de-formosa-audiencia-ante-la-cidh\/"},"author":{"name":"Redacci\u00f3n Mar del Plata","@id":"https:\/\/www.pressenza.com\/es\/#\/schema\/person\/738658b5125ecea661a8a0b96dba8b69"},"headline":"Brutal operativo policial y torturas contra la Comunidad Nam Qom de Formosa: audiencia ante la CIDH","datePublished":"2016-12-01T13:22:37+00:00","dateModified":"2016-12-01T13:23:21+00:00","mainEntityOfPage":{"@id":"https:\/\/www.pressenza.com\/es\/2016\/12\/brutal-operativo-policial-y-torturas-contra-la-comunidad-nam-qom-de-formosa-audiencia-ante-la-cidh\/"},"wordCount":418,"publisher":{"@id":"https:\/\/www.pressenza.com\/es\/#organization"},"image":{"@id":"https:\/\/www.pressenza.com\/es\/2016\/12\/brutal-operativo-policial-y-torturas-contra-la-comunidad-nam-qom-de-formosa-audiencia-ante-la-cidh\/#primaryimage"},"thumbnailUrl":"https:\/\/www.pressenza.com\/wp-content\/uploads\/2016\/12\/de-reinaldo-ortega.jpg","keywords":["audiencia","CELS","CIDH","Derechos humanos","Formosa","indigenas","Pueblos Originarios","Qom","territorios"],"articleSection":["Comunicados de Prensa","Pueblos Originarios","Sudam\u00e9rica"],"inLanguage":"es"},{"@type":"WebPage","@id":"https:\/\/www.pressenza.com\/es\/2016\/12\/brutal-operativo-policial-y-torturas-contra-la-comunidad-nam-qom-de-formosa-audiencia-ante-la-cidh\/","url":"https:\/\/www.pressenza.com\/es\/2016\/12\/brutal-operativo-policial-y-torturas-contra-la-comunidad-nam-qom-de-formosa-audiencia-ante-la-cidh\/","name":"Brutal operativo policial y torturas contra la Comunidad Nam Qom de Formosa: audiencia ante la CIDH","isPartOf":{"@id":"https:\/\/www.pressenza.com\/es\/#website"},"primaryImageOfPage":{"@id":"https:\/\/www.pressenza.com\/es\/2016\/12\/brutal-operativo-policial-y-torturas-contra-la-comunidad-nam-qom-de-formosa-audiencia-ante-la-cidh\/#primaryimage"},"image":{"@id":"https:\/\/www.pressenza.com\/es\/2016\/12\/brutal-operativo-policial-y-torturas-contra-la-comunidad-nam-qom-de-formosa-audiencia-ante-la-cidh\/#primaryimage"},"thumbnailUrl":"https:\/\/www.pressenza.com\/wp-content\/uploads\/2016\/12\/de-reinaldo-ortega.jpg","datePublished":"2016-12-01T13:22:37+00:00","dateModified":"2016-12-01T13:23:21+00:00","description":"CELS, Centro de Estudios Legales y Sociales Este jueves 1 de diciembre acompa\u00f1aremos a la comunidad Nam Qom a una audiencia ante la Comisi\u00f3n","breadcrumb":{"@id":"https:\/\/www.pressenza.com\/es\/2016\/12\/brutal-operativo-policial-y-torturas-contra-la-comunidad-nam-qom-de-formosa-audiencia-ante-la-cidh\/#breadcrumb"},"inLanguage":"es","potentialAction":[{"@type":"ReadAction","target":["https:\/\/www.pressenza.com\/es\/2016\/12\/brutal-operativo-policial-y-torturas-contra-la-comunidad-nam-qom-de-formosa-audiencia-ante-la-cidh\/"]}]},{"@type":"ImageObject","inLanguage":"es","@id":"https:\/\/www.pressenza.com\/es\/2016\/12\/brutal-operativo-policial-y-torturas-contra-la-comunidad-nam-qom-de-formosa-audiencia-ante-la-cidh\/#primaryimage","url":"https:\/\/www.pressenza.com\/wp-content\/uploads\/2016\/12\/de-reinaldo-ortega.jpg","contentUrl":"https:\/\/www.pressenza.com\/wp-content\/uploads\/2016\/12\/de-reinaldo-ortega.jpg","width":960,"height":638},{"@type":"BreadcrumbList","@id":"https:\/\/www.pressenza.com\/es\/2016\/12\/brutal-operativo-policial-y-torturas-contra-la-comunidad-nam-qom-de-formosa-audiencia-ante-la-cidh\/#breadcrumb","itemListElement":[{"@type":"ListItem","position":1,"name":"Accueil","item":"https:\/\/www.pressenza.com\/es\/"},{"@type":"ListItem","position":2,"name":"Brutal operativo policial y torturas contra la Comunidad Nam Qom de Formosa: audiencia ante la CIDH"}]},{"@type":"WebSite","@id":"https:\/\/www.pressenza.com\/es\/#website","url":"https:\/\/www.pressenza.com\/es\/","name":"Pressenza","description":"International Press Agency","publisher":{"@id":"https:\/\/www.pressenza.com\/es\/#organization"},"potentialAction":[{"@type":"SearchAction","target":{"@type":"EntryPoint","urlTemplate":"https:\/\/www.pressenza.com\/es\/?s={search_term_string}"},"query-input":{"@type":"PropertyValueSpecification","valueRequired":true,"valueName":"search_term_string"}}],"inLanguage":"es"},{"@type":"Organization","@id":"https:\/\/www.pressenza.com\/es\/#organization","name":"Pressenza","url":"https:\/\/www.pressenza.com\/es\/","logo":{"@type":"ImageObject","inLanguage":"es","@id":"https:\/\/www.pressenza.com\/es\/#\/schema\/logo\/image\/","url":"https:\/\/www.pressenza.com\/wp-content\/uploads\/2022\/10\/pressenza_logo_200x200.jpg","contentUrl":"https:\/\/www.pressenza.com\/wp-content\/uploads\/2022\/10\/pressenza_logo_200x200.jpg","width":200,"height":200,"caption":"Pressenza"},"image":{"@id":"https:\/\/www.pressenza.com\/es\/#\/schema\/logo\/image\/"},"sameAs":["https:\/\/www.facebook.com\/PressenzaItalia","https:\/\/x.com\/PressenzaIPA"]},{"@type":"Person","@id":"https:\/\/www.pressenza.com\/es\/#\/schema\/person\/738658b5125ecea661a8a0b96dba8b69","name":"Redacci\u00f3n Mar del Plata","description":"News published by the Pressenza bureau in Mar Del Plata, Argentina","sameAs":["https:\/\/www.facebook.com\/pressenza","https:\/\/x.com\/Pressenza"],"url":"https:\/\/www.pressenza.com\/es\/author\/redaccion-mar-del-plata\/"}]}},"place":"Formosa, Argentina","original_article_url":"","_links":{"self":[{"href":"https:\/\/www.pressenza.com\/es\/wp-json\/wp\/v2\/posts\/404025","targetHints":{"allow":["GET"]}}],"collection":[{"href":"https:\/\/www.pressenza.com\/es\/wp-json\/wp\/v2\/posts"}],"about":[{"href":"https:\/\/www.pressenza.com\/es\/wp-json\/wp\/v2\/types\/post"}],"author":[{"embeddable":true,"href":"https:\/\/www.pressenza.com\/es\/wp-json\/wp\/v2\/users\/1254"}],"replies":[{"embeddable":true,"href":"https:\/\/www.pressenza.com\/es\/wp-json\/wp\/v2\/comments?post=404025"}],"version-history":[{"count":0,"href":"https:\/\/www.pressenza.com\/es\/wp-json\/wp\/v2\/posts\/404025\/revisions"}],"wp:featuredmedia":[{"embeddable":true,"href":"https:\/\/www.pressenza.com\/es\/wp-json\/wp\/v2\/media\/404026"}],"wp:attachment":[{"href":"https:\/\/www.pressenza.com\/es\/wp-json\/wp\/v2\/media?parent=404025"}],"wp:term":[{"taxonomy":"category","embeddable":true,"href":"https:\/\/www.pressenza.com\/es\/wp-json\/wp\/v2\/categories?post=404025"},{"taxonomy":"post_tag","embeddable":true,"href":"https:\/\/www.pressenza.com\/es\/wp-json\/wp\/v2\/tags?post=404025"}],"curies":[{"name":"wp","href":"https:\/\/api.w.org\/{rel}","templated":true}]}}