{"id":403463,"date":"2016-11-30T16:46:17","date_gmt":"2016-11-30T16:46:17","guid":{"rendered":"http:\/\/www.pressenza.com\/es\/?p=403463"},"modified":"2016-12-01T10:13:49","modified_gmt":"2016-12-01T10:13:49","slug":"palestinos-y-judios-son-victimas-de-una-maquinaria-politica-militar-baher-kamal","status":"publish","type":"post","link":"https:\/\/www.pressenza.com\/es\/2016\/11\/palestinos-y-judios-son-victimas-de-una-maquinaria-politica-militar-baher-kamal\/","title":{"rendered":"\u00abPalestinos y jud\u00edos son v\u00edctimas de una maquinaria pol\u00edtica-militar\u00bb: Baher Kamal"},"content":{"rendered":"<p>Por Patricio Guevara<\/p>\n<p><em>Baher Kamal, periodista de m\u00e1s de 40 a\u00f1os de experiencia que desarrolla sus actividades en IPS (Inter Press Service); de origen Egipcio y con su residencia en Madrid-Espa\u00f1a, Baher nos ayuda a seguir entendiendo el conflicto palestino-israel\u00ed para profundizar en lo planteado en <a href=\"https:\/\/www.pressenza.com\/es\/2016\/11\/pedro-ferraracio-y-el-movimiento-bds-boicot-desinversiones-sanciones\/\" target=\"_blank\">una nota anterior por Pedro Ferraracio<\/a> que pertenece al CNP (Comit\u00e9 Nacional Palestino) y es propulsor del BDS (Boicot Desinversi\u00f3n y Sanci\u00f3n).<\/em><\/p>\n<p><strong>\u00bfC\u00f3mo miras el conflicto de Israel y Palestina?<\/strong><\/p>\n<p>Es un conflicto que ha iniciado hace 100 a\u00f1os, m\u00e1s de 100 a\u00f1os. Con una divisi\u00f3n arbitraria de los territorios de Oriente Medio y que s\u00ed, que hay activismo para un poco a favor del pueblo palestino que es afectado de las injusticias de\u00a0 lo que est\u00e1 pasando.<\/p>\n<p>En 1947 Naciones Unidas acord\u00f3 dar una tercera parte del territorio de Palestina para la creaci\u00f3n de Israel, y dos terceras partes para el pueblo palestino.\u00a0Con el tiempo esta proporci\u00f3n cambio mucho, y en este momento los palestinos est\u00e1n en una especie de bolsas, comunidades aisladas y circundadas, por los asentamientos o construcciones israel\u00edes.<\/p>\n<p>En Marruecos hay una ciudad que se llama Fez que es pr\u00e1cticamente todo \u00a0jud\u00edo, yo viv\u00eda en El Cairo cuando era joven hab\u00eda un edificio con familias jud\u00edas, musulmanas, y no se preguntaban ninguna cosa, conviv\u00edan y ya est\u00e1.\u00a0Los pa\u00edses de Oriente Medio son los que acogieron a los jud\u00edos desplazados de Alemania.<\/p>\n<p>Lo que no entiendo objetivamente es la pol\u00edtica de arrebatar todos los territorios palestinos y aislarlos de a poco en su sociedad, que se da por medio de Israel y con recursos de Estados Unidos. O sea eso es una cuesti\u00f3n de pol\u00edtica, ya no es cuesti\u00f3n de religi\u00f3n ni de la gente.<\/p>\n<p>La\u00a0sociedad de Israel es muy mixta, la pol\u00edtica de Israel ha alentado la inmigraci\u00f3n de jud\u00edos de Rusia a Israel, de Etiop\u00eda a Israel, de Pa\u00edses \u00e1rabes a Israel, para aumentar la poblaci\u00f3n de Israel. Yo creo que tanto palestinos como jud\u00edos, a nivel humano de la gente, de la calle, son v\u00edctimas de una maquinaria pol\u00edtica- militar que ha querido crear esta situaci\u00f3n.<\/p>\n<p>Y yo entiendo lo del boicot. Lo que tambi\u00e9n s\u00e9, leo o me informo es que el boicot no puede ser total y funcionar muy bien, porque siempre hay trucos para burlarlo, s\u00e9 que tambi\u00e9n hay universidades europeas y estadounidenses que ten\u00edan previsto hacer actos conjuntos en Israel y que han decidido boicotearlo por el bombardeo de la franja de Gaza, que es una c\u00e1rcel y que cada vez que ocurre cualquier tipo de acto terrorista contra los israel\u00edes, ponen a \u201cras\u201d de suelo toda la franja de Gaza.<\/p>\n<p>Hubo barcos para llevar ayuda humanitaria que Israel no permiti\u00f3 su arribo, o sea yo entiendo el boicot, es explicable. Porque ya no tiene que ver con religi\u00f3n.<\/p>\n<p>En occidente (Estados Unidos, Canad\u00e1, Europa, etc.) se entiende el tema como una pugna de religiones, y yo no lo veo as\u00ed, yo no veo eso como una disputa de jud\u00edos contra musulmanes o de musulmanes contra jud\u00edos, o cristianos contra todos, o todos contra cristianos. Yo no lo veo as\u00ed, el asunto es puramente pol\u00edtico, de un proyecto pol\u00edtico de implantar una maquinaria en oriente medio, que es una zona estrat\u00e9gica por el petr\u00f3leo, en fin.<\/p>\n<p>Se utilizan argumentos religiosos pero el plan no es as\u00ed, no hay ninguna guerra de religiones en oriente medio, siempre hemos convivido tranquilamente. \u00daltimamente desde hace muchos a\u00f1os ha sido la informaci\u00f3n occidental y la pol\u00edtica exterior occidental quien ha metido esta cu\u00f1a religiosa para presentarlo como una lucha entre religiones, no hay ninguna lucha. Cada uno tiene su fe y cree a su modo. Es su fe, cada uno la tiene, y ojo que yo soy laico.<\/p>\n<p><strong>\u00bfCu\u00e1l es el contexto hist\u00f3rico del conflicto?<\/strong><\/p>\n<p>En 1897 se celebra en Basilea -Suiza, el primer Congreso Jud\u00edo Mundial (Primer Congreso Sionista) que un poco trat\u00f3 la idea o el plan de crear un estado para los jud\u00edos.<\/p>\n<p>Despu\u00e9s, en el siglo siguiente (siglo XX), en 1916, Gran Breta\u00f1a (que era un imperio), Francia y con participaci\u00f3n marginal de Rusia que era de los Zares, porque no era comunista, no era Uni\u00f3n Sovi\u00e9tica, no era nada todav\u00eda. A Gran Breta\u00f1a y a Francia fundamentalmente decidieron repartirse entre ellos el territorio de oriente medio y en \u00a0general los pa\u00edses \u00e1rabes tras la ca\u00edda del Imperio Otomano, que es el Imperio Turco. Efectivamente ellos crearon estados nuevos como Siria, como L\u00edbano que no exist\u00edan. Y el Imperio Turco (Imperio Otomano) cay\u00f3 efectivamente porque estaba en completa decadencia y esto ocurri\u00f3 pocos a\u00f1os despu\u00e9s, el plan fue trazado por franceses y brit\u00e1nicos en 1916 de la divisi\u00f3n de oriente medio y en 1918 colapso el Imperio Otomano. En 1919 el canciller brit\u00e1nico Lord Balfour hizo una promesa al pueblo jud\u00edo de crearles un estado en oriente medio a cambio de la colaboraci\u00f3n de la comunidad jud\u00eda en la ca\u00edda del \u00a0Imperio Otomano. Luego Turqu\u00eda vino un general que se llama Kemal Atat\u00fcrk que en 1923 dio la vuelta completamente a la estructura de ese imperio Turco Otomano, proclamo la rep\u00fablica de Turqu\u00eda, cambi\u00f3 el alfabeto que se usaba en Turqu\u00eda para usar el alfabeto occidental, prohibi\u00f3 la vestimenta que pod\u00eda asociarse con la religi\u00f3n isl\u00e1mica y para que se vistieran a la manera occidental. Su plan fue que Turqu\u00eda, que tiene una parte de territorio en Asia y otra en Europa geogr\u00e1ficamente, el plan era integrar Turqu\u00eda a Europa, orient\u00e1ndola m\u00e1s hacia Europa que hacia Oriente; hubo esta promesa, esta declaraci\u00f3n de Lord Balfour del canciller militar. Todo esto antes de la 2da.\u00a0guerra mundial.<\/p>\n<p>La 2da.\u00a0guerra mundial que empez\u00f3 a\u00f1os m\u00e1s tarde, ah\u00ed ya se concret\u00f3 el plan y Naciones Unidas que era mucho m\u00e1s reducida como organizaci\u00f3n y que de hecho se llamaba \u00abLiga de las Naciones\u00bb y no como hoy, Organizaci\u00f3n de las Naciones Unidas (ONU) aprueba la creaci\u00f3n del estado de Israel como una patria para los jud\u00edos y el plan era dividir el territorio Palestino como dije antes, una tercera parte para los jud\u00edos creando un estado propio y dos terceras partes para los palestinos que estaban ah\u00ed y que era tierra de ellos.<\/p>\n<p>Luego con el tiempo hubo guerras y hubo una guerra \u00a0en 1948, hubo una guerra en 1956 cuando Egipto nace. Entonces Francia, Gran Breta\u00f1a e Israel bombardearon Egipto y luego hubo otra guerra en 1967, que fue una derrota espectacular de los ej\u00e9rcitos \u00e1rabes concreta mente (el egipcio, el sirio y el jordano). Hubo una guerra en 1973 en la que hubo una especie de equilibrio porque no hubo ni ganadores ni perdedores, y ah\u00ed se lleg\u00f3 a firmar lo que se llam\u00f3 acuerdo de Paz entre Egipto e Israel que fue el primero para no declarar m\u00e1s guerras, fue seguido por un acuerdo entre Jordania e Israel, que son los pa\u00edses fronterizos. De Siria se neg\u00f3 a firmar este acuerdo, quer\u00eda que una parte de Siria que Israel hab\u00eda ocupado que se llama \u00abAltos del Gol\u00e1n\u00bb en la guerra de 1967. Estas son las fechas claves.<\/p>\n<p>Luego hay una fecha ulterior, mucho m\u00e1s tarde y la situaci\u00f3n segu\u00eda as\u00ed, esa tensi\u00f3n permanente.<\/p>\n<p>Mucho m\u00e1s tarde en la administraci\u00f3n de Bush hijo en 2005, la secretar\u00eda de estado o canciller de Estados Unidos, Condoleezza Rice anunci\u00f3 esa doctrina que se llama literalmente \u00abcaos creativo\u00bb en oriente medio que muchos lo interpretaron como crear una situaci\u00f3n de inestabilidad o dejarla crearse o fomentarla o que si se creaba apoyarla cambiando as\u00ed la regi\u00f3n. Muchos creen que el plan estrat\u00e9gico es fragmentar otra vez (y todav\u00eda m\u00e1s) los estados actuales de oriente medio.<\/p>\n<p>Por ejemplo, unir parte de lo kurdo que est\u00e1 en Iraq con lo kurdo que est\u00e1 en Siria (minor\u00eda), con lo kurdo que est\u00e1 en Turqu\u00eda, desestabilizar Turqu\u00eda, para un dise\u00f1o que solo ellos saben por qu\u00e9; y como vemos, hasta ahora la palabra religi\u00f3n no ha asomado.<\/p>\n<p>Toda ha sido una serie de planes para la expansi\u00f3n territorial de intereses econ\u00f3micos, control militar, planes de control estrat\u00e9gico de oriente medio. O sea yo no he visto hasta ahora la palabra \u201creligi\u00f3n\u201d, creo que \u00a0tanto los pol\u00edticos como los medios occidentales dieron informaci\u00f3n (y lo siguen haciendo) sobre el plantear una guerra religiosa, y nunca lo fue, pero la pantalla, la cortina es que los musulmanes quieren destruir nuestra civilizaci\u00f3n cristiana, que quieren destruir a los jud\u00edos y nadie ha dicho que los cristianos han bombardeado (porque ninguno en oriente medio lo plantea as\u00ed) ha bombardeado Iraq que es musulmana, nunca se habla de las tropas de la OTAN, de USA, de Europa y nunca se dijeron que eran tropas cristianas, porque se podr\u00eda decir tranquilamente, pero no.<\/p>\n<p>Cuando se habla de cualquier cosa que venga de un pa\u00eds \u00e1rabe, se dice que es de la organizaci\u00f3n \u00abislamista\u00bb o \u00abisl\u00e1mica\u00bb \u00abisl\u00e1mico\u00bb o el \u00abEstado Isl\u00e1mico\u00bb o el presidente \u00abisl\u00e1mico\u00bb o \u00abislamista\u00bb, siempre. Pero por ejemplo cuando hubo en Alemania la organizaci\u00f3n \u00a0terroristas o cuando hubo en Italia la organizaci\u00f3n que se llamaba \u00abbrigadas rojas\u00bb, cuando hubo en Espa\u00f1a la organizaci\u00f3n \u00abETA\u00bb que era terrorista, ning\u00fan pa\u00eds y mucho menos ning\u00fan medio \u00e1rabe habl\u00f3 de una organizaci\u00f3n terrorista \u00abcristiana-alemana\u00bb \u00abcristiana-italiana\u00bb o \u00abcristiana-espa\u00f1ola\u00bb.<\/p>\n<p>En cambio Israel, el gobierno actual que est\u00e1 hace tiempo , quiere proclamar y sigue proclamando que el estado de Israel es un estado jud\u00edo, para que los no-jud\u00edos no puedan residir en Israel. O sea para que ni \u00e1rabes ni no-\u00e1rabes, est\u00e9n\u00a0solo jud\u00edos puramente y esto s\u00ed se acepta. No critico al pueblo Israel, para nada, incluso tengo amigos de ah\u00ed.<\/p>\n<p>Si en occidente dicen el estado jud\u00edo, el estado hebreo tambi\u00e9n positivo, y si en otro pa\u00eds dicen el estado musulm\u00e1n, dicen \u00abmuy mal, terrorista\u00bb. Y yo no nunca dir\u00eda \u00abel estado cristiano de Ecuador\u00bb.\u00a0Esto crea represi\u00f3n y opresi\u00f3n de los pueblos, crea desesperaci\u00f3n y crea p\u00e9rdidas de orientaci\u00f3n porque ya no se \u00a0sabe qui\u00e9nes, ni qu\u00e9 o por qu\u00e9 son malos y por qu\u00e9 es tan malo es haber nacido musulm\u00e1n. Nadie elije su religi\u00f3n al nacer, no me importa haber nacido musulm\u00e1n o haber nacido de cualquier otra creencia religiosa, me da igual; el enfoque viene siempre de la pol\u00edtica, que es \u00abguerra de religiones\u00bb, no lo es, la convirtieron en guerra de religiones.<\/p>\n<p><strong>\u00bfCrees que estas acciones de boicot (BDS) son realmente efectivas?<\/strong><\/p>\n<p>Es una pregunta muy importante y muy dif\u00edcil para m\u00ed personalmente. No s\u00e9, no es suficiente, es algo. Es hacer algo a nivel \u00a0de activismo, popular, a nivel intelectual de todos los que participan en el boicot, est\u00e1 bien; la mercanc\u00eda israel\u00ed tiene trato preferencial en la Uni\u00f3n Europea, o no pagan aranceles o pagan muy poco son considerados como comercio casi interno.<\/p>\n<p>En Bruselas me enter\u00e9 de que Israel compraba naranjas de Brasil y las llevaba al mercado europeo como naranjas israel\u00edes, hay un boicot que es a los productos producidos en las tierras Palestinas y que Israel vende como propio.<\/p>\n<p>Los c\u00f3digos de barra en muchos productos ahora tienen 4 o 5 letras que identifica a esos productos de Israel, y el boicot proh\u00edbe su compra para boicotear a Israel.<\/p>\n<p>Hay una pol\u00e9mica sobre la capital del estado de Israel ya que la capital oficial es Tel Aviv. Jerusal\u00e9n, en cambio, no es de nadie, es de todos. En Jerusal\u00e9n hay una mezquita musulmana simb\u00f3licamente sagrada y luego hay mucha comunidad cristiana; Naciones Unidas dijo que Jerusal\u00e9n era una ciudad libre, como el Vaticano.<\/p>\n<p>Ahora con la victoria de Trump, los israel\u00edes se pronuncian diciendo \u201cque si ahora declaran Jerusal\u00e9n como capital del estado Jud\u00edo\u201d. Es decir, uno hace boicot, que est\u00e1 muy bien porque se hace resistencia pero luego te eliminan la comunidad musulmana con la cristiana y \u00a0te dicen \u201cesta es la capital de Israel\u201d y chao.<\/p>\n<p>&nbsp;<\/p>\n","protected":false},"excerpt":{"rendered":"<p>Por Patricio Guevara Baher Kamal, periodista de m\u00e1s de 40 a\u00f1os de experiencia que desarrolla sus actividades en IPS (Inter Press Service); de origen Egipcio y con su residencia en Madrid-Espa\u00f1a, Baher nos ayuda a seguir entendiendo el conflicto palestino-israel\u00ed&hellip;<\/p>\n","protected":false},"author":1011,"featured_media":403472,"comment_status":"closed","ping_status":"closed","sticky":false,"template":"","format":"standard","meta":{"footnotes":""},"categories":[76,155,39],"tags":[10807,11566],"class_list":["post-403463","post","type-post","status-publish","format-standard","has-post-thumbnail","hentry","category-relaciones-exteriores","category-entrevistas","category-internacional","tag-baher-kamal","tag-conflicto-palestino-israeli"],"yoast_head":"<!-- This site is optimized with the Yoast SEO plugin v27.1.1 - https:\/\/yoast.com\/product\/yoast-seo-wordpress\/ -->\n<title>&quot;Palestinos y jud\u00edos son v\u00edctimas de una maquinaria pol\u00edtica-militar&quot;: Baher Kamal<\/title>\n<meta name=\"description\" content=\"Por Patricio Guevara Baher Kamal, periodista de m\u00e1s de 40 a\u00f1os de experiencia que desarrolla sus actividades en IPS (Inter Press Service); de origen\" \/>\n<meta name=\"robots\" content=\"index, follow, max-snippet:-1, max-image-preview:large, max-video-preview:-1\" \/>\n<link rel=\"canonical\" href=\"https:\/\/www.pressenza.com\/es\/2016\/11\/palestinos-y-judios-son-victimas-de-una-maquinaria-politica-militar-baher-kamal\/\" \/>\n<meta property=\"og:locale\" content=\"es_ES\" \/>\n<meta property=\"og:type\" content=\"article\" \/>\n<meta property=\"og:title\" content=\"&quot;Palestinos y jud\u00edos son v\u00edctimas de una maquinaria pol\u00edtica-militar&quot;: Baher Kamal\" \/>\n<meta property=\"og:description\" content=\"Por Patricio Guevara Baher Kamal, periodista de m\u00e1s de 40 a\u00f1os de experiencia que desarrolla sus actividades en IPS (Inter Press Service); de origen\" \/>\n<meta property=\"og:url\" content=\"https:\/\/www.pressenza.com\/es\/2016\/11\/palestinos-y-judios-son-victimas-de-una-maquinaria-politica-militar-baher-kamal\/\" \/>\n<meta property=\"og:site_name\" content=\"Pressenza\" \/>\n<meta property=\"article:publisher\" content=\"https:\/\/www.facebook.com\/PressenzaItalia\" \/>\n<meta property=\"article:published_time\" content=\"2016-11-30T16:46:17+00:00\" \/>\n<meta property=\"article:modified_time\" content=\"2016-12-01T10:13:49+00:00\" \/>\n<meta property=\"og:image\" content=\"https:\/\/www.pressenza.com\/wp-content\/uploads\/2016\/11\/IMG_6690-Baher.jpg\" \/>\n\t<meta property=\"og:image:width\" content=\"2000\" \/>\n\t<meta property=\"og:image:height\" content=\"1500\" \/>\n\t<meta property=\"og:image:type\" content=\"image\/jpeg\" \/>\n<meta name=\"author\" content=\"Redacci\u00f3n Ecuador\" \/>\n<meta name=\"twitter:card\" content=\"summary_large_image\" \/>\n<meta name=\"twitter:creator\" content=\"@PressenzaIPA\" \/>\n<meta name=\"twitter:site\" content=\"@PressenzaIPA\" \/>\n<meta name=\"twitter:label1\" content=\"Escrito por\" \/>\n\t<meta name=\"twitter:data1\" content=\"Redacci\u00f3n Ecuador\" \/>\n\t<meta name=\"twitter:label2\" content=\"Tiempo de lectura\" \/>\n\t<meta name=\"twitter:data2\" content=\"11 minutos\" \/>\n<script type=\"application\/ld+json\" class=\"yoast-schema-graph\">{\"@context\":\"https:\/\/schema.org\",\"@graph\":[{\"@type\":\"Article\",\"@id\":\"https:\/\/www.pressenza.com\/es\/2016\/11\/palestinos-y-judios-son-victimas-de-una-maquinaria-politica-militar-baher-kamal\/#article\",\"isPartOf\":{\"@id\":\"https:\/\/www.pressenza.com\/es\/2016\/11\/palestinos-y-judios-son-victimas-de-una-maquinaria-politica-militar-baher-kamal\/\"},\"author\":{\"name\":\"Redacci\u00f3n Ecuador\",\"@id\":\"https:\/\/www.pressenza.com\/es\/#\/schema\/person\/883a735c40665759bcc6fe0c26bcb46f\"},\"headline\":\"\u00abPalestinos y jud\u00edos son v\u00edctimas de una maquinaria pol\u00edtica-militar\u00bb: Baher Kamal\",\"datePublished\":\"2016-11-30T16:46:17+00:00\",\"dateModified\":\"2016-12-01T10:13:49+00:00\",\"mainEntityOfPage\":{\"@id\":\"https:\/\/www.pressenza.com\/es\/2016\/11\/palestinos-y-judios-son-victimas-de-una-maquinaria-politica-militar-baher-kamal\/\"},\"wordCount\":2140,\"publisher\":{\"@id\":\"https:\/\/www.pressenza.com\/es\/#organization\"},\"image\":{\"@id\":\"https:\/\/www.pressenza.com\/es\/2016\/11\/palestinos-y-judios-son-victimas-de-una-maquinaria-politica-militar-baher-kamal\/#primaryimage\"},\"thumbnailUrl\":\"https:\/\/www.pressenza.com\/wp-content\/uploads\/2016\/11\/IMG_6690-Baher.jpg\",\"keywords\":[\"Baher Kamal\",\"Conflicto Palestino Israel\u00ed\"],\"articleSection\":[\"Asuntos internacionales\",\"Entrevistas\",\"Internacional\"],\"inLanguage\":\"es\"},{\"@type\":\"WebPage\",\"@id\":\"https:\/\/www.pressenza.com\/es\/2016\/11\/palestinos-y-judios-son-victimas-de-una-maquinaria-politica-militar-baher-kamal\/\",\"url\":\"https:\/\/www.pressenza.com\/es\/2016\/11\/palestinos-y-judios-son-victimas-de-una-maquinaria-politica-militar-baher-kamal\/\",\"name\":\"\\\"Palestinos y jud\u00edos son v\u00edctimas de una maquinaria pol\u00edtica-militar\\\": Baher Kamal\",\"isPartOf\":{\"@id\":\"https:\/\/www.pressenza.com\/es\/#website\"},\"primaryImageOfPage\":{\"@id\":\"https:\/\/www.pressenza.com\/es\/2016\/11\/palestinos-y-judios-son-victimas-de-una-maquinaria-politica-militar-baher-kamal\/#primaryimage\"},\"image\":{\"@id\":\"https:\/\/www.pressenza.com\/es\/2016\/11\/palestinos-y-judios-son-victimas-de-una-maquinaria-politica-militar-baher-kamal\/#primaryimage\"},\"thumbnailUrl\":\"https:\/\/www.pressenza.com\/wp-content\/uploads\/2016\/11\/IMG_6690-Baher.jpg\",\"datePublished\":\"2016-11-30T16:46:17+00:00\",\"dateModified\":\"2016-12-01T10:13:49+00:00\",\"description\":\"Por Patricio Guevara Baher Kamal, periodista de m\u00e1s de 40 a\u00f1os de experiencia que desarrolla sus actividades en IPS (Inter Press Service); de origen\",\"breadcrumb\":{\"@id\":\"https:\/\/www.pressenza.com\/es\/2016\/11\/palestinos-y-judios-son-victimas-de-una-maquinaria-politica-militar-baher-kamal\/#breadcrumb\"},\"inLanguage\":\"es\",\"potentialAction\":[{\"@type\":\"ReadAction\",\"target\":[\"https:\/\/www.pressenza.com\/es\/2016\/11\/palestinos-y-judios-son-victimas-de-una-maquinaria-politica-militar-baher-kamal\/\"]}]},{\"@type\":\"ImageObject\",\"inLanguage\":\"es\",\"@id\":\"https:\/\/www.pressenza.com\/es\/2016\/11\/palestinos-y-judios-son-victimas-de-una-maquinaria-politica-militar-baher-kamal\/#primaryimage\",\"url\":\"https:\/\/www.pressenza.com\/wp-content\/uploads\/2016\/11\/IMG_6690-Baher.jpg\",\"contentUrl\":\"https:\/\/www.pressenza.com\/wp-content\/uploads\/2016\/11\/IMG_6690-Baher.jpg\",\"width\":2000,\"height\":1500},{\"@type\":\"BreadcrumbList\",\"@id\":\"https:\/\/www.pressenza.com\/es\/2016\/11\/palestinos-y-judios-son-victimas-de-una-maquinaria-politica-militar-baher-kamal\/#breadcrumb\",\"itemListElement\":[{\"@type\":\"ListItem\",\"position\":1,\"name\":\"Accueil\",\"item\":\"https:\/\/www.pressenza.com\/es\/\"},{\"@type\":\"ListItem\",\"position\":2,\"name\":\"\u00abPalestinos y jud\u00edos son v\u00edctimas de una maquinaria pol\u00edtica-militar\u00bb: Baher Kamal\"}]},{\"@type\":\"WebSite\",\"@id\":\"https:\/\/www.pressenza.com\/es\/#website\",\"url\":\"https:\/\/www.pressenza.com\/es\/\",\"name\":\"Pressenza\",\"description\":\"International Press Agency\",\"publisher\":{\"@id\":\"https:\/\/www.pressenza.com\/es\/#organization\"},\"potentialAction\":[{\"@type\":\"SearchAction\",\"target\":{\"@type\":\"EntryPoint\",\"urlTemplate\":\"https:\/\/www.pressenza.com\/es\/?s={search_term_string}\"},\"query-input\":{\"@type\":\"PropertyValueSpecification\",\"valueRequired\":true,\"valueName\":\"search_term_string\"}}],\"inLanguage\":\"es\"},{\"@type\":\"Organization\",\"@id\":\"https:\/\/www.pressenza.com\/es\/#organization\",\"name\":\"Pressenza\",\"url\":\"https:\/\/www.pressenza.com\/es\/\",\"logo\":{\"@type\":\"ImageObject\",\"inLanguage\":\"es\",\"@id\":\"https:\/\/www.pressenza.com\/es\/#\/schema\/logo\/image\/\",\"url\":\"https:\/\/www.pressenza.com\/wp-content\/uploads\/2022\/10\/pressenza_logo_200x200.jpg\",\"contentUrl\":\"https:\/\/www.pressenza.com\/wp-content\/uploads\/2022\/10\/pressenza_logo_200x200.jpg\",\"width\":200,\"height\":200,\"caption\":\"Pressenza\"},\"image\":{\"@id\":\"https:\/\/www.pressenza.com\/es\/#\/schema\/logo\/image\/\"},\"sameAs\":[\"https:\/\/www.facebook.com\/PressenzaItalia\",\"https:\/\/x.com\/PressenzaIPA\"]},{\"@type\":\"Person\",\"@id\":\"https:\/\/www.pressenza.com\/es\/#\/schema\/person\/883a735c40665759bcc6fe0c26bcb46f\",\"name\":\"Redacci\u00f3n Ecuador\",\"description\":\"News published by the Pressenza bureau in Quito, Ecuador\",\"url\":\"https:\/\/www.pressenza.com\/es\/author\/redaccion-ecuador\/\"}]}<\/script>\n<!-- \/ Yoast SEO plugin. -->","yoast_head_json":{"title":"\"Palestinos y jud\u00edos son v\u00edctimas de una maquinaria pol\u00edtica-militar\": Baher Kamal","description":"Por Patricio Guevara Baher Kamal, periodista de m\u00e1s de 40 a\u00f1os de experiencia que desarrolla sus actividades en IPS (Inter Press Service); de origen","robots":{"index":"index","follow":"follow","max-snippet":"max-snippet:-1","max-image-preview":"max-image-preview:large","max-video-preview":"max-video-preview:-1"},"canonical":"https:\/\/www.pressenza.com\/es\/2016\/11\/palestinos-y-judios-son-victimas-de-una-maquinaria-politica-militar-baher-kamal\/","og_locale":"es_ES","og_type":"article","og_title":"\"Palestinos y jud\u00edos son v\u00edctimas de una maquinaria pol\u00edtica-militar\": Baher Kamal","og_description":"Por Patricio Guevara Baher Kamal, periodista de m\u00e1s de 40 a\u00f1os de experiencia que desarrolla sus actividades en IPS (Inter Press Service); de origen","og_url":"https:\/\/www.pressenza.com\/es\/2016\/11\/palestinos-y-judios-son-victimas-de-una-maquinaria-politica-militar-baher-kamal\/","og_site_name":"Pressenza","article_publisher":"https:\/\/www.facebook.com\/PressenzaItalia","article_published_time":"2016-11-30T16:46:17+00:00","article_modified_time":"2016-12-01T10:13:49+00:00","og_image":[{"width":2000,"height":1500,"url":"https:\/\/www.pressenza.com\/wp-content\/uploads\/2016\/11\/IMG_6690-Baher.jpg","type":"image\/jpeg"}],"author":"Redacci\u00f3n Ecuador","twitter_card":"summary_large_image","twitter_creator":"@PressenzaIPA","twitter_site":"@PressenzaIPA","twitter_misc":{"Escrito por":"Redacci\u00f3n Ecuador","Tiempo de lectura":"11 minutos"},"schema":{"@context":"https:\/\/schema.org","@graph":[{"@type":"Article","@id":"https:\/\/www.pressenza.com\/es\/2016\/11\/palestinos-y-judios-son-victimas-de-una-maquinaria-politica-militar-baher-kamal\/#article","isPartOf":{"@id":"https:\/\/www.pressenza.com\/es\/2016\/11\/palestinos-y-judios-son-victimas-de-una-maquinaria-politica-militar-baher-kamal\/"},"author":{"name":"Redacci\u00f3n Ecuador","@id":"https:\/\/www.pressenza.com\/es\/#\/schema\/person\/883a735c40665759bcc6fe0c26bcb46f"},"headline":"\u00abPalestinos y jud\u00edos son v\u00edctimas de una maquinaria pol\u00edtica-militar\u00bb: Baher Kamal","datePublished":"2016-11-30T16:46:17+00:00","dateModified":"2016-12-01T10:13:49+00:00","mainEntityOfPage":{"@id":"https:\/\/www.pressenza.com\/es\/2016\/11\/palestinos-y-judios-son-victimas-de-una-maquinaria-politica-militar-baher-kamal\/"},"wordCount":2140,"publisher":{"@id":"https:\/\/www.pressenza.com\/es\/#organization"},"image":{"@id":"https:\/\/www.pressenza.com\/es\/2016\/11\/palestinos-y-judios-son-victimas-de-una-maquinaria-politica-militar-baher-kamal\/#primaryimage"},"thumbnailUrl":"https:\/\/www.pressenza.com\/wp-content\/uploads\/2016\/11\/IMG_6690-Baher.jpg","keywords":["Baher Kamal","Conflicto Palestino Israel\u00ed"],"articleSection":["Asuntos internacionales","Entrevistas","Internacional"],"inLanguage":"es"},{"@type":"WebPage","@id":"https:\/\/www.pressenza.com\/es\/2016\/11\/palestinos-y-judios-son-victimas-de-una-maquinaria-politica-militar-baher-kamal\/","url":"https:\/\/www.pressenza.com\/es\/2016\/11\/palestinos-y-judios-son-victimas-de-una-maquinaria-politica-militar-baher-kamal\/","name":"\"Palestinos y jud\u00edos son v\u00edctimas de una maquinaria pol\u00edtica-militar\": Baher Kamal","isPartOf":{"@id":"https:\/\/www.pressenza.com\/es\/#website"},"primaryImageOfPage":{"@id":"https:\/\/www.pressenza.com\/es\/2016\/11\/palestinos-y-judios-son-victimas-de-una-maquinaria-politica-militar-baher-kamal\/#primaryimage"},"image":{"@id":"https:\/\/www.pressenza.com\/es\/2016\/11\/palestinos-y-judios-son-victimas-de-una-maquinaria-politica-militar-baher-kamal\/#primaryimage"},"thumbnailUrl":"https:\/\/www.pressenza.com\/wp-content\/uploads\/2016\/11\/IMG_6690-Baher.jpg","datePublished":"2016-11-30T16:46:17+00:00","dateModified":"2016-12-01T10:13:49+00:00","description":"Por Patricio Guevara Baher Kamal, periodista de m\u00e1s de 40 a\u00f1os de experiencia que desarrolla sus actividades en IPS (Inter Press Service); de origen","breadcrumb":{"@id":"https:\/\/www.pressenza.com\/es\/2016\/11\/palestinos-y-judios-son-victimas-de-una-maquinaria-politica-militar-baher-kamal\/#breadcrumb"},"inLanguage":"es","potentialAction":[{"@type":"ReadAction","target":["https:\/\/www.pressenza.com\/es\/2016\/11\/palestinos-y-judios-son-victimas-de-una-maquinaria-politica-militar-baher-kamal\/"]}]},{"@type":"ImageObject","inLanguage":"es","@id":"https:\/\/www.pressenza.com\/es\/2016\/11\/palestinos-y-judios-son-victimas-de-una-maquinaria-politica-militar-baher-kamal\/#primaryimage","url":"https:\/\/www.pressenza.com\/wp-content\/uploads\/2016\/11\/IMG_6690-Baher.jpg","contentUrl":"https:\/\/www.pressenza.com\/wp-content\/uploads\/2016\/11\/IMG_6690-Baher.jpg","width":2000,"height":1500},{"@type":"BreadcrumbList","@id":"https:\/\/www.pressenza.com\/es\/2016\/11\/palestinos-y-judios-son-victimas-de-una-maquinaria-politica-militar-baher-kamal\/#breadcrumb","itemListElement":[{"@type":"ListItem","position":1,"name":"Accueil","item":"https:\/\/www.pressenza.com\/es\/"},{"@type":"ListItem","position":2,"name":"\u00abPalestinos y jud\u00edos son v\u00edctimas de una maquinaria pol\u00edtica-militar\u00bb: Baher Kamal"}]},{"@type":"WebSite","@id":"https:\/\/www.pressenza.com\/es\/#website","url":"https:\/\/www.pressenza.com\/es\/","name":"Pressenza","description":"International Press Agency","publisher":{"@id":"https:\/\/www.pressenza.com\/es\/#organization"},"potentialAction":[{"@type":"SearchAction","target":{"@type":"EntryPoint","urlTemplate":"https:\/\/www.pressenza.com\/es\/?s={search_term_string}"},"query-input":{"@type":"PropertyValueSpecification","valueRequired":true,"valueName":"search_term_string"}}],"inLanguage":"es"},{"@type":"Organization","@id":"https:\/\/www.pressenza.com\/es\/#organization","name":"Pressenza","url":"https:\/\/www.pressenza.com\/es\/","logo":{"@type":"ImageObject","inLanguage":"es","@id":"https:\/\/www.pressenza.com\/es\/#\/schema\/logo\/image\/","url":"https:\/\/www.pressenza.com\/wp-content\/uploads\/2022\/10\/pressenza_logo_200x200.jpg","contentUrl":"https:\/\/www.pressenza.com\/wp-content\/uploads\/2022\/10\/pressenza_logo_200x200.jpg","width":200,"height":200,"caption":"Pressenza"},"image":{"@id":"https:\/\/www.pressenza.com\/es\/#\/schema\/logo\/image\/"},"sameAs":["https:\/\/www.facebook.com\/PressenzaItalia","https:\/\/x.com\/PressenzaIPA"]},{"@type":"Person","@id":"https:\/\/www.pressenza.com\/es\/#\/schema\/person\/883a735c40665759bcc6fe0c26bcb46f","name":"Redacci\u00f3n Ecuador","description":"News published by the Pressenza bureau in Quito, Ecuador","url":"https:\/\/www.pressenza.com\/es\/author\/redaccion-ecuador\/"}]}},"place":"Quito, Ecuador","original_article_url":"","_links":{"self":[{"href":"https:\/\/www.pressenza.com\/es\/wp-json\/wp\/v2\/posts\/403463","targetHints":{"allow":["GET"]}}],"collection":[{"href":"https:\/\/www.pressenza.com\/es\/wp-json\/wp\/v2\/posts"}],"about":[{"href":"https:\/\/www.pressenza.com\/es\/wp-json\/wp\/v2\/types\/post"}],"author":[{"embeddable":true,"href":"https:\/\/www.pressenza.com\/es\/wp-json\/wp\/v2\/users\/1011"}],"replies":[{"embeddable":true,"href":"https:\/\/www.pressenza.com\/es\/wp-json\/wp\/v2\/comments?post=403463"}],"version-history":[{"count":0,"href":"https:\/\/www.pressenza.com\/es\/wp-json\/wp\/v2\/posts\/403463\/revisions"}],"wp:featuredmedia":[{"embeddable":true,"href":"https:\/\/www.pressenza.com\/es\/wp-json\/wp\/v2\/media\/403472"}],"wp:attachment":[{"href":"https:\/\/www.pressenza.com\/es\/wp-json\/wp\/v2\/media?parent=403463"}],"wp:term":[{"taxonomy":"category","embeddable":true,"href":"https:\/\/www.pressenza.com\/es\/wp-json\/wp\/v2\/categories?post=403463"},{"taxonomy":"post_tag","embeddable":true,"href":"https:\/\/www.pressenza.com\/es\/wp-json\/wp\/v2\/tags?post=403463"}],"curies":[{"name":"wp","href":"https:\/\/api.w.org\/{rel}","templated":true}]}}