{"id":401221,"date":"2016-11-24T20:17:51","date_gmt":"2016-11-24T20:17:51","guid":{"rendered":"http:\/\/www.pressenza.com\/es\/?p=401221"},"modified":"2016-11-25T00:51:45","modified_gmt":"2016-11-25T00:51:45","slug":"contundente-victoria-de-disidentes-unidos-en-colegio-de-profesores-de-chile","status":"publish","type":"post","link":"https:\/\/www.pressenza.com\/es\/2016\/11\/contundente-victoria-de-disidentes-unidos-en-colegio-de-profesores-de-chile\/","title":{"rendered":"Contundente victoria de Disidentes Unidos en Colegio de Profesores de Chile"},"content":{"rendered":"<p style=\"text-align: justify;\">El gremio chileno m\u00e1s numeroso, el de los profesores, ha dado una se\u00f1al importante de desaprobaci\u00f3n al Gobierno y al Parlamento al elegir ayer con una ampl\u00edsima mayor\u00eda a la lista de Disidentes Unidos, encabezada por el profesor de educaci\u00f3n f\u00edsica Mario Aguilar Ar\u00e9valo, en su directiva.<\/p>\n<p style=\"text-align: justify;\">Como siempre sucede en estos caos, los resultados definitivos tardan en llegar. Pero hasta el momento podemos asegurar que la distancia entre la lista de la Nueva Mayor\u00eda y aquella de la Disidencia resultaba irremontable. Con un 13,25% los primeros, mientras los triunfadores se empinaban sobre el 66% de las preferencias y consegu\u00edan un triunfo aplastante no solamente a nivel nacional, sino tambi\u00e9n en las directivas regionales y comunales.<\/p>\n<p style=\"text-align: justify;\">Mario Aguilar se convierte as\u00ed en el Presidente del Colegio, seguido de su compa\u00f1ero de lista Dar\u00edo V\u00e1squez, desde donde intentar\u00e1n cambiar el proyecto de carrera docente impulsado por Bachelet y cuya nueva ley ha generado un enorme rechazo entre el profesorado.<\/p>\n<p style=\"text-align: justify;\">\u00abLos profesores queremos un cambio fuerte en el gremio\u00bb, se\u00f1al\u00f3 Mario Aguilar al tratar de explicar su enorme victoria por sobre la lista encabezada por el comunista Jaime Gajardo. \u00abNuestro gremio se parece bastante a la ciudadan\u00eda: desconf\u00eda mucho de la clase pol\u00edtica y desaprueba al gobierno y al parlamento. Eso tambi\u00e9n se refleja en esta elecci\u00f3n\u00bb.<\/p>\n<p style=\"text-align: justify;\">De ser as\u00ed, es una se\u00f1al sumamente alentadora, que va en la misma direcci\u00f3n del triunfo de Sharpe en la alcald\u00eda de Valpara\u00edso y de Esp\u00edndola en Arica. Una esperanza que se viene manifestando en las calles desde hace largo tiempo y que encuentra la forma de abrirse paso.<\/p>\n<p style=\"text-align: justify;\"><a href=\"http:\/\/www.pressenza.com\/wp-content\/uploads\/2016\/11\/15203129_1303857439670500_4010453340901464024_n.jpg\"><img loading=\"lazy\" decoding=\"async\" class=\"aligncenter size-full wp-image-401261\" src=\"http:\/\/www.pressenza.com\/wp-content\/uploads\/2016\/11\/15203129_1303857439670500_4010453340901464024_n.jpg\" alt=\"15203129_1303857439670500_4010453340901464024_n\" width=\"960\" height=\"725\" srcset=\"https:\/\/www.pressenza.com\/wp-content\/uploads\/2016\/11\/15203129_1303857439670500_4010453340901464024_n.jpg 960w, https:\/\/www.pressenza.com\/wp-content\/uploads\/2016\/11\/15203129_1303857439670500_4010453340901464024_n-300x227.jpg 300w, https:\/\/www.pressenza.com\/wp-content\/uploads\/2016\/11\/15203129_1303857439670500_4010453340901464024_n-768x580.jpg 768w, https:\/\/www.pressenza.com\/wp-content\/uploads\/2016\/11\/15203129_1303857439670500_4010453340901464024_n-720x544.jpg 720w\" sizes=\"auto, (max-width: 960px) 100vw, 960px\" \/><\/a><\/p>\n<p>&nbsp;<\/p>\n","protected":false},"excerpt":{"rendered":"<p>El gremio chileno m\u00e1s numeroso, el de los profesores, ha dado una se\u00f1al importante de desaprobaci\u00f3n al Gobierno y al Parlamento al elegir ayer con una ampl\u00edsima mayor\u00eda a la lista de Disidentes Unidos, encabezada por el profesor de educaci\u00f3n&hellip;<\/p>\n","protected":false},"author":22,"featured_media":401251,"comment_status":"closed","ping_status":"closed","sticky":false,"template":"","format":"standard","meta":{"footnotes":""},"categories":[11389,1230,161,74,67],"tags":[31339,403,7784],"class_list":["post-401221","post","type-post","status-publish","format-standard","has-post-thumbnail","hentry","category-contenido-original","category-educacion-tema","category-opiniones","category-politica-es","category-sudamerica","tag-colegio-de-profesores-de-chile","tag-elecciones","tag-mario-aguilar"],"yoast_head":"<!-- This site is optimized with the Yoast SEO plugin v27.1.1 - https:\/\/yoast.com\/product\/yoast-seo-wordpress\/ -->\n<title>Contundente victoria de Disidentes Unidos en Colegio de Profesores de Chile<\/title>\n<meta name=\"description\" content=\"El gremio chileno m\u00e1s numeroso, el de los profesores, ha dado una se\u00f1al importante de desaprobaci\u00f3n al Gobierno y al Parlamento al elegir ayer con una\" \/>\n<meta name=\"robots\" content=\"index, follow, max-snippet:-1, max-image-preview:large, max-video-preview:-1\" \/>\n<link rel=\"canonical\" href=\"https:\/\/www.pressenza.com\/es\/2016\/11\/contundente-victoria-de-disidentes-unidos-en-colegio-de-profesores-de-chile\/\" \/>\n<meta property=\"og:locale\" content=\"es_ES\" \/>\n<meta property=\"og:type\" content=\"article\" \/>\n<meta property=\"og:title\" content=\"Contundente victoria de Disidentes Unidos en Colegio de Profesores de Chile\" \/>\n<meta property=\"og:description\" content=\"El gremio chileno m\u00e1s numeroso, el de los profesores, ha dado una se\u00f1al importante de desaprobaci\u00f3n al Gobierno y al Parlamento al elegir ayer con una\" \/>\n<meta property=\"og:url\" content=\"https:\/\/www.pressenza.com\/es\/2016\/11\/contundente-victoria-de-disidentes-unidos-en-colegio-de-profesores-de-chile\/\" \/>\n<meta property=\"og:site_name\" content=\"Pressenza\" \/>\n<meta property=\"article:publisher\" content=\"https:\/\/www.facebook.com\/PressenzaItalia\" \/>\n<meta property=\"article:author\" content=\"https:\/\/www.facebook.com\/pia.figueroa?ref=tn_tnmn\" \/>\n<meta property=\"article:published_time\" content=\"2016-11-24T20:17:51+00:00\" \/>\n<meta property=\"article:modified_time\" content=\"2016-11-25T00:51:45+00:00\" \/>\n<meta property=\"og:image\" content=\"https:\/\/www.pressenza.com\/wp-content\/uploads\/2016\/11\/ma-en-encuentro-familiar_es.jpg\" \/>\n\t<meta property=\"og:image:width\" content=\"600\" \/>\n\t<meta property=\"og:image:height\" content=\"400\" \/>\n\t<meta property=\"og:image:type\" content=\"image\/jpeg\" \/>\n<meta name=\"author\" content=\"P\u00eda Figueroa\" \/>\n<meta name=\"twitter:card\" content=\"summary_large_image\" \/>\n<meta name=\"twitter:creator\" content=\"@piafigueroa\" \/>\n<meta name=\"twitter:site\" content=\"@PressenzaIPA\" \/>\n<meta name=\"twitter:label1\" content=\"Escrito por\" \/>\n\t<meta name=\"twitter:data1\" content=\"P\u00eda Figueroa\" \/>\n\t<meta name=\"twitter:label2\" content=\"Tiempo de lectura\" \/>\n\t<meta name=\"twitter:data2\" content=\"1 minuto\" \/>\n<script type=\"application\/ld+json\" class=\"yoast-schema-graph\">{\"@context\":\"https:\/\/schema.org\",\"@graph\":[{\"@type\":\"Article\",\"@id\":\"https:\/\/www.pressenza.com\/es\/2016\/11\/contundente-victoria-de-disidentes-unidos-en-colegio-de-profesores-de-chile\/#article\",\"isPartOf\":{\"@id\":\"https:\/\/www.pressenza.com\/es\/2016\/11\/contundente-victoria-de-disidentes-unidos-en-colegio-de-profesores-de-chile\/\"},\"author\":{\"name\":\"P\u00eda Figueroa\",\"@id\":\"https:\/\/www.pressenza.com\/es\/#\/schema\/person\/8bb53ec73ef39ceec36ca0128a0ccd41\"},\"headline\":\"Contundente victoria de Disidentes Unidos en Colegio de Profesores de Chile\",\"datePublished\":\"2016-11-24T20:17:51+00:00\",\"dateModified\":\"2016-11-25T00:51:45+00:00\",\"mainEntityOfPage\":{\"@id\":\"https:\/\/www.pressenza.com\/es\/2016\/11\/contundente-victoria-de-disidentes-unidos-en-colegio-de-profesores-de-chile\/\"},\"wordCount\":300,\"publisher\":{\"@id\":\"https:\/\/www.pressenza.com\/es\/#organization\"},\"image\":{\"@id\":\"https:\/\/www.pressenza.com\/es\/2016\/11\/contundente-victoria-de-disidentes-unidos-en-colegio-de-profesores-de-chile\/#primaryimage\"},\"thumbnailUrl\":\"https:\/\/www.pressenza.com\/wp-content\/uploads\/2016\/11\/ma-en-encuentro-familiar_es.jpg\",\"keywords\":[\"Colegio de Profesores de Chile\",\"elecciones\",\"Mario Aguilar\"],\"articleSection\":[\"Contenido Original\",\"Educaci\u00f3n\",\"Opiniones\",\"Pol\u00edtica\",\"Sudam\u00e9rica\"],\"inLanguage\":\"es\"},{\"@type\":\"WebPage\",\"@id\":\"https:\/\/www.pressenza.com\/es\/2016\/11\/contundente-victoria-de-disidentes-unidos-en-colegio-de-profesores-de-chile\/\",\"url\":\"https:\/\/www.pressenza.com\/es\/2016\/11\/contundente-victoria-de-disidentes-unidos-en-colegio-de-profesores-de-chile\/\",\"name\":\"Contundente victoria de Disidentes Unidos en Colegio de Profesores de Chile\",\"isPartOf\":{\"@id\":\"https:\/\/www.pressenza.com\/es\/#website\"},\"primaryImageOfPage\":{\"@id\":\"https:\/\/www.pressenza.com\/es\/2016\/11\/contundente-victoria-de-disidentes-unidos-en-colegio-de-profesores-de-chile\/#primaryimage\"},\"image\":{\"@id\":\"https:\/\/www.pressenza.com\/es\/2016\/11\/contundente-victoria-de-disidentes-unidos-en-colegio-de-profesores-de-chile\/#primaryimage\"},\"thumbnailUrl\":\"https:\/\/www.pressenza.com\/wp-content\/uploads\/2016\/11\/ma-en-encuentro-familiar_es.jpg\",\"datePublished\":\"2016-11-24T20:17:51+00:00\",\"dateModified\":\"2016-11-25T00:51:45+00:00\",\"description\":\"El gremio chileno m\u00e1s numeroso, el de los profesores, ha dado una se\u00f1al importante de desaprobaci\u00f3n al Gobierno y al Parlamento al elegir ayer con una\",\"breadcrumb\":{\"@id\":\"https:\/\/www.pressenza.com\/es\/2016\/11\/contundente-victoria-de-disidentes-unidos-en-colegio-de-profesores-de-chile\/#breadcrumb\"},\"inLanguage\":\"es\",\"potentialAction\":[{\"@type\":\"ReadAction\",\"target\":[\"https:\/\/www.pressenza.com\/es\/2016\/11\/contundente-victoria-de-disidentes-unidos-en-colegio-de-profesores-de-chile\/\"]}]},{\"@type\":\"ImageObject\",\"inLanguage\":\"es\",\"@id\":\"https:\/\/www.pressenza.com\/es\/2016\/11\/contundente-victoria-de-disidentes-unidos-en-colegio-de-profesores-de-chile\/#primaryimage\",\"url\":\"https:\/\/www.pressenza.com\/wp-content\/uploads\/2016\/11\/ma-en-encuentro-familiar_es.jpg\",\"contentUrl\":\"https:\/\/www.pressenza.com\/wp-content\/uploads\/2016\/11\/ma-en-encuentro-familiar_es.jpg\",\"width\":600,\"height\":400},{\"@type\":\"BreadcrumbList\",\"@id\":\"https:\/\/www.pressenza.com\/es\/2016\/11\/contundente-victoria-de-disidentes-unidos-en-colegio-de-profesores-de-chile\/#breadcrumb\",\"itemListElement\":[{\"@type\":\"ListItem\",\"position\":1,\"name\":\"Accueil\",\"item\":\"https:\/\/www.pressenza.com\/es\/\"},{\"@type\":\"ListItem\",\"position\":2,\"name\":\"Contundente victoria de Disidentes Unidos en Colegio de Profesores de Chile\"}]},{\"@type\":\"WebSite\",\"@id\":\"https:\/\/www.pressenza.com\/es\/#website\",\"url\":\"https:\/\/www.pressenza.com\/es\/\",\"name\":\"Pressenza\",\"description\":\"International Press Agency\",\"publisher\":{\"@id\":\"https:\/\/www.pressenza.com\/es\/#organization\"},\"potentialAction\":[{\"@type\":\"SearchAction\",\"target\":{\"@type\":\"EntryPoint\",\"urlTemplate\":\"https:\/\/www.pressenza.com\/es\/?s={search_term_string}\"},\"query-input\":{\"@type\":\"PropertyValueSpecification\",\"valueRequired\":true,\"valueName\":\"search_term_string\"}}],\"inLanguage\":\"es\"},{\"@type\":\"Organization\",\"@id\":\"https:\/\/www.pressenza.com\/es\/#organization\",\"name\":\"Pressenza\",\"url\":\"https:\/\/www.pressenza.com\/es\/\",\"logo\":{\"@type\":\"ImageObject\",\"inLanguage\":\"es\",\"@id\":\"https:\/\/www.pressenza.com\/es\/#\/schema\/logo\/image\/\",\"url\":\"https:\/\/www.pressenza.com\/wp-content\/uploads\/2022\/10\/pressenza_logo_200x200.jpg\",\"contentUrl\":\"https:\/\/www.pressenza.com\/wp-content\/uploads\/2022\/10\/pressenza_logo_200x200.jpg\",\"width\":200,\"height\":200,\"caption\":\"Pressenza\"},\"image\":{\"@id\":\"https:\/\/www.pressenza.com\/es\/#\/schema\/logo\/image\/\"},\"sameAs\":[\"https:\/\/www.facebook.com\/PressenzaItalia\",\"https:\/\/x.com\/PressenzaIPA\"]},{\"@type\":\"Person\",\"@id\":\"https:\/\/www.pressenza.com\/es\/#\/schema\/person\/8bb53ec73ef39ceec36ca0128a0ccd41\",\"name\":\"P\u00eda Figueroa\",\"description\":\"Founder of Pressenza, life-long humanist, author of several monographs and books.\",\"sameAs\":[\"https:\/\/www.facebook.com\/pia.figueroa?ref=tn_tnmn\",\"https:\/\/x.com\/piafigueroa\"],\"url\":\"https:\/\/www.pressenza.com\/es\/author\/pia-figueroa\/\"}]}<\/script>\n<!-- \/ Yoast SEO plugin. -->","yoast_head_json":{"title":"Contundente victoria de Disidentes Unidos en Colegio de Profesores de Chile","description":"El gremio chileno m\u00e1s numeroso, el de los profesores, ha dado una se\u00f1al importante de desaprobaci\u00f3n al Gobierno y al Parlamento al elegir ayer con una","robots":{"index":"index","follow":"follow","max-snippet":"max-snippet:-1","max-image-preview":"max-image-preview:large","max-video-preview":"max-video-preview:-1"},"canonical":"https:\/\/www.pressenza.com\/es\/2016\/11\/contundente-victoria-de-disidentes-unidos-en-colegio-de-profesores-de-chile\/","og_locale":"es_ES","og_type":"article","og_title":"Contundente victoria de Disidentes Unidos en Colegio de Profesores de Chile","og_description":"El gremio chileno m\u00e1s numeroso, el de los profesores, ha dado una se\u00f1al importante de desaprobaci\u00f3n al Gobierno y al Parlamento al elegir ayer con una","og_url":"https:\/\/www.pressenza.com\/es\/2016\/11\/contundente-victoria-de-disidentes-unidos-en-colegio-de-profesores-de-chile\/","og_site_name":"Pressenza","article_publisher":"https:\/\/www.facebook.com\/PressenzaItalia","article_author":"https:\/\/www.facebook.com\/pia.figueroa?ref=tn_tnmn","article_published_time":"2016-11-24T20:17:51+00:00","article_modified_time":"2016-11-25T00:51:45+00:00","og_image":[{"width":600,"height":400,"url":"https:\/\/www.pressenza.com\/wp-content\/uploads\/2016\/11\/ma-en-encuentro-familiar_es.jpg","type":"image\/jpeg"}],"author":"P\u00eda Figueroa","twitter_card":"summary_large_image","twitter_creator":"@piafigueroa","twitter_site":"@PressenzaIPA","twitter_misc":{"Escrito por":"P\u00eda Figueroa","Tiempo de lectura":"1 minuto"},"schema":{"@context":"https:\/\/schema.org","@graph":[{"@type":"Article","@id":"https:\/\/www.pressenza.com\/es\/2016\/11\/contundente-victoria-de-disidentes-unidos-en-colegio-de-profesores-de-chile\/#article","isPartOf":{"@id":"https:\/\/www.pressenza.com\/es\/2016\/11\/contundente-victoria-de-disidentes-unidos-en-colegio-de-profesores-de-chile\/"},"author":{"name":"P\u00eda Figueroa","@id":"https:\/\/www.pressenza.com\/es\/#\/schema\/person\/8bb53ec73ef39ceec36ca0128a0ccd41"},"headline":"Contundente victoria de Disidentes Unidos en Colegio de Profesores de Chile","datePublished":"2016-11-24T20:17:51+00:00","dateModified":"2016-11-25T00:51:45+00:00","mainEntityOfPage":{"@id":"https:\/\/www.pressenza.com\/es\/2016\/11\/contundente-victoria-de-disidentes-unidos-en-colegio-de-profesores-de-chile\/"},"wordCount":300,"publisher":{"@id":"https:\/\/www.pressenza.com\/es\/#organization"},"image":{"@id":"https:\/\/www.pressenza.com\/es\/2016\/11\/contundente-victoria-de-disidentes-unidos-en-colegio-de-profesores-de-chile\/#primaryimage"},"thumbnailUrl":"https:\/\/www.pressenza.com\/wp-content\/uploads\/2016\/11\/ma-en-encuentro-familiar_es.jpg","keywords":["Colegio de Profesores de Chile","elecciones","Mario Aguilar"],"articleSection":["Contenido Original","Educaci\u00f3n","Opiniones","Pol\u00edtica","Sudam\u00e9rica"],"inLanguage":"es"},{"@type":"WebPage","@id":"https:\/\/www.pressenza.com\/es\/2016\/11\/contundente-victoria-de-disidentes-unidos-en-colegio-de-profesores-de-chile\/","url":"https:\/\/www.pressenza.com\/es\/2016\/11\/contundente-victoria-de-disidentes-unidos-en-colegio-de-profesores-de-chile\/","name":"Contundente victoria de Disidentes Unidos en Colegio de Profesores de Chile","isPartOf":{"@id":"https:\/\/www.pressenza.com\/es\/#website"},"primaryImageOfPage":{"@id":"https:\/\/www.pressenza.com\/es\/2016\/11\/contundente-victoria-de-disidentes-unidos-en-colegio-de-profesores-de-chile\/#primaryimage"},"image":{"@id":"https:\/\/www.pressenza.com\/es\/2016\/11\/contundente-victoria-de-disidentes-unidos-en-colegio-de-profesores-de-chile\/#primaryimage"},"thumbnailUrl":"https:\/\/www.pressenza.com\/wp-content\/uploads\/2016\/11\/ma-en-encuentro-familiar_es.jpg","datePublished":"2016-11-24T20:17:51+00:00","dateModified":"2016-11-25T00:51:45+00:00","description":"El gremio chileno m\u00e1s numeroso, el de los profesores, ha dado una se\u00f1al importante de desaprobaci\u00f3n al Gobierno y al Parlamento al elegir ayer con una","breadcrumb":{"@id":"https:\/\/www.pressenza.com\/es\/2016\/11\/contundente-victoria-de-disidentes-unidos-en-colegio-de-profesores-de-chile\/#breadcrumb"},"inLanguage":"es","potentialAction":[{"@type":"ReadAction","target":["https:\/\/www.pressenza.com\/es\/2016\/11\/contundente-victoria-de-disidentes-unidos-en-colegio-de-profesores-de-chile\/"]}]},{"@type":"ImageObject","inLanguage":"es","@id":"https:\/\/www.pressenza.com\/es\/2016\/11\/contundente-victoria-de-disidentes-unidos-en-colegio-de-profesores-de-chile\/#primaryimage","url":"https:\/\/www.pressenza.com\/wp-content\/uploads\/2016\/11\/ma-en-encuentro-familiar_es.jpg","contentUrl":"https:\/\/www.pressenza.com\/wp-content\/uploads\/2016\/11\/ma-en-encuentro-familiar_es.jpg","width":600,"height":400},{"@type":"BreadcrumbList","@id":"https:\/\/www.pressenza.com\/es\/2016\/11\/contundente-victoria-de-disidentes-unidos-en-colegio-de-profesores-de-chile\/#breadcrumb","itemListElement":[{"@type":"ListItem","position":1,"name":"Accueil","item":"https:\/\/www.pressenza.com\/es\/"},{"@type":"ListItem","position":2,"name":"Contundente victoria de Disidentes Unidos en Colegio de Profesores de Chile"}]},{"@type":"WebSite","@id":"https:\/\/www.pressenza.com\/es\/#website","url":"https:\/\/www.pressenza.com\/es\/","name":"Pressenza","description":"International Press Agency","publisher":{"@id":"https:\/\/www.pressenza.com\/es\/#organization"},"potentialAction":[{"@type":"SearchAction","target":{"@type":"EntryPoint","urlTemplate":"https:\/\/www.pressenza.com\/es\/?s={search_term_string}"},"query-input":{"@type":"PropertyValueSpecification","valueRequired":true,"valueName":"search_term_string"}}],"inLanguage":"es"},{"@type":"Organization","@id":"https:\/\/www.pressenza.com\/es\/#organization","name":"Pressenza","url":"https:\/\/www.pressenza.com\/es\/","logo":{"@type":"ImageObject","inLanguage":"es","@id":"https:\/\/www.pressenza.com\/es\/#\/schema\/logo\/image\/","url":"https:\/\/www.pressenza.com\/wp-content\/uploads\/2022\/10\/pressenza_logo_200x200.jpg","contentUrl":"https:\/\/www.pressenza.com\/wp-content\/uploads\/2022\/10\/pressenza_logo_200x200.jpg","width":200,"height":200,"caption":"Pressenza"},"image":{"@id":"https:\/\/www.pressenza.com\/es\/#\/schema\/logo\/image\/"},"sameAs":["https:\/\/www.facebook.com\/PressenzaItalia","https:\/\/x.com\/PressenzaIPA"]},{"@type":"Person","@id":"https:\/\/www.pressenza.com\/es\/#\/schema\/person\/8bb53ec73ef39ceec36ca0128a0ccd41","name":"P\u00eda Figueroa","description":"Founder of Pressenza, life-long humanist, author of several monographs and books.","sameAs":["https:\/\/www.facebook.com\/pia.figueroa?ref=tn_tnmn","https:\/\/x.com\/piafigueroa"],"url":"https:\/\/www.pressenza.com\/es\/author\/pia-figueroa\/"}]}},"place":"","original_article_url":"","_links":{"self":[{"href":"https:\/\/www.pressenza.com\/es\/wp-json\/wp\/v2\/posts\/401221","targetHints":{"allow":["GET"]}}],"collection":[{"href":"https:\/\/www.pressenza.com\/es\/wp-json\/wp\/v2\/posts"}],"about":[{"href":"https:\/\/www.pressenza.com\/es\/wp-json\/wp\/v2\/types\/post"}],"author":[{"embeddable":true,"href":"https:\/\/www.pressenza.com\/es\/wp-json\/wp\/v2\/users\/22"}],"replies":[{"embeddable":true,"href":"https:\/\/www.pressenza.com\/es\/wp-json\/wp\/v2\/comments?post=401221"}],"version-history":[{"count":0,"href":"https:\/\/www.pressenza.com\/es\/wp-json\/wp\/v2\/posts\/401221\/revisions"}],"wp:featuredmedia":[{"embeddable":true,"href":"https:\/\/www.pressenza.com\/es\/wp-json\/wp\/v2\/media\/401251"}],"wp:attachment":[{"href":"https:\/\/www.pressenza.com\/es\/wp-json\/wp\/v2\/media?parent=401221"}],"wp:term":[{"taxonomy":"category","embeddable":true,"href":"https:\/\/www.pressenza.com\/es\/wp-json\/wp\/v2\/categories?post=401221"},{"taxonomy":"post_tag","embeddable":true,"href":"https:\/\/www.pressenza.com\/es\/wp-json\/wp\/v2\/tags?post=401221"}],"curies":[{"name":"wp","href":"https:\/\/api.w.org\/{rel}","templated":true}]}}