{"id":400432,"date":"2016-11-22T14:21:58","date_gmt":"2016-11-22T14:21:58","guid":{"rendered":"http:\/\/www.pressenza.com\/es\/?p=400432"},"modified":"2016-11-22T14:21:58","modified_gmt":"2016-11-22T14:21:58","slug":"el-gran-negocio-argentino","status":"publish","type":"post","link":"https:\/\/www.pressenza.com\/es\/2016\/11\/el-gran-negocio-argentino\/","title":{"rendered":"El gran negocio argentino"},"content":{"rendered":"<p id=\"BAJADA\"><em>En este completo informe publicado en el portal \u201cNuestras Voces\u201d, que dirige Gabriela Cerruti, el periodista pasa revista a los negocios del grupo monop\u00f3lico de comunicaci\u00f3n m\u00e1s poderoso del pa\u00eds. En los primeros 9 meses del a\u00f1o, el conglomerado due\u00f1o de \u201cEl gran diario argentino\u201d embols\u00f3 unos 200 millones de d\u00f3lares.<\/em><\/p>\n<p><em><strong>Por Ari Lijalad<\/strong><\/em><\/p>\n<p>Al Grupo Clar\u00edn no le va nada mal. Al igual que en los \u00faltimos a\u00f1os, donde sus propias cifras desmintieron su campa\u00f1a sobre presiones de parte del kirchnerismo, en materia econ\u00f3mica y judicial, los reportes de resultados del holding comandado por H\u00e9ctor Magnetto vuelven a mostrar un crecimiento sostenido.<\/p>\n<p>El \u00faltimo reporte de resultados presentado a los accionistas del Grupo Clar\u00edn, el pasado viernes 11 de noviembre, corresponde al tercer trimestre de 2016, con los datos de facturaci\u00f3n y ganancias de los primeros 9 meses del a\u00f1o: unos 200 millones de d\u00f3lares.<\/p>\n<p>En lo que va del a\u00f1o, el Grupo Clar\u00edn, en su conjunto, factur\u00f3 29.597 millones de pesos, un 48,1% m\u00e1s que el mismo per\u00edodo de 2015. De eso, le quedaron 3.291 millones de pesos de ganancias, un crecimiento interanual del 20,1%. Al comparar estos n\u00fameros con los resultados de a\u00f1os anteriores se revela que en nueves meses el Grupo Clar\u00edn ya factur\u00f3 y gan\u00f3 m\u00e1s que en todo 2015 (cuando factur\u00f3 27.791 millones de pesos con 2.915 de ganancia). La ganancia de 2016 fue mayor a las de 2012, 2013 y 2014 sumadas. A todo esto, a\u00fan resta el \u00faltimo trimestre del a\u00f1o.<\/p>\n<p><strong>Desde 2009, la facturaci\u00f3n del Grupo Clar\u00edn aument\u00f3 todos los a\u00f1os. Este a\u00f1o ya obtuvo ganancias por 200 millones de d\u00f3lares<\/strong><\/p>\n<p>De la serie hist\u00f3rica de facturaci\u00f3n, ganancias y cotizaci\u00f3n en bolsa del Grupo Clar\u00edn, y siempre con los propios datos que publica la empresa, surge que pese al discurso de victimizaci\u00f3n que la empresa asumi\u00f3 tras la sanci\u00f3n de la Ley de Servicios de Comunicaci\u00f3n Audiovisual (LSCA) lo cierto es que, en t\u00e9rminos econ\u00f3micos (e incluso en el \u00e1mbito judicial), no tuvo de que quejarse.<\/p>\n<p><img decoding=\"async\" src=\"http:\/\/vaconfirma.com.ar\/archivos\/\/archivos_0_1_161118_401300.jpg\" alt=\"\" \/><\/p>\n<p>Desde 2009, la facturaci\u00f3n del Grupo Clar\u00edn aument\u00f3 todos los a\u00f1os. Si el a\u00f1o de la sanci\u00f3n de la LSCA totaliz\u00f3 con 6.678 millones de pesos, en lo que va de 2016 ya cuadruplic\u00f3 esa cifra.\u00a0Algo similar sucede con las ganancias, con la salvedad de que con maniobras de contabilidad creativa empresarial ese \u00edtem queda muchas veces reducido para eludir impuestos.\u00a0Con todo, desde 2009 (y antes tambi\u00e9n) el Grupo Clar\u00edn no tuvo p\u00e9rdidas. Todo lo contrario. Siempre tuvo resultados positivos, aunque con peque\u00f1as ca\u00eddas en las comparaciones interanuales. El holding termin\u00f3 2009 con 290 millones de pesos de ganancia. Para 2010 ya tuvo 533 millones, un 83% de crecimiento. En 2011 inform\u00f3 una peque\u00f1a retracci\u00f3n del 2,9%, con 522 millones, para volver a crecer en 2012 un 23,8% y acumular 972 millones en sus arcas. Otra contracci\u00f3n de un 17,7% en 2013 que le rindi\u00f3 800 millones la compens\u00f3 enseguida: en 2014 gan\u00f3 1.345 millones, un 68% m\u00e1s; en 2015, las ganancias treparon a 2.915 millones, 116,7% de aumento. Nada mal. Y la proyecci\u00f3n para 2016 va en aumento.<\/p>\n<p>El Grupo Clar\u00edn cotiza en las bolsas de Buenos Aires y de Londres. En ambas, el que invirti\u00f3 en sus acciones cuando era supuestamente perseguido y hostigado por el kirchnerismo hizo un gran negocio.<\/p>\n<p>La LSCA tuvo sanci\u00f3n definitiva en la madrugada del 10 de octubre de 2009. El 9, con esa expectativa, las acciones del Grupo Clar\u00edn en la Bolsa porte\u00f1a cerraron en 7,6 pesos. Hubo unas semanas de incertidumbre, pero ya en diciembre de ese a\u00f1o las acciones del Grupo volvieron a subir: cerraron el a\u00f1o a 9,3 pesos. En 2010, al a\u00f1o de la ley que catalogaron como anti-Clar\u00edn, sus acciones hab\u00eda duplicado su valor. Cerraron 2010 a 20,20 pesos. En 2011 y 2012 la cotizaci\u00f3n baj\u00f3 y se estabiliz\u00f3 entre 8,5 y 9 pesos por acci\u00f3n. Pero a partir de 2013 su valor se multiplic\u00f3. En 2013 cerraron a 23,95 pesos la acci\u00f3n; en 2014, se duplic\u00f3 y lleg\u00f3 a 47,40; en 2015, ya val\u00edan 128 pesos.\u00a0En 2016, tuvo un pico de 199 pesos por acci\u00f3n el 14 de octubre.<\/p>\n<p>En la Bolsa de Londres, el gr\u00e1fico de su cotizaci\u00f3n en los \u00faltimos 5 a\u00f1os es elocuente.<\/p>\n<p><img decoding=\"async\" src=\"http:\/\/vaconfirma.com.ar\/archivos\/\/archivos_0_1_161118_602069.jpg\" alt=\"\" \/><\/p>\n<p>De todos estos n\u00fameros del per\u00edodo 2009-1016 se pueden extraer algunas conclusiones:<\/p>\n<p>1) Que la facturaci\u00f3n del Grupo Clar\u00edn nunca dej\u00f3 de crecer.<\/p>\n<p>2) En 2016 lleva facturado m\u00e1s que sumando 2009, 2010 y 2011 o el conjunto de 2012 y 2013. Y en lo que va del a\u00f1o ya super\u00f3 con creces los totales de 2014 y 2015.<\/p>\n<p>3) Las ganancias de 2016 son mayores que la suma de las ganancias de 2009, 2010, 2011, 2012 y 2013. Tambi\u00e9n excede con creces los totales de 2014 y 2015.<\/p>\n<p>2) Que en todo el per\u00edodo nunca report\u00f3 p\u00e9rdidas.<\/p>\n<p>3) Cuando reporta reducci\u00f3n interanual de ganancia es en bajo porcentaje. Cuando reporta crecimiento, es en porcentaje alto.<\/p>\n<p>4) Desde la sanci\u00f3n de la LSCA, sus ingresos de cuadruplicaron y sus ganancias se multiplicaron por diez.<\/p>\n<p>5) La acelerada valorizaci\u00f3n de sus acciones muestra que nunca estuvo en peligro como empresa.<\/p>\n<p><strong>Clar\u00edn Off Shore<\/strong><\/p>\n<p>El 30 de junio de 2016 el Grupo Clar\u00edn cre\u00f3 una nueva sociedad en la guarida fiscal\u00a0Delaware, en Estados Unidos. La bautiz\u00f3 GCSA Equity (la sigla es de Grupo Clar\u00edn Sociedad An\u00f3nima, Equity es equidad), y qued\u00f3 inscripta en la divisi\u00f3n corporaciones de Delaware bajo el n\u00famero 6.803.534. Informaron que su actividad principal es \u201cInversora y financiera\u201d, y le pusieron domicilio legal en el 1209 Orange Street. All\u00ed funciona el Corporation Trust Center, una cueva financiera donde est\u00e1n registradas alrededor de 217.000 empresas.\u00a0Si el edificio fuera real ser\u00eda, parafraseando al propio Barack Obama cuando critic\u00f3 un caso similar en una isla caribe\u00f1a, el edificio m\u00e1s grande del mundo.<\/p>\n<p>Lo cierto es que Delaware funciona como una guarida fiscal donde empresas de todo el mundo se registran para eludir impuestos en sus pa\u00edses de origen. De hecho, en el balance de esta nueva empresa offshore de Clar\u00edn afirman: \u201c<em>La legislaci\u00f3n fiscal del Estado de Delaware no contempla el gravamen sobre las utilidades obtenidas fuera de su territorio. Como consecuencia de que las inversiones se encuentran localizadas fuera del Estado de Delaware, la Sociedad no tiene ninguna obligaci\u00f3n fiscal en esta jurisdicci\u00f3n, por lo que no ha registrado ning\u00fan cargo o pasivo por el impuesto a las ganancias<\/em>\u201d. En criollo: se usan sociedades en guaridas fiscales para controlar empresas, por ejemplo, en Argentina.\u00a0Como en Delaware no les cobran impuestos por ganancias generadas en otro lugar, por ejemplo, en Argentina, eluden los impuestos argentinos.\u00a0La excusa frente a esto es que no existe la doble imposici\u00f3n, es decir, que te cobren impuestos en dos pa\u00edses por el mismo ingreso. Pero lo cierto es que con estas maniobras logran la doble \u201cno\u201d imposici\u00f3n: no pagan en el pa\u00eds de or\u00edgen, no pagan en la guarida fiscal.<\/p>\n<p>El Grupo Clar\u00edn no es un novato en la cuesti\u00f3n. Tiene al menos 4 empresas radicadas all\u00ed: VLG Argentina desde 1999; Grupo Clar\u00edn Services, creada en 2002; GCSA Investments, inscripta en 2008. Las dos primeras comparten domicilio en el edificio de Orange Street; la tercera en Walker Road 874. No son las \u00fanicas. Tanto el Grupo como sus accionistas aparecen con sociedades en otros para\u00edsos fiscales. Seg\u00fan los registros del portal Opencorporate.com, cuentan con la sociedad AGEA radicada en Panam\u00e1 desde finales de 1979. Las tres espadas de Clar\u00edn, Magnetto, Lucio Pagliaro y H\u00e9ctor Aranda, figuran en su directorio as\u00ed como en el de Semar Inversora, inscripta en 1986 tambi\u00e9n en Panam\u00e1. Aranda y Pagliaro comparten por su parte el directorio de Rultand Internacional, tambi\u00e9n registrada en Panam\u00e1 en 1979.<\/p>\n<p>La nueva sociedad offshore, GCSA Equity, que el Grupo Clar\u00edn cre\u00f3 en medio del esc\u00e1ndalo Panam\u00e1 Papers, tiene un s\u00f3lo objetivo: absorber las deudas de GSCA Investments, otra de sus sociedades.\u00a0As\u00ed lo revelan en su balance: \u201c<em>Con fecha 30 de junio de 2016, Grupo Clar\u00edn, \u00fanico accionista de la Sociedad, le asign\u00f3 a GCSA Equity LLC y la Sociedad acept\u00f3, las deudas financieras mantenidas por GCSA Investment LLC<\/em>\u201d. As\u00ed los n\u00fameros siempre cierran.<\/p>\n<p><strong>Gracias Mauricio<\/strong><\/p>\n<p>Los n\u00fameros de Clar\u00edn en 2016 tienen mucho que agradecerle a la gesti\u00f3n de Macri. Por empezar, al decreto 267 cuya \u00fanica necesidad y urgencia fue la desregulaci\u00f3n del mercado audiovisual y cuyo principal beneficiario fue el Grupo Clar\u00edn. Una bater\u00eda de decisiones del gobierno macrista apuntalaron la posici\u00f3n de cada vez mayor hegemon\u00eda medi\u00e1tica del Grupo.<strong>\u00a0<\/strong>Una simple y no exhaustiva enumeraci\u00f3n revela que desde la asunci\u00f3n del nuevo gobierno el Grupo Clar\u00edn logr\u00f3 la aprobaci\u00f3n de la compra de Nextel,\u00a0la autorizaci\u00f3n del ingreso de su socio Fintech a Telecom que opera como cabeza de playa para el futuro desembarco de Clar\u00edn, la puesta en orden de los papeles de Fibertel, que oper\u00f3 durante a\u00f1os de manera irregular gracias, en buena parte, a la estrategia judicial del ahora juez de la Corte Suprema Carlos Rozenkrantz, y escalar al primer puesto en los beneficiarios de la pauta oficial, entre otras cosas. Por otro lado, en Papel Prensa, un acuerdo entre Clar\u00edn, La Naci\u00f3n y el Estado Nacional hizo borr\u00f3n y cuenta nueva de todas las irregularidades denunciadas en los balances y estados contables entre 2010 y 2015, maniobra que cont\u00f3 con complicidad judicial. A todo esto, se suma la virtual paralizaci\u00f3n de las causas judiciales por lavado de dinero en las que estaban involucrados tanto la empresa como los accionistas del Grupo.<\/p>\n","protected":false},"excerpt":{"rendered":"<p>En este completo informe publicado en el portal \u201cNuestras Voces\u201d, que dirige Gabriela Cerruti, el periodista pasa revista a los negocios del grupo monop\u00f3lico de comunicaci\u00f3n m\u00e1s poderoso del pa\u00eds. En los primeros 9 meses del a\u00f1o, el conglomerado due\u00f1o&hellip;<\/p>\n","protected":false},"author":1336,"featured_media":400443,"comment_status":"closed","ping_status":"closed","sticky":false,"template":"","format":"standard","meta":{"footnotes":""},"categories":[75,81,161,74,67],"tags":[26,737,1787,32894,523,1145],"class_list":["post-400432","post","type-post","status-publish","format-standard","has-post-thumbnail","hentry","category-cultura-es","category-economia-es","category-opiniones","category-politica-es","category-sudamerica","tag-argentina","tag-economia-2","tag-grupo-clarin","tag-grupos-concentrados","tag-medios-de-comunicacion","tag-monopolios"],"yoast_head":"<!-- This site is optimized with the Yoast SEO plugin v27.1.1 - https:\/\/yoast.com\/product\/yoast-seo-wordpress\/ -->\n<title>El gran negocio argentino<\/title>\n<meta name=\"description\" content=\"En este completo informe publicado en el portal \u201cNuestras Voces\u201d, que dirige Gabriela Cerruti, el periodista pasa revista a los negocios del grupo\" \/>\n<meta name=\"robots\" content=\"index, follow, max-snippet:-1, max-image-preview:large, max-video-preview:-1\" \/>\n<link rel=\"canonical\" href=\"https:\/\/www.pressenza.com\/es\/2016\/11\/el-gran-negocio-argentino\/\" \/>\n<meta property=\"og:locale\" content=\"es_ES\" \/>\n<meta property=\"og:type\" content=\"article\" \/>\n<meta property=\"og:title\" content=\"El gran negocio argentino\" \/>\n<meta property=\"og:description\" content=\"En este completo informe publicado en el portal \u201cNuestras Voces\u201d, que dirige Gabriela Cerruti, el periodista pasa revista a los negocios del grupo\" \/>\n<meta property=\"og:url\" content=\"https:\/\/www.pressenza.com\/es\/2016\/11\/el-gran-negocio-argentino\/\" \/>\n<meta property=\"og:site_name\" content=\"Pressenza\" \/>\n<meta property=\"article:publisher\" content=\"https:\/\/www.facebook.com\/PressenzaItalia\" \/>\n<meta property=\"article:published_time\" content=\"2016-11-22T14:21:58+00:00\" \/>\n<meta property=\"og:image\" content=\"https:\/\/www.pressenza.com\/wp-content\/uploads\/2016\/11\/articulos_1985_1_161118_180825.jpg\" \/>\n\t<meta property=\"og:image:width\" content=\"1200\" \/>\n\t<meta property=\"og:image:height\" content=\"747\" \/>\n\t<meta property=\"og:image:type\" content=\"image\/jpeg\" \/>\n<meta name=\"author\" content=\"Va Con Firma\" \/>\n<meta name=\"twitter:card\" content=\"summary_large_image\" \/>\n<meta name=\"twitter:creator\" content=\"@PressenzaIPA\" \/>\n<meta name=\"twitter:site\" content=\"@PressenzaIPA\" \/>\n<meta name=\"twitter:label1\" content=\"Escrito por\" \/>\n\t<meta name=\"twitter:data1\" content=\"Va Con Firma\" \/>\n\t<meta name=\"twitter:label2\" content=\"Tiempo de lectura\" \/>\n\t<meta name=\"twitter:data2\" content=\"8 minutos\" \/>\n<script type=\"application\/ld+json\" class=\"yoast-schema-graph\">{\"@context\":\"https:\/\/schema.org\",\"@graph\":[{\"@type\":\"Article\",\"@id\":\"https:\/\/www.pressenza.com\/es\/2016\/11\/el-gran-negocio-argentino\/#article\",\"isPartOf\":{\"@id\":\"https:\/\/www.pressenza.com\/es\/2016\/11\/el-gran-negocio-argentino\/\"},\"author\":{\"name\":\"Va Con Firma\",\"@id\":\"https:\/\/www.pressenza.com\/es\/#\/schema\/person\/3aa4e6f0669784ffe86f969ca162c0aa\"},\"headline\":\"El gran negocio argentino\",\"datePublished\":\"2016-11-22T14:21:58+00:00\",\"mainEntityOfPage\":{\"@id\":\"https:\/\/www.pressenza.com\/es\/2016\/11\/el-gran-negocio-argentino\/\"},\"wordCount\":1618,\"publisher\":{\"@id\":\"https:\/\/www.pressenza.com\/es\/#organization\"},\"image\":{\"@id\":\"https:\/\/www.pressenza.com\/es\/2016\/11\/el-gran-negocio-argentino\/#primaryimage\"},\"thumbnailUrl\":\"https:\/\/www.pressenza.com\/wp-content\/uploads\/2016\/11\/articulos_1985_1_161118_180825.jpg\",\"keywords\":[\"Argentina\",\"econom\u00eda\",\"Grupo Clarin\",\"grupos concentrados\",\"medios de comunicaci\u00f3n\",\"monopolios\"],\"articleSection\":[\"Cultura y Medios\",\"Econom\u00eda\",\"Opiniones\",\"Pol\u00edtica\",\"Sudam\u00e9rica\"],\"inLanguage\":\"es\"},{\"@type\":\"WebPage\",\"@id\":\"https:\/\/www.pressenza.com\/es\/2016\/11\/el-gran-negocio-argentino\/\",\"url\":\"https:\/\/www.pressenza.com\/es\/2016\/11\/el-gran-negocio-argentino\/\",\"name\":\"El gran negocio argentino\",\"isPartOf\":{\"@id\":\"https:\/\/www.pressenza.com\/es\/#website\"},\"primaryImageOfPage\":{\"@id\":\"https:\/\/www.pressenza.com\/es\/2016\/11\/el-gran-negocio-argentino\/#primaryimage\"},\"image\":{\"@id\":\"https:\/\/www.pressenza.com\/es\/2016\/11\/el-gran-negocio-argentino\/#primaryimage\"},\"thumbnailUrl\":\"https:\/\/www.pressenza.com\/wp-content\/uploads\/2016\/11\/articulos_1985_1_161118_180825.jpg\",\"datePublished\":\"2016-11-22T14:21:58+00:00\",\"description\":\"En este completo informe publicado en el portal \u201cNuestras Voces\u201d, que dirige Gabriela Cerruti, el periodista pasa revista a los negocios del grupo\",\"breadcrumb\":{\"@id\":\"https:\/\/www.pressenza.com\/es\/2016\/11\/el-gran-negocio-argentino\/#breadcrumb\"},\"inLanguage\":\"es\",\"potentialAction\":[{\"@type\":\"ReadAction\",\"target\":[\"https:\/\/www.pressenza.com\/es\/2016\/11\/el-gran-negocio-argentino\/\"]}]},{\"@type\":\"ImageObject\",\"inLanguage\":\"es\",\"@id\":\"https:\/\/www.pressenza.com\/es\/2016\/11\/el-gran-negocio-argentino\/#primaryimage\",\"url\":\"https:\/\/www.pressenza.com\/wp-content\/uploads\/2016\/11\/articulos_1985_1_161118_180825.jpg\",\"contentUrl\":\"https:\/\/www.pressenza.com\/wp-content\/uploads\/2016\/11\/articulos_1985_1_161118_180825.jpg\",\"width\":1200,\"height\":747},{\"@type\":\"BreadcrumbList\",\"@id\":\"https:\/\/www.pressenza.com\/es\/2016\/11\/el-gran-negocio-argentino\/#breadcrumb\",\"itemListElement\":[{\"@type\":\"ListItem\",\"position\":1,\"name\":\"Accueil\",\"item\":\"https:\/\/www.pressenza.com\/es\/\"},{\"@type\":\"ListItem\",\"position\":2,\"name\":\"El gran negocio argentino\"}]},{\"@type\":\"WebSite\",\"@id\":\"https:\/\/www.pressenza.com\/es\/#website\",\"url\":\"https:\/\/www.pressenza.com\/es\/\",\"name\":\"Pressenza\",\"description\":\"International Press Agency\",\"publisher\":{\"@id\":\"https:\/\/www.pressenza.com\/es\/#organization\"},\"potentialAction\":[{\"@type\":\"SearchAction\",\"target\":{\"@type\":\"EntryPoint\",\"urlTemplate\":\"https:\/\/www.pressenza.com\/es\/?s={search_term_string}\"},\"query-input\":{\"@type\":\"PropertyValueSpecification\",\"valueRequired\":true,\"valueName\":\"search_term_string\"}}],\"inLanguage\":\"es\"},{\"@type\":\"Organization\",\"@id\":\"https:\/\/www.pressenza.com\/es\/#organization\",\"name\":\"Pressenza\",\"url\":\"https:\/\/www.pressenza.com\/es\/\",\"logo\":{\"@type\":\"ImageObject\",\"inLanguage\":\"es\",\"@id\":\"https:\/\/www.pressenza.com\/es\/#\/schema\/logo\/image\/\",\"url\":\"https:\/\/www.pressenza.com\/wp-content\/uploads\/2022\/10\/pressenza_logo_200x200.jpg\",\"contentUrl\":\"https:\/\/www.pressenza.com\/wp-content\/uploads\/2022\/10\/pressenza_logo_200x200.jpg\",\"width\":200,\"height\":200,\"caption\":\"Pressenza\"},\"image\":{\"@id\":\"https:\/\/www.pressenza.com\/es\/#\/schema\/logo\/image\/\"},\"sameAs\":[\"https:\/\/www.facebook.com\/PressenzaItalia\",\"https:\/\/x.com\/PressenzaIPA\"]},{\"@type\":\"Person\",\"@id\":\"https:\/\/www.pressenza.com\/es\/#\/schema\/person\/3aa4e6f0669784ffe86f969ca162c0aa\",\"name\":\"Va Con Firma\",\"sameAs\":[\"http:\/\/vaconfirma.com.ar\/\"],\"url\":\"https:\/\/www.pressenza.com\/es\/author\/va-con-firma\/\"}]}<\/script>\n<!-- \/ Yoast SEO plugin. -->","yoast_head_json":{"title":"El gran negocio argentino","description":"En este completo informe publicado en el portal \u201cNuestras Voces\u201d, que dirige Gabriela Cerruti, el periodista pasa revista a los negocios del grupo","robots":{"index":"index","follow":"follow","max-snippet":"max-snippet:-1","max-image-preview":"max-image-preview:large","max-video-preview":"max-video-preview:-1"},"canonical":"https:\/\/www.pressenza.com\/es\/2016\/11\/el-gran-negocio-argentino\/","og_locale":"es_ES","og_type":"article","og_title":"El gran negocio argentino","og_description":"En este completo informe publicado en el portal \u201cNuestras Voces\u201d, que dirige Gabriela Cerruti, el periodista pasa revista a los negocios del grupo","og_url":"https:\/\/www.pressenza.com\/es\/2016\/11\/el-gran-negocio-argentino\/","og_site_name":"Pressenza","article_publisher":"https:\/\/www.facebook.com\/PressenzaItalia","article_published_time":"2016-11-22T14:21:58+00:00","og_image":[{"width":1200,"height":747,"url":"https:\/\/www.pressenza.com\/wp-content\/uploads\/2016\/11\/articulos_1985_1_161118_180825.jpg","type":"image\/jpeg"}],"author":"Va Con Firma","twitter_card":"summary_large_image","twitter_creator":"@PressenzaIPA","twitter_site":"@PressenzaIPA","twitter_misc":{"Escrito por":"Va Con Firma","Tiempo de lectura":"8 minutos"},"schema":{"@context":"https:\/\/schema.org","@graph":[{"@type":"Article","@id":"https:\/\/www.pressenza.com\/es\/2016\/11\/el-gran-negocio-argentino\/#article","isPartOf":{"@id":"https:\/\/www.pressenza.com\/es\/2016\/11\/el-gran-negocio-argentino\/"},"author":{"name":"Va Con Firma","@id":"https:\/\/www.pressenza.com\/es\/#\/schema\/person\/3aa4e6f0669784ffe86f969ca162c0aa"},"headline":"El gran negocio argentino","datePublished":"2016-11-22T14:21:58+00:00","mainEntityOfPage":{"@id":"https:\/\/www.pressenza.com\/es\/2016\/11\/el-gran-negocio-argentino\/"},"wordCount":1618,"publisher":{"@id":"https:\/\/www.pressenza.com\/es\/#organization"},"image":{"@id":"https:\/\/www.pressenza.com\/es\/2016\/11\/el-gran-negocio-argentino\/#primaryimage"},"thumbnailUrl":"https:\/\/www.pressenza.com\/wp-content\/uploads\/2016\/11\/articulos_1985_1_161118_180825.jpg","keywords":["Argentina","econom\u00eda","Grupo Clarin","grupos concentrados","medios de comunicaci\u00f3n","monopolios"],"articleSection":["Cultura y Medios","Econom\u00eda","Opiniones","Pol\u00edtica","Sudam\u00e9rica"],"inLanguage":"es"},{"@type":"WebPage","@id":"https:\/\/www.pressenza.com\/es\/2016\/11\/el-gran-negocio-argentino\/","url":"https:\/\/www.pressenza.com\/es\/2016\/11\/el-gran-negocio-argentino\/","name":"El gran negocio argentino","isPartOf":{"@id":"https:\/\/www.pressenza.com\/es\/#website"},"primaryImageOfPage":{"@id":"https:\/\/www.pressenza.com\/es\/2016\/11\/el-gran-negocio-argentino\/#primaryimage"},"image":{"@id":"https:\/\/www.pressenza.com\/es\/2016\/11\/el-gran-negocio-argentino\/#primaryimage"},"thumbnailUrl":"https:\/\/www.pressenza.com\/wp-content\/uploads\/2016\/11\/articulos_1985_1_161118_180825.jpg","datePublished":"2016-11-22T14:21:58+00:00","description":"En este completo informe publicado en el portal \u201cNuestras Voces\u201d, que dirige Gabriela Cerruti, el periodista pasa revista a los negocios del grupo","breadcrumb":{"@id":"https:\/\/www.pressenza.com\/es\/2016\/11\/el-gran-negocio-argentino\/#breadcrumb"},"inLanguage":"es","potentialAction":[{"@type":"ReadAction","target":["https:\/\/www.pressenza.com\/es\/2016\/11\/el-gran-negocio-argentino\/"]}]},{"@type":"ImageObject","inLanguage":"es","@id":"https:\/\/www.pressenza.com\/es\/2016\/11\/el-gran-negocio-argentino\/#primaryimage","url":"https:\/\/www.pressenza.com\/wp-content\/uploads\/2016\/11\/articulos_1985_1_161118_180825.jpg","contentUrl":"https:\/\/www.pressenza.com\/wp-content\/uploads\/2016\/11\/articulos_1985_1_161118_180825.jpg","width":1200,"height":747},{"@type":"BreadcrumbList","@id":"https:\/\/www.pressenza.com\/es\/2016\/11\/el-gran-negocio-argentino\/#breadcrumb","itemListElement":[{"@type":"ListItem","position":1,"name":"Accueil","item":"https:\/\/www.pressenza.com\/es\/"},{"@type":"ListItem","position":2,"name":"El gran negocio argentino"}]},{"@type":"WebSite","@id":"https:\/\/www.pressenza.com\/es\/#website","url":"https:\/\/www.pressenza.com\/es\/","name":"Pressenza","description":"International Press Agency","publisher":{"@id":"https:\/\/www.pressenza.com\/es\/#organization"},"potentialAction":[{"@type":"SearchAction","target":{"@type":"EntryPoint","urlTemplate":"https:\/\/www.pressenza.com\/es\/?s={search_term_string}"},"query-input":{"@type":"PropertyValueSpecification","valueRequired":true,"valueName":"search_term_string"}}],"inLanguage":"es"},{"@type":"Organization","@id":"https:\/\/www.pressenza.com\/es\/#organization","name":"Pressenza","url":"https:\/\/www.pressenza.com\/es\/","logo":{"@type":"ImageObject","inLanguage":"es","@id":"https:\/\/www.pressenza.com\/es\/#\/schema\/logo\/image\/","url":"https:\/\/www.pressenza.com\/wp-content\/uploads\/2022\/10\/pressenza_logo_200x200.jpg","contentUrl":"https:\/\/www.pressenza.com\/wp-content\/uploads\/2022\/10\/pressenza_logo_200x200.jpg","width":200,"height":200,"caption":"Pressenza"},"image":{"@id":"https:\/\/www.pressenza.com\/es\/#\/schema\/logo\/image\/"},"sameAs":["https:\/\/www.facebook.com\/PressenzaItalia","https:\/\/x.com\/PressenzaIPA"]},{"@type":"Person","@id":"https:\/\/www.pressenza.com\/es\/#\/schema\/person\/3aa4e6f0669784ffe86f969ca162c0aa","name":"Va Con Firma","sameAs":["http:\/\/vaconfirma.com.ar\/"],"url":"https:\/\/www.pressenza.com\/es\/author\/va-con-firma\/"}]}},"place":"Ciudad de Buenos Aires, Argentina","original_article_url":"http:\/\/vaconfirma.com.ar\/?articulos_seccion_719\/id_1985\/el-gran-negocio-argentino#","_links":{"self":[{"href":"https:\/\/www.pressenza.com\/es\/wp-json\/wp\/v2\/posts\/400432","targetHints":{"allow":["GET"]}}],"collection":[{"href":"https:\/\/www.pressenza.com\/es\/wp-json\/wp\/v2\/posts"}],"about":[{"href":"https:\/\/www.pressenza.com\/es\/wp-json\/wp\/v2\/types\/post"}],"author":[{"embeddable":true,"href":"https:\/\/www.pressenza.com\/es\/wp-json\/wp\/v2\/users\/1336"}],"replies":[{"embeddable":true,"href":"https:\/\/www.pressenza.com\/es\/wp-json\/wp\/v2\/comments?post=400432"}],"version-history":[{"count":0,"href":"https:\/\/www.pressenza.com\/es\/wp-json\/wp\/v2\/posts\/400432\/revisions"}],"wp:featuredmedia":[{"embeddable":true,"href":"https:\/\/www.pressenza.com\/es\/wp-json\/wp\/v2\/media\/400443"}],"wp:attachment":[{"href":"https:\/\/www.pressenza.com\/es\/wp-json\/wp\/v2\/media?parent=400432"}],"wp:term":[{"taxonomy":"category","embeddable":true,"href":"https:\/\/www.pressenza.com\/es\/wp-json\/wp\/v2\/categories?post=400432"},{"taxonomy":"post_tag","embeddable":true,"href":"https:\/\/www.pressenza.com\/es\/wp-json\/wp\/v2\/tags?post=400432"}],"curies":[{"name":"wp","href":"https:\/\/api.w.org\/{rel}","templated":true}]}}