{"id":39898,"date":"2013-02-22T22:18:32","date_gmt":"2013-02-22T22:18:32","guid":{"rendered":"http:\/\/www.pressenza.com\/?p=39898"},"modified":"2015-07-21T21:53:46","modified_gmt":"2015-07-21T20:53:46","slug":"tomas-hirsch-en-barcelona","status":"publish","type":"post","link":"https:\/\/www.pressenza.com\/es\/2013\/02\/tomas-hirsch-en-barcelona\/","title":{"rendered":"Tom\u00e1s Hirsch en Barcelona"},"content":{"rendered":"<p><b>\u201cLa acci\u00f3n no violenta en el d\u00eda a d\u00eda es la contribuci\u00f3n al cambio social, al proceso hist\u00f3rico de humanizaci\u00f3n\u201d<\/b><\/p>\n<p><b>\u00a0<\/b><\/p>\n<p>El ex-candidato a la presidencia por el Partido Humanista de Chile, Tom\u00e1s Hirsch<a title=\"\" href=\"#_edn1\">[i]<\/a>, acaba de dar una serie de charlas en Barcelona<a title=\"\" href=\"#_edn2\">[ii]<\/a> abordando la complejidad social del momento actual. A su paso por la ciudad despu\u00e9s de la \u201c11 Conferencia Internacional por la Paz\u201d<a title=\"\" href=\"#_edn3\">[iii]<\/a> \u00a0desarrollada en M\u00fanich a principios de mes donde present\u00f3 la ponencia titulada \u201cEl sentido de la acci\u00f3n noviolenta\u201d, nos da su visi\u00f3n sobre la situaci\u00f3n internacional contempor\u00e1nea y las posibilidades de acci\u00f3n hacia un cambio de paradigma.<\/p>\n<p>Los puntos principales de su enfoque destacan el reconocimiento de la complejidad del sistema social y sus estructuras en el momento actual, as\u00ed como la necesidad de afrontarlo con un esp\u00edritu positivo trabajando sin parar en una direcci\u00f3n que permita el surgimiento de algo nuevo. Hace hincapi\u00e9 en dejar atr\u00e1s el mundo de la \u201cprehistoria humana\u201d \u2013marcada por la desigualdad y la violencia constante en los diversos \u00e1mbitos entre los seres humanos\u2013 para poder entrar en la que define como \u00abverdadera historia humana\u00bb.<\/p>\n<p>Tanto en M\u00fanich como en Barcelona, Hirsch aport\u00f3 algunos ejemplos hist\u00f3ricos\u00a0 institucionales de noviolencia, entre los que destac\u00f3 la Declaraci\u00f3n Universal de los Derechos Humanos as\u00ed como la misma creaci\u00f3n de la Organizaci\u00f3n de las Naciones Unidas y el proceso de reducci\u00f3n nuclear y finalizaci\u00f3n de la guerra fr\u00eda impulsado por la URSS de Gorbachov.<\/p>\n<p>El ex portavoz humanista discuti\u00f3 con los asistentes a los diferentes eventos de Barcelona sobre si una nueva sociedad pod\u00eda gestarse desde las bases del Estado y las instituciones ya existentes o debe partirse de un modelo radicalmente nuevo. Si bien los Estados nacionales cada vez dan menos respuesta a las necesidades de las personas, hay elementos de gran complejidad en el funcionamiento social actual cuya transformaci\u00f3n requiere una planificaci\u00f3n. Ya en su libro <i>El Fin de la Prehistoria<\/i><a title=\"\" href=\"#_edn4\">[iv]<\/a> plante\u00f3 el desmantelamiento de la concentraci\u00f3n de poder del Estado para distribuirla en la base social, asign\u00e1ndole a aquel un papel coordinador, pero tal implementaci\u00f3n es una de las claves sociales a resolver.<\/p>\n<p>Se convers\u00f3 acerca del despertar de una nueva sensibilidad que empieza a manifestarse en distintos puntos del planeta. Esta conciencia de una nueva generaci\u00f3n que, como la de 1968, se inici\u00f3 en El Cairo, seg\u00fan afirma Hirsch,\u00a0 donde ahora supuso la ca\u00edda del r\u00e9gimen de Mubarak. Implicando la participaci\u00f3n ciudadana y la metodolog\u00eda de la noviolencia que han quedado plasmadas en los movimientos sociales que a posteriori han surgido en todo el mundo, impulsados por las nuevas generaciones como sujeto de los cambios hist\u00f3ricos. Un impulso generacional que en los \u00faltimos veinte a\u00f1os hab\u00eda quedado dormido.<\/p>\n<p><i>Siendo que estos nuevos movimientos sociales todav\u00eda no han logrado el cambio social que anhelamos, nos debatimos en c\u00f3mo dar el siguiente paso. Mientras que nuevos modelos se van imaginando se necesitan estados intermedios donde pueda haber instancias que coordinen pero que no concentren poder<\/i>, aclara Tom\u00e1s. La base sobre la cual afianzarse ser\u00eda el camino de la noviolencia, ya que la historia demuestra que el camino de la violencia no ha aportado cambios v\u00e1lidos en el avance del ser humano. S\u00f3lo ha impuesto sistemas, pero no cambios revolucionarios.<\/p>\n<p>La mayor amenaza en el momento actual sigue siendo la de un conflicto con armamento nuclear. Por este motivo las banderas principales a nivel mundial siguen siendo el desarme nuclear mundial; el retiro inmediato de las tropas invasoras en los territorios ocupados; la reducci\u00f3n progresiva y proporcional de los armamentos en todo el planeta; firmas de tratados de no agresi\u00f3n entre los pa\u00edses; y la renuncia de los gobiernos a utilizar la guerra como medio para resolver conflictos.<\/p>\n<p>El cambio s\u00f3lo vendr\u00e1 a trav\u00e9s de la noviolencia, cuyo camino implica al ser humano como valor central. Todo aquello que impida la acci\u00f3n transformadora del ser humano puede ser considerado como alguna de las formas de la violencia. Es un cambio que se realiza conjuntamente tanto como proceso interno en los individuos, como acci\u00f3n en el medio social. Uno no puede convivir sin el otro.<\/p>\n<p>[image src=\u00bbhttp:\/\/www.pressenza.com\/wp-content\/uploads\/2013\/02\/2012.02.18.BCN-Tomas_Hirsch_en_AureaSocial01.jpg\u00bb lightbox=\u00bbyes\u00bb align=\u00bbleft\u00bb]<\/p>\n<div><br clear=\"all\" \/><\/p>\n<hr align=\"left\" size=\"1\" width=\"33%\" \/>\n<div>\n<p><a title=\"\" href=\"#_ednref1\">[i]<\/a> Tom\u00e1s Hirsch, miembro fundador del Partido Humanista en Chile en 1984. Promovi\u00f3 la lucha no violenta contra la dictadura de Pinochet. Miembro fundador de la concertaci\u00f3n de partidos para la democracia. Embajador de Chile en Nueva Zelanda. En 1999 fue candidato presidencial por el Partido Humanista en Chile y de nuevo en el a\u00f1o 2005, esta vez encabezando la Alianza de partidos de izquierdas que se llam\u00f3 \u201cJuntos Podemos m\u00e1s\u201d. En el a\u00f1o 2009 fue portavoz en Latinoam\u00e9rica de la marcha mundial por la Paz y la\u00a0 No Violencia.<\/p>\n<p>&nbsp;<\/p>\n<\/div>\n<div>\n<p><a title=\"\" href=\"#_ednref2\">[ii]<\/a> Tom\u00e1s Hirsch estuvo dando una charla en las sedes de <a href=\"http:\/\/www.aureasocial.org\/es\">Aurea Social<\/a>, en <a href=\"http:\/\/agora9b.org\/\">Agora 9B<\/a>\u00a0 y visit\u00f3 los Parques catalanes de Estudio y Reflexi\u00f3n <a href=\"http:\/\/www.parcodena.org\">Parc \u00d2dena<\/a>, en Barcelona\u00a0 y <a href=\"http:\/\/parcponent.org\/\">Parc de Ponent<\/a>, enLleida .<\/p>\n<p>Se pueden visualizar las charlas en <a href=\"http:\/\/youtu.be\/BVXfLLmtSrc?t=6m58s\">http:\/\/youtu.be\/BVXfLLmtSrc?t=6m58s<\/a><\/p>\n<p>&nbsp;<\/p>\n<\/div>\n<div>\n<p><a title=\"\" href=\"#_ednref3\">[iii]<\/a> La \u201c<a href=\"http:\/\/www.friedenskonferenz.info\/\">11 Conferencia Internacional por la Paz<\/a>\u201d\u00a0 es un evento que se realiza en paralelo a la conferencia de seguridad de la OTAN.<\/p>\n<p>&nbsp;<\/p>\n<\/div>\n<div>\n<p><a title=\"\" href=\"#_ednref4\">[iv]<\/a> \u201cEl fin de la prehistoria. Un camino hacia la libertad\u201d. Tom\u00e1s Hirsch. Ed. Tabla Rasa. 2007<\/p>\n<\/div>\n<\/div>\n","protected":false},"excerpt":{"rendered":"<p>\u201cLa acci\u00f3n no violenta en el d\u00eda a d\u00eda es la contribuci\u00f3n al cambio social, al proceso hist\u00f3rico de humanizaci\u00f3n\u201d \u00a0 El ex-candidato a la presidencia por el Partido Humanista de Chile, Tom\u00e1s Hirsch[i], acaba de dar una serie de&hellip;<\/p>\n","protected":false},"author":647,"featured_media":39922,"comment_status":"closed","ping_status":"open","sticky":false,"template":"","format":"standard","meta":{"footnotes":""},"categories":[66,1240,1242,1243],"tags":[696,441,383,419,394,623],"class_list":["post-39898","post","type-post","status-publish","format-standard","has-post-thumbnail","hentry","category-europa-es","category-humanismo-espiritualidad","category-noviolencia-tema","category-paz-desarme","tag-democracia","tag-derechos-humanos","tag-noviolencia","tag-paz","tag-protestas-sociales","tag-violencia"],"yoast_head":"<!-- This site is optimized with the Yoast SEO plugin v27.1.1 - https:\/\/yoast.com\/product\/yoast-seo-wordpress\/ -->\n<title>Tom\u00e1s Hirsch en Barcelona<\/title>\n<meta name=\"description\" content=\"\u201cLa acci\u00f3n no violenta en el d\u00eda a d\u00eda es la contribuci\u00f3n al cambio social, al proceso hist\u00f3rico de humanizaci\u00f3n\u201d \u00a0 El ex-candidato a la presidencia por\" \/>\n<meta name=\"robots\" content=\"index, follow, max-snippet:-1, max-image-preview:large, max-video-preview:-1\" \/>\n<link rel=\"canonical\" href=\"https:\/\/www.pressenza.com\/es\/2013\/02\/tomas-hirsch-en-barcelona\/\" \/>\n<meta property=\"og:locale\" content=\"es_ES\" \/>\n<meta property=\"og:type\" content=\"article\" \/>\n<meta property=\"og:title\" content=\"Tom\u00e1s Hirsch en Barcelona\" \/>\n<meta property=\"og:description\" content=\"\u201cLa acci\u00f3n no violenta en el d\u00eda a d\u00eda es la contribuci\u00f3n al cambio social, al proceso hist\u00f3rico de humanizaci\u00f3n\u201d \u00a0 El ex-candidato a la presidencia por\" \/>\n<meta property=\"og:url\" content=\"https:\/\/www.pressenza.com\/es\/2013\/02\/tomas-hirsch-en-barcelona\/\" \/>\n<meta property=\"og:site_name\" content=\"Pressenza\" \/>\n<meta property=\"article:publisher\" content=\"https:\/\/www.facebook.com\/PressenzaItalia\" \/>\n<meta property=\"article:published_time\" content=\"2013-02-22T22:18:32+00:00\" \/>\n<meta property=\"article:modified_time\" content=\"2015-07-21T20:53:46+00:00\" \/>\n<meta property=\"og:image\" content=\"https:\/\/www.pressenza.com\/wp-content\/uploads\/2013\/02\/2012.02.18.BCN-Tomas_Hirsch_en_AureaSocial02.jpg\" \/>\n\t<meta property=\"og:image:width\" content=\"2048\" \/>\n\t<meta property=\"og:image:height\" content=\"1152\" \/>\n\t<meta property=\"og:image:type\" content=\"image\/jpeg\" \/>\n<meta name=\"author\" content=\"Raquel Paricio\" \/>\n<meta name=\"twitter:card\" content=\"summary_large_image\" \/>\n<meta name=\"twitter:creator\" content=\"@PressenzaIPA\" \/>\n<meta name=\"twitter:site\" content=\"@PressenzaIPA\" \/>\n<meta name=\"twitter:label1\" content=\"Escrito por\" \/>\n\t<meta name=\"twitter:data1\" content=\"Raquel Paricio\" \/>\n\t<meta name=\"twitter:label2\" content=\"Tiempo de lectura\" \/>\n\t<meta name=\"twitter:data2\" content=\"5 minutos\" \/>\n<script type=\"application\/ld+json\" class=\"yoast-schema-graph\">{\"@context\":\"https:\/\/schema.org\",\"@graph\":[{\"@type\":\"Article\",\"@id\":\"https:\/\/www.pressenza.com\/es\/2013\/02\/tomas-hirsch-en-barcelona\/#article\",\"isPartOf\":{\"@id\":\"https:\/\/www.pressenza.com\/es\/2013\/02\/tomas-hirsch-en-barcelona\/\"},\"author\":{\"name\":\"Raquel Paricio\",\"@id\":\"https:\/\/www.pressenza.com\/es\/#\/schema\/person\/7104466338f7b188aedd367b5e15c977\"},\"headline\":\"Tom\u00e1s Hirsch en Barcelona\",\"datePublished\":\"2013-02-22T22:18:32+00:00\",\"dateModified\":\"2015-07-21T20:53:46+00:00\",\"mainEntityOfPage\":{\"@id\":\"https:\/\/www.pressenza.com\/es\/2013\/02\/tomas-hirsch-en-barcelona\/\"},\"wordCount\":941,\"publisher\":{\"@id\":\"https:\/\/www.pressenza.com\/es\/#organization\"},\"image\":{\"@id\":\"https:\/\/www.pressenza.com\/es\/2013\/02\/tomas-hirsch-en-barcelona\/#primaryimage\"},\"thumbnailUrl\":\"https:\/\/www.pressenza.com\/wp-content\/uploads\/2013\/02\/2012.02.18.BCN-Tomas_Hirsch_en_AureaSocial02.jpg\",\"keywords\":[\"Democracia\",\"Derechos humanos\",\"Noviolencia\",\"Paz\",\"protestas sociales\",\"Violencia\"],\"articleSection\":[\"Europa\",\"Humanismo y Espiritualidad\",\"Noviolencia\",\"Paz y Desarme\"],\"inLanguage\":\"es\"},{\"@type\":\"WebPage\",\"@id\":\"https:\/\/www.pressenza.com\/es\/2013\/02\/tomas-hirsch-en-barcelona\/\",\"url\":\"https:\/\/www.pressenza.com\/es\/2013\/02\/tomas-hirsch-en-barcelona\/\",\"name\":\"Tom\u00e1s Hirsch en Barcelona\",\"isPartOf\":{\"@id\":\"https:\/\/www.pressenza.com\/es\/#website\"},\"primaryImageOfPage\":{\"@id\":\"https:\/\/www.pressenza.com\/es\/2013\/02\/tomas-hirsch-en-barcelona\/#primaryimage\"},\"image\":{\"@id\":\"https:\/\/www.pressenza.com\/es\/2013\/02\/tomas-hirsch-en-barcelona\/#primaryimage\"},\"thumbnailUrl\":\"https:\/\/www.pressenza.com\/wp-content\/uploads\/2013\/02\/2012.02.18.BCN-Tomas_Hirsch_en_AureaSocial02.jpg\",\"datePublished\":\"2013-02-22T22:18:32+00:00\",\"dateModified\":\"2015-07-21T20:53:46+00:00\",\"description\":\"\u201cLa acci\u00f3n no violenta en el d\u00eda a d\u00eda es la contribuci\u00f3n al cambio social, al proceso hist\u00f3rico de humanizaci\u00f3n\u201d \u00a0 El ex-candidato a la presidencia por\",\"breadcrumb\":{\"@id\":\"https:\/\/www.pressenza.com\/es\/2013\/02\/tomas-hirsch-en-barcelona\/#breadcrumb\"},\"inLanguage\":\"es\",\"potentialAction\":[{\"@type\":\"ReadAction\",\"target\":[\"https:\/\/www.pressenza.com\/es\/2013\/02\/tomas-hirsch-en-barcelona\/\"]}]},{\"@type\":\"ImageObject\",\"inLanguage\":\"es\",\"@id\":\"https:\/\/www.pressenza.com\/es\/2013\/02\/tomas-hirsch-en-barcelona\/#primaryimage\",\"url\":\"https:\/\/www.pressenza.com\/wp-content\/uploads\/2013\/02\/2012.02.18.BCN-Tomas_Hirsch_en_AureaSocial02.jpg\",\"contentUrl\":\"https:\/\/www.pressenza.com\/wp-content\/uploads\/2013\/02\/2012.02.18.BCN-Tomas_Hirsch_en_AureaSocial02.jpg\",\"width\":2048,\"height\":1152},{\"@type\":\"BreadcrumbList\",\"@id\":\"https:\/\/www.pressenza.com\/es\/2013\/02\/tomas-hirsch-en-barcelona\/#breadcrumb\",\"itemListElement\":[{\"@type\":\"ListItem\",\"position\":1,\"name\":\"Accueil\",\"item\":\"https:\/\/www.pressenza.com\/es\/\"},{\"@type\":\"ListItem\",\"position\":2,\"name\":\"Tom\u00e1s Hirsch en Barcelona\"}]},{\"@type\":\"WebSite\",\"@id\":\"https:\/\/www.pressenza.com\/es\/#website\",\"url\":\"https:\/\/www.pressenza.com\/es\/\",\"name\":\"Pressenza\",\"description\":\"International Press Agency\",\"publisher\":{\"@id\":\"https:\/\/www.pressenza.com\/es\/#organization\"},\"potentialAction\":[{\"@type\":\"SearchAction\",\"target\":{\"@type\":\"EntryPoint\",\"urlTemplate\":\"https:\/\/www.pressenza.com\/es\/?s={search_term_string}\"},\"query-input\":{\"@type\":\"PropertyValueSpecification\",\"valueRequired\":true,\"valueName\":\"search_term_string\"}}],\"inLanguage\":\"es\"},{\"@type\":\"Organization\",\"@id\":\"https:\/\/www.pressenza.com\/es\/#organization\",\"name\":\"Pressenza\",\"url\":\"https:\/\/www.pressenza.com\/es\/\",\"logo\":{\"@type\":\"ImageObject\",\"inLanguage\":\"es\",\"@id\":\"https:\/\/www.pressenza.com\/es\/#\/schema\/logo\/image\/\",\"url\":\"https:\/\/www.pressenza.com\/wp-content\/uploads\/2022\/10\/pressenza_logo_200x200.jpg\",\"contentUrl\":\"https:\/\/www.pressenza.com\/wp-content\/uploads\/2022\/10\/pressenza_logo_200x200.jpg\",\"width\":200,\"height\":200,\"caption\":\"Pressenza\"},\"image\":{\"@id\":\"https:\/\/www.pressenza.com\/es\/#\/schema\/logo\/image\/\"},\"sameAs\":[\"https:\/\/www.facebook.com\/PressenzaItalia\",\"https:\/\/x.com\/PressenzaIPA\"]},{\"@type\":\"Person\",\"@id\":\"https:\/\/www.pressenza.com\/es\/#\/schema\/person\/7104466338f7b188aedd367b5e15c977\",\"name\":\"Raquel Paricio\",\"description\":\"Docente. Artista. Humanista. Doctora en Arte y Tecnolog\u00eda. Investiga en las diferentes escuelas de meditaci\u00f3n de diferentes culturas.\",\"url\":\"https:\/\/www.pressenza.com\/es\/author\/raquel-paricio\/\"}]}<\/script>\n<!-- \/ Yoast SEO plugin. -->","yoast_head_json":{"title":"Tom\u00e1s Hirsch en Barcelona","description":"\u201cLa acci\u00f3n no violenta en el d\u00eda a d\u00eda es la contribuci\u00f3n al cambio social, al proceso hist\u00f3rico de humanizaci\u00f3n\u201d \u00a0 El ex-candidato a la presidencia por","robots":{"index":"index","follow":"follow","max-snippet":"max-snippet:-1","max-image-preview":"max-image-preview:large","max-video-preview":"max-video-preview:-1"},"canonical":"https:\/\/www.pressenza.com\/es\/2013\/02\/tomas-hirsch-en-barcelona\/","og_locale":"es_ES","og_type":"article","og_title":"Tom\u00e1s Hirsch en Barcelona","og_description":"\u201cLa acci\u00f3n no violenta en el d\u00eda a d\u00eda es la contribuci\u00f3n al cambio social, al proceso hist\u00f3rico de humanizaci\u00f3n\u201d \u00a0 El ex-candidato a la presidencia por","og_url":"https:\/\/www.pressenza.com\/es\/2013\/02\/tomas-hirsch-en-barcelona\/","og_site_name":"Pressenza","article_publisher":"https:\/\/www.facebook.com\/PressenzaItalia","article_published_time":"2013-02-22T22:18:32+00:00","article_modified_time":"2015-07-21T20:53:46+00:00","og_image":[{"width":2048,"height":1152,"url":"https:\/\/www.pressenza.com\/wp-content\/uploads\/2013\/02\/2012.02.18.BCN-Tomas_Hirsch_en_AureaSocial02.jpg","type":"image\/jpeg"}],"author":"Raquel Paricio","twitter_card":"summary_large_image","twitter_creator":"@PressenzaIPA","twitter_site":"@PressenzaIPA","twitter_misc":{"Escrito por":"Raquel Paricio","Tiempo de lectura":"5 minutos"},"schema":{"@context":"https:\/\/schema.org","@graph":[{"@type":"Article","@id":"https:\/\/www.pressenza.com\/es\/2013\/02\/tomas-hirsch-en-barcelona\/#article","isPartOf":{"@id":"https:\/\/www.pressenza.com\/es\/2013\/02\/tomas-hirsch-en-barcelona\/"},"author":{"name":"Raquel Paricio","@id":"https:\/\/www.pressenza.com\/es\/#\/schema\/person\/7104466338f7b188aedd367b5e15c977"},"headline":"Tom\u00e1s Hirsch en Barcelona","datePublished":"2013-02-22T22:18:32+00:00","dateModified":"2015-07-21T20:53:46+00:00","mainEntityOfPage":{"@id":"https:\/\/www.pressenza.com\/es\/2013\/02\/tomas-hirsch-en-barcelona\/"},"wordCount":941,"publisher":{"@id":"https:\/\/www.pressenza.com\/es\/#organization"},"image":{"@id":"https:\/\/www.pressenza.com\/es\/2013\/02\/tomas-hirsch-en-barcelona\/#primaryimage"},"thumbnailUrl":"https:\/\/www.pressenza.com\/wp-content\/uploads\/2013\/02\/2012.02.18.BCN-Tomas_Hirsch_en_AureaSocial02.jpg","keywords":["Democracia","Derechos humanos","Noviolencia","Paz","protestas sociales","Violencia"],"articleSection":["Europa","Humanismo y Espiritualidad","Noviolencia","Paz y Desarme"],"inLanguage":"es"},{"@type":"WebPage","@id":"https:\/\/www.pressenza.com\/es\/2013\/02\/tomas-hirsch-en-barcelona\/","url":"https:\/\/www.pressenza.com\/es\/2013\/02\/tomas-hirsch-en-barcelona\/","name":"Tom\u00e1s Hirsch en Barcelona","isPartOf":{"@id":"https:\/\/www.pressenza.com\/es\/#website"},"primaryImageOfPage":{"@id":"https:\/\/www.pressenza.com\/es\/2013\/02\/tomas-hirsch-en-barcelona\/#primaryimage"},"image":{"@id":"https:\/\/www.pressenza.com\/es\/2013\/02\/tomas-hirsch-en-barcelona\/#primaryimage"},"thumbnailUrl":"https:\/\/www.pressenza.com\/wp-content\/uploads\/2013\/02\/2012.02.18.BCN-Tomas_Hirsch_en_AureaSocial02.jpg","datePublished":"2013-02-22T22:18:32+00:00","dateModified":"2015-07-21T20:53:46+00:00","description":"\u201cLa acci\u00f3n no violenta en el d\u00eda a d\u00eda es la contribuci\u00f3n al cambio social, al proceso hist\u00f3rico de humanizaci\u00f3n\u201d \u00a0 El ex-candidato a la presidencia por","breadcrumb":{"@id":"https:\/\/www.pressenza.com\/es\/2013\/02\/tomas-hirsch-en-barcelona\/#breadcrumb"},"inLanguage":"es","potentialAction":[{"@type":"ReadAction","target":["https:\/\/www.pressenza.com\/es\/2013\/02\/tomas-hirsch-en-barcelona\/"]}]},{"@type":"ImageObject","inLanguage":"es","@id":"https:\/\/www.pressenza.com\/es\/2013\/02\/tomas-hirsch-en-barcelona\/#primaryimage","url":"https:\/\/www.pressenza.com\/wp-content\/uploads\/2013\/02\/2012.02.18.BCN-Tomas_Hirsch_en_AureaSocial02.jpg","contentUrl":"https:\/\/www.pressenza.com\/wp-content\/uploads\/2013\/02\/2012.02.18.BCN-Tomas_Hirsch_en_AureaSocial02.jpg","width":2048,"height":1152},{"@type":"BreadcrumbList","@id":"https:\/\/www.pressenza.com\/es\/2013\/02\/tomas-hirsch-en-barcelona\/#breadcrumb","itemListElement":[{"@type":"ListItem","position":1,"name":"Accueil","item":"https:\/\/www.pressenza.com\/es\/"},{"@type":"ListItem","position":2,"name":"Tom\u00e1s Hirsch en Barcelona"}]},{"@type":"WebSite","@id":"https:\/\/www.pressenza.com\/es\/#website","url":"https:\/\/www.pressenza.com\/es\/","name":"Pressenza","description":"International Press Agency","publisher":{"@id":"https:\/\/www.pressenza.com\/es\/#organization"},"potentialAction":[{"@type":"SearchAction","target":{"@type":"EntryPoint","urlTemplate":"https:\/\/www.pressenza.com\/es\/?s={search_term_string}"},"query-input":{"@type":"PropertyValueSpecification","valueRequired":true,"valueName":"search_term_string"}}],"inLanguage":"es"},{"@type":"Organization","@id":"https:\/\/www.pressenza.com\/es\/#organization","name":"Pressenza","url":"https:\/\/www.pressenza.com\/es\/","logo":{"@type":"ImageObject","inLanguage":"es","@id":"https:\/\/www.pressenza.com\/es\/#\/schema\/logo\/image\/","url":"https:\/\/www.pressenza.com\/wp-content\/uploads\/2022\/10\/pressenza_logo_200x200.jpg","contentUrl":"https:\/\/www.pressenza.com\/wp-content\/uploads\/2022\/10\/pressenza_logo_200x200.jpg","width":200,"height":200,"caption":"Pressenza"},"image":{"@id":"https:\/\/www.pressenza.com\/es\/#\/schema\/logo\/image\/"},"sameAs":["https:\/\/www.facebook.com\/PressenzaItalia","https:\/\/x.com\/PressenzaIPA"]},{"@type":"Person","@id":"https:\/\/www.pressenza.com\/es\/#\/schema\/person\/7104466338f7b188aedd367b5e15c977","name":"Raquel Paricio","description":"Docente. Artista. Humanista. Doctora en Arte y Tecnolog\u00eda. Investiga en las diferentes escuelas de meditaci\u00f3n de diferentes culturas.","url":"https:\/\/www.pressenza.com\/es\/author\/raquel-paricio\/"}]}},"place":"Barcelona","original_article_url":"","_links":{"self":[{"href":"https:\/\/www.pressenza.com\/es\/wp-json\/wp\/v2\/posts\/39898","targetHints":{"allow":["GET"]}}],"collection":[{"href":"https:\/\/www.pressenza.com\/es\/wp-json\/wp\/v2\/posts"}],"about":[{"href":"https:\/\/www.pressenza.com\/es\/wp-json\/wp\/v2\/types\/post"}],"author":[{"embeddable":true,"href":"https:\/\/www.pressenza.com\/es\/wp-json\/wp\/v2\/users\/647"}],"replies":[{"embeddable":true,"href":"https:\/\/www.pressenza.com\/es\/wp-json\/wp\/v2\/comments?post=39898"}],"version-history":[{"count":0,"href":"https:\/\/www.pressenza.com\/es\/wp-json\/wp\/v2\/posts\/39898\/revisions"}],"wp:featuredmedia":[{"embeddable":true,"href":"https:\/\/www.pressenza.com\/es\/wp-json\/wp\/v2\/media\/39922"}],"wp:attachment":[{"href":"https:\/\/www.pressenza.com\/es\/wp-json\/wp\/v2\/media?parent=39898"}],"wp:term":[{"taxonomy":"category","embeddable":true,"href":"https:\/\/www.pressenza.com\/es\/wp-json\/wp\/v2\/categories?post=39898"},{"taxonomy":"post_tag","embeddable":true,"href":"https:\/\/www.pressenza.com\/es\/wp-json\/wp\/v2\/tags?post=39898"}],"curies":[{"name":"wp","href":"https:\/\/api.w.org\/{rel}","templated":true}]}}