{"id":398589,"date":"2016-11-25T17:59:13","date_gmt":"2016-11-25T17:59:13","guid":{"rendered":"http:\/\/www.pressenza.com\/es\/?p=398589"},"modified":"2016-11-30T17:32:51","modified_gmt":"2016-11-30T17:32:51","slug":"una-mirada-humanizadora-sobre-la-inmigracion-es-posible-y-urgente","status":"publish","type":"post","link":"https:\/\/www.pressenza.com\/es\/2016\/11\/una-mirada-humanizadora-sobre-la-inmigracion-es-posible-y-urgente\/","title":{"rendered":"Una mirada humanizadora sobre la inmigraci\u00f3n es posible&#8230; y urgente"},"content":{"rendered":"<blockquote><p><em>Con el t\u00edtulo \u201c<strong>La inmigraci\u00f3n en los medios de comunicaci\u00f3n desde una mirada de paz y no violencia<\/strong>\u201d, Juana P\u00e9rez Montero \u2013editora y redactora de Pressenza- ha presentado este viernes la comunicaci\u00f3n que reproducimos a continuaci\u00f3n. Ha sido dentro del <strong>VII Congreso Internacional sobre Inmigraci\u00f3n, Interculturalidad y Convivencia<\/strong>, que est\u00e1 teniendo lugar en la ciudad aut\u00f3noma de Ceuta.<\/em><\/p><\/blockquote>\n<p><em>\u00a0<\/em><\/p>\n<p><em>Aclararemos un pre-dialogal: no hablaremos como periodistas \u201cobjetivos\u201d porque no creemos en ello. Sabemos que eso que nos ense\u00f1an en las escuelas de periodismo no existe, no s\u00f3lo &#8211; porque tal vez hayamos de responder a los intereses del medio para el que trabajamos- \u00a0sino porque somos sujetos y, por tanto, todo aquello que hagamos, manifestemos, escribamos, etc.\u2026 ser\u00e1 siempre subjetivo, responder\u00e1 a una mirada concreta condicionada por creencias, valores, por nuestra situaci\u00f3n vital\u2026 e incluso por el propio cuerpo. <\/em><\/p>\n<p><em>Aclararemos tambi\u00e9n que nuestra mirada parte de que el <\/em>ser humano <em>es un ser hist\u00f3rico e intencional, por tanto transformador de su propio cuerpo, de su paisaje interno y del paisaje humano en el que vive. <\/em><\/p>\n<p>Entrando en el tema que nos ocupa -la inmigraci\u00f3n- diremos que la palabra inmigraci\u00f3n, que la part\u00edcula <strong>in<\/strong>,\u00a0 habla de un punto de vista, habla de un \u201cadentro\u201d y, como consecuencia, de un \u201cafuera\u201d. Ello nos pone una condici\u00f3n: hablar del \u201cadentro\u201d, c\u00f3mo lo vemos desde adentro, c\u00f3mo lo vivimos desde adentro.<\/p>\n<p>Pero, tal vez, necesitamos elevar la mirada y tener en cuenta el \u201cafuera\u201d para comprender mejor el \u201cadentro\u201d y buscar soluciones que sean positivas para todos, que abran el futuro de todos, si es que buscamos dar respuestas coherentes y definitivas.<\/p>\n<p>No vemos otro modo de afrontar el tema en un mundo globalizado, donde \u00fanicamente existen fronteras para las personas, especialmente, para las personas pobres (si bien, cada d\u00eda son m\u00e1s sectores afectados por una pol\u00edtica de fronteras, apoyada en el miedo, la sinraz\u00f3n y la deshumanizaci\u00f3n crecientes).<\/p>\n<p>&nbsp;<\/p>\n<p><strong>Sobre el papel de los medios de comunicaci\u00f3n acerca del fen\u00f3meno migratorio<\/strong><\/p>\n<p>En realidad, se trata del mismo papel que cumplen respecto a cualquier otra tem\u00e1tica. De un lado, son reflejo del paisaje humano en el que trabajan pero, por otra parte, cumplen con una funci\u00f3n de agentes que colaboran con la construcci\u00f3n de lo que llamamos imaginario colectivo, con la construcci\u00f3n del paisaje interno de la gente y del paisaje humano, por tanto.\u00a0 Asumirlo y responsabilizarnos de ello, es esencial.<\/p>\n<p>Los medios van generando opini\u00f3n, van construyendo una imagen del \u201cinmigrante\u00bb. \u00a0Y esa imagen hoy, en general, es una imagen negativa, estigmatizadora, criminalizadora incluso, potenciando bandos y provocando con ello cada vez m\u00e1s resentimiento y b\u00fasqueda de venganza entre los de \u201cdentro\u201d y los de \u201cfuera\u201d.<\/p>\n<p>Hemos llegado a un punto, en el cual a los inmigrantes se les responsabiliza de todos nuestros males, desviando con ello la atenci\u00f3n de los verdaderos responsables del desastre en el que vivimos. \u00a1Qu\u00e9 ilusoria es lo que llamamos realidad!<\/p>\n<p>Concluimos afirmando que, el hecho de que los medios sean agentes en la construcci\u00f3n del imaginario colecto, hace que tengan una responsabilidad enorme respecto a las posiciones que mantienen, en general, y especialmente en el tema de las migraciones, por el momento que nos ha tocado vivir.<\/p>\n<p>&nbsp;<\/p>\n<p><strong>Miradas sobre la migraci\u00f3n<\/strong><\/p>\n<p>Y a esas posiciones corresponden lo que podemos denominar ciertas miradas. Y \u00bfQu\u00e9<strong> miradas<\/strong> observamos? Hay, a nuestro modo de ver, b\u00e1sicamente dos tipos de mirada que corresponden con los valores desde los que se mueve cada medio.<\/p>\n<p>Muchos medios de comunicaci\u00f3n, especialmente los grandes, utilizan una <strong>mirada deshumanizadora<\/strong>, una <strong>mirada<\/strong> que llamaremos <strong>\u201cobjetal\u201d,<\/strong> una mirada desde la cual las personas migrantes son consideradas como objetos m\u00e1s o menos \u00fatiles, igual de desechables que cualquier otro objeto de consumo. Es una mirada que responde al sistema en el que vivimos, cuyo valor supremo es el <strong>dinero<\/strong> y al cual le sobran millones de seres humanos, cada vez m\u00e1s, a medida que los avances tecnol\u00f3gicos eliminan empleos. \u00a1Millones de personas sobrantes \u201cafuera\u201d y \u201cadentro\u201d!<\/p>\n<p>Es una mirada que habla de falta de conexi\u00f3n con lo humano del que habla o escribe, y de lo humano de aquel sobre el que habla; una mirada carente de compasi\u00f3n, es una mirada que cierra el presente y el futuro de unos y otros. Una mirada al servicio de que este sistema inhumano se perpet\u00fae.<\/p>\n<p>Pero hay <strong>otra mirada<\/strong>, es una mirada que se ha vuelto urgente. Se trata de una mirada <strong>que pone al ser humano como el valor m\u00e1s importante<\/strong>. Una mirada cuya prioridad est\u00e1 en la vida y la libertad de todos y cada uno de los seres humanos. Una mirada que denuncia y repudia la violencia en cualquiera de sus formas (la violencia econ\u00f3mica \u2013madre de las violencias-, la f\u00edsica -cuyo exponente mayor son las guerras-, la violencia racial, religiosa, generacional, de g\u00e9nero, moral, psicol\u00f3gica\u2026), una mirada que no justifica la violencia ni siquiera legal porque la violencia siempre es ileg\u00edtima e inmoral.<\/p>\n<p>Y <strong>esta mirada, <\/strong>una mirada que denominaremos<strong> de paz y no violencia, <\/strong>nos lleva a<strong> denunciar y repudiar <\/strong>las verdaderas causas de los actuales movimientos migratorios. Algunas de las cuales enumeraremos a continuaci\u00f3n:<\/p>\n<ul>\n<li>Las pol\u00edticas de los pa\u00edses del norte, servidoras de los grandes intereses econ\u00f3micos del planeta.<\/li>\n<li>Las invasiones de terceros pa\u00edses por parte de la OTAN y sus ej\u00e9rcitos para defender esos intereses.<\/li>\n<li>La venta de armas a ciertos grupos, generando guerras, cuando no les son entregados los recursos por parte de ciertos gobernantes.<\/li>\n<li>La usurpaci\u00f3n de los recursos de esos pa\u00edses, llegando a tener el cinismo de declarar a ciertos pa\u00edses enormemente ricos \u201cpa\u00edses sin posibilidad de desarrollo\u201d<\/li>\n<li>Las pol\u00edticas alimentarias y los intereses de las grandes industrias del sector, que tantos cambio clim\u00e1ticos y hambrunas est\u00e1n generando.<\/li>\n<li>La miseria y muerte, el dolor y sufrimiento que todo ello provoca en millones de seres humanos.<\/li>\n<li>Los modelos como estilo de vida que se exportan desde lo que denominamos el \u201cnorte\u201d del planeta, y que solo representan a una minor\u00eda.<\/li>\n<li>La demonizaci\u00f3n y criminalizaci\u00f3n de otras creencias, valores y mitos que no sean los propios.<\/li>\n<li>La defensa del individualismo a ultranza, lo que provoca la falta de solidaridad con otros y condena a la soledad a millones de personas que est\u00e1n \u201cadentro\u201d.<\/li>\n<li>El triste \u201cpapel\u201d del mar Mediterr\u00e1neo, el cementerio donde los muertos no ser\u00e1n enterrados jam\u00e1s.<\/li>\n<li>El olvido de nuestro pasado reciente e incluso de nuestro presente respecto a las migraciones forzosas, etc.<\/li>\n<\/ul>\n<p>Pero esta mirada de paz y no violencia implica, sobre todo, <strong>poner el acento en lo positivo<\/strong>, en lo que colabora con la vida, en lo que construye o imagina otro mundo en funci\u00f3n de las personas.<\/p>\n<p><strong>Esto nos lleva a escribir sobre iniciativas que: <\/strong><\/p>\n<ul>\n<li>Valoran y tratan a cada inmigrante como un ser humano, cuya vida y libertad son sagradas.<\/li>\n<li>Reclaman iguales derechos y oportunidades para todos.<\/li>\n<li>Siguen diciendo \u201cning\u00fan ser humano es ilegal\u201d, exigiendo el cierre de los CIEs.<\/li>\n<li>Hablan del derecho a migrar y los beneficios de las migraciones<\/li>\n<li>Osan plantear la eliminaci\u00f3n de fronteras.<\/li>\n<li>Apoyan la retirada inmediata de los ej\u00e9rcitos de territorios ocupados (Palestina, Siria, Yemen\u2026).<\/li>\n<li>Luchan por la inclusi\u00f3n en las constituciones nacionales la renuncia a las guerras para resolver conflictos con otros pa\u00edses (como ha hecho Bolivia) .<\/li>\n<li>Hablan de que cada d\u00eda hay m\u00e1s riqueza como consecuencia de los avances tecnol\u00f3gicos. Una riqueza que, por cierto, es de todos.<\/li>\n<li>Y que toda esa riqueza, tangible e intangible, distribuida de forma justa hoy permitir\u00eda que la humanidad entera pudiera vivir en condiciones dignas.<\/li>\n<li>Para lo cual comienzan por pedir una renta b\u00e1sica incondicional y universal,<\/li>\n<li>Educan en lo que nos une y no en lo que nos diferencia.<\/li>\n<li>En definitiva, de todo aquello que habla de <strong>derechos humanos universales<\/strong> (incluidos los llamados emergentes o de cuarta generaci\u00f3n).<\/li>\n<\/ul>\n<p>Y lo hacemos a trav\u00e9s de cr\u00f3nicas que cuentan desde peque\u00f1os proyectos, incluso personales, pero que resultan profundamente significativos e inspiradores,\u00a0 hasta proyectos puestos en marcha a nivel planetario o que proponen grandes im\u00e1genes trazadoras\u2026 Historias e ideas que hablan de otro mundo posible porque, con ello, podemos colaborar a construir un nuevo imaginario colectivo, un nuevo paradigma que ponga a las personas como centro y que abogue por una sola naci\u00f3n humana universal.<\/p>\n<p>&nbsp;<\/p>\n<p><strong>Estamos en una encrucijada<\/strong><\/p>\n<p>Vivimos en un momento muy complejo a nivel planetario. En este momento apasionante que podemos definir como de <strong>encrucijada vital, <\/strong>nos debatimos como humanidad, como pueblos, a t\u00edtulo individual, entre dejarnos llevar por el temor; por el resentimiento por lo vivido o lo escuchado e incorporado como propio; por la venganza (base de la cultura en la que vivimos), \u00a0 o bien apostar por un nuevo camino: por una cultura de di\u00e1logo, de comprensi\u00f3n del fen\u00f3meno en su \u00faltima ra\u00edz, buscando la reconciliaci\u00f3n personal y social y reivindicando el \u201c<strong>tratar a los otros como nos gusta ser tratados<\/strong>\u201d, un principio moral imprescindible si queremos construir verdaderamente una convivencia basada en la interculturalidad.<\/p>\n<p>Y en esta encrucijada, \u00a0entre un mundo cada d\u00eda m\u00e1s violento e inhumano que va al desastre, y la posibilidad de un nuevo mundo de paz y no violencia, cada cual estar\u00e1 eligiendo&#8230; y nuestras acciones hablar\u00e1n de ello.<\/p>\n<p>Desde <strong>Pressenza<\/strong>, una agencia de periodistas voluntarios (para no depender de intereses ajenos) hemos optado desde nuestro nacimiento por el segundo camino, o mejor dicho, es porque optamos por el segundo que le encontramos sentido a poner en marcha este medio de comunicaci\u00f3n al servicio de la gente, de la base social, de la construcci\u00f3n de un nuevo paradigma a la altura del ser humano.<\/p>\n<p>\u00a1Muchas gracias!.<\/p>\n","protected":false},"excerpt":{"rendered":"<p>Con el t\u00edtulo \u201cLa inmigraci\u00f3n en los medios de comunicaci\u00f3n desde una mirada de paz y no violencia\u201d, Juana P\u00e9rez Montero \u2013editora y redactora de Pressenza- ha presentado este viernes la comunicaci\u00f3n que reproducimos a continuaci\u00f3n. Ha sido dentro del&hellip;<\/p>\n","protected":false},"author":188,"featured_media":401687,"comment_status":"closed","ping_status":"closed","sticky":false,"template":"","format":"standard","meta":{"footnotes":""},"categories":[11389,75,79,1240,39,161],"tags":[15538,1155,32731,3566,15715,383,21897,31106,18009,32730,32728],"class_list":["post-398589","post","type-post","status-publish","format-standard","has-post-thumbnail","hentry","category-contenido-original","category-cultura-es","category-derechos-humanos","category-humanismo-espiritualidad","category-internacional","category-opiniones","tag-ceuta","tag-inmigracion","tag-instituto-de-estudios-ceuties","tag-justicia-social","tag-migracion","tag-noviolencia","tag-paisajes-y-miradas","tag-rbu","tag-redistribucion-de-la-riqueza","tag-universidad-de-granada","tag-vii-congreso-inmigracion"],"yoast_head":"<!-- This site is optimized with the Yoast SEO plugin v27.1.1 - https:\/\/yoast.com\/product\/yoast-seo-wordpress\/ -->\n<title>Una mirada humanizadora sobre la inmigraci\u00f3n es posible... y urgente<\/title>\n<meta name=\"description\" content=\"Con el t\u00edtulo \u201cLa inmigraci\u00f3n en los medios de comunicaci\u00f3n desde una mirada de paz y no violencia\u201d, Juana P\u00e9rez Montero \u2013editora y redactora de\" \/>\n<meta name=\"robots\" content=\"index, follow, max-snippet:-1, max-image-preview:large, max-video-preview:-1\" \/>\n<link rel=\"canonical\" href=\"https:\/\/www.pressenza.com\/es\/2016\/11\/una-mirada-humanizadora-sobre-la-inmigracion-es-posible-y-urgente\/\" \/>\n<meta property=\"og:locale\" content=\"es_ES\" \/>\n<meta property=\"og:type\" content=\"article\" \/>\n<meta property=\"og:title\" content=\"Una mirada humanizadora sobre la inmigraci\u00f3n es posible... y urgente\" \/>\n<meta property=\"og:description\" content=\"Con el t\u00edtulo \u201cLa inmigraci\u00f3n en los medios de comunicaci\u00f3n desde una mirada de paz y no violencia\u201d, Juana P\u00e9rez Montero \u2013editora y redactora de\" \/>\n<meta property=\"og:url\" content=\"https:\/\/www.pressenza.com\/es\/2016\/11\/una-mirada-humanizadora-sobre-la-inmigracion-es-posible-y-urgente\/\" \/>\n<meta property=\"og:site_name\" content=\"Pressenza\" \/>\n<meta property=\"article:publisher\" content=\"https:\/\/www.facebook.com\/PressenzaItalia\" \/>\n<meta property=\"article:published_time\" content=\"2016-11-25T17:59:13+00:00\" \/>\n<meta property=\"article:modified_time\" content=\"2016-11-30T17:32:51+00:00\" \/>\n<meta property=\"og:image\" content=\"https:\/\/www.pressenza.com\/wp-content\/uploads\/2016\/11\/Juana-Ceuta.jpg\" \/>\n\t<meta property=\"og:image:width\" content=\"640\" \/>\n\t<meta property=\"og:image:height\" content=\"424\" \/>\n\t<meta property=\"og:image:type\" content=\"image\/jpeg\" \/>\n<meta name=\"author\" content=\"Gabriela Amaya\" \/>\n<meta name=\"twitter:card\" content=\"summary_large_image\" \/>\n<meta name=\"twitter:creator\" content=\"@PressenzaIPA\" \/>\n<meta name=\"twitter:site\" content=\"@PressenzaIPA\" \/>\n<meta name=\"twitter:label1\" content=\"Escrito por\" \/>\n\t<meta name=\"twitter:data1\" content=\"Gabriela Amaya\" \/>\n\t<meta name=\"twitter:label2\" content=\"Tiempo de lectura\" \/>\n\t<meta name=\"twitter:data2\" content=\"8 minutos\" \/>\n<script type=\"application\/ld+json\" class=\"yoast-schema-graph\">{\"@context\":\"https:\/\/schema.org\",\"@graph\":[{\"@type\":\"Article\",\"@id\":\"https:\/\/www.pressenza.com\/es\/2016\/11\/una-mirada-humanizadora-sobre-la-inmigracion-es-posible-y-urgente\/#article\",\"isPartOf\":{\"@id\":\"https:\/\/www.pressenza.com\/es\/2016\/11\/una-mirada-humanizadora-sobre-la-inmigracion-es-posible-y-urgente\/\"},\"author\":{\"name\":\"Gabriela Amaya\",\"@id\":\"https:\/\/www.pressenza.com\/es\/#\/schema\/person\/725d47ccbea4c7854f7dd4011b6670b9\"},\"headline\":\"Una mirada humanizadora sobre la inmigraci\u00f3n es posible&#8230; y urgente\",\"datePublished\":\"2016-11-25T17:59:13+00:00\",\"dateModified\":\"2016-11-30T17:32:51+00:00\",\"mainEntityOfPage\":{\"@id\":\"https:\/\/www.pressenza.com\/es\/2016\/11\/una-mirada-humanizadora-sobre-la-inmigracion-es-posible-y-urgente\/\"},\"wordCount\":1690,\"publisher\":{\"@id\":\"https:\/\/www.pressenza.com\/es\/#organization\"},\"image\":{\"@id\":\"https:\/\/www.pressenza.com\/es\/2016\/11\/una-mirada-humanizadora-sobre-la-inmigracion-es-posible-y-urgente\/#primaryimage\"},\"thumbnailUrl\":\"https:\/\/www.pressenza.com\/wp-content\/uploads\/2016\/11\/Juana-Ceuta.jpg\",\"keywords\":[\"Ceuta\",\"inmigraci\u00f3n\",\"Instituto de Estudios Ceut\u00edes\",\"Justicia Social\",\"migraci\u00f3n\",\"Noviolencia\",\"Paisajes y miradas\",\"RBU\",\"redistribuci\u00f3n de la riqueza\",\"Universidad de Granada\",\"VII Congreso Inmigraci\u00f3n\"],\"articleSection\":[\"Contenido Original\",\"Cultura y Medios\",\"Derechos Humanos\",\"Humanismo y Espiritualidad\",\"Internacional\",\"Opiniones\"],\"inLanguage\":\"es\"},{\"@type\":\"WebPage\",\"@id\":\"https:\/\/www.pressenza.com\/es\/2016\/11\/una-mirada-humanizadora-sobre-la-inmigracion-es-posible-y-urgente\/\",\"url\":\"https:\/\/www.pressenza.com\/es\/2016\/11\/una-mirada-humanizadora-sobre-la-inmigracion-es-posible-y-urgente\/\",\"name\":\"Una mirada humanizadora sobre la inmigraci\u00f3n es posible... y urgente\",\"isPartOf\":{\"@id\":\"https:\/\/www.pressenza.com\/es\/#website\"},\"primaryImageOfPage\":{\"@id\":\"https:\/\/www.pressenza.com\/es\/2016\/11\/una-mirada-humanizadora-sobre-la-inmigracion-es-posible-y-urgente\/#primaryimage\"},\"image\":{\"@id\":\"https:\/\/www.pressenza.com\/es\/2016\/11\/una-mirada-humanizadora-sobre-la-inmigracion-es-posible-y-urgente\/#primaryimage\"},\"thumbnailUrl\":\"https:\/\/www.pressenza.com\/wp-content\/uploads\/2016\/11\/Juana-Ceuta.jpg\",\"datePublished\":\"2016-11-25T17:59:13+00:00\",\"dateModified\":\"2016-11-30T17:32:51+00:00\",\"description\":\"Con el t\u00edtulo \u201cLa inmigraci\u00f3n en los medios de comunicaci\u00f3n desde una mirada de paz y no violencia\u201d, Juana P\u00e9rez Montero \u2013editora y redactora de\",\"breadcrumb\":{\"@id\":\"https:\/\/www.pressenza.com\/es\/2016\/11\/una-mirada-humanizadora-sobre-la-inmigracion-es-posible-y-urgente\/#breadcrumb\"},\"inLanguage\":\"es\",\"potentialAction\":[{\"@type\":\"ReadAction\",\"target\":[\"https:\/\/www.pressenza.com\/es\/2016\/11\/una-mirada-humanizadora-sobre-la-inmigracion-es-posible-y-urgente\/\"]}]},{\"@type\":\"ImageObject\",\"inLanguage\":\"es\",\"@id\":\"https:\/\/www.pressenza.com\/es\/2016\/11\/una-mirada-humanizadora-sobre-la-inmigracion-es-posible-y-urgente\/#primaryimage\",\"url\":\"https:\/\/www.pressenza.com\/wp-content\/uploads\/2016\/11\/Juana-Ceuta.jpg\",\"contentUrl\":\"https:\/\/www.pressenza.com\/wp-content\/uploads\/2016\/11\/Juana-Ceuta.jpg\",\"width\":640,\"height\":424,\"caption\":\"Juana Perez en la presentaci\u00f3n de su ponencia en el VII Congreso Internacional sobre Inmigraci\u00f3n, Interculturalidad y Convivencia\"},{\"@type\":\"BreadcrumbList\",\"@id\":\"https:\/\/www.pressenza.com\/es\/2016\/11\/una-mirada-humanizadora-sobre-la-inmigracion-es-posible-y-urgente\/#breadcrumb\",\"itemListElement\":[{\"@type\":\"ListItem\",\"position\":1,\"name\":\"Accueil\",\"item\":\"https:\/\/www.pressenza.com\/es\/\"},{\"@type\":\"ListItem\",\"position\":2,\"name\":\"Una mirada humanizadora sobre la inmigraci\u00f3n es posible&#8230; y urgente\"}]},{\"@type\":\"WebSite\",\"@id\":\"https:\/\/www.pressenza.com\/es\/#website\",\"url\":\"https:\/\/www.pressenza.com\/es\/\",\"name\":\"Pressenza\",\"description\":\"International Press Agency\",\"publisher\":{\"@id\":\"https:\/\/www.pressenza.com\/es\/#organization\"},\"potentialAction\":[{\"@type\":\"SearchAction\",\"target\":{\"@type\":\"EntryPoint\",\"urlTemplate\":\"https:\/\/www.pressenza.com\/es\/?s={search_term_string}\"},\"query-input\":{\"@type\":\"PropertyValueSpecification\",\"valueRequired\":true,\"valueName\":\"search_term_string\"}}],\"inLanguage\":\"es\"},{\"@type\":\"Organization\",\"@id\":\"https:\/\/www.pressenza.com\/es\/#organization\",\"name\":\"Pressenza\",\"url\":\"https:\/\/www.pressenza.com\/es\/\",\"logo\":{\"@type\":\"ImageObject\",\"inLanguage\":\"es\",\"@id\":\"https:\/\/www.pressenza.com\/es\/#\/schema\/logo\/image\/\",\"url\":\"https:\/\/www.pressenza.com\/wp-content\/uploads\/2022\/10\/pressenza_logo_200x200.jpg\",\"contentUrl\":\"https:\/\/www.pressenza.com\/wp-content\/uploads\/2022\/10\/pressenza_logo_200x200.jpg\",\"width\":200,\"height\":200,\"caption\":\"Pressenza\"},\"image\":{\"@id\":\"https:\/\/www.pressenza.com\/es\/#\/schema\/logo\/image\/\"},\"sameAs\":[\"https:\/\/www.facebook.com\/PressenzaItalia\",\"https:\/\/x.com\/PressenzaIPA\"]},{\"@type\":\"Person\",\"@id\":\"https:\/\/www.pressenza.com\/es\/#\/schema\/person\/725d47ccbea4c7854f7dd4011b6670b9\",\"name\":\"Gabriela Amaya\",\"description\":\"Editor in Spanish, Gabriel Amaya has worked in radio and written press and years ago decided to develop her journalistic work as a professional volunteer at the service of peace and nonviolence. She is also involved with different collectives and platforms which she supports with her journalism.\",\"url\":\"https:\/\/www.pressenza.com\/es\/author\/gabriela-amaya\/\"}]}<\/script>\n<!-- \/ Yoast SEO plugin. -->","yoast_head_json":{"title":"Una mirada humanizadora sobre la inmigraci\u00f3n es posible... y urgente","description":"Con el t\u00edtulo \u201cLa inmigraci\u00f3n en los medios de comunicaci\u00f3n desde una mirada de paz y no violencia\u201d, Juana P\u00e9rez Montero \u2013editora y redactora de","robots":{"index":"index","follow":"follow","max-snippet":"max-snippet:-1","max-image-preview":"max-image-preview:large","max-video-preview":"max-video-preview:-1"},"canonical":"https:\/\/www.pressenza.com\/es\/2016\/11\/una-mirada-humanizadora-sobre-la-inmigracion-es-posible-y-urgente\/","og_locale":"es_ES","og_type":"article","og_title":"Una mirada humanizadora sobre la inmigraci\u00f3n es posible... y urgente","og_description":"Con el t\u00edtulo \u201cLa inmigraci\u00f3n en los medios de comunicaci\u00f3n desde una mirada de paz y no violencia\u201d, Juana P\u00e9rez Montero \u2013editora y redactora de","og_url":"https:\/\/www.pressenza.com\/es\/2016\/11\/una-mirada-humanizadora-sobre-la-inmigracion-es-posible-y-urgente\/","og_site_name":"Pressenza","article_publisher":"https:\/\/www.facebook.com\/PressenzaItalia","article_published_time":"2016-11-25T17:59:13+00:00","article_modified_time":"2016-11-30T17:32:51+00:00","og_image":[{"width":640,"height":424,"url":"https:\/\/www.pressenza.com\/wp-content\/uploads\/2016\/11\/Juana-Ceuta.jpg","type":"image\/jpeg"}],"author":"Gabriela Amaya","twitter_card":"summary_large_image","twitter_creator":"@PressenzaIPA","twitter_site":"@PressenzaIPA","twitter_misc":{"Escrito por":"Gabriela Amaya","Tiempo de lectura":"8 minutos"},"schema":{"@context":"https:\/\/schema.org","@graph":[{"@type":"Article","@id":"https:\/\/www.pressenza.com\/es\/2016\/11\/una-mirada-humanizadora-sobre-la-inmigracion-es-posible-y-urgente\/#article","isPartOf":{"@id":"https:\/\/www.pressenza.com\/es\/2016\/11\/una-mirada-humanizadora-sobre-la-inmigracion-es-posible-y-urgente\/"},"author":{"name":"Gabriela Amaya","@id":"https:\/\/www.pressenza.com\/es\/#\/schema\/person\/725d47ccbea4c7854f7dd4011b6670b9"},"headline":"Una mirada humanizadora sobre la inmigraci\u00f3n es posible&#8230; y urgente","datePublished":"2016-11-25T17:59:13+00:00","dateModified":"2016-11-30T17:32:51+00:00","mainEntityOfPage":{"@id":"https:\/\/www.pressenza.com\/es\/2016\/11\/una-mirada-humanizadora-sobre-la-inmigracion-es-posible-y-urgente\/"},"wordCount":1690,"publisher":{"@id":"https:\/\/www.pressenza.com\/es\/#organization"},"image":{"@id":"https:\/\/www.pressenza.com\/es\/2016\/11\/una-mirada-humanizadora-sobre-la-inmigracion-es-posible-y-urgente\/#primaryimage"},"thumbnailUrl":"https:\/\/www.pressenza.com\/wp-content\/uploads\/2016\/11\/Juana-Ceuta.jpg","keywords":["Ceuta","inmigraci\u00f3n","Instituto de Estudios Ceut\u00edes","Justicia Social","migraci\u00f3n","Noviolencia","Paisajes y miradas","RBU","redistribuci\u00f3n de la riqueza","Universidad de Granada","VII Congreso Inmigraci\u00f3n"],"articleSection":["Contenido Original","Cultura y Medios","Derechos Humanos","Humanismo y Espiritualidad","Internacional","Opiniones"],"inLanguage":"es"},{"@type":"WebPage","@id":"https:\/\/www.pressenza.com\/es\/2016\/11\/una-mirada-humanizadora-sobre-la-inmigracion-es-posible-y-urgente\/","url":"https:\/\/www.pressenza.com\/es\/2016\/11\/una-mirada-humanizadora-sobre-la-inmigracion-es-posible-y-urgente\/","name":"Una mirada humanizadora sobre la inmigraci\u00f3n es posible... y urgente","isPartOf":{"@id":"https:\/\/www.pressenza.com\/es\/#website"},"primaryImageOfPage":{"@id":"https:\/\/www.pressenza.com\/es\/2016\/11\/una-mirada-humanizadora-sobre-la-inmigracion-es-posible-y-urgente\/#primaryimage"},"image":{"@id":"https:\/\/www.pressenza.com\/es\/2016\/11\/una-mirada-humanizadora-sobre-la-inmigracion-es-posible-y-urgente\/#primaryimage"},"thumbnailUrl":"https:\/\/www.pressenza.com\/wp-content\/uploads\/2016\/11\/Juana-Ceuta.jpg","datePublished":"2016-11-25T17:59:13+00:00","dateModified":"2016-11-30T17:32:51+00:00","description":"Con el t\u00edtulo \u201cLa inmigraci\u00f3n en los medios de comunicaci\u00f3n desde una mirada de paz y no violencia\u201d, Juana P\u00e9rez Montero \u2013editora y redactora de","breadcrumb":{"@id":"https:\/\/www.pressenza.com\/es\/2016\/11\/una-mirada-humanizadora-sobre-la-inmigracion-es-posible-y-urgente\/#breadcrumb"},"inLanguage":"es","potentialAction":[{"@type":"ReadAction","target":["https:\/\/www.pressenza.com\/es\/2016\/11\/una-mirada-humanizadora-sobre-la-inmigracion-es-posible-y-urgente\/"]}]},{"@type":"ImageObject","inLanguage":"es","@id":"https:\/\/www.pressenza.com\/es\/2016\/11\/una-mirada-humanizadora-sobre-la-inmigracion-es-posible-y-urgente\/#primaryimage","url":"https:\/\/www.pressenza.com\/wp-content\/uploads\/2016\/11\/Juana-Ceuta.jpg","contentUrl":"https:\/\/www.pressenza.com\/wp-content\/uploads\/2016\/11\/Juana-Ceuta.jpg","width":640,"height":424,"caption":"Juana Perez en la presentaci\u00f3n de su ponencia en el VII Congreso Internacional sobre Inmigraci\u00f3n, Interculturalidad y Convivencia"},{"@type":"BreadcrumbList","@id":"https:\/\/www.pressenza.com\/es\/2016\/11\/una-mirada-humanizadora-sobre-la-inmigracion-es-posible-y-urgente\/#breadcrumb","itemListElement":[{"@type":"ListItem","position":1,"name":"Accueil","item":"https:\/\/www.pressenza.com\/es\/"},{"@type":"ListItem","position":2,"name":"Una mirada humanizadora sobre la inmigraci\u00f3n es posible&#8230; y urgente"}]},{"@type":"WebSite","@id":"https:\/\/www.pressenza.com\/es\/#website","url":"https:\/\/www.pressenza.com\/es\/","name":"Pressenza","description":"International Press Agency","publisher":{"@id":"https:\/\/www.pressenza.com\/es\/#organization"},"potentialAction":[{"@type":"SearchAction","target":{"@type":"EntryPoint","urlTemplate":"https:\/\/www.pressenza.com\/es\/?s={search_term_string}"},"query-input":{"@type":"PropertyValueSpecification","valueRequired":true,"valueName":"search_term_string"}}],"inLanguage":"es"},{"@type":"Organization","@id":"https:\/\/www.pressenza.com\/es\/#organization","name":"Pressenza","url":"https:\/\/www.pressenza.com\/es\/","logo":{"@type":"ImageObject","inLanguage":"es","@id":"https:\/\/www.pressenza.com\/es\/#\/schema\/logo\/image\/","url":"https:\/\/www.pressenza.com\/wp-content\/uploads\/2022\/10\/pressenza_logo_200x200.jpg","contentUrl":"https:\/\/www.pressenza.com\/wp-content\/uploads\/2022\/10\/pressenza_logo_200x200.jpg","width":200,"height":200,"caption":"Pressenza"},"image":{"@id":"https:\/\/www.pressenza.com\/es\/#\/schema\/logo\/image\/"},"sameAs":["https:\/\/www.facebook.com\/PressenzaItalia","https:\/\/x.com\/PressenzaIPA"]},{"@type":"Person","@id":"https:\/\/www.pressenza.com\/es\/#\/schema\/person\/725d47ccbea4c7854f7dd4011b6670b9","name":"Gabriela Amaya","description":"Editor in Spanish, Gabriel Amaya has worked in radio and written press and years ago decided to develop her journalistic work as a professional volunteer at the service of peace and nonviolence. She is also involved with different collectives and platforms which she supports with her journalism.","url":"https:\/\/www.pressenza.com\/es\/author\/gabriela-amaya\/"}]}},"place":"Ceuta (Espa\u00f1a)","original_article_url":"","_links":{"self":[{"href":"https:\/\/www.pressenza.com\/es\/wp-json\/wp\/v2\/posts\/398589","targetHints":{"allow":["GET"]}}],"collection":[{"href":"https:\/\/www.pressenza.com\/es\/wp-json\/wp\/v2\/posts"}],"about":[{"href":"https:\/\/www.pressenza.com\/es\/wp-json\/wp\/v2\/types\/post"}],"author":[{"embeddable":true,"href":"https:\/\/www.pressenza.com\/es\/wp-json\/wp\/v2\/users\/188"}],"replies":[{"embeddable":true,"href":"https:\/\/www.pressenza.com\/es\/wp-json\/wp\/v2\/comments?post=398589"}],"version-history":[{"count":0,"href":"https:\/\/www.pressenza.com\/es\/wp-json\/wp\/v2\/posts\/398589\/revisions"}],"wp:featuredmedia":[{"embeddable":true,"href":"https:\/\/www.pressenza.com\/es\/wp-json\/wp\/v2\/media\/401687"}],"wp:attachment":[{"href":"https:\/\/www.pressenza.com\/es\/wp-json\/wp\/v2\/media?parent=398589"}],"wp:term":[{"taxonomy":"category","embeddable":true,"href":"https:\/\/www.pressenza.com\/es\/wp-json\/wp\/v2\/categories?post=398589"},{"taxonomy":"post_tag","embeddable":true,"href":"https:\/\/www.pressenza.com\/es\/wp-json\/wp\/v2\/tags?post=398589"}],"curies":[{"name":"wp","href":"https:\/\/api.w.org\/{rel}","templated":true}]}}