{"id":39840,"date":"2013-02-22T13:19:12","date_gmt":"2013-02-22T13:19:12","guid":{"rendered":"http:\/\/www.pressenza.com\/?p=39840"},"modified":"2013-02-22T13:19:12","modified_gmt":"2013-02-22T13:19:12","slug":"reforma-migratoria-en-eua-debe-incluir-a-trabajadores-temporales-new-york-times","status":"publish","type":"post","link":"https:\/\/www.pressenza.com\/es\/2013\/02\/reforma-migratoria-en-eua-debe-incluir-a-trabajadores-temporales-new-york-times\/","title":{"rendered":"Reforma migratoria en EUA debe incluir a trabajadores temporales: New York Times"},"content":{"rendered":"<p>El presidente Barack Obama debe incluir en su propuesta de reforma migratoria a trabajadores que ingresan a Estados Unidos con visas temporales y quienes a menudo ven violados sus derechos, opin\u00f3 hoy el diario The New York Times.<\/p>\n<p>En un editorial, el peri\u00f3dico cit\u00f3 un informe reciente que document\u00f3 que los empleados que ingresan a Estados Unidos con visas tipo H-1B, H-2A, H-2B, J-1 y A-3 padecen patrones de abusos \u201cinquietantemente comunes\u201d sin tener acceso al sistema de justicia.<\/p>\n<p>Indic\u00f3 que, de acuerdo con el informe, estos empleados son a menudo v\u00edctimas de fraude, discriminaci\u00f3n, severa coerci\u00f3n econ\u00f3mica, venganza y vetos para volver al pa\u00eds, y que incluso son forzados a laborar, traficados, atados y obligados a la servidumbre.<\/p>\n<p>\u201cReparar el programa de visas para garantizar los derechos de los trabajadores debe ser parte integral de la discusi\u00f3n migratoria\u201d, asent\u00f3 el editorial, que lament\u00f3 que hasta el momento el tema no haya sido parte de ninguna de las propuestas esbozadas.<\/p>\n<p>Manifest\u00f3 que la inclusi\u00f3n del tema en la reforma migratoria podr\u00eda beneficiar tambi\u00e9n a estadunidenses, pues los empleados temporales tendr\u00edan capacidad de alertar sobre malos empleadores, negociar condiciones de manera colectiva y asegurar sus derechos.<\/p>\n<p>\u201cTales protecciones son esenciales a cualquier plan de reforma\u201d, consider\u00f3 el diario, pues ayudar\u00edan al sistema a deshacerse de empleadores que contratan fuerza de trabajo con salarios por debajo de la ley bajo la amenaza de proveerse, de lo contrario, de mano de obra inmigrante barata.<\/p>\n","protected":false},"excerpt":{"rendered":"<p>El presidente Barack Obama debe incluir en su propuesta de reforma migratoria a trabajadores que ingresan a Estados Unidos con visas temporales y quienes a menudo ven violados sus derechos, opin\u00f3 hoy el diario The New York Times. En un&hellip;<\/p>\n","protected":false},"author":640,"featured_media":39841,"comment_status":"closed","ping_status":"open","sticky":false,"template":"","format":"standard","meta":{"footnotes":""},"categories":[79,68],"tags":[1014],"class_list":["post-39840","post","type-post","status-publish","format-standard","has-post-thumbnail","hentry","category-derechos-humanos","category-norteamerica","tag-migraciones"],"yoast_head":"<!-- This site is optimized with the Yoast SEO plugin v27.1.1 - https:\/\/yoast.com\/product\/yoast-seo-wordpress\/ -->\n<title>Reforma migratoria en EUA debe incluir a trabajadores temporales: New York Times<\/title>\n<meta name=\"description\" content=\"El presidente Barack Obama debe incluir en su propuesta de reforma migratoria a trabajadores que ingresan a Estados Unidos con visas temporales y quienes\" \/>\n<meta name=\"robots\" content=\"index, follow, max-snippet:-1, max-image-preview:large, max-video-preview:-1\" \/>\n<link rel=\"canonical\" href=\"https:\/\/www.pressenza.com\/es\/2013\/02\/reforma-migratoria-en-eua-debe-incluir-a-trabajadores-temporales-new-york-times\/\" \/>\n<meta property=\"og:locale\" content=\"es_ES\" \/>\n<meta property=\"og:type\" content=\"article\" \/>\n<meta property=\"og:title\" content=\"Reforma migratoria en EUA debe incluir a trabajadores temporales: New York Times\" \/>\n<meta property=\"og:description\" content=\"El presidente Barack Obama debe incluir en su propuesta de reforma migratoria a trabajadores que ingresan a Estados Unidos con visas temporales y quienes\" \/>\n<meta property=\"og:url\" content=\"https:\/\/www.pressenza.com\/es\/2013\/02\/reforma-migratoria-en-eua-debe-incluir-a-trabajadores-temporales-new-york-times\/\" \/>\n<meta property=\"og:site_name\" content=\"Pressenza\" \/>\n<meta property=\"article:publisher\" content=\"https:\/\/www.facebook.com\/PressenzaItalia\" \/>\n<meta property=\"article:author\" content=\"https:\/\/www.facebook.com\/AgenciasUlan\" \/>\n<meta property=\"article:published_time\" content=\"2013-02-22T13:19:12+00:00\" \/>\n<meta property=\"og:image\" content=\"https:\/\/www.pressenza.com\/wp-content\/uploads\/2013\/02\/21007039.jpg\" \/>\n\t<meta property=\"og:image:width\" content=\"2048\" \/>\n\t<meta property=\"og:image:height\" content=\"1152\" \/>\n\t<meta property=\"og:image:type\" content=\"image\/jpeg\" \/>\n<meta name=\"author\" content=\"Uni\u00f3n Latinoamericana de Agencias de Noticias\" \/>\n<meta name=\"twitter:card\" content=\"summary_large_image\" \/>\n<meta name=\"twitter:creator\" content=\"@agenciasulan\" \/>\n<meta name=\"twitter:site\" content=\"@PressenzaIPA\" \/>\n<meta name=\"twitter:label1\" content=\"Escrito por\" \/>\n\t<meta name=\"twitter:data1\" content=\"Uni\u00f3n Latinoamericana de Agencias de Noticias\" \/>\n\t<meta name=\"twitter:label2\" content=\"Tiempo de lectura\" \/>\n\t<meta name=\"twitter:data2\" content=\"1 minuto\" \/>\n<script type=\"application\/ld+json\" class=\"yoast-schema-graph\">{\"@context\":\"https:\/\/schema.org\",\"@graph\":[{\"@type\":\"Article\",\"@id\":\"https:\/\/www.pressenza.com\/es\/2013\/02\/reforma-migratoria-en-eua-debe-incluir-a-trabajadores-temporales-new-york-times\/#article\",\"isPartOf\":{\"@id\":\"https:\/\/www.pressenza.com\/es\/2013\/02\/reforma-migratoria-en-eua-debe-incluir-a-trabajadores-temporales-new-york-times\/\"},\"author\":{\"name\":\"Uni\u00f3n Latinoamericana de Agencias de Noticias\",\"@id\":\"https:\/\/www.pressenza.com\/es\/#\/schema\/person\/a9efe8d7b19eb4689fcbcb71bc21dba6\"},\"headline\":\"Reforma migratoria en EUA debe incluir a trabajadores temporales: New York Times\",\"datePublished\":\"2013-02-22T13:19:12+00:00\",\"mainEntityOfPage\":{\"@id\":\"https:\/\/www.pressenza.com\/es\/2013\/02\/reforma-migratoria-en-eua-debe-incluir-a-trabajadores-temporales-new-york-times\/\"},\"wordCount\":268,\"publisher\":{\"@id\":\"https:\/\/www.pressenza.com\/es\/#organization\"},\"image\":{\"@id\":\"https:\/\/www.pressenza.com\/es\/2013\/02\/reforma-migratoria-en-eua-debe-incluir-a-trabajadores-temporales-new-york-times\/#primaryimage\"},\"thumbnailUrl\":\"https:\/\/www.pressenza.com\/wp-content\/uploads\/2013\/02\/21007039.jpg\",\"keywords\":[\"migraciones\"],\"articleSection\":[\"Derechos Humanos\",\"Norteam\u00e9rica\"],\"inLanguage\":\"es\"},{\"@type\":\"WebPage\",\"@id\":\"https:\/\/www.pressenza.com\/es\/2013\/02\/reforma-migratoria-en-eua-debe-incluir-a-trabajadores-temporales-new-york-times\/\",\"url\":\"https:\/\/www.pressenza.com\/es\/2013\/02\/reforma-migratoria-en-eua-debe-incluir-a-trabajadores-temporales-new-york-times\/\",\"name\":\"Reforma migratoria en EUA debe incluir a trabajadores temporales: New York Times\",\"isPartOf\":{\"@id\":\"https:\/\/www.pressenza.com\/es\/#website\"},\"primaryImageOfPage\":{\"@id\":\"https:\/\/www.pressenza.com\/es\/2013\/02\/reforma-migratoria-en-eua-debe-incluir-a-trabajadores-temporales-new-york-times\/#primaryimage\"},\"image\":{\"@id\":\"https:\/\/www.pressenza.com\/es\/2013\/02\/reforma-migratoria-en-eua-debe-incluir-a-trabajadores-temporales-new-york-times\/#primaryimage\"},\"thumbnailUrl\":\"https:\/\/www.pressenza.com\/wp-content\/uploads\/2013\/02\/21007039.jpg\",\"datePublished\":\"2013-02-22T13:19:12+00:00\",\"description\":\"El presidente Barack Obama debe incluir en su propuesta de reforma migratoria a trabajadores que ingresan a Estados Unidos con visas temporales y quienes\",\"breadcrumb\":{\"@id\":\"https:\/\/www.pressenza.com\/es\/2013\/02\/reforma-migratoria-en-eua-debe-incluir-a-trabajadores-temporales-new-york-times\/#breadcrumb\"},\"inLanguage\":\"es\",\"potentialAction\":[{\"@type\":\"ReadAction\",\"target\":[\"https:\/\/www.pressenza.com\/es\/2013\/02\/reforma-migratoria-en-eua-debe-incluir-a-trabajadores-temporales-new-york-times\/\"]}]},{\"@type\":\"ImageObject\",\"inLanguage\":\"es\",\"@id\":\"https:\/\/www.pressenza.com\/es\/2013\/02\/reforma-migratoria-en-eua-debe-incluir-a-trabajadores-temporales-new-york-times\/#primaryimage\",\"url\":\"https:\/\/www.pressenza.com\/wp-content\/uploads\/2013\/02\/21007039.jpg\",\"contentUrl\":\"https:\/\/www.pressenza.com\/wp-content\/uploads\/2013\/02\/21007039.jpg\",\"width\":2048,\"height\":1152,\"caption\":\"Parque de la amistad\"},{\"@type\":\"BreadcrumbList\",\"@id\":\"https:\/\/www.pressenza.com\/es\/2013\/02\/reforma-migratoria-en-eua-debe-incluir-a-trabajadores-temporales-new-york-times\/#breadcrumb\",\"itemListElement\":[{\"@type\":\"ListItem\",\"position\":1,\"name\":\"Accueil\",\"item\":\"https:\/\/www.pressenza.com\/es\/\"},{\"@type\":\"ListItem\",\"position\":2,\"name\":\"Reforma migratoria en EUA debe incluir a trabajadores temporales: New York Times\"}]},{\"@type\":\"WebSite\",\"@id\":\"https:\/\/www.pressenza.com\/es\/#website\",\"url\":\"https:\/\/www.pressenza.com\/es\/\",\"name\":\"Pressenza\",\"description\":\"International Press Agency\",\"publisher\":{\"@id\":\"https:\/\/www.pressenza.com\/es\/#organization\"},\"potentialAction\":[{\"@type\":\"SearchAction\",\"target\":{\"@type\":\"EntryPoint\",\"urlTemplate\":\"https:\/\/www.pressenza.com\/es\/?s={search_term_string}\"},\"query-input\":{\"@type\":\"PropertyValueSpecification\",\"valueRequired\":true,\"valueName\":\"search_term_string\"}}],\"inLanguage\":\"es\"},{\"@type\":\"Organization\",\"@id\":\"https:\/\/www.pressenza.com\/es\/#organization\",\"name\":\"Pressenza\",\"url\":\"https:\/\/www.pressenza.com\/es\/\",\"logo\":{\"@type\":\"ImageObject\",\"inLanguage\":\"es\",\"@id\":\"https:\/\/www.pressenza.com\/es\/#\/schema\/logo\/image\/\",\"url\":\"https:\/\/www.pressenza.com\/wp-content\/uploads\/2022\/10\/pressenza_logo_200x200.jpg\",\"contentUrl\":\"https:\/\/www.pressenza.com\/wp-content\/uploads\/2022\/10\/pressenza_logo_200x200.jpg\",\"width\":200,\"height\":200,\"caption\":\"Pressenza\"},\"image\":{\"@id\":\"https:\/\/www.pressenza.com\/es\/#\/schema\/logo\/image\/\"},\"sameAs\":[\"https:\/\/www.facebook.com\/PressenzaItalia\",\"https:\/\/x.com\/PressenzaIPA\"]},{\"@type\":\"Person\",\"@id\":\"https:\/\/www.pressenza.com\/es\/#\/schema\/person\/a9efe8d7b19eb4689fcbcb71bc21dba6\",\"name\":\"Uni\u00f3n Latinoamericana de Agencias de Noticias\",\"description\":\"Una asociaci\u00f3n supranacional que re\u00fane a las agencias de noticias de Am\u00e9rica Latina y el Caribe. agenciasulan.org\",\"sameAs\":[\"https:\/\/www.facebook.com\/AgenciasUlan\",\"https:\/\/x.com\/agenciasulan\"],\"url\":\"https:\/\/www.pressenza.com\/es\/author\/union-latinoamericana-de-agencias-de-noticias\/\"}]}<\/script>\n<!-- \/ Yoast SEO plugin. -->","yoast_head_json":{"title":"Reforma migratoria en EUA debe incluir a trabajadores temporales: New York Times","description":"El presidente Barack Obama debe incluir en su propuesta de reforma migratoria a trabajadores que ingresan a Estados Unidos con visas temporales y quienes","robots":{"index":"index","follow":"follow","max-snippet":"max-snippet:-1","max-image-preview":"max-image-preview:large","max-video-preview":"max-video-preview:-1"},"canonical":"https:\/\/www.pressenza.com\/es\/2013\/02\/reforma-migratoria-en-eua-debe-incluir-a-trabajadores-temporales-new-york-times\/","og_locale":"es_ES","og_type":"article","og_title":"Reforma migratoria en EUA debe incluir a trabajadores temporales: New York Times","og_description":"El presidente Barack Obama debe incluir en su propuesta de reforma migratoria a trabajadores que ingresan a Estados Unidos con visas temporales y quienes","og_url":"https:\/\/www.pressenza.com\/es\/2013\/02\/reforma-migratoria-en-eua-debe-incluir-a-trabajadores-temporales-new-york-times\/","og_site_name":"Pressenza","article_publisher":"https:\/\/www.facebook.com\/PressenzaItalia","article_author":"https:\/\/www.facebook.com\/AgenciasUlan","article_published_time":"2013-02-22T13:19:12+00:00","og_image":[{"width":2048,"height":1152,"url":"https:\/\/www.pressenza.com\/wp-content\/uploads\/2013\/02\/21007039.jpg","type":"image\/jpeg"}],"author":"Uni\u00f3n Latinoamericana de Agencias de Noticias","twitter_card":"summary_large_image","twitter_creator":"@agenciasulan","twitter_site":"@PressenzaIPA","twitter_misc":{"Escrito por":"Uni\u00f3n Latinoamericana de Agencias de Noticias","Tiempo de lectura":"1 minuto"},"schema":{"@context":"https:\/\/schema.org","@graph":[{"@type":"Article","@id":"https:\/\/www.pressenza.com\/es\/2013\/02\/reforma-migratoria-en-eua-debe-incluir-a-trabajadores-temporales-new-york-times\/#article","isPartOf":{"@id":"https:\/\/www.pressenza.com\/es\/2013\/02\/reforma-migratoria-en-eua-debe-incluir-a-trabajadores-temporales-new-york-times\/"},"author":{"name":"Uni\u00f3n Latinoamericana de Agencias de Noticias","@id":"https:\/\/www.pressenza.com\/es\/#\/schema\/person\/a9efe8d7b19eb4689fcbcb71bc21dba6"},"headline":"Reforma migratoria en EUA debe incluir a trabajadores temporales: New York Times","datePublished":"2013-02-22T13:19:12+00:00","mainEntityOfPage":{"@id":"https:\/\/www.pressenza.com\/es\/2013\/02\/reforma-migratoria-en-eua-debe-incluir-a-trabajadores-temporales-new-york-times\/"},"wordCount":268,"publisher":{"@id":"https:\/\/www.pressenza.com\/es\/#organization"},"image":{"@id":"https:\/\/www.pressenza.com\/es\/2013\/02\/reforma-migratoria-en-eua-debe-incluir-a-trabajadores-temporales-new-york-times\/#primaryimage"},"thumbnailUrl":"https:\/\/www.pressenza.com\/wp-content\/uploads\/2013\/02\/21007039.jpg","keywords":["migraciones"],"articleSection":["Derechos Humanos","Norteam\u00e9rica"],"inLanguage":"es"},{"@type":"WebPage","@id":"https:\/\/www.pressenza.com\/es\/2013\/02\/reforma-migratoria-en-eua-debe-incluir-a-trabajadores-temporales-new-york-times\/","url":"https:\/\/www.pressenza.com\/es\/2013\/02\/reforma-migratoria-en-eua-debe-incluir-a-trabajadores-temporales-new-york-times\/","name":"Reforma migratoria en EUA debe incluir a trabajadores temporales: New York Times","isPartOf":{"@id":"https:\/\/www.pressenza.com\/es\/#website"},"primaryImageOfPage":{"@id":"https:\/\/www.pressenza.com\/es\/2013\/02\/reforma-migratoria-en-eua-debe-incluir-a-trabajadores-temporales-new-york-times\/#primaryimage"},"image":{"@id":"https:\/\/www.pressenza.com\/es\/2013\/02\/reforma-migratoria-en-eua-debe-incluir-a-trabajadores-temporales-new-york-times\/#primaryimage"},"thumbnailUrl":"https:\/\/www.pressenza.com\/wp-content\/uploads\/2013\/02\/21007039.jpg","datePublished":"2013-02-22T13:19:12+00:00","description":"El presidente Barack Obama debe incluir en su propuesta de reforma migratoria a trabajadores que ingresan a Estados Unidos con visas temporales y quienes","breadcrumb":{"@id":"https:\/\/www.pressenza.com\/es\/2013\/02\/reforma-migratoria-en-eua-debe-incluir-a-trabajadores-temporales-new-york-times\/#breadcrumb"},"inLanguage":"es","potentialAction":[{"@type":"ReadAction","target":["https:\/\/www.pressenza.com\/es\/2013\/02\/reforma-migratoria-en-eua-debe-incluir-a-trabajadores-temporales-new-york-times\/"]}]},{"@type":"ImageObject","inLanguage":"es","@id":"https:\/\/www.pressenza.com\/es\/2013\/02\/reforma-migratoria-en-eua-debe-incluir-a-trabajadores-temporales-new-york-times\/#primaryimage","url":"https:\/\/www.pressenza.com\/wp-content\/uploads\/2013\/02\/21007039.jpg","contentUrl":"https:\/\/www.pressenza.com\/wp-content\/uploads\/2013\/02\/21007039.jpg","width":2048,"height":1152,"caption":"Parque de la amistad"},{"@type":"BreadcrumbList","@id":"https:\/\/www.pressenza.com\/es\/2013\/02\/reforma-migratoria-en-eua-debe-incluir-a-trabajadores-temporales-new-york-times\/#breadcrumb","itemListElement":[{"@type":"ListItem","position":1,"name":"Accueil","item":"https:\/\/www.pressenza.com\/es\/"},{"@type":"ListItem","position":2,"name":"Reforma migratoria en EUA debe incluir a trabajadores temporales: New York Times"}]},{"@type":"WebSite","@id":"https:\/\/www.pressenza.com\/es\/#website","url":"https:\/\/www.pressenza.com\/es\/","name":"Pressenza","description":"International Press Agency","publisher":{"@id":"https:\/\/www.pressenza.com\/es\/#organization"},"potentialAction":[{"@type":"SearchAction","target":{"@type":"EntryPoint","urlTemplate":"https:\/\/www.pressenza.com\/es\/?s={search_term_string}"},"query-input":{"@type":"PropertyValueSpecification","valueRequired":true,"valueName":"search_term_string"}}],"inLanguage":"es"},{"@type":"Organization","@id":"https:\/\/www.pressenza.com\/es\/#organization","name":"Pressenza","url":"https:\/\/www.pressenza.com\/es\/","logo":{"@type":"ImageObject","inLanguage":"es","@id":"https:\/\/www.pressenza.com\/es\/#\/schema\/logo\/image\/","url":"https:\/\/www.pressenza.com\/wp-content\/uploads\/2022\/10\/pressenza_logo_200x200.jpg","contentUrl":"https:\/\/www.pressenza.com\/wp-content\/uploads\/2022\/10\/pressenza_logo_200x200.jpg","width":200,"height":200,"caption":"Pressenza"},"image":{"@id":"https:\/\/www.pressenza.com\/es\/#\/schema\/logo\/image\/"},"sameAs":["https:\/\/www.facebook.com\/PressenzaItalia","https:\/\/x.com\/PressenzaIPA"]},{"@type":"Person","@id":"https:\/\/www.pressenza.com\/es\/#\/schema\/person\/a9efe8d7b19eb4689fcbcb71bc21dba6","name":"Uni\u00f3n Latinoamericana de Agencias de Noticias","description":"Una asociaci\u00f3n supranacional que re\u00fane a las agencias de noticias de Am\u00e9rica Latina y el Caribe. agenciasulan.org","sameAs":["https:\/\/www.facebook.com\/AgenciasUlan","https:\/\/x.com\/agenciasulan"],"url":"https:\/\/www.pressenza.com\/es\/author\/union-latinoamericana-de-agencias-de-noticias\/"}]}},"place":"Washington","original_article_url":"","_links":{"self":[{"href":"https:\/\/www.pressenza.com\/es\/wp-json\/wp\/v2\/posts\/39840","targetHints":{"allow":["GET"]}}],"collection":[{"href":"https:\/\/www.pressenza.com\/es\/wp-json\/wp\/v2\/posts"}],"about":[{"href":"https:\/\/www.pressenza.com\/es\/wp-json\/wp\/v2\/types\/post"}],"author":[{"embeddable":true,"href":"https:\/\/www.pressenza.com\/es\/wp-json\/wp\/v2\/users\/640"}],"replies":[{"embeddable":true,"href":"https:\/\/www.pressenza.com\/es\/wp-json\/wp\/v2\/comments?post=39840"}],"version-history":[{"count":0,"href":"https:\/\/www.pressenza.com\/es\/wp-json\/wp\/v2\/posts\/39840\/revisions"}],"wp:featuredmedia":[{"embeddable":true,"href":"https:\/\/www.pressenza.com\/es\/wp-json\/wp\/v2\/media\/39841"}],"wp:attachment":[{"href":"https:\/\/www.pressenza.com\/es\/wp-json\/wp\/v2\/media?parent=39840"}],"wp:term":[{"taxonomy":"category","embeddable":true,"href":"https:\/\/www.pressenza.com\/es\/wp-json\/wp\/v2\/categories?post=39840"},{"taxonomy":"post_tag","embeddable":true,"href":"https:\/\/www.pressenza.com\/es\/wp-json\/wp\/v2\/tags?post=39840"}],"curies":[{"name":"wp","href":"https:\/\/api.w.org\/{rel}","templated":true}]}}