{"id":397983,"date":"2016-11-17T12:47:47","date_gmt":"2016-11-17T12:47:47","guid":{"rendered":"http:\/\/www.pressenza.com\/es\/?p=397983"},"modified":"2016-11-17T12:49:31","modified_gmt":"2016-11-17T12:49:31","slug":"vii-congreso-internacional-sobre-inmigracion-interculturalidad-y-convivencia","status":"publish","type":"post","link":"https:\/\/www.pressenza.com\/es\/2016\/11\/vii-congreso-internacional-sobre-inmigracion-interculturalidad-y-convivencia\/","title":{"rendered":"VII Congreso Internacional sobre Inmigraci\u00f3n, Interculturalidad y Convivencia"},"content":{"rendered":"<blockquote><p>Con el lema <strong>Inmigraci\u00f3n, Derechos Humanos y Pol\u00edticas de Fronteras<\/strong>, tendr\u00e1 lugar del <strong>24 al 26 de noviembre<\/strong> en la ciudad de <strong>Ceuta <\/strong>este<strong> Congreso <\/strong>sobre migraciones.<\/p>\n<p><strong>Pressenza<\/strong> participar\u00e1 como partner, habilitar\u00e1 un canal de streaming permanente en colaboraci\u00f3n con Ceuta Actualidad y participar\u00e1 dando su punto de vista sobre la responsabilidad de los medios de comunicaci\u00f3n respecto al fen\u00f3meno migratorio y la posibilidad de colaborar con nuevo imaginario colectivo a la altura del ser humano.<\/p><\/blockquote>\n<p>&nbsp;<\/p>\n<p>Organizado por el Instituto de Estudios Ceut\u00edes en colaboraci\u00f3n con la Universidad de Granada, tendr\u00e1 lugar el <strong><em><a href=\"http:\/\/ieceuties.com\/\">VII Congreso Internacional sobre Inmigraci\u00f3n, Interculturalidad y Convivencia<\/a><\/em><\/strong>, cuyo lema para esta edici\u00f3n ser\u00e1<em> <strong>Inmigraci\u00f3n, Derechos Humanos y Pol\u00edticas de Fronteras<\/strong><\/em>.<\/p>\n<p>El principal objetivo es \u201c<em>dar respuestas a los retos que nos plantea el fen\u00f3meno migratorio en la actualidad, con la finalidad de contribuir a la mejora tanto del migrante como de la sociedad receptora<\/em>\u201d.<\/p>\n<p><em>\u201cLos temas incluidos en el programa del congreso<\/em> \u2013explican los organizadores-<em> abarcan las tres grandes tem\u00e1ticas de su lema, de un lado el valor de los Derechos Humanos por encima de cualquier otra cuesti\u00f3n, cuando hablamos del fen\u00f3meno migratorio; el marco legislativo que delimita las pol\u00edticas de frontera y el desarrollo de las diferentes directivas en la pr\u00e1ctica, as\u00ed como el papel de los medios de comunicaci\u00f3n en la configuraci\u00f3n de la opini\u00f3n p\u00fablica en relaci\u00f3n a la inmigraci\u00f3n,\u00a0el de las ONGs, tantas veces olvidado,\u00a0y el de los cuerpos de seguridad del estado como primeros agentes de actuaci\u00f3n\u201d. <\/em><\/p>\n<p>El Congreso se desarrollar\u00e1 en la <a href=\"http:\/\/feetce.ugr.es\/\">Facultad de Educaci\u00f3n, Econom\u00eda y Tecnolog\u00eda del Campus<\/a> que la Universidad de Granada tiene en la Ciudad Aut\u00f3noma de Ceuta.<\/p>\n<p>&nbsp;<\/p>\n<p><strong>Pressenza y su papel \u00abcomprometido\u00bb en este Congreso<\/strong><\/p>\n<p>Nuestra Agencia, comprometida desde su nacimiento con la causa de los derechos humanos, participar\u00e1 en este Congreso para mostrar su punto de vista sobre el fen\u00f3meno migratorio; acerca del papel que los medios de comunicaci\u00f3n cumplen en la configuraci\u00f3n del imaginario colectivo y la necesidad de una nueva <strong>mirada humanizadora<\/strong> hacia la inmigraci\u00f3n.<\/p>\n<p>Nuestros compa\u00f1eros Antonio Sempere y Juana P\u00e9rez Montero participar\u00e1n como ponentes, adem\u00e1s de cubrir el evento con entrevistas, art\u00edculos y reportajes.<\/p>\n<p>Pressenza habilitar\u00e1 un <strong>canal<\/strong> permanente de <strong>streaming<\/strong> los d\u00edas 24 y 25, para cubrir paneles y mesas de debate, apoy\u00e1ndonos en la cobertura t\u00e9cnica de <a href=\"http:\/\/www.ceutaactualidad.com\/\">Ceuta Actualidad<\/a>.<\/p>\n<p>&nbsp;<\/p>\n<p><em><strong>V\u00eddeo promocional<\/strong><\/em><\/p>\n<p><iframe loading=\"lazy\" title=\"VII CONGRESO INTERNACIONAL SOBRE INMIGRACI\u00d3N, INTERCULTURALIDAD Y CONVIVENCIA\" width=\"500\" height=\"281\" src=\"https:\/\/www.youtube.com\/embed\/uEk2DRM8-f0?feature=oembed\" frameborder=\"0\" allow=\"accelerometer; autoplay; clipboard-write; encrypted-media; gyroscope; picture-in-picture; web-share\" referrerpolicy=\"strict-origin-when-cross-origin\" allowfullscreen><\/iframe><\/p>\n","protected":false},"excerpt":{"rendered":"<p>Con el lema Inmigraci\u00f3n, Derechos Humanos y Pol\u00edticas de Fronteras, tendr\u00e1 lugar del 24 al 26 de noviembre en la ciudad de Ceuta este Congreso sobre migraciones. Pressenza participar\u00e1 como partner, habilitar\u00e1 un canal de streaming permanente en colaboraci\u00f3n con&hellip;<\/p>\n","protected":false},"author":188,"featured_media":398536,"comment_status":"closed","ping_status":"closed","sticky":false,"template":"","format":"standard","meta":{"footnotes":""},"categories":[64,11389,79,39,1242],"tags":[15538,441,1155,32731,32729,32727,32730,32728],"class_list":["post-397983","post","type-post","status-publish","format-standard","has-post-thumbnail","hentry","category-africa-es","category-contenido-original","category-derechos-humanos","category-internacional","category-noviolencia-tema","tag-ceuta","tag-derechos-humanos","tag-inmigracion","tag-instituto-de-estudios-ceuties","tag-interculturalidad-y-convivencia","tag-rol-medios-de-comunicacion","tag-universidad-de-granada","tag-vii-congreso-inmigracion"],"yoast_head":"<!-- This site is optimized with the Yoast SEO plugin v27.1.1 - https:\/\/yoast.com\/product\/yoast-seo-wordpress\/ -->\n<title>VII Congreso Internacional sobre Inmigraci\u00f3n, Interculturalidad y Convivencia<\/title>\n<meta name=\"description\" content=\"Con el lema Inmigraci\u00f3n, Derechos Humanos y Pol\u00edticas de Fronteras, tendr\u00e1 lugar del 24 al 26 de noviembre en la ciudad de Ceuta este Congreso sobre\" \/>\n<meta name=\"robots\" content=\"index, follow, max-snippet:-1, max-image-preview:large, max-video-preview:-1\" \/>\n<link rel=\"canonical\" href=\"https:\/\/www.pressenza.com\/es\/2016\/11\/vii-congreso-internacional-sobre-inmigracion-interculturalidad-y-convivencia\/\" \/>\n<meta property=\"og:locale\" content=\"es_ES\" \/>\n<meta property=\"og:type\" content=\"article\" \/>\n<meta property=\"og:title\" content=\"VII Congreso Internacional sobre Inmigraci\u00f3n, Interculturalidad y Convivencia\" \/>\n<meta property=\"og:description\" content=\"Con el lema Inmigraci\u00f3n, Derechos Humanos y Pol\u00edticas de Fronteras, tendr\u00e1 lugar del 24 al 26 de noviembre en la ciudad de Ceuta este Congreso sobre\" \/>\n<meta property=\"og:url\" content=\"https:\/\/www.pressenza.com\/es\/2016\/11\/vii-congreso-internacional-sobre-inmigracion-interculturalidad-y-convivencia\/\" \/>\n<meta property=\"og:site_name\" content=\"Pressenza\" \/>\n<meta property=\"article:publisher\" content=\"https:\/\/www.facebook.com\/PressenzaItalia\" \/>\n<meta property=\"article:published_time\" content=\"2016-11-17T12:47:47+00:00\" \/>\n<meta property=\"article:modified_time\" content=\"2016-11-17T12:49:31+00:00\" \/>\n<meta property=\"og:image\" content=\"https:\/\/www.pressenza.com\/wp-content\/uploads\/2016\/11\/cartel-congreso-ceuta-VALE.jpg\" \/>\n\t<meta property=\"og:image:width\" content=\"1205\" \/>\n\t<meta property=\"og:image:height\" content=\"599\" \/>\n\t<meta property=\"og:image:type\" content=\"image\/jpeg\" \/>\n<meta name=\"author\" content=\"Gabriela Amaya\" \/>\n<meta name=\"twitter:card\" content=\"summary_large_image\" \/>\n<meta name=\"twitter:creator\" content=\"@PressenzaIPA\" \/>\n<meta name=\"twitter:site\" content=\"@PressenzaIPA\" \/>\n<meta name=\"twitter:label1\" content=\"Escrito por\" \/>\n\t<meta name=\"twitter:data1\" content=\"Gabriela Amaya\" \/>\n\t<meta name=\"twitter:label2\" content=\"Tiempo de lectura\" \/>\n\t<meta name=\"twitter:data2\" content=\"2 minutos\" \/>\n<script type=\"application\/ld+json\" class=\"yoast-schema-graph\">{\"@context\":\"https:\/\/schema.org\",\"@graph\":[{\"@type\":\"Article\",\"@id\":\"https:\/\/www.pressenza.com\/es\/2016\/11\/vii-congreso-internacional-sobre-inmigracion-interculturalidad-y-convivencia\/#article\",\"isPartOf\":{\"@id\":\"https:\/\/www.pressenza.com\/es\/2016\/11\/vii-congreso-internacional-sobre-inmigracion-interculturalidad-y-convivencia\/\"},\"author\":{\"name\":\"Gabriela Amaya\",\"@id\":\"https:\/\/www.pressenza.com\/es\/#\/schema\/person\/725d47ccbea4c7854f7dd4011b6670b9\"},\"headline\":\"VII Congreso Internacional sobre Inmigraci\u00f3n, Interculturalidad y Convivencia\",\"datePublished\":\"2016-11-17T12:47:47+00:00\",\"dateModified\":\"2016-11-17T12:49:31+00:00\",\"mainEntityOfPage\":{\"@id\":\"https:\/\/www.pressenza.com\/es\/2016\/11\/vii-congreso-internacional-sobre-inmigracion-interculturalidad-y-convivencia\/\"},\"wordCount\":440,\"publisher\":{\"@id\":\"https:\/\/www.pressenza.com\/es\/#organization\"},\"image\":{\"@id\":\"https:\/\/www.pressenza.com\/es\/2016\/11\/vii-congreso-internacional-sobre-inmigracion-interculturalidad-y-convivencia\/#primaryimage\"},\"thumbnailUrl\":\"https:\/\/www.pressenza.com\/wp-content\/uploads\/2016\/11\/cartel-congreso-ceuta-VALE.jpg\",\"keywords\":[\"Ceuta\",\"Derechos humanos\",\"inmigraci\u00f3n\",\"Instituto de Estudios Ceut\u00edes\",\"Interculturalidad y Convivencia\",\"rol medios de comunicaci\u00f3n\",\"Universidad de Granada\",\"VII Congreso Inmigraci\u00f3n\"],\"articleSection\":[\"Africa\",\"Contenido Original\",\"Derechos Humanos\",\"Internacional\",\"Noviolencia\"],\"inLanguage\":\"es\"},{\"@type\":\"WebPage\",\"@id\":\"https:\/\/www.pressenza.com\/es\/2016\/11\/vii-congreso-internacional-sobre-inmigracion-interculturalidad-y-convivencia\/\",\"url\":\"https:\/\/www.pressenza.com\/es\/2016\/11\/vii-congreso-internacional-sobre-inmigracion-interculturalidad-y-convivencia\/\",\"name\":\"VII Congreso Internacional sobre Inmigraci\u00f3n, Interculturalidad y Convivencia\",\"isPartOf\":{\"@id\":\"https:\/\/www.pressenza.com\/es\/#website\"},\"primaryImageOfPage\":{\"@id\":\"https:\/\/www.pressenza.com\/es\/2016\/11\/vii-congreso-internacional-sobre-inmigracion-interculturalidad-y-convivencia\/#primaryimage\"},\"image\":{\"@id\":\"https:\/\/www.pressenza.com\/es\/2016\/11\/vii-congreso-internacional-sobre-inmigracion-interculturalidad-y-convivencia\/#primaryimage\"},\"thumbnailUrl\":\"https:\/\/www.pressenza.com\/wp-content\/uploads\/2016\/11\/cartel-congreso-ceuta-VALE.jpg\",\"datePublished\":\"2016-11-17T12:47:47+00:00\",\"dateModified\":\"2016-11-17T12:49:31+00:00\",\"description\":\"Con el lema Inmigraci\u00f3n, Derechos Humanos y Pol\u00edticas de Fronteras, tendr\u00e1 lugar del 24 al 26 de noviembre en la ciudad de Ceuta este Congreso sobre\",\"breadcrumb\":{\"@id\":\"https:\/\/www.pressenza.com\/es\/2016\/11\/vii-congreso-internacional-sobre-inmigracion-interculturalidad-y-convivencia\/#breadcrumb\"},\"inLanguage\":\"es\",\"potentialAction\":[{\"@type\":\"ReadAction\",\"target\":[\"https:\/\/www.pressenza.com\/es\/2016\/11\/vii-congreso-internacional-sobre-inmigracion-interculturalidad-y-convivencia\/\"]}]},{\"@type\":\"ImageObject\",\"inLanguage\":\"es\",\"@id\":\"https:\/\/www.pressenza.com\/es\/2016\/11\/vii-congreso-internacional-sobre-inmigracion-interculturalidad-y-convivencia\/#primaryimage\",\"url\":\"https:\/\/www.pressenza.com\/wp-content\/uploads\/2016\/11\/cartel-congreso-ceuta-VALE.jpg\",\"contentUrl\":\"https:\/\/www.pressenza.com\/wp-content\/uploads\/2016\/11\/cartel-congreso-ceuta-VALE.jpg\",\"width\":1205,\"height\":599},{\"@type\":\"BreadcrumbList\",\"@id\":\"https:\/\/www.pressenza.com\/es\/2016\/11\/vii-congreso-internacional-sobre-inmigracion-interculturalidad-y-convivencia\/#breadcrumb\",\"itemListElement\":[{\"@type\":\"ListItem\",\"position\":1,\"name\":\"Accueil\",\"item\":\"https:\/\/www.pressenza.com\/es\/\"},{\"@type\":\"ListItem\",\"position\":2,\"name\":\"VII Congreso Internacional sobre Inmigraci\u00f3n, Interculturalidad y Convivencia\"}]},{\"@type\":\"WebSite\",\"@id\":\"https:\/\/www.pressenza.com\/es\/#website\",\"url\":\"https:\/\/www.pressenza.com\/es\/\",\"name\":\"Pressenza\",\"description\":\"International Press Agency\",\"publisher\":{\"@id\":\"https:\/\/www.pressenza.com\/es\/#organization\"},\"potentialAction\":[{\"@type\":\"SearchAction\",\"target\":{\"@type\":\"EntryPoint\",\"urlTemplate\":\"https:\/\/www.pressenza.com\/es\/?s={search_term_string}\"},\"query-input\":{\"@type\":\"PropertyValueSpecification\",\"valueRequired\":true,\"valueName\":\"search_term_string\"}}],\"inLanguage\":\"es\"},{\"@type\":\"Organization\",\"@id\":\"https:\/\/www.pressenza.com\/es\/#organization\",\"name\":\"Pressenza\",\"url\":\"https:\/\/www.pressenza.com\/es\/\",\"logo\":{\"@type\":\"ImageObject\",\"inLanguage\":\"es\",\"@id\":\"https:\/\/www.pressenza.com\/es\/#\/schema\/logo\/image\/\",\"url\":\"https:\/\/www.pressenza.com\/wp-content\/uploads\/2022\/10\/pressenza_logo_200x200.jpg\",\"contentUrl\":\"https:\/\/www.pressenza.com\/wp-content\/uploads\/2022\/10\/pressenza_logo_200x200.jpg\",\"width\":200,\"height\":200,\"caption\":\"Pressenza\"},\"image\":{\"@id\":\"https:\/\/www.pressenza.com\/es\/#\/schema\/logo\/image\/\"},\"sameAs\":[\"https:\/\/www.facebook.com\/PressenzaItalia\",\"https:\/\/x.com\/PressenzaIPA\"]},{\"@type\":\"Person\",\"@id\":\"https:\/\/www.pressenza.com\/es\/#\/schema\/person\/725d47ccbea4c7854f7dd4011b6670b9\",\"name\":\"Gabriela Amaya\",\"description\":\"Editor in Spanish, Gabriel Amaya has worked in radio and written press and years ago decided to develop her journalistic work as a professional volunteer at the service of peace and nonviolence. She is also involved with different collectives and platforms which she supports with her journalism.\",\"url\":\"https:\/\/www.pressenza.com\/es\/author\/gabriela-amaya\/\"}]}<\/script>\n<!-- \/ Yoast SEO plugin. -->","yoast_head_json":{"title":"VII Congreso Internacional sobre Inmigraci\u00f3n, Interculturalidad y Convivencia","description":"Con el lema Inmigraci\u00f3n, Derechos Humanos y Pol\u00edticas de Fronteras, tendr\u00e1 lugar del 24 al 26 de noviembre en la ciudad de Ceuta este Congreso sobre","robots":{"index":"index","follow":"follow","max-snippet":"max-snippet:-1","max-image-preview":"max-image-preview:large","max-video-preview":"max-video-preview:-1"},"canonical":"https:\/\/www.pressenza.com\/es\/2016\/11\/vii-congreso-internacional-sobre-inmigracion-interculturalidad-y-convivencia\/","og_locale":"es_ES","og_type":"article","og_title":"VII Congreso Internacional sobre Inmigraci\u00f3n, Interculturalidad y Convivencia","og_description":"Con el lema Inmigraci\u00f3n, Derechos Humanos y Pol\u00edticas de Fronteras, tendr\u00e1 lugar del 24 al 26 de noviembre en la ciudad de Ceuta este Congreso sobre","og_url":"https:\/\/www.pressenza.com\/es\/2016\/11\/vii-congreso-internacional-sobre-inmigracion-interculturalidad-y-convivencia\/","og_site_name":"Pressenza","article_publisher":"https:\/\/www.facebook.com\/PressenzaItalia","article_published_time":"2016-11-17T12:47:47+00:00","article_modified_time":"2016-11-17T12:49:31+00:00","og_image":[{"width":1205,"height":599,"url":"https:\/\/www.pressenza.com\/wp-content\/uploads\/2016\/11\/cartel-congreso-ceuta-VALE.jpg","type":"image\/jpeg"}],"author":"Gabriela Amaya","twitter_card":"summary_large_image","twitter_creator":"@PressenzaIPA","twitter_site":"@PressenzaIPA","twitter_misc":{"Escrito por":"Gabriela Amaya","Tiempo de lectura":"2 minutos"},"schema":{"@context":"https:\/\/schema.org","@graph":[{"@type":"Article","@id":"https:\/\/www.pressenza.com\/es\/2016\/11\/vii-congreso-internacional-sobre-inmigracion-interculturalidad-y-convivencia\/#article","isPartOf":{"@id":"https:\/\/www.pressenza.com\/es\/2016\/11\/vii-congreso-internacional-sobre-inmigracion-interculturalidad-y-convivencia\/"},"author":{"name":"Gabriela Amaya","@id":"https:\/\/www.pressenza.com\/es\/#\/schema\/person\/725d47ccbea4c7854f7dd4011b6670b9"},"headline":"VII Congreso Internacional sobre Inmigraci\u00f3n, Interculturalidad y Convivencia","datePublished":"2016-11-17T12:47:47+00:00","dateModified":"2016-11-17T12:49:31+00:00","mainEntityOfPage":{"@id":"https:\/\/www.pressenza.com\/es\/2016\/11\/vii-congreso-internacional-sobre-inmigracion-interculturalidad-y-convivencia\/"},"wordCount":440,"publisher":{"@id":"https:\/\/www.pressenza.com\/es\/#organization"},"image":{"@id":"https:\/\/www.pressenza.com\/es\/2016\/11\/vii-congreso-internacional-sobre-inmigracion-interculturalidad-y-convivencia\/#primaryimage"},"thumbnailUrl":"https:\/\/www.pressenza.com\/wp-content\/uploads\/2016\/11\/cartel-congreso-ceuta-VALE.jpg","keywords":["Ceuta","Derechos humanos","inmigraci\u00f3n","Instituto de Estudios Ceut\u00edes","Interculturalidad y Convivencia","rol medios de comunicaci\u00f3n","Universidad de Granada","VII Congreso Inmigraci\u00f3n"],"articleSection":["Africa","Contenido Original","Derechos Humanos","Internacional","Noviolencia"],"inLanguage":"es"},{"@type":"WebPage","@id":"https:\/\/www.pressenza.com\/es\/2016\/11\/vii-congreso-internacional-sobre-inmigracion-interculturalidad-y-convivencia\/","url":"https:\/\/www.pressenza.com\/es\/2016\/11\/vii-congreso-internacional-sobre-inmigracion-interculturalidad-y-convivencia\/","name":"VII Congreso Internacional sobre Inmigraci\u00f3n, Interculturalidad y Convivencia","isPartOf":{"@id":"https:\/\/www.pressenza.com\/es\/#website"},"primaryImageOfPage":{"@id":"https:\/\/www.pressenza.com\/es\/2016\/11\/vii-congreso-internacional-sobre-inmigracion-interculturalidad-y-convivencia\/#primaryimage"},"image":{"@id":"https:\/\/www.pressenza.com\/es\/2016\/11\/vii-congreso-internacional-sobre-inmigracion-interculturalidad-y-convivencia\/#primaryimage"},"thumbnailUrl":"https:\/\/www.pressenza.com\/wp-content\/uploads\/2016\/11\/cartel-congreso-ceuta-VALE.jpg","datePublished":"2016-11-17T12:47:47+00:00","dateModified":"2016-11-17T12:49:31+00:00","description":"Con el lema Inmigraci\u00f3n, Derechos Humanos y Pol\u00edticas de Fronteras, tendr\u00e1 lugar del 24 al 26 de noviembre en la ciudad de Ceuta este Congreso sobre","breadcrumb":{"@id":"https:\/\/www.pressenza.com\/es\/2016\/11\/vii-congreso-internacional-sobre-inmigracion-interculturalidad-y-convivencia\/#breadcrumb"},"inLanguage":"es","potentialAction":[{"@type":"ReadAction","target":["https:\/\/www.pressenza.com\/es\/2016\/11\/vii-congreso-internacional-sobre-inmigracion-interculturalidad-y-convivencia\/"]}]},{"@type":"ImageObject","inLanguage":"es","@id":"https:\/\/www.pressenza.com\/es\/2016\/11\/vii-congreso-internacional-sobre-inmigracion-interculturalidad-y-convivencia\/#primaryimage","url":"https:\/\/www.pressenza.com\/wp-content\/uploads\/2016\/11\/cartel-congreso-ceuta-VALE.jpg","contentUrl":"https:\/\/www.pressenza.com\/wp-content\/uploads\/2016\/11\/cartel-congreso-ceuta-VALE.jpg","width":1205,"height":599},{"@type":"BreadcrumbList","@id":"https:\/\/www.pressenza.com\/es\/2016\/11\/vii-congreso-internacional-sobre-inmigracion-interculturalidad-y-convivencia\/#breadcrumb","itemListElement":[{"@type":"ListItem","position":1,"name":"Accueil","item":"https:\/\/www.pressenza.com\/es\/"},{"@type":"ListItem","position":2,"name":"VII Congreso Internacional sobre Inmigraci\u00f3n, Interculturalidad y Convivencia"}]},{"@type":"WebSite","@id":"https:\/\/www.pressenza.com\/es\/#website","url":"https:\/\/www.pressenza.com\/es\/","name":"Pressenza","description":"International Press Agency","publisher":{"@id":"https:\/\/www.pressenza.com\/es\/#organization"},"potentialAction":[{"@type":"SearchAction","target":{"@type":"EntryPoint","urlTemplate":"https:\/\/www.pressenza.com\/es\/?s={search_term_string}"},"query-input":{"@type":"PropertyValueSpecification","valueRequired":true,"valueName":"search_term_string"}}],"inLanguage":"es"},{"@type":"Organization","@id":"https:\/\/www.pressenza.com\/es\/#organization","name":"Pressenza","url":"https:\/\/www.pressenza.com\/es\/","logo":{"@type":"ImageObject","inLanguage":"es","@id":"https:\/\/www.pressenza.com\/es\/#\/schema\/logo\/image\/","url":"https:\/\/www.pressenza.com\/wp-content\/uploads\/2022\/10\/pressenza_logo_200x200.jpg","contentUrl":"https:\/\/www.pressenza.com\/wp-content\/uploads\/2022\/10\/pressenza_logo_200x200.jpg","width":200,"height":200,"caption":"Pressenza"},"image":{"@id":"https:\/\/www.pressenza.com\/es\/#\/schema\/logo\/image\/"},"sameAs":["https:\/\/www.facebook.com\/PressenzaItalia","https:\/\/x.com\/PressenzaIPA"]},{"@type":"Person","@id":"https:\/\/www.pressenza.com\/es\/#\/schema\/person\/725d47ccbea4c7854f7dd4011b6670b9","name":"Gabriela Amaya","description":"Editor in Spanish, Gabriel Amaya has worked in radio and written press and years ago decided to develop her journalistic work as a professional volunteer at the service of peace and nonviolence. She is also involved with different collectives and platforms which she supports with her journalism.","url":"https:\/\/www.pressenza.com\/es\/author\/gabriela-amaya\/"}]}},"place":"Ceuta (Espa\u00f1a)","original_article_url":"","_links":{"self":[{"href":"https:\/\/www.pressenza.com\/es\/wp-json\/wp\/v2\/posts\/397983","targetHints":{"allow":["GET"]}}],"collection":[{"href":"https:\/\/www.pressenza.com\/es\/wp-json\/wp\/v2\/posts"}],"about":[{"href":"https:\/\/www.pressenza.com\/es\/wp-json\/wp\/v2\/types\/post"}],"author":[{"embeddable":true,"href":"https:\/\/www.pressenza.com\/es\/wp-json\/wp\/v2\/users\/188"}],"replies":[{"embeddable":true,"href":"https:\/\/www.pressenza.com\/es\/wp-json\/wp\/v2\/comments?post=397983"}],"version-history":[{"count":0,"href":"https:\/\/www.pressenza.com\/es\/wp-json\/wp\/v2\/posts\/397983\/revisions"}],"wp:featuredmedia":[{"embeddable":true,"href":"https:\/\/www.pressenza.com\/es\/wp-json\/wp\/v2\/media\/398536"}],"wp:attachment":[{"href":"https:\/\/www.pressenza.com\/es\/wp-json\/wp\/v2\/media?parent=397983"}],"wp:term":[{"taxonomy":"category","embeddable":true,"href":"https:\/\/www.pressenza.com\/es\/wp-json\/wp\/v2\/categories?post=397983"},{"taxonomy":"post_tag","embeddable":true,"href":"https:\/\/www.pressenza.com\/es\/wp-json\/wp\/v2\/tags?post=397983"}],"curies":[{"name":"wp","href":"https:\/\/api.w.org\/{rel}","templated":true}]}}