{"id":397683,"date":"2016-11-15T21:25:19","date_gmt":"2016-11-15T21:25:19","guid":{"rendered":"http:\/\/www.pressenza.com\/es\/?p=397683"},"modified":"2016-11-15T21:25:19","modified_gmt":"2016-11-15T21:25:19","slug":"el-juez-de-control-del-cie-de-madrid-quienes-denuncian-maltrato-suelen-ser-deportados-rapidamente","status":"publish","type":"post","link":"https:\/\/www.pressenza.com\/es\/2016\/11\/el-juez-de-control-del-cie-de-madrid-quienes-denuncian-maltrato-suelen-ser-deportados-rapidamente\/","title":{"rendered":"El juez de control del CIE de Madrid: \u00abQuienes denuncian maltrato suelen ser deportados r\u00e1pidamente\u00bb"},"content":{"rendered":"<div class=\"subtitle bkn mce sk2\">\n<blockquote><p>Ramiro Garc\u00eda de Dios, uno de los jueces encargados del control del CIE de Madrid, asegura en esta entrevista que \u00abes una falacia que no se vulneren los derechos humanos\u00bb<\/p>\n<p>Reconoce las complicaciones que tiene para investigar las denuncia de malos tratos: \u00abEl corporativismo policial existente tiende a tapar los casos de maltrato\u00bb<\/p>\n<p>\u00abEl mejor destino de los centros de internamiento ser\u00eda que desaparecieran\u00bb, afirma<\/p><\/blockquote>\n<p><em><strong>Por Gabriela S\u00e1nchez<\/strong><\/em><\/p>\n<p class=\"mce\">Es uno de los jueces a los que tantas\u00a0veces ha aludido el ministro del Interior en funciones para cuestionar las muchas denuncias que pesan sobre los CIE. Como est\u00e1n bajo control judicial permanente, dice Fern\u00e1ndez D\u00edaz,<a class=\"mce\" href=\"http:\/\/www.eldiario.es\/desalambre\/Fernandez-Diaz-CIES-respetan-claramente_0_571493099.html\"> \u00abse deduce claramente\u00bb el respeto de\u00a0los derechos humanos en su interior<\/a>.\u00a0Pero Ramiro Garc\u00eda de Dios,\u00a0<span class=\"mce\"> uno de los tres magistrados encargados del control del CIE de Madrid, aboga por su cierre y contradice cada uno de los\u00a0argumentos\u00a0del Gobierno\u00a0a golpe de auto . \u00ab\u00bfQu\u00e9 concepto tiene el ministro de la dignidad humana?\u00bb, se pregunta.<\/span><\/p>\n<p class=\"mce\"><span class=\"mce\"> El juez de control del CIE de Aluche m\u00e1s activo, quien m\u00e1s resoluciones\u00a0ha emitido para denunciar las condiciones del centro, responde a las preguntas recordando historias, nombrando\u00a0quejas concretas, mostrando decenas de casos de internos que le empujan a decir lo que dice. \u00abEs una falacia que no se vulneran los derechos humanos en el CIE \u00ab, sentencia\u00a0en su despacho, rodeado de monta\u00f1as de autos judiciales.\u00a0<\/span><\/p>\n<p class=\"mce\">Durante la protesta\u00a0que mantuvo a 39 internos del centro sobre la azotea para exigir libertad, Garc\u00eda de Dios no estaba en funciones -la labor de vigilancia del CIE de Madrid es ejercida por tres jueces en turnos rotativos de un mes-, por lo que asegura no tener detalles de lo ocurrido aquel d\u00eda ni de las denuncias de malos tratos posteriores\u00a0pero su\u00a0experiencia en\u00a0el control de los centros aporta contexto para comprender todo lo ocurrido durante la \u00faltima semana.<\/p>\n<p class=\"mce\">Antes de comenzar la entrevista, se siente obligado\u00a0a hacer\u00a0una breve aclaraci\u00f3n:\u00a0\u00abNo fue\u00a0un mot\u00edn, fue\u00a0una protesta. Una protesta desesperada de gente desesperada\u00bb.<\/p>\n<p class=\"mce\"><strong class=\"mce\"> Cuando tuvo lugar la protesta, usted no se encontraba en funciones. Pero \u00bfle ha llegado alg\u00fan dato sobre las razones y sobre lo ocurrido?<\/strong><\/p>\n<p class=\"mce\">En principio no tengo ning\u00fan dato para saber qu\u00e9 pas\u00f3. Lo \u00fanico que s\u00e9 es que entre ellos hay personas que se han jugado la vida, no solo cruzando el estrecho. Hay muchos que cruzan en patera desde Argelia a las costas de Almer\u00eda y Granada. Personas\u00a0que se han jugado la vida para llegar a Espa\u00f1a, que escapan, o bien de una persecuci\u00f3n o de otra situaci\u00f3n.\u00a0\u00a0Son\u00a0personas desesperadas que se suben varias horas a un tejado en un acto in\u00fatil. \u00bfPor qu\u00e9? Yo lo achaco porque para ellos ser expulsados y devueltos a sus pa\u00edses despu\u00e9s de arriesgar su vida\u00a0les desespera.<\/p>\n<p class=\"mce\">Los datos que yo tengo indican que es mentira que utilizasen la violencia f\u00edsica. Es una aut\u00e9ntica falacia. Fue una protesta desesperada de gente desesperada.<\/p>\n<p class=\"mce\"><strong class=\"mce\"> Algunos internos han denunciado que fueron golpeados por la polic\u00eda antes y despu\u00e9s. \u00bfSabe algo?<\/strong><\/p>\n<p class=\"mce\">Desconozco salvo lo que he escuchado a trav\u00e9s de los medios porque este mes no estoy en funciones como juez de control.<\/p>\n<p class=\"mce\"><strong class=\"mce\"> De confirmarse, \u00bfser\u00eda la primera vez? \u00bfHa habido en otras ocasiones denuncias de malos tratos?\u00a0<\/strong><\/p>\n<p class=\"mce\">No, no ser\u00eda la primera vez. Ha habido bastantes. Ha\u00a0habido denuncias de\u00a0malos tratos verbales, humillaciones, vejaciones&#8230; Pero tambi\u00e9n me han llegado denuncias de\u00a0agresiones muy fuertes.<\/p>\n<p class=\"mce\">Recuerdo un caso de un ciudadano colombiano que, adem\u00e1s de denunciarlo la ONG y \u00e9l, lo denunci\u00f3 la propia Fiscal\u00eda. Ese caso es el m\u00e1s grave que conoc\u00ed de maltrato f\u00edsico. Se trataba de un\u00a0concurso de lesiones y tortura punitiva. Este chico colombiano hab\u00eda tenido un altercado con tres polic\u00edas. En una grabaci\u00f3n se ve c\u00f3mo le empujan. All\u00ed le desnudaron y lo metieron en un \u00e1ngulo donde la c\u00e1mara no captaba\u00a0acciones.<\/p>\n<p class=\"mce\">Denuncian muchos maltratos verbales, humillaciones. Las t\u00edpicas frases: moro de mierda, machito, sudaca&#8230; Casi todas las frases ven\u00edan a ser de tipo humillante. O, por ejemplo, otras del tipo: \u201c\u00bfQu\u00e9 te crees, vas a comer m\u00e1s? Si t\u00fa en tu pa\u00eds no comes. Coge las sobras&#8230;\u00bb. \u00a0Era el caso de unos internos que hab\u00edan pedido comer m\u00e1s. Todo es una cadena&#8230; Porque en el comedor del CIE tienes que pedir permiso para levantarte.<\/p>\n<p class=\"mce\">Tambi\u00e9n recuerdo el caso de Samba Martine.\u00a0Pude comprobar\u00a0que hab\u00eda por lo menos varios d\u00edas en los que Samba\u00a0hab\u00eda pedido asistencia y la hab\u00edan despachado.<\/p>\n<p class=\"mce\"><strong class=\"mce\"> Sobre las \u00faltimas denuncias de malos tratos, la\u00a0Polic\u00eda dice tener\u00a0informes m\u00e9dicos que acreditan que no hab\u00eda heridos. \u00bfEl servicio sanitario del CIE es independiente?<\/strong><\/p>\n<p class=\"mce\">El servicio m\u00e9dico del CIE de Madrid est\u00e1 externalizado. El Gobierno subcontrata a una empresa privada para desarrollar este servicio.<\/p>\n<p class=\"mce\"><strong class=\"mce\"> Cuando le llegan denuncias de malos tratos, \u00bfes complicado investigarlos? \u00bfD\u00f3nde encuentra esas trabas?<\/strong><\/p>\n<p class=\"mce\">S\u00ed, es dif\u00edcil. En primer lugar, a m\u00ed la denuncia me llega dos o tres d\u00edas despu\u00e9s. Yo llamo para entrevistarles el d\u00eda siguiente. El primer obst\u00e1culo que suele repetirse es que,\u00a0cuando hay varios testigos, suelen ser\u00a0expulsados o puestos en libertad r\u00e1pidamente despu\u00e9s de la denuncia. A ello se suma la dificultad del idioma porque, si no hablan espa\u00f1ol, tengo que esperar a que venga el int\u00e9rprete. Otras veces,\u00a0los\u00a0internos que declaran como testigos se echan para atr\u00e1s por miedo.<\/p>\n<p class=\"mce\"><strong class=\"mce\"> Las ONG temen precisamente una de esas complicaciones.\u00a0Que sean expulsadas las personas que han denunciado malos tratos. \u00bfHay una tendencia a que sean deportados\u00a0m\u00e1s r\u00e1pido de lo normal?<\/strong><\/p>\n<p class=\"mce\">S\u00ed, de todas las complicaciones esa suele ser\u00a0la principal dificultad. Yo dir\u00eda que hay esa tendencia a que o se les expulse o, en el caso de los inexpulsables, se les ponga en libertad, para que ya no tengan que denunciar.<\/p>\n<p class=\"mce\">En el caso del chico colombiano\u00a0lo expulsaron r\u00e1pidamente. Porque sab\u00edan que era un caso que estaba muy documentado. Para que no denunciase, lo metieron en el primer avi\u00f3n que sal\u00eda hacia\u00a0Colombia.<\/p>\n<p class=\"mce\"><strong class=\"mce\"> \u00bfExiste impunidad con respecto a lo que ocurre en el interior de los CIE?<\/strong><\/p>\n<p class=\"mce\">Los CIE son centros de sufrimiento y espacios de impunidad policial. Son centros de sufrimiento porque la privaci\u00f3n de libertad ya es sufrimiento. A ello se a\u00f1ade el miedo a la devoluci\u00f3n, sobre todo en el caso de los que huyen de la persecuci\u00f3n o de determinadas circunstancias de su pa\u00eds.<\/p>\n<p class=\"mce\">Existe opacidad. \u00bfPor qu\u00e9 no puede entrar la prensa en los CIE? \u00bfPor qu\u00e9 cuando los jueces de control intentan profundizar te dan largas? Y despu\u00e9s llega la impunidad, porque el corporativismo policial existente tiende a tapar los casos de maltrato. Ocurre en todos los hechos delictivos pero el corporativismo policial tiende tambi\u00e9n a protegerse.<\/p>\n<p class=\"mce\"><strong class=\"mce\"> \u00bfPodr\u00eda poner alg\u00fan ejemplo?<\/strong><\/p>\n<p class=\"mce\">Varios internos de diferentes nacionalidades y de estancias en el CIE durante\u00a0distintas fechas me\u00a0hablan de un\u00a0polic\u00eda\u00a0concreto que se dedica a denigrar a las mujeres, a insultar. No puede ser que todos mientan. Entonces, lo comento con la direcci\u00f3n del CIE y suele echar la culpa a los abogados. Como ahora no pueden ech\u00e1rsela a ETA&#8230; Aunque, bueno, quiz\u00e1 responsabilicen ahora a Podemos -ironiza-.<\/p>\n<p class=\"mce\">Ahora llaman &#8216;el s\u00e1dico&#8217; al jefe de seguridad. Se refieren al servicio m\u00e9dico como\u00a0\u201clos doctores ibuprofeno\u201d&#8230; Si eso se repite en diferentes momentos, es que algo pasa.<\/p>\n<p class=\"mce\"><strong class=\"mce\"> Precisamente sobre el jefe de seguridad del CIE de Aluche hay muchas quejas. \u00c9l fue el encargado de negociar durante la protesta -ya que el director estaba de vacaciones- y la persona que se encontraba\u00a0al mando del operativo policial.\u00a0<\/strong><\/p>\n<p class=\"mce\">A m\u00ed todos los comentarios que me llegan son negativos. Me dicen que est\u00e1\u00a0poniendo muchas pegas a las tareas de las ONG. Por parte de los internos, que el jefe de seguridad ampara ciertas actuaciones que el director quiz\u00e1 no suele hacerlo.<\/p>\n<p class=\"mce\">Yo no tengo ning\u00fan elemento para decir por qu\u00e9 le llaman \u201cel s\u00e1dico\u201d&#8230; Pero si le llaman as\u00ed es que algo pasa, \u00bfno?<\/p>\n<p class=\"mce\"><strong class=\"mce\"> Fern\u00e1ndez D\u00edaz dijo que hab\u00eda una leyenda negra sobre los CIE porque \u00abclaramente\u00bb respetan los derechos humanos.<\/strong><\/p>\n<p class=\"mce\">En primer lugar, las condiciones de los CIE est\u00e1n privadas de libertad exclusivamente por una irregularidad y, eso, seg\u00fan cantidad de doctrina legislativa, eso en s\u00ed mismo una vulneraci\u00f3n de los derechos humanos.<\/p>\n<p class=\"mce\">\u00bfCu\u00e1l es la concepci\u00f3n del ministro sobre los derechos humanos? \u00bfQu\u00e9 concepci\u00f3n tiene del derecho humano fundamental a la dignidad? Si tenerles ah\u00ed estabulados, sin nada que hacer, si tratar a seres humanos\u00a0como objetos, no es atentar contra la dignidad humana\u00a0para\u00a0el se\u00f1or Fern\u00e1ndez D\u00edaz, es que debe tener otro concepto. El ministro condecorador tiene otras concepciones de la dignidad humana.<\/p>\n<p class=\"mce\">Tiene una visi\u00f3n de los derechos humanos muy raqu\u00edtica, muy simplona. Cuando faltan un m\u00ednimo de condiciones en relaci\u00f3n a la propia estancia en el CIE, tambi\u00e9n se consagra institucionalmente de un trato degradante.<\/p>\n<p class=\"mce\"><strong class=\"mce\"> \u00bfQu\u00e9 condiciones\u00a0concretas del CIE suponen\u00a0tratos degradantes?<\/strong><\/p>\n<p class=\"mce\">No hablamos\u00a0solo de agresiones f\u00edsicas. En el CIE de Aluche encierran a internos celdas de aislamiento como represalia por peque\u00f1as cosas, eso es un trato degradante.\u00a0Ahora no est\u00e1 lleno, pero el CIE s\u00ed ha estado a tope en otras ocasiones. Yo\u00a0he visto el CIE con hacinamiento.<\/p>\n<p class=\"mce\">Cuando empezamos, tuvimos que hacer cantidad de requerimientos durante a\u00f1os porque\u00a0en las &#8216;celdas-habitaciones&#8217;, de ocho personas, no hab\u00eda inodoro. Por la noche las cerraban y no hab\u00eda ni timbre. Los internos e internas ped\u00edan\u00a0a gritos. Nos encontramos con internos defecando en bolsas de pl\u00e1stico. Mujeres cont\u00e1ndome que ten\u00edan la\u00a0menstruaci\u00f3n, llenas de sangre y no ten\u00edan ni para lavarse. Conseguimos, despu\u00e9s de a\u00f1os, que pusiesen un peque\u00f1o ba\u00f1o dentro de las celdas-habitaciones.<\/p>\n<p class=\"mce\">Aunque ahora esto no ocurra\u00a0ha pasado y no hay que olvidarlo. Si el se\u00f1or ministro dice que no es un trato degradante&#8230;<\/p>\n<p class=\"mce\"><strong class=\"mce\"> Es curioso que usted sea quien hable de trato degradante cuando Fern\u00e1ndez D\u00edaz se ampara en ustedes, en la figura de los\u00a0jueces de control, para defender las supuestas buenas condiciones de los CIE. \u00bfLas resoluciones judiciales que emiten son siempre atendidos?<\/strong><\/p>\n<p class=\"mce\">Hay muchas resoluciones judiciales que no me las han tenido en cuenta a pesar de haber requerido directamente incluso al Ministerio del Interior. Un ejemplo: el reglamento de los CIE establece que en los centros tiene que haber un administrador civil, nada de polic\u00eda, y un m\u00e9dico del Sistema de Sanidad P\u00fablico. No lo hay \u00a0y lleva desde 2013 en vigor. He reclamado directamente al director general de la Polic\u00eda y al secretario de Estado y a\u00fan estamos esperando.<\/p>\n<p class=\"mce\">Hay m\u00e1s: la falta de notificaci\u00f3n con doce horas de antelaci\u00f3n de los vuelos de deportaci\u00f3n, las trabas al acceso al derecho al asilo, para conseguir que permitiesen los m\u00f3viles en el CIE de Madrid han pasado a\u00f1os&#8230; \u00a0Tambi\u00e9n hemos hecho tantas reiteraciones para que les entreguen copias de los informes m\u00e9dicos&#8230;<\/p>\n<p class=\"mce\">As\u00ed que decir que se cumplen los derechos humanos en el CIE porque nosotros los vigilamos no conduce a ning\u00fan sitio. Porque la existencia en s\u00ed de los CIE es una vulneraci\u00f3n de derechos humanos. El hecho de que priven de libertad para expulsi\u00f3n a una persona sin haber cometido un delito, por m\u00e1s que sea legal, y est\u00e9 en esas condiciones en un centro, es una vulneraci\u00f3n de derechos humanos. Es todo una cadena. Si el lo que quiere decir es que no se les cuelga o no se los azote, pues s\u00ed, evidentemente eso no se hace. Pero <span class=\"mce\"> que no se vulneran los derechos humanos en el CIE es una falacia.<\/span><\/p>\n<p class=\"mce\"><strong class=\"mce\"> Son tres jueces de control del CIE de Aluche que rotan cada mes, aunque usted firma los autos m\u00e1s contundentes,\u00a0los que ha puesto en mayores\u00a0compromisos a\u00a0la direcci\u00f3n del centro.<\/strong><\/p>\n<p class=\"mce\">No. Muchos de los autos que he firmado yo, cantidad de resoluciones potentes, estaban consensuados con mis otros dos compa\u00f1eros. Mar\u00eda Jos\u00e9 Garc\u00eda Gal\u00e1n, que estaba entonces en el juzgado n\u00famero 19, y Antonio Viejo, que es el actual decano, y estaba en el juzgado n\u00famero 20. El fondo sol\u00edamos consensuarlo y luego lo redactaba yo. Otros autos, como los del uso de los m\u00f3viles o de la falta de notificaci\u00f3n con antelaci\u00f3n, han sido conjuntos. Con ellos consensu\u00e1bamos pr\u00e1cticamente todo.<\/p>\n<p class=\"mce\"><strong class=\"mce\"> Habla en pasado, porque los magistrados Mar\u00eda Jos\u00e9 Garc\u00eda Gal\u00e1n y Antonio Viejo ya no son jueces de control. La magistrada de control del CIE que estaba en funciones cuando ocurri\u00f3 la protesta no acudi\u00f3 al centro como solicitaron varias ONG por escrito. En esta nueva etapa, \u00bfse siente solo en la labor de vigilancia? \u00bfNota el cambio con respecto a la etapa anterior?<\/strong><\/p>\n<p class=\"mce\">Ah\u00ed no voy a entrar. Que cada uno que piense lo que quiera.<\/p>\n<p class=\"mce\">Mar\u00eda Jos\u00e9 Garc\u00eda Gal\u00e1n y Antonio Viejo nos tomamos el derecho y las garant\u00edas en serio. Ni potente, ni pele\u00f3n, ni bueno, ni malo. Garantismo de los derechos. Si no lo hacemos, \u00bfqu\u00e9 pasa? \u00bfConvertimos los derechos en ret\u00f3rica? Yo no estoy aqu\u00ed para eso.<\/p>\n<p class=\"mce\">Es cierto que hay diferencias entre unos jueces de control de unos CIE y de otros, y eso se refleja\u00a0en las diferentes condiciones de los centros.<\/p>\n<p class=\"mce\"><strong class=\"mce\"> \u00bfQu\u00e9 hubiese hecho usted durante la madrugada o el d\u00eda posterior de la protesta en el CIE si le hubiese tocado estar en funciones?<\/strong><\/p>\n<p class=\"mce\">\u00bfSi hubiese estado en funciones el d\u00eda de la protesta? \u00bfQuiere que se lo diga? Yo me hubiese presentado all\u00ed. No porque quiera, porque es mi funci\u00f3n. \u00bfCree que me gustar\u00eda estar all\u00ed desde las 21:30 horas e intentar dialogar? No, yo preferir\u00eda dormir, pero me tomo en serio mi trabajo y el respeto a los derechos humanos pero desde una concepci\u00f3n amplia, no raqu\u00edtica como la quieren.<\/p>\n<p class=\"mce\"><strong class=\"mce\"> \u00bfLos CIE son peores que las c\u00e1rceles?<\/strong><\/p>\n<p class=\"mce\">Tuve un interno latino que me dijo: \u00abLlevo aqu\u00ed 40 d\u00edas, estuve en prisi\u00f3n tres meses por no pagar una multa\u00a0y\u00a0estuve mejor los tres meses en prisi\u00f3n que los 40 d\u00edas que llevo aqu\u00ed\u00bb. \u00a0Los funcionarios de prisiones est\u00e1n especializados en el trato, en las c\u00e1rceles tienen bibliotecas, gimnasios, tienen tareas para hacer&#8230; En mi opini\u00f3n los CIE son de peor condici\u00f3n que las c\u00e1rceles.<\/p>\n<p class=\"mce\">Ahora hablamos del CIE de Aluche, pero los hay\u00a0a\u00fan\u00a0peores: el de Algeciras, el de Tarifa o el que tuvieron que cerrar de M\u00e1laga, una antigua c\u00e1rcel que se ca\u00eda&#8230; Que los CIE son peores que las c\u00e1rceles es una realidad. Otra cosa es que est\u00e9n menos tiempo, en el CIE m\u00e1s de 60 d\u00edas no est\u00e1s.<\/p>\n<p class=\"mce\"><strong class=\"mce\"> \u00bfHay que cerrar los CIE?<\/strong><\/p>\n<p class=\"mce\">Yo creo que el mejor destino de los centros de internamiento ser\u00eda que desaparecieran. Si se pretende sostener que hay personas condenadas por sentencia firme que tienen que ser expulsadas, pueden hacerlo desde las c\u00e1rceles.\u00a0\u00bfPor qu\u00e9 se mezcla en la misma instalaci\u00f3n a personas que han cometido delitos, algunos graves, y a otras que no?<\/p>\n<p class=\"mce\">Conozco lo dice la ley, pero repito, mi concepci\u00f3n de los derechos humanos es m\u00e1s amplia.<\/p>\n<\/div>\n","protected":false},"excerpt":{"rendered":"<p>Ramiro Garc\u00eda de Dios, uno de los jueces encargados del control del CIE de Madrid, asegura en esta entrevista que \u00abes una falacia que no se vulneren los derechos humanos\u00bb Reconoce las complicaciones que tiene para investigar las denuncia de&hellip;<\/p>\n","protected":false},"author":1170,"featured_media":397685,"comment_status":"closed","ping_status":"closed","sticky":false,"template":"","format":"standard","meta":{"footnotes":""},"categories":[79,155,39],"tags":[31754,1065,398,32697],"class_list":["post-397683","post","type-post","status-publish","format-standard","has-post-thumbnail","hentry","category-derechos-humanos","category-entrevistas","category-internacional","tag-centros-internamiento-de-extranjeros","tag-espana","tag-justicia","tag-malos-tratos"],"yoast_head":"<!-- This site is optimized with the Yoast SEO plugin v27.1.1 - https:\/\/yoast.com\/product\/yoast-seo-wordpress\/ -->\n<title>El juez de control del CIE de Madrid: &quot;Quienes denuncian maltrato suelen ser deportados r\u00e1pidamente&quot;<\/title>\n<meta name=\"description\" content=\"Ramiro Garc\u00eda de Dios, uno de los jueces encargados del control del CIE de Madrid, asegura en esta entrevista que &quot;es una falacia que no se vulneren los\" \/>\n<meta name=\"robots\" content=\"index, follow, max-snippet:-1, max-image-preview:large, max-video-preview:-1\" \/>\n<link rel=\"canonical\" href=\"https:\/\/www.pressenza.com\/es\/2016\/11\/el-juez-de-control-del-cie-de-madrid-quienes-denuncian-maltrato-suelen-ser-deportados-rapidamente\/\" \/>\n<meta property=\"og:locale\" content=\"es_ES\" \/>\n<meta property=\"og:type\" content=\"article\" \/>\n<meta property=\"og:title\" content=\"El juez de control del CIE de Madrid: &quot;Quienes denuncian maltrato suelen ser deportados r\u00e1pidamente&quot;\" \/>\n<meta property=\"og:description\" content=\"Ramiro Garc\u00eda de Dios, uno de los jueces encargados del control del CIE de Madrid, asegura en esta entrevista que &quot;es una falacia que no se vulneren los\" \/>\n<meta property=\"og:url\" content=\"https:\/\/www.pressenza.com\/es\/2016\/11\/el-juez-de-control-del-cie-de-madrid-quienes-denuncian-maltrato-suelen-ser-deportados-rapidamente\/\" \/>\n<meta property=\"og:site_name\" content=\"Pressenza\" \/>\n<meta property=\"article:publisher\" content=\"https:\/\/www.facebook.com\/PressenzaItalia\" \/>\n<meta property=\"article:published_time\" content=\"2016-11-15T21:25:19+00:00\" \/>\n<meta property=\"og:image\" content=\"https:\/\/www.pressenza.com\/wp-content\/uploads\/2016\/11\/Ramiro-Garcia-CIE-Madrid-Oliva_EDIIMA20161022_0280_20.jpg\" \/>\n\t<meta property=\"og:image:width\" content=\"643\" \/>\n\t<meta property=\"og:image:height\" content=\"421\" \/>\n\t<meta property=\"og:image:type\" content=\"image\/jpeg\" \/>\n<meta name=\"author\" content=\"eldiario.es\" \/>\n<meta name=\"twitter:card\" content=\"summary_large_image\" \/>\n<meta name=\"twitter:creator\" content=\"@PressenzaIPA\" \/>\n<meta name=\"twitter:site\" content=\"@PressenzaIPA\" \/>\n<meta name=\"twitter:label1\" content=\"Escrito por\" \/>\n\t<meta name=\"twitter:data1\" content=\"eldiario.es\" \/>\n\t<meta name=\"twitter:label2\" content=\"Tiempo de lectura\" \/>\n\t<meta name=\"twitter:data2\" content=\"13 minutos\" \/>\n<script type=\"application\/ld+json\" class=\"yoast-schema-graph\">{\"@context\":\"https:\/\/schema.org\",\"@graph\":[{\"@type\":\"Article\",\"@id\":\"https:\/\/www.pressenza.com\/es\/2016\/11\/el-juez-de-control-del-cie-de-madrid-quienes-denuncian-maltrato-suelen-ser-deportados-rapidamente\/#article\",\"isPartOf\":{\"@id\":\"https:\/\/www.pressenza.com\/es\/2016\/11\/el-juez-de-control-del-cie-de-madrid-quienes-denuncian-maltrato-suelen-ser-deportados-rapidamente\/\"},\"author\":{\"name\":\"eldiario.es\",\"@id\":\"https:\/\/www.pressenza.com\/es\/#\/schema\/person\/35221cfd7eeca947b184bfc91172e541\"},\"headline\":\"El juez de control del CIE de Madrid: \u00abQuienes denuncian maltrato suelen ser deportados r\u00e1pidamente\u00bb\",\"datePublished\":\"2016-11-15T21:25:19+00:00\",\"mainEntityOfPage\":{\"@id\":\"https:\/\/www.pressenza.com\/es\/2016\/11\/el-juez-de-control-del-cie-de-madrid-quienes-denuncian-maltrato-suelen-ser-deportados-rapidamente\/\"},\"wordCount\":2672,\"publisher\":{\"@id\":\"https:\/\/www.pressenza.com\/es\/#organization\"},\"image\":{\"@id\":\"https:\/\/www.pressenza.com\/es\/2016\/11\/el-juez-de-control-del-cie-de-madrid-quienes-denuncian-maltrato-suelen-ser-deportados-rapidamente\/#primaryimage\"},\"thumbnailUrl\":\"https:\/\/www.pressenza.com\/wp-content\/uploads\/2016\/11\/Ramiro-Garcia-CIE-Madrid-Oliva_EDIIMA20161022_0280_20.jpg\",\"keywords\":[\"Centros Internamiento de Extranjeros\",\"Espa\u00f1a\",\"justicia\",\"malos tratos\"],\"articleSection\":[\"Derechos Humanos\",\"Entrevistas\",\"Internacional\"],\"inLanguage\":\"es\"},{\"@type\":\"WebPage\",\"@id\":\"https:\/\/www.pressenza.com\/es\/2016\/11\/el-juez-de-control-del-cie-de-madrid-quienes-denuncian-maltrato-suelen-ser-deportados-rapidamente\/\",\"url\":\"https:\/\/www.pressenza.com\/es\/2016\/11\/el-juez-de-control-del-cie-de-madrid-quienes-denuncian-maltrato-suelen-ser-deportados-rapidamente\/\",\"name\":\"El juez de control del CIE de Madrid: \\\"Quienes denuncian maltrato suelen ser deportados r\u00e1pidamente\\\"\",\"isPartOf\":{\"@id\":\"https:\/\/www.pressenza.com\/es\/#website\"},\"primaryImageOfPage\":{\"@id\":\"https:\/\/www.pressenza.com\/es\/2016\/11\/el-juez-de-control-del-cie-de-madrid-quienes-denuncian-maltrato-suelen-ser-deportados-rapidamente\/#primaryimage\"},\"image\":{\"@id\":\"https:\/\/www.pressenza.com\/es\/2016\/11\/el-juez-de-control-del-cie-de-madrid-quienes-denuncian-maltrato-suelen-ser-deportados-rapidamente\/#primaryimage\"},\"thumbnailUrl\":\"https:\/\/www.pressenza.com\/wp-content\/uploads\/2016\/11\/Ramiro-Garcia-CIE-Madrid-Oliva_EDIIMA20161022_0280_20.jpg\",\"datePublished\":\"2016-11-15T21:25:19+00:00\",\"description\":\"Ramiro Garc\u00eda de Dios, uno de los jueces encargados del control del CIE de Madrid, asegura en esta entrevista que \\\"es una falacia que no se vulneren los\",\"breadcrumb\":{\"@id\":\"https:\/\/www.pressenza.com\/es\/2016\/11\/el-juez-de-control-del-cie-de-madrid-quienes-denuncian-maltrato-suelen-ser-deportados-rapidamente\/#breadcrumb\"},\"inLanguage\":\"es\",\"potentialAction\":[{\"@type\":\"ReadAction\",\"target\":[\"https:\/\/www.pressenza.com\/es\/2016\/11\/el-juez-de-control-del-cie-de-madrid-quienes-denuncian-maltrato-suelen-ser-deportados-rapidamente\/\"]}]},{\"@type\":\"ImageObject\",\"inLanguage\":\"es\",\"@id\":\"https:\/\/www.pressenza.com\/es\/2016\/11\/el-juez-de-control-del-cie-de-madrid-quienes-denuncian-maltrato-suelen-ser-deportados-rapidamente\/#primaryimage\",\"url\":\"https:\/\/www.pressenza.com\/wp-content\/uploads\/2016\/11\/Ramiro-Garcia-CIE-Madrid-Oliva_EDIIMA20161022_0280_20.jpg\",\"contentUrl\":\"https:\/\/www.pressenza.com\/wp-content\/uploads\/2016\/11\/Ramiro-Garcia-CIE-Madrid-Oliva_EDIIMA20161022_0280_20.jpg\",\"width\":643,\"height\":421},{\"@type\":\"BreadcrumbList\",\"@id\":\"https:\/\/www.pressenza.com\/es\/2016\/11\/el-juez-de-control-del-cie-de-madrid-quienes-denuncian-maltrato-suelen-ser-deportados-rapidamente\/#breadcrumb\",\"itemListElement\":[{\"@type\":\"ListItem\",\"position\":1,\"name\":\"Accueil\",\"item\":\"https:\/\/www.pressenza.com\/es\/\"},{\"@type\":\"ListItem\",\"position\":2,\"name\":\"El juez de control del CIE de Madrid: \u00abQuienes denuncian maltrato suelen ser deportados r\u00e1pidamente\u00bb\"}]},{\"@type\":\"WebSite\",\"@id\":\"https:\/\/www.pressenza.com\/es\/#website\",\"url\":\"https:\/\/www.pressenza.com\/es\/\",\"name\":\"Pressenza\",\"description\":\"International Press Agency\",\"publisher\":{\"@id\":\"https:\/\/www.pressenza.com\/es\/#organization\"},\"potentialAction\":[{\"@type\":\"SearchAction\",\"target\":{\"@type\":\"EntryPoint\",\"urlTemplate\":\"https:\/\/www.pressenza.com\/es\/?s={search_term_string}\"},\"query-input\":{\"@type\":\"PropertyValueSpecification\",\"valueRequired\":true,\"valueName\":\"search_term_string\"}}],\"inLanguage\":\"es\"},{\"@type\":\"Organization\",\"@id\":\"https:\/\/www.pressenza.com\/es\/#organization\",\"name\":\"Pressenza\",\"url\":\"https:\/\/www.pressenza.com\/es\/\",\"logo\":{\"@type\":\"ImageObject\",\"inLanguage\":\"es\",\"@id\":\"https:\/\/www.pressenza.com\/es\/#\/schema\/logo\/image\/\",\"url\":\"https:\/\/www.pressenza.com\/wp-content\/uploads\/2022\/10\/pressenza_logo_200x200.jpg\",\"contentUrl\":\"https:\/\/www.pressenza.com\/wp-content\/uploads\/2022\/10\/pressenza_logo_200x200.jpg\",\"width\":200,\"height\":200,\"caption\":\"Pressenza\"},\"image\":{\"@id\":\"https:\/\/www.pressenza.com\/es\/#\/schema\/logo\/image\/\"},\"sameAs\":[\"https:\/\/www.facebook.com\/PressenzaItalia\",\"https:\/\/x.com\/PressenzaIPA\"]},{\"@type\":\"Person\",\"@id\":\"https:\/\/www.pressenza.com\/es\/#\/schema\/person\/35221cfd7eeca947b184bfc91172e541\",\"name\":\"eldiario.es\",\"description\":\"eldiario.es is a new digital media with information and analysis focussing on politics and economics in its broadest sense: what affects people more than parties or markets. eldiario.es\",\"url\":\"https:\/\/www.pressenza.com\/es\/author\/eldiario-es\/\"}]}<\/script>\n<!-- \/ Yoast SEO plugin. -->","yoast_head_json":{"title":"El juez de control del CIE de Madrid: \"Quienes denuncian maltrato suelen ser deportados r\u00e1pidamente\"","description":"Ramiro Garc\u00eda de Dios, uno de los jueces encargados del control del CIE de Madrid, asegura en esta entrevista que \"es una falacia que no se vulneren los","robots":{"index":"index","follow":"follow","max-snippet":"max-snippet:-1","max-image-preview":"max-image-preview:large","max-video-preview":"max-video-preview:-1"},"canonical":"https:\/\/www.pressenza.com\/es\/2016\/11\/el-juez-de-control-del-cie-de-madrid-quienes-denuncian-maltrato-suelen-ser-deportados-rapidamente\/","og_locale":"es_ES","og_type":"article","og_title":"El juez de control del CIE de Madrid: \"Quienes denuncian maltrato suelen ser deportados r\u00e1pidamente\"","og_description":"Ramiro Garc\u00eda de Dios, uno de los jueces encargados del control del CIE de Madrid, asegura en esta entrevista que \"es una falacia que no se vulneren los","og_url":"https:\/\/www.pressenza.com\/es\/2016\/11\/el-juez-de-control-del-cie-de-madrid-quienes-denuncian-maltrato-suelen-ser-deportados-rapidamente\/","og_site_name":"Pressenza","article_publisher":"https:\/\/www.facebook.com\/PressenzaItalia","article_published_time":"2016-11-15T21:25:19+00:00","og_image":[{"width":643,"height":421,"url":"https:\/\/www.pressenza.com\/wp-content\/uploads\/2016\/11\/Ramiro-Garcia-CIE-Madrid-Oliva_EDIIMA20161022_0280_20.jpg","type":"image\/jpeg"}],"author":"eldiario.es","twitter_card":"summary_large_image","twitter_creator":"@PressenzaIPA","twitter_site":"@PressenzaIPA","twitter_misc":{"Escrito por":"eldiario.es","Tiempo de lectura":"13 minutos"},"schema":{"@context":"https:\/\/schema.org","@graph":[{"@type":"Article","@id":"https:\/\/www.pressenza.com\/es\/2016\/11\/el-juez-de-control-del-cie-de-madrid-quienes-denuncian-maltrato-suelen-ser-deportados-rapidamente\/#article","isPartOf":{"@id":"https:\/\/www.pressenza.com\/es\/2016\/11\/el-juez-de-control-del-cie-de-madrid-quienes-denuncian-maltrato-suelen-ser-deportados-rapidamente\/"},"author":{"name":"eldiario.es","@id":"https:\/\/www.pressenza.com\/es\/#\/schema\/person\/35221cfd7eeca947b184bfc91172e541"},"headline":"El juez de control del CIE de Madrid: \u00abQuienes denuncian maltrato suelen ser deportados r\u00e1pidamente\u00bb","datePublished":"2016-11-15T21:25:19+00:00","mainEntityOfPage":{"@id":"https:\/\/www.pressenza.com\/es\/2016\/11\/el-juez-de-control-del-cie-de-madrid-quienes-denuncian-maltrato-suelen-ser-deportados-rapidamente\/"},"wordCount":2672,"publisher":{"@id":"https:\/\/www.pressenza.com\/es\/#organization"},"image":{"@id":"https:\/\/www.pressenza.com\/es\/2016\/11\/el-juez-de-control-del-cie-de-madrid-quienes-denuncian-maltrato-suelen-ser-deportados-rapidamente\/#primaryimage"},"thumbnailUrl":"https:\/\/www.pressenza.com\/wp-content\/uploads\/2016\/11\/Ramiro-Garcia-CIE-Madrid-Oliva_EDIIMA20161022_0280_20.jpg","keywords":["Centros Internamiento de Extranjeros","Espa\u00f1a","justicia","malos tratos"],"articleSection":["Derechos Humanos","Entrevistas","Internacional"],"inLanguage":"es"},{"@type":"WebPage","@id":"https:\/\/www.pressenza.com\/es\/2016\/11\/el-juez-de-control-del-cie-de-madrid-quienes-denuncian-maltrato-suelen-ser-deportados-rapidamente\/","url":"https:\/\/www.pressenza.com\/es\/2016\/11\/el-juez-de-control-del-cie-de-madrid-quienes-denuncian-maltrato-suelen-ser-deportados-rapidamente\/","name":"El juez de control del CIE de Madrid: \"Quienes denuncian maltrato suelen ser deportados r\u00e1pidamente\"","isPartOf":{"@id":"https:\/\/www.pressenza.com\/es\/#website"},"primaryImageOfPage":{"@id":"https:\/\/www.pressenza.com\/es\/2016\/11\/el-juez-de-control-del-cie-de-madrid-quienes-denuncian-maltrato-suelen-ser-deportados-rapidamente\/#primaryimage"},"image":{"@id":"https:\/\/www.pressenza.com\/es\/2016\/11\/el-juez-de-control-del-cie-de-madrid-quienes-denuncian-maltrato-suelen-ser-deportados-rapidamente\/#primaryimage"},"thumbnailUrl":"https:\/\/www.pressenza.com\/wp-content\/uploads\/2016\/11\/Ramiro-Garcia-CIE-Madrid-Oliva_EDIIMA20161022_0280_20.jpg","datePublished":"2016-11-15T21:25:19+00:00","description":"Ramiro Garc\u00eda de Dios, uno de los jueces encargados del control del CIE de Madrid, asegura en esta entrevista que \"es una falacia que no se vulneren los","breadcrumb":{"@id":"https:\/\/www.pressenza.com\/es\/2016\/11\/el-juez-de-control-del-cie-de-madrid-quienes-denuncian-maltrato-suelen-ser-deportados-rapidamente\/#breadcrumb"},"inLanguage":"es","potentialAction":[{"@type":"ReadAction","target":["https:\/\/www.pressenza.com\/es\/2016\/11\/el-juez-de-control-del-cie-de-madrid-quienes-denuncian-maltrato-suelen-ser-deportados-rapidamente\/"]}]},{"@type":"ImageObject","inLanguage":"es","@id":"https:\/\/www.pressenza.com\/es\/2016\/11\/el-juez-de-control-del-cie-de-madrid-quienes-denuncian-maltrato-suelen-ser-deportados-rapidamente\/#primaryimage","url":"https:\/\/www.pressenza.com\/wp-content\/uploads\/2016\/11\/Ramiro-Garcia-CIE-Madrid-Oliva_EDIIMA20161022_0280_20.jpg","contentUrl":"https:\/\/www.pressenza.com\/wp-content\/uploads\/2016\/11\/Ramiro-Garcia-CIE-Madrid-Oliva_EDIIMA20161022_0280_20.jpg","width":643,"height":421},{"@type":"BreadcrumbList","@id":"https:\/\/www.pressenza.com\/es\/2016\/11\/el-juez-de-control-del-cie-de-madrid-quienes-denuncian-maltrato-suelen-ser-deportados-rapidamente\/#breadcrumb","itemListElement":[{"@type":"ListItem","position":1,"name":"Accueil","item":"https:\/\/www.pressenza.com\/es\/"},{"@type":"ListItem","position":2,"name":"El juez de control del CIE de Madrid: \u00abQuienes denuncian maltrato suelen ser deportados r\u00e1pidamente\u00bb"}]},{"@type":"WebSite","@id":"https:\/\/www.pressenza.com\/es\/#website","url":"https:\/\/www.pressenza.com\/es\/","name":"Pressenza","description":"International Press Agency","publisher":{"@id":"https:\/\/www.pressenza.com\/es\/#organization"},"potentialAction":[{"@type":"SearchAction","target":{"@type":"EntryPoint","urlTemplate":"https:\/\/www.pressenza.com\/es\/?s={search_term_string}"},"query-input":{"@type":"PropertyValueSpecification","valueRequired":true,"valueName":"search_term_string"}}],"inLanguage":"es"},{"@type":"Organization","@id":"https:\/\/www.pressenza.com\/es\/#organization","name":"Pressenza","url":"https:\/\/www.pressenza.com\/es\/","logo":{"@type":"ImageObject","inLanguage":"es","@id":"https:\/\/www.pressenza.com\/es\/#\/schema\/logo\/image\/","url":"https:\/\/www.pressenza.com\/wp-content\/uploads\/2022\/10\/pressenza_logo_200x200.jpg","contentUrl":"https:\/\/www.pressenza.com\/wp-content\/uploads\/2022\/10\/pressenza_logo_200x200.jpg","width":200,"height":200,"caption":"Pressenza"},"image":{"@id":"https:\/\/www.pressenza.com\/es\/#\/schema\/logo\/image\/"},"sameAs":["https:\/\/www.facebook.com\/PressenzaItalia","https:\/\/x.com\/PressenzaIPA"]},{"@type":"Person","@id":"https:\/\/www.pressenza.com\/es\/#\/schema\/person\/35221cfd7eeca947b184bfc91172e541","name":"eldiario.es","description":"eldiario.es is a new digital media with information and analysis focussing on politics and economics in its broadest sense: what affects people more than parties or markets. eldiario.es","url":"https:\/\/www.pressenza.com\/es\/author\/eldiario-es\/"}]}},"place":"Madrid (Espa\u00f1a)","original_article_url":"http:\/\/www.eldiario.es\/desalambre\/entrevista-ramiro_0_572193134.html?#","_links":{"self":[{"href":"https:\/\/www.pressenza.com\/es\/wp-json\/wp\/v2\/posts\/397683","targetHints":{"allow":["GET"]}}],"collection":[{"href":"https:\/\/www.pressenza.com\/es\/wp-json\/wp\/v2\/posts"}],"about":[{"href":"https:\/\/www.pressenza.com\/es\/wp-json\/wp\/v2\/types\/post"}],"author":[{"embeddable":true,"href":"https:\/\/www.pressenza.com\/es\/wp-json\/wp\/v2\/users\/1170"}],"replies":[{"embeddable":true,"href":"https:\/\/www.pressenza.com\/es\/wp-json\/wp\/v2\/comments?post=397683"}],"version-history":[{"count":0,"href":"https:\/\/www.pressenza.com\/es\/wp-json\/wp\/v2\/posts\/397683\/revisions"}],"wp:featuredmedia":[{"embeddable":true,"href":"https:\/\/www.pressenza.com\/es\/wp-json\/wp\/v2\/media\/397685"}],"wp:attachment":[{"href":"https:\/\/www.pressenza.com\/es\/wp-json\/wp\/v2\/media?parent=397683"}],"wp:term":[{"taxonomy":"category","embeddable":true,"href":"https:\/\/www.pressenza.com\/es\/wp-json\/wp\/v2\/categories?post=397683"},{"taxonomy":"post_tag","embeddable":true,"href":"https:\/\/www.pressenza.com\/es\/wp-json\/wp\/v2\/tags?post=397683"}],"curies":[{"name":"wp","href":"https:\/\/api.w.org\/{rel}","templated":true}]}}