{"id":395976,"date":"2016-11-13T20:41:19","date_gmt":"2016-11-13T20:41:19","guid":{"rendered":"http:\/\/www.pressenza.com\/es\/?p=395976"},"modified":"2016-11-13T20:41:19","modified_gmt":"2016-11-13T20:41:19","slug":"nuevo-portal-de-cine-espiritual","status":"publish","type":"post","link":"https:\/\/www.pressenza.com\/es\/2016\/11\/nuevo-portal-de-cine-espiritual\/","title":{"rendered":"Nuevo portal de cine espiritual"},"content":{"rendered":"<blockquote><p><em>Una mirada a la diversidad religiosa que existe en nuestro pa\u00eds<\/em><\/p><\/blockquote>\n<p><em>\u00a0En v\u00edsperas del inicio de la \u00a0XIII Mostra de Cinema Espiritual que se celebrar\u00e1 en Barcelona del 15 al 30 de noviembre, se estrena en las redes el portal <a href=\"http:\/\/www.cinemaespiritual.cat\" data-saferedirecturl=\"https:\/\/www.google.com\/url?hl=es&amp;q=http:\/\/www.cinemaespiritual.cat&amp;source=gmail&amp;ust=1479152910921000&amp;usg=AFQjCNFxXHI5jPdOZ6G79rPgZUg_3Lo7MA\">www.cinemaespiritual.cat<\/a>, cuyo objetivo es dar a conocer, por medio del formato audiovisual, la diversidad religiosa y de creencias que existe en nuestro pa\u00eds<\/em><\/p>\n<p>El portal contiene un fondo filmogr\u00e1fico de las religiones, coordinado por el profesor Joan-Andreu Rocha Scarpetta, doctor en ciencias de la comunicaci\u00f3n y en historia de les religiones. Se trata de una base de datos catalogada, de acceso libre, que recoge la referencia de m\u00e1s de 2.000 producciones cinematogr\u00e1ficas de todo el mundo, que muestran historias y caracter\u00edsticas del Budismo, el Cristianismo, la Fe Bah\u00e1\u2019\u00ed, el Hinduismo, el Islam, el Janaismo, el Juda\u00edsmo y el Sikhismo.<\/p>\n<p>Impulsado por la Direcci\u00f3n General de Asuntos Religiosos de Catalu\u00f1a con la colaboraci\u00f3n de la Obra Social \u201cla Caixa\u201d y la Filmoteca de Catalu\u00f1a, este portal es un paso m\u00e1s para aumentar la interacci\u00f3n entre las comunidades religiosas y la sociedad.<\/p>\n<p>\u00abTanto este portal como la Mostra de cine espiritual que se celebra desde hace 13 a\u00f1os en Catalu\u00f1a, pueden ayudar a que la religi\u00f3n recupere su papel hist\u00f3rico de inspirar nuevos modelos y patrones de interacci\u00f3n humana que ayuden a gestionar las nuevas realidades a que nos enfrentamos\u00bb \u2014explica Sergio Garc\u00eda, director de la Oficina de Asuntos P\u00fablicos de la comunidad bah\u00e1&#8217;\u00ed en Espa\u00f1a\u2014.<\/p>\n<p>\u00abLa comunidad mundial bah\u00e1\u2019\u00ed, en particular, tiene abierto un proceso de aprendizaje global sobre c\u00f3mo desarrollar pel\u00edculas y documentales correlacionando las problem\u00e1ticas contempor\u00e1neas con principios espirituales que puedan ser \u00fatiles para abordar tales problemas. Combinar la faceta art\u00edstica y creativa con cierto rigor, no es nada f\u00e1cil, ya que a veces el cine religioso ha buscado adoctrinar y lo que esta iniciativa mundial pretende es inspirar a la acci\u00f3n colectiva en aras del progreso humano, con independencia de las creencias\u00bb.<\/p>\n<p>De la fe bah\u00e1\u2019\u00ed se han catalogado en este portal 17 pel\u00edculas de entre las que destacan: <em>To Light a Candle<\/em> (Encender una vela) del director irano-canadiense Maziar Bahari, un documental sobre la persecuci\u00f3n a la que est\u00e1n sometidos los bah\u00e1\u2019\u00eds de Ir\u00e1n y la imposibilidad de sus j\u00f3venes de poder acceder a la educaci\u00f3n superior, y <em>The Gardener<\/em> (El jardinero) del director iran\u00ed Mohsen Makhmalbaf, que obtuvo el premio del jurado ecum\u00e9nico en el Festival di Cannes de 2012.<\/p>\n","protected":false},"excerpt":{"rendered":"<p>Una mirada a la diversidad religiosa que existe en nuestro pa\u00eds \u00a0En v\u00edsperas del inicio de la \u00a0XIII Mostra de Cinema Espiritual que se celebrar\u00e1 en Barcelona del 15 al 30 de noviembre, se estrena en las redes el portal&hellip;<\/p>\n","protected":false},"author":94,"featured_media":395977,"comment_status":"closed","ping_status":"closed","sticky":false,"template":"","format":"standard","meta":{"footnotes":""},"categories":[149,75,39],"tags":[3305,792,15388],"class_list":["post-395976","post","type-post","status-publish","format-standard","has-post-thumbnail","hentry","category-comunicados-de-prensa","category-cultura-es","category-internacional","tag-cine","tag-espiritualidad","tag-religiones"],"yoast_head":"<!-- This site is optimized with the Yoast SEO plugin v27.1.1 - https:\/\/yoast.com\/product\/yoast-seo-wordpress\/ -->\n<title>Nuevo portal de cine espiritual<\/title>\n<meta name=\"description\" content=\"Una mirada a la diversidad religiosa que existe en nuestro pa\u00eds \u00a0En v\u00edsperas del inicio de la \u00a0XIII Mostra de Cinema Espiritual que se celebrar\u00e1 en\" \/>\n<meta name=\"robots\" content=\"index, follow, max-snippet:-1, max-image-preview:large, max-video-preview:-1\" \/>\n<link rel=\"canonical\" href=\"https:\/\/www.pressenza.com\/es\/2016\/11\/nuevo-portal-de-cine-espiritual\/\" \/>\n<meta property=\"og:locale\" content=\"es_ES\" \/>\n<meta property=\"og:type\" content=\"article\" \/>\n<meta property=\"og:title\" content=\"Nuevo portal de cine espiritual\" \/>\n<meta property=\"og:description\" content=\"Una mirada a la diversidad religiosa que existe en nuestro pa\u00eds \u00a0En v\u00edsperas del inicio de la \u00a0XIII Mostra de Cinema Espiritual que se celebrar\u00e1 en\" \/>\n<meta property=\"og:url\" content=\"https:\/\/www.pressenza.com\/es\/2016\/11\/nuevo-portal-de-cine-espiritual\/\" \/>\n<meta property=\"og:site_name\" content=\"Pressenza\" \/>\n<meta property=\"article:publisher\" content=\"https:\/\/www.facebook.com\/PressenzaItalia\" \/>\n<meta property=\"article:author\" content=\"https:\/\/www.facebook.com\/pressenza\" \/>\n<meta property=\"article:published_time\" content=\"2016-11-13T20:41:19+00:00\" \/>\n<meta property=\"og:image\" content=\"https:\/\/www.pressenza.com\/wp-content\/uploads\/2016\/11\/cine-espiritual.jpg\" \/>\n\t<meta property=\"og:image:width\" content=\"806\" \/>\n\t<meta property=\"og:image:height\" content=\"256\" \/>\n\t<meta property=\"og:image:type\" content=\"image\/jpeg\" \/>\n<meta name=\"author\" content=\"Redacci\u00f3n Madrid\" \/>\n<meta name=\"twitter:card\" content=\"summary_large_image\" \/>\n<meta name=\"twitter:creator\" content=\"@pressenza\" \/>\n<meta name=\"twitter:site\" content=\"@PressenzaIPA\" \/>\n<meta name=\"twitter:label1\" content=\"Escrito por\" \/>\n\t<meta name=\"twitter:data1\" content=\"Redacci\u00f3n Madrid\" \/>\n\t<meta name=\"twitter:label2\" content=\"Tiempo de lectura\" \/>\n\t<meta name=\"twitter:data2\" content=\"2 minutos\" \/>\n<script type=\"application\/ld+json\" class=\"yoast-schema-graph\">{\"@context\":\"https:\/\/schema.org\",\"@graph\":[{\"@type\":\"Article\",\"@id\":\"https:\/\/www.pressenza.com\/es\/2016\/11\/nuevo-portal-de-cine-espiritual\/#article\",\"isPartOf\":{\"@id\":\"https:\/\/www.pressenza.com\/es\/2016\/11\/nuevo-portal-de-cine-espiritual\/\"},\"author\":{\"name\":\"Redacci\u00f3n Madrid\",\"@id\":\"https:\/\/www.pressenza.com\/es\/#\/schema\/person\/828fc40eeca2ad7be3630e5a46adba94\"},\"headline\":\"Nuevo portal de cine espiritual\",\"datePublished\":\"2016-11-13T20:41:19+00:00\",\"mainEntityOfPage\":{\"@id\":\"https:\/\/www.pressenza.com\/es\/2016\/11\/nuevo-portal-de-cine-espiritual\/\"},\"wordCount\":443,\"publisher\":{\"@id\":\"https:\/\/www.pressenza.com\/es\/#organization\"},\"image\":{\"@id\":\"https:\/\/www.pressenza.com\/es\/2016\/11\/nuevo-portal-de-cine-espiritual\/#primaryimage\"},\"thumbnailUrl\":\"https:\/\/www.pressenza.com\/wp-content\/uploads\/2016\/11\/cine-espiritual.jpg\",\"keywords\":[\"cine\",\"Espiritualidad\",\"religiones\"],\"articleSection\":[\"Comunicados de Prensa\",\"Cultura y Medios\",\"Internacional\"],\"inLanguage\":\"es\"},{\"@type\":\"WebPage\",\"@id\":\"https:\/\/www.pressenza.com\/es\/2016\/11\/nuevo-portal-de-cine-espiritual\/\",\"url\":\"https:\/\/www.pressenza.com\/es\/2016\/11\/nuevo-portal-de-cine-espiritual\/\",\"name\":\"Nuevo portal de cine espiritual\",\"isPartOf\":{\"@id\":\"https:\/\/www.pressenza.com\/es\/#website\"},\"primaryImageOfPage\":{\"@id\":\"https:\/\/www.pressenza.com\/es\/2016\/11\/nuevo-portal-de-cine-espiritual\/#primaryimage\"},\"image\":{\"@id\":\"https:\/\/www.pressenza.com\/es\/2016\/11\/nuevo-portal-de-cine-espiritual\/#primaryimage\"},\"thumbnailUrl\":\"https:\/\/www.pressenza.com\/wp-content\/uploads\/2016\/11\/cine-espiritual.jpg\",\"datePublished\":\"2016-11-13T20:41:19+00:00\",\"description\":\"Una mirada a la diversidad religiosa que existe en nuestro pa\u00eds \u00a0En v\u00edsperas del inicio de la \u00a0XIII Mostra de Cinema Espiritual que se celebrar\u00e1 en\",\"breadcrumb\":{\"@id\":\"https:\/\/www.pressenza.com\/es\/2016\/11\/nuevo-portal-de-cine-espiritual\/#breadcrumb\"},\"inLanguage\":\"es\",\"potentialAction\":[{\"@type\":\"ReadAction\",\"target\":[\"https:\/\/www.pressenza.com\/es\/2016\/11\/nuevo-portal-de-cine-espiritual\/\"]}]},{\"@type\":\"ImageObject\",\"inLanguage\":\"es\",\"@id\":\"https:\/\/www.pressenza.com\/es\/2016\/11\/nuevo-portal-de-cine-espiritual\/#primaryimage\",\"url\":\"https:\/\/www.pressenza.com\/wp-content\/uploads\/2016\/11\/cine-espiritual.jpg\",\"contentUrl\":\"https:\/\/www.pressenza.com\/wp-content\/uploads\/2016\/11\/cine-espiritual.jpg\",\"width\":806,\"height\":256},{\"@type\":\"BreadcrumbList\",\"@id\":\"https:\/\/www.pressenza.com\/es\/2016\/11\/nuevo-portal-de-cine-espiritual\/#breadcrumb\",\"itemListElement\":[{\"@type\":\"ListItem\",\"position\":1,\"name\":\"Accueil\",\"item\":\"https:\/\/www.pressenza.com\/es\/\"},{\"@type\":\"ListItem\",\"position\":2,\"name\":\"Nuevo portal de cine espiritual\"}]},{\"@type\":\"WebSite\",\"@id\":\"https:\/\/www.pressenza.com\/es\/#website\",\"url\":\"https:\/\/www.pressenza.com\/es\/\",\"name\":\"Pressenza\",\"description\":\"International Press Agency\",\"publisher\":{\"@id\":\"https:\/\/www.pressenza.com\/es\/#organization\"},\"potentialAction\":[{\"@type\":\"SearchAction\",\"target\":{\"@type\":\"EntryPoint\",\"urlTemplate\":\"https:\/\/www.pressenza.com\/es\/?s={search_term_string}\"},\"query-input\":{\"@type\":\"PropertyValueSpecification\",\"valueRequired\":true,\"valueName\":\"search_term_string\"}}],\"inLanguage\":\"es\"},{\"@type\":\"Organization\",\"@id\":\"https:\/\/www.pressenza.com\/es\/#organization\",\"name\":\"Pressenza\",\"url\":\"https:\/\/www.pressenza.com\/es\/\",\"logo\":{\"@type\":\"ImageObject\",\"inLanguage\":\"es\",\"@id\":\"https:\/\/www.pressenza.com\/es\/#\/schema\/logo\/image\/\",\"url\":\"https:\/\/www.pressenza.com\/wp-content\/uploads\/2022\/10\/pressenza_logo_200x200.jpg\",\"contentUrl\":\"https:\/\/www.pressenza.com\/wp-content\/uploads\/2022\/10\/pressenza_logo_200x200.jpg\",\"width\":200,\"height\":200,\"caption\":\"Pressenza\"},\"image\":{\"@id\":\"https:\/\/www.pressenza.com\/es\/#\/schema\/logo\/image\/\"},\"sameAs\":[\"https:\/\/www.facebook.com\/PressenzaItalia\",\"https:\/\/x.com\/PressenzaIPA\"]},{\"@type\":\"Person\",\"@id\":\"https:\/\/www.pressenza.com\/es\/#\/schema\/person\/828fc40eeca2ad7be3630e5a46adba94\",\"name\":\"Redacci\u00f3n Madrid\",\"description\":\"News from the Pressenza Bureau in Madrid, Spain\",\"sameAs\":[\"https:\/\/www.facebook.com\/pressenza\",\"https:\/\/x.com\/pressenza\"],\"url\":\"https:\/\/www.pressenza.com\/es\/author\/redaccion-madrid\/\"}]}<\/script>\n<!-- \/ Yoast SEO plugin. -->","yoast_head_json":{"title":"Nuevo portal de cine espiritual","description":"Una mirada a la diversidad religiosa que existe en nuestro pa\u00eds \u00a0En v\u00edsperas del inicio de la \u00a0XIII Mostra de Cinema Espiritual que se celebrar\u00e1 en","robots":{"index":"index","follow":"follow","max-snippet":"max-snippet:-1","max-image-preview":"max-image-preview:large","max-video-preview":"max-video-preview:-1"},"canonical":"https:\/\/www.pressenza.com\/es\/2016\/11\/nuevo-portal-de-cine-espiritual\/","og_locale":"es_ES","og_type":"article","og_title":"Nuevo portal de cine espiritual","og_description":"Una mirada a la diversidad religiosa que existe en nuestro pa\u00eds \u00a0En v\u00edsperas del inicio de la \u00a0XIII Mostra de Cinema Espiritual que se celebrar\u00e1 en","og_url":"https:\/\/www.pressenza.com\/es\/2016\/11\/nuevo-portal-de-cine-espiritual\/","og_site_name":"Pressenza","article_publisher":"https:\/\/www.facebook.com\/PressenzaItalia","article_author":"https:\/\/www.facebook.com\/pressenza","article_published_time":"2016-11-13T20:41:19+00:00","og_image":[{"width":806,"height":256,"url":"https:\/\/www.pressenza.com\/wp-content\/uploads\/2016\/11\/cine-espiritual.jpg","type":"image\/jpeg"}],"author":"Redacci\u00f3n Madrid","twitter_card":"summary_large_image","twitter_creator":"@pressenza","twitter_site":"@PressenzaIPA","twitter_misc":{"Escrito por":"Redacci\u00f3n Madrid","Tiempo de lectura":"2 minutos"},"schema":{"@context":"https:\/\/schema.org","@graph":[{"@type":"Article","@id":"https:\/\/www.pressenza.com\/es\/2016\/11\/nuevo-portal-de-cine-espiritual\/#article","isPartOf":{"@id":"https:\/\/www.pressenza.com\/es\/2016\/11\/nuevo-portal-de-cine-espiritual\/"},"author":{"name":"Redacci\u00f3n Madrid","@id":"https:\/\/www.pressenza.com\/es\/#\/schema\/person\/828fc40eeca2ad7be3630e5a46adba94"},"headline":"Nuevo portal de cine espiritual","datePublished":"2016-11-13T20:41:19+00:00","mainEntityOfPage":{"@id":"https:\/\/www.pressenza.com\/es\/2016\/11\/nuevo-portal-de-cine-espiritual\/"},"wordCount":443,"publisher":{"@id":"https:\/\/www.pressenza.com\/es\/#organization"},"image":{"@id":"https:\/\/www.pressenza.com\/es\/2016\/11\/nuevo-portal-de-cine-espiritual\/#primaryimage"},"thumbnailUrl":"https:\/\/www.pressenza.com\/wp-content\/uploads\/2016\/11\/cine-espiritual.jpg","keywords":["cine","Espiritualidad","religiones"],"articleSection":["Comunicados de Prensa","Cultura y Medios","Internacional"],"inLanguage":"es"},{"@type":"WebPage","@id":"https:\/\/www.pressenza.com\/es\/2016\/11\/nuevo-portal-de-cine-espiritual\/","url":"https:\/\/www.pressenza.com\/es\/2016\/11\/nuevo-portal-de-cine-espiritual\/","name":"Nuevo portal de cine espiritual","isPartOf":{"@id":"https:\/\/www.pressenza.com\/es\/#website"},"primaryImageOfPage":{"@id":"https:\/\/www.pressenza.com\/es\/2016\/11\/nuevo-portal-de-cine-espiritual\/#primaryimage"},"image":{"@id":"https:\/\/www.pressenza.com\/es\/2016\/11\/nuevo-portal-de-cine-espiritual\/#primaryimage"},"thumbnailUrl":"https:\/\/www.pressenza.com\/wp-content\/uploads\/2016\/11\/cine-espiritual.jpg","datePublished":"2016-11-13T20:41:19+00:00","description":"Una mirada a la diversidad religiosa que existe en nuestro pa\u00eds \u00a0En v\u00edsperas del inicio de la \u00a0XIII Mostra de Cinema Espiritual que se celebrar\u00e1 en","breadcrumb":{"@id":"https:\/\/www.pressenza.com\/es\/2016\/11\/nuevo-portal-de-cine-espiritual\/#breadcrumb"},"inLanguage":"es","potentialAction":[{"@type":"ReadAction","target":["https:\/\/www.pressenza.com\/es\/2016\/11\/nuevo-portal-de-cine-espiritual\/"]}]},{"@type":"ImageObject","inLanguage":"es","@id":"https:\/\/www.pressenza.com\/es\/2016\/11\/nuevo-portal-de-cine-espiritual\/#primaryimage","url":"https:\/\/www.pressenza.com\/wp-content\/uploads\/2016\/11\/cine-espiritual.jpg","contentUrl":"https:\/\/www.pressenza.com\/wp-content\/uploads\/2016\/11\/cine-espiritual.jpg","width":806,"height":256},{"@type":"BreadcrumbList","@id":"https:\/\/www.pressenza.com\/es\/2016\/11\/nuevo-portal-de-cine-espiritual\/#breadcrumb","itemListElement":[{"@type":"ListItem","position":1,"name":"Accueil","item":"https:\/\/www.pressenza.com\/es\/"},{"@type":"ListItem","position":2,"name":"Nuevo portal de cine espiritual"}]},{"@type":"WebSite","@id":"https:\/\/www.pressenza.com\/es\/#website","url":"https:\/\/www.pressenza.com\/es\/","name":"Pressenza","description":"International Press Agency","publisher":{"@id":"https:\/\/www.pressenza.com\/es\/#organization"},"potentialAction":[{"@type":"SearchAction","target":{"@type":"EntryPoint","urlTemplate":"https:\/\/www.pressenza.com\/es\/?s={search_term_string}"},"query-input":{"@type":"PropertyValueSpecification","valueRequired":true,"valueName":"search_term_string"}}],"inLanguage":"es"},{"@type":"Organization","@id":"https:\/\/www.pressenza.com\/es\/#organization","name":"Pressenza","url":"https:\/\/www.pressenza.com\/es\/","logo":{"@type":"ImageObject","inLanguage":"es","@id":"https:\/\/www.pressenza.com\/es\/#\/schema\/logo\/image\/","url":"https:\/\/www.pressenza.com\/wp-content\/uploads\/2022\/10\/pressenza_logo_200x200.jpg","contentUrl":"https:\/\/www.pressenza.com\/wp-content\/uploads\/2022\/10\/pressenza_logo_200x200.jpg","width":200,"height":200,"caption":"Pressenza"},"image":{"@id":"https:\/\/www.pressenza.com\/es\/#\/schema\/logo\/image\/"},"sameAs":["https:\/\/www.facebook.com\/PressenzaItalia","https:\/\/x.com\/PressenzaIPA"]},{"@type":"Person","@id":"https:\/\/www.pressenza.com\/es\/#\/schema\/person\/828fc40eeca2ad7be3630e5a46adba94","name":"Redacci\u00f3n Madrid","description":"News from the Pressenza Bureau in Madrid, Spain","sameAs":["https:\/\/www.facebook.com\/pressenza","https:\/\/x.com\/pressenza"],"url":"https:\/\/www.pressenza.com\/es\/author\/redaccion-madrid\/"}]}},"place":"Barcelona (Espa\u00f1a)","original_article_url":"","_links":{"self":[{"href":"https:\/\/www.pressenza.com\/es\/wp-json\/wp\/v2\/posts\/395976","targetHints":{"allow":["GET"]}}],"collection":[{"href":"https:\/\/www.pressenza.com\/es\/wp-json\/wp\/v2\/posts"}],"about":[{"href":"https:\/\/www.pressenza.com\/es\/wp-json\/wp\/v2\/types\/post"}],"author":[{"embeddable":true,"href":"https:\/\/www.pressenza.com\/es\/wp-json\/wp\/v2\/users\/94"}],"replies":[{"embeddable":true,"href":"https:\/\/www.pressenza.com\/es\/wp-json\/wp\/v2\/comments?post=395976"}],"version-history":[{"count":0,"href":"https:\/\/www.pressenza.com\/es\/wp-json\/wp\/v2\/posts\/395976\/revisions"}],"wp:featuredmedia":[{"embeddable":true,"href":"https:\/\/www.pressenza.com\/es\/wp-json\/wp\/v2\/media\/395977"}],"wp:attachment":[{"href":"https:\/\/www.pressenza.com\/es\/wp-json\/wp\/v2\/media?parent=395976"}],"wp:term":[{"taxonomy":"category","embeddable":true,"href":"https:\/\/www.pressenza.com\/es\/wp-json\/wp\/v2\/categories?post=395976"},{"taxonomy":"post_tag","embeddable":true,"href":"https:\/\/www.pressenza.com\/es\/wp-json\/wp\/v2\/tags?post=395976"}],"curies":[{"name":"wp","href":"https:\/\/api.w.org\/{rel}","templated":true}]}}