{"id":394614,"date":"2016-11-09T15:46:03","date_gmt":"2016-11-09T15:46:03","guid":{"rendered":"http:\/\/www.pressenza.com\/es\/?p=394614"},"modified":"2016-11-09T15:46:03","modified_gmt":"2016-11-09T15:46:03","slug":"alertan-sobre-riesgo-de-que-obama-intente-aprobar-el-tpp-antes-del-cambio-de-mando","status":"publish","type":"post","link":"https:\/\/www.pressenza.com\/es\/2016\/11\/alertan-sobre-riesgo-de-que-obama-intente-aprobar-el-tpp-antes-del-cambio-de-mando\/","title":{"rendered":"Alertan sobre riesgo de que Obama intente aprobar el TPP antes del cambio de mando"},"content":{"rendered":"<p style=\"text-align: justify;\"><strong><em>Plataforma Chile Mejor sin TPP advirti\u00f3 que gobierno de Estados Unidos podr\u00eda precipitar votaci\u00f3n del proyecto, ante la oposici\u00f3n que Donald Trump manifest\u00f3 al tratado.<\/em><\/strong><\/p>\n<p style=\"text-align: justify;\"><strong><em>Colectivo hizo un llamado al gobierno chileno a no intentar \u201cseguirle el ritmo a Estados Unidos y sumarse a su falta de respeto por la voluntad ciudadana\u201d.<\/em><\/strong><\/p>\n<p style=\"text-align: justify;\">La Plataforma Chile Mejor sin TPP, integrada por 130 organizaciones sociales y civiles, advirti\u00f3 sobre el periodo conocido en Estados Unidos como \u201cel pato cojo\u201d, entre la elecci\u00f3n y el cambio de mando, en el cual el gobierno de Obama podr\u00eda tratar de aprobar el Acuerdo Tranpac\u00edfico (TPP, por sus siglas en ingl\u00e9s).<\/p>\n<p style=\"text-align: justify;\">El Colectivo afirm\u00f3 que la situaci\u00f3n podr\u00eda producirse porque el presidente electo, Donald Trump, comprometi\u00f3 p\u00fablicamente su rechazo al Tratado durante la campa\u00f1a.<\/p>\n<p style=\"text-align: justify;\">Carlos Figueroa, de Revoluci\u00f3n Democr\u00e1tica e integrante del Colectivo, afirm\u00f3 que \u201cEstados Unidos nos est\u00e1 poniendo el pie encima, presionando al gobierno y al parlamento para que aprobemos el TPP. Si al Congreso le asiste dignidad, al menos tiene que pedir una renegociaci\u00f3n del tratado\u201d.<\/p>\n<p style=\"text-align: justify;\">En la misma l\u00ednea, la Plataforma advirti\u00f3 la inquietud de la Canciller\u00eda chilena por el rechazo generalizado que el Tratado ha producido en el mundo entero, lo cual se ha replicado en Chile y entre muchos parlamentarios. Por eso, hicieron un llamado a que el Ministerio de Relaciones Exteriores no precipite una discusi\u00f3n que tiene vicios de origen por su secretismo y falta de participaci\u00f3n, lo cual ser\u00eda adem\u00e1s sumarse d\u00f3cilmente a la estrategia de Estados Unidos.<\/p>\n<p style=\"text-align: justify;\">Al respecto, Figueroa afirm\u00f3 que \u201cnos han escondido informaci\u00f3n, nos han excluido del proceso de negociaci\u00f3n y ahora nos quieren hacer creer que \u00e9ste es un acuerdo positivo para Chile. \u00bfPor qu\u00e9 tenemos que creerles si los principales estudios econ\u00f3micos y de derechos humanos demuestran que no nos est\u00e1n diciendo la verdad completa?\u201d.<\/p>\n<p style=\"text-align: justify;\">\u201cEsta ma\u00f1ana se da la paradoja \u2013agreg\u00f3 Figueroa- de que tenemos al canciller Heraldo Mu\u00f1oz m\u00e1s preocupado por el futuro del TPP que el propio Estados Unidos, el autor y por lejos el m\u00e1s beneficiado\u201d.<\/p>\n<p style=\"text-align: justify;\">En el programa de gobierno de la entonces candidata Michelle Bachelet se estableci\u00f3 que \u201ctenemos preocupaci\u00f3n ante la urgencia por negociar el acuerdo Transpacific Partnership (TPP). Para velar por el inter\u00e9s de Chile se debe hacer una revisi\u00f3n exhaustiva de sus alcances e implicaciones. Para nuestro pa\u00eds es prioritario impedir aspectos cuestionables que pudieran surgir en este acuerdo, pues, mal manejado, se transformar\u00eda en una renegociaci\u00f3n indirecta de nuestro TLC con EEUU, debilitando acuerdos ya establecidos en materia de propiedad intelectual, farmac\u00e9uticos, compras p\u00fablicas, servicios e inversiones, o llevar\u00eda a la instalaci\u00f3n de nuevas formas en el sector financiero\u201d.<\/p>\n<p style=\"text-align: justify;\">Sin embargo, con el paso del tiempo el recelo ante este tratado de libre comercio, as\u00ed como el resguardo ante los \u201caspectos cuestionables\u201d, se fue desvaneciendo y su aprobaci\u00f3n se ha vuelto un punto prioritario para el Gobierno, a pesar de que no existe hasta el momento ning\u00fan estudio de impacto econ\u00f3mico que asegure beneficios para el pa\u00eds.<\/p>\n","protected":false},"excerpt":{"rendered":"<p>Plataforma Chile Mejor sin TPP advirti\u00f3 que gobierno de Estados Unidos podr\u00eda precipitar votaci\u00f3n del proyecto, ante la oposici\u00f3n que Donald Trump manifest\u00f3 al tratado. Colectivo hizo un llamado al gobierno chileno a no intentar \u201cseguirle el ritmo a Estados&hellip;<\/p>\n","protected":false},"author":43,"featured_media":394621,"comment_status":"closed","ping_status":"closed","sticky":false,"template":"","format":"standard","meta":{"footnotes":""},"categories":[149,81,68,67],"tags":[32444,26187,8242,28555,6585,9057],"class_list":["post-394614","post","type-post","status-publish","format-standard","has-post-thumbnail","hentry","category-comunicados-de-prensa","category-economia-es","category-norteamerica","category-sudamerica","tag-chile-mejor-sin-tpp","tag-donald-trump-es","tag-michelle-bachelet-es","tag-obama","tag-tlc","tag-tpp-es"],"yoast_head":"<!-- This site is optimized with the Yoast SEO plugin v27.1.1 - https:\/\/yoast.com\/product\/yoast-seo-wordpress\/ -->\n<title>Alertan sobre riesgo de que Obama intente aprobar el TPP antes del cambio de mando<\/title>\n<meta name=\"description\" content=\"Plataforma Chile Mejor sin TPP advirti\u00f3 que gobierno de Estados Unidos podr\u00eda precipitar votaci\u00f3n del proyecto, ante la oposici\u00f3n que Donald Trump\" \/>\n<meta name=\"robots\" content=\"index, follow, max-snippet:-1, max-image-preview:large, max-video-preview:-1\" \/>\n<link rel=\"canonical\" href=\"https:\/\/www.pressenza.com\/es\/2016\/11\/alertan-sobre-riesgo-de-que-obama-intente-aprobar-el-tpp-antes-del-cambio-de-mando\/\" \/>\n<meta property=\"og:locale\" content=\"es_ES\" \/>\n<meta property=\"og:type\" content=\"article\" \/>\n<meta property=\"og:title\" content=\"Alertan sobre riesgo de que Obama intente aprobar el TPP antes del cambio de mando\" \/>\n<meta property=\"og:description\" content=\"Plataforma Chile Mejor sin TPP advirti\u00f3 que gobierno de Estados Unidos podr\u00eda precipitar votaci\u00f3n del proyecto, ante la oposici\u00f3n que Donald Trump\" \/>\n<meta property=\"og:url\" content=\"https:\/\/www.pressenza.com\/es\/2016\/11\/alertan-sobre-riesgo-de-que-obama-intente-aprobar-el-tpp-antes-del-cambio-de-mando\/\" \/>\n<meta property=\"og:site_name\" content=\"Pressenza\" \/>\n<meta property=\"article:publisher\" content=\"https:\/\/www.facebook.com\/PressenzaItalia\" \/>\n<meta property=\"article:author\" content=\"https:\/\/www.facebook.com\/pressenza\" \/>\n<meta property=\"article:published_time\" content=\"2016-11-09T15:46:03+00:00\" \/>\n<meta property=\"og:image\" content=\"https:\/\/www.pressenza.com\/wp-content\/uploads\/2016\/11\/Donald-Trump-vs-Barack-Obama-1000x600.jpg\" \/>\n\t<meta property=\"og:image:width\" content=\"1000\" \/>\n\t<meta property=\"og:image:height\" content=\"600\" \/>\n\t<meta property=\"og:image:type\" content=\"image\/jpeg\" \/>\n<meta name=\"author\" content=\"Redacci\u00f3n Chile\" \/>\n<meta name=\"twitter:card\" content=\"summary_large_image\" \/>\n<meta name=\"twitter:creator\" content=\"@pressenza\" \/>\n<meta name=\"twitter:site\" content=\"@PressenzaIPA\" \/>\n<meta name=\"twitter:label1\" content=\"Escrito por\" \/>\n\t<meta name=\"twitter:data1\" content=\"Redacci\u00f3n Chile\" \/>\n\t<meta name=\"twitter:label2\" content=\"Tiempo de lectura\" \/>\n\t<meta name=\"twitter:data2\" content=\"3 minutos\" \/>\n<script type=\"application\/ld+json\" class=\"yoast-schema-graph\">{\"@context\":\"https:\/\/schema.org\",\"@graph\":[{\"@type\":\"Article\",\"@id\":\"https:\/\/www.pressenza.com\/es\/2016\/11\/alertan-sobre-riesgo-de-que-obama-intente-aprobar-el-tpp-antes-del-cambio-de-mando\/#article\",\"isPartOf\":{\"@id\":\"https:\/\/www.pressenza.com\/es\/2016\/11\/alertan-sobre-riesgo-de-que-obama-intente-aprobar-el-tpp-antes-del-cambio-de-mando\/\"},\"author\":{\"name\":\"Redacci\u00f3n Chile\",\"@id\":\"https:\/\/www.pressenza.com\/es\/#\/schema\/person\/d7db40df35d6698ba69ba9ee260944ed\"},\"headline\":\"Alertan sobre riesgo de que Obama intente aprobar el TPP antes del cambio de mando\",\"datePublished\":\"2016-11-09T15:46:03+00:00\",\"mainEntityOfPage\":{\"@id\":\"https:\/\/www.pressenza.com\/es\/2016\/11\/alertan-sobre-riesgo-de-que-obama-intente-aprobar-el-tpp-antes-del-cambio-de-mando\/\"},\"wordCount\":552,\"publisher\":{\"@id\":\"https:\/\/www.pressenza.com\/es\/#organization\"},\"image\":{\"@id\":\"https:\/\/www.pressenza.com\/es\/2016\/11\/alertan-sobre-riesgo-de-que-obama-intente-aprobar-el-tpp-antes-del-cambio-de-mando\/#primaryimage\"},\"thumbnailUrl\":\"https:\/\/www.pressenza.com\/wp-content\/uploads\/2016\/11\/Donald-Trump-vs-Barack-Obama-1000x600.jpg\",\"keywords\":[\"Chile Mejor sin TPP\",\"Donald Trump\",\"Michelle Bachelet\",\"Obama\",\"tlc\",\"TPP\"],\"articleSection\":[\"Comunicados de Prensa\",\"Econom\u00eda\",\"Norteam\u00e9rica\",\"Sudam\u00e9rica\"],\"inLanguage\":\"es\"},{\"@type\":\"WebPage\",\"@id\":\"https:\/\/www.pressenza.com\/es\/2016\/11\/alertan-sobre-riesgo-de-que-obama-intente-aprobar-el-tpp-antes-del-cambio-de-mando\/\",\"url\":\"https:\/\/www.pressenza.com\/es\/2016\/11\/alertan-sobre-riesgo-de-que-obama-intente-aprobar-el-tpp-antes-del-cambio-de-mando\/\",\"name\":\"Alertan sobre riesgo de que Obama intente aprobar el TPP antes del cambio de mando\",\"isPartOf\":{\"@id\":\"https:\/\/www.pressenza.com\/es\/#website\"},\"primaryImageOfPage\":{\"@id\":\"https:\/\/www.pressenza.com\/es\/2016\/11\/alertan-sobre-riesgo-de-que-obama-intente-aprobar-el-tpp-antes-del-cambio-de-mando\/#primaryimage\"},\"image\":{\"@id\":\"https:\/\/www.pressenza.com\/es\/2016\/11\/alertan-sobre-riesgo-de-que-obama-intente-aprobar-el-tpp-antes-del-cambio-de-mando\/#primaryimage\"},\"thumbnailUrl\":\"https:\/\/www.pressenza.com\/wp-content\/uploads\/2016\/11\/Donald-Trump-vs-Barack-Obama-1000x600.jpg\",\"datePublished\":\"2016-11-09T15:46:03+00:00\",\"description\":\"Plataforma Chile Mejor sin TPP advirti\u00f3 que gobierno de Estados Unidos podr\u00eda precipitar votaci\u00f3n del proyecto, ante la oposici\u00f3n que Donald Trump\",\"breadcrumb\":{\"@id\":\"https:\/\/www.pressenza.com\/es\/2016\/11\/alertan-sobre-riesgo-de-que-obama-intente-aprobar-el-tpp-antes-del-cambio-de-mando\/#breadcrumb\"},\"inLanguage\":\"es\",\"potentialAction\":[{\"@type\":\"ReadAction\",\"target\":[\"https:\/\/www.pressenza.com\/es\/2016\/11\/alertan-sobre-riesgo-de-que-obama-intente-aprobar-el-tpp-antes-del-cambio-de-mando\/\"]}]},{\"@type\":\"ImageObject\",\"inLanguage\":\"es\",\"@id\":\"https:\/\/www.pressenza.com\/es\/2016\/11\/alertan-sobre-riesgo-de-que-obama-intente-aprobar-el-tpp-antes-del-cambio-de-mando\/#primaryimage\",\"url\":\"https:\/\/www.pressenza.com\/wp-content\/uploads\/2016\/11\/Donald-Trump-vs-Barack-Obama-1000x600.jpg\",\"contentUrl\":\"https:\/\/www.pressenza.com\/wp-content\/uploads\/2016\/11\/Donald-Trump-vs-Barack-Obama-1000x600.jpg\",\"width\":1000,\"height\":600},{\"@type\":\"BreadcrumbList\",\"@id\":\"https:\/\/www.pressenza.com\/es\/2016\/11\/alertan-sobre-riesgo-de-que-obama-intente-aprobar-el-tpp-antes-del-cambio-de-mando\/#breadcrumb\",\"itemListElement\":[{\"@type\":\"ListItem\",\"position\":1,\"name\":\"Accueil\",\"item\":\"https:\/\/www.pressenza.com\/es\/\"},{\"@type\":\"ListItem\",\"position\":2,\"name\":\"Alertan sobre riesgo de que Obama intente aprobar el TPP antes del cambio de mando\"}]},{\"@type\":\"WebSite\",\"@id\":\"https:\/\/www.pressenza.com\/es\/#website\",\"url\":\"https:\/\/www.pressenza.com\/es\/\",\"name\":\"Pressenza\",\"description\":\"International Press Agency\",\"publisher\":{\"@id\":\"https:\/\/www.pressenza.com\/es\/#organization\"},\"potentialAction\":[{\"@type\":\"SearchAction\",\"target\":{\"@type\":\"EntryPoint\",\"urlTemplate\":\"https:\/\/www.pressenza.com\/es\/?s={search_term_string}\"},\"query-input\":{\"@type\":\"PropertyValueSpecification\",\"valueRequired\":true,\"valueName\":\"search_term_string\"}}],\"inLanguage\":\"es\"},{\"@type\":\"Organization\",\"@id\":\"https:\/\/www.pressenza.com\/es\/#organization\",\"name\":\"Pressenza\",\"url\":\"https:\/\/www.pressenza.com\/es\/\",\"logo\":{\"@type\":\"ImageObject\",\"inLanguage\":\"es\",\"@id\":\"https:\/\/www.pressenza.com\/es\/#\/schema\/logo\/image\/\",\"url\":\"https:\/\/www.pressenza.com\/wp-content\/uploads\/2022\/10\/pressenza_logo_200x200.jpg\",\"contentUrl\":\"https:\/\/www.pressenza.com\/wp-content\/uploads\/2022\/10\/pressenza_logo_200x200.jpg\",\"width\":200,\"height\":200,\"caption\":\"Pressenza\"},\"image\":{\"@id\":\"https:\/\/www.pressenza.com\/es\/#\/schema\/logo\/image\/\"},\"sameAs\":[\"https:\/\/www.facebook.com\/PressenzaItalia\",\"https:\/\/x.com\/PressenzaIPA\"]},{\"@type\":\"Person\",\"@id\":\"https:\/\/www.pressenza.com\/es\/#\/schema\/person\/d7db40df35d6698ba69ba9ee260944ed\",\"name\":\"Redacci\u00f3n Chile\",\"description\":\"News from the Pressenza Bureau in Chile\",\"sameAs\":[\"https:\/\/www.facebook.com\/pressenza\",\"https:\/\/x.com\/pressenza\"],\"url\":\"https:\/\/www.pressenza.com\/es\/author\/redaccion-chile\/\"}]}<\/script>\n<!-- \/ Yoast SEO plugin. -->","yoast_head_json":{"title":"Alertan sobre riesgo de que Obama intente aprobar el TPP antes del cambio de mando","description":"Plataforma Chile Mejor sin TPP advirti\u00f3 que gobierno de Estados Unidos podr\u00eda precipitar votaci\u00f3n del proyecto, ante la oposici\u00f3n que Donald Trump","robots":{"index":"index","follow":"follow","max-snippet":"max-snippet:-1","max-image-preview":"max-image-preview:large","max-video-preview":"max-video-preview:-1"},"canonical":"https:\/\/www.pressenza.com\/es\/2016\/11\/alertan-sobre-riesgo-de-que-obama-intente-aprobar-el-tpp-antes-del-cambio-de-mando\/","og_locale":"es_ES","og_type":"article","og_title":"Alertan sobre riesgo de que Obama intente aprobar el TPP antes del cambio de mando","og_description":"Plataforma Chile Mejor sin TPP advirti\u00f3 que gobierno de Estados Unidos podr\u00eda precipitar votaci\u00f3n del proyecto, ante la oposici\u00f3n que Donald Trump","og_url":"https:\/\/www.pressenza.com\/es\/2016\/11\/alertan-sobre-riesgo-de-que-obama-intente-aprobar-el-tpp-antes-del-cambio-de-mando\/","og_site_name":"Pressenza","article_publisher":"https:\/\/www.facebook.com\/PressenzaItalia","article_author":"https:\/\/www.facebook.com\/pressenza","article_published_time":"2016-11-09T15:46:03+00:00","og_image":[{"width":1000,"height":600,"url":"https:\/\/www.pressenza.com\/wp-content\/uploads\/2016\/11\/Donald-Trump-vs-Barack-Obama-1000x600.jpg","type":"image\/jpeg"}],"author":"Redacci\u00f3n Chile","twitter_card":"summary_large_image","twitter_creator":"@pressenza","twitter_site":"@PressenzaIPA","twitter_misc":{"Escrito por":"Redacci\u00f3n Chile","Tiempo de lectura":"3 minutos"},"schema":{"@context":"https:\/\/schema.org","@graph":[{"@type":"Article","@id":"https:\/\/www.pressenza.com\/es\/2016\/11\/alertan-sobre-riesgo-de-que-obama-intente-aprobar-el-tpp-antes-del-cambio-de-mando\/#article","isPartOf":{"@id":"https:\/\/www.pressenza.com\/es\/2016\/11\/alertan-sobre-riesgo-de-que-obama-intente-aprobar-el-tpp-antes-del-cambio-de-mando\/"},"author":{"name":"Redacci\u00f3n Chile","@id":"https:\/\/www.pressenza.com\/es\/#\/schema\/person\/d7db40df35d6698ba69ba9ee260944ed"},"headline":"Alertan sobre riesgo de que Obama intente aprobar el TPP antes del cambio de mando","datePublished":"2016-11-09T15:46:03+00:00","mainEntityOfPage":{"@id":"https:\/\/www.pressenza.com\/es\/2016\/11\/alertan-sobre-riesgo-de-que-obama-intente-aprobar-el-tpp-antes-del-cambio-de-mando\/"},"wordCount":552,"publisher":{"@id":"https:\/\/www.pressenza.com\/es\/#organization"},"image":{"@id":"https:\/\/www.pressenza.com\/es\/2016\/11\/alertan-sobre-riesgo-de-que-obama-intente-aprobar-el-tpp-antes-del-cambio-de-mando\/#primaryimage"},"thumbnailUrl":"https:\/\/www.pressenza.com\/wp-content\/uploads\/2016\/11\/Donald-Trump-vs-Barack-Obama-1000x600.jpg","keywords":["Chile Mejor sin TPP","Donald Trump","Michelle Bachelet","Obama","tlc","TPP"],"articleSection":["Comunicados de Prensa","Econom\u00eda","Norteam\u00e9rica","Sudam\u00e9rica"],"inLanguage":"es"},{"@type":"WebPage","@id":"https:\/\/www.pressenza.com\/es\/2016\/11\/alertan-sobre-riesgo-de-que-obama-intente-aprobar-el-tpp-antes-del-cambio-de-mando\/","url":"https:\/\/www.pressenza.com\/es\/2016\/11\/alertan-sobre-riesgo-de-que-obama-intente-aprobar-el-tpp-antes-del-cambio-de-mando\/","name":"Alertan sobre riesgo de que Obama intente aprobar el TPP antes del cambio de mando","isPartOf":{"@id":"https:\/\/www.pressenza.com\/es\/#website"},"primaryImageOfPage":{"@id":"https:\/\/www.pressenza.com\/es\/2016\/11\/alertan-sobre-riesgo-de-que-obama-intente-aprobar-el-tpp-antes-del-cambio-de-mando\/#primaryimage"},"image":{"@id":"https:\/\/www.pressenza.com\/es\/2016\/11\/alertan-sobre-riesgo-de-que-obama-intente-aprobar-el-tpp-antes-del-cambio-de-mando\/#primaryimage"},"thumbnailUrl":"https:\/\/www.pressenza.com\/wp-content\/uploads\/2016\/11\/Donald-Trump-vs-Barack-Obama-1000x600.jpg","datePublished":"2016-11-09T15:46:03+00:00","description":"Plataforma Chile Mejor sin TPP advirti\u00f3 que gobierno de Estados Unidos podr\u00eda precipitar votaci\u00f3n del proyecto, ante la oposici\u00f3n que Donald Trump","breadcrumb":{"@id":"https:\/\/www.pressenza.com\/es\/2016\/11\/alertan-sobre-riesgo-de-que-obama-intente-aprobar-el-tpp-antes-del-cambio-de-mando\/#breadcrumb"},"inLanguage":"es","potentialAction":[{"@type":"ReadAction","target":["https:\/\/www.pressenza.com\/es\/2016\/11\/alertan-sobre-riesgo-de-que-obama-intente-aprobar-el-tpp-antes-del-cambio-de-mando\/"]}]},{"@type":"ImageObject","inLanguage":"es","@id":"https:\/\/www.pressenza.com\/es\/2016\/11\/alertan-sobre-riesgo-de-que-obama-intente-aprobar-el-tpp-antes-del-cambio-de-mando\/#primaryimage","url":"https:\/\/www.pressenza.com\/wp-content\/uploads\/2016\/11\/Donald-Trump-vs-Barack-Obama-1000x600.jpg","contentUrl":"https:\/\/www.pressenza.com\/wp-content\/uploads\/2016\/11\/Donald-Trump-vs-Barack-Obama-1000x600.jpg","width":1000,"height":600},{"@type":"BreadcrumbList","@id":"https:\/\/www.pressenza.com\/es\/2016\/11\/alertan-sobre-riesgo-de-que-obama-intente-aprobar-el-tpp-antes-del-cambio-de-mando\/#breadcrumb","itemListElement":[{"@type":"ListItem","position":1,"name":"Accueil","item":"https:\/\/www.pressenza.com\/es\/"},{"@type":"ListItem","position":2,"name":"Alertan sobre riesgo de que Obama intente aprobar el TPP antes del cambio de mando"}]},{"@type":"WebSite","@id":"https:\/\/www.pressenza.com\/es\/#website","url":"https:\/\/www.pressenza.com\/es\/","name":"Pressenza","description":"International Press Agency","publisher":{"@id":"https:\/\/www.pressenza.com\/es\/#organization"},"potentialAction":[{"@type":"SearchAction","target":{"@type":"EntryPoint","urlTemplate":"https:\/\/www.pressenza.com\/es\/?s={search_term_string}"},"query-input":{"@type":"PropertyValueSpecification","valueRequired":true,"valueName":"search_term_string"}}],"inLanguage":"es"},{"@type":"Organization","@id":"https:\/\/www.pressenza.com\/es\/#organization","name":"Pressenza","url":"https:\/\/www.pressenza.com\/es\/","logo":{"@type":"ImageObject","inLanguage":"es","@id":"https:\/\/www.pressenza.com\/es\/#\/schema\/logo\/image\/","url":"https:\/\/www.pressenza.com\/wp-content\/uploads\/2022\/10\/pressenza_logo_200x200.jpg","contentUrl":"https:\/\/www.pressenza.com\/wp-content\/uploads\/2022\/10\/pressenza_logo_200x200.jpg","width":200,"height":200,"caption":"Pressenza"},"image":{"@id":"https:\/\/www.pressenza.com\/es\/#\/schema\/logo\/image\/"},"sameAs":["https:\/\/www.facebook.com\/PressenzaItalia","https:\/\/x.com\/PressenzaIPA"]},{"@type":"Person","@id":"https:\/\/www.pressenza.com\/es\/#\/schema\/person\/d7db40df35d6698ba69ba9ee260944ed","name":"Redacci\u00f3n Chile","description":"News from the Pressenza Bureau in Chile","sameAs":["https:\/\/www.facebook.com\/pressenza","https:\/\/x.com\/pressenza"],"url":"https:\/\/www.pressenza.com\/es\/author\/redaccion-chile\/"}]}},"place":"Santiago de Chile","original_article_url":"","_links":{"self":[{"href":"https:\/\/www.pressenza.com\/es\/wp-json\/wp\/v2\/posts\/394614","targetHints":{"allow":["GET"]}}],"collection":[{"href":"https:\/\/www.pressenza.com\/es\/wp-json\/wp\/v2\/posts"}],"about":[{"href":"https:\/\/www.pressenza.com\/es\/wp-json\/wp\/v2\/types\/post"}],"author":[{"embeddable":true,"href":"https:\/\/www.pressenza.com\/es\/wp-json\/wp\/v2\/users\/43"}],"replies":[{"embeddable":true,"href":"https:\/\/www.pressenza.com\/es\/wp-json\/wp\/v2\/comments?post=394614"}],"version-history":[{"count":0,"href":"https:\/\/www.pressenza.com\/es\/wp-json\/wp\/v2\/posts\/394614\/revisions"}],"wp:featuredmedia":[{"embeddable":true,"href":"https:\/\/www.pressenza.com\/es\/wp-json\/wp\/v2\/media\/394621"}],"wp:attachment":[{"href":"https:\/\/www.pressenza.com\/es\/wp-json\/wp\/v2\/media?parent=394614"}],"wp:term":[{"taxonomy":"category","embeddable":true,"href":"https:\/\/www.pressenza.com\/es\/wp-json\/wp\/v2\/categories?post=394614"},{"taxonomy":"post_tag","embeddable":true,"href":"https:\/\/www.pressenza.com\/es\/wp-json\/wp\/v2\/tags?post=394614"}],"curies":[{"name":"wp","href":"https:\/\/api.w.org\/{rel}","templated":true}]}}