{"id":39408,"date":"2013-02-20T04:05:17","date_gmt":"2013-02-20T04:05:17","guid":{"rendered":"http:\/\/www.pressenza.com\/?p=39408"},"modified":"2013-02-20T04:05:43","modified_gmt":"2013-02-20T04:05:43","slug":"marcel-claude-cual-es-la-politica-de-estado-respecto-de-la-energia","status":"publish","type":"post","link":"https:\/\/www.pressenza.com\/es\/2013\/02\/marcel-claude-cual-es-la-politica-de-estado-respecto-de-la-energia\/","title":{"rendered":"Marcel Claude: \u00bfCu\u00e1l es la pol\u00edtica de Estado respecto de la energ\u00eda?"},"content":{"rendered":"<p>Entrevistado por en canal de TV La Red respecto del inminente aumento del precio de la bencina, Marcel Claude fue a la ra\u00edz del problema: \u00abEl petr\u00f3leo es cada vez un recurso m\u00e1s escaso y la proyecci\u00f3n futura es que esto suba. En consecuencia, deber\u00edamos plantearnos la pol\u00edtica de Estado respecto al uso de la energ\u00eda. Ah\u00ed es donde est\u00e1 el problema de fondo. \u00bfQu\u00e9 inversiones hace el Estado chileno en energ\u00edas no convencionales? Energ\u00eda solar, e\u00f3lica. \u00bfQu\u00e9 inversiones se hace para resolver el problema del transporte p\u00fablico, que es un desastre? Hay lucro en el transporte p\u00fablico, de modo que el incremento del precio de la bencina repercute directamente en las familias.\u00bb<\/p>\n<p>Interrogado sobre el incentivo a las energ\u00edas renovables, Claude sostuvo que hoy en d\u00eda se est\u00e1 en condiciones de desarrollar pol\u00edticas de Estado complejas, basadas en energ\u00edas renovables que no impactan el medio ambiente. Ello requiere del compromiso del sector p\u00fablico, dejando de manejar la energ\u00eda con sentido de negocio.<\/p>\n<p>\u00abLa l\u00f3gica de la pol\u00edtica p\u00fablica debiera ser la del ahorro energ\u00e9tico y el desarrollo de combustibles limpios\u00bb, sostuvo. \u00abDebi\u00e9ramos preocuparnos por el problema del transporte, nacionalizar el transporte p\u00fablico y lograr mejorar la calidad bajando los costos, sustituyendo en el mediano y largo plazo las energ\u00edas basadas en el petr\u00f3leo, pero ello implica una planificaci\u00f3n a corto, mediano y largo plazo\u00bb explic\u00f3 Marcel Claude. \u00abSe trata de un nuevo proyecto de desarrollo para Chile, que por cierto incluye el tema energ\u00e9tico\u00bb.<\/p>\n<p>&nbsp;<\/p>\n","protected":false},"excerpt":{"rendered":"<p>Entrevistado por en canal de TV La Red respecto del inminente aumento del precio de la bencina, Marcel Claude fue a la ra\u00edz del problema: \u00abEl petr\u00f3leo es cada vez un recurso m\u00e1s escaso y la proyecci\u00f3n futura es que&hellip;<\/p>\n","protected":false},"author":22,"featured_media":39409,"comment_status":"closed","ping_status":"open","sticky":false,"template":"","format":"standard","meta":{"footnotes":""},"categories":[155,74,67],"tags":[3575,3272],"class_list":["post-39408","post","type-post","status-publish","format-standard","has-post-thumbnail","hentry","category-entrevistas","category-politica-es","category-sudamerica","tag-energia-renovable","tag-marcel-claude"],"yoast_head":"<!-- This site is optimized with the Yoast SEO plugin v27.1.1 - https:\/\/yoast.com\/product\/yoast-seo-wordpress\/ -->\n<title>Marcel Claude: \u00bfCu\u00e1l es la pol\u00edtica de Estado respecto de la energ\u00eda?<\/title>\n<meta name=\"description\" content=\"Entrevistado por en canal de TV La Red respecto del inminente aumento del precio de la bencina, Marcel Claude fue a la ra\u00edz del problema: &quot;El petr\u00f3leo es\" \/>\n<meta name=\"robots\" content=\"index, follow, max-snippet:-1, max-image-preview:large, max-video-preview:-1\" \/>\n<link rel=\"canonical\" href=\"https:\/\/www.pressenza.com\/es\/2013\/02\/marcel-claude-cual-es-la-politica-de-estado-respecto-de-la-energia\/\" \/>\n<meta property=\"og:locale\" content=\"es_ES\" \/>\n<meta property=\"og:type\" content=\"article\" \/>\n<meta property=\"og:title\" content=\"Marcel Claude: \u00bfCu\u00e1l es la pol\u00edtica de Estado respecto de la energ\u00eda?\" \/>\n<meta property=\"og:description\" content=\"Entrevistado por en canal de TV La Red respecto del inminente aumento del precio de la bencina, Marcel Claude fue a la ra\u00edz del problema: &quot;El petr\u00f3leo es\" \/>\n<meta property=\"og:url\" content=\"https:\/\/www.pressenza.com\/es\/2013\/02\/marcel-claude-cual-es-la-politica-de-estado-respecto-de-la-energia\/\" \/>\n<meta property=\"og:site_name\" content=\"Pressenza\" \/>\n<meta property=\"article:publisher\" content=\"https:\/\/www.facebook.com\/PressenzaItalia\" \/>\n<meta property=\"article:author\" content=\"https:\/\/www.facebook.com\/pia.figueroa?ref=tn_tnmn\" \/>\n<meta property=\"article:published_time\" content=\"2013-02-20T04:05:17+00:00\" \/>\n<meta property=\"article:modified_time\" content=\"2013-02-20T04:05:43+00:00\" \/>\n<meta property=\"og:image\" content=\"https:\/\/www.pressenza.com\/wp-content\/uploads\/2013\/02\/Marcel.jpeg\" \/>\n\t<meta property=\"og:image:width\" content=\"156\" \/>\n\t<meta property=\"og:image:height\" content=\"208\" \/>\n\t<meta property=\"og:image:type\" content=\"image\/jpeg\" \/>\n<meta name=\"author\" content=\"P\u00eda Figueroa\" \/>\n<meta name=\"twitter:card\" content=\"summary_large_image\" \/>\n<meta name=\"twitter:creator\" content=\"@piafigueroa\" \/>\n<meta name=\"twitter:site\" content=\"@PressenzaIPA\" \/>\n<meta name=\"twitter:label1\" content=\"Escrito por\" \/>\n\t<meta name=\"twitter:data1\" content=\"P\u00eda Figueroa\" \/>\n\t<meta name=\"twitter:label2\" content=\"Tiempo de lectura\" \/>\n\t<meta name=\"twitter:data2\" content=\"1 minuto\" \/>\n<script type=\"application\/ld+json\" class=\"yoast-schema-graph\">{\"@context\":\"https:\/\/schema.org\",\"@graph\":[{\"@type\":\"Article\",\"@id\":\"https:\/\/www.pressenza.com\/es\/2013\/02\/marcel-claude-cual-es-la-politica-de-estado-respecto-de-la-energia\/#article\",\"isPartOf\":{\"@id\":\"https:\/\/www.pressenza.com\/es\/2013\/02\/marcel-claude-cual-es-la-politica-de-estado-respecto-de-la-energia\/\"},\"author\":{\"name\":\"P\u00eda Figueroa\",\"@id\":\"https:\/\/www.pressenza.com\/es\/#\/schema\/person\/8bb53ec73ef39ceec36ca0128a0ccd41\"},\"headline\":\"Marcel Claude: \u00bfCu\u00e1l es la pol\u00edtica de Estado respecto de la energ\u00eda?\",\"datePublished\":\"2013-02-20T04:05:17+00:00\",\"dateModified\":\"2013-02-20T04:05:43+00:00\",\"mainEntityOfPage\":{\"@id\":\"https:\/\/www.pressenza.com\/es\/2013\/02\/marcel-claude-cual-es-la-politica-de-estado-respecto-de-la-energia\/\"},\"wordCount\":289,\"publisher\":{\"@id\":\"https:\/\/www.pressenza.com\/es\/#organization\"},\"image\":{\"@id\":\"https:\/\/www.pressenza.com\/es\/2013\/02\/marcel-claude-cual-es-la-politica-de-estado-respecto-de-la-energia\/#primaryimage\"},\"thumbnailUrl\":\"https:\/\/www.pressenza.com\/wp-content\/uploads\/2013\/02\/Marcel.jpeg\",\"keywords\":[\"Energ\u00eda renovable\",\"Marcel Claude\"],\"articleSection\":[\"Entrevistas\",\"Pol\u00edtica\",\"Sudam\u00e9rica\"],\"inLanguage\":\"es\"},{\"@type\":\"WebPage\",\"@id\":\"https:\/\/www.pressenza.com\/es\/2013\/02\/marcel-claude-cual-es-la-politica-de-estado-respecto-de-la-energia\/\",\"url\":\"https:\/\/www.pressenza.com\/es\/2013\/02\/marcel-claude-cual-es-la-politica-de-estado-respecto-de-la-energia\/\",\"name\":\"Marcel Claude: \u00bfCu\u00e1l es la pol\u00edtica de Estado respecto de la energ\u00eda?\",\"isPartOf\":{\"@id\":\"https:\/\/www.pressenza.com\/es\/#website\"},\"primaryImageOfPage\":{\"@id\":\"https:\/\/www.pressenza.com\/es\/2013\/02\/marcel-claude-cual-es-la-politica-de-estado-respecto-de-la-energia\/#primaryimage\"},\"image\":{\"@id\":\"https:\/\/www.pressenza.com\/es\/2013\/02\/marcel-claude-cual-es-la-politica-de-estado-respecto-de-la-energia\/#primaryimage\"},\"thumbnailUrl\":\"https:\/\/www.pressenza.com\/wp-content\/uploads\/2013\/02\/Marcel.jpeg\",\"datePublished\":\"2013-02-20T04:05:17+00:00\",\"dateModified\":\"2013-02-20T04:05:43+00:00\",\"description\":\"Entrevistado por en canal de TV La Red respecto del inminente aumento del precio de la bencina, Marcel Claude fue a la ra\u00edz del problema: \\\"El petr\u00f3leo es\",\"breadcrumb\":{\"@id\":\"https:\/\/www.pressenza.com\/es\/2013\/02\/marcel-claude-cual-es-la-politica-de-estado-respecto-de-la-energia\/#breadcrumb\"},\"inLanguage\":\"es\",\"potentialAction\":[{\"@type\":\"ReadAction\",\"target\":[\"https:\/\/www.pressenza.com\/es\/2013\/02\/marcel-claude-cual-es-la-politica-de-estado-respecto-de-la-energia\/\"]}]},{\"@type\":\"ImageObject\",\"inLanguage\":\"es\",\"@id\":\"https:\/\/www.pressenza.com\/es\/2013\/02\/marcel-claude-cual-es-la-politica-de-estado-respecto-de-la-energia\/#primaryimage\",\"url\":\"https:\/\/www.pressenza.com\/wp-content\/uploads\/2013\/02\/Marcel.jpeg\",\"contentUrl\":\"https:\/\/www.pressenza.com\/wp-content\/uploads\/2013\/02\/Marcel.jpeg\",\"width\":156,\"height\":208,\"caption\":\"Marcel Claude\"},{\"@type\":\"BreadcrumbList\",\"@id\":\"https:\/\/www.pressenza.com\/es\/2013\/02\/marcel-claude-cual-es-la-politica-de-estado-respecto-de-la-energia\/#breadcrumb\",\"itemListElement\":[{\"@type\":\"ListItem\",\"position\":1,\"name\":\"Accueil\",\"item\":\"https:\/\/www.pressenza.com\/es\/\"},{\"@type\":\"ListItem\",\"position\":2,\"name\":\"Marcel Claude: \u00bfCu\u00e1l es la pol\u00edtica de Estado respecto de la energ\u00eda?\"}]},{\"@type\":\"WebSite\",\"@id\":\"https:\/\/www.pressenza.com\/es\/#website\",\"url\":\"https:\/\/www.pressenza.com\/es\/\",\"name\":\"Pressenza\",\"description\":\"International Press Agency\",\"publisher\":{\"@id\":\"https:\/\/www.pressenza.com\/es\/#organization\"},\"potentialAction\":[{\"@type\":\"SearchAction\",\"target\":{\"@type\":\"EntryPoint\",\"urlTemplate\":\"https:\/\/www.pressenza.com\/es\/?s={search_term_string}\"},\"query-input\":{\"@type\":\"PropertyValueSpecification\",\"valueRequired\":true,\"valueName\":\"search_term_string\"}}],\"inLanguage\":\"es\"},{\"@type\":\"Organization\",\"@id\":\"https:\/\/www.pressenza.com\/es\/#organization\",\"name\":\"Pressenza\",\"url\":\"https:\/\/www.pressenza.com\/es\/\",\"logo\":{\"@type\":\"ImageObject\",\"inLanguage\":\"es\",\"@id\":\"https:\/\/www.pressenza.com\/es\/#\/schema\/logo\/image\/\",\"url\":\"https:\/\/www.pressenza.com\/wp-content\/uploads\/2022\/10\/pressenza_logo_200x200.jpg\",\"contentUrl\":\"https:\/\/www.pressenza.com\/wp-content\/uploads\/2022\/10\/pressenza_logo_200x200.jpg\",\"width\":200,\"height\":200,\"caption\":\"Pressenza\"},\"image\":{\"@id\":\"https:\/\/www.pressenza.com\/es\/#\/schema\/logo\/image\/\"},\"sameAs\":[\"https:\/\/www.facebook.com\/PressenzaItalia\",\"https:\/\/x.com\/PressenzaIPA\"]},{\"@type\":\"Person\",\"@id\":\"https:\/\/www.pressenza.com\/es\/#\/schema\/person\/8bb53ec73ef39ceec36ca0128a0ccd41\",\"name\":\"P\u00eda Figueroa\",\"description\":\"Founder of Pressenza, life-long humanist, author of several monographs and books.\",\"sameAs\":[\"https:\/\/www.facebook.com\/pia.figueroa?ref=tn_tnmn\",\"https:\/\/x.com\/piafigueroa\"],\"url\":\"https:\/\/www.pressenza.com\/es\/author\/pia-figueroa\/\"}]}<\/script>\n<!-- \/ Yoast SEO plugin. -->","yoast_head_json":{"title":"Marcel Claude: \u00bfCu\u00e1l es la pol\u00edtica de Estado respecto de la energ\u00eda?","description":"Entrevistado por en canal de TV La Red respecto del inminente aumento del precio de la bencina, Marcel Claude fue a la ra\u00edz del problema: \"El petr\u00f3leo es","robots":{"index":"index","follow":"follow","max-snippet":"max-snippet:-1","max-image-preview":"max-image-preview:large","max-video-preview":"max-video-preview:-1"},"canonical":"https:\/\/www.pressenza.com\/es\/2013\/02\/marcel-claude-cual-es-la-politica-de-estado-respecto-de-la-energia\/","og_locale":"es_ES","og_type":"article","og_title":"Marcel Claude: \u00bfCu\u00e1l es la pol\u00edtica de Estado respecto de la energ\u00eda?","og_description":"Entrevistado por en canal de TV La Red respecto del inminente aumento del precio de la bencina, Marcel Claude fue a la ra\u00edz del problema: \"El petr\u00f3leo es","og_url":"https:\/\/www.pressenza.com\/es\/2013\/02\/marcel-claude-cual-es-la-politica-de-estado-respecto-de-la-energia\/","og_site_name":"Pressenza","article_publisher":"https:\/\/www.facebook.com\/PressenzaItalia","article_author":"https:\/\/www.facebook.com\/pia.figueroa?ref=tn_tnmn","article_published_time":"2013-02-20T04:05:17+00:00","article_modified_time":"2013-02-20T04:05:43+00:00","og_image":[{"width":156,"height":208,"url":"https:\/\/www.pressenza.com\/wp-content\/uploads\/2013\/02\/Marcel.jpeg","type":"image\/jpeg"}],"author":"P\u00eda Figueroa","twitter_card":"summary_large_image","twitter_creator":"@piafigueroa","twitter_site":"@PressenzaIPA","twitter_misc":{"Escrito por":"P\u00eda Figueroa","Tiempo de lectura":"1 minuto"},"schema":{"@context":"https:\/\/schema.org","@graph":[{"@type":"Article","@id":"https:\/\/www.pressenza.com\/es\/2013\/02\/marcel-claude-cual-es-la-politica-de-estado-respecto-de-la-energia\/#article","isPartOf":{"@id":"https:\/\/www.pressenza.com\/es\/2013\/02\/marcel-claude-cual-es-la-politica-de-estado-respecto-de-la-energia\/"},"author":{"name":"P\u00eda Figueroa","@id":"https:\/\/www.pressenza.com\/es\/#\/schema\/person\/8bb53ec73ef39ceec36ca0128a0ccd41"},"headline":"Marcel Claude: \u00bfCu\u00e1l es la pol\u00edtica de Estado respecto de la energ\u00eda?","datePublished":"2013-02-20T04:05:17+00:00","dateModified":"2013-02-20T04:05:43+00:00","mainEntityOfPage":{"@id":"https:\/\/www.pressenza.com\/es\/2013\/02\/marcel-claude-cual-es-la-politica-de-estado-respecto-de-la-energia\/"},"wordCount":289,"publisher":{"@id":"https:\/\/www.pressenza.com\/es\/#organization"},"image":{"@id":"https:\/\/www.pressenza.com\/es\/2013\/02\/marcel-claude-cual-es-la-politica-de-estado-respecto-de-la-energia\/#primaryimage"},"thumbnailUrl":"https:\/\/www.pressenza.com\/wp-content\/uploads\/2013\/02\/Marcel.jpeg","keywords":["Energ\u00eda renovable","Marcel Claude"],"articleSection":["Entrevistas","Pol\u00edtica","Sudam\u00e9rica"],"inLanguage":"es"},{"@type":"WebPage","@id":"https:\/\/www.pressenza.com\/es\/2013\/02\/marcel-claude-cual-es-la-politica-de-estado-respecto-de-la-energia\/","url":"https:\/\/www.pressenza.com\/es\/2013\/02\/marcel-claude-cual-es-la-politica-de-estado-respecto-de-la-energia\/","name":"Marcel Claude: \u00bfCu\u00e1l es la pol\u00edtica de Estado respecto de la energ\u00eda?","isPartOf":{"@id":"https:\/\/www.pressenza.com\/es\/#website"},"primaryImageOfPage":{"@id":"https:\/\/www.pressenza.com\/es\/2013\/02\/marcel-claude-cual-es-la-politica-de-estado-respecto-de-la-energia\/#primaryimage"},"image":{"@id":"https:\/\/www.pressenza.com\/es\/2013\/02\/marcel-claude-cual-es-la-politica-de-estado-respecto-de-la-energia\/#primaryimage"},"thumbnailUrl":"https:\/\/www.pressenza.com\/wp-content\/uploads\/2013\/02\/Marcel.jpeg","datePublished":"2013-02-20T04:05:17+00:00","dateModified":"2013-02-20T04:05:43+00:00","description":"Entrevistado por en canal de TV La Red respecto del inminente aumento del precio de la bencina, Marcel Claude fue a la ra\u00edz del problema: \"El petr\u00f3leo es","breadcrumb":{"@id":"https:\/\/www.pressenza.com\/es\/2013\/02\/marcel-claude-cual-es-la-politica-de-estado-respecto-de-la-energia\/#breadcrumb"},"inLanguage":"es","potentialAction":[{"@type":"ReadAction","target":["https:\/\/www.pressenza.com\/es\/2013\/02\/marcel-claude-cual-es-la-politica-de-estado-respecto-de-la-energia\/"]}]},{"@type":"ImageObject","inLanguage":"es","@id":"https:\/\/www.pressenza.com\/es\/2013\/02\/marcel-claude-cual-es-la-politica-de-estado-respecto-de-la-energia\/#primaryimage","url":"https:\/\/www.pressenza.com\/wp-content\/uploads\/2013\/02\/Marcel.jpeg","contentUrl":"https:\/\/www.pressenza.com\/wp-content\/uploads\/2013\/02\/Marcel.jpeg","width":156,"height":208,"caption":"Marcel Claude"},{"@type":"BreadcrumbList","@id":"https:\/\/www.pressenza.com\/es\/2013\/02\/marcel-claude-cual-es-la-politica-de-estado-respecto-de-la-energia\/#breadcrumb","itemListElement":[{"@type":"ListItem","position":1,"name":"Accueil","item":"https:\/\/www.pressenza.com\/es\/"},{"@type":"ListItem","position":2,"name":"Marcel Claude: \u00bfCu\u00e1l es la pol\u00edtica de Estado respecto de la energ\u00eda?"}]},{"@type":"WebSite","@id":"https:\/\/www.pressenza.com\/es\/#website","url":"https:\/\/www.pressenza.com\/es\/","name":"Pressenza","description":"International Press Agency","publisher":{"@id":"https:\/\/www.pressenza.com\/es\/#organization"},"potentialAction":[{"@type":"SearchAction","target":{"@type":"EntryPoint","urlTemplate":"https:\/\/www.pressenza.com\/es\/?s={search_term_string}"},"query-input":{"@type":"PropertyValueSpecification","valueRequired":true,"valueName":"search_term_string"}}],"inLanguage":"es"},{"@type":"Organization","@id":"https:\/\/www.pressenza.com\/es\/#organization","name":"Pressenza","url":"https:\/\/www.pressenza.com\/es\/","logo":{"@type":"ImageObject","inLanguage":"es","@id":"https:\/\/www.pressenza.com\/es\/#\/schema\/logo\/image\/","url":"https:\/\/www.pressenza.com\/wp-content\/uploads\/2022\/10\/pressenza_logo_200x200.jpg","contentUrl":"https:\/\/www.pressenza.com\/wp-content\/uploads\/2022\/10\/pressenza_logo_200x200.jpg","width":200,"height":200,"caption":"Pressenza"},"image":{"@id":"https:\/\/www.pressenza.com\/es\/#\/schema\/logo\/image\/"},"sameAs":["https:\/\/www.facebook.com\/PressenzaItalia","https:\/\/x.com\/PressenzaIPA"]},{"@type":"Person","@id":"https:\/\/www.pressenza.com\/es\/#\/schema\/person\/8bb53ec73ef39ceec36ca0128a0ccd41","name":"P\u00eda Figueroa","description":"Founder of Pressenza, life-long humanist, author of several monographs and books.","sameAs":["https:\/\/www.facebook.com\/pia.figueroa?ref=tn_tnmn","https:\/\/x.com\/piafigueroa"],"url":"https:\/\/www.pressenza.com\/es\/author\/pia-figueroa\/"}]}},"place":"Santiago de Chile","original_article_url":"","_links":{"self":[{"href":"https:\/\/www.pressenza.com\/es\/wp-json\/wp\/v2\/posts\/39408","targetHints":{"allow":["GET"]}}],"collection":[{"href":"https:\/\/www.pressenza.com\/es\/wp-json\/wp\/v2\/posts"}],"about":[{"href":"https:\/\/www.pressenza.com\/es\/wp-json\/wp\/v2\/types\/post"}],"author":[{"embeddable":true,"href":"https:\/\/www.pressenza.com\/es\/wp-json\/wp\/v2\/users\/22"}],"replies":[{"embeddable":true,"href":"https:\/\/www.pressenza.com\/es\/wp-json\/wp\/v2\/comments?post=39408"}],"version-history":[{"count":0,"href":"https:\/\/www.pressenza.com\/es\/wp-json\/wp\/v2\/posts\/39408\/revisions"}],"wp:featuredmedia":[{"embeddable":true,"href":"https:\/\/www.pressenza.com\/es\/wp-json\/wp\/v2\/media\/39409"}],"wp:attachment":[{"href":"https:\/\/www.pressenza.com\/es\/wp-json\/wp\/v2\/media?parent=39408"}],"wp:term":[{"taxonomy":"category","embeddable":true,"href":"https:\/\/www.pressenza.com\/es\/wp-json\/wp\/v2\/categories?post=39408"},{"taxonomy":"post_tag","embeddable":true,"href":"https:\/\/www.pressenza.com\/es\/wp-json\/wp\/v2\/tags?post=39408"}],"curies":[{"name":"wp","href":"https:\/\/api.w.org\/{rel}","templated":true}]}}