{"id":393288,"date":"2016-11-05T00:02:47","date_gmt":"2016-11-05T00:02:47","guid":{"rendered":"http:\/\/www.pressenza.com\/es\/?p=393288"},"modified":"2017-01-29T16:12:05","modified_gmt":"2017-01-29T16:12:05","slug":"m-m-o-n-latinos-vs-donald-trump-breve-cortometraje","status":"publish","type":"post","link":"https:\/\/www.pressenza.com\/es\/2016\/11\/m-m-o-n-latinos-vs-donald-trump-breve-cortometraje\/","title":{"rendered":"M.A.M.O.N. Latinos vs Donald Trump. Breve cortometraje"},"content":{"rendered":"<p>Por su sigla en ingl\u00e9s M.A.M.O.N. significa <strong>Monitor Contra los Mexicanos a Trav\u00e9s de Toda la Naci\u00f3n. <\/strong><\/p>\n<p><em>\u00ab\u2026es un corto de\u00a0ciencia\u00a0ficci\u00f3n sat\u00edrico y con importantes ribetes de ciencia ficci\u00f3n absurda que explota, con humor negro y muchos efectos visuales, las escandalosas consecuencias del plan de Donald Trump de prohibir la inmigraci\u00f3n y construir un enorme muro en la frontera entre M\u00e9xico y Estados Unidos\u00bb<\/em>.<\/p>\n<p>As\u00ed se explica en la web del proyecto Wecanfxit, esta breve pel\u00edcula (poco m\u00e1s de cinco minutos) realizada por la productora uruguaya APARATO y que desde el 30 de octubre ya ha sido vista online por m\u00e1s de medio mill\u00f3n de personas.<\/p>\n<p>Sus creadores invitan a compartirla.<\/p>\n<p><iframe loading=\"lazy\" src=\"https:\/\/www.youtube.com\/embed\/Q__bSi5rBlw\" width=\"715\" height=\"402\" frameborder=\"0\" allowfullscreen=\"allowfullscreen\"><\/iframe><\/p>\n","protected":false},"excerpt":{"rendered":"<p>Por su sigla en ingl\u00e9s M.A.M.O.N. significa Monitor Contra los Mexicanos a Trav\u00e9s de Toda la Naci\u00f3n. \u00ab\u2026es un corto de\u00a0ciencia\u00a0ficci\u00f3n sat\u00edrico y con importantes ribetes de ciencia ficci\u00f3n absurda que explota, con humor negro y muchos efectos visuales, las&hellip;<\/p>\n","protected":false},"author":1254,"featured_media":393297,"comment_status":"closed","ping_status":"closed","sticky":false,"template":"","format":"standard","meta":{"footnotes":""},"categories":[68,161,74,25678],"tags":[18966,25705,403,19168,11730,32298,6182,1321,11567,1342,20214],"class_list":["post-393288","post","type-post","status-publish","format-standard","has-post-thumbnail","hentry","category-norteamerica","category-opiniones","category-politica-es","category-video-es","tag-donald-trump","tag-eeuu","tag-elecciones","tag-estados-unidos","tag-humor","tag-mamon","tag-mexico-en","tag-mexico","tag-satira","tag-uruguay","tag-usa"],"yoast_head":"<!-- This site is optimized with the Yoast SEO plugin v27.1.1 - https:\/\/yoast.com\/product\/yoast-seo-wordpress\/ -->\n<title>M.A.M.O.N. Latinos vs Donald Trump. Breve cortometraje<\/title>\n<meta name=\"description\" content=\"Por su sigla en ingl\u00e9s M.A.M.O.N. significa Monitor Contra los Mexicanos a Trav\u00e9s de Toda la Naci\u00f3n. &quot;\u2026es un corto de\u00a0ciencia\u00a0ficci\u00f3n sat\u00edrico y con\" \/>\n<meta name=\"robots\" content=\"index, follow, max-snippet:-1, max-image-preview:large, max-video-preview:-1\" \/>\n<link rel=\"canonical\" href=\"https:\/\/www.pressenza.com\/es\/2016\/11\/m-m-o-n-latinos-vs-donald-trump-breve-cortometraje\/\" \/>\n<meta property=\"og:locale\" content=\"es_ES\" \/>\n<meta property=\"og:type\" content=\"article\" \/>\n<meta property=\"og:title\" content=\"M.A.M.O.N. Latinos vs Donald Trump. Breve cortometraje\" \/>\n<meta property=\"og:description\" content=\"Por su sigla en ingl\u00e9s M.A.M.O.N. significa Monitor Contra los Mexicanos a Trav\u00e9s de Toda la Naci\u00f3n. &quot;\u2026es un corto de\u00a0ciencia\u00a0ficci\u00f3n sat\u00edrico y con\" \/>\n<meta property=\"og:url\" content=\"https:\/\/www.pressenza.com\/es\/2016\/11\/m-m-o-n-latinos-vs-donald-trump-breve-cortometraje\/\" \/>\n<meta property=\"og:site_name\" content=\"Pressenza\" \/>\n<meta property=\"article:publisher\" content=\"https:\/\/www.facebook.com\/PressenzaItalia\" \/>\n<meta property=\"article:author\" content=\"https:\/\/www.facebook.com\/pressenza\" \/>\n<meta property=\"article:published_time\" content=\"2016-11-05T00:02:47+00:00\" \/>\n<meta property=\"article:modified_time\" content=\"2017-01-29T16:12:05+00:00\" \/>\n<meta property=\"og:image\" content=\"https:\/\/www.pressenza.com\/wp-content\/uploads\/2016\/11\/07_01.jpg\" \/>\n\t<meta property=\"og:image:width\" content=\"1024\" \/>\n\t<meta property=\"og:image:height\" content=\"570\" \/>\n\t<meta property=\"og:image:type\" content=\"image\/jpeg\" \/>\n<meta name=\"author\" content=\"Redacci\u00f3n Mar del Plata\" \/>\n<meta name=\"twitter:card\" content=\"summary_large_image\" \/>\n<meta name=\"twitter:creator\" content=\"@Pressenza\" \/>\n<meta name=\"twitter:site\" content=\"@PressenzaIPA\" \/>\n<meta name=\"twitter:label1\" content=\"Escrito por\" \/>\n\t<meta name=\"twitter:data1\" content=\"Redacci\u00f3n Mar del Plata\" \/>\n\t<meta name=\"twitter:label2\" content=\"Tiempo de lectura\" \/>\n\t<meta name=\"twitter:data2\" content=\"1 minuto\" \/>\n<script type=\"application\/ld+json\" class=\"yoast-schema-graph\">{\"@context\":\"https:\/\/schema.org\",\"@graph\":[{\"@type\":\"Article\",\"@id\":\"https:\/\/www.pressenza.com\/es\/2016\/11\/m-m-o-n-latinos-vs-donald-trump-breve-cortometraje\/#article\",\"isPartOf\":{\"@id\":\"https:\/\/www.pressenza.com\/es\/2016\/11\/m-m-o-n-latinos-vs-donald-trump-breve-cortometraje\/\"},\"author\":{\"name\":\"Redacci\u00f3n Mar del Plata\",\"@id\":\"https:\/\/www.pressenza.com\/es\/#\/schema\/person\/738658b5125ecea661a8a0b96dba8b69\"},\"headline\":\"M.A.M.O.N. Latinos vs Donald Trump. Breve cortometraje\",\"datePublished\":\"2016-11-05T00:02:47+00:00\",\"dateModified\":\"2017-01-29T16:12:05+00:00\",\"mainEntityOfPage\":{\"@id\":\"https:\/\/www.pressenza.com\/es\/2016\/11\/m-m-o-n-latinos-vs-donald-trump-breve-cortometraje\/\"},\"wordCount\":139,\"publisher\":{\"@id\":\"https:\/\/www.pressenza.com\/es\/#organization\"},\"image\":{\"@id\":\"https:\/\/www.pressenza.com\/es\/2016\/11\/m-m-o-n-latinos-vs-donald-trump-breve-cortometraje\/#primaryimage\"},\"thumbnailUrl\":\"https:\/\/www.pressenza.com\/wp-content\/uploads\/2016\/11\/07_01.jpg\",\"keywords\":[\"Donald Trump\",\"EEUU\",\"elecciones\",\"Estados Unidos\",\"Humor\",\"MAMON\",\"Mexico\",\"M\u00e9xico\",\"satira\",\"Uruguay\",\"USA\"],\"articleSection\":[\"Norteam\u00e9rica\",\"Opiniones\",\"Pol\u00edtica\",\"Video\"],\"inLanguage\":\"es\"},{\"@type\":\"WebPage\",\"@id\":\"https:\/\/www.pressenza.com\/es\/2016\/11\/m-m-o-n-latinos-vs-donald-trump-breve-cortometraje\/\",\"url\":\"https:\/\/www.pressenza.com\/es\/2016\/11\/m-m-o-n-latinos-vs-donald-trump-breve-cortometraje\/\",\"name\":\"M.A.M.O.N. Latinos vs Donald Trump. Breve cortometraje\",\"isPartOf\":{\"@id\":\"https:\/\/www.pressenza.com\/es\/#website\"},\"primaryImageOfPage\":{\"@id\":\"https:\/\/www.pressenza.com\/es\/2016\/11\/m-m-o-n-latinos-vs-donald-trump-breve-cortometraje\/#primaryimage\"},\"image\":{\"@id\":\"https:\/\/www.pressenza.com\/es\/2016\/11\/m-m-o-n-latinos-vs-donald-trump-breve-cortometraje\/#primaryimage\"},\"thumbnailUrl\":\"https:\/\/www.pressenza.com\/wp-content\/uploads\/2016\/11\/07_01.jpg\",\"datePublished\":\"2016-11-05T00:02:47+00:00\",\"dateModified\":\"2017-01-29T16:12:05+00:00\",\"description\":\"Por su sigla en ingl\u00e9s M.A.M.O.N. significa Monitor Contra los Mexicanos a Trav\u00e9s de Toda la Naci\u00f3n. \\\"\u2026es un corto de\u00a0ciencia\u00a0ficci\u00f3n sat\u00edrico y con\",\"breadcrumb\":{\"@id\":\"https:\/\/www.pressenza.com\/es\/2016\/11\/m-m-o-n-latinos-vs-donald-trump-breve-cortometraje\/#breadcrumb\"},\"inLanguage\":\"es\",\"potentialAction\":[{\"@type\":\"ReadAction\",\"target\":[\"https:\/\/www.pressenza.com\/es\/2016\/11\/m-m-o-n-latinos-vs-donald-trump-breve-cortometraje\/\"]}]},{\"@type\":\"ImageObject\",\"inLanguage\":\"es\",\"@id\":\"https:\/\/www.pressenza.com\/es\/2016\/11\/m-m-o-n-latinos-vs-donald-trump-breve-cortometraje\/#primaryimage\",\"url\":\"https:\/\/www.pressenza.com\/wp-content\/uploads\/2016\/11\/07_01.jpg\",\"contentUrl\":\"https:\/\/www.pressenza.com\/wp-content\/uploads\/2016\/11\/07_01.jpg\",\"width\":1024,\"height\":570},{\"@type\":\"BreadcrumbList\",\"@id\":\"https:\/\/www.pressenza.com\/es\/2016\/11\/m-m-o-n-latinos-vs-donald-trump-breve-cortometraje\/#breadcrumb\",\"itemListElement\":[{\"@type\":\"ListItem\",\"position\":1,\"name\":\"Accueil\",\"item\":\"https:\/\/www.pressenza.com\/es\/\"},{\"@type\":\"ListItem\",\"position\":2,\"name\":\"M.A.M.O.N. Latinos vs Donald Trump. Breve cortometraje\"}]},{\"@type\":\"WebSite\",\"@id\":\"https:\/\/www.pressenza.com\/es\/#website\",\"url\":\"https:\/\/www.pressenza.com\/es\/\",\"name\":\"Pressenza\",\"description\":\"International Press Agency\",\"publisher\":{\"@id\":\"https:\/\/www.pressenza.com\/es\/#organization\"},\"potentialAction\":[{\"@type\":\"SearchAction\",\"target\":{\"@type\":\"EntryPoint\",\"urlTemplate\":\"https:\/\/www.pressenza.com\/es\/?s={search_term_string}\"},\"query-input\":{\"@type\":\"PropertyValueSpecification\",\"valueRequired\":true,\"valueName\":\"search_term_string\"}}],\"inLanguage\":\"es\"},{\"@type\":\"Organization\",\"@id\":\"https:\/\/www.pressenza.com\/es\/#organization\",\"name\":\"Pressenza\",\"url\":\"https:\/\/www.pressenza.com\/es\/\",\"logo\":{\"@type\":\"ImageObject\",\"inLanguage\":\"es\",\"@id\":\"https:\/\/www.pressenza.com\/es\/#\/schema\/logo\/image\/\",\"url\":\"https:\/\/www.pressenza.com\/wp-content\/uploads\/2022\/10\/pressenza_logo_200x200.jpg\",\"contentUrl\":\"https:\/\/www.pressenza.com\/wp-content\/uploads\/2022\/10\/pressenza_logo_200x200.jpg\",\"width\":200,\"height\":200,\"caption\":\"Pressenza\"},\"image\":{\"@id\":\"https:\/\/www.pressenza.com\/es\/#\/schema\/logo\/image\/\"},\"sameAs\":[\"https:\/\/www.facebook.com\/PressenzaItalia\",\"https:\/\/x.com\/PressenzaIPA\"]},{\"@type\":\"Person\",\"@id\":\"https:\/\/www.pressenza.com\/es\/#\/schema\/person\/738658b5125ecea661a8a0b96dba8b69\",\"name\":\"Redacci\u00f3n Mar del Plata\",\"description\":\"News published by the Pressenza bureau in Mar Del Plata, Argentina\",\"sameAs\":[\"https:\/\/www.facebook.com\/pressenza\",\"https:\/\/x.com\/Pressenza\"],\"url\":\"https:\/\/www.pressenza.com\/es\/author\/redaccion-mar-del-plata\/\"}]}<\/script>\n<!-- \/ Yoast SEO plugin. -->","yoast_head_json":{"title":"M.A.M.O.N. Latinos vs Donald Trump. Breve cortometraje","description":"Por su sigla en ingl\u00e9s M.A.M.O.N. significa Monitor Contra los Mexicanos a Trav\u00e9s de Toda la Naci\u00f3n. \"\u2026es un corto de\u00a0ciencia\u00a0ficci\u00f3n sat\u00edrico y con","robots":{"index":"index","follow":"follow","max-snippet":"max-snippet:-1","max-image-preview":"max-image-preview:large","max-video-preview":"max-video-preview:-1"},"canonical":"https:\/\/www.pressenza.com\/es\/2016\/11\/m-m-o-n-latinos-vs-donald-trump-breve-cortometraje\/","og_locale":"es_ES","og_type":"article","og_title":"M.A.M.O.N. Latinos vs Donald Trump. Breve cortometraje","og_description":"Por su sigla en ingl\u00e9s M.A.M.O.N. significa Monitor Contra los Mexicanos a Trav\u00e9s de Toda la Naci\u00f3n. \"\u2026es un corto de\u00a0ciencia\u00a0ficci\u00f3n sat\u00edrico y con","og_url":"https:\/\/www.pressenza.com\/es\/2016\/11\/m-m-o-n-latinos-vs-donald-trump-breve-cortometraje\/","og_site_name":"Pressenza","article_publisher":"https:\/\/www.facebook.com\/PressenzaItalia","article_author":"https:\/\/www.facebook.com\/pressenza","article_published_time":"2016-11-05T00:02:47+00:00","article_modified_time":"2017-01-29T16:12:05+00:00","og_image":[{"width":1024,"height":570,"url":"https:\/\/www.pressenza.com\/wp-content\/uploads\/2016\/11\/07_01.jpg","type":"image\/jpeg"}],"author":"Redacci\u00f3n Mar del Plata","twitter_card":"summary_large_image","twitter_creator":"@Pressenza","twitter_site":"@PressenzaIPA","twitter_misc":{"Escrito por":"Redacci\u00f3n Mar del Plata","Tiempo de lectura":"1 minuto"},"schema":{"@context":"https:\/\/schema.org","@graph":[{"@type":"Article","@id":"https:\/\/www.pressenza.com\/es\/2016\/11\/m-m-o-n-latinos-vs-donald-trump-breve-cortometraje\/#article","isPartOf":{"@id":"https:\/\/www.pressenza.com\/es\/2016\/11\/m-m-o-n-latinos-vs-donald-trump-breve-cortometraje\/"},"author":{"name":"Redacci\u00f3n Mar del Plata","@id":"https:\/\/www.pressenza.com\/es\/#\/schema\/person\/738658b5125ecea661a8a0b96dba8b69"},"headline":"M.A.M.O.N. Latinos vs Donald Trump. Breve cortometraje","datePublished":"2016-11-05T00:02:47+00:00","dateModified":"2017-01-29T16:12:05+00:00","mainEntityOfPage":{"@id":"https:\/\/www.pressenza.com\/es\/2016\/11\/m-m-o-n-latinos-vs-donald-trump-breve-cortometraje\/"},"wordCount":139,"publisher":{"@id":"https:\/\/www.pressenza.com\/es\/#organization"},"image":{"@id":"https:\/\/www.pressenza.com\/es\/2016\/11\/m-m-o-n-latinos-vs-donald-trump-breve-cortometraje\/#primaryimage"},"thumbnailUrl":"https:\/\/www.pressenza.com\/wp-content\/uploads\/2016\/11\/07_01.jpg","keywords":["Donald Trump","EEUU","elecciones","Estados Unidos","Humor","MAMON","Mexico","M\u00e9xico","satira","Uruguay","USA"],"articleSection":["Norteam\u00e9rica","Opiniones","Pol\u00edtica","Video"],"inLanguage":"es"},{"@type":"WebPage","@id":"https:\/\/www.pressenza.com\/es\/2016\/11\/m-m-o-n-latinos-vs-donald-trump-breve-cortometraje\/","url":"https:\/\/www.pressenza.com\/es\/2016\/11\/m-m-o-n-latinos-vs-donald-trump-breve-cortometraje\/","name":"M.A.M.O.N. Latinos vs Donald Trump. Breve cortometraje","isPartOf":{"@id":"https:\/\/www.pressenza.com\/es\/#website"},"primaryImageOfPage":{"@id":"https:\/\/www.pressenza.com\/es\/2016\/11\/m-m-o-n-latinos-vs-donald-trump-breve-cortometraje\/#primaryimage"},"image":{"@id":"https:\/\/www.pressenza.com\/es\/2016\/11\/m-m-o-n-latinos-vs-donald-trump-breve-cortometraje\/#primaryimage"},"thumbnailUrl":"https:\/\/www.pressenza.com\/wp-content\/uploads\/2016\/11\/07_01.jpg","datePublished":"2016-11-05T00:02:47+00:00","dateModified":"2017-01-29T16:12:05+00:00","description":"Por su sigla en ingl\u00e9s M.A.M.O.N. significa Monitor Contra los Mexicanos a Trav\u00e9s de Toda la Naci\u00f3n. \"\u2026es un corto de\u00a0ciencia\u00a0ficci\u00f3n sat\u00edrico y con","breadcrumb":{"@id":"https:\/\/www.pressenza.com\/es\/2016\/11\/m-m-o-n-latinos-vs-donald-trump-breve-cortometraje\/#breadcrumb"},"inLanguage":"es","potentialAction":[{"@type":"ReadAction","target":["https:\/\/www.pressenza.com\/es\/2016\/11\/m-m-o-n-latinos-vs-donald-trump-breve-cortometraje\/"]}]},{"@type":"ImageObject","inLanguage":"es","@id":"https:\/\/www.pressenza.com\/es\/2016\/11\/m-m-o-n-latinos-vs-donald-trump-breve-cortometraje\/#primaryimage","url":"https:\/\/www.pressenza.com\/wp-content\/uploads\/2016\/11\/07_01.jpg","contentUrl":"https:\/\/www.pressenza.com\/wp-content\/uploads\/2016\/11\/07_01.jpg","width":1024,"height":570},{"@type":"BreadcrumbList","@id":"https:\/\/www.pressenza.com\/es\/2016\/11\/m-m-o-n-latinos-vs-donald-trump-breve-cortometraje\/#breadcrumb","itemListElement":[{"@type":"ListItem","position":1,"name":"Accueil","item":"https:\/\/www.pressenza.com\/es\/"},{"@type":"ListItem","position":2,"name":"M.A.M.O.N. Latinos vs Donald Trump. Breve cortometraje"}]},{"@type":"WebSite","@id":"https:\/\/www.pressenza.com\/es\/#website","url":"https:\/\/www.pressenza.com\/es\/","name":"Pressenza","description":"International Press Agency","publisher":{"@id":"https:\/\/www.pressenza.com\/es\/#organization"},"potentialAction":[{"@type":"SearchAction","target":{"@type":"EntryPoint","urlTemplate":"https:\/\/www.pressenza.com\/es\/?s={search_term_string}"},"query-input":{"@type":"PropertyValueSpecification","valueRequired":true,"valueName":"search_term_string"}}],"inLanguage":"es"},{"@type":"Organization","@id":"https:\/\/www.pressenza.com\/es\/#organization","name":"Pressenza","url":"https:\/\/www.pressenza.com\/es\/","logo":{"@type":"ImageObject","inLanguage":"es","@id":"https:\/\/www.pressenza.com\/es\/#\/schema\/logo\/image\/","url":"https:\/\/www.pressenza.com\/wp-content\/uploads\/2022\/10\/pressenza_logo_200x200.jpg","contentUrl":"https:\/\/www.pressenza.com\/wp-content\/uploads\/2022\/10\/pressenza_logo_200x200.jpg","width":200,"height":200,"caption":"Pressenza"},"image":{"@id":"https:\/\/www.pressenza.com\/es\/#\/schema\/logo\/image\/"},"sameAs":["https:\/\/www.facebook.com\/PressenzaItalia","https:\/\/x.com\/PressenzaIPA"]},{"@type":"Person","@id":"https:\/\/www.pressenza.com\/es\/#\/schema\/person\/738658b5125ecea661a8a0b96dba8b69","name":"Redacci\u00f3n Mar del Plata","description":"News published by the Pressenza bureau in Mar Del Plata, Argentina","sameAs":["https:\/\/www.facebook.com\/pressenza","https:\/\/x.com\/Pressenza"],"url":"https:\/\/www.pressenza.com\/es\/author\/redaccion-mar-del-plata\/"}]}},"place":"Uruguay, M\u00e9xico","original_article_url":"http:\/\/wecanfxit.com\/?#","_links":{"self":[{"href":"https:\/\/www.pressenza.com\/es\/wp-json\/wp\/v2\/posts\/393288","targetHints":{"allow":["GET"]}}],"collection":[{"href":"https:\/\/www.pressenza.com\/es\/wp-json\/wp\/v2\/posts"}],"about":[{"href":"https:\/\/www.pressenza.com\/es\/wp-json\/wp\/v2\/types\/post"}],"author":[{"embeddable":true,"href":"https:\/\/www.pressenza.com\/es\/wp-json\/wp\/v2\/users\/1254"}],"replies":[{"embeddable":true,"href":"https:\/\/www.pressenza.com\/es\/wp-json\/wp\/v2\/comments?post=393288"}],"version-history":[{"count":0,"href":"https:\/\/www.pressenza.com\/es\/wp-json\/wp\/v2\/posts\/393288\/revisions"}],"wp:featuredmedia":[{"embeddable":true,"href":"https:\/\/www.pressenza.com\/es\/wp-json\/wp\/v2\/media\/393297"}],"wp:attachment":[{"href":"https:\/\/www.pressenza.com\/es\/wp-json\/wp\/v2\/media?parent=393288"}],"wp:term":[{"taxonomy":"category","embeddable":true,"href":"https:\/\/www.pressenza.com\/es\/wp-json\/wp\/v2\/categories?post=393288"},{"taxonomy":"post_tag","embeddable":true,"href":"https:\/\/www.pressenza.com\/es\/wp-json\/wp\/v2\/tags?post=393288"}],"curies":[{"name":"wp","href":"https:\/\/api.w.org\/{rel}","templated":true}]}}