{"id":393206,"date":"2016-11-04T20:30:08","date_gmt":"2016-11-04T20:30:08","guid":{"rendered":"http:\/\/www.pressenza.com\/es\/?p=393206"},"modified":"2016-11-04T20:30:08","modified_gmt":"2016-11-04T20:30:08","slug":"liliana-hendel-el-retroceso-que-esta-habiendo-en-argentina-es-brutal","status":"publish","type":"post","link":"https:\/\/www.pressenza.com\/es\/2016\/11\/liliana-hendel-el-retroceso-que-esta-habiendo-en-argentina-es-brutal\/","title":{"rendered":"Liliana Hendel \u00abEl retroceso que est\u00e1 habiendo en Argentina es brutal\u00bb"},"content":{"rendered":"<p>Conversamos en Pressenza Internacional &#8211; En la Oreja con la periodista argentina Liliana Hendel, que forma parte de la Red Internacional de Periodistas con Enfoque de G\u00e9nero. Quer\u00edamos saber su punto de vista sobre la convocatoria del Paro Nacional de Mujeres, por qu\u00e9 en Argentina tiene tanta fuerza el movimiento del Ni Una Menos o el Encuentro Nacional de Mujeres. Tambi\u00e9n analizar el retroceso que viven las pol\u00edticas p\u00fablicas sobre g\u00e9nero con la llegada del nuevo gobierno de Cambiemos en Argentina. Y por \u00faltimo, saber qu\u00e9 es lo que debemos enfrentar tanto mujeres como hombres, el patriarcado, obviamente.<\/p>\n<p><iframe loading=\"lazy\" id=\"audio_13616538\" style=\"border: 1px solid #EEE; box-sizing: border-box; width: 100%;\" src=\"https:\/\/mx.ivoox.com\/es\/player_ej_13616538_4_1.html?c1=ff6600\" width=\"300\" height=\"200\" frameborder=\"0\" scrolling=\"no\" allowfullscreen=\"allowfullscreen\"><\/iframe><\/p>\n","protected":false},"excerpt":{"rendered":"<p>Conversamos en Pressenza Internacional &#8211; En la Oreja con la periodista argentina Liliana Hendel, que forma parte de la Red Internacional de Periodistas con Enfoque de G\u00e9nero. Quer\u00edamos saber su punto de vista sobre la convocatoria del Paro Nacional de&hellip;<\/p>\n","protected":false},"author":1011,"featured_media":393207,"comment_status":"closed","ping_status":"closed","sticky":false,"template":"","format":"standard","meta":{"footnotes":""},"categories":[11389,75,1241,155,74,22754,1239,67],"tags":[17734,32287,26,16943,19986,17863,503,18920,1025,31651,16372,19984,4495,1024],"class_list":["post-393206","post","type-post","status-publish","format-standard","has-post-thumbnail","hentry","category-contenido-original","category-cultura-es","category-diversidad","category-entrevistas","category-politica-es","category-radio-es","category-salud","category-sudamerica","tag-niunamenos","tag-nosotrasparamos","tag-argentina","tag-en-la-oreja","tag-encuentro-nacional-de-mujeres","tag-femicidios","tag-genero","tag-mariano-quiroga","tag-mujeres","tag-paro-nacional-de-mujeres","tag-pichincha-universal","tag-pressenza-internacional-en-la-oreja","tag-radio-it","tag-violencia-de-genero"],"yoast_head":"<!-- This site is optimized with the Yoast SEO plugin v27.1.1 - https:\/\/yoast.com\/product\/yoast-seo-wordpress\/ -->\n<title>Liliana Hendel &quot;El retroceso que est\u00e1 habiendo en Argentina es brutal&quot;<\/title>\n<meta name=\"description\" content=\"Conversamos en Pressenza Internacional - En la Oreja con la periodista argentina Liliana Hendel, que forma parte de la Red Internacional de Periodistas\" \/>\n<meta name=\"robots\" content=\"index, follow, max-snippet:-1, max-image-preview:large, max-video-preview:-1\" \/>\n<link rel=\"canonical\" href=\"https:\/\/www.pressenza.com\/es\/2016\/11\/liliana-hendel-el-retroceso-que-esta-habiendo-en-argentina-es-brutal\/\" \/>\n<meta property=\"og:locale\" content=\"es_ES\" \/>\n<meta property=\"og:type\" content=\"article\" \/>\n<meta property=\"og:title\" content=\"Liliana Hendel &quot;El retroceso que est\u00e1 habiendo en Argentina es brutal&quot;\" \/>\n<meta property=\"og:description\" content=\"Conversamos en Pressenza Internacional - En la Oreja con la periodista argentina Liliana Hendel, que forma parte de la Red Internacional de Periodistas\" \/>\n<meta property=\"og:url\" content=\"https:\/\/www.pressenza.com\/es\/2016\/11\/liliana-hendel-el-retroceso-que-esta-habiendo-en-argentina-es-brutal\/\" \/>\n<meta property=\"og:site_name\" content=\"Pressenza\" \/>\n<meta property=\"article:publisher\" content=\"https:\/\/www.facebook.com\/PressenzaItalia\" \/>\n<meta property=\"article:published_time\" content=\"2016-11-04T20:30:08+00:00\" \/>\n<meta property=\"og:image\" content=\"https:\/\/www.pressenza.com\/wp-content\/uploads\/2016\/11\/Prensa-TV-P--blica-liliana-hendel.jpg\" \/>\n\t<meta property=\"og:image:width\" content=\"2048\" \/>\n\t<meta property=\"og:image:height\" content=\"1334\" \/>\n\t<meta property=\"og:image:type\" content=\"image\/jpeg\" \/>\n<meta name=\"author\" content=\"Redacci\u00f3n Ecuador\" \/>\n<meta name=\"twitter:card\" content=\"summary_large_image\" \/>\n<meta name=\"twitter:creator\" content=\"@PressenzaIPA\" \/>\n<meta name=\"twitter:site\" content=\"@PressenzaIPA\" \/>\n<meta name=\"twitter:label1\" content=\"Escrito por\" \/>\n\t<meta name=\"twitter:data1\" content=\"Redacci\u00f3n Ecuador\" \/>\n\t<meta name=\"twitter:label2\" content=\"Tiempo de lectura\" \/>\n\t<meta name=\"twitter:data2\" content=\"1 minuto\" \/>\n<script type=\"application\/ld+json\" class=\"yoast-schema-graph\">{\"@context\":\"https:\/\/schema.org\",\"@graph\":[{\"@type\":\"Article\",\"@id\":\"https:\/\/www.pressenza.com\/es\/2016\/11\/liliana-hendel-el-retroceso-que-esta-habiendo-en-argentina-es-brutal\/#article\",\"isPartOf\":{\"@id\":\"https:\/\/www.pressenza.com\/es\/2016\/11\/liliana-hendel-el-retroceso-que-esta-habiendo-en-argentina-es-brutal\/\"},\"author\":{\"name\":\"Redacci\u00f3n Ecuador\",\"@id\":\"https:\/\/www.pressenza.com\/es\/#\/schema\/person\/883a735c40665759bcc6fe0c26bcb46f\"},\"headline\":\"Liliana Hendel \u00abEl retroceso que est\u00e1 habiendo en Argentina es brutal\u00bb\",\"datePublished\":\"2016-11-04T20:30:08+00:00\",\"mainEntityOfPage\":{\"@id\":\"https:\/\/www.pressenza.com\/es\/2016\/11\/liliana-hendel-el-retroceso-que-esta-habiendo-en-argentina-es-brutal\/\"},\"wordCount\":115,\"publisher\":{\"@id\":\"https:\/\/www.pressenza.com\/es\/#organization\"},\"image\":{\"@id\":\"https:\/\/www.pressenza.com\/es\/2016\/11\/liliana-hendel-el-retroceso-que-esta-habiendo-en-argentina-es-brutal\/#primaryimage\"},\"thumbnailUrl\":\"https:\/\/www.pressenza.com\/wp-content\/uploads\/2016\/11\/Prensa-TV-P--blica-liliana-hendel.jpg\",\"keywords\":[\"#NiUnaMenos\",\"#NosotrasParamos\",\"Argentina\",\"En la oreja\",\"Encuentro nacional de mujeres\",\"femicidios\",\"G\u00e9nero\",\"Mariano Quiroga\",\"Mujeres\",\"paro nacional de mujeres\",\"Pichincha Universal\",\"Pressenza Internacional En la oreja\",\"radio\",\"Violencia de g\u00e9nero\"],\"articleSection\":[\"Contenido Original\",\"Cultura y Medios\",\"Diversidad\",\"Entrevistas\",\"Pol\u00edtica\",\"Radio\",\"Salud\",\"Sudam\u00e9rica\"],\"inLanguage\":\"es\"},{\"@type\":\"WebPage\",\"@id\":\"https:\/\/www.pressenza.com\/es\/2016\/11\/liliana-hendel-el-retroceso-que-esta-habiendo-en-argentina-es-brutal\/\",\"url\":\"https:\/\/www.pressenza.com\/es\/2016\/11\/liliana-hendel-el-retroceso-que-esta-habiendo-en-argentina-es-brutal\/\",\"name\":\"Liliana Hendel \\\"El retroceso que est\u00e1 habiendo en Argentina es brutal\\\"\",\"isPartOf\":{\"@id\":\"https:\/\/www.pressenza.com\/es\/#website\"},\"primaryImageOfPage\":{\"@id\":\"https:\/\/www.pressenza.com\/es\/2016\/11\/liliana-hendel-el-retroceso-que-esta-habiendo-en-argentina-es-brutal\/#primaryimage\"},\"image\":{\"@id\":\"https:\/\/www.pressenza.com\/es\/2016\/11\/liliana-hendel-el-retroceso-que-esta-habiendo-en-argentina-es-brutal\/#primaryimage\"},\"thumbnailUrl\":\"https:\/\/www.pressenza.com\/wp-content\/uploads\/2016\/11\/Prensa-TV-P--blica-liliana-hendel.jpg\",\"datePublished\":\"2016-11-04T20:30:08+00:00\",\"description\":\"Conversamos en Pressenza Internacional - En la Oreja con la periodista argentina Liliana Hendel, que forma parte de la Red Internacional de Periodistas\",\"breadcrumb\":{\"@id\":\"https:\/\/www.pressenza.com\/es\/2016\/11\/liliana-hendel-el-retroceso-que-esta-habiendo-en-argentina-es-brutal\/#breadcrumb\"},\"inLanguage\":\"es\",\"potentialAction\":[{\"@type\":\"ReadAction\",\"target\":[\"https:\/\/www.pressenza.com\/es\/2016\/11\/liliana-hendel-el-retroceso-que-esta-habiendo-en-argentina-es-brutal\/\"]}]},{\"@type\":\"ImageObject\",\"inLanguage\":\"es\",\"@id\":\"https:\/\/www.pressenza.com\/es\/2016\/11\/liliana-hendel-el-retroceso-que-esta-habiendo-en-argentina-es-brutal\/#primaryimage\",\"url\":\"https:\/\/www.pressenza.com\/wp-content\/uploads\/2016\/11\/Prensa-TV-P--blica-liliana-hendel.jpg\",\"contentUrl\":\"https:\/\/www.pressenza.com\/wp-content\/uploads\/2016\/11\/Prensa-TV-P--blica-liliana-hendel.jpg\",\"width\":2048,\"height\":1334},{\"@type\":\"BreadcrumbList\",\"@id\":\"https:\/\/www.pressenza.com\/es\/2016\/11\/liliana-hendel-el-retroceso-que-esta-habiendo-en-argentina-es-brutal\/#breadcrumb\",\"itemListElement\":[{\"@type\":\"ListItem\",\"position\":1,\"name\":\"Accueil\",\"item\":\"https:\/\/www.pressenza.com\/es\/\"},{\"@type\":\"ListItem\",\"position\":2,\"name\":\"Liliana Hendel \u00abEl retroceso que est\u00e1 habiendo en Argentina es brutal\u00bb\"}]},{\"@type\":\"WebSite\",\"@id\":\"https:\/\/www.pressenza.com\/es\/#website\",\"url\":\"https:\/\/www.pressenza.com\/es\/\",\"name\":\"Pressenza\",\"description\":\"International Press Agency\",\"publisher\":{\"@id\":\"https:\/\/www.pressenza.com\/es\/#organization\"},\"potentialAction\":[{\"@type\":\"SearchAction\",\"target\":{\"@type\":\"EntryPoint\",\"urlTemplate\":\"https:\/\/www.pressenza.com\/es\/?s={search_term_string}\"},\"query-input\":{\"@type\":\"PropertyValueSpecification\",\"valueRequired\":true,\"valueName\":\"search_term_string\"}}],\"inLanguage\":\"es\"},{\"@type\":\"Organization\",\"@id\":\"https:\/\/www.pressenza.com\/es\/#organization\",\"name\":\"Pressenza\",\"url\":\"https:\/\/www.pressenza.com\/es\/\",\"logo\":{\"@type\":\"ImageObject\",\"inLanguage\":\"es\",\"@id\":\"https:\/\/www.pressenza.com\/es\/#\/schema\/logo\/image\/\",\"url\":\"https:\/\/www.pressenza.com\/wp-content\/uploads\/2022\/10\/pressenza_logo_200x200.jpg\",\"contentUrl\":\"https:\/\/www.pressenza.com\/wp-content\/uploads\/2022\/10\/pressenza_logo_200x200.jpg\",\"width\":200,\"height\":200,\"caption\":\"Pressenza\"},\"image\":{\"@id\":\"https:\/\/www.pressenza.com\/es\/#\/schema\/logo\/image\/\"},\"sameAs\":[\"https:\/\/www.facebook.com\/PressenzaItalia\",\"https:\/\/x.com\/PressenzaIPA\"]},{\"@type\":\"Person\",\"@id\":\"https:\/\/www.pressenza.com\/es\/#\/schema\/person\/883a735c40665759bcc6fe0c26bcb46f\",\"name\":\"Redacci\u00f3n Ecuador\",\"description\":\"News published by the Pressenza bureau in Quito, Ecuador\",\"url\":\"https:\/\/www.pressenza.com\/es\/author\/redaccion-ecuador\/\"}]}<\/script>\n<!-- \/ Yoast SEO plugin. -->","yoast_head_json":{"title":"Liliana Hendel \"El retroceso que est\u00e1 habiendo en Argentina es brutal\"","description":"Conversamos en Pressenza Internacional - En la Oreja con la periodista argentina Liliana Hendel, que forma parte de la Red Internacional de Periodistas","robots":{"index":"index","follow":"follow","max-snippet":"max-snippet:-1","max-image-preview":"max-image-preview:large","max-video-preview":"max-video-preview:-1"},"canonical":"https:\/\/www.pressenza.com\/es\/2016\/11\/liliana-hendel-el-retroceso-que-esta-habiendo-en-argentina-es-brutal\/","og_locale":"es_ES","og_type":"article","og_title":"Liliana Hendel \"El retroceso que est\u00e1 habiendo en Argentina es brutal\"","og_description":"Conversamos en Pressenza Internacional - En la Oreja con la periodista argentina Liliana Hendel, que forma parte de la Red Internacional de Periodistas","og_url":"https:\/\/www.pressenza.com\/es\/2016\/11\/liliana-hendel-el-retroceso-que-esta-habiendo-en-argentina-es-brutal\/","og_site_name":"Pressenza","article_publisher":"https:\/\/www.facebook.com\/PressenzaItalia","article_published_time":"2016-11-04T20:30:08+00:00","og_image":[{"width":2048,"height":1334,"url":"https:\/\/www.pressenza.com\/wp-content\/uploads\/2016\/11\/Prensa-TV-P--blica-liliana-hendel.jpg","type":"image\/jpeg"}],"author":"Redacci\u00f3n Ecuador","twitter_card":"summary_large_image","twitter_creator":"@PressenzaIPA","twitter_site":"@PressenzaIPA","twitter_misc":{"Escrito por":"Redacci\u00f3n Ecuador","Tiempo de lectura":"1 minuto"},"schema":{"@context":"https:\/\/schema.org","@graph":[{"@type":"Article","@id":"https:\/\/www.pressenza.com\/es\/2016\/11\/liliana-hendel-el-retroceso-que-esta-habiendo-en-argentina-es-brutal\/#article","isPartOf":{"@id":"https:\/\/www.pressenza.com\/es\/2016\/11\/liliana-hendel-el-retroceso-que-esta-habiendo-en-argentina-es-brutal\/"},"author":{"name":"Redacci\u00f3n Ecuador","@id":"https:\/\/www.pressenza.com\/es\/#\/schema\/person\/883a735c40665759bcc6fe0c26bcb46f"},"headline":"Liliana Hendel \u00abEl retroceso que est\u00e1 habiendo en Argentina es brutal\u00bb","datePublished":"2016-11-04T20:30:08+00:00","mainEntityOfPage":{"@id":"https:\/\/www.pressenza.com\/es\/2016\/11\/liliana-hendel-el-retroceso-que-esta-habiendo-en-argentina-es-brutal\/"},"wordCount":115,"publisher":{"@id":"https:\/\/www.pressenza.com\/es\/#organization"},"image":{"@id":"https:\/\/www.pressenza.com\/es\/2016\/11\/liliana-hendel-el-retroceso-que-esta-habiendo-en-argentina-es-brutal\/#primaryimage"},"thumbnailUrl":"https:\/\/www.pressenza.com\/wp-content\/uploads\/2016\/11\/Prensa-TV-P--blica-liliana-hendel.jpg","keywords":["#NiUnaMenos","#NosotrasParamos","Argentina","En la oreja","Encuentro nacional de mujeres","femicidios","G\u00e9nero","Mariano Quiroga","Mujeres","paro nacional de mujeres","Pichincha Universal","Pressenza Internacional En la oreja","radio","Violencia de g\u00e9nero"],"articleSection":["Contenido Original","Cultura y Medios","Diversidad","Entrevistas","Pol\u00edtica","Radio","Salud","Sudam\u00e9rica"],"inLanguage":"es"},{"@type":"WebPage","@id":"https:\/\/www.pressenza.com\/es\/2016\/11\/liliana-hendel-el-retroceso-que-esta-habiendo-en-argentina-es-brutal\/","url":"https:\/\/www.pressenza.com\/es\/2016\/11\/liliana-hendel-el-retroceso-que-esta-habiendo-en-argentina-es-brutal\/","name":"Liliana Hendel \"El retroceso que est\u00e1 habiendo en Argentina es brutal\"","isPartOf":{"@id":"https:\/\/www.pressenza.com\/es\/#website"},"primaryImageOfPage":{"@id":"https:\/\/www.pressenza.com\/es\/2016\/11\/liliana-hendel-el-retroceso-que-esta-habiendo-en-argentina-es-brutal\/#primaryimage"},"image":{"@id":"https:\/\/www.pressenza.com\/es\/2016\/11\/liliana-hendel-el-retroceso-que-esta-habiendo-en-argentina-es-brutal\/#primaryimage"},"thumbnailUrl":"https:\/\/www.pressenza.com\/wp-content\/uploads\/2016\/11\/Prensa-TV-P--blica-liliana-hendel.jpg","datePublished":"2016-11-04T20:30:08+00:00","description":"Conversamos en Pressenza Internacional - En la Oreja con la periodista argentina Liliana Hendel, que forma parte de la Red Internacional de Periodistas","breadcrumb":{"@id":"https:\/\/www.pressenza.com\/es\/2016\/11\/liliana-hendel-el-retroceso-que-esta-habiendo-en-argentina-es-brutal\/#breadcrumb"},"inLanguage":"es","potentialAction":[{"@type":"ReadAction","target":["https:\/\/www.pressenza.com\/es\/2016\/11\/liliana-hendel-el-retroceso-que-esta-habiendo-en-argentina-es-brutal\/"]}]},{"@type":"ImageObject","inLanguage":"es","@id":"https:\/\/www.pressenza.com\/es\/2016\/11\/liliana-hendel-el-retroceso-que-esta-habiendo-en-argentina-es-brutal\/#primaryimage","url":"https:\/\/www.pressenza.com\/wp-content\/uploads\/2016\/11\/Prensa-TV-P--blica-liliana-hendel.jpg","contentUrl":"https:\/\/www.pressenza.com\/wp-content\/uploads\/2016\/11\/Prensa-TV-P--blica-liliana-hendel.jpg","width":2048,"height":1334},{"@type":"BreadcrumbList","@id":"https:\/\/www.pressenza.com\/es\/2016\/11\/liliana-hendel-el-retroceso-que-esta-habiendo-en-argentina-es-brutal\/#breadcrumb","itemListElement":[{"@type":"ListItem","position":1,"name":"Accueil","item":"https:\/\/www.pressenza.com\/es\/"},{"@type":"ListItem","position":2,"name":"Liliana Hendel \u00abEl retroceso que est\u00e1 habiendo en Argentina es brutal\u00bb"}]},{"@type":"WebSite","@id":"https:\/\/www.pressenza.com\/es\/#website","url":"https:\/\/www.pressenza.com\/es\/","name":"Pressenza","description":"International Press Agency","publisher":{"@id":"https:\/\/www.pressenza.com\/es\/#organization"},"potentialAction":[{"@type":"SearchAction","target":{"@type":"EntryPoint","urlTemplate":"https:\/\/www.pressenza.com\/es\/?s={search_term_string}"},"query-input":{"@type":"PropertyValueSpecification","valueRequired":true,"valueName":"search_term_string"}}],"inLanguage":"es"},{"@type":"Organization","@id":"https:\/\/www.pressenza.com\/es\/#organization","name":"Pressenza","url":"https:\/\/www.pressenza.com\/es\/","logo":{"@type":"ImageObject","inLanguage":"es","@id":"https:\/\/www.pressenza.com\/es\/#\/schema\/logo\/image\/","url":"https:\/\/www.pressenza.com\/wp-content\/uploads\/2022\/10\/pressenza_logo_200x200.jpg","contentUrl":"https:\/\/www.pressenza.com\/wp-content\/uploads\/2022\/10\/pressenza_logo_200x200.jpg","width":200,"height":200,"caption":"Pressenza"},"image":{"@id":"https:\/\/www.pressenza.com\/es\/#\/schema\/logo\/image\/"},"sameAs":["https:\/\/www.facebook.com\/PressenzaItalia","https:\/\/x.com\/PressenzaIPA"]},{"@type":"Person","@id":"https:\/\/www.pressenza.com\/es\/#\/schema\/person\/883a735c40665759bcc6fe0c26bcb46f","name":"Redacci\u00f3n Ecuador","description":"News published by the Pressenza bureau in Quito, Ecuador","url":"https:\/\/www.pressenza.com\/es\/author\/redaccion-ecuador\/"}]}},"place":"Ciudad de Buenos Aires, Argentina","original_article_url":"","_links":{"self":[{"href":"https:\/\/www.pressenza.com\/es\/wp-json\/wp\/v2\/posts\/393206","targetHints":{"allow":["GET"]}}],"collection":[{"href":"https:\/\/www.pressenza.com\/es\/wp-json\/wp\/v2\/posts"}],"about":[{"href":"https:\/\/www.pressenza.com\/es\/wp-json\/wp\/v2\/types\/post"}],"author":[{"embeddable":true,"href":"https:\/\/www.pressenza.com\/es\/wp-json\/wp\/v2\/users\/1011"}],"replies":[{"embeddable":true,"href":"https:\/\/www.pressenza.com\/es\/wp-json\/wp\/v2\/comments?post=393206"}],"version-history":[{"count":0,"href":"https:\/\/www.pressenza.com\/es\/wp-json\/wp\/v2\/posts\/393206\/revisions"}],"wp:featuredmedia":[{"embeddable":true,"href":"https:\/\/www.pressenza.com\/es\/wp-json\/wp\/v2\/media\/393207"}],"wp:attachment":[{"href":"https:\/\/www.pressenza.com\/es\/wp-json\/wp\/v2\/media?parent=393206"}],"wp:term":[{"taxonomy":"category","embeddable":true,"href":"https:\/\/www.pressenza.com\/es\/wp-json\/wp\/v2\/categories?post=393206"},{"taxonomy":"post_tag","embeddable":true,"href":"https:\/\/www.pressenza.com\/es\/wp-json\/wp\/v2\/tags?post=393206"}],"curies":[{"name":"wp","href":"https:\/\/api.w.org\/{rel}","templated":true}]}}