{"id":3919,"date":"2010-09-06T00:00:00","date_gmt":"2010-09-06T00:00:00","guid":{"rendered":""},"modified":"2010-09-09T08:33:18","modified_gmt":"2010-09-09T08:33:18","slug":"eta-anuncia-el-alto-el-fuego","status":"publish","type":"post","link":"https:\/\/www.pressenza.com\/es\/2010\/09\/eta-anuncia-el-alto-el-fuego\/","title":{"rendered":"ETA anuncia el alto el fuego"},"content":{"rendered":"<p>La organizaci\u00f3n terrorista ETA ha anunciado su decisi\u00f3n de \u00abno llevar a cabo acciones armadas ofensivas\u00bb en una declaraci\u00f3n en la que asegura que \u00absi el Gobierno de Espa\u00f1a tiene voluntad\u00bb, la banda est\u00e1 dispuesta a acordar \u00ablos m\u00ednimos democr\u00e1ticos necesarios para emprender el proceso democr\u00e1tico\u00bb. El anuncio ha sido realizado a trav\u00e9s de un v\u00eddeo enviado a la cadena de televisi\u00f3n brit\u00e1nica BBC y remitido despu\u00e9s al diario Gara.<\/p>\n<p>La banda ya \u00abhace algunos meses\u00bb tom\u00f3 la decisi\u00f3n de no llevar a cabo \u00abacciones armadas ofensivas\u00bb, seg\u00fan se\u00f1ala en el v\u00eddeo una mujer encapuchada, que act\u00faa como portavoz de la banda, acompa\u00f1ada por otros dos terroristas. Los tres llevan su rostro cubierto con capuchas blancas en las que s\u00f3lo se ven sus ojos. Visten ropa negra, incluidos guantes y boina. El anagrama de la banda aparece en sus camisetas, igual que el del cartel que se ve tras ellos.<\/p>\n<p>El v\u00eddeo deja muchos interrogantes pendientes de una respuesta, ya que no queda especificado en ning\u00fan momento si esta decisi\u00f3n es temporal o definitiva. Y el comunicado s\u00f3lo habla exclusivamente de \u00abno llevar a cabo acciones armadas ofensivas\u00bb, es decir, de no atentar, lo que deja abierta la posibilidad de que contin\u00fae la extorsi\u00f3n o el rearme de la banda.<\/p>\n<p>La portavoz etarra hace un llamamiento a actuar \u00abcon responsabilidad\u00bb a los agentes pol\u00edticos, sociales y sindicales vascos. \u00abPara llegar al escenario de un proceso democr\u00e1tico resulta imprescindible dar pasos firmes como pueblo. Resulta necesario fijar el proceso para dar la palabra al pueblo. Porque ser\u00e1 cuando los derechos del pueblo vasco sean reconocidos y garantizados cuando se abra la puerta de la verdadera soluci\u00f3n al conflicto\u00bb, a\u00f1ade.<\/p>\n<p>Asimismo, hace un llamamiento al conjunto de los ciudadanos vascos para que \u00abse impliquen y contin\u00faen la lucha. Cada cual en su propio \u00e1mbito, ofrecido cada uno su nivel de compromiso, para que con la riada compuesta por las gotas de todos podamos derruir el muro de la negaci\u00f3n y dar pasos irreversibles en el camino de la libertad\u00bb.<\/p>\n<p>Tambi\u00e9n apela a la comunidad internacional para que forme parte de la articulaci\u00f3n de \u00abuna soluci\u00f3n justa, democr\u00e1tica y duradera\u00bb.<\/p>\n<p>No se habla de una tregua verificable<\/p>\n<p>El anuncio de ETA llega tan s\u00f3lo dos d\u00edas despu\u00e9s de que Eusko Alkartasuna y Batasuna emitieran un comunicado en el que reclamaban a la banda terrorista un alto el fuego \u00abcon verificaci\u00f3n internacional\u00bb.<\/p>\n<p>Del contenido del v\u00eddeo emitido en la BBC no se deduce que la banda est\u00e9 dispuesta a dicha verificaci\u00f3n, una de las exigencias de los partidos democr\u00e1ticos y de la propia izquierda &#8216;abertzale&#8217; para creer que la apuesta de la banda es fiable.<\/p>\n<p>Esta exigencia de tregua verificable es, asimismo, la misma que Brian Currin, asesor de Batasuna, present\u00f3 el pasado mes de marzo en las instituciones europeas avalada por cuatro premios Nobel.<\/p>\n<p>Escepticismo del Gobierno y del PP<\/p>\n<p>Desde hace meses han sido constantes los rumores de que ETA iba a anunciar un alto el fuego. Estos rumores se han intensificado en los \u00faltimos d\u00edas, pero han contado con el escepticismo de los partidos democr\u00e1ticos. El ministro del Interior, Alfredo P\u00e9rez Rubalcaba, que ahora est\u00e1 reunido con la c\u00fapula de su departamento para analizar el comunicado, as\u00ed lo expres\u00f3 el pasado viernes.<\/p>\n<p>El Partido Popular fue m\u00e1s all\u00e1, al considerar que esa hipot\u00e9tica tregua no era m\u00e1s que \u00abuna estrategia del n\u00facleo duro de la banda\u00bb para colarse en las elecciones municipales y forales de 2011.<\/p>\n<p>Treguas fallidas<\/p>\n<p>El escepticismo de los partidos democr\u00e1ticos viene motivado por las fallidas treguas de ETA en el pasado. La \u00faltima, anunciada el 22 de marzo de 2006, se prolong\u00f3 durante nueve meses y sirvi\u00f3, como se vio despu\u00e9s, para que los terroristas se rearmaran y continuaran el chantaje y la extorsi\u00f3n.<\/p>\n<p>La noticia en la BBC de Londres<\/p>\n<p>El grupo terrorista vasco ETA dijo que no va a \u00abllevar a cabo acciones armadas\u00bb en su campa\u00f1a por la independencia del Pa\u00eds Vasco.<\/p>\n<p>En un video obtenido exclusivamente por la BBC, el grupo dijo que tom\u00f3 hace varios meses la decisi\u00f3n de \u00abponer en marcha un proceso democr\u00e1tico\u00bb pero no est\u00e1 claro si se trata de una iniciativa temporal de abandonar las armas o permanente.<\/p>\n<p>En sus primeras reacciones, el gobierno de Espa\u00f1a se manifest\u00f3 cauteloso y remarc\u00f3 que lo que tiene la hacer el grupo separatista es abandonar definitivamente las armas.<\/p>\n<p>Hace unos d\u00edas, el presidente del gobierno espa\u00f1ol, Jos\u00e9 Luis Rodr\u00edguez Zapatero, afirm\u00f3 que ETA \u00abs\u00f3lo tiene un destino\u00bb, que es abandonar las armas \u00absin esperar nada a cambio\u00bb.<\/p>\n<p>Se considera que ETA -cuyo objetivo es la independencia del Pa\u00eds Vasco- mat\u00f3 a al menos 820 personas desde su fundaci\u00f3n hace 51 a\u00f1os.<\/p>\n<p>El grupo armado ya llev\u00f3 a cabo dos ceses de hostilidades en el pasado pero volvi\u00f3 a retomar la acci\u00f3n armada.<\/p>\n<p>En el video aparecen tres personas encapuchadas sentadas tras una mesa junto a s\u00edmbolos de la organizaci\u00f3n armada.<\/p>\n<p>La persona que se encuentra en el medio lee un anuncio en el que se defiende la campa\u00f1a de violencia realizada por ETA, pero se anuncia que el grupo quiere lograr sus objetivos a trav\u00e9s de medios \u00abpac\u00edficos y democr\u00e1ticos\u00bb.<\/p>\n","protected":false},"excerpt":{"rendered":"<p>En un comunicado hecho p\u00fablico, ETA ha anunciado que no llevar\u00e1 a cabo &#8216;acciones armadas ofensivas&#8217; y hace un llamamiento a los pol\u00edticos a actuar &#8216;con responsabilidad&#8217;. Asegura que hab\u00eda tomado la  decisi\u00f3n de no atentar &#8216;hace ya algunos meses&#8217;. El comunicado no aclara si esta decisi\u00f3n es temporal, definitiva ni verificable.<\/p>\n","protected":false},"author":393,"featured_media":0,"comment_status":"closed","ping_status":"open","sticky":false,"template":"","format":"standard","meta":{"footnotes":""},"categories":[66,39,74],"tags":[],"class_list":["post-3919","post","type-post","status-publish","format-standard","hentry","category-europa-es","category-internacional","category-politica-es"],"yoast_head":"<!-- This site is optimized with the Yoast SEO plugin v27.1.1 - https:\/\/yoast.com\/product\/yoast-seo-wordpress\/ -->\n<title>ETA anuncia el alto el fuego<\/title>\n<meta name=\"description\" content=\"En un comunicado hecho p\u00fablico, ETA ha anunciado que no llevar\u00e1 a cabo &#039;acciones armadas ofensivas&#039; y hace un llamamiento a los pol\u00edticos a actuar &#039;con responsabilidad&#039;. Asegura que hab\u00eda tomado la decisi\u00f3n de no atentar &#039;hace ya algunos meses&#039;. El comunicado no aclara si esta decisi\u00f3n es temporal, definitiva ni verificable.\" \/>\n<meta name=\"robots\" content=\"index, follow, max-snippet:-1, max-image-preview:large, max-video-preview:-1\" \/>\n<link rel=\"canonical\" href=\"https:\/\/www.pressenza.com\/es\/2010\/09\/eta-anuncia-el-alto-el-fuego\/\" \/>\n<meta property=\"og:locale\" content=\"es_ES\" \/>\n<meta property=\"og:type\" content=\"article\" \/>\n<meta property=\"og:title\" content=\"ETA anuncia el alto el fuego\" \/>\n<meta property=\"og:description\" content=\"En un comunicado hecho p\u00fablico, ETA ha anunciado que no llevar\u00e1 a cabo &#039;acciones armadas ofensivas&#039; y hace un llamamiento a los pol\u00edticos a actuar &#039;con responsabilidad&#039;. Asegura que hab\u00eda tomado la decisi\u00f3n de no atentar &#039;hace ya algunos meses&#039;. El comunicado no aclara si esta decisi\u00f3n es temporal, definitiva ni verificable.\" \/>\n<meta property=\"og:url\" content=\"https:\/\/www.pressenza.com\/es\/2010\/09\/eta-anuncia-el-alto-el-fuego\/\" \/>\n<meta property=\"og:site_name\" content=\"Pressenza\" \/>\n<meta property=\"article:publisher\" content=\"https:\/\/www.facebook.com\/PressenzaItalia\" \/>\n<meta property=\"article:published_time\" content=\"2010-09-06T00:00:00+00:00\" \/>\n<meta property=\"article:modified_time\" content=\"2010-09-09T08:33:18+00:00\" \/>\n<meta name=\"author\" content=\"Euromundo Global\" \/>\n<meta name=\"twitter:card\" content=\"summary_large_image\" \/>\n<meta name=\"twitter:creator\" content=\"@PressenzaIPA\" \/>\n<meta name=\"twitter:site\" content=\"@PressenzaIPA\" \/>\n<meta name=\"twitter:label1\" content=\"Escrito por\" \/>\n\t<meta name=\"twitter:data1\" content=\"Euromundo Global\" \/>\n\t<meta name=\"twitter:label2\" content=\"Tiempo de lectura\" \/>\n\t<meta name=\"twitter:data2\" content=\"5 minutos\" \/>\n<script type=\"application\/ld+json\" class=\"yoast-schema-graph\">{\"@context\":\"https:\/\/schema.org\",\"@graph\":[{\"@type\":\"Article\",\"@id\":\"https:\/\/www.pressenza.com\/es\/2010\/09\/eta-anuncia-el-alto-el-fuego\/#article\",\"isPartOf\":{\"@id\":\"https:\/\/www.pressenza.com\/es\/2010\/09\/eta-anuncia-el-alto-el-fuego\/\"},\"author\":{\"name\":\"Euromundo Global\",\"@id\":\"https:\/\/www.pressenza.com\/es\/#\/schema\/person\/aa0e2987002c701151834166170547b6\"},\"headline\":\"ETA anuncia el alto el fuego\",\"datePublished\":\"2010-09-06T00:00:00+00:00\",\"dateModified\":\"2010-09-09T08:33:18+00:00\",\"mainEntityOfPage\":{\"@id\":\"https:\/\/www.pressenza.com\/es\/2010\/09\/eta-anuncia-el-alto-el-fuego\/\"},\"wordCount\":932,\"publisher\":{\"@id\":\"https:\/\/www.pressenza.com\/es\/#organization\"},\"articleSection\":[\"Europa\",\"Internacional\",\"Pol\u00edtica\"],\"inLanguage\":\"es\"},{\"@type\":\"WebPage\",\"@id\":\"https:\/\/www.pressenza.com\/es\/2010\/09\/eta-anuncia-el-alto-el-fuego\/\",\"url\":\"https:\/\/www.pressenza.com\/es\/2010\/09\/eta-anuncia-el-alto-el-fuego\/\",\"name\":\"ETA anuncia el alto el fuego\",\"isPartOf\":{\"@id\":\"https:\/\/www.pressenza.com\/es\/#website\"},\"datePublished\":\"2010-09-06T00:00:00+00:00\",\"dateModified\":\"2010-09-09T08:33:18+00:00\",\"description\":\"En un comunicado hecho p\u00fablico, ETA ha anunciado que no llevar\u00e1 a cabo 'acciones armadas ofensivas' y hace un llamamiento a los pol\u00edticos a actuar 'con responsabilidad'. Asegura que hab\u00eda tomado la decisi\u00f3n de no atentar 'hace ya algunos meses'. El comunicado no aclara si esta decisi\u00f3n es temporal, definitiva ni verificable.\",\"breadcrumb\":{\"@id\":\"https:\/\/www.pressenza.com\/es\/2010\/09\/eta-anuncia-el-alto-el-fuego\/#breadcrumb\"},\"inLanguage\":\"es\",\"potentialAction\":[{\"@type\":\"ReadAction\",\"target\":[\"https:\/\/www.pressenza.com\/es\/2010\/09\/eta-anuncia-el-alto-el-fuego\/\"]}]},{\"@type\":\"BreadcrumbList\",\"@id\":\"https:\/\/www.pressenza.com\/es\/2010\/09\/eta-anuncia-el-alto-el-fuego\/#breadcrumb\",\"itemListElement\":[{\"@type\":\"ListItem\",\"position\":1,\"name\":\"Accueil\",\"item\":\"https:\/\/www.pressenza.com\/es\/\"},{\"@type\":\"ListItem\",\"position\":2,\"name\":\"ETA anuncia el alto el fuego\"}]},{\"@type\":\"WebSite\",\"@id\":\"https:\/\/www.pressenza.com\/es\/#website\",\"url\":\"https:\/\/www.pressenza.com\/es\/\",\"name\":\"Pressenza\",\"description\":\"International Press Agency\",\"publisher\":{\"@id\":\"https:\/\/www.pressenza.com\/es\/#organization\"},\"potentialAction\":[{\"@type\":\"SearchAction\",\"target\":{\"@type\":\"EntryPoint\",\"urlTemplate\":\"https:\/\/www.pressenza.com\/es\/?s={search_term_string}\"},\"query-input\":{\"@type\":\"PropertyValueSpecification\",\"valueRequired\":true,\"valueName\":\"search_term_string\"}}],\"inLanguage\":\"es\"},{\"@type\":\"Organization\",\"@id\":\"https:\/\/www.pressenza.com\/es\/#organization\",\"name\":\"Pressenza\",\"url\":\"https:\/\/www.pressenza.com\/es\/\",\"logo\":{\"@type\":\"ImageObject\",\"inLanguage\":\"es\",\"@id\":\"https:\/\/www.pressenza.com\/es\/#\/schema\/logo\/image\/\",\"url\":\"https:\/\/www.pressenza.com\/wp-content\/uploads\/2022\/10\/pressenza_logo_200x200.jpg\",\"contentUrl\":\"https:\/\/www.pressenza.com\/wp-content\/uploads\/2022\/10\/pressenza_logo_200x200.jpg\",\"width\":200,\"height\":200,\"caption\":\"Pressenza\"},\"image\":{\"@id\":\"https:\/\/www.pressenza.com\/es\/#\/schema\/logo\/image\/\"},\"sameAs\":[\"https:\/\/www.facebook.com\/PressenzaItalia\",\"https:\/\/x.com\/PressenzaIPA\"]},{\"@type\":\"Person\",\"@id\":\"https:\/\/www.pressenza.com\/es\/#\/schema\/person\/aa0e2987002c701151834166170547b6\",\"name\":\"Euromundo Global\",\"url\":\"https:\/\/www.pressenza.com\/es\/author\/euromundo-global\/\"}]}<\/script>\n<!-- \/ Yoast SEO plugin. -->","yoast_head_json":{"title":"ETA anuncia el alto el fuego","description":"En un comunicado hecho p\u00fablico, ETA ha anunciado que no llevar\u00e1 a cabo 'acciones armadas ofensivas' y hace un llamamiento a los pol\u00edticos a actuar 'con responsabilidad'. Asegura que hab\u00eda tomado la decisi\u00f3n de no atentar 'hace ya algunos meses'. El comunicado no aclara si esta decisi\u00f3n es temporal, definitiva ni verificable.","robots":{"index":"index","follow":"follow","max-snippet":"max-snippet:-1","max-image-preview":"max-image-preview:large","max-video-preview":"max-video-preview:-1"},"canonical":"https:\/\/www.pressenza.com\/es\/2010\/09\/eta-anuncia-el-alto-el-fuego\/","og_locale":"es_ES","og_type":"article","og_title":"ETA anuncia el alto el fuego","og_description":"En un comunicado hecho p\u00fablico, ETA ha anunciado que no llevar\u00e1 a cabo 'acciones armadas ofensivas' y hace un llamamiento a los pol\u00edticos a actuar 'con responsabilidad'. Asegura que hab\u00eda tomado la decisi\u00f3n de no atentar 'hace ya algunos meses'. El comunicado no aclara si esta decisi\u00f3n es temporal, definitiva ni verificable.","og_url":"https:\/\/www.pressenza.com\/es\/2010\/09\/eta-anuncia-el-alto-el-fuego\/","og_site_name":"Pressenza","article_publisher":"https:\/\/www.facebook.com\/PressenzaItalia","article_published_time":"2010-09-06T00:00:00+00:00","article_modified_time":"2010-09-09T08:33:18+00:00","author":"Euromundo Global","twitter_card":"summary_large_image","twitter_creator":"@PressenzaIPA","twitter_site":"@PressenzaIPA","twitter_misc":{"Escrito por":"Euromundo Global","Tiempo de lectura":"5 minutos"},"schema":{"@context":"https:\/\/schema.org","@graph":[{"@type":"Article","@id":"https:\/\/www.pressenza.com\/es\/2010\/09\/eta-anuncia-el-alto-el-fuego\/#article","isPartOf":{"@id":"https:\/\/www.pressenza.com\/es\/2010\/09\/eta-anuncia-el-alto-el-fuego\/"},"author":{"name":"Euromundo Global","@id":"https:\/\/www.pressenza.com\/es\/#\/schema\/person\/aa0e2987002c701151834166170547b6"},"headline":"ETA anuncia el alto el fuego","datePublished":"2010-09-06T00:00:00+00:00","dateModified":"2010-09-09T08:33:18+00:00","mainEntityOfPage":{"@id":"https:\/\/www.pressenza.com\/es\/2010\/09\/eta-anuncia-el-alto-el-fuego\/"},"wordCount":932,"publisher":{"@id":"https:\/\/www.pressenza.com\/es\/#organization"},"articleSection":["Europa","Internacional","Pol\u00edtica"],"inLanguage":"es"},{"@type":"WebPage","@id":"https:\/\/www.pressenza.com\/es\/2010\/09\/eta-anuncia-el-alto-el-fuego\/","url":"https:\/\/www.pressenza.com\/es\/2010\/09\/eta-anuncia-el-alto-el-fuego\/","name":"ETA anuncia el alto el fuego","isPartOf":{"@id":"https:\/\/www.pressenza.com\/es\/#website"},"datePublished":"2010-09-06T00:00:00+00:00","dateModified":"2010-09-09T08:33:18+00:00","description":"En un comunicado hecho p\u00fablico, ETA ha anunciado que no llevar\u00e1 a cabo 'acciones armadas ofensivas' y hace un llamamiento a los pol\u00edticos a actuar 'con responsabilidad'. Asegura que hab\u00eda tomado la decisi\u00f3n de no atentar 'hace ya algunos meses'. El comunicado no aclara si esta decisi\u00f3n es temporal, definitiva ni verificable.","breadcrumb":{"@id":"https:\/\/www.pressenza.com\/es\/2010\/09\/eta-anuncia-el-alto-el-fuego\/#breadcrumb"},"inLanguage":"es","potentialAction":[{"@type":"ReadAction","target":["https:\/\/www.pressenza.com\/es\/2010\/09\/eta-anuncia-el-alto-el-fuego\/"]}]},{"@type":"BreadcrumbList","@id":"https:\/\/www.pressenza.com\/es\/2010\/09\/eta-anuncia-el-alto-el-fuego\/#breadcrumb","itemListElement":[{"@type":"ListItem","position":1,"name":"Accueil","item":"https:\/\/www.pressenza.com\/es\/"},{"@type":"ListItem","position":2,"name":"ETA anuncia el alto el fuego"}]},{"@type":"WebSite","@id":"https:\/\/www.pressenza.com\/es\/#website","url":"https:\/\/www.pressenza.com\/es\/","name":"Pressenza","description":"International Press Agency","publisher":{"@id":"https:\/\/www.pressenza.com\/es\/#organization"},"potentialAction":[{"@type":"SearchAction","target":{"@type":"EntryPoint","urlTemplate":"https:\/\/www.pressenza.com\/es\/?s={search_term_string}"},"query-input":{"@type":"PropertyValueSpecification","valueRequired":true,"valueName":"search_term_string"}}],"inLanguage":"es"},{"@type":"Organization","@id":"https:\/\/www.pressenza.com\/es\/#organization","name":"Pressenza","url":"https:\/\/www.pressenza.com\/es\/","logo":{"@type":"ImageObject","inLanguage":"es","@id":"https:\/\/www.pressenza.com\/es\/#\/schema\/logo\/image\/","url":"https:\/\/www.pressenza.com\/wp-content\/uploads\/2022\/10\/pressenza_logo_200x200.jpg","contentUrl":"https:\/\/www.pressenza.com\/wp-content\/uploads\/2022\/10\/pressenza_logo_200x200.jpg","width":200,"height":200,"caption":"Pressenza"},"image":{"@id":"https:\/\/www.pressenza.com\/es\/#\/schema\/logo\/image\/"},"sameAs":["https:\/\/www.facebook.com\/PressenzaItalia","https:\/\/x.com\/PressenzaIPA"]},{"@type":"Person","@id":"https:\/\/www.pressenza.com\/es\/#\/schema\/person\/aa0e2987002c701151834166170547b6","name":"Euromundo Global","url":"https:\/\/www.pressenza.com\/es\/author\/euromundo-global\/"}]}},"place":"Madrid","original_article_url":"","_links":{"self":[{"href":"https:\/\/www.pressenza.com\/es\/wp-json\/wp\/v2\/posts\/3919","targetHints":{"allow":["GET"]}}],"collection":[{"href":"https:\/\/www.pressenza.com\/es\/wp-json\/wp\/v2\/posts"}],"about":[{"href":"https:\/\/www.pressenza.com\/es\/wp-json\/wp\/v2\/types\/post"}],"author":[{"embeddable":true,"href":"https:\/\/www.pressenza.com\/es\/wp-json\/wp\/v2\/users\/393"}],"replies":[{"embeddable":true,"href":"https:\/\/www.pressenza.com\/es\/wp-json\/wp\/v2\/comments?post=3919"}],"version-history":[{"count":0,"href":"https:\/\/www.pressenza.com\/es\/wp-json\/wp\/v2\/posts\/3919\/revisions"}],"wp:attachment":[{"href":"https:\/\/www.pressenza.com\/es\/wp-json\/wp\/v2\/media?parent=3919"}],"wp:term":[{"taxonomy":"category","embeddable":true,"href":"https:\/\/www.pressenza.com\/es\/wp-json\/wp\/v2\/categories?post=3919"},{"taxonomy":"post_tag","embeddable":true,"href":"https:\/\/www.pressenza.com\/es\/wp-json\/wp\/v2\/tags?post=3919"}],"curies":[{"name":"wp","href":"https:\/\/api.w.org\/{rel}","templated":true}]}}