{"id":38949,"date":"2013-02-17T23:30:09","date_gmt":"2013-02-17T23:30:09","guid":{"rendered":"http:\/\/www.pressenza.com\/?p=38949"},"modified":"2013-02-18T01:40:15","modified_gmt":"2013-02-18T01:40:15","slug":"elecciones-en-ecuador-una-mirada-latinoamericana","status":"publish","type":"post","link":"https:\/\/www.pressenza.com\/es\/2013\/02\/elecciones-en-ecuador-una-mirada-latinoamericana\/","title":{"rendered":"Elecciones en Ecuador: una mirada latinoamericana"},"content":{"rendered":"<p align=\"JUSTIFY\">Cerca de las 17 horas, horario de cierre de la jornada electoral en Ecuador, la Asociaci\u00f3n Latinoamericana de Educaci\u00f3n Radiof\u00f3nica-ALER- llev\u00f3 adelante una mesa de di\u00e1logo en vivo con con colegas periodistas de Argentina, Ecuador y Venezuela.<\/p>\n<p align=\"JUSTIFY\">Osvaldo Le\u00f3n, de la Agencia Latinoamericana de Informaci\u00f3n-ALAI- hizo notar un hecho sustantivo en Ecuador: a una d\u00e9cada signada por la inestabilidad, en la que el pa\u00eds vivi\u00f3 cinco o seis presidencias, le han seguido seis a\u00f1os de estabilidad presidencial y, como se ha confirmado hace unos minutos, habr\u00e1 cuatro a\u00f1os m\u00e1s con Rafael Correa al frente del Ecuador. La estabilidad institucional ha regresado al pa\u00eds, eso es evidente.<\/p>\n<p align=\"JUSTIFY\">Sin embargo, como tambi\u00e9n lo confirman los porcentajes de votaci\u00f3n a partidos pol\u00edticos establecidos en Ecuador como el PRIAN, el PRE, Sociedad Patri\u00f3tica, la poblaci\u00f3n ya no cree ni conf\u00eda en los partidos. En el juego pol\u00edtico, ese rol partidario lo est\u00e1n asumiendo los grandes grupos de comunicaci\u00f3n. El intento de recomposici\u00f3n del escenario desde los partidos no se ha logrado. Es una crisis que trasciende las fronteras del continente. La sinton\u00eda de los partidos con la gente se ha debilitado. Ello explica el surgimiento de movimientos pol\u00edticos y no partidos. El propio PAIS es un movimiento, no se ha estructurado como partido.<\/p>\n<p align=\"JUSTIFY\">Pepe Frutos, desde el Foro Argentino de Radios Comunitarias-FARCO, coment\u00f3 que desde Argentina, especialmente desde los sectores populares y los medios comunitarios, las elecciones en Ecuador se han seguido con mucho inter\u00e9s pues, desde la perspectiva de estos sectores, el triunfo de Rafael Correa significar\u00e1 la ratificaci\u00f3n del rumbo que se sigue en Am\u00e9rica Latina y Caribe y en el que el presidente Rafael Correa y el proyecto de la Revoluci\u00f3n Ciudadana, han jugado un rol determinante.<\/p>\n<p align=\"JUSTIFY\">Javier Barrios, responsable de prensa de la Red de Radios de Fe y Alegr\u00eda en Venezuela, afirma que desde Venezuela se valora una gran participaci\u00f3n, la gente con mayor conciencia sobre la importancia de su voto y decisiones. Unas elecciones en normalidad y calma. Son elecciones altamente observadas para asegurar su transparencia y es importante que as\u00ed sea, pues durante los \u00faltimos a\u00f1os, cuando se eligelas elecciones en nuestros pa\u00edses generan una atenci\u00f3n muy grande antes era un pa\u00eds , ahora es la regi\u00f3n.<\/p>\n<p align=\"JUSTIFY\">Sin embargo, la necesidad de una oposici\u00f3n seria, propositiva, que debata con seriedad y respeto es importante. No tener oposici\u00f3n es un problema. El fortalecimiento del poder popular es importante pero tambi\u00e9n una buena oposici\u00f3n lo es. Lo que se ve desde Argentina es que est\u00e1n cambiando los intereses que se defienden desde los nuevos proyectos pol\u00edticos que se van construyendo en nuestros pa\u00edses.<\/p>\n<p align=\"JUSTIFY\">Quiz\u00e1s uno de los desaf\u00edos a futuro, si triunfa Correa, es la profundizaci\u00f3n de la participaci\u00f3n ciudadana. As\u00ed lo ha dicho el propio presidente. El desaf\u00edo pasa por entender que profundizar los cambios solo es posible con participaci\u00f3n. Al respecto, hay sectores del gobierno que claramente ven los cuatro pr\u00f3ximos a\u00f1os de Correa y otros que ven un proceso de transformaciones de m\u00e1s largo plazo y eso significa organizaci\u00f3n. Quiz\u00e1s uno de los elementos que definan este nuevo per\u00edodo sea justamente la participaci\u00f3n ciudadana.<\/p>\n<p align=\"JUSTIFY\">Finalmente, se afirma que uno de los \u00e9xitos en la gesti\u00f3n de Correa ha sido la pol\u00edtica internacional y el compromiso y voluntad integracionista. El rol de Ecuador en la conformaci\u00f3n de UNASUR fue determinante. Ecuador continuar\u00e1 concentrando esfuerzos en los procesos regionales. En el caso de UNASUR se ha asumido que para avanzar en este proyecto integracionistas, es necesaria la participaci\u00f3n ciudadana. La cuesti\u00f3n es c\u00f3mo la ciudadan\u00eda se organiza hacia all\u00e1.<\/p>\n","protected":false},"excerpt":{"rendered":"<p>Cerca de las 17 horas, horario de cierre de la jornada electoral en Ecuador, la Asociaci\u00f3n Latinoamericana de Educaci\u00f3n Radiof\u00f3nica-ALER- llev\u00f3 adelante una mesa de di\u00e1logo en vivo con con colegas periodistas de Argentina, Ecuador y Venezuela. Osvaldo Le\u00f3n, de&hellip;<\/p>\n","protected":false},"author":454,"featured_media":39004,"comment_status":"closed","ping_status":"open","sticky":false,"template":"","format":"standard","meta":{"footnotes":""},"categories":[76,161,74,67],"tags":[696,403,1467],"class_list":["post-38949","post","type-post","status-publish","format-standard","has-post-thumbnail","hentry","category-relaciones-exteriores","category-opiniones","category-politica-es","category-sudamerica","tag-democracia","tag-elecciones","tag-participacion-ciudadana"],"yoast_head":"<!-- This site is optimized with the Yoast SEO plugin v27.1.1 - https:\/\/yoast.com\/product\/yoast-seo-wordpress\/ -->\n<title>Elecciones en Ecuador: una mirada latinoamericana<\/title>\n<meta name=\"description\" content=\"Cerca de las 17 horas, horario de cierre de la jornada electoral en Ecuador, la Asociaci\u00f3n Latinoamericana de Educaci\u00f3n Radiof\u00f3nica-ALER- llev\u00f3 adelante\" \/>\n<meta name=\"robots\" content=\"index, follow, max-snippet:-1, max-image-preview:large, max-video-preview:-1\" \/>\n<link rel=\"canonical\" href=\"https:\/\/www.pressenza.com\/es\/2013\/02\/elecciones-en-ecuador-una-mirada-latinoamericana\/\" \/>\n<meta property=\"og:locale\" content=\"es_ES\" \/>\n<meta property=\"og:type\" content=\"article\" \/>\n<meta property=\"og:title\" content=\"Elecciones en Ecuador: una mirada latinoamericana\" \/>\n<meta property=\"og:description\" content=\"Cerca de las 17 horas, horario de cierre de la jornada electoral en Ecuador, la Asociaci\u00f3n Latinoamericana de Educaci\u00f3n Radiof\u00f3nica-ALER- llev\u00f3 adelante\" \/>\n<meta property=\"og:url\" content=\"https:\/\/www.pressenza.com\/es\/2013\/02\/elecciones-en-ecuador-una-mirada-latinoamericana\/\" \/>\n<meta property=\"og:site_name\" content=\"Pressenza\" \/>\n<meta property=\"article:publisher\" content=\"https:\/\/www.facebook.com\/PressenzaItalia\" \/>\n<meta property=\"article:published_time\" content=\"2013-02-17T23:30:09+00:00\" \/>\n<meta property=\"article:modified_time\" content=\"2013-02-18T01:40:15+00:00\" \/>\n<meta property=\"og:image\" content=\"https:\/\/www.pressenza.com\/wp-content\/uploads\/2013\/02\/mu\u00f1ecos.jpeg\" \/>\n\t<meta property=\"og:image:width\" content=\"221\" \/>\n\t<meta property=\"og:image:height\" content=\"166\" \/>\n\t<meta property=\"og:image:type\" content=\"image\/jpeg\" \/>\n<meta name=\"author\" content=\"Nelsy Lizarazo\" \/>\n<meta name=\"twitter:card\" content=\"summary_large_image\" \/>\n<meta name=\"twitter:creator\" content=\"@PressenzaIPA\" \/>\n<meta name=\"twitter:site\" content=\"@PressenzaIPA\" \/>\n<meta name=\"twitter:label1\" content=\"Escrito por\" \/>\n\t<meta name=\"twitter:data1\" content=\"Nelsy Lizarazo\" \/>\n\t<meta name=\"twitter:label2\" content=\"Tiempo de lectura\" \/>\n\t<meta name=\"twitter:data2\" content=\"3 minutos\" \/>\n<script type=\"application\/ld+json\" class=\"yoast-schema-graph\">{\"@context\":\"https:\/\/schema.org\",\"@graph\":[{\"@type\":\"Article\",\"@id\":\"https:\/\/www.pressenza.com\/es\/2013\/02\/elecciones-en-ecuador-una-mirada-latinoamericana\/#article\",\"isPartOf\":{\"@id\":\"https:\/\/www.pressenza.com\/es\/2013\/02\/elecciones-en-ecuador-una-mirada-latinoamericana\/\"},\"author\":{\"name\":\"Nelsy Lizarazo\",\"@id\":\"https:\/\/www.pressenza.com\/es\/#\/schema\/person\/25aa5b5c387ba3badce63b165da09f9c\"},\"headline\":\"Elecciones en Ecuador: una mirada latinoamericana\",\"datePublished\":\"2013-02-17T23:30:09+00:00\",\"dateModified\":\"2013-02-18T01:40:15+00:00\",\"mainEntityOfPage\":{\"@id\":\"https:\/\/www.pressenza.com\/es\/2013\/02\/elecciones-en-ecuador-una-mirada-latinoamericana\/\"},\"wordCount\":657,\"publisher\":{\"@id\":\"https:\/\/www.pressenza.com\/es\/#organization\"},\"image\":{\"@id\":\"https:\/\/www.pressenza.com\/es\/2013\/02\/elecciones-en-ecuador-una-mirada-latinoamericana\/#primaryimage\"},\"thumbnailUrl\":\"https:\/\/www.pressenza.com\/wp-content\/uploads\/2013\/02\/mu\u00f1ecos.jpeg\",\"keywords\":[\"Democracia\",\"elecciones\",\"Participaci\u00f3n ciudadana\"],\"articleSection\":[\"Asuntos internacionales\",\"Opiniones\",\"Pol\u00edtica\",\"Sudam\u00e9rica\"],\"inLanguage\":\"es\"},{\"@type\":\"WebPage\",\"@id\":\"https:\/\/www.pressenza.com\/es\/2013\/02\/elecciones-en-ecuador-una-mirada-latinoamericana\/\",\"url\":\"https:\/\/www.pressenza.com\/es\/2013\/02\/elecciones-en-ecuador-una-mirada-latinoamericana\/\",\"name\":\"Elecciones en Ecuador: una mirada latinoamericana\",\"isPartOf\":{\"@id\":\"https:\/\/www.pressenza.com\/es\/#website\"},\"primaryImageOfPage\":{\"@id\":\"https:\/\/www.pressenza.com\/es\/2013\/02\/elecciones-en-ecuador-una-mirada-latinoamericana\/#primaryimage\"},\"image\":{\"@id\":\"https:\/\/www.pressenza.com\/es\/2013\/02\/elecciones-en-ecuador-una-mirada-latinoamericana\/#primaryimage\"},\"thumbnailUrl\":\"https:\/\/www.pressenza.com\/wp-content\/uploads\/2013\/02\/mu\u00f1ecos.jpeg\",\"datePublished\":\"2013-02-17T23:30:09+00:00\",\"dateModified\":\"2013-02-18T01:40:15+00:00\",\"description\":\"Cerca de las 17 horas, horario de cierre de la jornada electoral en Ecuador, la Asociaci\u00f3n Latinoamericana de Educaci\u00f3n Radiof\u00f3nica-ALER- llev\u00f3 adelante\",\"breadcrumb\":{\"@id\":\"https:\/\/www.pressenza.com\/es\/2013\/02\/elecciones-en-ecuador-una-mirada-latinoamericana\/#breadcrumb\"},\"inLanguage\":\"es\",\"potentialAction\":[{\"@type\":\"ReadAction\",\"target\":[\"https:\/\/www.pressenza.com\/es\/2013\/02\/elecciones-en-ecuador-una-mirada-latinoamericana\/\"]}]},{\"@type\":\"ImageObject\",\"inLanguage\":\"es\",\"@id\":\"https:\/\/www.pressenza.com\/es\/2013\/02\/elecciones-en-ecuador-una-mirada-latinoamericana\/#primaryimage\",\"url\":\"https:\/\/www.pressenza.com\/wp-content\/uploads\/2013\/02\/mu\u00f1ecos.jpeg\",\"contentUrl\":\"https:\/\/www.pressenza.com\/wp-content\/uploads\/2013\/02\/mu\u00f1ecos.jpeg\",\"width\":221,\"height\":166,\"caption\":\"Ecuador\"},{\"@type\":\"BreadcrumbList\",\"@id\":\"https:\/\/www.pressenza.com\/es\/2013\/02\/elecciones-en-ecuador-una-mirada-latinoamericana\/#breadcrumb\",\"itemListElement\":[{\"@type\":\"ListItem\",\"position\":1,\"name\":\"Accueil\",\"item\":\"https:\/\/www.pressenza.com\/es\/\"},{\"@type\":\"ListItem\",\"position\":2,\"name\":\"Elecciones en Ecuador: una mirada latinoamericana\"}]},{\"@type\":\"WebSite\",\"@id\":\"https:\/\/www.pressenza.com\/es\/#website\",\"url\":\"https:\/\/www.pressenza.com\/es\/\",\"name\":\"Pressenza\",\"description\":\"International Press Agency\",\"publisher\":{\"@id\":\"https:\/\/www.pressenza.com\/es\/#organization\"},\"potentialAction\":[{\"@type\":\"SearchAction\",\"target\":{\"@type\":\"EntryPoint\",\"urlTemplate\":\"https:\/\/www.pressenza.com\/es\/?s={search_term_string}\"},\"query-input\":{\"@type\":\"PropertyValueSpecification\",\"valueRequired\":true,\"valueName\":\"search_term_string\"}}],\"inLanguage\":\"es\"},{\"@type\":\"Organization\",\"@id\":\"https:\/\/www.pressenza.com\/es\/#organization\",\"name\":\"Pressenza\",\"url\":\"https:\/\/www.pressenza.com\/es\/\",\"logo\":{\"@type\":\"ImageObject\",\"inLanguage\":\"es\",\"@id\":\"https:\/\/www.pressenza.com\/es\/#\/schema\/logo\/image\/\",\"url\":\"https:\/\/www.pressenza.com\/wp-content\/uploads\/2022\/10\/pressenza_logo_200x200.jpg\",\"contentUrl\":\"https:\/\/www.pressenza.com\/wp-content\/uploads\/2022\/10\/pressenza_logo_200x200.jpg\",\"width\":200,\"height\":200,\"caption\":\"Pressenza\"},\"image\":{\"@id\":\"https:\/\/www.pressenza.com\/es\/#\/schema\/logo\/image\/\"},\"sameAs\":[\"https:\/\/www.facebook.com\/PressenzaItalia\",\"https:\/\/x.com\/PressenzaIPA\"]},{\"@type\":\"Person\",\"@id\":\"https:\/\/www.pressenza.com\/es\/#\/schema\/person\/25aa5b5c387ba3badce63b165da09f9c\",\"name\":\"Nelsy Lizarazo\",\"description\":\"Nelsy Lizarazo, Colombian, living in Quito, Ecuador. Professional background in philosophy, literature, political sciences and international relations.\",\"url\":\"https:\/\/www.pressenza.com\/es\/author\/nelsy-lizarazo\/\"}]}<\/script>\n<!-- \/ Yoast SEO plugin. -->","yoast_head_json":{"title":"Elecciones en Ecuador: una mirada latinoamericana","description":"Cerca de las 17 horas, horario de cierre de la jornada electoral en Ecuador, la Asociaci\u00f3n Latinoamericana de Educaci\u00f3n Radiof\u00f3nica-ALER- llev\u00f3 adelante","robots":{"index":"index","follow":"follow","max-snippet":"max-snippet:-1","max-image-preview":"max-image-preview:large","max-video-preview":"max-video-preview:-1"},"canonical":"https:\/\/www.pressenza.com\/es\/2013\/02\/elecciones-en-ecuador-una-mirada-latinoamericana\/","og_locale":"es_ES","og_type":"article","og_title":"Elecciones en Ecuador: una mirada latinoamericana","og_description":"Cerca de las 17 horas, horario de cierre de la jornada electoral en Ecuador, la Asociaci\u00f3n Latinoamericana de Educaci\u00f3n Radiof\u00f3nica-ALER- llev\u00f3 adelante","og_url":"https:\/\/www.pressenza.com\/es\/2013\/02\/elecciones-en-ecuador-una-mirada-latinoamericana\/","og_site_name":"Pressenza","article_publisher":"https:\/\/www.facebook.com\/PressenzaItalia","article_published_time":"2013-02-17T23:30:09+00:00","article_modified_time":"2013-02-18T01:40:15+00:00","og_image":[{"width":221,"height":166,"url":"https:\/\/www.pressenza.com\/wp-content\/uploads\/2013\/02\/mu\u00f1ecos.jpeg","type":"image\/jpeg"}],"author":"Nelsy Lizarazo","twitter_card":"summary_large_image","twitter_creator":"@PressenzaIPA","twitter_site":"@PressenzaIPA","twitter_misc":{"Escrito por":"Nelsy Lizarazo","Tiempo de lectura":"3 minutos"},"schema":{"@context":"https:\/\/schema.org","@graph":[{"@type":"Article","@id":"https:\/\/www.pressenza.com\/es\/2013\/02\/elecciones-en-ecuador-una-mirada-latinoamericana\/#article","isPartOf":{"@id":"https:\/\/www.pressenza.com\/es\/2013\/02\/elecciones-en-ecuador-una-mirada-latinoamericana\/"},"author":{"name":"Nelsy Lizarazo","@id":"https:\/\/www.pressenza.com\/es\/#\/schema\/person\/25aa5b5c387ba3badce63b165da09f9c"},"headline":"Elecciones en Ecuador: una mirada latinoamericana","datePublished":"2013-02-17T23:30:09+00:00","dateModified":"2013-02-18T01:40:15+00:00","mainEntityOfPage":{"@id":"https:\/\/www.pressenza.com\/es\/2013\/02\/elecciones-en-ecuador-una-mirada-latinoamericana\/"},"wordCount":657,"publisher":{"@id":"https:\/\/www.pressenza.com\/es\/#organization"},"image":{"@id":"https:\/\/www.pressenza.com\/es\/2013\/02\/elecciones-en-ecuador-una-mirada-latinoamericana\/#primaryimage"},"thumbnailUrl":"https:\/\/www.pressenza.com\/wp-content\/uploads\/2013\/02\/mu\u00f1ecos.jpeg","keywords":["Democracia","elecciones","Participaci\u00f3n ciudadana"],"articleSection":["Asuntos internacionales","Opiniones","Pol\u00edtica","Sudam\u00e9rica"],"inLanguage":"es"},{"@type":"WebPage","@id":"https:\/\/www.pressenza.com\/es\/2013\/02\/elecciones-en-ecuador-una-mirada-latinoamericana\/","url":"https:\/\/www.pressenza.com\/es\/2013\/02\/elecciones-en-ecuador-una-mirada-latinoamericana\/","name":"Elecciones en Ecuador: una mirada latinoamericana","isPartOf":{"@id":"https:\/\/www.pressenza.com\/es\/#website"},"primaryImageOfPage":{"@id":"https:\/\/www.pressenza.com\/es\/2013\/02\/elecciones-en-ecuador-una-mirada-latinoamericana\/#primaryimage"},"image":{"@id":"https:\/\/www.pressenza.com\/es\/2013\/02\/elecciones-en-ecuador-una-mirada-latinoamericana\/#primaryimage"},"thumbnailUrl":"https:\/\/www.pressenza.com\/wp-content\/uploads\/2013\/02\/mu\u00f1ecos.jpeg","datePublished":"2013-02-17T23:30:09+00:00","dateModified":"2013-02-18T01:40:15+00:00","description":"Cerca de las 17 horas, horario de cierre de la jornada electoral en Ecuador, la Asociaci\u00f3n Latinoamericana de Educaci\u00f3n Radiof\u00f3nica-ALER- llev\u00f3 adelante","breadcrumb":{"@id":"https:\/\/www.pressenza.com\/es\/2013\/02\/elecciones-en-ecuador-una-mirada-latinoamericana\/#breadcrumb"},"inLanguage":"es","potentialAction":[{"@type":"ReadAction","target":["https:\/\/www.pressenza.com\/es\/2013\/02\/elecciones-en-ecuador-una-mirada-latinoamericana\/"]}]},{"@type":"ImageObject","inLanguage":"es","@id":"https:\/\/www.pressenza.com\/es\/2013\/02\/elecciones-en-ecuador-una-mirada-latinoamericana\/#primaryimage","url":"https:\/\/www.pressenza.com\/wp-content\/uploads\/2013\/02\/mu\u00f1ecos.jpeg","contentUrl":"https:\/\/www.pressenza.com\/wp-content\/uploads\/2013\/02\/mu\u00f1ecos.jpeg","width":221,"height":166,"caption":"Ecuador"},{"@type":"BreadcrumbList","@id":"https:\/\/www.pressenza.com\/es\/2013\/02\/elecciones-en-ecuador-una-mirada-latinoamericana\/#breadcrumb","itemListElement":[{"@type":"ListItem","position":1,"name":"Accueil","item":"https:\/\/www.pressenza.com\/es\/"},{"@type":"ListItem","position":2,"name":"Elecciones en Ecuador: una mirada latinoamericana"}]},{"@type":"WebSite","@id":"https:\/\/www.pressenza.com\/es\/#website","url":"https:\/\/www.pressenza.com\/es\/","name":"Pressenza","description":"International Press Agency","publisher":{"@id":"https:\/\/www.pressenza.com\/es\/#organization"},"potentialAction":[{"@type":"SearchAction","target":{"@type":"EntryPoint","urlTemplate":"https:\/\/www.pressenza.com\/es\/?s={search_term_string}"},"query-input":{"@type":"PropertyValueSpecification","valueRequired":true,"valueName":"search_term_string"}}],"inLanguage":"es"},{"@type":"Organization","@id":"https:\/\/www.pressenza.com\/es\/#organization","name":"Pressenza","url":"https:\/\/www.pressenza.com\/es\/","logo":{"@type":"ImageObject","inLanguage":"es","@id":"https:\/\/www.pressenza.com\/es\/#\/schema\/logo\/image\/","url":"https:\/\/www.pressenza.com\/wp-content\/uploads\/2022\/10\/pressenza_logo_200x200.jpg","contentUrl":"https:\/\/www.pressenza.com\/wp-content\/uploads\/2022\/10\/pressenza_logo_200x200.jpg","width":200,"height":200,"caption":"Pressenza"},"image":{"@id":"https:\/\/www.pressenza.com\/es\/#\/schema\/logo\/image\/"},"sameAs":["https:\/\/www.facebook.com\/PressenzaItalia","https:\/\/x.com\/PressenzaIPA"]},{"@type":"Person","@id":"https:\/\/www.pressenza.com\/es\/#\/schema\/person\/25aa5b5c387ba3badce63b165da09f9c","name":"Nelsy Lizarazo","description":"Nelsy Lizarazo, Colombian, living in Quito, Ecuador. Professional background in philosophy, literature, political sciences and international relations.","url":"https:\/\/www.pressenza.com\/es\/author\/nelsy-lizarazo\/"}]}},"place":"Quito","original_article_url":"","_links":{"self":[{"href":"https:\/\/www.pressenza.com\/es\/wp-json\/wp\/v2\/posts\/38949","targetHints":{"allow":["GET"]}}],"collection":[{"href":"https:\/\/www.pressenza.com\/es\/wp-json\/wp\/v2\/posts"}],"about":[{"href":"https:\/\/www.pressenza.com\/es\/wp-json\/wp\/v2\/types\/post"}],"author":[{"embeddable":true,"href":"https:\/\/www.pressenza.com\/es\/wp-json\/wp\/v2\/users\/454"}],"replies":[{"embeddable":true,"href":"https:\/\/www.pressenza.com\/es\/wp-json\/wp\/v2\/comments?post=38949"}],"version-history":[{"count":0,"href":"https:\/\/www.pressenza.com\/es\/wp-json\/wp\/v2\/posts\/38949\/revisions"}],"wp:featuredmedia":[{"embeddable":true,"href":"https:\/\/www.pressenza.com\/es\/wp-json\/wp\/v2\/media\/39004"}],"wp:attachment":[{"href":"https:\/\/www.pressenza.com\/es\/wp-json\/wp\/v2\/media?parent=38949"}],"wp:term":[{"taxonomy":"category","embeddable":true,"href":"https:\/\/www.pressenza.com\/es\/wp-json\/wp\/v2\/categories?post=38949"},{"taxonomy":"post_tag","embeddable":true,"href":"https:\/\/www.pressenza.com\/es\/wp-json\/wp\/v2\/tags?post=38949"}],"curies":[{"name":"wp","href":"https:\/\/api.w.org\/{rel}","templated":true}]}}