{"id":389201,"date":"2016-10-27T18:21:38","date_gmt":"2016-10-27T17:21:38","guid":{"rendered":"http:\/\/www.pressenza.com\/es\/?p=389201"},"modified":"2016-12-04T12:19:12","modified_gmt":"2016-12-04T12:19:12","slug":"sin-embargo-cuba-se-mueve","status":"publish","type":"post","link":"https:\/\/www.pressenza.com\/es\/2016\/10\/sin-embargo-cuba-se-mueve\/","title":{"rendered":"Sin embargo, Cuba se mueve"},"content":{"rendered":"<p><em>\u201c(\u2026)esta yunta apretada y agobiante que es el peso de la patria\u201d. <\/em><\/p>\n<p><em>Julio Fern\u00e1ndez Estrada<\/em><\/p>\n<p><strong><em>Por Frank Garc\u00eda-Hern\u00e1ndez<\/em><\/strong><\/p>\n<p>Ten\u00eda cuatro a\u00f1os cuando mi abuelo me llevaba a un peque\u00f1o mercado cerca del mar. Al entrar, yo tomaba un carrito met\u00e1lico y me sentaba dentro. \u00c9l tiraba de este mientras pase\u00e1bamos dentro de los pasillos formados por filas de estantes con latas de conservas a cada lado. El ni\u00f1o que yo fui escog\u00eda peras dulces, melocotones en alm\u00edbar, mermelada de fresa. Los tra\u00edan de Albania, la Uni\u00f3n Sovi\u00e9tica o Ruman\u00eda. En los a\u00f1os ochenta Cuba re\u00eda.<\/p>\n<p>Hoy ese local sigue existiendo, pero sin carros peque\u00f1os ni conservas europeas. El imaginario popular no le cambi\u00f3 el nombre, aun y se dividi\u00f3 entre una bodega donde expenden los productos de la libreta de abastecimiento \u2013subvencionados por el Estado a precios \u00ednfimos: un pan cuesta menos de un centavo d\u00f3lar americano- y al lado, la venta de alimentos con normas de libre empresa.<\/p>\n<p>A solo pocas calles, una tienda por departamentos que perteneci\u00f3 en la d\u00e9cada de los cincuenta a la cadena norteamericana <em>Sears <\/em>y que con la llegada del socialismo se le nombr\u00f3 <em>Amistad,<\/em> guarda aun la se\u00f1al\u00e9tica de la \u00e9poca sovi\u00e9tica.<\/p>\n<p>A ella fui una noche de 1991 con mi padrastro y madre. De pronto toda la mercanc\u00eda se esfumaba de los estantes. El esposo de mi madre compr\u00f3 varios abrigos. Se corr\u00eda la voz que al otro d\u00eda los recoger\u00edan todos: los enviar\u00edan a almacenes para distribuirlos entre la poblaci\u00f3n en caso de mayor emergencia.<\/p>\n<p>Se desplomaba la Uni\u00f3n Sovi\u00e9tica, los pa\u00edses socialistas de Europa hab\u00edan cambiado de rumbo su pol\u00edtica y su econom\u00eda: ellos representaban m\u00e1s del ochenta por ciento de nuestra econom\u00eda. Hab\u00eda que resguardar lo muy poco -para ese entonces, casi nada-, que nos quedaba. Para mayor tensi\u00f3n, los norteamericanos invad\u00edan la cercana Panam\u00e1 y sal\u00edan victoriosos.<\/p>\n<p>Esa noche, si los marines yanquis hubiesen desembarcado en el malec\u00f3n habanero, ning\u00fan gobierno nos habr\u00eda enviado ayuda militar y muy pocos nos habr\u00edan defendido. D\u00e9biles como est\u00e1bamos, ten\u00edamos que asumir, solos, una posible invasi\u00f3n de la potencia militar m\u00e1s grande de un mundo reci\u00e9n declarado unipolar.<\/p>\n<p>En mi escuela primaria, cada cierto tiempo, sonaban las alarmas antia\u00e9reas. A modo de ensayo los ni\u00f1os corr\u00edamos agachados por los bordes de los pasillos y nos sumerg\u00edamos en el s\u00f3tano. Era una diversi\u00f3n para nosotros. Una pesadumbre para los adultos.<\/p>\n<p>Los televisores \u2013cuando hab\u00eda fluido el\u00e9ctrico- entre noticias, transmit\u00edan la invasi\u00f3n a Irak. Nunca olvidar\u00e9 cuando supe que un misil aire-tierra hab\u00eda perforado un refugio de civiles. La fortaleza tibia del s\u00f3tano escolar, zona habitual de mis juegos, se desmoron\u00f3 en mi cabeza.<\/p>\n<p>Los cinco primeros a\u00f1os de la pasada d\u00e9cada de los noventa fueron desoladores. Una amiga y vecina ten\u00eda la m\u00e1quina del refrigerador rota. No le preocupaba, no hab\u00eda casi qu\u00e9 guardar. En la gaveta de los vegetales, a falta de mejor pecera, su ni\u00f1a que estudiaba conmigo, criaba peces tropicales.<\/p>\n<p>Algo nos quedaba claro: en el capitalismo nos esperaba algo peor pues no recibir\u00edamos las bondades del modelo sueco y s\u00ed las crisis de los haitianos. Abajo, al sur, Menem nos mostraba qu\u00e9 nos pod\u00eda suceder.<\/p>\n<p>En 1994 estall\u00f3 una crisis migratoria. Las embarcaciones improvisadas que part\u00edan hacia la Florida se hund\u00edan en el mar antes de llegar a costas norteamericanas. El gobierno Clinton acog\u00eda a los afortunados sobrevivientes y los enviaba a la Base Naval de Guant\u00e1namo. Pero el sentido <em>democr\u00e1tico<\/em> del entonces se\u00f1or presidente de los Estados Unidos no alcanz\u00f3 para levantar el bloqueo a Cuba.<\/p>\n<p>Los vecinos del norte nunca toleraron que un d\u00eda de agosto de 1960 los cubanos le nacionaliz\u00e1ramos 26 empresas de su propiedad. La soberbia fue tal que ni aceptaron el monto compensatorio. No aceptaron tampoco que les destruy\u00e9semos en 1961, la invasi\u00f3n que prepararon con el mismo esquema con el cual derrocaron a Jacobo \u00c1rbenz en Guatemala.<\/p>\n<p>Hoy el bloqueo existe por una sola raz\u00f3n: esperan vernos caer. El presidente Obama y quiz\u00e1, Hillary Clinton, por intenciones pragm\u00e1ticas de bolsillo, quieren echarlo abajo, pero mientras lo dicen y lo hacen, esperan que aceptemos todas y cada una de sus condiciones. Sin embargo, Cuba se mueve.<\/p>\n<p>&nbsp;<\/p>\n<p><em>Post scriptum: este texto se termin\u00f3 de redactar a las 6:54 de la noche hora de La Habana, del d\u00eda lunes 25 de octubre del 2016, pero por motivos relacionados con el bloqueo no se podr\u00e1 publicar hasta el d\u00eda de ma\u00f1ana, cuando mi pa\u00eds, Cuba, pida ante la Asamblea General de la ONU, el cese definitivo del cerco econ\u00f3mico y comercial.<\/em><\/p>\n","protected":false},"excerpt":{"rendered":"<p>\u201c(\u2026)esta yunta apretada y agobiante que es el peso de la patria\u201d. Julio Fern\u00e1ndez Estrada Por Frank Garc\u00eda-Hern\u00e1ndez Ten\u00eda cuatro a\u00f1os cuando mi abuelo me llevaba a un peque\u00f1o mercado cerca del mar. Al entrar, yo tomaba un carrito met\u00e1lico&hellip;<\/p>\n","protected":false},"author":1333,"featured_media":389204,"comment_status":"closed","ping_status":"closed","sticky":false,"template":"","format":"standard","meta":{"footnotes":""},"categories":[69,76,11389,1241,81,39,161,74],"tags":[14923,27254,379,7260],"class_list":["post-389201","post","type-post","status-publish","format-standard","has-post-thumbnail","hentry","category-america-central","category-relaciones-exteriores","category-contenido-original","category-diversidad","category-economia-es","category-internacional","category-opiniones","category-politica-es","tag-bloqueo","tag-clinton","tag-cuba-es","tag-guantanamo-es"],"yoast_head":"<!-- This site is optimized with the Yoast SEO plugin v27.1.1 - https:\/\/yoast.com\/product\/yoast-seo-wordpress\/ -->\n<title>Sin embargo, Cuba se mueve<\/title>\n<meta name=\"description\" content=\"\u201c(\u2026)esta yunta apretada y agobiante que es el peso de la patria\u201d. Julio Fern\u00e1ndez Estrada Por Frank Garc\u00eda-Hern\u00e1ndez Ten\u00eda cuatro a\u00f1os cuando mi abuelo me\" \/>\n<meta name=\"robots\" content=\"index, follow, max-snippet:-1, max-image-preview:large, max-video-preview:-1\" \/>\n<link rel=\"canonical\" href=\"https:\/\/www.pressenza.com\/es\/2016\/10\/sin-embargo-cuba-se-mueve\/\" \/>\n<meta property=\"og:locale\" content=\"es_ES\" \/>\n<meta property=\"og:type\" content=\"article\" \/>\n<meta property=\"og:title\" content=\"Sin embargo, Cuba se mueve\" \/>\n<meta property=\"og:description\" content=\"\u201c(\u2026)esta yunta apretada y agobiante que es el peso de la patria\u201d. Julio Fern\u00e1ndez Estrada Por Frank Garc\u00eda-Hern\u00e1ndez Ten\u00eda cuatro a\u00f1os cuando mi abuelo me\" \/>\n<meta property=\"og:url\" content=\"https:\/\/www.pressenza.com\/es\/2016\/10\/sin-embargo-cuba-se-mueve\/\" \/>\n<meta property=\"og:site_name\" content=\"Pressenza\" \/>\n<meta property=\"article:publisher\" content=\"https:\/\/www.facebook.com\/PressenzaItalia\" \/>\n<meta property=\"article:published_time\" content=\"2016-10-27T17:21:38+00:00\" \/>\n<meta property=\"article:modified_time\" content=\"2016-12-04T12:19:12+00:00\" \/>\n<meta property=\"og:image\" content=\"https:\/\/www.pressenza.com\/wp-content\/uploads\/2016\/10\/agencia-pressenza-8.jpg\" \/>\n\t<meta property=\"og:image:width\" content=\"580\" \/>\n\t<meta property=\"og:image:height\" content=\"386\" \/>\n\t<meta property=\"og:image:type\" content=\"image\/jpeg\" \/>\n<meta name=\"author\" content=\"Redacci\u00f3n Cuba\" \/>\n<meta name=\"twitter:card\" content=\"summary_large_image\" \/>\n<meta name=\"twitter:creator\" content=\"@PressenzaIPA\" \/>\n<meta name=\"twitter:site\" content=\"@PressenzaIPA\" \/>\n<meta name=\"twitter:label1\" content=\"Escrito por\" \/>\n\t<meta name=\"twitter:data1\" content=\"Redacci\u00f3n Cuba\" \/>\n\t<meta name=\"twitter:label2\" content=\"Tiempo de lectura\" \/>\n\t<meta name=\"twitter:data2\" content=\"4 minutos\" \/>\n<script type=\"application\/ld+json\" class=\"yoast-schema-graph\">{\"@context\":\"https:\/\/schema.org\",\"@graph\":[{\"@type\":\"Article\",\"@id\":\"https:\/\/www.pressenza.com\/es\/2016\/10\/sin-embargo-cuba-se-mueve\/#article\",\"isPartOf\":{\"@id\":\"https:\/\/www.pressenza.com\/es\/2016\/10\/sin-embargo-cuba-se-mueve\/\"},\"author\":{\"name\":\"Redacci\u00f3n Cuba\",\"@id\":\"https:\/\/www.pressenza.com\/es\/#\/schema\/person\/8ae9fb86616bf7972df5aa651a73f542\"},\"headline\":\"Sin embargo, Cuba se mueve\",\"datePublished\":\"2016-10-27T17:21:38+00:00\",\"dateModified\":\"2016-12-04T12:19:12+00:00\",\"mainEntityOfPage\":{\"@id\":\"https:\/\/www.pressenza.com\/es\/2016\/10\/sin-embargo-cuba-se-mueve\/\"},\"wordCount\":841,\"publisher\":{\"@id\":\"https:\/\/www.pressenza.com\/es\/#organization\"},\"image\":{\"@id\":\"https:\/\/www.pressenza.com\/es\/2016\/10\/sin-embargo-cuba-se-mueve\/#primaryimage\"},\"thumbnailUrl\":\"https:\/\/www.pressenza.com\/wp-content\/uploads\/2016\/10\/agencia-pressenza-8.jpg\",\"keywords\":[\"bloqueo\",\"Clinton\",\"Cuba\",\"Guantanamo\"],\"articleSection\":[\"Am\u00e9rica Central\",\"Asuntos internacionales\",\"Contenido Original\",\"Diversidad\",\"Econom\u00eda\",\"Internacional\",\"Opiniones\",\"Pol\u00edtica\"],\"inLanguage\":\"es\"},{\"@type\":\"WebPage\",\"@id\":\"https:\/\/www.pressenza.com\/es\/2016\/10\/sin-embargo-cuba-se-mueve\/\",\"url\":\"https:\/\/www.pressenza.com\/es\/2016\/10\/sin-embargo-cuba-se-mueve\/\",\"name\":\"Sin embargo, Cuba se mueve\",\"isPartOf\":{\"@id\":\"https:\/\/www.pressenza.com\/es\/#website\"},\"primaryImageOfPage\":{\"@id\":\"https:\/\/www.pressenza.com\/es\/2016\/10\/sin-embargo-cuba-se-mueve\/#primaryimage\"},\"image\":{\"@id\":\"https:\/\/www.pressenza.com\/es\/2016\/10\/sin-embargo-cuba-se-mueve\/#primaryimage\"},\"thumbnailUrl\":\"https:\/\/www.pressenza.com\/wp-content\/uploads\/2016\/10\/agencia-pressenza-8.jpg\",\"datePublished\":\"2016-10-27T17:21:38+00:00\",\"dateModified\":\"2016-12-04T12:19:12+00:00\",\"description\":\"\u201c(\u2026)esta yunta apretada y agobiante que es el peso de la patria\u201d. Julio Fern\u00e1ndez Estrada Por Frank Garc\u00eda-Hern\u00e1ndez Ten\u00eda cuatro a\u00f1os cuando mi abuelo me\",\"breadcrumb\":{\"@id\":\"https:\/\/www.pressenza.com\/es\/2016\/10\/sin-embargo-cuba-se-mueve\/#breadcrumb\"},\"inLanguage\":\"es\",\"potentialAction\":[{\"@type\":\"ReadAction\",\"target\":[\"https:\/\/www.pressenza.com\/es\/2016\/10\/sin-embargo-cuba-se-mueve\/\"]}]},{\"@type\":\"ImageObject\",\"inLanguage\":\"es\",\"@id\":\"https:\/\/www.pressenza.com\/es\/2016\/10\/sin-embargo-cuba-se-mueve\/#primaryimage\",\"url\":\"https:\/\/www.pressenza.com\/wp-content\/uploads\/2016\/10\/agencia-pressenza-8.jpg\",\"contentUrl\":\"https:\/\/www.pressenza.com\/wp-content\/uploads\/2016\/10\/agencia-pressenza-8.jpg\",\"width\":580,\"height\":386},{\"@type\":\"BreadcrumbList\",\"@id\":\"https:\/\/www.pressenza.com\/es\/2016\/10\/sin-embargo-cuba-se-mueve\/#breadcrumb\",\"itemListElement\":[{\"@type\":\"ListItem\",\"position\":1,\"name\":\"Accueil\",\"item\":\"https:\/\/www.pressenza.com\/es\/\"},{\"@type\":\"ListItem\",\"position\":2,\"name\":\"Sin embargo, Cuba se mueve\"}]},{\"@type\":\"WebSite\",\"@id\":\"https:\/\/www.pressenza.com\/es\/#website\",\"url\":\"https:\/\/www.pressenza.com\/es\/\",\"name\":\"Pressenza\",\"description\":\"International Press Agency\",\"publisher\":{\"@id\":\"https:\/\/www.pressenza.com\/es\/#organization\"},\"potentialAction\":[{\"@type\":\"SearchAction\",\"target\":{\"@type\":\"EntryPoint\",\"urlTemplate\":\"https:\/\/www.pressenza.com\/es\/?s={search_term_string}\"},\"query-input\":{\"@type\":\"PropertyValueSpecification\",\"valueRequired\":true,\"valueName\":\"search_term_string\"}}],\"inLanguage\":\"es\"},{\"@type\":\"Organization\",\"@id\":\"https:\/\/www.pressenza.com\/es\/#organization\",\"name\":\"Pressenza\",\"url\":\"https:\/\/www.pressenza.com\/es\/\",\"logo\":{\"@type\":\"ImageObject\",\"inLanguage\":\"es\",\"@id\":\"https:\/\/www.pressenza.com\/es\/#\/schema\/logo\/image\/\",\"url\":\"https:\/\/www.pressenza.com\/wp-content\/uploads\/2022\/10\/pressenza_logo_200x200.jpg\",\"contentUrl\":\"https:\/\/www.pressenza.com\/wp-content\/uploads\/2022\/10\/pressenza_logo_200x200.jpg\",\"width\":200,\"height\":200,\"caption\":\"Pressenza\"},\"image\":{\"@id\":\"https:\/\/www.pressenza.com\/es\/#\/schema\/logo\/image\/\"},\"sameAs\":[\"https:\/\/www.facebook.com\/PressenzaItalia\",\"https:\/\/x.com\/PressenzaIPA\"]},{\"@type\":\"Person\",\"@id\":\"https:\/\/www.pressenza.com\/es\/#\/schema\/person\/8ae9fb86616bf7972df5aa651a73f542\",\"name\":\"Redacci\u00f3n Cuba\",\"description\":\"News published by the Pressenza bureau in Cuba\",\"url\":\"https:\/\/www.pressenza.com\/es\/author\/redaccion-cuba\/\"}]}<\/script>\n<!-- \/ Yoast SEO plugin. -->","yoast_head_json":{"title":"Sin embargo, Cuba se mueve","description":"\u201c(\u2026)esta yunta apretada y agobiante que es el peso de la patria\u201d. Julio Fern\u00e1ndez Estrada Por Frank Garc\u00eda-Hern\u00e1ndez Ten\u00eda cuatro a\u00f1os cuando mi abuelo me","robots":{"index":"index","follow":"follow","max-snippet":"max-snippet:-1","max-image-preview":"max-image-preview:large","max-video-preview":"max-video-preview:-1"},"canonical":"https:\/\/www.pressenza.com\/es\/2016\/10\/sin-embargo-cuba-se-mueve\/","og_locale":"es_ES","og_type":"article","og_title":"Sin embargo, Cuba se mueve","og_description":"\u201c(\u2026)esta yunta apretada y agobiante que es el peso de la patria\u201d. Julio Fern\u00e1ndez Estrada Por Frank Garc\u00eda-Hern\u00e1ndez Ten\u00eda cuatro a\u00f1os cuando mi abuelo me","og_url":"https:\/\/www.pressenza.com\/es\/2016\/10\/sin-embargo-cuba-se-mueve\/","og_site_name":"Pressenza","article_publisher":"https:\/\/www.facebook.com\/PressenzaItalia","article_published_time":"2016-10-27T17:21:38+00:00","article_modified_time":"2016-12-04T12:19:12+00:00","og_image":[{"width":580,"height":386,"url":"https:\/\/www.pressenza.com\/wp-content\/uploads\/2016\/10\/agencia-pressenza-8.jpg","type":"image\/jpeg"}],"author":"Redacci\u00f3n Cuba","twitter_card":"summary_large_image","twitter_creator":"@PressenzaIPA","twitter_site":"@PressenzaIPA","twitter_misc":{"Escrito por":"Redacci\u00f3n Cuba","Tiempo de lectura":"4 minutos"},"schema":{"@context":"https:\/\/schema.org","@graph":[{"@type":"Article","@id":"https:\/\/www.pressenza.com\/es\/2016\/10\/sin-embargo-cuba-se-mueve\/#article","isPartOf":{"@id":"https:\/\/www.pressenza.com\/es\/2016\/10\/sin-embargo-cuba-se-mueve\/"},"author":{"name":"Redacci\u00f3n Cuba","@id":"https:\/\/www.pressenza.com\/es\/#\/schema\/person\/8ae9fb86616bf7972df5aa651a73f542"},"headline":"Sin embargo, Cuba se mueve","datePublished":"2016-10-27T17:21:38+00:00","dateModified":"2016-12-04T12:19:12+00:00","mainEntityOfPage":{"@id":"https:\/\/www.pressenza.com\/es\/2016\/10\/sin-embargo-cuba-se-mueve\/"},"wordCount":841,"publisher":{"@id":"https:\/\/www.pressenza.com\/es\/#organization"},"image":{"@id":"https:\/\/www.pressenza.com\/es\/2016\/10\/sin-embargo-cuba-se-mueve\/#primaryimage"},"thumbnailUrl":"https:\/\/www.pressenza.com\/wp-content\/uploads\/2016\/10\/agencia-pressenza-8.jpg","keywords":["bloqueo","Clinton","Cuba","Guantanamo"],"articleSection":["Am\u00e9rica Central","Asuntos internacionales","Contenido Original","Diversidad","Econom\u00eda","Internacional","Opiniones","Pol\u00edtica"],"inLanguage":"es"},{"@type":"WebPage","@id":"https:\/\/www.pressenza.com\/es\/2016\/10\/sin-embargo-cuba-se-mueve\/","url":"https:\/\/www.pressenza.com\/es\/2016\/10\/sin-embargo-cuba-se-mueve\/","name":"Sin embargo, Cuba se mueve","isPartOf":{"@id":"https:\/\/www.pressenza.com\/es\/#website"},"primaryImageOfPage":{"@id":"https:\/\/www.pressenza.com\/es\/2016\/10\/sin-embargo-cuba-se-mueve\/#primaryimage"},"image":{"@id":"https:\/\/www.pressenza.com\/es\/2016\/10\/sin-embargo-cuba-se-mueve\/#primaryimage"},"thumbnailUrl":"https:\/\/www.pressenza.com\/wp-content\/uploads\/2016\/10\/agencia-pressenza-8.jpg","datePublished":"2016-10-27T17:21:38+00:00","dateModified":"2016-12-04T12:19:12+00:00","description":"\u201c(\u2026)esta yunta apretada y agobiante que es el peso de la patria\u201d. Julio Fern\u00e1ndez Estrada Por Frank Garc\u00eda-Hern\u00e1ndez Ten\u00eda cuatro a\u00f1os cuando mi abuelo me","breadcrumb":{"@id":"https:\/\/www.pressenza.com\/es\/2016\/10\/sin-embargo-cuba-se-mueve\/#breadcrumb"},"inLanguage":"es","potentialAction":[{"@type":"ReadAction","target":["https:\/\/www.pressenza.com\/es\/2016\/10\/sin-embargo-cuba-se-mueve\/"]}]},{"@type":"ImageObject","inLanguage":"es","@id":"https:\/\/www.pressenza.com\/es\/2016\/10\/sin-embargo-cuba-se-mueve\/#primaryimage","url":"https:\/\/www.pressenza.com\/wp-content\/uploads\/2016\/10\/agencia-pressenza-8.jpg","contentUrl":"https:\/\/www.pressenza.com\/wp-content\/uploads\/2016\/10\/agencia-pressenza-8.jpg","width":580,"height":386},{"@type":"BreadcrumbList","@id":"https:\/\/www.pressenza.com\/es\/2016\/10\/sin-embargo-cuba-se-mueve\/#breadcrumb","itemListElement":[{"@type":"ListItem","position":1,"name":"Accueil","item":"https:\/\/www.pressenza.com\/es\/"},{"@type":"ListItem","position":2,"name":"Sin embargo, Cuba se mueve"}]},{"@type":"WebSite","@id":"https:\/\/www.pressenza.com\/es\/#website","url":"https:\/\/www.pressenza.com\/es\/","name":"Pressenza","description":"International Press Agency","publisher":{"@id":"https:\/\/www.pressenza.com\/es\/#organization"},"potentialAction":[{"@type":"SearchAction","target":{"@type":"EntryPoint","urlTemplate":"https:\/\/www.pressenza.com\/es\/?s={search_term_string}"},"query-input":{"@type":"PropertyValueSpecification","valueRequired":true,"valueName":"search_term_string"}}],"inLanguage":"es"},{"@type":"Organization","@id":"https:\/\/www.pressenza.com\/es\/#organization","name":"Pressenza","url":"https:\/\/www.pressenza.com\/es\/","logo":{"@type":"ImageObject","inLanguage":"es","@id":"https:\/\/www.pressenza.com\/es\/#\/schema\/logo\/image\/","url":"https:\/\/www.pressenza.com\/wp-content\/uploads\/2022\/10\/pressenza_logo_200x200.jpg","contentUrl":"https:\/\/www.pressenza.com\/wp-content\/uploads\/2022\/10\/pressenza_logo_200x200.jpg","width":200,"height":200,"caption":"Pressenza"},"image":{"@id":"https:\/\/www.pressenza.com\/es\/#\/schema\/logo\/image\/"},"sameAs":["https:\/\/www.facebook.com\/PressenzaItalia","https:\/\/x.com\/PressenzaIPA"]},{"@type":"Person","@id":"https:\/\/www.pressenza.com\/es\/#\/schema\/person\/8ae9fb86616bf7972df5aa651a73f542","name":"Redacci\u00f3n Cuba","description":"News published by the Pressenza bureau in Cuba","url":"https:\/\/www.pressenza.com\/es\/author\/redaccion-cuba\/"}]}},"place":"La Habana, Cuba -  Frank Garcia","original_article_url":"","_links":{"self":[{"href":"https:\/\/www.pressenza.com\/es\/wp-json\/wp\/v2\/posts\/389201","targetHints":{"allow":["GET"]}}],"collection":[{"href":"https:\/\/www.pressenza.com\/es\/wp-json\/wp\/v2\/posts"}],"about":[{"href":"https:\/\/www.pressenza.com\/es\/wp-json\/wp\/v2\/types\/post"}],"author":[{"embeddable":true,"href":"https:\/\/www.pressenza.com\/es\/wp-json\/wp\/v2\/users\/1333"}],"replies":[{"embeddable":true,"href":"https:\/\/www.pressenza.com\/es\/wp-json\/wp\/v2\/comments?post=389201"}],"version-history":[{"count":0,"href":"https:\/\/www.pressenza.com\/es\/wp-json\/wp\/v2\/posts\/389201\/revisions"}],"wp:featuredmedia":[{"embeddable":true,"href":"https:\/\/www.pressenza.com\/es\/wp-json\/wp\/v2\/media\/389204"}],"wp:attachment":[{"href":"https:\/\/www.pressenza.com\/es\/wp-json\/wp\/v2\/media?parent=389201"}],"wp:term":[{"taxonomy":"category","embeddable":true,"href":"https:\/\/www.pressenza.com\/es\/wp-json\/wp\/v2\/categories?post=389201"},{"taxonomy":"post_tag","embeddable":true,"href":"https:\/\/www.pressenza.com\/es\/wp-json\/wp\/v2\/tags?post=389201"}],"curies":[{"name":"wp","href":"https:\/\/api.w.org\/{rel}","templated":true}]}}